{"id":168130,"date":"2018-09-04T18:55:22","date_gmt":"2018-09-04T23:55:22","guid":{"rendered":"https:\/\/www.fiscalia.gov.co\/colombia\/?p=168130"},"modified":"2018-09-04T18:55:22","modified_gmt":"2018-09-04T23:55:22","slug":"descubiertas-irregularidades-en-convenio-de-servicio-de-internet-que-beneficiaria-a-149-colegios-oficiales-en-villavicencio","status":"publish","type":"post","link":"https:\/\/www.fiscalia.gov.co\/colombia\/seccionales\/seccional-villavicencio\/descubiertas-irregularidades-en-convenio-de-servicio-de-internet-que-beneficiaria-a-149-colegios-oficiales-en-villavicencio\/","title":{"rendered":"Descubiertas irregularidades en convenio de servicio de internet que beneficiar\u00eda a 149 colegios oficiales en Villavicencio"},"content":{"rendered":"<p><em><u>Cuatro personas fueron capturadas y se evidenci\u00f3 un posible detrimento de m\u00e1s de $1.200\u2019.000.000.<\/u><\/em><\/p>\n<p>En desarrollo del Plan Bolsillos de Cristal para combatir la corrupci\u00f3n, la Fiscal\u00eda General de la Naci\u00f3n puso al descubierto un nuevo caso de malversaci\u00f3n de recursos que afecta al sector educativo en Villavicencio (Meta), esta vez con la prestaci\u00f3n del servicio de internet que supuestamente beneficiar\u00eda a instituciones educativas del municipio.<\/p>\n<p>Mediante labores investigativas coordinadas por un fiscal de la Direcci\u00f3n Especializada contra la Corrupci\u00f3n, se evidenciaron posibles irregularidades en la celebraci\u00f3n del convenio interadministrativo 0787 del 11 de julio de 2016, entre la Secretar\u00eda de Educaci\u00f3n de Villavicencio y Asomaroquia (Asociaci\u00f3n Regional de Municipios de Amazon\u00eda y de la Orinoqu\u00eda), por un valor de $1.933\u2019180.217 (mil novecientos treinta y tres millones ciento ochenta mil doscientos diecisiete pesos), de los cuales el municipio aportaba 1.671.299.684 y la asociaci\u00f3n $261\u2019880.533.<\/p>\n<p>El objeto del convenio era precisamente la prestaci\u00f3n del servicio de conectividad a 149 colegios oficiales de la capital de Meta, sin embargo, se conoci\u00f3 que se habr\u00edan generado presuntos sobrecostos, adem\u00e1s de una aparente violaci\u00f3n de los principios de contrataci\u00f3n estatal, entre ellos los de planeaci\u00f3n, transparencia, responsabilidad y objetividad.<\/p>\n<p>La Fiscal\u00eda determin\u00f3 que supuestamente se direccion\u00f3 el contrato para favorecer a Asomaroquia, aun cuando esta empresa no era id\u00f3nea para la ejecuci\u00f3n del mismo. Los investigadores establecieron que para conseguir el prop\u00f3sito, al parecer se falsificaron documentos que acreditaban la experiencia de la compa\u00f1\u00eda, as\u00ed como los estudios previos.<\/p>\n<p>Por otra parte, se detect\u00f3 que tambi\u00e9n se adulteraron firmas de personas con las cuales supuestamente subcontrataron servicios, y los dineros destinados para ello presuntamente terminaron en manos de los investigados, producto de esos falsos contratos.<\/p>\n<p>Con base en estas inconsistencias halladas, el ente acusador estableci\u00f3 la celebraci\u00f3n del contrato sin el cumplimiento de requisitos legales, que ocasion\u00f3 un posible detrimento de $1.266\u2019560.000 (mil doscientos sesenta y seis millones quinientos sesenta mil pesos).<\/p>\n<p><strong><u>Las capturas<\/u><\/strong><\/p>\n<p>En diligencias judiciales realizadas este 4 de septiembre, el CTI de la Fiscal\u00eda captur\u00f3 en Bogot\u00e1 y Villavicencio a cuatro funcionarios que al parecer est\u00e1n implicados en el fraude.<\/p>\n<ol>\n<li><strong>Elmer Gonz\u00e1lez Gonz\u00e1lez<\/strong>, representante legal de Asomaroquia (Capturado en Villavicencio).<\/li>\n<li><strong>N\u00e9stor Humberto Romero Garc\u00eda<\/strong>, gerente para el Desarrollo de las TIC, adscrito a Asomaroquia (Capturado en Bogot\u00e1).<\/li>\n<li><strong>Hugo Leonardo Ort\u00edz C\u00e1rdenas<\/strong>, ingeniero supervisor por parte de la Secretar\u00eda de Educaci\u00f3n de Villavicencio y quien adem\u00e1s proyect\u00f3 los estudios previos (Capturado en Villavicencio).<\/li>\n<li><strong>Jackelin Casallas Bautista,<\/strong> supervisora de Asomaroquia (Capturada en Bogot\u00e1).<\/li>\n<\/ol>\n<p>Ante un juez de control de garant\u00edas de Villavicencio, la Fiscal\u00eda les imputar\u00e1 cargos a los detenidos \u2014en calidad de coautores\u2014 como presuntos responsables de los delitos de:<\/p>\n<ul>\n<li>Contrato sin cumplimiento de requisitos legales<\/li>\n<li>Peculado por apropiaci\u00f3n<\/li>\n<li>Falsedad ideol\u00f3gica en documento p\u00fablico<\/li>\n<li>Falsedad en documento privado<\/li>\n<\/ul>\n<p>Otras tres personas son investigadas por estos hechos, entre ellas, dos exfuncionarios de la Administraci\u00f3n Municipal.<\/p>\n<p>La Fiscal\u00eda hace p\u00fablica esta informaci\u00f3n por razones de inter\u00e9s general.<\/p>\n<p>&nbsp;<\/p>\n<p>DLBM<\/p>\n\n<div class=\"twitter-share\"><a href=\"https:\/\/twitter.com\/intent\/tweet?via=fiscaliacol\" class=\"twitter-share-button\">Tweet<\/a><\/div>\n","protected":false},"excerpt":{"rendered":"<p>Cuatro personas fueron capturadas y se evidenci\u00f3 un posible detrimento de m\u00e1s de $1.200\u2019.000.000. En desarrollo del Plan Bolsillos de Cristal para combatir la corrupci\u00f3n, la Fiscal\u00eda General de la Naci\u00f3n puso al descubierto un nuevo caso de malversaci\u00f3n de recursos que afecta al sector educativo en Villavicencio (Meta), esta vez con la prestaci\u00f3n del [&hellip;]<\/p>\n","protected":false},"author":162,"featured_media":0,"comment_status":"closed","ping_status":"open","sticky":false,"template":"","format":"standard","meta":{"_price":"","_stock":"","_tribe_ticket_header":"","_tribe_default_ticket_provider":"","_tribe_ticket_capacity":"0","_ticket_start_date":"","_ticket_end_date":"","_tribe_ticket_show_description":"","_tribe_ticket_show_not_going":false,"_tribe_ticket_use_global_stock":"","_tribe_ticket_global_stock_level":"","_global_stock_mode":"","_global_stock_cap":"","_tribe_rsvp_for_event":"","_tribe_ticket_going_count":"","_tribe_ticket_not_going_count":"","_tribe_tickets_list":"[]","_tribe_ticket_has_attendee_info_fields":false,"tdm_status":"","tdm_grid_status":"","footnotes":""},"categories":[24107,688],"tags":[],"class_list":{"0":"post-168130","1":"post","2":"type-post","3":"status-publish","4":"format-standard","6":"category-lucha-contra-corrupcion","7":"category-seccional-villavicencio"},"yoast_head":"<!-- This site is optimized with the Yoast SEO plugin v24.3 - https:\/\/yoast.com\/wordpress\/plugins\/seo\/ -->\n<title>Fiscal\u00eda General de la Naci\u00f3n<\/title>\n<meta name=\"description\" content=\"P\u00e1gina oficial de la Fiscal\u00eda General de la Naci\u00f3n \u2013 Colombia. Garantizamos el acceso efectivo a la justicia, la verdad y la reparaci\u00f3n de las v\u00edctimas de los delitos.\" \/>\n<meta name=\"robots\" content=\"noindex, follow\" \/>\n<meta property=\"og:locale\" content=\"es_ES\" \/>\n<meta property=\"og:type\" content=\"article\" \/>\n<meta property=\"og:title\" content=\"Fiscal\u00eda General de la Naci\u00f3n\" \/>\n<meta property=\"og:description\" content=\"P\u00e1gina oficial de la Fiscal\u00eda General de la Naci\u00f3n \u2013 Colombia. Garantizamos el acceso efectivo a la justicia, la verdad y la reparaci\u00f3n de las v\u00edctimas de los delitos.\" \/>\n<meta property=\"og:url\" content=\"https:\/\/www.fiscalia.gov.co\/colombia\/seccionales\/seccional-villavicencio\/descubiertas-irregularidades-en-convenio-de-servicio-de-internet-que-beneficiaria-a-149-colegios-oficiales-en-villavicencio\/\" \/>\n<meta property=\"og:site_name\" content=\"Fiscal\u00eda General de la Naci\u00f3n\" \/>\n<meta property=\"article:publisher\" content=\"https:\/\/www.facebook.com\/FiscaliaCol\" \/>\n<meta property=\"article:published_time\" content=\"2018-09-04T23:55:22+00:00\" \/>\n<meta name=\"author\" content=\"Direcci\u00f3n de Comunicaciones Fiscal\u00eda General de la Naci\u00f3n\" \/>\n<meta name=\"twitter:card\" content=\"summary_large_image\" \/>\n<meta name=\"twitter:creator\" content=\"@FiscaliaCol\" \/>\n<meta name=\"twitter:site\" content=\"@FiscaliaCol\" \/>\n<meta name=\"twitter:label1\" content=\"Escrito por\" \/>\n\t<meta name=\"twitter:data1\" content=\"Direcci\u00f3n de Comunicaciones Fiscal\u00eda General de la Naci\u00f3n\" \/>\n\t<meta name=\"twitter:label2\" content=\"Tiempo de lectura\" \/>\n\t<meta name=\"twitter:data2\" content=\"3 minutos\" \/>\n<script type=\"application\/ld+json\" class=\"yoast-schema-graph\">{\"@context\":\"https:\/\/schema.org\",\"@graph\":[{\"@type\":\"Article\",\"@id\":\"https:\/\/www.fiscalia.gov.co\/colombia\/seccionales\/seccional-villavicencio\/descubiertas-irregularidades-en-convenio-de-servicio-de-internet-que-beneficiaria-a-149-colegios-oficiales-en-villavicencio\/#article\",\"isPartOf\":{\"@id\":\"https:\/\/www.fiscalia.gov.co\/colombia\/seccionales\/seccional-villavicencio\/descubiertas-irregularidades-en-convenio-de-servicio-de-internet-que-beneficiaria-a-149-colegios-oficiales-en-villavicencio\/\"},\"author\":{\"name\":\"Direcci\u00f3n de Comunicaciones Fiscal\u00eda General de la Naci\u00f3n\",\"@id\":\"https:\/\/www.fiscalia.gov.co\/colombia\/#\/schema\/person\/bf28d8ae7f1b287bbe3af484b04f43ea\"},\"headline\":\"Descubiertas irregularidades en convenio de servicio de internet que beneficiar\u00eda a 149 colegios oficiales en Villavicencio\",\"datePublished\":\"2018-09-04T23:55:22+00:00\",\"dateModified\":\"2018-09-04T23:55:22+00:00\",\"mainEntityOfPage\":{\"@id\":\"https:\/\/www.fiscalia.gov.co\/colombia\/seccionales\/seccional-villavicencio\/descubiertas-irregularidades-en-convenio-de-servicio-de-internet-que-beneficiaria-a-149-colegios-oficiales-en-villavicencio\/\"},\"wordCount\":541,\"publisher\":{\"@id\":\"https:\/\/www.fiscalia.gov.co\/colombia\/#organization\"},\"articleSection\":[\"Corrupci\u00f3n\",\"Seccional Villavicencio\"],\"inLanguage\":\"es-CO\"},{\"@type\":\"WebPage\",\"@id\":\"https:\/\/www.fiscalia.gov.co\/colombia\/seccionales\/seccional-villavicencio\/descubiertas-irregularidades-en-convenio-de-servicio-de-internet-que-beneficiaria-a-149-colegios-oficiales-en-villavicencio\/\",\"url\":\"https:\/\/www.fiscalia.gov.co\/colombia\/seccionales\/seccional-villavicencio\/descubiertas-irregularidades-en-convenio-de-servicio-de-internet-que-beneficiaria-a-149-colegios-oficiales-en-villavicencio\/\",\"name\":\"Fiscal\u00eda General de la Naci\u00f3n\",\"isPartOf\":{\"@id\":\"https:\/\/www.fiscalia.gov.co\/colombia\/#website\"},\"datePublished\":\"2018-09-04T23:55:22+00:00\",\"dateModified\":\"2018-09-04T23:55:22+00:00\",\"description\":\"P\u00e1gina oficial de la Fiscal\u00eda General de la Naci\u00f3n \u2013 Colombia. Garantizamos el acceso efectivo a la justicia, la verdad y la reparaci\u00f3n de las v\u00edctimas de los delitos.\",\"breadcrumb\":{\"@id\":\"https:\/\/www.fiscalia.gov.co\/colombia\/seccionales\/seccional-villavicencio\/descubiertas-irregularidades-en-convenio-de-servicio-de-internet-que-beneficiaria-a-149-colegios-oficiales-en-villavicencio\/#breadcrumb\"},\"inLanguage\":\"es-CO\",\"potentialAction\":[{\"@type\":\"ReadAction\",\"target\":[\"https:\/\/www.fiscalia.gov.co\/colombia\/seccionales\/seccional-villavicencio\/descubiertas-irregularidades-en-convenio-de-servicio-de-internet-que-beneficiaria-a-149-colegios-oficiales-en-villavicencio\/\"]}]},{\"@type\":\"BreadcrumbList\",\"@id\":\"https:\/\/www.fiscalia.gov.co\/colombia\/seccionales\/seccional-villavicencio\/descubiertas-irregularidades-en-convenio-de-servicio-de-internet-que-beneficiaria-a-149-colegios-oficiales-en-villavicencio\/#breadcrumb\",\"itemListElement\":[{\"@type\":\"ListItem\",\"position\":1,\"name\":\"Home\",\"item\":\"https:\/\/www.fiscalia.gov.co\/colombia\/\"},{\"@type\":\"ListItem\",\"position\":2,\"name\":\"Descubiertas irregularidades en convenio de servicio de internet que beneficiar\u00eda a 149 colegios oficiales en Villavicencio\"}]},{\"@type\":\"WebSite\",\"@id\":\"https:\/\/www.fiscalia.gov.co\/colombia\/#website\",\"url\":\"https:\/\/www.fiscalia.gov.co\/colombia\/\",\"name\":\"Fiscal\u00eda General de la Naci\u00f3n\",\"description\":\"P\u00e1gina oficial de la Fiscal\u00eda General de la Naci\u00f3n \u2013 Colombia. Garantizamos el acceso efectivo a la justicia, la verdad y la reparaci\u00f3n de las v\u00edctimas de los delitos.\",\"publisher\":{\"@id\":\"https:\/\/www.fiscalia.gov.co\/colombia\/#organization\"},\"potentialAction\":[{\"@type\":\"SearchAction\",\"target\":{\"@type\":\"EntryPoint\",\"urlTemplate\":\"https:\/\/www.fiscalia.gov.co\/colombia\/?s={search_term_string}\"},\"query-input\":{\"@type\":\"PropertyValueSpecification\",\"valueRequired\":true,\"valueName\":\"search_term_string\"}}],\"inLanguage\":\"es-CO\"},{\"@type\":\"Organization\",\"@id\":\"https:\/\/www.fiscalia.gov.co\/colombia\/#organization\",\"name\":\"Fiscal\u00eda General de la Naci\u00f3n\",\"url\":\"https:\/\/www.fiscalia.gov.co\/colombia\/\",\"logo\":{\"@type\":\"ImageObject\",\"inLanguage\":\"es-CO\",\"@id\":\"https:\/\/www.fiscalia.gov.co\/colombia\/#\/schema\/logo\/image\/\",\"url\":\"https:\/\/www.fiscalia.gov.co\/colombia\/wp-content\/uploads\/LogoHorizontal_1.jpg\",\"contentUrl\":\"https:\/\/www.fiscalia.gov.co\/colombia\/wp-content\/uploads\/LogoHorizontal_1.jpg\",\"width\":300,\"height\":90,\"caption\":\"Fiscal\u00eda General de la Naci\u00f3n\"},\"image\":{\"@id\":\"https:\/\/www.fiscalia.gov.co\/colombia\/#\/schema\/logo\/image\/\"},\"sameAs\":[\"https:\/\/www.facebook.com\/FiscaliaCol\",\"https:\/\/x.com\/FiscaliaCol\",\"https:\/\/www.instagram.com\/fiscaliacol\",\"https:\/\/www.linkedin.com\/company\/fiscalia-general-de-la-naci-n\/\",\"https:\/\/youtube.com\/@fiscaliageneraldelanacion-4668?si=6nN79nyQICPU5iTh\"]},{\"@type\":\"Person\",\"@id\":\"https:\/\/www.fiscalia.gov.co\/colombia\/#\/schema\/person\/bf28d8ae7f1b287bbe3af484b04f43ea\",\"name\":\"Direcci\u00f3n de Comunicaciones Fiscal\u00eda General de la Naci\u00f3n\",\"image\":{\"@type\":\"ImageObject\",\"inLanguage\":\"es-CO\",\"@id\":\"https:\/\/www.fiscalia.gov.co\/colombia\/#\/schema\/person\/image\/\",\"url\":\"https:\/\/secure.gravatar.com\/avatar\/9d55ae161d32da16dbdd0b380c080a5f?s=96&d=mm&r=g\",\"contentUrl\":\"https:\/\/secure.gravatar.com\/avatar\/9d55ae161d32da16dbdd0b380c080a5f?s=96&d=mm&r=g\",\"caption\":\"Direcci\u00f3n de Comunicaciones Fiscal\u00eda General de la Naci\u00f3n\"},\"url\":\"https:\/\/www.fiscalia.gov.co\/colombia\/author\/kbonilla\/\"}]}<\/script>\n<!-- \/ Yoast SEO plugin. -->","yoast_head_json":{"title":"Fiscal\u00eda General de la Naci\u00f3n","description":"P\u00e1gina oficial de la Fiscal\u00eda General de la Naci\u00f3n \u2013 Colombia. Garantizamos el acceso efectivo a la justicia, la verdad y la reparaci\u00f3n de las v\u00edctimas de los delitos.","robots":{"index":"noindex","follow":"follow"},"og_locale":"es_ES","og_type":"article","og_title":"Fiscal\u00eda General de la Naci\u00f3n","og_description":"P\u00e1gina oficial de la Fiscal\u00eda General de la Naci\u00f3n \u2013 Colombia. Garantizamos el acceso efectivo a la justicia, la verdad y la reparaci\u00f3n de las v\u00edctimas de los delitos.","og_url":"https:\/\/www.fiscalia.gov.co\/colombia\/seccionales\/seccional-villavicencio\/descubiertas-irregularidades-en-convenio-de-servicio-de-internet-que-beneficiaria-a-149-colegios-oficiales-en-villavicencio\/","og_site_name":"Fiscal\u00eda General de la Naci\u00f3n","article_publisher":"https:\/\/www.facebook.com\/FiscaliaCol","article_published_time":"2018-09-04T23:55:22+00:00","author":"Direcci\u00f3n de Comunicaciones Fiscal\u00eda General de la Naci\u00f3n","twitter_card":"summary_large_image","twitter_creator":"@FiscaliaCol","twitter_site":"@FiscaliaCol","twitter_misc":{"Escrito por":"Direcci\u00f3n de Comunicaciones Fiscal\u00eda General de la Naci\u00f3n","Tiempo de lectura":"3 minutos"},"schema":{"@context":"https:\/\/schema.org","@graph":[{"@type":"Article","@id":"https:\/\/www.fiscalia.gov.co\/colombia\/seccionales\/seccional-villavicencio\/descubiertas-irregularidades-en-convenio-de-servicio-de-internet-que-beneficiaria-a-149-colegios-oficiales-en-villavicencio\/#article","isPartOf":{"@id":"https:\/\/www.fiscalia.gov.co\/colombia\/seccionales\/seccional-villavicencio\/descubiertas-irregularidades-en-convenio-de-servicio-de-internet-que-beneficiaria-a-149-colegios-oficiales-en-villavicencio\/"},"author":{"name":"Direcci\u00f3n de Comunicaciones Fiscal\u00eda General de la Naci\u00f3n","@id":"https:\/\/www.fiscalia.gov.co\/colombia\/#\/schema\/person\/bf28d8ae7f1b287bbe3af484b04f43ea"},"headline":"Descubiertas irregularidades en convenio de servicio de internet que beneficiar\u00eda a 149 colegios oficiales en Villavicencio","datePublished":"2018-09-04T23:55:22+00:00","dateModified":"2018-09-04T23:55:22+00:00","mainEntityOfPage":{"@id":"https:\/\/www.fiscalia.gov.co\/colombia\/seccionales\/seccional-villavicencio\/descubiertas-irregularidades-en-convenio-de-servicio-de-internet-que-beneficiaria-a-149-colegios-oficiales-en-villavicencio\/"},"wordCount":541,"publisher":{"@id":"https:\/\/www.fiscalia.gov.co\/colombia\/#organization"},"articleSection":["Corrupci\u00f3n","Seccional Villavicencio"],"inLanguage":"es-CO"},{"@type":"WebPage","@id":"https:\/\/www.fiscalia.gov.co\/colombia\/seccionales\/seccional-villavicencio\/descubiertas-irregularidades-en-convenio-de-servicio-de-internet-que-beneficiaria-a-149-colegios-oficiales-en-villavicencio\/","url":"https:\/\/www.fiscalia.gov.co\/colombia\/seccionales\/seccional-villavicencio\/descubiertas-irregularidades-en-convenio-de-servicio-de-internet-que-beneficiaria-a-149-colegios-oficiales-en-villavicencio\/","name":"Fiscal\u00eda General de la Naci\u00f3n","isPartOf":{"@id":"https:\/\/www.fiscalia.gov.co\/colombia\/#website"},"datePublished":"2018-09-04T23:55:22+00:00","dateModified":"2018-09-04T23:55:22+00:00","description":"P\u00e1gina oficial de la Fiscal\u00eda General de la Naci\u00f3n \u2013 Colombia. Garantizamos el acceso efectivo a la justicia, la verdad y la reparaci\u00f3n de las v\u00edctimas de los delitos.","breadcrumb":{"@id":"https:\/\/www.fiscalia.gov.co\/colombia\/seccionales\/seccional-villavicencio\/descubiertas-irregularidades-en-convenio-de-servicio-de-internet-que-beneficiaria-a-149-colegios-oficiales-en-villavicencio\/#breadcrumb"},"inLanguage":"es-CO","potentialAction":[{"@type":"ReadAction","target":["https:\/\/www.fiscalia.gov.co\/colombia\/seccionales\/seccional-villavicencio\/descubiertas-irregularidades-en-convenio-de-servicio-de-internet-que-beneficiaria-a-149-colegios-oficiales-en-villavicencio\/"]}]},{"@type":"BreadcrumbList","@id":"https:\/\/www.fiscalia.gov.co\/colombia\/seccionales\/seccional-villavicencio\/descubiertas-irregularidades-en-convenio-de-servicio-de-internet-que-beneficiaria-a-149-colegios-oficiales-en-villavicencio\/#breadcrumb","itemListElement":[{"@type":"ListItem","position":1,"name":"Home","item":"https:\/\/www.fiscalia.gov.co\/colombia\/"},{"@type":"ListItem","position":2,"name":"Descubiertas irregularidades en convenio de servicio de internet que beneficiar\u00eda a 149 colegios oficiales en Villavicencio"}]},{"@type":"WebSite","@id":"https:\/\/www.fiscalia.gov.co\/colombia\/#website","url":"https:\/\/www.fiscalia.gov.co\/colombia\/","name":"Fiscal\u00eda General de la Naci\u00f3n","description":"P\u00e1gina oficial de la Fiscal\u00eda General de la Naci\u00f3n \u2013 Colombia. Garantizamos el acceso efectivo a la justicia, la verdad y la reparaci\u00f3n de las v\u00edctimas de los delitos.","publisher":{"@id":"https:\/\/www.fiscalia.gov.co\/colombia\/#organization"},"potentialAction":[{"@type":"SearchAction","target":{"@type":"EntryPoint","urlTemplate":"https:\/\/www.fiscalia.gov.co\/colombia\/?s={search_term_string}"},"query-input":{"@type":"PropertyValueSpecification","valueRequired":true,"valueName":"search_term_string"}}],"inLanguage":"es-CO"},{"@type":"Organization","@id":"https:\/\/www.fiscalia.gov.co\/colombia\/#organization","name":"Fiscal\u00eda General de la Naci\u00f3n","url":"https:\/\/www.fiscalia.gov.co\/colombia\/","logo":{"@type":"ImageObject","inLanguage":"es-CO","@id":"https:\/\/www.fiscalia.gov.co\/colombia\/#\/schema\/logo\/image\/","url":"https:\/\/www.fiscalia.gov.co\/colombia\/wp-content\/uploads\/LogoHorizontal_1.jpg","contentUrl":"https:\/\/www.fiscalia.gov.co\/colombia\/wp-content\/uploads\/LogoHorizontal_1.jpg","width":300,"height":90,"caption":"Fiscal\u00eda General de la Naci\u00f3n"},"image":{"@id":"https:\/\/www.fiscalia.gov.co\/colombia\/#\/schema\/logo\/image\/"},"sameAs":["https:\/\/www.facebook.com\/FiscaliaCol","https:\/\/x.com\/FiscaliaCol","https:\/\/www.instagram.com\/fiscaliacol","https:\/\/www.linkedin.com\/company\/fiscalia-general-de-la-naci-n\/","https:\/\/youtube.com\/@fiscaliageneraldelanacion-4668?si=6nN79nyQICPU5iTh"]},{"@type":"Person","@id":"https:\/\/www.fiscalia.gov.co\/colombia\/#\/schema\/person\/bf28d8ae7f1b287bbe3af484b04f43ea","name":"Direcci\u00f3n de Comunicaciones Fiscal\u00eda General de la Naci\u00f3n","image":{"@type":"ImageObject","inLanguage":"es-CO","@id":"https:\/\/www.fiscalia.gov.co\/colombia\/#\/schema\/person\/image\/","url":"https:\/\/secure.gravatar.com\/avatar\/9d55ae161d32da16dbdd0b380c080a5f?s=96&d=mm&r=g","contentUrl":"https:\/\/secure.gravatar.com\/avatar\/9d55ae161d32da16dbdd0b380c080a5f?s=96&d=mm&r=g","caption":"Direcci\u00f3n de Comunicaciones Fiscal\u00eda General de la Naci\u00f3n"},"url":"https:\/\/www.fiscalia.gov.co\/colombia\/author\/kbonilla\/"}]}},"_links":{"self":[{"href":"https:\/\/www.fiscalia.gov.co\/colombia\/wp-json\/wp\/v2\/posts\/168130","targetHints":{"allow":["GET"]}}],"collection":[{"href":"https:\/\/www.fiscalia.gov.co\/colombia\/wp-json\/wp\/v2\/posts"}],"about":[{"href":"https:\/\/www.fiscalia.gov.co\/colombia\/wp-json\/wp\/v2\/types\/post"}],"author":[{"embeddable":true,"href":"https:\/\/www.fiscalia.gov.co\/colombia\/wp-json\/wp\/v2\/users\/162"}],"replies":[{"embeddable":true,"href":"https:\/\/www.fiscalia.gov.co\/colombia\/wp-json\/wp\/v2\/comments?post=168130"}],"version-history":[{"count":1,"href":"https:\/\/www.fiscalia.gov.co\/colombia\/wp-json\/wp\/v2\/posts\/168130\/revisions"}],"predecessor-version":[{"id":168131,"href":"https:\/\/www.fiscalia.gov.co\/colombia\/wp-json\/wp\/v2\/posts\/168130\/revisions\/168131"}],"wp:attachment":[{"href":"https:\/\/www.fiscalia.gov.co\/colombia\/wp-json\/wp\/v2\/media?parent=168130"}],"wp:term":[{"taxonomy":"category","embeddable":true,"href":"https:\/\/www.fiscalia.gov.co\/colombia\/wp-json\/wp\/v2\/categories?post=168130"},{"taxonomy":"post_tag","embeddable":true,"href":"https:\/\/www.fiscalia.gov.co\/colombia\/wp-json\/wp\/v2\/tags?post=168130"}],"curies":[{"name":"wp","href":"https:\/\/api.w.org\/{rel}","templated":true}]}}