{"id":168004,"date":"2018-08-31T20:20:30","date_gmt":"2018-09-01T01:20:30","guid":{"rendered":"https:\/\/www.fiscalia.gov.co\/colombia\/?p=168004"},"modified":"2018-08-31T20:21:24","modified_gmt":"2018-09-01T01:21:24","slug":"atencion-por-solicitud-de-la-fiscalia-juez-impuso-medida-de-aseguramiento-en-centro-carcelario-a-amaury-garcia-berrocal-capturado-por-el-asesinato-del-funcionario-de-la-gobernacion-de-cundinamarca","status":"publish","type":"post","link":"https:\/\/www.fiscalia.gov.co\/colombia\/seccionales\/atencion-por-solicitud-de-la-fiscalia-juez-impuso-medida-de-aseguramiento-en-centro-carcelario-a-amaury-garcia-berrocal-capturado-por-el-asesinato-del-funcionario-de-la-gobernacion-de-cundinamarca\/","title":{"rendered":"A la c\u00e1rcel presunto homicida de funcionario de la Gobernaci\u00f3n de Cundinamarca"},"content":{"rendered":"<p><strong><em>El hombre fue capturado en flagrancia minutos despu\u00e9s del crimen en las instalaciones de la entidad departamental, portando un rev\u00f3lver calibre 38.<\/em><\/strong><\/p>\n<p>Como Amaury Garc\u00eda Berrocal fue identificado el hombre a quien la Fiscal\u00eda judicializ\u00f3, como presunto autor material del crimen perpetrado este jueves 30 de agosto contra Luis Carlos Castillo, funcionario del \u00e1rea de rentas de la Secretar\u00eda de Hacienda departamental de la Gobernaci\u00f3n de Cundinamarca.<\/p>\n<p>El Juzgado 62 Penal Municipal de Bogot\u00e1, con funci\u00f3n de control de garant\u00edas, acogi\u00f3 los argumentos del ente acusador y dict\u00f3 medida de aseguramiento en establecimiento carcelario al investigado, por los delitos de homicidio agravado en concurso heterog\u00e9neo con porte ilegal de armas de fuego.<\/p>\n<p>Un fiscal de la Unidad de Vida de la Direcci\u00f3n Seccional de Bogot\u00e1 asumi\u00f3 la investigaci\u00f3n por los hechos ocurridos alrededor de la 1 de la tarde de ayer, cuando Garc\u00eda Berrocal entr\u00f3 a la Gobernaci\u00f3n de Cundinamarca y en la plazoleta de comidas, presuntamente, le dispar\u00f3 tres veces en la cabeza a la v\u00edctima, quien falleci\u00f3 instant\u00e1neamente.<\/p>\n<p>El hoy asegurado fue detenido en flagrancia, cuando a\u00fan portaba el arma de fuego usada en el homicidio, un rev\u00f3lver calibre 38. Las autoridades tambi\u00e9n le incautaron un tel\u00e9fono celular.<\/p>\n<p>Garc\u00eda Berrocal, quien al t\u00e9rmino de la audiencia de imputaci\u00f3n no acept\u00f3 cargos, presenta anotaciones por concierto para delinquir en los a\u00f1os 2011 y 2013.<\/p>\n<p>&nbsp;<\/p>\n<p>&nbsp;<\/p>\n\n<div class=\"twitter-share\"><a href=\"https:\/\/twitter.com\/intent\/tweet?via=fiscaliacol\" class=\"twitter-share-button\">Tweet<\/a><\/div>\n","protected":false},"excerpt":{"rendered":"<p>El hombre fue capturado en flagrancia minutos despu\u00e9s del crimen en las instalaciones de la entidad departamental, portando un rev\u00f3lver calibre 38. Como Amaury Garc\u00eda Berrocal fue identificado el hombre a quien la Fiscal\u00eda judicializ\u00f3, como presunto autor material del crimen perpetrado este jueves 30 de agosto contra Luis Carlos Castillo, funcionario del \u00e1rea de [&hellip;]<\/p>\n","protected":false},"author":162,"featured_media":0,"comment_status":"closed","ping_status":"open","sticky":false,"template":"","format":"standard","meta":{"_price":"","_stock":"","_tribe_ticket_header":"","_tribe_default_ticket_provider":"","_tribe_ticket_capacity":"0","_ticket_start_date":"","_ticket_end_date":"","_tribe_ticket_show_description":"","_tribe_ticket_show_not_going":false,"_tribe_ticket_use_global_stock":"","_tribe_ticket_global_stock_level":"","_global_stock_mode":"","_global_stock_cap":"","_tribe_rsvp_for_event":"","_tribe_ticket_going_count":"","_tribe_ticket_not_going_count":"","_tribe_tickets_list":"[]","_tribe_ticket_has_attendee_info_fields":false,"tdm_status":"","tdm_grid_status":"","footnotes":""},"categories":[321,303,24099],"tags":[],"class_list":{"0":"post-168004","1":"post","2":"type-post","3":"status-publish","4":"format-standard","6":"category-seccional-bogota","7":"category-seccionales","8":"category-seguridad-territorial"},"yoast_head":"<!-- This site is optimized with the Yoast SEO plugin v24.3 - https:\/\/yoast.com\/wordpress\/plugins\/seo\/ -->\n<title>Fiscal\u00eda General de la Naci\u00f3n<\/title>\n<meta name=\"description\" content=\"P\u00e1gina oficial de la Fiscal\u00eda General de la Naci\u00f3n \u2013 Colombia. Garantizamos el acceso efectivo a la justicia, la verdad y la reparaci\u00f3n de las v\u00edctimas de los delitos.\" \/>\n<meta name=\"robots\" content=\"noindex, follow\" \/>\n<meta property=\"og:locale\" content=\"es_ES\" \/>\n<meta property=\"og:type\" content=\"article\" \/>\n<meta property=\"og:title\" content=\"Fiscal\u00eda General de la Naci\u00f3n\" \/>\n<meta property=\"og:description\" content=\"P\u00e1gina oficial de la Fiscal\u00eda General de la Naci\u00f3n \u2013 Colombia. Garantizamos el acceso efectivo a la justicia, la verdad y la reparaci\u00f3n de las v\u00edctimas de los delitos.\" \/>\n<meta property=\"og:url\" content=\"https:\/\/www.fiscalia.gov.co\/colombia\/seccionales\/atencion-por-solicitud-de-la-fiscalia-juez-impuso-medida-de-aseguramiento-en-centro-carcelario-a-amaury-garcia-berrocal-capturado-por-el-asesinato-del-funcionario-de-la-gobernacion-de-cundinamarca\/\" \/>\n<meta property=\"og:site_name\" content=\"Fiscal\u00eda General de la Naci\u00f3n\" \/>\n<meta property=\"article:publisher\" content=\"https:\/\/www.facebook.com\/FiscaliaCol\" \/>\n<meta property=\"article:published_time\" content=\"2018-09-01T01:20:30+00:00\" \/>\n<meta property=\"article:modified_time\" content=\"2018-09-01T01:21:24+00:00\" \/>\n<meta name=\"author\" content=\"Direcci\u00f3n de Comunicaciones Fiscal\u00eda General de la Naci\u00f3n\" \/>\n<meta name=\"twitter:card\" content=\"summary_large_image\" \/>\n<meta name=\"twitter:creator\" content=\"@FiscaliaCol\" \/>\n<meta name=\"twitter:site\" content=\"@FiscaliaCol\" \/>\n<meta name=\"twitter:label1\" content=\"Escrito por\" \/>\n\t<meta name=\"twitter:data1\" content=\"Direcci\u00f3n de Comunicaciones Fiscal\u00eda General de la Naci\u00f3n\" \/>\n\t<meta name=\"twitter:label2\" content=\"Tiempo de lectura\" \/>\n\t<meta name=\"twitter:data2\" content=\"1 minuto\" \/>\n<script type=\"application\/ld+json\" class=\"yoast-schema-graph\">{\"@context\":\"https:\/\/schema.org\",\"@graph\":[{\"@type\":\"Article\",\"@id\":\"https:\/\/www.fiscalia.gov.co\/colombia\/seccionales\/atencion-por-solicitud-de-la-fiscalia-juez-impuso-medida-de-aseguramiento-en-centro-carcelario-a-amaury-garcia-berrocal-capturado-por-el-asesinato-del-funcionario-de-la-gobernacion-de-cundinamarca\/#article\",\"isPartOf\":{\"@id\":\"https:\/\/www.fiscalia.gov.co\/colombia\/seccionales\/atencion-por-solicitud-de-la-fiscalia-juez-impuso-medida-de-aseguramiento-en-centro-carcelario-a-amaury-garcia-berrocal-capturado-por-el-asesinato-del-funcionario-de-la-gobernacion-de-cundinamarca\/\"},\"author\":{\"name\":\"Direcci\u00f3n de Comunicaciones Fiscal\u00eda General de la Naci\u00f3n\",\"@id\":\"https:\/\/www.fiscalia.gov.co\/colombia\/#\/schema\/person\/bf28d8ae7f1b287bbe3af484b04f43ea\"},\"headline\":\"A la c\u00e1rcel presunto homicida de funcionario de la Gobernaci\u00f3n de Cundinamarca\",\"datePublished\":\"2018-09-01T01:20:30+00:00\",\"dateModified\":\"2018-09-01T01:21:24+00:00\",\"mainEntityOfPage\":{\"@id\":\"https:\/\/www.fiscalia.gov.co\/colombia\/seccionales\/atencion-por-solicitud-de-la-fiscalia-juez-impuso-medida-de-aseguramiento-en-centro-carcelario-a-amaury-garcia-berrocal-capturado-por-el-asesinato-del-funcionario-de-la-gobernacion-de-cundinamarca\/\"},\"wordCount\":257,\"publisher\":{\"@id\":\"https:\/\/www.fiscalia.gov.co\/colombia\/#organization\"},\"articleSection\":[\"Seccional Bogot\u00e1\",\"Seccionales\",\"Seguridad territorial\"],\"inLanguage\":\"es-CO\"},{\"@type\":\"WebPage\",\"@id\":\"https:\/\/www.fiscalia.gov.co\/colombia\/seccionales\/atencion-por-solicitud-de-la-fiscalia-juez-impuso-medida-de-aseguramiento-en-centro-carcelario-a-amaury-garcia-berrocal-capturado-por-el-asesinato-del-funcionario-de-la-gobernacion-de-cundinamarca\/\",\"url\":\"https:\/\/www.fiscalia.gov.co\/colombia\/seccionales\/atencion-por-solicitud-de-la-fiscalia-juez-impuso-medida-de-aseguramiento-en-centro-carcelario-a-amaury-garcia-berrocal-capturado-por-el-asesinato-del-funcionario-de-la-gobernacion-de-cundinamarca\/\",\"name\":\"Fiscal\u00eda General de la Naci\u00f3n\",\"isPartOf\":{\"@id\":\"https:\/\/www.fiscalia.gov.co\/colombia\/#website\"},\"datePublished\":\"2018-09-01T01:20:30+00:00\",\"dateModified\":\"2018-09-01T01:21:24+00:00\",\"description\":\"P\u00e1gina oficial de la Fiscal\u00eda General de la Naci\u00f3n \u2013 Colombia. Garantizamos el acceso efectivo a la justicia, la verdad y la reparaci\u00f3n de las v\u00edctimas de los delitos.\",\"breadcrumb\":{\"@id\":\"https:\/\/www.fiscalia.gov.co\/colombia\/seccionales\/atencion-por-solicitud-de-la-fiscalia-juez-impuso-medida-de-aseguramiento-en-centro-carcelario-a-amaury-garcia-berrocal-capturado-por-el-asesinato-del-funcionario-de-la-gobernacion-de-cundinamarca\/#breadcrumb\"},\"inLanguage\":\"es-CO\",\"potentialAction\":[{\"@type\":\"ReadAction\",\"target\":[\"https:\/\/www.fiscalia.gov.co\/colombia\/seccionales\/atencion-por-solicitud-de-la-fiscalia-juez-impuso-medida-de-aseguramiento-en-centro-carcelario-a-amaury-garcia-berrocal-capturado-por-el-asesinato-del-funcionario-de-la-gobernacion-de-cundinamarca\/\"]}]},{\"@type\":\"BreadcrumbList\",\"@id\":\"https:\/\/www.fiscalia.gov.co\/colombia\/seccionales\/atencion-por-solicitud-de-la-fiscalia-juez-impuso-medida-de-aseguramiento-en-centro-carcelario-a-amaury-garcia-berrocal-capturado-por-el-asesinato-del-funcionario-de-la-gobernacion-de-cundinamarca\/#breadcrumb\",\"itemListElement\":[{\"@type\":\"ListItem\",\"position\":1,\"name\":\"Home\",\"item\":\"https:\/\/www.fiscalia.gov.co\/colombia\/\"},{\"@type\":\"ListItem\",\"position\":2,\"name\":\"A la c\u00e1rcel presunto homicida de funcionario de la Gobernaci\u00f3n de Cundinamarca\"}]},{\"@type\":\"WebSite\",\"@id\":\"https:\/\/www.fiscalia.gov.co\/colombia\/#website\",\"url\":\"https:\/\/www.fiscalia.gov.co\/colombia\/\",\"name\":\"Fiscal\u00eda General de la Naci\u00f3n\",\"description\":\"P\u00e1gina oficial de la Fiscal\u00eda General de la Naci\u00f3n \u2013 Colombia. Garantizamos el acceso efectivo a la justicia, la verdad y la reparaci\u00f3n de las v\u00edctimas de los delitos.\",\"publisher\":{\"@id\":\"https:\/\/www.fiscalia.gov.co\/colombia\/#organization\"},\"potentialAction\":[{\"@type\":\"SearchAction\",\"target\":{\"@type\":\"EntryPoint\",\"urlTemplate\":\"https:\/\/www.fiscalia.gov.co\/colombia\/?s={search_term_string}\"},\"query-input\":{\"@type\":\"PropertyValueSpecification\",\"valueRequired\":true,\"valueName\":\"search_term_string\"}}],\"inLanguage\":\"es-CO\"},{\"@type\":\"Organization\",\"@id\":\"https:\/\/www.fiscalia.gov.co\/colombia\/#organization\",\"name\":\"Fiscal\u00eda General de la Naci\u00f3n\",\"url\":\"https:\/\/www.fiscalia.gov.co\/colombia\/\",\"logo\":{\"@type\":\"ImageObject\",\"inLanguage\":\"es-CO\",\"@id\":\"https:\/\/www.fiscalia.gov.co\/colombia\/#\/schema\/logo\/image\/\",\"url\":\"https:\/\/www.fiscalia.gov.co\/colombia\/wp-content\/uploads\/LogoHorizontal_1.jpg\",\"contentUrl\":\"https:\/\/www.fiscalia.gov.co\/colombia\/wp-content\/uploads\/LogoHorizontal_1.jpg\",\"width\":300,\"height\":90,\"caption\":\"Fiscal\u00eda General de la Naci\u00f3n\"},\"image\":{\"@id\":\"https:\/\/www.fiscalia.gov.co\/colombia\/#\/schema\/logo\/image\/\"},\"sameAs\":[\"https:\/\/www.facebook.com\/FiscaliaCol\",\"https:\/\/x.com\/FiscaliaCol\",\"https:\/\/www.instagram.com\/fiscaliacol\",\"https:\/\/www.linkedin.com\/company\/fiscalia-general-de-la-naci-n\/\",\"https:\/\/youtube.com\/@fiscaliageneraldelanacion-4668?si=6nN79nyQICPU5iTh\"]},{\"@type\":\"Person\",\"@id\":\"https:\/\/www.fiscalia.gov.co\/colombia\/#\/schema\/person\/bf28d8ae7f1b287bbe3af484b04f43ea\",\"name\":\"Direcci\u00f3n de Comunicaciones Fiscal\u00eda General de la Naci\u00f3n\",\"image\":{\"@type\":\"ImageObject\",\"inLanguage\":\"es-CO\",\"@id\":\"https:\/\/www.fiscalia.gov.co\/colombia\/#\/schema\/person\/image\/\",\"url\":\"https:\/\/secure.gravatar.com\/avatar\/9d55ae161d32da16dbdd0b380c080a5f?s=96&d=mm&r=g\",\"contentUrl\":\"https:\/\/secure.gravatar.com\/avatar\/9d55ae161d32da16dbdd0b380c080a5f?s=96&d=mm&r=g\",\"caption\":\"Direcci\u00f3n de Comunicaciones Fiscal\u00eda General de la Naci\u00f3n\"},\"url\":\"https:\/\/www.fiscalia.gov.co\/colombia\/author\/kbonilla\/\"}]}<\/script>\n<!-- \/ Yoast SEO plugin. -->","yoast_head_json":{"title":"Fiscal\u00eda General de la Naci\u00f3n","description":"P\u00e1gina oficial de la Fiscal\u00eda General de la Naci\u00f3n \u2013 Colombia. Garantizamos el acceso efectivo a la justicia, la verdad y la reparaci\u00f3n de las v\u00edctimas de los delitos.","robots":{"index":"noindex","follow":"follow"},"og_locale":"es_ES","og_type":"article","og_title":"Fiscal\u00eda General de la Naci\u00f3n","og_description":"P\u00e1gina oficial de la Fiscal\u00eda General de la Naci\u00f3n \u2013 Colombia. Garantizamos el acceso efectivo a la justicia, la verdad y la reparaci\u00f3n de las v\u00edctimas de los delitos.","og_url":"https:\/\/www.fiscalia.gov.co\/colombia\/seccionales\/atencion-por-solicitud-de-la-fiscalia-juez-impuso-medida-de-aseguramiento-en-centro-carcelario-a-amaury-garcia-berrocal-capturado-por-el-asesinato-del-funcionario-de-la-gobernacion-de-cundinamarca\/","og_site_name":"Fiscal\u00eda General de la Naci\u00f3n","article_publisher":"https:\/\/www.facebook.com\/FiscaliaCol","article_published_time":"2018-09-01T01:20:30+00:00","article_modified_time":"2018-09-01T01:21:24+00:00","author":"Direcci\u00f3n de Comunicaciones Fiscal\u00eda General de la Naci\u00f3n","twitter_card":"summary_large_image","twitter_creator":"@FiscaliaCol","twitter_site":"@FiscaliaCol","twitter_misc":{"Escrito por":"Direcci\u00f3n de Comunicaciones Fiscal\u00eda General de la Naci\u00f3n","Tiempo de lectura":"1 minuto"},"schema":{"@context":"https:\/\/schema.org","@graph":[{"@type":"Article","@id":"https:\/\/www.fiscalia.gov.co\/colombia\/seccionales\/atencion-por-solicitud-de-la-fiscalia-juez-impuso-medida-de-aseguramiento-en-centro-carcelario-a-amaury-garcia-berrocal-capturado-por-el-asesinato-del-funcionario-de-la-gobernacion-de-cundinamarca\/#article","isPartOf":{"@id":"https:\/\/www.fiscalia.gov.co\/colombia\/seccionales\/atencion-por-solicitud-de-la-fiscalia-juez-impuso-medida-de-aseguramiento-en-centro-carcelario-a-amaury-garcia-berrocal-capturado-por-el-asesinato-del-funcionario-de-la-gobernacion-de-cundinamarca\/"},"author":{"name":"Direcci\u00f3n de Comunicaciones Fiscal\u00eda General de la Naci\u00f3n","@id":"https:\/\/www.fiscalia.gov.co\/colombia\/#\/schema\/person\/bf28d8ae7f1b287bbe3af484b04f43ea"},"headline":"A la c\u00e1rcel presunto homicida de funcionario de la Gobernaci\u00f3n de Cundinamarca","datePublished":"2018-09-01T01:20:30+00:00","dateModified":"2018-09-01T01:21:24+00:00","mainEntityOfPage":{"@id":"https:\/\/www.fiscalia.gov.co\/colombia\/seccionales\/atencion-por-solicitud-de-la-fiscalia-juez-impuso-medida-de-aseguramiento-en-centro-carcelario-a-amaury-garcia-berrocal-capturado-por-el-asesinato-del-funcionario-de-la-gobernacion-de-cundinamarca\/"},"wordCount":257,"publisher":{"@id":"https:\/\/www.fiscalia.gov.co\/colombia\/#organization"},"articleSection":["Seccional Bogot\u00e1","Seccionales","Seguridad territorial"],"inLanguage":"es-CO"},{"@type":"WebPage","@id":"https:\/\/www.fiscalia.gov.co\/colombia\/seccionales\/atencion-por-solicitud-de-la-fiscalia-juez-impuso-medida-de-aseguramiento-en-centro-carcelario-a-amaury-garcia-berrocal-capturado-por-el-asesinato-del-funcionario-de-la-gobernacion-de-cundinamarca\/","url":"https:\/\/www.fiscalia.gov.co\/colombia\/seccionales\/atencion-por-solicitud-de-la-fiscalia-juez-impuso-medida-de-aseguramiento-en-centro-carcelario-a-amaury-garcia-berrocal-capturado-por-el-asesinato-del-funcionario-de-la-gobernacion-de-cundinamarca\/","name":"Fiscal\u00eda General de la Naci\u00f3n","isPartOf":{"@id":"https:\/\/www.fiscalia.gov.co\/colombia\/#website"},"datePublished":"2018-09-01T01:20:30+00:00","dateModified":"2018-09-01T01:21:24+00:00","description":"P\u00e1gina oficial de la Fiscal\u00eda General de la Naci\u00f3n \u2013 Colombia. Garantizamos el acceso efectivo a la justicia, la verdad y la reparaci\u00f3n de las v\u00edctimas de los delitos.","breadcrumb":{"@id":"https:\/\/www.fiscalia.gov.co\/colombia\/seccionales\/atencion-por-solicitud-de-la-fiscalia-juez-impuso-medida-de-aseguramiento-en-centro-carcelario-a-amaury-garcia-berrocal-capturado-por-el-asesinato-del-funcionario-de-la-gobernacion-de-cundinamarca\/#breadcrumb"},"inLanguage":"es-CO","potentialAction":[{"@type":"ReadAction","target":["https:\/\/www.fiscalia.gov.co\/colombia\/seccionales\/atencion-por-solicitud-de-la-fiscalia-juez-impuso-medida-de-aseguramiento-en-centro-carcelario-a-amaury-garcia-berrocal-capturado-por-el-asesinato-del-funcionario-de-la-gobernacion-de-cundinamarca\/"]}]},{"@type":"BreadcrumbList","@id":"https:\/\/www.fiscalia.gov.co\/colombia\/seccionales\/atencion-por-solicitud-de-la-fiscalia-juez-impuso-medida-de-aseguramiento-en-centro-carcelario-a-amaury-garcia-berrocal-capturado-por-el-asesinato-del-funcionario-de-la-gobernacion-de-cundinamarca\/#breadcrumb","itemListElement":[{"@type":"ListItem","position":1,"name":"Home","item":"https:\/\/www.fiscalia.gov.co\/colombia\/"},{"@type":"ListItem","position":2,"name":"A la c\u00e1rcel presunto homicida de funcionario de la Gobernaci\u00f3n de Cundinamarca"}]},{"@type":"WebSite","@id":"https:\/\/www.fiscalia.gov.co\/colombia\/#website","url":"https:\/\/www.fiscalia.gov.co\/colombia\/","name":"Fiscal\u00eda General de la Naci\u00f3n","description":"P\u00e1gina oficial de la Fiscal\u00eda General de la Naci\u00f3n \u2013 Colombia. Garantizamos el acceso efectivo a la justicia, la verdad y la reparaci\u00f3n de las v\u00edctimas de los delitos.","publisher":{"@id":"https:\/\/www.fiscalia.gov.co\/colombia\/#organization"},"potentialAction":[{"@type":"SearchAction","target":{"@type":"EntryPoint","urlTemplate":"https:\/\/www.fiscalia.gov.co\/colombia\/?s={search_term_string}"},"query-input":{"@type":"PropertyValueSpecification","valueRequired":true,"valueName":"search_term_string"}}],"inLanguage":"es-CO"},{"@type":"Organization","@id":"https:\/\/www.fiscalia.gov.co\/colombia\/#organization","name":"Fiscal\u00eda General de la Naci\u00f3n","url":"https:\/\/www.fiscalia.gov.co\/colombia\/","logo":{"@type":"ImageObject","inLanguage":"es-CO","@id":"https:\/\/www.fiscalia.gov.co\/colombia\/#\/schema\/logo\/image\/","url":"https:\/\/www.fiscalia.gov.co\/colombia\/wp-content\/uploads\/LogoHorizontal_1.jpg","contentUrl":"https:\/\/www.fiscalia.gov.co\/colombia\/wp-content\/uploads\/LogoHorizontal_1.jpg","width":300,"height":90,"caption":"Fiscal\u00eda General de la Naci\u00f3n"},"image":{"@id":"https:\/\/www.fiscalia.gov.co\/colombia\/#\/schema\/logo\/image\/"},"sameAs":["https:\/\/www.facebook.com\/FiscaliaCol","https:\/\/x.com\/FiscaliaCol","https:\/\/www.instagram.com\/fiscaliacol","https:\/\/www.linkedin.com\/company\/fiscalia-general-de-la-naci-n\/","https:\/\/youtube.com\/@fiscaliageneraldelanacion-4668?si=6nN79nyQICPU5iTh"]},{"@type":"Person","@id":"https:\/\/www.fiscalia.gov.co\/colombia\/#\/schema\/person\/bf28d8ae7f1b287bbe3af484b04f43ea","name":"Direcci\u00f3n de Comunicaciones Fiscal\u00eda General de la Naci\u00f3n","image":{"@type":"ImageObject","inLanguage":"es-CO","@id":"https:\/\/www.fiscalia.gov.co\/colombia\/#\/schema\/person\/image\/","url":"https:\/\/secure.gravatar.com\/avatar\/9d55ae161d32da16dbdd0b380c080a5f?s=96&d=mm&r=g","contentUrl":"https:\/\/secure.gravatar.com\/avatar\/9d55ae161d32da16dbdd0b380c080a5f?s=96&d=mm&r=g","caption":"Direcci\u00f3n de Comunicaciones Fiscal\u00eda General de la Naci\u00f3n"},"url":"https:\/\/www.fiscalia.gov.co\/colombia\/author\/kbonilla\/"}]}},"_links":{"self":[{"href":"https:\/\/www.fiscalia.gov.co\/colombia\/wp-json\/wp\/v2\/posts\/168004","targetHints":{"allow":["GET"]}}],"collection":[{"href":"https:\/\/www.fiscalia.gov.co\/colombia\/wp-json\/wp\/v2\/posts"}],"about":[{"href":"https:\/\/www.fiscalia.gov.co\/colombia\/wp-json\/wp\/v2\/types\/post"}],"author":[{"embeddable":true,"href":"https:\/\/www.fiscalia.gov.co\/colombia\/wp-json\/wp\/v2\/users\/162"}],"replies":[{"embeddable":true,"href":"https:\/\/www.fiscalia.gov.co\/colombia\/wp-json\/wp\/v2\/comments?post=168004"}],"version-history":[{"count":2,"href":"https:\/\/www.fiscalia.gov.co\/colombia\/wp-json\/wp\/v2\/posts\/168004\/revisions"}],"predecessor-version":[{"id":168006,"href":"https:\/\/www.fiscalia.gov.co\/colombia\/wp-json\/wp\/v2\/posts\/168004\/revisions\/168006"}],"wp:attachment":[{"href":"https:\/\/www.fiscalia.gov.co\/colombia\/wp-json\/wp\/v2\/media?parent=168004"}],"wp:term":[{"taxonomy":"category","embeddable":true,"href":"https:\/\/www.fiscalia.gov.co\/colombia\/wp-json\/wp\/v2\/categories?post=168004"},{"taxonomy":"post_tag","embeddable":true,"href":"https:\/\/www.fiscalia.gov.co\/colombia\/wp-json\/wp\/v2\/tags?post=168004"}],"curies":[{"name":"wp","href":"https:\/\/api.w.org\/{rel}","templated":true}]}}