{"id":167982,"date":"2018-08-31T15:21:12","date_gmt":"2018-08-31T20:21:12","guid":{"rendered":"https:\/\/www.fiscalia.gov.co\/colombia\/?p=167982"},"modified":"2020-06-19T07:21:40","modified_gmt":"2020-06-19T12:21:40","slug":"fiscalia-dicto-resolucion-de-acusacion-contra-exdirectivos-de-chiquita-brands-por-presuntos-nexos-con-grupos-de-autodefensas","status":"publish","type":"post","link":"https:\/\/www.fiscalia.gov.co\/colombia\/justicia-transicional\/fiscalia-dicto-resolucion-de-acusacion-contra-exdirectivos-de-chiquita-brands-por-presuntos-nexos-con-grupos-de-autodefensas\/","title":{"rendered":"Fiscal\u00eda dict\u00f3 resoluci\u00f3n de acusaci\u00f3n contra exdirectivos de Chiquita Brands por presuntos nexos con grupos de autodefensas"},"content":{"rendered":"<p><b><i><u><span lang=\"ES\">La investigaci\u00f3n se adelanta contra trece exfuncionarios de la multinacional como posibles responsables del delito de concierto para delinquir agravado<\/span><\/u><\/i><\/b><\/p>\n<p><span lang=\"ES\">Con ocasi\u00f3n\u00a0de la reciente decisi\u00f3n de la Corte Constitucional, seg\u00fan la cual corresponde a la Fiscal\u00eda General de la Naci\u00f3n investigar los delitos cometidos en el marco del conflicto armado por terceros, particularmente los financiadores, la Fiscal\u00eda ha dado impulso a esta l\u00ednea de investigaci\u00f3n y en el d\u00eda de hoy logr\u00f3 avances en el denominado caso de Chiquita Brands.<\/span><\/p>\n<p><span lang=\"ES\">Los investigadores recaudaron material probatorio sobre los dineros que habr\u00eda direccionado la empresa Chiquita Brands a trav\u00e9s de su filial\u00a0<b>Banadex<\/b>\u00a0y\u00a0<b>Banacol<\/b>*, para el presunto financiamiento del frente Arlex Hurtado al mando de Ra\u00fal Emilio Hasb\u00fan Mendoza, alias\u00a0Pedro Bonito, quien ten\u00eda su actividad delincuencial en las zonas de Urab\u00e1 y Santa Marta.<\/span><\/p>\n<p><span lang=\"ES\">Las pruebas aportadas demostrar\u00edan la participaci\u00f3n de directivos y\u00a0algunos empleados de estas sociedades, ya sea por la toma de decisi\u00f3n, intervenci\u00f3n y\/o participaci\u00f3n en la promoci\u00f3n y financiaci\u00f3n del grupo ilegal.<\/span><\/p>\n<p><span lang=\"ES\">La Fiscal de conocimiento estableci\u00f3 que algunos de los dineros eran entregados directamente y consignados a las cuentas bancarias de una organizaci\u00f3n creada para apoyar las estructuras armadas ilegales de las autodefensas (AUC).<\/span><\/p>\n<p><b><span lang=\"ES\">Investigados<\/span><\/b><\/p>\n<p><span lang=\"ES\">Con base en el recaudo probatorio la Fiscal\u00eda dict\u00f3 resoluci\u00f3n de acusaci\u00f3n por el delito de concierto para delinquir agravado contra:<\/span><\/p>\n<ol>\n<li><span lang=\"ES\">Reinaldo El\u00edas Escobar De La Hoz<\/span><\/li>\n<li><b><\/b><b><span lang=\"ES\">Luis Germ\u00e1n Cuartas Carrasco\u00a0<\/span><\/b><span lang=\"ES\">(<a href=\"https:\/\/www.fiscalia.gov.co\/colombia\/noticias\/actualizacion-boletin-no-24007-caso-chiquita-brands\/\" target=\"_blank\" rel=\"noopener noreferrer\">ver actualizaci\u00f3n de la noticia<\/a>)*<b><\/b><\/span><\/li>\n<li>V\u00edctor Julio Buitrago Sandoval<\/li>\n<li>\u00c1lvaro Acevedo Gonz\u00e1lez<\/li>\n<li>V\u00edctor Manuel Henr\u00edquez Vel\u00e1squez<\/li>\n<li>Javier Ochoa Vel\u00e1squez<\/li>\n<li><b><span lang=\"ES\">Juan Diego Trujillo Botero\u00a0<\/span><\/b><span lang=\"ES\">(<a href=\"https:\/\/www.fiscalia.gov.co\/colombia\/seccionales\/actualizacion-boletin-no-24007\/\" target=\"_blank\" rel=\"noopener noreferrer\">ver actualizaci\u00f3n de la noticia<\/a>)*<\/span><\/li>\n<li>Jorge Alberto Cadavid Mar\u00edn\n<p><span lang=\"ES\">Los ciudadanos extranjeros en calidad de posibles autores responsables del delito de concierto para delinquir agravado:<\/span><\/li>\n<\/ol>\n<ol>\n<li><b><\/b><b><span lang=\"ES\">Dorn Robert Wenninger \u2013 Estados Unidos\u00a0<\/span><\/b><span lang=\"ES\">(<a href=\"https:\/\/www.fiscalia.gov.co\/colombia\/noticias\/actualizacion-boletin-no-24007-caso-chiquita-brands\/\" target=\"_blank\" rel=\"noopener noreferrer\">ver actualizaci\u00f3n de la noticia<\/a>)*<b><\/b><\/span><\/li>\n<li>John Paul Olivo \u2013 Estados Unidos<\/li>\n<li>Charles Dennis Keiser \u2013 Estados Unidos<\/li>\n<li><span lang=\"ES\">Jos\u00e9 Luis Valverde Ram\u00edrez \u2013 Costa Rica<\/span><\/li>\n<li>Fuad Alberto Giacoman Hasb\u00fan \u2013 Honduras\n<p><span lang=\"ES\">En la misma decisi\u00f3n se orden\u00f3 precluir la investigaci\u00f3n adelantada contra Gloria Andrea Cuervo Torres por el delito de concierto para delinquir agravado.<\/span><\/p>\n<p><span lang=\"ES\">Adicionalmente, se estableci\u00f3 que la conducta de concierto para delinquir agravado investigada es delito de Lesa Humanidad y, por ende, es imprescriptible.<\/span><\/li>\n<\/ol>\n<p><a href=\"https:\/\/www.fiscalia.gov.co\/colombia\/seccionales\/actualizacion-boletin-no-24007\/\" target=\"_blank\" rel=\"noopener noreferrer\">*<b>Actualizaci\u00f3n bolet\u00edn\u00a024007, 20 de mayo 2020.<\/b><\/a><\/p>\n<p><a href=\"https:\/\/www.fiscalia.gov.co\/colombia\/noticias\/actualizacion-boletin-no-24007-caso-chiquita-brands\/\" target=\"_blank\" rel=\"noopener noreferrer\"><b><u><span lang=\"ES\">*Actualizaci\u00f3n bolet\u00edn 24007, 19 de junio de 2020.<\/span><\/u><\/b><\/a><\/p>\n\n<div class=\"twitter-share\"><a href=\"https:\/\/twitter.com\/intent\/tweet?via=fiscaliacol\" class=\"twitter-share-button\">Tweet<\/a><\/div>\n","protected":false},"excerpt":{"rendered":"<p>La investigaci\u00f3n se adelanta contra trece exfuncionarios de la multinacional como posibles responsables del delito de concierto para delinquir agravado Con ocasi\u00f3n\u00a0de la reciente decisi\u00f3n de la Corte Constitucional, seg\u00fan la cual corresponde a la Fiscal\u00eda General de la Naci\u00f3n investigar los delitos cometidos en el marco del conflicto armado por terceros, particularmente los financiadores, [&hellip;]<\/p>\n","protected":false},"author":162,"featured_media":0,"comment_status":"closed","ping_status":"open","sticky":false,"template":"","format":"standard","meta":{"_price":"","_stock":"","_tribe_ticket_header":"","_tribe_default_ticket_provider":"","_tribe_ticket_capacity":"0","_ticket_start_date":"","_ticket_end_date":"","_tribe_ticket_show_description":"","_tribe_ticket_show_not_going":false,"_tribe_ticket_use_global_stock":"","_tribe_ticket_global_stock_level":"","_global_stock_mode":"","_global_stock_cap":"","_tribe_rsvp_for_event":"","_tribe_ticket_going_count":"","_tribe_ticket_not_going_count":"","_tribe_tickets_list":"[]","_tribe_ticket_has_attendee_info_fields":false,"tdm_status":"","tdm_grid_status":"","footnotes":""},"categories":[24102,24101],"tags":[],"class_list":{"0":"post-167982","1":"post","2":"type-post","3":"status-publish","4":"format-standard","6":"category-derechos-humanos","7":"category-justicia-transicional"},"yoast_head":"<!-- This site is optimized with the Yoast SEO plugin v24.3 - https:\/\/yoast.com\/wordpress\/plugins\/seo\/ -->\n<title>Fiscal\u00eda General de la Naci\u00f3n<\/title>\n<meta name=\"description\" content=\"P\u00e1gina oficial de la Fiscal\u00eda General de la Naci\u00f3n \u2013 Colombia. Garantizamos el acceso efectivo a la justicia, la verdad y la reparaci\u00f3n de las v\u00edctimas de los delitos.\" \/>\n<meta name=\"robots\" content=\"noindex, follow\" \/>\n<meta property=\"og:locale\" content=\"es_ES\" \/>\n<meta property=\"og:type\" content=\"article\" \/>\n<meta property=\"og:title\" content=\"Fiscal\u00eda General de la Naci\u00f3n\" \/>\n<meta property=\"og:description\" content=\"P\u00e1gina oficial de la Fiscal\u00eda General de la Naci\u00f3n \u2013 Colombia. Garantizamos el acceso efectivo a la justicia, la verdad y la reparaci\u00f3n de las v\u00edctimas de los delitos.\" \/>\n<meta property=\"og:url\" content=\"https:\/\/www.fiscalia.gov.co\/colombia\/justicia-transicional\/fiscalia-dicto-resolucion-de-acusacion-contra-exdirectivos-de-chiquita-brands-por-presuntos-nexos-con-grupos-de-autodefensas\/\" \/>\n<meta property=\"og:site_name\" content=\"Fiscal\u00eda General de la Naci\u00f3n\" \/>\n<meta property=\"article:publisher\" content=\"https:\/\/www.facebook.com\/FiscaliaCol\" \/>\n<meta property=\"article:published_time\" content=\"2018-08-31T20:21:12+00:00\" \/>\n<meta property=\"article:modified_time\" content=\"2020-06-19T12:21:40+00:00\" \/>\n<meta name=\"author\" content=\"Direcci\u00f3n de Comunicaciones Fiscal\u00eda General de la Naci\u00f3n\" \/>\n<meta name=\"twitter:card\" content=\"summary_large_image\" \/>\n<meta name=\"twitter:creator\" content=\"@FiscaliaCol\" \/>\n<meta name=\"twitter:site\" content=\"@FiscaliaCol\" \/>\n<meta name=\"twitter:label1\" content=\"Escrito por\" \/>\n\t<meta name=\"twitter:data1\" content=\"Direcci\u00f3n de Comunicaciones Fiscal\u00eda General de la Naci\u00f3n\" \/>\n\t<meta name=\"twitter:label2\" content=\"Tiempo de lectura\" \/>\n\t<meta name=\"twitter:data2\" content=\"2 minutos\" \/>\n<script type=\"application\/ld+json\" class=\"yoast-schema-graph\">{\"@context\":\"https:\/\/schema.org\",\"@graph\":[{\"@type\":\"Article\",\"@id\":\"https:\/\/www.fiscalia.gov.co\/colombia\/justicia-transicional\/fiscalia-dicto-resolucion-de-acusacion-contra-exdirectivos-de-chiquita-brands-por-presuntos-nexos-con-grupos-de-autodefensas\/#article\",\"isPartOf\":{\"@id\":\"https:\/\/www.fiscalia.gov.co\/colombia\/justicia-transicional\/fiscalia-dicto-resolucion-de-acusacion-contra-exdirectivos-de-chiquita-brands-por-presuntos-nexos-con-grupos-de-autodefensas\/\"},\"author\":{\"name\":\"Direcci\u00f3n de Comunicaciones Fiscal\u00eda General de la Naci\u00f3n\",\"@id\":\"https:\/\/www.fiscalia.gov.co\/colombia\/#\/schema\/person\/bf28d8ae7f1b287bbe3af484b04f43ea\"},\"headline\":\"Fiscal\u00eda dict\u00f3 resoluci\u00f3n de acusaci\u00f3n contra exdirectivos de Chiquita Brands por presuntos nexos con grupos de autodefensas\",\"datePublished\":\"2018-08-31T20:21:12+00:00\",\"dateModified\":\"2020-06-19T12:21:40+00:00\",\"mainEntityOfPage\":{\"@id\":\"https:\/\/www.fiscalia.gov.co\/colombia\/justicia-transicional\/fiscalia-dicto-resolucion-de-acusacion-contra-exdirectivos-de-chiquita-brands-por-presuntos-nexos-con-grupos-de-autodefensas\/\"},\"wordCount\":432,\"publisher\":{\"@id\":\"https:\/\/www.fiscalia.gov.co\/colombia\/#organization\"},\"articleSection\":[\"Derechos Humanos\",\"Justicia Transicional\"],\"inLanguage\":\"es-CO\"},{\"@type\":\"WebPage\",\"@id\":\"https:\/\/www.fiscalia.gov.co\/colombia\/justicia-transicional\/fiscalia-dicto-resolucion-de-acusacion-contra-exdirectivos-de-chiquita-brands-por-presuntos-nexos-con-grupos-de-autodefensas\/\",\"url\":\"https:\/\/www.fiscalia.gov.co\/colombia\/justicia-transicional\/fiscalia-dicto-resolucion-de-acusacion-contra-exdirectivos-de-chiquita-brands-por-presuntos-nexos-con-grupos-de-autodefensas\/\",\"name\":\"Fiscal\u00eda General de la Naci\u00f3n\",\"isPartOf\":{\"@id\":\"https:\/\/www.fiscalia.gov.co\/colombia\/#website\"},\"datePublished\":\"2018-08-31T20:21:12+00:00\",\"dateModified\":\"2020-06-19T12:21:40+00:00\",\"description\":\"P\u00e1gina oficial de la Fiscal\u00eda General de la Naci\u00f3n \u2013 Colombia. Garantizamos el acceso efectivo a la justicia, la verdad y la reparaci\u00f3n de las v\u00edctimas de los delitos.\",\"breadcrumb\":{\"@id\":\"https:\/\/www.fiscalia.gov.co\/colombia\/justicia-transicional\/fiscalia-dicto-resolucion-de-acusacion-contra-exdirectivos-de-chiquita-brands-por-presuntos-nexos-con-grupos-de-autodefensas\/#breadcrumb\"},\"inLanguage\":\"es-CO\",\"potentialAction\":[{\"@type\":\"ReadAction\",\"target\":[\"https:\/\/www.fiscalia.gov.co\/colombia\/justicia-transicional\/fiscalia-dicto-resolucion-de-acusacion-contra-exdirectivos-de-chiquita-brands-por-presuntos-nexos-con-grupos-de-autodefensas\/\"]}]},{\"@type\":\"BreadcrumbList\",\"@id\":\"https:\/\/www.fiscalia.gov.co\/colombia\/justicia-transicional\/fiscalia-dicto-resolucion-de-acusacion-contra-exdirectivos-de-chiquita-brands-por-presuntos-nexos-con-grupos-de-autodefensas\/#breadcrumb\",\"itemListElement\":[{\"@type\":\"ListItem\",\"position\":1,\"name\":\"Home\",\"item\":\"https:\/\/www.fiscalia.gov.co\/colombia\/\"},{\"@type\":\"ListItem\",\"position\":2,\"name\":\"Fiscal\u00eda dict\u00f3 resoluci\u00f3n de acusaci\u00f3n contra exdirectivos de Chiquita Brands por presuntos nexos con grupos de autodefensas\"}]},{\"@type\":\"WebSite\",\"@id\":\"https:\/\/www.fiscalia.gov.co\/colombia\/#website\",\"url\":\"https:\/\/www.fiscalia.gov.co\/colombia\/\",\"name\":\"Fiscal\u00eda General de la Naci\u00f3n\",\"description\":\"P\u00e1gina oficial de la Fiscal\u00eda General de la Naci\u00f3n \u2013 Colombia. Garantizamos el acceso efectivo a la justicia, la verdad y la reparaci\u00f3n de las v\u00edctimas de los delitos.\",\"publisher\":{\"@id\":\"https:\/\/www.fiscalia.gov.co\/colombia\/#organization\"},\"potentialAction\":[{\"@type\":\"SearchAction\",\"target\":{\"@type\":\"EntryPoint\",\"urlTemplate\":\"https:\/\/www.fiscalia.gov.co\/colombia\/?s={search_term_string}\"},\"query-input\":{\"@type\":\"PropertyValueSpecification\",\"valueRequired\":true,\"valueName\":\"search_term_string\"}}],\"inLanguage\":\"es-CO\"},{\"@type\":\"Organization\",\"@id\":\"https:\/\/www.fiscalia.gov.co\/colombia\/#organization\",\"name\":\"Fiscal\u00eda General de la Naci\u00f3n\",\"url\":\"https:\/\/www.fiscalia.gov.co\/colombia\/\",\"logo\":{\"@type\":\"ImageObject\",\"inLanguage\":\"es-CO\",\"@id\":\"https:\/\/www.fiscalia.gov.co\/colombia\/#\/schema\/logo\/image\/\",\"url\":\"https:\/\/www.fiscalia.gov.co\/colombia\/wp-content\/uploads\/LogoHorizontal_1.jpg\",\"contentUrl\":\"https:\/\/www.fiscalia.gov.co\/colombia\/wp-content\/uploads\/LogoHorizontal_1.jpg\",\"width\":300,\"height\":90,\"caption\":\"Fiscal\u00eda General de la Naci\u00f3n\"},\"image\":{\"@id\":\"https:\/\/www.fiscalia.gov.co\/colombia\/#\/schema\/logo\/image\/\"},\"sameAs\":[\"https:\/\/www.facebook.com\/FiscaliaCol\",\"https:\/\/x.com\/FiscaliaCol\",\"https:\/\/www.instagram.com\/fiscaliacol\",\"https:\/\/www.linkedin.com\/company\/fiscalia-general-de-la-naci-n\/\",\"https:\/\/youtube.com\/@fiscaliageneraldelanacion-4668?si=6nN79nyQICPU5iTh\"]},{\"@type\":\"Person\",\"@id\":\"https:\/\/www.fiscalia.gov.co\/colombia\/#\/schema\/person\/bf28d8ae7f1b287bbe3af484b04f43ea\",\"name\":\"Direcci\u00f3n de Comunicaciones Fiscal\u00eda General de la Naci\u00f3n\",\"image\":{\"@type\":\"ImageObject\",\"inLanguage\":\"es-CO\",\"@id\":\"https:\/\/www.fiscalia.gov.co\/colombia\/#\/schema\/person\/image\/\",\"url\":\"https:\/\/secure.gravatar.com\/avatar\/9d55ae161d32da16dbdd0b380c080a5f?s=96&d=mm&r=g\",\"contentUrl\":\"https:\/\/secure.gravatar.com\/avatar\/9d55ae161d32da16dbdd0b380c080a5f?s=96&d=mm&r=g\",\"caption\":\"Direcci\u00f3n de Comunicaciones Fiscal\u00eda General de la Naci\u00f3n\"},\"url\":\"https:\/\/www.fiscalia.gov.co\/colombia\/author\/kbonilla\/\"}]}<\/script>\n<!-- \/ Yoast SEO plugin. -->","yoast_head_json":{"title":"Fiscal\u00eda General de la Naci\u00f3n","description":"P\u00e1gina oficial de la Fiscal\u00eda General de la Naci\u00f3n \u2013 Colombia. Garantizamos el acceso efectivo a la justicia, la verdad y la reparaci\u00f3n de las v\u00edctimas de los delitos.","robots":{"index":"noindex","follow":"follow"},"og_locale":"es_ES","og_type":"article","og_title":"Fiscal\u00eda General de la Naci\u00f3n","og_description":"P\u00e1gina oficial de la Fiscal\u00eda General de la Naci\u00f3n \u2013 Colombia. Garantizamos el acceso efectivo a la justicia, la verdad y la reparaci\u00f3n de las v\u00edctimas de los delitos.","og_url":"https:\/\/www.fiscalia.gov.co\/colombia\/justicia-transicional\/fiscalia-dicto-resolucion-de-acusacion-contra-exdirectivos-de-chiquita-brands-por-presuntos-nexos-con-grupos-de-autodefensas\/","og_site_name":"Fiscal\u00eda General de la Naci\u00f3n","article_publisher":"https:\/\/www.facebook.com\/FiscaliaCol","article_published_time":"2018-08-31T20:21:12+00:00","article_modified_time":"2020-06-19T12:21:40+00:00","author":"Direcci\u00f3n de Comunicaciones Fiscal\u00eda General de la Naci\u00f3n","twitter_card":"summary_large_image","twitter_creator":"@FiscaliaCol","twitter_site":"@FiscaliaCol","twitter_misc":{"Escrito por":"Direcci\u00f3n de Comunicaciones Fiscal\u00eda General de la Naci\u00f3n","Tiempo de lectura":"2 minutos"},"schema":{"@context":"https:\/\/schema.org","@graph":[{"@type":"Article","@id":"https:\/\/www.fiscalia.gov.co\/colombia\/justicia-transicional\/fiscalia-dicto-resolucion-de-acusacion-contra-exdirectivos-de-chiquita-brands-por-presuntos-nexos-con-grupos-de-autodefensas\/#article","isPartOf":{"@id":"https:\/\/www.fiscalia.gov.co\/colombia\/justicia-transicional\/fiscalia-dicto-resolucion-de-acusacion-contra-exdirectivos-de-chiquita-brands-por-presuntos-nexos-con-grupos-de-autodefensas\/"},"author":{"name":"Direcci\u00f3n de Comunicaciones Fiscal\u00eda General de la Naci\u00f3n","@id":"https:\/\/www.fiscalia.gov.co\/colombia\/#\/schema\/person\/bf28d8ae7f1b287bbe3af484b04f43ea"},"headline":"Fiscal\u00eda dict\u00f3 resoluci\u00f3n de acusaci\u00f3n contra exdirectivos de Chiquita Brands por presuntos nexos con grupos de autodefensas","datePublished":"2018-08-31T20:21:12+00:00","dateModified":"2020-06-19T12:21:40+00:00","mainEntityOfPage":{"@id":"https:\/\/www.fiscalia.gov.co\/colombia\/justicia-transicional\/fiscalia-dicto-resolucion-de-acusacion-contra-exdirectivos-de-chiquita-brands-por-presuntos-nexos-con-grupos-de-autodefensas\/"},"wordCount":432,"publisher":{"@id":"https:\/\/www.fiscalia.gov.co\/colombia\/#organization"},"articleSection":["Derechos Humanos","Justicia Transicional"],"inLanguage":"es-CO"},{"@type":"WebPage","@id":"https:\/\/www.fiscalia.gov.co\/colombia\/justicia-transicional\/fiscalia-dicto-resolucion-de-acusacion-contra-exdirectivos-de-chiquita-brands-por-presuntos-nexos-con-grupos-de-autodefensas\/","url":"https:\/\/www.fiscalia.gov.co\/colombia\/justicia-transicional\/fiscalia-dicto-resolucion-de-acusacion-contra-exdirectivos-de-chiquita-brands-por-presuntos-nexos-con-grupos-de-autodefensas\/","name":"Fiscal\u00eda General de la Naci\u00f3n","isPartOf":{"@id":"https:\/\/www.fiscalia.gov.co\/colombia\/#website"},"datePublished":"2018-08-31T20:21:12+00:00","dateModified":"2020-06-19T12:21:40+00:00","description":"P\u00e1gina oficial de la Fiscal\u00eda General de la Naci\u00f3n \u2013 Colombia. Garantizamos el acceso efectivo a la justicia, la verdad y la reparaci\u00f3n de las v\u00edctimas de los delitos.","breadcrumb":{"@id":"https:\/\/www.fiscalia.gov.co\/colombia\/justicia-transicional\/fiscalia-dicto-resolucion-de-acusacion-contra-exdirectivos-de-chiquita-brands-por-presuntos-nexos-con-grupos-de-autodefensas\/#breadcrumb"},"inLanguage":"es-CO","potentialAction":[{"@type":"ReadAction","target":["https:\/\/www.fiscalia.gov.co\/colombia\/justicia-transicional\/fiscalia-dicto-resolucion-de-acusacion-contra-exdirectivos-de-chiquita-brands-por-presuntos-nexos-con-grupos-de-autodefensas\/"]}]},{"@type":"BreadcrumbList","@id":"https:\/\/www.fiscalia.gov.co\/colombia\/justicia-transicional\/fiscalia-dicto-resolucion-de-acusacion-contra-exdirectivos-de-chiquita-brands-por-presuntos-nexos-con-grupos-de-autodefensas\/#breadcrumb","itemListElement":[{"@type":"ListItem","position":1,"name":"Home","item":"https:\/\/www.fiscalia.gov.co\/colombia\/"},{"@type":"ListItem","position":2,"name":"Fiscal\u00eda dict\u00f3 resoluci\u00f3n de acusaci\u00f3n contra exdirectivos de Chiquita Brands por presuntos nexos con grupos de autodefensas"}]},{"@type":"WebSite","@id":"https:\/\/www.fiscalia.gov.co\/colombia\/#website","url":"https:\/\/www.fiscalia.gov.co\/colombia\/","name":"Fiscal\u00eda General de la Naci\u00f3n","description":"P\u00e1gina oficial de la Fiscal\u00eda General de la Naci\u00f3n \u2013 Colombia. Garantizamos el acceso efectivo a la justicia, la verdad y la reparaci\u00f3n de las v\u00edctimas de los delitos.","publisher":{"@id":"https:\/\/www.fiscalia.gov.co\/colombia\/#organization"},"potentialAction":[{"@type":"SearchAction","target":{"@type":"EntryPoint","urlTemplate":"https:\/\/www.fiscalia.gov.co\/colombia\/?s={search_term_string}"},"query-input":{"@type":"PropertyValueSpecification","valueRequired":true,"valueName":"search_term_string"}}],"inLanguage":"es-CO"},{"@type":"Organization","@id":"https:\/\/www.fiscalia.gov.co\/colombia\/#organization","name":"Fiscal\u00eda General de la Naci\u00f3n","url":"https:\/\/www.fiscalia.gov.co\/colombia\/","logo":{"@type":"ImageObject","inLanguage":"es-CO","@id":"https:\/\/www.fiscalia.gov.co\/colombia\/#\/schema\/logo\/image\/","url":"https:\/\/www.fiscalia.gov.co\/colombia\/wp-content\/uploads\/LogoHorizontal_1.jpg","contentUrl":"https:\/\/www.fiscalia.gov.co\/colombia\/wp-content\/uploads\/LogoHorizontal_1.jpg","width":300,"height":90,"caption":"Fiscal\u00eda General de la Naci\u00f3n"},"image":{"@id":"https:\/\/www.fiscalia.gov.co\/colombia\/#\/schema\/logo\/image\/"},"sameAs":["https:\/\/www.facebook.com\/FiscaliaCol","https:\/\/x.com\/FiscaliaCol","https:\/\/www.instagram.com\/fiscaliacol","https:\/\/www.linkedin.com\/company\/fiscalia-general-de-la-naci-n\/","https:\/\/youtube.com\/@fiscaliageneraldelanacion-4668?si=6nN79nyQICPU5iTh"]},{"@type":"Person","@id":"https:\/\/www.fiscalia.gov.co\/colombia\/#\/schema\/person\/bf28d8ae7f1b287bbe3af484b04f43ea","name":"Direcci\u00f3n de Comunicaciones Fiscal\u00eda General de la Naci\u00f3n","image":{"@type":"ImageObject","inLanguage":"es-CO","@id":"https:\/\/www.fiscalia.gov.co\/colombia\/#\/schema\/person\/image\/","url":"https:\/\/secure.gravatar.com\/avatar\/9d55ae161d32da16dbdd0b380c080a5f?s=96&d=mm&r=g","contentUrl":"https:\/\/secure.gravatar.com\/avatar\/9d55ae161d32da16dbdd0b380c080a5f?s=96&d=mm&r=g","caption":"Direcci\u00f3n de Comunicaciones Fiscal\u00eda General de la Naci\u00f3n"},"url":"https:\/\/www.fiscalia.gov.co\/colombia\/author\/kbonilla\/"}]}},"_links":{"self":[{"href":"https:\/\/www.fiscalia.gov.co\/colombia\/wp-json\/wp\/v2\/posts\/167982","targetHints":{"allow":["GET"]}}],"collection":[{"href":"https:\/\/www.fiscalia.gov.co\/colombia\/wp-json\/wp\/v2\/posts"}],"about":[{"href":"https:\/\/www.fiscalia.gov.co\/colombia\/wp-json\/wp\/v2\/types\/post"}],"author":[{"embeddable":true,"href":"https:\/\/www.fiscalia.gov.co\/colombia\/wp-json\/wp\/v2\/users\/162"}],"replies":[{"embeddable":true,"href":"https:\/\/www.fiscalia.gov.co\/colombia\/wp-json\/wp\/v2\/comments?post=167982"}],"version-history":[{"count":4,"href":"https:\/\/www.fiscalia.gov.co\/colombia\/wp-json\/wp\/v2\/posts\/167982\/revisions"}],"predecessor-version":[{"id":195911,"href":"https:\/\/www.fiscalia.gov.co\/colombia\/wp-json\/wp\/v2\/posts\/167982\/revisions\/195911"}],"wp:attachment":[{"href":"https:\/\/www.fiscalia.gov.co\/colombia\/wp-json\/wp\/v2\/media?parent=167982"}],"wp:term":[{"taxonomy":"category","embeddable":true,"href":"https:\/\/www.fiscalia.gov.co\/colombia\/wp-json\/wp\/v2\/categories?post=167982"},{"taxonomy":"post_tag","embeddable":true,"href":"https:\/\/www.fiscalia.gov.co\/colombia\/wp-json\/wp\/v2\/tags?post=167982"}],"curies":[{"name":"wp","href":"https:\/\/api.w.org\/{rel}","templated":true}]}}