{"id":167976,"date":"2018-08-31T14:12:14","date_gmt":"2018-08-31T19:12:14","guid":{"rendered":"https:\/\/www.fiscalia.gov.co\/colombia\/?p=167976"},"modified":"2018-08-31T14:12:14","modified_gmt":"2018-08-31T19:12:14","slug":"audios-en-poder-de-la-fiscalia-evidencian-manipulacion-del-proceso-de-seleccion-de-la-personera-de-neiva","status":"publish","type":"post","link":"https:\/\/www.fiscalia.gov.co\/colombia\/seccionales\/audios-en-poder-de-la-fiscalia-evidencian-manipulacion-del-proceso-de-seleccion-de-la-personera-de-neiva\/","title":{"rendered":"Audios en poder de la Fiscal\u00eda evidencian manipulaci\u00f3n del proceso de selecci\u00f3n de la personera de Neiva"},"content":{"rendered":"<p><em><u>Las interceptaciones demostrar\u00edan la participaci\u00f3n del contralor de Neiva en las irregularidades y que se ocult\u00f3 informaci\u00f3n sobre el proceso de selecci\u00f3n.<\/u><\/em><\/p>\n<p>En desarrollo de las audiencias concentradas de judicializaci\u00f3n, que ya completan 8 d\u00edas, en contra de 15 personas, entre ellas 8 concejales de Neiva (Huila), el contralor actual, Jos\u00e9 Hildebr\u00e1n Perdomo, y la personera, Heydi Lorena S\u00e1nchez, la Fiscal\u00eda revela detalles sobre audios que tiene en su poder a trav\u00e9s de los cuales se pone en evidencia la manipulaci\u00f3n a la que se vio sometida la selecci\u00f3n de la citada personera.<\/p>\n<p>En una de las comunicaciones interceptadas interviene Vladimir Fern\u00e1ndez Andrade, secretario de la Federaci\u00f3n Nacional de Departamentos, y su primo el contralor de Neiva en menci\u00f3n, donde le dice que siendo \u00e9l quien orient\u00f3 el proceso de elecci\u00f3n, tiene que \u201cenredar la pita\u201d en el Tribunal Contencioso del Huila para mantener la elecci\u00f3n de la funcionaria.<\/p>\n<p><strong><u>Llamada<\/u><\/strong><\/p>\n<p><strong><em>Vladimir Fern\u00e1ndez Andrade:<\/em><\/strong><\/p>\n<p><em>(\u2026) pero a m\u00ed me sigue preocupando m\u00e1s Heidy, yo necesito que usted se apersone de eso y saque eso adelante, usted ya sabe por qu\u00e9 (\u2026) yo por eso pido que todas esas pruebas no las decreten mientras enredo la pita y etc\u00e9tera y etc\u00e9tera, pero eso hay que preverlo porque son antecedentes administrativos y los van a tener que entregar. Ojo con eso, eso no puede salir la cagada, mejor dicho,\u00a0 su se\u00f1or\u00eda orient\u00f3 la elecci\u00f3n, no podemos dar papaya. <\/em><\/p>\n<p><em>(\u2026) acu\u00e9rdese que los soportes no est\u00e1n bien hechos, acu\u00e9rdese que son unas hojas de Excel mal hechas. Se acuerda? <\/em><\/p>\n<p><strong><em>Contralor Jos\u00e9 Hildebr\u00e1n Perdomo:<\/em><\/strong><\/p>\n<p><em>(\u2026) en vista de la falla que se cometi\u00f3 en cuanto a la ponderaci\u00f3n de la experiencia cuando no debi\u00f3 haberse hecho, que se hizo para todos; eso, entiendo, no lo vamos a suministrar. <\/em><\/p>\n<p><strong><em>Vladimir Fern\u00e1ndez Andrade:<\/em><\/strong><\/p>\n<p><em>Exactamente, eso no lo vamos a suministrar, pero hay que suministrar algo que justifique esos puntos, me hago entender, algo tendr\u00e1 que salir as\u00ed no sea puntual, puntual, ese algo que justifique esos puntos, es lo que necesito, lo que sea para que no vayan y espulguen m\u00e1s, si me entiende?<\/em><\/p>\n<p>Se evidenci\u00f3 entonces que se pretend\u00eda ocultar informaci\u00f3n dentro de la acci\u00f3n de nulidad instaurada por la elecci\u00f3n \u2014al parecer fraudulenta\u2014 y por las investigaciones que adelantaba en su momento la Fiscal\u00eda General de la Naci\u00f3n en la Universidad Surcolombiana.<\/p>\n<p>Con este material\u00a0 probatorio, una fiscal\u00eda seccional del grupo de Administraci\u00f3n P\u00fablica de la Seccional Huila, que adelanta la investigaci\u00f3n, compuls\u00f3 copias contra el secretario de la Federaci\u00f3n Nacional de Departamentos, por el presunto ocultamiento de material probatorio y por el delito de fraude procesal.<\/p>\n<p>Es de recordar que los procesados fueron detenidos la semana pasada por funcionarios del CTI de la Fiscal\u00eda, debido a que el ente acusador cuenta con elementos con vocaci\u00f3n de prueba que indicar\u00edan que un contratista privado de la regi\u00f3n financi\u00f3 la candidatura de los dos aspirantes a los entes de control y, presuntamente, entreg\u00f3 d\u00e1divas hasta por $12\u2019000.000 a varios de los entonces integrantes del Concejo de Neiva, para que votaran a favor de sus candidatos.<\/p>\n<p>Al parecer, en los procesos de selecci\u00f3n cumplidos a finales del a\u00f1o 2015 e inicios del a\u00f1o 2016, los cabildantes se inclinaron por las dos personas referenciadas con dineros de por medio y, adicionalmente, habr\u00edan solicitado cargos en la Personer\u00eda y Contralor\u00eda para que la elecci\u00f3n fuera efectiva, como finalmente ocurri\u00f3.<\/p>\n<p>Los detenidos son los concejales Deiby Mart\u00ednez, Dolcey Andrade, Jes\u00fas Garz\u00f3n, Juan Carlos Ram\u00f3n, Luis Eduardo Penagos Hern\u00e1ndez, Marco Alirio Carrasquilla, Ovidio Serrato, Roberto Escobar; el exconcejal Jorge Eli\u00e9cer Cante Cruz, el tambi\u00e9n exconcejal y hoy diputado \u00d3scar Urue\u00f1a, el exfuncionario de la Universidad Surcolombiana (Usco), Luis Antonio Medina; el empresario Ren\u00e9 Cantillo y los dos funcionarios por los que est\u00e1n siendo cuestionadas sus elecciones.<\/p>\n<p>Hasta ahora el representante de la Fiscal\u00eda avanza en las solicitudes de medida de aseguramiento luego de que los procesados no aceptaron los cargos imputados por los delitos de cohecho por dar u ofrecer, cohecho propio, contrato sin cumplimiento de requisitos legales, inter\u00e9s indebido en la celebraci\u00f3n de contratos, obtenci\u00f3n de documento p\u00fablico falso y destrucci\u00f3n, supresi\u00f3n y ocultamiento de documento p\u00fablico.<\/p>\n<p>La Fiscal\u00eda hace p\u00fablica esta informaci\u00f3n por razones de inter\u00e9s general.<\/p>\n<p>PAAM\/DLBM<\/p>\n\n<div class=\"twitter-share\"><a href=\"https:\/\/twitter.com\/intent\/tweet?via=fiscaliacol\" class=\"twitter-share-button\">Tweet<\/a><\/div>\n","protected":false},"excerpt":{"rendered":"<p>Las interceptaciones demostrar\u00edan la participaci\u00f3n del contralor de Neiva en las irregularidades y que se ocult\u00f3 informaci\u00f3n sobre el proceso de selecci\u00f3n. En desarrollo de las audiencias concentradas de judicializaci\u00f3n, que ya completan 8 d\u00edas, en contra de 15 personas, entre ellas 8 concejales de Neiva (Huila), el contralor actual, Jos\u00e9 Hildebr\u00e1n Perdomo, y la [&hellip;]<\/p>\n","protected":false},"author":162,"featured_media":0,"comment_status":"closed","ping_status":"open","sticky":false,"template":"","format":"standard","meta":{"_price":"","_stock":"","_tribe_ticket_header":"","_tribe_default_ticket_provider":"","_tribe_ticket_capacity":"0","_ticket_start_date":"","_ticket_end_date":"","_tribe_ticket_show_description":"","_tribe_ticket_show_not_going":false,"_tribe_ticket_use_global_stock":"","_tribe_ticket_global_stock_level":"","_global_stock_mode":"","_global_stock_cap":"","_tribe_rsvp_for_event":"","_tribe_ticket_going_count":"","_tribe_ticket_not_going_count":"","_tribe_tickets_list":"[]","_tribe_ticket_has_attendee_info_fields":false,"tdm_status":"","tdm_grid_status":"","footnotes":""},"categories":[24107,333,303],"tags":[],"class_list":{"0":"post-167976","1":"post","2":"type-post","3":"status-publish","4":"format-standard","6":"category-lucha-contra-corrupcion","7":"category-seccional-neiva","8":"category-seccionales"},"yoast_head":"<!-- This site is optimized with the Yoast SEO plugin v24.3 - https:\/\/yoast.com\/wordpress\/plugins\/seo\/ -->\n<title>Fiscal\u00eda General de la Naci\u00f3n<\/title>\n<meta name=\"description\" content=\"P\u00e1gina oficial de la Fiscal\u00eda General de la Naci\u00f3n \u2013 Colombia. Garantizamos el acceso efectivo a la justicia, la verdad y la reparaci\u00f3n de las v\u00edctimas de los delitos.\" \/>\n<meta name=\"robots\" content=\"noindex, follow\" \/>\n<meta property=\"og:locale\" content=\"es_ES\" \/>\n<meta property=\"og:type\" content=\"article\" \/>\n<meta property=\"og:title\" content=\"Fiscal\u00eda General de la Naci\u00f3n\" \/>\n<meta property=\"og:description\" content=\"P\u00e1gina oficial de la Fiscal\u00eda General de la Naci\u00f3n \u2013 Colombia. Garantizamos el acceso efectivo a la justicia, la verdad y la reparaci\u00f3n de las v\u00edctimas de los delitos.\" \/>\n<meta property=\"og:url\" content=\"https:\/\/www.fiscalia.gov.co\/colombia\/seccionales\/audios-en-poder-de-la-fiscalia-evidencian-manipulacion-del-proceso-de-seleccion-de-la-personera-de-neiva\/\" \/>\n<meta property=\"og:site_name\" content=\"Fiscal\u00eda General de la Naci\u00f3n\" \/>\n<meta property=\"article:publisher\" content=\"https:\/\/www.facebook.com\/FiscaliaCol\" \/>\n<meta property=\"article:published_time\" content=\"2018-08-31T19:12:14+00:00\" \/>\n<meta name=\"author\" content=\"Direcci\u00f3n de Comunicaciones Fiscal\u00eda General de la Naci\u00f3n\" \/>\n<meta name=\"twitter:card\" content=\"summary_large_image\" \/>\n<meta name=\"twitter:creator\" content=\"@FiscaliaCol\" \/>\n<meta name=\"twitter:site\" content=\"@FiscaliaCol\" \/>\n<meta name=\"twitter:label1\" content=\"Escrito por\" \/>\n\t<meta name=\"twitter:data1\" content=\"Direcci\u00f3n de Comunicaciones Fiscal\u00eda General de la Naci\u00f3n\" \/>\n\t<meta name=\"twitter:label2\" content=\"Tiempo de lectura\" \/>\n\t<meta name=\"twitter:data2\" content=\"4 minutos\" \/>\n<script type=\"application\/ld+json\" class=\"yoast-schema-graph\">{\"@context\":\"https:\/\/schema.org\",\"@graph\":[{\"@type\":\"Article\",\"@id\":\"https:\/\/www.fiscalia.gov.co\/colombia\/seccionales\/audios-en-poder-de-la-fiscalia-evidencian-manipulacion-del-proceso-de-seleccion-de-la-personera-de-neiva\/#article\",\"isPartOf\":{\"@id\":\"https:\/\/www.fiscalia.gov.co\/colombia\/seccionales\/audios-en-poder-de-la-fiscalia-evidencian-manipulacion-del-proceso-de-seleccion-de-la-personera-de-neiva\/\"},\"author\":{\"name\":\"Direcci\u00f3n de Comunicaciones Fiscal\u00eda General de la Naci\u00f3n\",\"@id\":\"https:\/\/www.fiscalia.gov.co\/colombia\/#\/schema\/person\/bf28d8ae7f1b287bbe3af484b04f43ea\"},\"headline\":\"Audios en poder de la Fiscal\u00eda evidencian manipulaci\u00f3n del proceso de selecci\u00f3n de la personera de Neiva\",\"datePublished\":\"2018-08-31T19:12:14+00:00\",\"dateModified\":\"2018-08-31T19:12:14+00:00\",\"mainEntityOfPage\":{\"@id\":\"https:\/\/www.fiscalia.gov.co\/colombia\/seccionales\/audios-en-poder-de-la-fiscalia-evidencian-manipulacion-del-proceso-de-seleccion-de-la-personera-de-neiva\/\"},\"wordCount\":785,\"publisher\":{\"@id\":\"https:\/\/www.fiscalia.gov.co\/colombia\/#organization\"},\"articleSection\":[\"Corrupci\u00f3n\",\"Seccional Neiva\",\"Seccionales\"],\"inLanguage\":\"es-CO\"},{\"@type\":\"WebPage\",\"@id\":\"https:\/\/www.fiscalia.gov.co\/colombia\/seccionales\/audios-en-poder-de-la-fiscalia-evidencian-manipulacion-del-proceso-de-seleccion-de-la-personera-de-neiva\/\",\"url\":\"https:\/\/www.fiscalia.gov.co\/colombia\/seccionales\/audios-en-poder-de-la-fiscalia-evidencian-manipulacion-del-proceso-de-seleccion-de-la-personera-de-neiva\/\",\"name\":\"Fiscal\u00eda General de la Naci\u00f3n\",\"isPartOf\":{\"@id\":\"https:\/\/www.fiscalia.gov.co\/colombia\/#website\"},\"datePublished\":\"2018-08-31T19:12:14+00:00\",\"dateModified\":\"2018-08-31T19:12:14+00:00\",\"description\":\"P\u00e1gina oficial de la Fiscal\u00eda General de la Naci\u00f3n \u2013 Colombia. Garantizamos el acceso efectivo a la justicia, la verdad y la reparaci\u00f3n de las v\u00edctimas de los delitos.\",\"breadcrumb\":{\"@id\":\"https:\/\/www.fiscalia.gov.co\/colombia\/seccionales\/audios-en-poder-de-la-fiscalia-evidencian-manipulacion-del-proceso-de-seleccion-de-la-personera-de-neiva\/#breadcrumb\"},\"inLanguage\":\"es-CO\",\"potentialAction\":[{\"@type\":\"ReadAction\",\"target\":[\"https:\/\/www.fiscalia.gov.co\/colombia\/seccionales\/audios-en-poder-de-la-fiscalia-evidencian-manipulacion-del-proceso-de-seleccion-de-la-personera-de-neiva\/\"]}]},{\"@type\":\"BreadcrumbList\",\"@id\":\"https:\/\/www.fiscalia.gov.co\/colombia\/seccionales\/audios-en-poder-de-la-fiscalia-evidencian-manipulacion-del-proceso-de-seleccion-de-la-personera-de-neiva\/#breadcrumb\",\"itemListElement\":[{\"@type\":\"ListItem\",\"position\":1,\"name\":\"Home\",\"item\":\"https:\/\/www.fiscalia.gov.co\/colombia\/\"},{\"@type\":\"ListItem\",\"position\":2,\"name\":\"Audios en poder de la Fiscal\u00eda evidencian manipulaci\u00f3n del proceso de selecci\u00f3n de la personera de Neiva\"}]},{\"@type\":\"WebSite\",\"@id\":\"https:\/\/www.fiscalia.gov.co\/colombia\/#website\",\"url\":\"https:\/\/www.fiscalia.gov.co\/colombia\/\",\"name\":\"Fiscal\u00eda General de la Naci\u00f3n\",\"description\":\"P\u00e1gina oficial de la Fiscal\u00eda General de la Naci\u00f3n \u2013 Colombia. Garantizamos el acceso efectivo a la justicia, la verdad y la reparaci\u00f3n de las v\u00edctimas de los delitos.\",\"publisher\":{\"@id\":\"https:\/\/www.fiscalia.gov.co\/colombia\/#organization\"},\"potentialAction\":[{\"@type\":\"SearchAction\",\"target\":{\"@type\":\"EntryPoint\",\"urlTemplate\":\"https:\/\/www.fiscalia.gov.co\/colombia\/?s={search_term_string}\"},\"query-input\":{\"@type\":\"PropertyValueSpecification\",\"valueRequired\":true,\"valueName\":\"search_term_string\"}}],\"inLanguage\":\"es-CO\"},{\"@type\":\"Organization\",\"@id\":\"https:\/\/www.fiscalia.gov.co\/colombia\/#organization\",\"name\":\"Fiscal\u00eda General de la Naci\u00f3n\",\"url\":\"https:\/\/www.fiscalia.gov.co\/colombia\/\",\"logo\":{\"@type\":\"ImageObject\",\"inLanguage\":\"es-CO\",\"@id\":\"https:\/\/www.fiscalia.gov.co\/colombia\/#\/schema\/logo\/image\/\",\"url\":\"https:\/\/www.fiscalia.gov.co\/colombia\/wp-content\/uploads\/LogoHorizontal_1.jpg\",\"contentUrl\":\"https:\/\/www.fiscalia.gov.co\/colombia\/wp-content\/uploads\/LogoHorizontal_1.jpg\",\"width\":300,\"height\":90,\"caption\":\"Fiscal\u00eda General de la Naci\u00f3n\"},\"image\":{\"@id\":\"https:\/\/www.fiscalia.gov.co\/colombia\/#\/schema\/logo\/image\/\"},\"sameAs\":[\"https:\/\/www.facebook.com\/FiscaliaCol\",\"https:\/\/x.com\/FiscaliaCol\",\"https:\/\/www.instagram.com\/fiscaliacol\",\"https:\/\/www.linkedin.com\/company\/fiscalia-general-de-la-naci-n\/\",\"https:\/\/youtube.com\/@fiscaliageneraldelanacion-4668?si=6nN79nyQICPU5iTh\"]},{\"@type\":\"Person\",\"@id\":\"https:\/\/www.fiscalia.gov.co\/colombia\/#\/schema\/person\/bf28d8ae7f1b287bbe3af484b04f43ea\",\"name\":\"Direcci\u00f3n de Comunicaciones Fiscal\u00eda General de la Naci\u00f3n\",\"image\":{\"@type\":\"ImageObject\",\"inLanguage\":\"es-CO\",\"@id\":\"https:\/\/www.fiscalia.gov.co\/colombia\/#\/schema\/person\/image\/\",\"url\":\"https:\/\/secure.gravatar.com\/avatar\/9d55ae161d32da16dbdd0b380c080a5f?s=96&d=mm&r=g\",\"contentUrl\":\"https:\/\/secure.gravatar.com\/avatar\/9d55ae161d32da16dbdd0b380c080a5f?s=96&d=mm&r=g\",\"caption\":\"Direcci\u00f3n de Comunicaciones Fiscal\u00eda General de la Naci\u00f3n\"},\"url\":\"https:\/\/www.fiscalia.gov.co\/colombia\/author\/kbonilla\/\"}]}<\/script>\n<!-- \/ Yoast SEO plugin. -->","yoast_head_json":{"title":"Fiscal\u00eda General de la Naci\u00f3n","description":"P\u00e1gina oficial de la Fiscal\u00eda General de la Naci\u00f3n \u2013 Colombia. Garantizamos el acceso efectivo a la justicia, la verdad y la reparaci\u00f3n de las v\u00edctimas de los delitos.","robots":{"index":"noindex","follow":"follow"},"og_locale":"es_ES","og_type":"article","og_title":"Fiscal\u00eda General de la Naci\u00f3n","og_description":"P\u00e1gina oficial de la Fiscal\u00eda General de la Naci\u00f3n \u2013 Colombia. Garantizamos el acceso efectivo a la justicia, la verdad y la reparaci\u00f3n de las v\u00edctimas de los delitos.","og_url":"https:\/\/www.fiscalia.gov.co\/colombia\/seccionales\/audios-en-poder-de-la-fiscalia-evidencian-manipulacion-del-proceso-de-seleccion-de-la-personera-de-neiva\/","og_site_name":"Fiscal\u00eda General de la Naci\u00f3n","article_publisher":"https:\/\/www.facebook.com\/FiscaliaCol","article_published_time":"2018-08-31T19:12:14+00:00","author":"Direcci\u00f3n de Comunicaciones Fiscal\u00eda General de la Naci\u00f3n","twitter_card":"summary_large_image","twitter_creator":"@FiscaliaCol","twitter_site":"@FiscaliaCol","twitter_misc":{"Escrito por":"Direcci\u00f3n de Comunicaciones Fiscal\u00eda General de la Naci\u00f3n","Tiempo de lectura":"4 minutos"},"schema":{"@context":"https:\/\/schema.org","@graph":[{"@type":"Article","@id":"https:\/\/www.fiscalia.gov.co\/colombia\/seccionales\/audios-en-poder-de-la-fiscalia-evidencian-manipulacion-del-proceso-de-seleccion-de-la-personera-de-neiva\/#article","isPartOf":{"@id":"https:\/\/www.fiscalia.gov.co\/colombia\/seccionales\/audios-en-poder-de-la-fiscalia-evidencian-manipulacion-del-proceso-de-seleccion-de-la-personera-de-neiva\/"},"author":{"name":"Direcci\u00f3n de Comunicaciones Fiscal\u00eda General de la Naci\u00f3n","@id":"https:\/\/www.fiscalia.gov.co\/colombia\/#\/schema\/person\/bf28d8ae7f1b287bbe3af484b04f43ea"},"headline":"Audios en poder de la Fiscal\u00eda evidencian manipulaci\u00f3n del proceso de selecci\u00f3n de la personera de Neiva","datePublished":"2018-08-31T19:12:14+00:00","dateModified":"2018-08-31T19:12:14+00:00","mainEntityOfPage":{"@id":"https:\/\/www.fiscalia.gov.co\/colombia\/seccionales\/audios-en-poder-de-la-fiscalia-evidencian-manipulacion-del-proceso-de-seleccion-de-la-personera-de-neiva\/"},"wordCount":785,"publisher":{"@id":"https:\/\/www.fiscalia.gov.co\/colombia\/#organization"},"articleSection":["Corrupci\u00f3n","Seccional Neiva","Seccionales"],"inLanguage":"es-CO"},{"@type":"WebPage","@id":"https:\/\/www.fiscalia.gov.co\/colombia\/seccionales\/audios-en-poder-de-la-fiscalia-evidencian-manipulacion-del-proceso-de-seleccion-de-la-personera-de-neiva\/","url":"https:\/\/www.fiscalia.gov.co\/colombia\/seccionales\/audios-en-poder-de-la-fiscalia-evidencian-manipulacion-del-proceso-de-seleccion-de-la-personera-de-neiva\/","name":"Fiscal\u00eda General de la Naci\u00f3n","isPartOf":{"@id":"https:\/\/www.fiscalia.gov.co\/colombia\/#website"},"datePublished":"2018-08-31T19:12:14+00:00","dateModified":"2018-08-31T19:12:14+00:00","description":"P\u00e1gina oficial de la Fiscal\u00eda General de la Naci\u00f3n \u2013 Colombia. Garantizamos el acceso efectivo a la justicia, la verdad y la reparaci\u00f3n de las v\u00edctimas de los delitos.","breadcrumb":{"@id":"https:\/\/www.fiscalia.gov.co\/colombia\/seccionales\/audios-en-poder-de-la-fiscalia-evidencian-manipulacion-del-proceso-de-seleccion-de-la-personera-de-neiva\/#breadcrumb"},"inLanguage":"es-CO","potentialAction":[{"@type":"ReadAction","target":["https:\/\/www.fiscalia.gov.co\/colombia\/seccionales\/audios-en-poder-de-la-fiscalia-evidencian-manipulacion-del-proceso-de-seleccion-de-la-personera-de-neiva\/"]}]},{"@type":"BreadcrumbList","@id":"https:\/\/www.fiscalia.gov.co\/colombia\/seccionales\/audios-en-poder-de-la-fiscalia-evidencian-manipulacion-del-proceso-de-seleccion-de-la-personera-de-neiva\/#breadcrumb","itemListElement":[{"@type":"ListItem","position":1,"name":"Home","item":"https:\/\/www.fiscalia.gov.co\/colombia\/"},{"@type":"ListItem","position":2,"name":"Audios en poder de la Fiscal\u00eda evidencian manipulaci\u00f3n del proceso de selecci\u00f3n de la personera de Neiva"}]},{"@type":"WebSite","@id":"https:\/\/www.fiscalia.gov.co\/colombia\/#website","url":"https:\/\/www.fiscalia.gov.co\/colombia\/","name":"Fiscal\u00eda General de la Naci\u00f3n","description":"P\u00e1gina oficial de la Fiscal\u00eda General de la Naci\u00f3n \u2013 Colombia. Garantizamos el acceso efectivo a la justicia, la verdad y la reparaci\u00f3n de las v\u00edctimas de los delitos.","publisher":{"@id":"https:\/\/www.fiscalia.gov.co\/colombia\/#organization"},"potentialAction":[{"@type":"SearchAction","target":{"@type":"EntryPoint","urlTemplate":"https:\/\/www.fiscalia.gov.co\/colombia\/?s={search_term_string}"},"query-input":{"@type":"PropertyValueSpecification","valueRequired":true,"valueName":"search_term_string"}}],"inLanguage":"es-CO"},{"@type":"Organization","@id":"https:\/\/www.fiscalia.gov.co\/colombia\/#organization","name":"Fiscal\u00eda General de la Naci\u00f3n","url":"https:\/\/www.fiscalia.gov.co\/colombia\/","logo":{"@type":"ImageObject","inLanguage":"es-CO","@id":"https:\/\/www.fiscalia.gov.co\/colombia\/#\/schema\/logo\/image\/","url":"https:\/\/www.fiscalia.gov.co\/colombia\/wp-content\/uploads\/LogoHorizontal_1.jpg","contentUrl":"https:\/\/www.fiscalia.gov.co\/colombia\/wp-content\/uploads\/LogoHorizontal_1.jpg","width":300,"height":90,"caption":"Fiscal\u00eda General de la Naci\u00f3n"},"image":{"@id":"https:\/\/www.fiscalia.gov.co\/colombia\/#\/schema\/logo\/image\/"},"sameAs":["https:\/\/www.facebook.com\/FiscaliaCol","https:\/\/x.com\/FiscaliaCol","https:\/\/www.instagram.com\/fiscaliacol","https:\/\/www.linkedin.com\/company\/fiscalia-general-de-la-naci-n\/","https:\/\/youtube.com\/@fiscaliageneraldelanacion-4668?si=6nN79nyQICPU5iTh"]},{"@type":"Person","@id":"https:\/\/www.fiscalia.gov.co\/colombia\/#\/schema\/person\/bf28d8ae7f1b287bbe3af484b04f43ea","name":"Direcci\u00f3n de Comunicaciones Fiscal\u00eda General de la Naci\u00f3n","image":{"@type":"ImageObject","inLanguage":"es-CO","@id":"https:\/\/www.fiscalia.gov.co\/colombia\/#\/schema\/person\/image\/","url":"https:\/\/secure.gravatar.com\/avatar\/9d55ae161d32da16dbdd0b380c080a5f?s=96&d=mm&r=g","contentUrl":"https:\/\/secure.gravatar.com\/avatar\/9d55ae161d32da16dbdd0b380c080a5f?s=96&d=mm&r=g","caption":"Direcci\u00f3n de Comunicaciones Fiscal\u00eda General de la Naci\u00f3n"},"url":"https:\/\/www.fiscalia.gov.co\/colombia\/author\/kbonilla\/"}]}},"_links":{"self":[{"href":"https:\/\/www.fiscalia.gov.co\/colombia\/wp-json\/wp\/v2\/posts\/167976","targetHints":{"allow":["GET"]}}],"collection":[{"href":"https:\/\/www.fiscalia.gov.co\/colombia\/wp-json\/wp\/v2\/posts"}],"about":[{"href":"https:\/\/www.fiscalia.gov.co\/colombia\/wp-json\/wp\/v2\/types\/post"}],"author":[{"embeddable":true,"href":"https:\/\/www.fiscalia.gov.co\/colombia\/wp-json\/wp\/v2\/users\/162"}],"replies":[{"embeddable":true,"href":"https:\/\/www.fiscalia.gov.co\/colombia\/wp-json\/wp\/v2\/comments?post=167976"}],"version-history":[{"count":1,"href":"https:\/\/www.fiscalia.gov.co\/colombia\/wp-json\/wp\/v2\/posts\/167976\/revisions"}],"predecessor-version":[{"id":167977,"href":"https:\/\/www.fiscalia.gov.co\/colombia\/wp-json\/wp\/v2\/posts\/167976\/revisions\/167977"}],"wp:attachment":[{"href":"https:\/\/www.fiscalia.gov.co\/colombia\/wp-json\/wp\/v2\/media?parent=167976"}],"wp:term":[{"taxonomy":"category","embeddable":true,"href":"https:\/\/www.fiscalia.gov.co\/colombia\/wp-json\/wp\/v2\/categories?post=167976"},{"taxonomy":"post_tag","embeddable":true,"href":"https:\/\/www.fiscalia.gov.co\/colombia\/wp-json\/wp\/v2\/tags?post=167976"}],"curies":[{"name":"wp","href":"https:\/\/api.w.org\/{rel}","templated":true}]}}