{"id":167759,"date":"2018-08-28T17:58:54","date_gmt":"2018-08-28T22:58:54","guid":{"rendered":"https:\/\/www.fiscalia.gov.co\/colombia\/?p=167759"},"modified":"2018-08-28T17:58:54","modified_gmt":"2018-08-28T22:58:54","slug":"detencion-en-centro-carcelario-por-pornografia-infantil","status":"publish","type":"post","link":"https:\/\/www.fiscalia.gov.co\/colombia\/seccionales\/detencion-en-centro-carcelario-por-pornografia-infantil\/","title":{"rendered":"Detenci\u00f3n en centro carcelario por pornograf\u00eda infantil"},"content":{"rendered":"<p>El procesado Yeison Fabi\u00e1n Castro Duc\u00f3n fue cobijado con medida de aseguramiento, privativa de la libertad en centro de reclusi\u00f3n, por el delito de pornograf\u00eda con menores de 18 a\u00f1os que le imput\u00f3 la Fiscal\u00eda.<\/p>\n<p>Este joven fue descubierto despu\u00e9s de haber subido 9 im\u00e1genes de contenido sexual con menores por internet, el 5 de marzo de 2017.<\/p>\n<p>Un fiscal destacado para Infancia y Adolescencia de la Delegada para la Seguridad Ciudadana\u00a0 orden\u00f3 una diligencia de allanamiento y registro, en la cual se materializ\u00f3 la captura de Castro Duc\u00f3n este 27 de agosto de 2018 y se incaut\u00f3 una memoria USB con 200 videos pornogr\u00e1ficos. Tambi\u00e9n fueron recuperados 224 videos m\u00e1s.<\/p>\n<p>En audiencias concentradas, realizadas ante el Juzgado 41 Penal Municipal con funci\u00f3n de control de garant\u00edas, el imputado no acept\u00f3 cargos.<\/p>\n<p>La Fiscal\u00eda General de la Naci\u00f3n hace p\u00fablica esta informaci\u00f3n por razones de inter\u00e9s general.<\/p>\n<p>LMFO\/DLBM<\/p>\n\n<div class=\"twitter-share\"><a href=\"https:\/\/twitter.com\/intent\/tweet?via=fiscaliacol\" class=\"twitter-share-button\">Tweet<\/a><\/div>\n","protected":false},"excerpt":{"rendered":"<p>El procesado Yeison Fabi\u00e1n Castro Duc\u00f3n fue cobijado con medida de aseguramiento, privativa de la libertad en centro de reclusi\u00f3n, por el delito de pornograf\u00eda con menores de 18 a\u00f1os que le imput\u00f3 la Fiscal\u00eda. Este joven fue descubierto despu\u00e9s de haber subido 9 im\u00e1genes de contenido sexual con menores por internet, el 5 de [&hellip;]<\/p>\n","protected":false},"author":162,"featured_media":0,"comment_status":"closed","ping_status":"open","sticky":false,"template":"","format":"standard","meta":{"tdm_status":"","tdm_grid_status":"","footnotes":""},"categories":[321,303,24099,24127],"tags":[],"class_list":{"0":"post-167759","1":"post","2":"type-post","3":"status-publish","4":"format-standard","6":"category-seccional-bogota","7":"category-seccionales","8":"category-seguridad-territorial","9":"category-violencia-sexual-e-intrafamiliar"},"yoast_head":"<!-- This site is optimized with the Yoast SEO plugin v24.3 - https:\/\/yoast.com\/wordpress\/plugins\/seo\/ -->\n<title>Fiscal\u00eda General de la Naci\u00f3n<\/title>\n<meta name=\"description\" content=\"P\u00e1gina oficial de la Fiscal\u00eda General de la Naci\u00f3n \u2013 Colombia. Garantizamos el acceso efectivo a la justicia, la verdad y la reparaci\u00f3n de las v\u00edctimas de los delitos.\" \/>\n<meta name=\"robots\" content=\"noindex, follow\" \/>\n<meta property=\"og:locale\" content=\"es_ES\" \/>\n<meta property=\"og:type\" content=\"article\" \/>\n<meta property=\"og:title\" content=\"Fiscal\u00eda General de la Naci\u00f3n\" \/>\n<meta property=\"og:description\" content=\"P\u00e1gina oficial de la Fiscal\u00eda General de la Naci\u00f3n \u2013 Colombia. Garantizamos el acceso efectivo a la justicia, la verdad y la reparaci\u00f3n de las v\u00edctimas de los delitos.\" \/>\n<meta property=\"og:url\" content=\"https:\/\/www.fiscalia.gov.co\/colombia\/seccionales\/detencion-en-centro-carcelario-por-pornografia-infantil\/\" \/>\n<meta property=\"og:site_name\" content=\"Fiscal\u00eda General de la Naci\u00f3n\" \/>\n<meta property=\"article:publisher\" content=\"https:\/\/www.facebook.com\/FiscaliaCol\" \/>\n<meta property=\"article:published_time\" content=\"2018-08-28T22:58:54+00:00\" \/>\n<meta name=\"author\" content=\"Direcci\u00f3n de Comunicaciones Fiscal\u00eda General de la Naci\u00f3n\" \/>\n<meta name=\"twitter:card\" content=\"summary_large_image\" \/>\n<meta name=\"twitter:creator\" content=\"@FiscaliaCol\" \/>\n<meta name=\"twitter:site\" content=\"@FiscaliaCol\" \/>\n<meta name=\"twitter:label1\" content=\"Escrito por\" \/>\n\t<meta name=\"twitter:data1\" content=\"Direcci\u00f3n de Comunicaciones Fiscal\u00eda General de la Naci\u00f3n\" \/>\n\t<meta name=\"twitter:label2\" content=\"Tiempo de lectura\" \/>\n\t<meta name=\"twitter:data2\" content=\"1 minuto\" \/>\n<script type=\"application\/ld+json\" class=\"yoast-schema-graph\">{\"@context\":\"https:\/\/schema.org\",\"@graph\":[{\"@type\":\"Article\",\"@id\":\"https:\/\/www.fiscalia.gov.co\/colombia\/seccionales\/detencion-en-centro-carcelario-por-pornografia-infantil\/#article\",\"isPartOf\":{\"@id\":\"https:\/\/www.fiscalia.gov.co\/colombia\/seccionales\/detencion-en-centro-carcelario-por-pornografia-infantil\/\"},\"author\":{\"name\":\"Direcci\u00f3n de Comunicaciones Fiscal\u00eda General de la Naci\u00f3n\",\"@id\":\"https:\/\/www.fiscalia.gov.co\/colombia\/#\/schema\/person\/bf28d8ae7f1b287bbe3af484b04f43ea\"},\"headline\":\"Detenci\u00f3n en centro carcelario por pornograf\u00eda infantil\",\"datePublished\":\"2018-08-28T22:58:54+00:00\",\"dateModified\":\"2018-08-28T22:58:54+00:00\",\"mainEntityOfPage\":{\"@id\":\"https:\/\/www.fiscalia.gov.co\/colombia\/seccionales\/detencion-en-centro-carcelario-por-pornografia-infantil\/\"},\"wordCount\":168,\"publisher\":{\"@id\":\"https:\/\/www.fiscalia.gov.co\/colombia\/#organization\"},\"articleSection\":[\"Seccional Bogot\u00e1\",\"Seccionales\",\"Seguridad territorial\",\"Violencia sexual e intrafamiliar\"],\"inLanguage\":\"es-CO\"},{\"@type\":\"WebPage\",\"@id\":\"https:\/\/www.fiscalia.gov.co\/colombia\/seccionales\/detencion-en-centro-carcelario-por-pornografia-infantil\/\",\"url\":\"https:\/\/www.fiscalia.gov.co\/colombia\/seccionales\/detencion-en-centro-carcelario-por-pornografia-infantil\/\",\"name\":\"Fiscal\u00eda General de la Naci\u00f3n\",\"isPartOf\":{\"@id\":\"https:\/\/www.fiscalia.gov.co\/colombia\/#website\"},\"datePublished\":\"2018-08-28T22:58:54+00:00\",\"dateModified\":\"2018-08-28T22:58:54+00:00\",\"description\":\"P\u00e1gina oficial de la Fiscal\u00eda General de la Naci\u00f3n \u2013 Colombia. Garantizamos el acceso efectivo a la justicia, la verdad y la reparaci\u00f3n de las v\u00edctimas de los delitos.\",\"breadcrumb\":{\"@id\":\"https:\/\/www.fiscalia.gov.co\/colombia\/seccionales\/detencion-en-centro-carcelario-por-pornografia-infantil\/#breadcrumb\"},\"inLanguage\":\"es-CO\",\"potentialAction\":[{\"@type\":\"ReadAction\",\"target\":[\"https:\/\/www.fiscalia.gov.co\/colombia\/seccionales\/detencion-en-centro-carcelario-por-pornografia-infantil\/\"]}]},{\"@type\":\"BreadcrumbList\",\"@id\":\"https:\/\/www.fiscalia.gov.co\/colombia\/seccionales\/detencion-en-centro-carcelario-por-pornografia-infantil\/#breadcrumb\",\"itemListElement\":[{\"@type\":\"ListItem\",\"position\":1,\"name\":\"Home\",\"item\":\"https:\/\/www.fiscalia.gov.co\/colombia\/\"},{\"@type\":\"ListItem\",\"position\":2,\"name\":\"Detenci\u00f3n en centro carcelario por pornograf\u00eda infantil\"}]},{\"@type\":\"WebSite\",\"@id\":\"https:\/\/www.fiscalia.gov.co\/colombia\/#website\",\"url\":\"https:\/\/www.fiscalia.gov.co\/colombia\/\",\"name\":\"Fiscal\u00eda General de la Naci\u00f3n\",\"description\":\"P\u00e1gina oficial de la Fiscal\u00eda General de la Naci\u00f3n \u2013 Colombia. Garantizamos el acceso efectivo a la justicia, la verdad y la reparaci\u00f3n de las v\u00edctimas de los delitos.\",\"publisher\":{\"@id\":\"https:\/\/www.fiscalia.gov.co\/colombia\/#organization\"},\"potentialAction\":[{\"@type\":\"SearchAction\",\"target\":{\"@type\":\"EntryPoint\",\"urlTemplate\":\"https:\/\/www.fiscalia.gov.co\/colombia\/?s={search_term_string}\"},\"query-input\":{\"@type\":\"PropertyValueSpecification\",\"valueRequired\":true,\"valueName\":\"search_term_string\"}}],\"inLanguage\":\"es-CO\"},{\"@type\":\"Organization\",\"@id\":\"https:\/\/www.fiscalia.gov.co\/colombia\/#organization\",\"name\":\"Fiscal\u00eda General de la Naci\u00f3n\",\"url\":\"https:\/\/www.fiscalia.gov.co\/colombia\/\",\"logo\":{\"@type\":\"ImageObject\",\"inLanguage\":\"es-CO\",\"@id\":\"https:\/\/www.fiscalia.gov.co\/colombia\/#\/schema\/logo\/image\/\",\"url\":\"https:\/\/www.fiscalia.gov.co\/colombia\/wp-content\/uploads\/LogoHorizontal_1.jpg\",\"contentUrl\":\"https:\/\/www.fiscalia.gov.co\/colombia\/wp-content\/uploads\/LogoHorizontal_1.jpg\",\"width\":300,\"height\":90,\"caption\":\"Fiscal\u00eda General de la Naci\u00f3n\"},\"image\":{\"@id\":\"https:\/\/www.fiscalia.gov.co\/colombia\/#\/schema\/logo\/image\/\"},\"sameAs\":[\"https:\/\/www.facebook.com\/FiscaliaCol\",\"https:\/\/x.com\/FiscaliaCol\",\"https:\/\/www.instagram.com\/fiscaliacol\",\"https:\/\/www.linkedin.com\/company\/fiscalia-general-de-la-naci-n\/\",\"https:\/\/youtube.com\/@fiscaliageneraldelanacion-4668?si=6nN79nyQICPU5iTh\"]},{\"@type\":\"Person\",\"@id\":\"https:\/\/www.fiscalia.gov.co\/colombia\/#\/schema\/person\/bf28d8ae7f1b287bbe3af484b04f43ea\",\"name\":\"Direcci\u00f3n de Comunicaciones Fiscal\u00eda General de la Naci\u00f3n\",\"image\":{\"@type\":\"ImageObject\",\"inLanguage\":\"es-CO\",\"@id\":\"https:\/\/www.fiscalia.gov.co\/colombia\/#\/schema\/person\/image\/\",\"url\":\"https:\/\/secure.gravatar.com\/avatar\/9d55ae161d32da16dbdd0b380c080a5f?s=96&d=mm&r=g\",\"contentUrl\":\"https:\/\/secure.gravatar.com\/avatar\/9d55ae161d32da16dbdd0b380c080a5f?s=96&d=mm&r=g\",\"caption\":\"Direcci\u00f3n de Comunicaciones Fiscal\u00eda General de la Naci\u00f3n\"},\"url\":\"https:\/\/www.fiscalia.gov.co\/colombia\/author\/kbonilla\/\"}]}<\/script>\n<!-- \/ Yoast SEO plugin. -->","yoast_head_json":{"title":"Fiscal\u00eda General de la Naci\u00f3n","description":"P\u00e1gina oficial de la Fiscal\u00eda General de la Naci\u00f3n \u2013 Colombia. Garantizamos el acceso efectivo a la justicia, la verdad y la reparaci\u00f3n de las v\u00edctimas de los delitos.","robots":{"index":"noindex","follow":"follow"},"og_locale":"es_ES","og_type":"article","og_title":"Fiscal\u00eda General de la Naci\u00f3n","og_description":"P\u00e1gina oficial de la Fiscal\u00eda General de la Naci\u00f3n \u2013 Colombia. Garantizamos el acceso efectivo a la justicia, la verdad y la reparaci\u00f3n de las v\u00edctimas de los delitos.","og_url":"https:\/\/www.fiscalia.gov.co\/colombia\/seccionales\/detencion-en-centro-carcelario-por-pornografia-infantil\/","og_site_name":"Fiscal\u00eda General de la Naci\u00f3n","article_publisher":"https:\/\/www.facebook.com\/FiscaliaCol","article_published_time":"2018-08-28T22:58:54+00:00","author":"Direcci\u00f3n de Comunicaciones Fiscal\u00eda General de la Naci\u00f3n","twitter_card":"summary_large_image","twitter_creator":"@FiscaliaCol","twitter_site":"@FiscaliaCol","twitter_misc":{"Escrito por":"Direcci\u00f3n de Comunicaciones Fiscal\u00eda General de la Naci\u00f3n","Tiempo de lectura":"1 minuto"},"schema":{"@context":"https:\/\/schema.org","@graph":[{"@type":"Article","@id":"https:\/\/www.fiscalia.gov.co\/colombia\/seccionales\/detencion-en-centro-carcelario-por-pornografia-infantil\/#article","isPartOf":{"@id":"https:\/\/www.fiscalia.gov.co\/colombia\/seccionales\/detencion-en-centro-carcelario-por-pornografia-infantil\/"},"author":{"name":"Direcci\u00f3n de Comunicaciones Fiscal\u00eda General de la Naci\u00f3n","@id":"https:\/\/www.fiscalia.gov.co\/colombia\/#\/schema\/person\/bf28d8ae7f1b287bbe3af484b04f43ea"},"headline":"Detenci\u00f3n en centro carcelario por pornograf\u00eda infantil","datePublished":"2018-08-28T22:58:54+00:00","dateModified":"2018-08-28T22:58:54+00:00","mainEntityOfPage":{"@id":"https:\/\/www.fiscalia.gov.co\/colombia\/seccionales\/detencion-en-centro-carcelario-por-pornografia-infantil\/"},"wordCount":168,"publisher":{"@id":"https:\/\/www.fiscalia.gov.co\/colombia\/#organization"},"articleSection":["Seccional Bogot\u00e1","Seccionales","Seguridad territorial","Violencia sexual e intrafamiliar"],"inLanguage":"es-CO"},{"@type":"WebPage","@id":"https:\/\/www.fiscalia.gov.co\/colombia\/seccionales\/detencion-en-centro-carcelario-por-pornografia-infantil\/","url":"https:\/\/www.fiscalia.gov.co\/colombia\/seccionales\/detencion-en-centro-carcelario-por-pornografia-infantil\/","name":"Fiscal\u00eda General de la Naci\u00f3n","isPartOf":{"@id":"https:\/\/www.fiscalia.gov.co\/colombia\/#website"},"datePublished":"2018-08-28T22:58:54+00:00","dateModified":"2018-08-28T22:58:54+00:00","description":"P\u00e1gina oficial de la Fiscal\u00eda General de la Naci\u00f3n \u2013 Colombia. Garantizamos el acceso efectivo a la justicia, la verdad y la reparaci\u00f3n de las v\u00edctimas de los delitos.","breadcrumb":{"@id":"https:\/\/www.fiscalia.gov.co\/colombia\/seccionales\/detencion-en-centro-carcelario-por-pornografia-infantil\/#breadcrumb"},"inLanguage":"es-CO","potentialAction":[{"@type":"ReadAction","target":["https:\/\/www.fiscalia.gov.co\/colombia\/seccionales\/detencion-en-centro-carcelario-por-pornografia-infantil\/"]}]},{"@type":"BreadcrumbList","@id":"https:\/\/www.fiscalia.gov.co\/colombia\/seccionales\/detencion-en-centro-carcelario-por-pornografia-infantil\/#breadcrumb","itemListElement":[{"@type":"ListItem","position":1,"name":"Home","item":"https:\/\/www.fiscalia.gov.co\/colombia\/"},{"@type":"ListItem","position":2,"name":"Detenci\u00f3n en centro carcelario por pornograf\u00eda infantil"}]},{"@type":"WebSite","@id":"https:\/\/www.fiscalia.gov.co\/colombia\/#website","url":"https:\/\/www.fiscalia.gov.co\/colombia\/","name":"Fiscal\u00eda General de la Naci\u00f3n","description":"P\u00e1gina oficial de la Fiscal\u00eda General de la Naci\u00f3n \u2013 Colombia. Garantizamos el acceso efectivo a la justicia, la verdad y la reparaci\u00f3n de las v\u00edctimas de los delitos.","publisher":{"@id":"https:\/\/www.fiscalia.gov.co\/colombia\/#organization"},"potentialAction":[{"@type":"SearchAction","target":{"@type":"EntryPoint","urlTemplate":"https:\/\/www.fiscalia.gov.co\/colombia\/?s={search_term_string}"},"query-input":{"@type":"PropertyValueSpecification","valueRequired":true,"valueName":"search_term_string"}}],"inLanguage":"es-CO"},{"@type":"Organization","@id":"https:\/\/www.fiscalia.gov.co\/colombia\/#organization","name":"Fiscal\u00eda General de la Naci\u00f3n","url":"https:\/\/www.fiscalia.gov.co\/colombia\/","logo":{"@type":"ImageObject","inLanguage":"es-CO","@id":"https:\/\/www.fiscalia.gov.co\/colombia\/#\/schema\/logo\/image\/","url":"https:\/\/www.fiscalia.gov.co\/colombia\/wp-content\/uploads\/LogoHorizontal_1.jpg","contentUrl":"https:\/\/www.fiscalia.gov.co\/colombia\/wp-content\/uploads\/LogoHorizontal_1.jpg","width":300,"height":90,"caption":"Fiscal\u00eda General de la Naci\u00f3n"},"image":{"@id":"https:\/\/www.fiscalia.gov.co\/colombia\/#\/schema\/logo\/image\/"},"sameAs":["https:\/\/www.facebook.com\/FiscaliaCol","https:\/\/x.com\/FiscaliaCol","https:\/\/www.instagram.com\/fiscaliacol","https:\/\/www.linkedin.com\/company\/fiscalia-general-de-la-naci-n\/","https:\/\/youtube.com\/@fiscaliageneraldelanacion-4668?si=6nN79nyQICPU5iTh"]},{"@type":"Person","@id":"https:\/\/www.fiscalia.gov.co\/colombia\/#\/schema\/person\/bf28d8ae7f1b287bbe3af484b04f43ea","name":"Direcci\u00f3n de Comunicaciones Fiscal\u00eda General de la Naci\u00f3n","image":{"@type":"ImageObject","inLanguage":"es-CO","@id":"https:\/\/www.fiscalia.gov.co\/colombia\/#\/schema\/person\/image\/","url":"https:\/\/secure.gravatar.com\/avatar\/9d55ae161d32da16dbdd0b380c080a5f?s=96&d=mm&r=g","contentUrl":"https:\/\/secure.gravatar.com\/avatar\/9d55ae161d32da16dbdd0b380c080a5f?s=96&d=mm&r=g","caption":"Direcci\u00f3n de Comunicaciones Fiscal\u00eda General de la Naci\u00f3n"},"url":"https:\/\/www.fiscalia.gov.co\/colombia\/author\/kbonilla\/"}]}},"_links":{"self":[{"href":"https:\/\/www.fiscalia.gov.co\/colombia\/wp-json\/wp\/v2\/posts\/167759","targetHints":{"allow":["GET"]}}],"collection":[{"href":"https:\/\/www.fiscalia.gov.co\/colombia\/wp-json\/wp\/v2\/posts"}],"about":[{"href":"https:\/\/www.fiscalia.gov.co\/colombia\/wp-json\/wp\/v2\/types\/post"}],"author":[{"embeddable":true,"href":"https:\/\/www.fiscalia.gov.co\/colombia\/wp-json\/wp\/v2\/users\/162"}],"replies":[{"embeddable":true,"href":"https:\/\/www.fiscalia.gov.co\/colombia\/wp-json\/wp\/v2\/comments?post=167759"}],"version-history":[{"count":1,"href":"https:\/\/www.fiscalia.gov.co\/colombia\/wp-json\/wp\/v2\/posts\/167759\/revisions"}],"predecessor-version":[{"id":167760,"href":"https:\/\/www.fiscalia.gov.co\/colombia\/wp-json\/wp\/v2\/posts\/167759\/revisions\/167760"}],"wp:attachment":[{"href":"https:\/\/www.fiscalia.gov.co\/colombia\/wp-json\/wp\/v2\/media?parent=167759"}],"wp:term":[{"taxonomy":"category","embeddable":true,"href":"https:\/\/www.fiscalia.gov.co\/colombia\/wp-json\/wp\/v2\/categories?post=167759"},{"taxonomy":"post_tag","embeddable":true,"href":"https:\/\/www.fiscalia.gov.co\/colombia\/wp-json\/wp\/v2\/tags?post=167759"}],"curies":[{"name":"wp","href":"https:\/\/api.w.org\/{rel}","templated":true}]}}