{"id":167689,"date":"2018-08-28T09:18:05","date_gmt":"2018-08-28T14:18:05","guid":{"rendered":"https:\/\/www.fiscalia.gov.co\/colombia\/?p=167689"},"modified":"2018-08-28T09:18:05","modified_gmt":"2018-08-28T14:18:05","slug":"imputacion-de-cargos-al-empresario-julio-gerlein-por-presunta-financiacion-ilegal-de-la-casa-blanca","status":"publish","type":"post","link":"https:\/\/www.fiscalia.gov.co\/colombia\/seccionales\/imputacion-de-cargos-al-empresario-julio-gerlein-por-presunta-financiacion-ilegal-de-la-casa-blanca\/","title":{"rendered":"Imputaci\u00f3n de cargos al empresario Julio Gerlein por presunta financiaci\u00f3n ilegal de la \u201cCasa Blanca\u201d"},"content":{"rendered":"<p><em>Fiscal\u00eda cuenta con material probatorio para adelantar el proceso judicial por los delitos de concierto para delinquir, corrupci\u00f3n al sufragante y violaci\u00f3n de los topes o l\u00edmites de gastos en campa\u00f1as electorales<\/em><\/p>\n<p>En defensa de la integridad de las jornadas electorales en el pa\u00eds, la Fiscal\u00eda General de la Naci\u00f3n ha adelantado investigaciones que dejan al descubierto complejos entramados de corrupci\u00f3n creados con el prop\u00f3sito de alterar el proceso democr\u00e1tico.<\/p>\n<p>En la tercera fase de la\u00a0 \u201cOperaci\u00f3n Casa Blanca\u201d en la que los investigadores de la Fiscal\u00eda develaron una red de compra de votos para favorecer\u00a0 a la candidata Aida Merlano y a la candidata Lilibeth Llin\u00e1s, en la ciudad de Barranquilla y otras ciudades del Atl\u00e1ntico, el fiscal de conocimiento dispuso citar a audiencia de imputaci\u00f3n de cargos al empresario Julio Gerlein, por su presunta participaci\u00f3n en esta organizaci\u00f3n y el otorgamiento de financiamiento electoral en contra de las leyes vigentes.<\/p>\n<p>Con base en el recaudo probatorio, el pr\u00f3ximo 01 de octubre -fecha asignada por el centro de servicios de Barranquilla, la Fiscal\u00eda imputar\u00e1 a Gerlein los siguientes delitos:<\/p>\n<ol>\n<li>Concierto para delinquir<\/li>\n<li>Corrupci\u00f3n al sufragante<\/li>\n<li>Violaci\u00f3n de los topes o l\u00edmites de gastos en las campa\u00f1as electorales<\/li>\n<\/ol>\n<p><strong>Balance de investigaciones<\/strong><\/p>\n<p>La Fiscal\u00eda estableci\u00f3 que la organizaci\u00f3n funcionaba al servicio de candidaturas que eran apoyadas por un grupo de dirigentes pol\u00edticos regionales que, a su vez, contactaban l\u00edderes encargados de reclutar electores de sus mercados cautivos. Tales electores recib\u00edan dinero a cambio de su voto, como si se tratara de una mercanc\u00eda, a partir de fuentes de financiaci\u00f3n il\u00edcitas.<\/p>\n<p>A la fecha se han adelantado la Fase I y II de la \u201cOperaci\u00f3n\u00a0 Casa Blanca\u201d con un balance de: Siete capturados por los delitos de corrupci\u00f3n al sufragante y el delito de concierto para delinquir agravado.<\/p>\n<p>Asimismo se han realizado audiencias de imputaci\u00f3n de cargos a la candidata a la C\u00e1mara de Representantes por Atl\u00e1ntico, Lilibeth Llin\u00e1s, por los delitos de concierto para delinquir y corrupci\u00f3n de sufragante en concurso homog\u00e9neo y sucesivo.<\/p>\n<p>Los diputados del Atl\u00e1ntico, Jorge Rangel y Margarita Bal\u00e9n, los delitos de concierto para delinquir y corrupci\u00f3n de sufragante en concurso homog\u00e9neo y sucesivo. A los Concejales de Barranquilla, Aissar Castro Bravo y Juan Carlos Zamora Calleja, los delitos de concierto para delinquir y corrupci\u00f3n de sufragante en concurso homog\u00e9neo y sucesivo y los exconcejales, Aissar Castro Reyes y Vicente T\u00e1mara, los delitos de concierto para delinquir y corrupci\u00f3n de sufragante en concurso homog\u00e9neo y sucesivo.<\/p>\n<p>Tambi\u00e9n fueron judicializados 20 l\u00edderes y seis (6) personas dedicadas a la log\u00edstica de compra de votos dentro de la \u201cCasa Blanca\u201d.<\/p>\n<p>Y el fiscal de conocimiento compuls\u00f3 copias el 20 de junio ante la Corte Suprema de Justicia en contra de la senadora electa A\u00edda Merlano, por el delito de violaci\u00f3n de los topes o l\u00edmites de gastos en las campa\u00f1as electorales.<\/p>\n<p>La Fiscal\u00eda hace p\u00fablica esta informaci\u00f3n por razones de inter\u00e9s general.<\/p>\n<p>&nbsp;<\/p>\n\n<div class=\"twitter-share\"><a href=\"https:\/\/twitter.com\/intent\/tweet?via=fiscaliacol\" class=\"twitter-share-button\">Tweet<\/a><\/div>\n","protected":false},"excerpt":{"rendered":"<p>Fiscal\u00eda cuenta con material probatorio para adelantar el proceso judicial por los delitos de concierto para delinquir, corrupci\u00f3n al sufragante y violaci\u00f3n de los topes o l\u00edmites de gastos en campa\u00f1as electorales En defensa de la integridad de las jornadas electorales en el pa\u00eds, la Fiscal\u00eda General de la Naci\u00f3n ha adelantado investigaciones que dejan [&hellip;]<\/p>\n","protected":false},"author":162,"featured_media":0,"comment_status":"closed","ping_status":"open","sticky":false,"template":"","format":"standard","meta":{"_price":"","_stock":"","_tribe_ticket_header":"","_tribe_default_ticket_provider":"","_tribe_ticket_capacity":"0","_ticket_start_date":"","_ticket_end_date":"","_tribe_ticket_show_description":"","_tribe_ticket_show_not_going":false,"_tribe_ticket_use_global_stock":"","_tribe_ticket_global_stock_level":"","_global_stock_mode":"","_global_stock_cap":"","_tribe_rsvp_for_event":"","_tribe_ticket_going_count":"","_tribe_ticket_not_going_count":"","_tribe_tickets_list":"[]","_tribe_ticket_has_attendee_info_fields":false,"tdm_status":"","tdm_grid_status":"","footnotes":""},"categories":[24107,320,303],"tags":[],"class_list":{"0":"post-167689","1":"post","2":"type-post","3":"status-publish","4":"format-standard","6":"category-lucha-contra-corrupcion","7":"category-seccional-barranquilla","8":"category-seccionales"},"yoast_head":"<!-- This site is optimized with the Yoast SEO plugin v24.3 - https:\/\/yoast.com\/wordpress\/plugins\/seo\/ -->\n<title>Fiscal\u00eda General de la Naci\u00f3n<\/title>\n<meta name=\"description\" content=\"P\u00e1gina oficial de la Fiscal\u00eda General de la Naci\u00f3n \u2013 Colombia. Garantizamos el acceso efectivo a la justicia, la verdad y la reparaci\u00f3n de las v\u00edctimas de los delitos.\" \/>\n<meta name=\"robots\" content=\"noindex, follow\" \/>\n<meta property=\"og:locale\" content=\"es_ES\" \/>\n<meta property=\"og:type\" content=\"article\" \/>\n<meta property=\"og:title\" content=\"Fiscal\u00eda General de la Naci\u00f3n\" \/>\n<meta property=\"og:description\" content=\"P\u00e1gina oficial de la Fiscal\u00eda General de la Naci\u00f3n \u2013 Colombia. Garantizamos el acceso efectivo a la justicia, la verdad y la reparaci\u00f3n de las v\u00edctimas de los delitos.\" \/>\n<meta property=\"og:url\" content=\"https:\/\/www.fiscalia.gov.co\/colombia\/seccionales\/imputacion-de-cargos-al-empresario-julio-gerlein-por-presunta-financiacion-ilegal-de-la-casa-blanca\/\" \/>\n<meta property=\"og:site_name\" content=\"Fiscal\u00eda General de la Naci\u00f3n\" \/>\n<meta property=\"article:publisher\" content=\"https:\/\/www.facebook.com\/FiscaliaCol\" \/>\n<meta property=\"article:published_time\" content=\"2018-08-28T14:18:05+00:00\" \/>\n<meta name=\"author\" content=\"Direcci\u00f3n de Comunicaciones Fiscal\u00eda General de la Naci\u00f3n\" \/>\n<meta name=\"twitter:card\" content=\"summary_large_image\" \/>\n<meta name=\"twitter:creator\" content=\"@FiscaliaCol\" \/>\n<meta name=\"twitter:site\" content=\"@FiscaliaCol\" \/>\n<meta name=\"twitter:label1\" content=\"Escrito por\" \/>\n\t<meta name=\"twitter:data1\" content=\"Direcci\u00f3n de Comunicaciones Fiscal\u00eda General de la Naci\u00f3n\" \/>\n\t<meta name=\"twitter:label2\" content=\"Tiempo de lectura\" \/>\n\t<meta name=\"twitter:data2\" content=\"3 minutos\" \/>\n<script type=\"application\/ld+json\" class=\"yoast-schema-graph\">{\"@context\":\"https:\/\/schema.org\",\"@graph\":[{\"@type\":\"Article\",\"@id\":\"https:\/\/www.fiscalia.gov.co\/colombia\/seccionales\/imputacion-de-cargos-al-empresario-julio-gerlein-por-presunta-financiacion-ilegal-de-la-casa-blanca\/#article\",\"isPartOf\":{\"@id\":\"https:\/\/www.fiscalia.gov.co\/colombia\/seccionales\/imputacion-de-cargos-al-empresario-julio-gerlein-por-presunta-financiacion-ilegal-de-la-casa-blanca\/\"},\"author\":{\"name\":\"Direcci\u00f3n de Comunicaciones Fiscal\u00eda General de la Naci\u00f3n\",\"@id\":\"https:\/\/www.fiscalia.gov.co\/colombia\/#\/schema\/person\/bf28d8ae7f1b287bbe3af484b04f43ea\"},\"headline\":\"Imputaci\u00f3n de cargos al empresario Julio Gerlein por presunta financiaci\u00f3n ilegal de la \u201cCasa Blanca\u201d\",\"datePublished\":\"2018-08-28T14:18:05+00:00\",\"dateModified\":\"2018-08-28T14:18:05+00:00\",\"mainEntityOfPage\":{\"@id\":\"https:\/\/www.fiscalia.gov.co\/colombia\/seccionales\/imputacion-de-cargos-al-empresario-julio-gerlein-por-presunta-financiacion-ilegal-de-la-casa-blanca\/\"},\"wordCount\":557,\"publisher\":{\"@id\":\"https:\/\/www.fiscalia.gov.co\/colombia\/#organization\"},\"articleSection\":[\"Corrupci\u00f3n\",\"Seccional Barranquilla\",\"Seccionales\"],\"inLanguage\":\"es-CO\"},{\"@type\":\"WebPage\",\"@id\":\"https:\/\/www.fiscalia.gov.co\/colombia\/seccionales\/imputacion-de-cargos-al-empresario-julio-gerlein-por-presunta-financiacion-ilegal-de-la-casa-blanca\/\",\"url\":\"https:\/\/www.fiscalia.gov.co\/colombia\/seccionales\/imputacion-de-cargos-al-empresario-julio-gerlein-por-presunta-financiacion-ilegal-de-la-casa-blanca\/\",\"name\":\"Fiscal\u00eda General de la Naci\u00f3n\",\"isPartOf\":{\"@id\":\"https:\/\/www.fiscalia.gov.co\/colombia\/#website\"},\"datePublished\":\"2018-08-28T14:18:05+00:00\",\"dateModified\":\"2018-08-28T14:18:05+00:00\",\"description\":\"P\u00e1gina oficial de la Fiscal\u00eda General de la Naci\u00f3n \u2013 Colombia. Garantizamos el acceso efectivo a la justicia, la verdad y la reparaci\u00f3n de las v\u00edctimas de los delitos.\",\"breadcrumb\":{\"@id\":\"https:\/\/www.fiscalia.gov.co\/colombia\/seccionales\/imputacion-de-cargos-al-empresario-julio-gerlein-por-presunta-financiacion-ilegal-de-la-casa-blanca\/#breadcrumb\"},\"inLanguage\":\"es-CO\",\"potentialAction\":[{\"@type\":\"ReadAction\",\"target\":[\"https:\/\/www.fiscalia.gov.co\/colombia\/seccionales\/imputacion-de-cargos-al-empresario-julio-gerlein-por-presunta-financiacion-ilegal-de-la-casa-blanca\/\"]}]},{\"@type\":\"BreadcrumbList\",\"@id\":\"https:\/\/www.fiscalia.gov.co\/colombia\/seccionales\/imputacion-de-cargos-al-empresario-julio-gerlein-por-presunta-financiacion-ilegal-de-la-casa-blanca\/#breadcrumb\",\"itemListElement\":[{\"@type\":\"ListItem\",\"position\":1,\"name\":\"Home\",\"item\":\"https:\/\/www.fiscalia.gov.co\/colombia\/\"},{\"@type\":\"ListItem\",\"position\":2,\"name\":\"Imputaci\u00f3n de cargos al empresario Julio Gerlein por presunta financiaci\u00f3n ilegal de la \u201cCasa Blanca\u201d\"}]},{\"@type\":\"WebSite\",\"@id\":\"https:\/\/www.fiscalia.gov.co\/colombia\/#website\",\"url\":\"https:\/\/www.fiscalia.gov.co\/colombia\/\",\"name\":\"Fiscal\u00eda General de la Naci\u00f3n\",\"description\":\"P\u00e1gina oficial de la Fiscal\u00eda General de la Naci\u00f3n \u2013 Colombia. Garantizamos el acceso efectivo a la justicia, la verdad y la reparaci\u00f3n de las v\u00edctimas de los delitos.\",\"publisher\":{\"@id\":\"https:\/\/www.fiscalia.gov.co\/colombia\/#organization\"},\"potentialAction\":[{\"@type\":\"SearchAction\",\"target\":{\"@type\":\"EntryPoint\",\"urlTemplate\":\"https:\/\/www.fiscalia.gov.co\/colombia\/?s={search_term_string}\"},\"query-input\":{\"@type\":\"PropertyValueSpecification\",\"valueRequired\":true,\"valueName\":\"search_term_string\"}}],\"inLanguage\":\"es-CO\"},{\"@type\":\"Organization\",\"@id\":\"https:\/\/www.fiscalia.gov.co\/colombia\/#organization\",\"name\":\"Fiscal\u00eda General de la Naci\u00f3n\",\"url\":\"https:\/\/www.fiscalia.gov.co\/colombia\/\",\"logo\":{\"@type\":\"ImageObject\",\"inLanguage\":\"es-CO\",\"@id\":\"https:\/\/www.fiscalia.gov.co\/colombia\/#\/schema\/logo\/image\/\",\"url\":\"https:\/\/www.fiscalia.gov.co\/colombia\/wp-content\/uploads\/LogoHorizontal_1.jpg\",\"contentUrl\":\"https:\/\/www.fiscalia.gov.co\/colombia\/wp-content\/uploads\/LogoHorizontal_1.jpg\",\"width\":300,\"height\":90,\"caption\":\"Fiscal\u00eda General de la Naci\u00f3n\"},\"image\":{\"@id\":\"https:\/\/www.fiscalia.gov.co\/colombia\/#\/schema\/logo\/image\/\"},\"sameAs\":[\"https:\/\/www.facebook.com\/FiscaliaCol\",\"https:\/\/x.com\/FiscaliaCol\",\"https:\/\/www.instagram.com\/fiscaliacol\",\"https:\/\/www.linkedin.com\/company\/fiscalia-general-de-la-naci-n\/\",\"https:\/\/youtube.com\/@fiscaliageneraldelanacion-4668?si=6nN79nyQICPU5iTh\"]},{\"@type\":\"Person\",\"@id\":\"https:\/\/www.fiscalia.gov.co\/colombia\/#\/schema\/person\/bf28d8ae7f1b287bbe3af484b04f43ea\",\"name\":\"Direcci\u00f3n de Comunicaciones Fiscal\u00eda General de la Naci\u00f3n\",\"image\":{\"@type\":\"ImageObject\",\"inLanguage\":\"es-CO\",\"@id\":\"https:\/\/www.fiscalia.gov.co\/colombia\/#\/schema\/person\/image\/\",\"url\":\"https:\/\/secure.gravatar.com\/avatar\/9d55ae161d32da16dbdd0b380c080a5f?s=96&d=mm&r=g\",\"contentUrl\":\"https:\/\/secure.gravatar.com\/avatar\/9d55ae161d32da16dbdd0b380c080a5f?s=96&d=mm&r=g\",\"caption\":\"Direcci\u00f3n de Comunicaciones Fiscal\u00eda General de la Naci\u00f3n\"},\"url\":\"https:\/\/www.fiscalia.gov.co\/colombia\/author\/kbonilla\/\"}]}<\/script>\n<!-- \/ Yoast SEO plugin. -->","yoast_head_json":{"title":"Fiscal\u00eda General de la Naci\u00f3n","description":"P\u00e1gina oficial de la Fiscal\u00eda General de la Naci\u00f3n \u2013 Colombia. Garantizamos el acceso efectivo a la justicia, la verdad y la reparaci\u00f3n de las v\u00edctimas de los delitos.","robots":{"index":"noindex","follow":"follow"},"og_locale":"es_ES","og_type":"article","og_title":"Fiscal\u00eda General de la Naci\u00f3n","og_description":"P\u00e1gina oficial de la Fiscal\u00eda General de la Naci\u00f3n \u2013 Colombia. Garantizamos el acceso efectivo a la justicia, la verdad y la reparaci\u00f3n de las v\u00edctimas de los delitos.","og_url":"https:\/\/www.fiscalia.gov.co\/colombia\/seccionales\/imputacion-de-cargos-al-empresario-julio-gerlein-por-presunta-financiacion-ilegal-de-la-casa-blanca\/","og_site_name":"Fiscal\u00eda General de la Naci\u00f3n","article_publisher":"https:\/\/www.facebook.com\/FiscaliaCol","article_published_time":"2018-08-28T14:18:05+00:00","author":"Direcci\u00f3n de Comunicaciones Fiscal\u00eda General de la Naci\u00f3n","twitter_card":"summary_large_image","twitter_creator":"@FiscaliaCol","twitter_site":"@FiscaliaCol","twitter_misc":{"Escrito por":"Direcci\u00f3n de Comunicaciones Fiscal\u00eda General de la Naci\u00f3n","Tiempo de lectura":"3 minutos"},"schema":{"@context":"https:\/\/schema.org","@graph":[{"@type":"Article","@id":"https:\/\/www.fiscalia.gov.co\/colombia\/seccionales\/imputacion-de-cargos-al-empresario-julio-gerlein-por-presunta-financiacion-ilegal-de-la-casa-blanca\/#article","isPartOf":{"@id":"https:\/\/www.fiscalia.gov.co\/colombia\/seccionales\/imputacion-de-cargos-al-empresario-julio-gerlein-por-presunta-financiacion-ilegal-de-la-casa-blanca\/"},"author":{"name":"Direcci\u00f3n de Comunicaciones Fiscal\u00eda General de la Naci\u00f3n","@id":"https:\/\/www.fiscalia.gov.co\/colombia\/#\/schema\/person\/bf28d8ae7f1b287bbe3af484b04f43ea"},"headline":"Imputaci\u00f3n de cargos al empresario Julio Gerlein por presunta financiaci\u00f3n ilegal de la \u201cCasa Blanca\u201d","datePublished":"2018-08-28T14:18:05+00:00","dateModified":"2018-08-28T14:18:05+00:00","mainEntityOfPage":{"@id":"https:\/\/www.fiscalia.gov.co\/colombia\/seccionales\/imputacion-de-cargos-al-empresario-julio-gerlein-por-presunta-financiacion-ilegal-de-la-casa-blanca\/"},"wordCount":557,"publisher":{"@id":"https:\/\/www.fiscalia.gov.co\/colombia\/#organization"},"articleSection":["Corrupci\u00f3n","Seccional Barranquilla","Seccionales"],"inLanguage":"es-CO"},{"@type":"WebPage","@id":"https:\/\/www.fiscalia.gov.co\/colombia\/seccionales\/imputacion-de-cargos-al-empresario-julio-gerlein-por-presunta-financiacion-ilegal-de-la-casa-blanca\/","url":"https:\/\/www.fiscalia.gov.co\/colombia\/seccionales\/imputacion-de-cargos-al-empresario-julio-gerlein-por-presunta-financiacion-ilegal-de-la-casa-blanca\/","name":"Fiscal\u00eda General de la Naci\u00f3n","isPartOf":{"@id":"https:\/\/www.fiscalia.gov.co\/colombia\/#website"},"datePublished":"2018-08-28T14:18:05+00:00","dateModified":"2018-08-28T14:18:05+00:00","description":"P\u00e1gina oficial de la Fiscal\u00eda General de la Naci\u00f3n \u2013 Colombia. Garantizamos el acceso efectivo a la justicia, la verdad y la reparaci\u00f3n de las v\u00edctimas de los delitos.","breadcrumb":{"@id":"https:\/\/www.fiscalia.gov.co\/colombia\/seccionales\/imputacion-de-cargos-al-empresario-julio-gerlein-por-presunta-financiacion-ilegal-de-la-casa-blanca\/#breadcrumb"},"inLanguage":"es-CO","potentialAction":[{"@type":"ReadAction","target":["https:\/\/www.fiscalia.gov.co\/colombia\/seccionales\/imputacion-de-cargos-al-empresario-julio-gerlein-por-presunta-financiacion-ilegal-de-la-casa-blanca\/"]}]},{"@type":"BreadcrumbList","@id":"https:\/\/www.fiscalia.gov.co\/colombia\/seccionales\/imputacion-de-cargos-al-empresario-julio-gerlein-por-presunta-financiacion-ilegal-de-la-casa-blanca\/#breadcrumb","itemListElement":[{"@type":"ListItem","position":1,"name":"Home","item":"https:\/\/www.fiscalia.gov.co\/colombia\/"},{"@type":"ListItem","position":2,"name":"Imputaci\u00f3n de cargos al empresario Julio Gerlein por presunta financiaci\u00f3n ilegal de la \u201cCasa Blanca\u201d"}]},{"@type":"WebSite","@id":"https:\/\/www.fiscalia.gov.co\/colombia\/#website","url":"https:\/\/www.fiscalia.gov.co\/colombia\/","name":"Fiscal\u00eda General de la Naci\u00f3n","description":"P\u00e1gina oficial de la Fiscal\u00eda General de la Naci\u00f3n \u2013 Colombia. Garantizamos el acceso efectivo a la justicia, la verdad y la reparaci\u00f3n de las v\u00edctimas de los delitos.","publisher":{"@id":"https:\/\/www.fiscalia.gov.co\/colombia\/#organization"},"potentialAction":[{"@type":"SearchAction","target":{"@type":"EntryPoint","urlTemplate":"https:\/\/www.fiscalia.gov.co\/colombia\/?s={search_term_string}"},"query-input":{"@type":"PropertyValueSpecification","valueRequired":true,"valueName":"search_term_string"}}],"inLanguage":"es-CO"},{"@type":"Organization","@id":"https:\/\/www.fiscalia.gov.co\/colombia\/#organization","name":"Fiscal\u00eda General de la Naci\u00f3n","url":"https:\/\/www.fiscalia.gov.co\/colombia\/","logo":{"@type":"ImageObject","inLanguage":"es-CO","@id":"https:\/\/www.fiscalia.gov.co\/colombia\/#\/schema\/logo\/image\/","url":"https:\/\/www.fiscalia.gov.co\/colombia\/wp-content\/uploads\/LogoHorizontal_1.jpg","contentUrl":"https:\/\/www.fiscalia.gov.co\/colombia\/wp-content\/uploads\/LogoHorizontal_1.jpg","width":300,"height":90,"caption":"Fiscal\u00eda General de la Naci\u00f3n"},"image":{"@id":"https:\/\/www.fiscalia.gov.co\/colombia\/#\/schema\/logo\/image\/"},"sameAs":["https:\/\/www.facebook.com\/FiscaliaCol","https:\/\/x.com\/FiscaliaCol","https:\/\/www.instagram.com\/fiscaliacol","https:\/\/www.linkedin.com\/company\/fiscalia-general-de-la-naci-n\/","https:\/\/youtube.com\/@fiscaliageneraldelanacion-4668?si=6nN79nyQICPU5iTh"]},{"@type":"Person","@id":"https:\/\/www.fiscalia.gov.co\/colombia\/#\/schema\/person\/bf28d8ae7f1b287bbe3af484b04f43ea","name":"Direcci\u00f3n de Comunicaciones Fiscal\u00eda General de la Naci\u00f3n","image":{"@type":"ImageObject","inLanguage":"es-CO","@id":"https:\/\/www.fiscalia.gov.co\/colombia\/#\/schema\/person\/image\/","url":"https:\/\/secure.gravatar.com\/avatar\/9d55ae161d32da16dbdd0b380c080a5f?s=96&d=mm&r=g","contentUrl":"https:\/\/secure.gravatar.com\/avatar\/9d55ae161d32da16dbdd0b380c080a5f?s=96&d=mm&r=g","caption":"Direcci\u00f3n de Comunicaciones Fiscal\u00eda General de la Naci\u00f3n"},"url":"https:\/\/www.fiscalia.gov.co\/colombia\/author\/kbonilla\/"}]}},"_links":{"self":[{"href":"https:\/\/www.fiscalia.gov.co\/colombia\/wp-json\/wp\/v2\/posts\/167689","targetHints":{"allow":["GET"]}}],"collection":[{"href":"https:\/\/www.fiscalia.gov.co\/colombia\/wp-json\/wp\/v2\/posts"}],"about":[{"href":"https:\/\/www.fiscalia.gov.co\/colombia\/wp-json\/wp\/v2\/types\/post"}],"author":[{"embeddable":true,"href":"https:\/\/www.fiscalia.gov.co\/colombia\/wp-json\/wp\/v2\/users\/162"}],"replies":[{"embeddable":true,"href":"https:\/\/www.fiscalia.gov.co\/colombia\/wp-json\/wp\/v2\/comments?post=167689"}],"version-history":[{"count":1,"href":"https:\/\/www.fiscalia.gov.co\/colombia\/wp-json\/wp\/v2\/posts\/167689\/revisions"}],"predecessor-version":[{"id":167690,"href":"https:\/\/www.fiscalia.gov.co\/colombia\/wp-json\/wp\/v2\/posts\/167689\/revisions\/167690"}],"wp:attachment":[{"href":"https:\/\/www.fiscalia.gov.co\/colombia\/wp-json\/wp\/v2\/media?parent=167689"}],"wp:term":[{"taxonomy":"category","embeddable":true,"href":"https:\/\/www.fiscalia.gov.co\/colombia\/wp-json\/wp\/v2\/categories?post=167689"},{"taxonomy":"post_tag","embeddable":true,"href":"https:\/\/www.fiscalia.gov.co\/colombia\/wp-json\/wp\/v2\/tags?post=167689"}],"curies":[{"name":"wp","href":"https:\/\/api.w.org\/{rel}","templated":true}]}}