{"id":167624,"date":"2018-08-27T12:06:22","date_gmt":"2018-08-27T17:06:22","guid":{"rendered":"https:\/\/www.fiscalia.gov.co\/colombia\/?p=167624"},"modified":"2018-08-27T12:06:22","modified_gmt":"2018-08-27T17:06:22","slug":"fiscalia-judicializo-a-supuestos-implicados-en-apropiacion-de-recursos-del-posconflicto","status":"publish","type":"post","link":"https:\/\/www.fiscalia.gov.co\/colombia\/seccionales\/fiscalia-judicializo-a-supuestos-implicados-en-apropiacion-de-recursos-del-posconflicto\/","title":{"rendered":"Fiscal\u00eda judicializ\u00f3 a supuestos implicados en apropiaci\u00f3n de recursos del posconflicto"},"content":{"rendered":"<p><u>Pretend\u00edan beneficiarse con recursos superiores a los 45.000 millones de pesos destinados para la construcci\u00f3n de v\u00edas terciarias en zonas de posconflicto<\/u>.<\/p>\n<p>La Fiscal\u00eda General de la Naci\u00f3n imput\u00f3 cargos por concierto para delinquir con fines de enriquecimiento il\u00edcito a Bibiana Marleny Arias Garz\u00f3n, Mar\u00eda Elvira Valencia G\u00f3mez, Y\u00e9sica Carolina G\u00f3mez Builes y Jos\u00e9 Domingo Ardila Neira exdiputado de Santander y exconcejal de Socorro (Santander).<\/p>\n<p>Seg\u00fan explic\u00f3 el delegado de la Fiscal\u00eda, estas personas se habr\u00edan concertado con Marlon Mar\u00edn Mar\u00edn, sobrino del exjefe negociador de las Farc \u2014para los di\u00e1logos de paz\u2014 alias Iv\u00e1n M\u00e1rquez, para garantizar la presunta entrega de contratos del posconflicto a empresarios, a cambio de sobornos.<\/p>\n<p>Explic\u00f3 en la audiencia p\u00fablica de imputaci\u00f3n de cargos que se recopilaron suficientes evidencias sobre presuntos intermediarios pertenecientes a una red ilegal de \u2018caza \u2013 contratos\u2019 para garantizarles la entrega de los proyectos agr\u00edcolas y de construcci\u00f3n de las v\u00edas terciarias, definidos en el Acuerdo Final para la Terminaci\u00f3n del Conflicto.<\/p>\n<p>\u201cCobraban desde el 11 por ciento de ganancia con forma de pago del 50 por ciento al inicio y el otro 50 a la entrega del acta del negocio. Del mismo modo, se cobraba 20 millones de pesos por departamento, solo por la gesti\u00f3n ante varios funcionarios estatales adscritos al Ministerio de Agricultura\u201d, indic\u00f3 el fiscal a cargo de la investigaci\u00f3n.<\/p>\n<p>La apropiaci\u00f3n ilegal de recursos del posconflicto se fundamenta en las \u00e1reas contenidas en el Decreto 691 de 2017 &#8211; Fondo paz,\u00a0 &#8220;Por el cual se sustituye el Fondo para la Sostenibilidad Ambiental y desarrollo Rural Sostenible en Zonas Afectadas por el Conflicto, por el Fondo Colombia en Paz (FCP)&#8221;, mediante el cual se reglamenta su funcionamiento.<\/p>\n<p>Tales como el desarrollo de v\u00edas terciarias de acceso a zonas agr\u00edcolas, la implementaci\u00f3n de proyectos productivos y la forma de financiamiento del posconflicto.<\/p>\n<p>En audiencia p\u00fablica fue advertido que la red giraba alrededor de Marlon Mar\u00edn y que las actividades vulneraron los principios impl\u00edcitos de protecci\u00f3n a la seguridad y la administraci\u00f3n p\u00fablica, as\u00ed como al orden econ\u00f3mico y social.<\/p>\n<p>Pretendieron apropiarse y salir beneficiados con dineros que corresponden a la construcci\u00f3n de carreteras terciarias para facilitar el comercio de productos agr\u00edcolas en las zonas de mayor impacto social en municipios de Antioquia, Boyac\u00e1 y Santander.<\/p>\n<p>\u201cPagaban coimas a funcionarios del Ministerio de Agricultura para resultar favorecidos en la adjudicaci\u00f3n de los proyectos\u201d, sostuvo el fiscal.<\/p>\n<p>El ente acusador expuso una serie de llamadas telef\u00f3nicas que implican en delitos contractuales al sobrino del negociador de paz alias\u00a0 Iv\u00e1n M\u00e1rquez y a los imputados por hechos a de corrupci\u00f3n.<\/p>\n<p>La Fiscal\u00eda hace p\u00fablica esta informaci\u00f3n por razones de inter\u00e9s general.<\/p>\n<p>CMRM\/DLBM<\/p>\n\n<div class=\"twitter-share\"><a href=\"https:\/\/twitter.com\/intent\/tweet?via=fiscaliacol\" class=\"twitter-share-button\">Tweet<\/a><\/div>\n","protected":false},"excerpt":{"rendered":"<p>Pretend\u00edan beneficiarse con recursos superiores a los 45.000 millones de pesos destinados para la construcci\u00f3n de v\u00edas terciarias en zonas de posconflicto. La Fiscal\u00eda General de la Naci\u00f3n imput\u00f3 cargos por concierto para delinquir con fines de enriquecimiento il\u00edcito a Bibiana Marleny Arias Garz\u00f3n, Mar\u00eda Elvira Valencia G\u00f3mez, Y\u00e9sica Carolina G\u00f3mez Builes y Jos\u00e9 Domingo [&hellip;]<\/p>\n","protected":false},"author":162,"featured_media":0,"comment_status":"closed","ping_status":"open","sticky":false,"template":"","format":"standard","meta":{"_price":"","_stock":"","_tribe_ticket_header":"","_tribe_default_ticket_provider":"","_tribe_ticket_capacity":"0","_ticket_start_date":"","_ticket_end_date":"","_tribe_ticket_show_description":"","_tribe_ticket_show_not_going":false,"_tribe_ticket_use_global_stock":"","_tribe_ticket_global_stock_level":"","_global_stock_mode":"","_global_stock_cap":"","_tribe_rsvp_for_event":"","_tribe_ticket_going_count":"","_tribe_ticket_not_going_count":"","_tribe_tickets_list":"[]","_tribe_ticket_has_attendee_info_fields":false,"tdm_status":"","tdm_grid_status":"","footnotes":""},"categories":[24107,321,303],"tags":[],"class_list":{"0":"post-167624","1":"post","2":"type-post","3":"status-publish","4":"format-standard","6":"category-lucha-contra-corrupcion","7":"category-seccional-bogota","8":"category-seccionales"},"yoast_head":"<!-- This site is optimized with the Yoast SEO plugin v24.3 - https:\/\/yoast.com\/wordpress\/plugins\/seo\/ -->\n<title>Fiscal\u00eda General de la Naci\u00f3n<\/title>\n<meta name=\"description\" content=\"P\u00e1gina oficial de la Fiscal\u00eda General de la Naci\u00f3n \u2013 Colombia. Garantizamos el acceso efectivo a la justicia, la verdad y la reparaci\u00f3n de las v\u00edctimas de los delitos.\" \/>\n<meta name=\"robots\" content=\"noindex, follow\" \/>\n<meta property=\"og:locale\" content=\"es_ES\" \/>\n<meta property=\"og:type\" content=\"article\" \/>\n<meta property=\"og:title\" content=\"Fiscal\u00eda General de la Naci\u00f3n\" \/>\n<meta property=\"og:description\" content=\"P\u00e1gina oficial de la Fiscal\u00eda General de la Naci\u00f3n \u2013 Colombia. Garantizamos el acceso efectivo a la justicia, la verdad y la reparaci\u00f3n de las v\u00edctimas de los delitos.\" \/>\n<meta property=\"og:url\" content=\"https:\/\/www.fiscalia.gov.co\/colombia\/seccionales\/fiscalia-judicializo-a-supuestos-implicados-en-apropiacion-de-recursos-del-posconflicto\/\" \/>\n<meta property=\"og:site_name\" content=\"Fiscal\u00eda General de la Naci\u00f3n\" \/>\n<meta property=\"article:publisher\" content=\"https:\/\/www.facebook.com\/FiscaliaCol\" \/>\n<meta property=\"article:published_time\" content=\"2018-08-27T17:06:22+00:00\" \/>\n<meta name=\"author\" content=\"Direcci\u00f3n de Comunicaciones Fiscal\u00eda General de la Naci\u00f3n\" \/>\n<meta name=\"twitter:card\" content=\"summary_large_image\" \/>\n<meta name=\"twitter:creator\" content=\"@FiscaliaCol\" \/>\n<meta name=\"twitter:site\" content=\"@FiscaliaCol\" \/>\n<meta name=\"twitter:label1\" content=\"Escrito por\" \/>\n\t<meta name=\"twitter:data1\" content=\"Direcci\u00f3n de Comunicaciones Fiscal\u00eda General de la Naci\u00f3n\" \/>\n\t<meta name=\"twitter:label2\" content=\"Tiempo de lectura\" \/>\n\t<meta name=\"twitter:data2\" content=\"2 minutos\" \/>\n<script type=\"application\/ld+json\" class=\"yoast-schema-graph\">{\"@context\":\"https:\/\/schema.org\",\"@graph\":[{\"@type\":\"Article\",\"@id\":\"https:\/\/www.fiscalia.gov.co\/colombia\/seccionales\/fiscalia-judicializo-a-supuestos-implicados-en-apropiacion-de-recursos-del-posconflicto\/#article\",\"isPartOf\":{\"@id\":\"https:\/\/www.fiscalia.gov.co\/colombia\/seccionales\/fiscalia-judicializo-a-supuestos-implicados-en-apropiacion-de-recursos-del-posconflicto\/\"},\"author\":{\"name\":\"Direcci\u00f3n de Comunicaciones Fiscal\u00eda General de la Naci\u00f3n\",\"@id\":\"https:\/\/www.fiscalia.gov.co\/colombia\/#\/schema\/person\/bf28d8ae7f1b287bbe3af484b04f43ea\"},\"headline\":\"Fiscal\u00eda judicializ\u00f3 a supuestos implicados en apropiaci\u00f3n de recursos del posconflicto\",\"datePublished\":\"2018-08-27T17:06:22+00:00\",\"dateModified\":\"2018-08-27T17:06:22+00:00\",\"mainEntityOfPage\":{\"@id\":\"https:\/\/www.fiscalia.gov.co\/colombia\/seccionales\/fiscalia-judicializo-a-supuestos-implicados-en-apropiacion-de-recursos-del-posconflicto\/\"},\"wordCount\":496,\"publisher\":{\"@id\":\"https:\/\/www.fiscalia.gov.co\/colombia\/#organization\"},\"articleSection\":[\"Corrupci\u00f3n\",\"Seccional Bogot\u00e1\",\"Seccionales\"],\"inLanguage\":\"es-CO\"},{\"@type\":\"WebPage\",\"@id\":\"https:\/\/www.fiscalia.gov.co\/colombia\/seccionales\/fiscalia-judicializo-a-supuestos-implicados-en-apropiacion-de-recursos-del-posconflicto\/\",\"url\":\"https:\/\/www.fiscalia.gov.co\/colombia\/seccionales\/fiscalia-judicializo-a-supuestos-implicados-en-apropiacion-de-recursos-del-posconflicto\/\",\"name\":\"Fiscal\u00eda General de la Naci\u00f3n\",\"isPartOf\":{\"@id\":\"https:\/\/www.fiscalia.gov.co\/colombia\/#website\"},\"datePublished\":\"2018-08-27T17:06:22+00:00\",\"dateModified\":\"2018-08-27T17:06:22+00:00\",\"description\":\"P\u00e1gina oficial de la Fiscal\u00eda General de la Naci\u00f3n \u2013 Colombia. Garantizamos el acceso efectivo a la justicia, la verdad y la reparaci\u00f3n de las v\u00edctimas de los delitos.\",\"breadcrumb\":{\"@id\":\"https:\/\/www.fiscalia.gov.co\/colombia\/seccionales\/fiscalia-judicializo-a-supuestos-implicados-en-apropiacion-de-recursos-del-posconflicto\/#breadcrumb\"},\"inLanguage\":\"es-CO\",\"potentialAction\":[{\"@type\":\"ReadAction\",\"target\":[\"https:\/\/www.fiscalia.gov.co\/colombia\/seccionales\/fiscalia-judicializo-a-supuestos-implicados-en-apropiacion-de-recursos-del-posconflicto\/\"]}]},{\"@type\":\"BreadcrumbList\",\"@id\":\"https:\/\/www.fiscalia.gov.co\/colombia\/seccionales\/fiscalia-judicializo-a-supuestos-implicados-en-apropiacion-de-recursos-del-posconflicto\/#breadcrumb\",\"itemListElement\":[{\"@type\":\"ListItem\",\"position\":1,\"name\":\"Home\",\"item\":\"https:\/\/www.fiscalia.gov.co\/colombia\/\"},{\"@type\":\"ListItem\",\"position\":2,\"name\":\"Fiscal\u00eda judicializ\u00f3 a supuestos implicados en apropiaci\u00f3n de recursos del posconflicto\"}]},{\"@type\":\"WebSite\",\"@id\":\"https:\/\/www.fiscalia.gov.co\/colombia\/#website\",\"url\":\"https:\/\/www.fiscalia.gov.co\/colombia\/\",\"name\":\"Fiscal\u00eda General de la Naci\u00f3n\",\"description\":\"P\u00e1gina oficial de la Fiscal\u00eda General de la Naci\u00f3n \u2013 Colombia. Garantizamos el acceso efectivo a la justicia, la verdad y la reparaci\u00f3n de las v\u00edctimas de los delitos.\",\"publisher\":{\"@id\":\"https:\/\/www.fiscalia.gov.co\/colombia\/#organization\"},\"potentialAction\":[{\"@type\":\"SearchAction\",\"target\":{\"@type\":\"EntryPoint\",\"urlTemplate\":\"https:\/\/www.fiscalia.gov.co\/colombia\/?s={search_term_string}\"},\"query-input\":{\"@type\":\"PropertyValueSpecification\",\"valueRequired\":true,\"valueName\":\"search_term_string\"}}],\"inLanguage\":\"es-CO\"},{\"@type\":\"Organization\",\"@id\":\"https:\/\/www.fiscalia.gov.co\/colombia\/#organization\",\"name\":\"Fiscal\u00eda General de la Naci\u00f3n\",\"url\":\"https:\/\/www.fiscalia.gov.co\/colombia\/\",\"logo\":{\"@type\":\"ImageObject\",\"inLanguage\":\"es-CO\",\"@id\":\"https:\/\/www.fiscalia.gov.co\/colombia\/#\/schema\/logo\/image\/\",\"url\":\"https:\/\/www.fiscalia.gov.co\/colombia\/wp-content\/uploads\/LogoHorizontal_1.jpg\",\"contentUrl\":\"https:\/\/www.fiscalia.gov.co\/colombia\/wp-content\/uploads\/LogoHorizontal_1.jpg\",\"width\":300,\"height\":90,\"caption\":\"Fiscal\u00eda General de la Naci\u00f3n\"},\"image\":{\"@id\":\"https:\/\/www.fiscalia.gov.co\/colombia\/#\/schema\/logo\/image\/\"},\"sameAs\":[\"https:\/\/www.facebook.com\/FiscaliaCol\",\"https:\/\/x.com\/FiscaliaCol\",\"https:\/\/www.instagram.com\/fiscaliacol\",\"https:\/\/www.linkedin.com\/company\/fiscalia-general-de-la-naci-n\/\",\"https:\/\/youtube.com\/@fiscaliageneraldelanacion-4668?si=6nN79nyQICPU5iTh\"]},{\"@type\":\"Person\",\"@id\":\"https:\/\/www.fiscalia.gov.co\/colombia\/#\/schema\/person\/bf28d8ae7f1b287bbe3af484b04f43ea\",\"name\":\"Direcci\u00f3n de Comunicaciones Fiscal\u00eda General de la Naci\u00f3n\",\"image\":{\"@type\":\"ImageObject\",\"inLanguage\":\"es-CO\",\"@id\":\"https:\/\/www.fiscalia.gov.co\/colombia\/#\/schema\/person\/image\/\",\"url\":\"https:\/\/secure.gravatar.com\/avatar\/9d55ae161d32da16dbdd0b380c080a5f?s=96&d=mm&r=g\",\"contentUrl\":\"https:\/\/secure.gravatar.com\/avatar\/9d55ae161d32da16dbdd0b380c080a5f?s=96&d=mm&r=g\",\"caption\":\"Direcci\u00f3n de Comunicaciones Fiscal\u00eda General de la Naci\u00f3n\"},\"url\":\"https:\/\/www.fiscalia.gov.co\/colombia\/author\/kbonilla\/\"}]}<\/script>\n<!-- \/ Yoast SEO plugin. -->","yoast_head_json":{"title":"Fiscal\u00eda General de la Naci\u00f3n","description":"P\u00e1gina oficial de la Fiscal\u00eda General de la Naci\u00f3n \u2013 Colombia. Garantizamos el acceso efectivo a la justicia, la verdad y la reparaci\u00f3n de las v\u00edctimas de los delitos.","robots":{"index":"noindex","follow":"follow"},"og_locale":"es_ES","og_type":"article","og_title":"Fiscal\u00eda General de la Naci\u00f3n","og_description":"P\u00e1gina oficial de la Fiscal\u00eda General de la Naci\u00f3n \u2013 Colombia. Garantizamos el acceso efectivo a la justicia, la verdad y la reparaci\u00f3n de las v\u00edctimas de los delitos.","og_url":"https:\/\/www.fiscalia.gov.co\/colombia\/seccionales\/fiscalia-judicializo-a-supuestos-implicados-en-apropiacion-de-recursos-del-posconflicto\/","og_site_name":"Fiscal\u00eda General de la Naci\u00f3n","article_publisher":"https:\/\/www.facebook.com\/FiscaliaCol","article_published_time":"2018-08-27T17:06:22+00:00","author":"Direcci\u00f3n de Comunicaciones Fiscal\u00eda General de la Naci\u00f3n","twitter_card":"summary_large_image","twitter_creator":"@FiscaliaCol","twitter_site":"@FiscaliaCol","twitter_misc":{"Escrito por":"Direcci\u00f3n de Comunicaciones Fiscal\u00eda General de la Naci\u00f3n","Tiempo de lectura":"2 minutos"},"schema":{"@context":"https:\/\/schema.org","@graph":[{"@type":"Article","@id":"https:\/\/www.fiscalia.gov.co\/colombia\/seccionales\/fiscalia-judicializo-a-supuestos-implicados-en-apropiacion-de-recursos-del-posconflicto\/#article","isPartOf":{"@id":"https:\/\/www.fiscalia.gov.co\/colombia\/seccionales\/fiscalia-judicializo-a-supuestos-implicados-en-apropiacion-de-recursos-del-posconflicto\/"},"author":{"name":"Direcci\u00f3n de Comunicaciones Fiscal\u00eda General de la Naci\u00f3n","@id":"https:\/\/www.fiscalia.gov.co\/colombia\/#\/schema\/person\/bf28d8ae7f1b287bbe3af484b04f43ea"},"headline":"Fiscal\u00eda judicializ\u00f3 a supuestos implicados en apropiaci\u00f3n de recursos del posconflicto","datePublished":"2018-08-27T17:06:22+00:00","dateModified":"2018-08-27T17:06:22+00:00","mainEntityOfPage":{"@id":"https:\/\/www.fiscalia.gov.co\/colombia\/seccionales\/fiscalia-judicializo-a-supuestos-implicados-en-apropiacion-de-recursos-del-posconflicto\/"},"wordCount":496,"publisher":{"@id":"https:\/\/www.fiscalia.gov.co\/colombia\/#organization"},"articleSection":["Corrupci\u00f3n","Seccional Bogot\u00e1","Seccionales"],"inLanguage":"es-CO"},{"@type":"WebPage","@id":"https:\/\/www.fiscalia.gov.co\/colombia\/seccionales\/fiscalia-judicializo-a-supuestos-implicados-en-apropiacion-de-recursos-del-posconflicto\/","url":"https:\/\/www.fiscalia.gov.co\/colombia\/seccionales\/fiscalia-judicializo-a-supuestos-implicados-en-apropiacion-de-recursos-del-posconflicto\/","name":"Fiscal\u00eda General de la Naci\u00f3n","isPartOf":{"@id":"https:\/\/www.fiscalia.gov.co\/colombia\/#website"},"datePublished":"2018-08-27T17:06:22+00:00","dateModified":"2018-08-27T17:06:22+00:00","description":"P\u00e1gina oficial de la Fiscal\u00eda General de la Naci\u00f3n \u2013 Colombia. Garantizamos el acceso efectivo a la justicia, la verdad y la reparaci\u00f3n de las v\u00edctimas de los delitos.","breadcrumb":{"@id":"https:\/\/www.fiscalia.gov.co\/colombia\/seccionales\/fiscalia-judicializo-a-supuestos-implicados-en-apropiacion-de-recursos-del-posconflicto\/#breadcrumb"},"inLanguage":"es-CO","potentialAction":[{"@type":"ReadAction","target":["https:\/\/www.fiscalia.gov.co\/colombia\/seccionales\/fiscalia-judicializo-a-supuestos-implicados-en-apropiacion-de-recursos-del-posconflicto\/"]}]},{"@type":"BreadcrumbList","@id":"https:\/\/www.fiscalia.gov.co\/colombia\/seccionales\/fiscalia-judicializo-a-supuestos-implicados-en-apropiacion-de-recursos-del-posconflicto\/#breadcrumb","itemListElement":[{"@type":"ListItem","position":1,"name":"Home","item":"https:\/\/www.fiscalia.gov.co\/colombia\/"},{"@type":"ListItem","position":2,"name":"Fiscal\u00eda judicializ\u00f3 a supuestos implicados en apropiaci\u00f3n de recursos del posconflicto"}]},{"@type":"WebSite","@id":"https:\/\/www.fiscalia.gov.co\/colombia\/#website","url":"https:\/\/www.fiscalia.gov.co\/colombia\/","name":"Fiscal\u00eda General de la Naci\u00f3n","description":"P\u00e1gina oficial de la Fiscal\u00eda General de la Naci\u00f3n \u2013 Colombia. Garantizamos el acceso efectivo a la justicia, la verdad y la reparaci\u00f3n de las v\u00edctimas de los delitos.","publisher":{"@id":"https:\/\/www.fiscalia.gov.co\/colombia\/#organization"},"potentialAction":[{"@type":"SearchAction","target":{"@type":"EntryPoint","urlTemplate":"https:\/\/www.fiscalia.gov.co\/colombia\/?s={search_term_string}"},"query-input":{"@type":"PropertyValueSpecification","valueRequired":true,"valueName":"search_term_string"}}],"inLanguage":"es-CO"},{"@type":"Organization","@id":"https:\/\/www.fiscalia.gov.co\/colombia\/#organization","name":"Fiscal\u00eda General de la Naci\u00f3n","url":"https:\/\/www.fiscalia.gov.co\/colombia\/","logo":{"@type":"ImageObject","inLanguage":"es-CO","@id":"https:\/\/www.fiscalia.gov.co\/colombia\/#\/schema\/logo\/image\/","url":"https:\/\/www.fiscalia.gov.co\/colombia\/wp-content\/uploads\/LogoHorizontal_1.jpg","contentUrl":"https:\/\/www.fiscalia.gov.co\/colombia\/wp-content\/uploads\/LogoHorizontal_1.jpg","width":300,"height":90,"caption":"Fiscal\u00eda General de la Naci\u00f3n"},"image":{"@id":"https:\/\/www.fiscalia.gov.co\/colombia\/#\/schema\/logo\/image\/"},"sameAs":["https:\/\/www.facebook.com\/FiscaliaCol","https:\/\/x.com\/FiscaliaCol","https:\/\/www.instagram.com\/fiscaliacol","https:\/\/www.linkedin.com\/company\/fiscalia-general-de-la-naci-n\/","https:\/\/youtube.com\/@fiscaliageneraldelanacion-4668?si=6nN79nyQICPU5iTh"]},{"@type":"Person","@id":"https:\/\/www.fiscalia.gov.co\/colombia\/#\/schema\/person\/bf28d8ae7f1b287bbe3af484b04f43ea","name":"Direcci\u00f3n de Comunicaciones Fiscal\u00eda General de la Naci\u00f3n","image":{"@type":"ImageObject","inLanguage":"es-CO","@id":"https:\/\/www.fiscalia.gov.co\/colombia\/#\/schema\/person\/image\/","url":"https:\/\/secure.gravatar.com\/avatar\/9d55ae161d32da16dbdd0b380c080a5f?s=96&d=mm&r=g","contentUrl":"https:\/\/secure.gravatar.com\/avatar\/9d55ae161d32da16dbdd0b380c080a5f?s=96&d=mm&r=g","caption":"Direcci\u00f3n de Comunicaciones Fiscal\u00eda General de la Naci\u00f3n"},"url":"https:\/\/www.fiscalia.gov.co\/colombia\/author\/kbonilla\/"}]}},"_links":{"self":[{"href":"https:\/\/www.fiscalia.gov.co\/colombia\/wp-json\/wp\/v2\/posts\/167624","targetHints":{"allow":["GET"]}}],"collection":[{"href":"https:\/\/www.fiscalia.gov.co\/colombia\/wp-json\/wp\/v2\/posts"}],"about":[{"href":"https:\/\/www.fiscalia.gov.co\/colombia\/wp-json\/wp\/v2\/types\/post"}],"author":[{"embeddable":true,"href":"https:\/\/www.fiscalia.gov.co\/colombia\/wp-json\/wp\/v2\/users\/162"}],"replies":[{"embeddable":true,"href":"https:\/\/www.fiscalia.gov.co\/colombia\/wp-json\/wp\/v2\/comments?post=167624"}],"version-history":[{"count":1,"href":"https:\/\/www.fiscalia.gov.co\/colombia\/wp-json\/wp\/v2\/posts\/167624\/revisions"}],"predecessor-version":[{"id":167625,"href":"https:\/\/www.fiscalia.gov.co\/colombia\/wp-json\/wp\/v2\/posts\/167624\/revisions\/167625"}],"wp:attachment":[{"href":"https:\/\/www.fiscalia.gov.co\/colombia\/wp-json\/wp\/v2\/media?parent=167624"}],"wp:term":[{"taxonomy":"category","embeddable":true,"href":"https:\/\/www.fiscalia.gov.co\/colombia\/wp-json\/wp\/v2\/categories?post=167624"},{"taxonomy":"post_tag","embeddable":true,"href":"https:\/\/www.fiscalia.gov.co\/colombia\/wp-json\/wp\/v2\/tags?post=167624"}],"curies":[{"name":"wp","href":"https:\/\/api.w.org\/{rel}","templated":true}]}}