{"id":167166,"date":"2018-08-15T07:06:45","date_gmt":"2018-08-15T12:06:45","guid":{"rendered":"https:\/\/www.fiscalia.gov.co\/colombia\/?p=167166"},"modified":"2018-08-15T07:07:16","modified_gmt":"2018-08-15T12:07:16","slug":"eln-reconoce-autoria-en-secuestro-y-posterior-asesinato-de-dos-investigadores-del-cti","status":"publish","type":"post","link":"https:\/\/www.fiscalia.gov.co\/colombia\/seccionales\/eln-reconoce-autoria-en-secuestro-y-posterior-asesinato-de-dos-investigadores-del-cti\/","title":{"rendered":"ELN reconoce autor\u00eda en secuestro y posterior asesinato de dos investigadores del CTI"},"content":{"rendered":"<p><em><u>Fiscal\u00eda vincul\u00f3 a la investigaci\u00f3n a los miembros del Comando Central (COCE)<\/u> <\/em><em><u>Nicol\u00e1s Rodr\u00edguez Bautista, alias Gabino; Eli\u00e9cer Herlinton Chamorro, alias Antonio Garc\u00eda; Israel Ram\u00edrez, alias Pablo Beltr\u00e1n; y Rafael Sierra Granados, alias Ramiro Vargas. Tambi\u00e9n a Jos\u00e9 Luis Mej\u00eda Ram\u00edrez, alias Byron y H\u00e9ctor Hugo Ram\u00edrez Zuluaga, alias Esteban, estos \u00faltimos como autores materiales del crimen. <\/u><\/em><\/p>\n<p>La coordinaci\u00f3n y acompa\u00f1amiento de la Fiscal\u00eda y la conformaci\u00f3n de equipos especializados de fiscales, analistas, investigadores, t\u00e9cnicos del CTI, permiti\u00f3 recopilar evidencias y material probatorio que vincular\u00edan a miembros del ELN con el secuestro y asesinato de los funcionarios del CTI, Edilbrando Roa y Jhon Alejandro Morales.<\/p>\n<p>Mediante labores investigativas como registros fotogr\u00e1ficos, entrevistas, entre otras, los fiscales del caso vincularon en la investigaci\u00f3n a: Nicol\u00e1s Rodr\u00edguez Bautista, alias Gabino; Eli\u00e9cer Herlinton Chamorro, alias Antonio Garc\u00eda; Israel Ram\u00edrez, alias Pablo Beltr\u00e1n; y Rafael Sierra Granados, alias Ramiro Vargas<em>,<\/em> miembros del Comando Central COCE del ELN.<\/p>\n<p>Por estos hechos, se encuentra con medida de aseguramiento Jos\u00e9 Luis Mej\u00eda Ram\u00edrez, al\u00edas Byron, comandante militar del frente Carlos Alirio Buitrago del ELN, como posible coautor de los delitos de secuestro simple, homicidio agravado y hurto calificado y agravado.<\/p>\n<p>Asimismo el pasado 10 de mayo un juez de garant\u00edas orden\u00f3 la detenci\u00f3n en centro carcelario de H\u00e9ctor Hugo Ram\u00edrez Zuluaga, comandante del grupo que ejecut\u00f3 a los dos investigadores de la Fiscal\u00eda.<\/p>\n<p>Alias Esteban acept\u00f3 cargos el pasado 21 de junio como coautor de los delitos de secuestro simple, homicidio agravado y hurto calificado y agravado. El proceso fue remitido a los Juzgados Especializados de Antioqu\u00eda para que se profiera la correspondiente sentencia.<\/p>\n<p>Los investigadores del CTI de la Fiscal\u00eda, Edilbrando Roa L\u00f3pez y Jhon Alejandro Morales Pati\u00f1o, fueron asesinados el 3 de septiembre de 1998, cuando se desplazaban de Medell\u00edn al municipio de Sons\u00f3n (Antioquia); all\u00ed fueron retenidos por hombres que se identificaron como miembros del frente Carlos Alirio Buitrago del ELN. Los funcionarios del CTI fueron encontrados muertos al d\u00eda siguiente.<\/p>\n<p>Desde el primer momento de los hechos la Fiscal\u00eda dispuso de toda la capacidad operativa e investigativa para asegurar que los responsables de estos asesinatos comparezcan ante la justicia y sean objeto de condenas ejemplarizantes.<\/p>\n<p>La Fiscal\u00eda General de la Naci\u00f3n hace p\u00fablica est\u00e1 informaci\u00f3n por razones de inter\u00e9s general.<\/p>\n<p>&nbsp;<\/p>\n\n<div class=\"twitter-share\"><a href=\"https:\/\/twitter.com\/intent\/tweet?via=fiscaliacol\" class=\"twitter-share-button\">Tweet<\/a><\/div>\n","protected":false},"excerpt":{"rendered":"<p>Fiscal\u00eda vincul\u00f3 a la investigaci\u00f3n a los miembros del Comando Central (COCE) Nicol\u00e1s Rodr\u00edguez Bautista, alias Gabino; Eli\u00e9cer Herlinton Chamorro, alias Antonio Garc\u00eda; Israel Ram\u00edrez, alias Pablo Beltr\u00e1n; y Rafael Sierra Granados, alias Ramiro Vargas. Tambi\u00e9n a Jos\u00e9 Luis Mej\u00eda Ram\u00edrez, alias Byron y H\u00e9ctor Hugo Ram\u00edrez Zuluaga, alias Esteban, estos \u00faltimos como autores materiales [&hellip;]<\/p>\n","protected":false},"author":162,"featured_media":0,"comment_status":"closed","ping_status":"open","sticky":false,"template":"","format":"standard","meta":{"tdm_status":"","tdm_grid_status":"","footnotes":""},"categories":[24098,24102,318,303],"tags":[],"class_list":{"0":"post-167166","1":"post","2":"type-post","3":"status-publish","4":"format-standard","6":"category-crimen-organizado","7":"category-derechos-humanos","8":"category-seccional-antioquia","9":"category-seccionales"},"yoast_head":"<!-- This site is optimized with the Yoast SEO plugin v24.3 - https:\/\/yoast.com\/wordpress\/plugins\/seo\/ -->\n<title>Fiscal\u00eda General de la Naci\u00f3n<\/title>\n<meta name=\"description\" content=\"P\u00e1gina oficial de la Fiscal\u00eda General de la Naci\u00f3n \u2013 Colombia. Garantizamos el acceso efectivo a la justicia, la verdad y la reparaci\u00f3n de las v\u00edctimas de los delitos.\" \/>\n<meta name=\"robots\" content=\"noindex, follow\" \/>\n<meta property=\"og:locale\" content=\"es_ES\" \/>\n<meta property=\"og:type\" content=\"article\" \/>\n<meta property=\"og:title\" content=\"Fiscal\u00eda General de la Naci\u00f3n\" \/>\n<meta property=\"og:description\" content=\"P\u00e1gina oficial de la Fiscal\u00eda General de la Naci\u00f3n \u2013 Colombia. Garantizamos el acceso efectivo a la justicia, la verdad y la reparaci\u00f3n de las v\u00edctimas de los delitos.\" \/>\n<meta property=\"og:url\" content=\"https:\/\/www.fiscalia.gov.co\/colombia\/seccionales\/eln-reconoce-autoria-en-secuestro-y-posterior-asesinato-de-dos-investigadores-del-cti\/\" \/>\n<meta property=\"og:site_name\" content=\"Fiscal\u00eda General de la Naci\u00f3n\" \/>\n<meta property=\"article:publisher\" content=\"https:\/\/www.facebook.com\/FiscaliaCol\" \/>\n<meta property=\"article:published_time\" content=\"2018-08-15T12:06:45+00:00\" \/>\n<meta property=\"article:modified_time\" content=\"2018-08-15T12:07:16+00:00\" \/>\n<meta name=\"author\" content=\"Direcci\u00f3n de Comunicaciones Fiscal\u00eda General de la Naci\u00f3n\" \/>\n<meta name=\"twitter:card\" content=\"summary_large_image\" \/>\n<meta name=\"twitter:creator\" content=\"@FiscaliaCol\" \/>\n<meta name=\"twitter:site\" content=\"@FiscaliaCol\" \/>\n<meta name=\"twitter:label1\" content=\"Escrito por\" \/>\n\t<meta name=\"twitter:data1\" content=\"Direcci\u00f3n de Comunicaciones Fiscal\u00eda General de la Naci\u00f3n\" \/>\n\t<meta name=\"twitter:label2\" content=\"Tiempo de lectura\" \/>\n\t<meta name=\"twitter:data2\" content=\"2 minutos\" \/>\n<script type=\"application\/ld+json\" class=\"yoast-schema-graph\">{\"@context\":\"https:\/\/schema.org\",\"@graph\":[{\"@type\":\"Article\",\"@id\":\"https:\/\/www.fiscalia.gov.co\/colombia\/seccionales\/eln-reconoce-autoria-en-secuestro-y-posterior-asesinato-de-dos-investigadores-del-cti\/#article\",\"isPartOf\":{\"@id\":\"https:\/\/www.fiscalia.gov.co\/colombia\/seccionales\/eln-reconoce-autoria-en-secuestro-y-posterior-asesinato-de-dos-investigadores-del-cti\/\"},\"author\":{\"name\":\"Direcci\u00f3n de Comunicaciones Fiscal\u00eda General de la Naci\u00f3n\",\"@id\":\"https:\/\/www.fiscalia.gov.co\/colombia\/#\/schema\/person\/bf28d8ae7f1b287bbe3af484b04f43ea\"},\"headline\":\"ELN reconoce autor\u00eda en secuestro y posterior asesinato de dos investigadores del CTI\",\"datePublished\":\"2018-08-15T12:06:45+00:00\",\"dateModified\":\"2018-08-15T12:07:16+00:00\",\"mainEntityOfPage\":{\"@id\":\"https:\/\/www.fiscalia.gov.co\/colombia\/seccionales\/eln-reconoce-autoria-en-secuestro-y-posterior-asesinato-de-dos-investigadores-del-cti\/\"},\"wordCount\":436,\"publisher\":{\"@id\":\"https:\/\/www.fiscalia.gov.co\/colombia\/#organization\"},\"articleSection\":[\"Crimen organizado\",\"Derechos Humanos\",\"Seccional Antioquia\",\"Seccionales\"],\"inLanguage\":\"es-CO\"},{\"@type\":\"WebPage\",\"@id\":\"https:\/\/www.fiscalia.gov.co\/colombia\/seccionales\/eln-reconoce-autoria-en-secuestro-y-posterior-asesinato-de-dos-investigadores-del-cti\/\",\"url\":\"https:\/\/www.fiscalia.gov.co\/colombia\/seccionales\/eln-reconoce-autoria-en-secuestro-y-posterior-asesinato-de-dos-investigadores-del-cti\/\",\"name\":\"Fiscal\u00eda General de la Naci\u00f3n\",\"isPartOf\":{\"@id\":\"https:\/\/www.fiscalia.gov.co\/colombia\/#website\"},\"datePublished\":\"2018-08-15T12:06:45+00:00\",\"dateModified\":\"2018-08-15T12:07:16+00:00\",\"description\":\"P\u00e1gina oficial de la Fiscal\u00eda General de la Naci\u00f3n \u2013 Colombia. Garantizamos el acceso efectivo a la justicia, la verdad y la reparaci\u00f3n de las v\u00edctimas de los delitos.\",\"breadcrumb\":{\"@id\":\"https:\/\/www.fiscalia.gov.co\/colombia\/seccionales\/eln-reconoce-autoria-en-secuestro-y-posterior-asesinato-de-dos-investigadores-del-cti\/#breadcrumb\"},\"inLanguage\":\"es-CO\",\"potentialAction\":[{\"@type\":\"ReadAction\",\"target\":[\"https:\/\/www.fiscalia.gov.co\/colombia\/seccionales\/eln-reconoce-autoria-en-secuestro-y-posterior-asesinato-de-dos-investigadores-del-cti\/\"]}]},{\"@type\":\"BreadcrumbList\",\"@id\":\"https:\/\/www.fiscalia.gov.co\/colombia\/seccionales\/eln-reconoce-autoria-en-secuestro-y-posterior-asesinato-de-dos-investigadores-del-cti\/#breadcrumb\",\"itemListElement\":[{\"@type\":\"ListItem\",\"position\":1,\"name\":\"Home\",\"item\":\"https:\/\/www.fiscalia.gov.co\/colombia\/\"},{\"@type\":\"ListItem\",\"position\":2,\"name\":\"ELN reconoce autor\u00eda en secuestro y posterior asesinato de dos investigadores del CTI\"}]},{\"@type\":\"WebSite\",\"@id\":\"https:\/\/www.fiscalia.gov.co\/colombia\/#website\",\"url\":\"https:\/\/www.fiscalia.gov.co\/colombia\/\",\"name\":\"Fiscal\u00eda General de la Naci\u00f3n\",\"description\":\"P\u00e1gina oficial de la Fiscal\u00eda General de la Naci\u00f3n \u2013 Colombia. Garantizamos el acceso efectivo a la justicia, la verdad y la reparaci\u00f3n de las v\u00edctimas de los delitos.\",\"publisher\":{\"@id\":\"https:\/\/www.fiscalia.gov.co\/colombia\/#organization\"},\"potentialAction\":[{\"@type\":\"SearchAction\",\"target\":{\"@type\":\"EntryPoint\",\"urlTemplate\":\"https:\/\/www.fiscalia.gov.co\/colombia\/?s={search_term_string}\"},\"query-input\":{\"@type\":\"PropertyValueSpecification\",\"valueRequired\":true,\"valueName\":\"search_term_string\"}}],\"inLanguage\":\"es-CO\"},{\"@type\":\"Organization\",\"@id\":\"https:\/\/www.fiscalia.gov.co\/colombia\/#organization\",\"name\":\"Fiscal\u00eda General de la Naci\u00f3n\",\"url\":\"https:\/\/www.fiscalia.gov.co\/colombia\/\",\"logo\":{\"@type\":\"ImageObject\",\"inLanguage\":\"es-CO\",\"@id\":\"https:\/\/www.fiscalia.gov.co\/colombia\/#\/schema\/logo\/image\/\",\"url\":\"https:\/\/www.fiscalia.gov.co\/colombia\/wp-content\/uploads\/LogoHorizontal_1.jpg\",\"contentUrl\":\"https:\/\/www.fiscalia.gov.co\/colombia\/wp-content\/uploads\/LogoHorizontal_1.jpg\",\"width\":300,\"height\":90,\"caption\":\"Fiscal\u00eda General de la Naci\u00f3n\"},\"image\":{\"@id\":\"https:\/\/www.fiscalia.gov.co\/colombia\/#\/schema\/logo\/image\/\"},\"sameAs\":[\"https:\/\/www.facebook.com\/FiscaliaCol\",\"https:\/\/x.com\/FiscaliaCol\",\"https:\/\/www.instagram.com\/fiscaliacol\",\"https:\/\/www.linkedin.com\/company\/fiscalia-general-de-la-naci-n\/\",\"https:\/\/youtube.com\/@fiscaliageneraldelanacion-4668?si=6nN79nyQICPU5iTh\"]},{\"@type\":\"Person\",\"@id\":\"https:\/\/www.fiscalia.gov.co\/colombia\/#\/schema\/person\/bf28d8ae7f1b287bbe3af484b04f43ea\",\"name\":\"Direcci\u00f3n de Comunicaciones Fiscal\u00eda General de la Naci\u00f3n\",\"image\":{\"@type\":\"ImageObject\",\"inLanguage\":\"es-CO\",\"@id\":\"https:\/\/www.fiscalia.gov.co\/colombia\/#\/schema\/person\/image\/\",\"url\":\"https:\/\/secure.gravatar.com\/avatar\/9d55ae161d32da16dbdd0b380c080a5f?s=96&d=mm&r=g\",\"contentUrl\":\"https:\/\/secure.gravatar.com\/avatar\/9d55ae161d32da16dbdd0b380c080a5f?s=96&d=mm&r=g\",\"caption\":\"Direcci\u00f3n de Comunicaciones Fiscal\u00eda General de la Naci\u00f3n\"},\"url\":\"https:\/\/www.fiscalia.gov.co\/colombia\/author\/kbonilla\/\"}]}<\/script>\n<!-- \/ Yoast SEO plugin. -->","yoast_head_json":{"title":"Fiscal\u00eda General de la Naci\u00f3n","description":"P\u00e1gina oficial de la Fiscal\u00eda General de la Naci\u00f3n \u2013 Colombia. Garantizamos el acceso efectivo a la justicia, la verdad y la reparaci\u00f3n de las v\u00edctimas de los delitos.","robots":{"index":"noindex","follow":"follow"},"og_locale":"es_ES","og_type":"article","og_title":"Fiscal\u00eda General de la Naci\u00f3n","og_description":"P\u00e1gina oficial de la Fiscal\u00eda General de la Naci\u00f3n \u2013 Colombia. Garantizamos el acceso efectivo a la justicia, la verdad y la reparaci\u00f3n de las v\u00edctimas de los delitos.","og_url":"https:\/\/www.fiscalia.gov.co\/colombia\/seccionales\/eln-reconoce-autoria-en-secuestro-y-posterior-asesinato-de-dos-investigadores-del-cti\/","og_site_name":"Fiscal\u00eda General de la Naci\u00f3n","article_publisher":"https:\/\/www.facebook.com\/FiscaliaCol","article_published_time":"2018-08-15T12:06:45+00:00","article_modified_time":"2018-08-15T12:07:16+00:00","author":"Direcci\u00f3n de Comunicaciones Fiscal\u00eda General de la Naci\u00f3n","twitter_card":"summary_large_image","twitter_creator":"@FiscaliaCol","twitter_site":"@FiscaliaCol","twitter_misc":{"Escrito por":"Direcci\u00f3n de Comunicaciones Fiscal\u00eda General de la Naci\u00f3n","Tiempo de lectura":"2 minutos"},"schema":{"@context":"https:\/\/schema.org","@graph":[{"@type":"Article","@id":"https:\/\/www.fiscalia.gov.co\/colombia\/seccionales\/eln-reconoce-autoria-en-secuestro-y-posterior-asesinato-de-dos-investigadores-del-cti\/#article","isPartOf":{"@id":"https:\/\/www.fiscalia.gov.co\/colombia\/seccionales\/eln-reconoce-autoria-en-secuestro-y-posterior-asesinato-de-dos-investigadores-del-cti\/"},"author":{"name":"Direcci\u00f3n de Comunicaciones Fiscal\u00eda General de la Naci\u00f3n","@id":"https:\/\/www.fiscalia.gov.co\/colombia\/#\/schema\/person\/bf28d8ae7f1b287bbe3af484b04f43ea"},"headline":"ELN reconoce autor\u00eda en secuestro y posterior asesinato de dos investigadores del CTI","datePublished":"2018-08-15T12:06:45+00:00","dateModified":"2018-08-15T12:07:16+00:00","mainEntityOfPage":{"@id":"https:\/\/www.fiscalia.gov.co\/colombia\/seccionales\/eln-reconoce-autoria-en-secuestro-y-posterior-asesinato-de-dos-investigadores-del-cti\/"},"wordCount":436,"publisher":{"@id":"https:\/\/www.fiscalia.gov.co\/colombia\/#organization"},"articleSection":["Crimen organizado","Derechos Humanos","Seccional Antioquia","Seccionales"],"inLanguage":"es-CO"},{"@type":"WebPage","@id":"https:\/\/www.fiscalia.gov.co\/colombia\/seccionales\/eln-reconoce-autoria-en-secuestro-y-posterior-asesinato-de-dos-investigadores-del-cti\/","url":"https:\/\/www.fiscalia.gov.co\/colombia\/seccionales\/eln-reconoce-autoria-en-secuestro-y-posterior-asesinato-de-dos-investigadores-del-cti\/","name":"Fiscal\u00eda General de la Naci\u00f3n","isPartOf":{"@id":"https:\/\/www.fiscalia.gov.co\/colombia\/#website"},"datePublished":"2018-08-15T12:06:45+00:00","dateModified":"2018-08-15T12:07:16+00:00","description":"P\u00e1gina oficial de la Fiscal\u00eda General de la Naci\u00f3n \u2013 Colombia. Garantizamos el acceso efectivo a la justicia, la verdad y la reparaci\u00f3n de las v\u00edctimas de los delitos.","breadcrumb":{"@id":"https:\/\/www.fiscalia.gov.co\/colombia\/seccionales\/eln-reconoce-autoria-en-secuestro-y-posterior-asesinato-de-dos-investigadores-del-cti\/#breadcrumb"},"inLanguage":"es-CO","potentialAction":[{"@type":"ReadAction","target":["https:\/\/www.fiscalia.gov.co\/colombia\/seccionales\/eln-reconoce-autoria-en-secuestro-y-posterior-asesinato-de-dos-investigadores-del-cti\/"]}]},{"@type":"BreadcrumbList","@id":"https:\/\/www.fiscalia.gov.co\/colombia\/seccionales\/eln-reconoce-autoria-en-secuestro-y-posterior-asesinato-de-dos-investigadores-del-cti\/#breadcrumb","itemListElement":[{"@type":"ListItem","position":1,"name":"Home","item":"https:\/\/www.fiscalia.gov.co\/colombia\/"},{"@type":"ListItem","position":2,"name":"ELN reconoce autor\u00eda en secuestro y posterior asesinato de dos investigadores del CTI"}]},{"@type":"WebSite","@id":"https:\/\/www.fiscalia.gov.co\/colombia\/#website","url":"https:\/\/www.fiscalia.gov.co\/colombia\/","name":"Fiscal\u00eda General de la Naci\u00f3n","description":"P\u00e1gina oficial de la Fiscal\u00eda General de la Naci\u00f3n \u2013 Colombia. Garantizamos el acceso efectivo a la justicia, la verdad y la reparaci\u00f3n de las v\u00edctimas de los delitos.","publisher":{"@id":"https:\/\/www.fiscalia.gov.co\/colombia\/#organization"},"potentialAction":[{"@type":"SearchAction","target":{"@type":"EntryPoint","urlTemplate":"https:\/\/www.fiscalia.gov.co\/colombia\/?s={search_term_string}"},"query-input":{"@type":"PropertyValueSpecification","valueRequired":true,"valueName":"search_term_string"}}],"inLanguage":"es-CO"},{"@type":"Organization","@id":"https:\/\/www.fiscalia.gov.co\/colombia\/#organization","name":"Fiscal\u00eda General de la Naci\u00f3n","url":"https:\/\/www.fiscalia.gov.co\/colombia\/","logo":{"@type":"ImageObject","inLanguage":"es-CO","@id":"https:\/\/www.fiscalia.gov.co\/colombia\/#\/schema\/logo\/image\/","url":"https:\/\/www.fiscalia.gov.co\/colombia\/wp-content\/uploads\/LogoHorizontal_1.jpg","contentUrl":"https:\/\/www.fiscalia.gov.co\/colombia\/wp-content\/uploads\/LogoHorizontal_1.jpg","width":300,"height":90,"caption":"Fiscal\u00eda General de la Naci\u00f3n"},"image":{"@id":"https:\/\/www.fiscalia.gov.co\/colombia\/#\/schema\/logo\/image\/"},"sameAs":["https:\/\/www.facebook.com\/FiscaliaCol","https:\/\/x.com\/FiscaliaCol","https:\/\/www.instagram.com\/fiscaliacol","https:\/\/www.linkedin.com\/company\/fiscalia-general-de-la-naci-n\/","https:\/\/youtube.com\/@fiscaliageneraldelanacion-4668?si=6nN79nyQICPU5iTh"]},{"@type":"Person","@id":"https:\/\/www.fiscalia.gov.co\/colombia\/#\/schema\/person\/bf28d8ae7f1b287bbe3af484b04f43ea","name":"Direcci\u00f3n de Comunicaciones Fiscal\u00eda General de la Naci\u00f3n","image":{"@type":"ImageObject","inLanguage":"es-CO","@id":"https:\/\/www.fiscalia.gov.co\/colombia\/#\/schema\/person\/image\/","url":"https:\/\/secure.gravatar.com\/avatar\/9d55ae161d32da16dbdd0b380c080a5f?s=96&d=mm&r=g","contentUrl":"https:\/\/secure.gravatar.com\/avatar\/9d55ae161d32da16dbdd0b380c080a5f?s=96&d=mm&r=g","caption":"Direcci\u00f3n de Comunicaciones Fiscal\u00eda General de la Naci\u00f3n"},"url":"https:\/\/www.fiscalia.gov.co\/colombia\/author\/kbonilla\/"}]}},"_links":{"self":[{"href":"https:\/\/www.fiscalia.gov.co\/colombia\/wp-json\/wp\/v2\/posts\/167166","targetHints":{"allow":["GET"]}}],"collection":[{"href":"https:\/\/www.fiscalia.gov.co\/colombia\/wp-json\/wp\/v2\/posts"}],"about":[{"href":"https:\/\/www.fiscalia.gov.co\/colombia\/wp-json\/wp\/v2\/types\/post"}],"author":[{"embeddable":true,"href":"https:\/\/www.fiscalia.gov.co\/colombia\/wp-json\/wp\/v2\/users\/162"}],"replies":[{"embeddable":true,"href":"https:\/\/www.fiscalia.gov.co\/colombia\/wp-json\/wp\/v2\/comments?post=167166"}],"version-history":[{"count":1,"href":"https:\/\/www.fiscalia.gov.co\/colombia\/wp-json\/wp\/v2\/posts\/167166\/revisions"}],"predecessor-version":[{"id":167167,"href":"https:\/\/www.fiscalia.gov.co\/colombia\/wp-json\/wp\/v2\/posts\/167166\/revisions\/167167"}],"wp:attachment":[{"href":"https:\/\/www.fiscalia.gov.co\/colombia\/wp-json\/wp\/v2\/media?parent=167166"}],"wp:term":[{"taxonomy":"category","embeddable":true,"href":"https:\/\/www.fiscalia.gov.co\/colombia\/wp-json\/wp\/v2\/categories?post=167166"},{"taxonomy":"post_tag","embeddable":true,"href":"https:\/\/www.fiscalia.gov.co\/colombia\/wp-json\/wp\/v2\/tags?post=167166"}],"curies":[{"name":"wp","href":"https:\/\/api.w.org\/{rel}","templated":true}]}}