{"id":167154,"date":"2018-08-14T15:35:36","date_gmt":"2018-08-14T20:35:36","guid":{"rendered":"https:\/\/www.fiscalia.gov.co\/colombia\/?p=167154"},"modified":"2018-08-14T15:35:36","modified_gmt":"2018-08-14T20:35:36","slug":"condenado-jose-miguel-narvaez-a-30-anos-de-prision-por-crimen-del-periodista-y-humorista-jaime-garzon","status":"publish","type":"post","link":"https:\/\/www.fiscalia.gov.co\/colombia\/seccionales\/condenado-jose-miguel-narvaez-a-30-anos-de-prision-por-crimen-del-periodista-y-humorista-jaime-garzon\/","title":{"rendered":"Condenado Jos\u00e9 Miguel Narv\u00e1ez a 30 a\u00f1os de prisi\u00f3n por crimen del periodista y humorista Jaime Garz\u00f3n"},"content":{"rendered":"<p><em><u>La Fiscal\u00eda demostr\u00f3 en juicio que el empresario y ex subdirector del DAS actu\u00f3 como determinador, instig\u00f3 y orient\u00f3 al m\u00e1ximo cabecilla de la extintas autodefensas, Carlos Casta\u00f1o Gil, para que ordenara el homicidio ocurrido hace 19 a\u00f1os en Bogot\u00e1. <\/u><\/em><\/p>\n<p>La Fiscal\u00eda General de la Naci\u00f3n logr\u00f3 que el Juzgado S\u00e9ptimo Penal Circuito Especializado de Bogot\u00e1 avalara la totalidad de los testimonios y evidencias recaudas, y obtuvo condena de 30 a\u00f1os de prisi\u00f3n contra Jos\u00e9 Miguel Narv\u00e1ez Mart\u00ednez, como determinador en el crimen del periodista y humorista Jaime Garz\u00f3n Forero.<\/p>\n<p>La sentencia por homicidio agravado deber\u00e1 cumplirse en establecimiento carcelario, rechaza cualquier beneficio o subrogado solicitado por la defensa e impone multa de 500 salarios m\u00ednimos mensuales legales vigentes.<\/p>\n<p>Para el juez, Narv\u00e1ez Mart\u00ednez actu\u00f3 con dolo intenso, constantemente asedi\u00f3 al m\u00e1ximo jefe de las extintas autodefensas, Carlos Casta\u00f1o Gil, para que ultimara a Jaime Garz\u00f3n, y lleg\u00f3 al punto de aportar informaci\u00f3n y fotograf\u00edas que supuestamente vinculaban al comunicador con la guerrilla.<\/p>\n<p>En ese sentido, el fallo respald\u00f3 la hip\u00f3tesis de la Fiscal\u00eda sobre el poder de convencimiento e incidencia que Narv\u00e1ez ten\u00eda sobre Casta\u00f1o Gil, al punto que le fij\u00f3 la idea de que Garz\u00f3n Forero era \u201cguerrillero\u201d, enemigo de la organizaci\u00f3n y se lucraba mediante la negociaci\u00f3n de secuestros.<\/p>\n<p>Resalta el documento:<\/p>\n<p><em>\u201cLa muerte de Garz\u00f3n Forero est\u00e1 relacionada con la labor humanitaria que desempe\u00f1aba para esa \u00e9poca, cual era ser intermediario entre la guerrilla y los familiares de los secuestrados, circunstancia que le gener\u00f3 inconformidad al jefe m\u00e1ximo de las Autodefensas Unidas de Colombia &#8211; AUC, Carlos Casta\u00f1o Gil\u2026 Bajo ese entendido, su deceso fue un claro de mensaje de terror y miedo hacia la sociedad y familiares de las personas que eran v\u00edctimas de los secuestrados\u2026\u201d<\/em><\/p>\n<p>Las declaraciones de varios exjefes paramilitares como Diego Fernando Murillo, alias Don Berna; Iv\u00e1n Roberto Duque Gaviria, alias Ernesto B\u00e1ez; y Libardo Duarte, alias Bam Bam, fueron determinantes para reafirmar la constante presi\u00f3n que el empresario Jos\u00e9 Miguel Narv\u00e1ez Mart\u00ednez gener\u00f3 sobre Casta\u00f1o Gil.<\/p>\n<p>Los mencionados testigos y otros presentados por el fiscal de conocimiento en el curso de la investigaci\u00f3n fueron calificados de coherentes y congruentes por el juzgado, que dio valor a la informaci\u00f3n que aportaron y permiti\u00f3 conocer de viva voz el estrecho v\u00ednculo que hab\u00eda entre Casta\u00f1o y Narv\u00e1ez, quien gozaba de reputaci\u00f3n por su pensamiento radical, cercan\u00eda con las Fuerzas Militares y trabajo acad\u00e9mico.<\/p>\n<p>Cita el fallo:<em> \u201cConforme a lo expuesto se corrobora el alto reconocimiento de Narv\u00e1ez Mart\u00ednez en la organizaci\u00f3n, la relaci\u00f3n directa que \u00e9ste ten\u00eda con Casta\u00f1o Gil y la manera en que, sin dar \u00f3rdenes, orientaba o guiaba al m\u00e1ximo l\u00edder a tomar decisiones respecto de personas que, seg\u00fan la informaci\u00f3n suministrada, constitu\u00edan adversarios y por ende deb\u00edan ser eliminados.\u201d <\/em><\/p>\n<p>En otras consideraciones, el Juzgado S\u00e9ptimo Penal Circuito Especializado de Bogot\u00e1 se abstuvo de declarar delito de lesa humanidad el homicidio de Jaime Garz\u00f3n y se\u00f1al\u00f3 que no obra prueba que lo relacione con una pol\u00edtica o plan de exterminio de las denominadas autodefensas contra un grupo concreto de la poblaci\u00f3n.<\/p>\n<p>Precisa la sentencia que el homicidio correspondi\u00f3 exclusivamente a la molestia personal y a la ira que generaba en Narv\u00e1ez y Casta\u00f1o Gil la labor realizada por el periodista y humorista como mediador entre las familias de los secuestrados y los secuestradores y por las cr\u00edticas que constantemente lanz\u00f3 desde su programa de televisi\u00f3n contra las entonces autodefensas<\/p>\n\n<div class=\"twitter-share\"><a href=\"https:\/\/twitter.com\/intent\/tweet?via=fiscaliacol\" class=\"twitter-share-button\">Tweet<\/a><\/div>\n","protected":false},"excerpt":{"rendered":"<p>La Fiscal\u00eda demostr\u00f3 en juicio que el empresario y ex subdirector del DAS actu\u00f3 como determinador, instig\u00f3 y orient\u00f3 al m\u00e1ximo cabecilla de la extintas autodefensas, Carlos Casta\u00f1o Gil, para que ordenara el homicidio ocurrido hace 19 a\u00f1os en Bogot\u00e1. La Fiscal\u00eda General de la Naci\u00f3n logr\u00f3 que el Juzgado S\u00e9ptimo Penal Circuito Especializado de [&hellip;]<\/p>\n","protected":false},"author":162,"featured_media":0,"comment_status":"closed","ping_status":"open","sticky":false,"template":"","format":"standard","meta":{"tdm_status":"","tdm_grid_status":"","footnotes":""},"categories":[24102,321,303],"tags":[],"class_list":{"0":"post-167154","1":"post","2":"type-post","3":"status-publish","4":"format-standard","6":"category-derechos-humanos","7":"category-seccional-bogota","8":"category-seccionales"},"yoast_head":"<!-- This site is optimized with the Yoast SEO plugin v24.3 - https:\/\/yoast.com\/wordpress\/plugins\/seo\/ -->\n<title>Fiscal\u00eda General de la Naci\u00f3n<\/title>\n<meta name=\"description\" content=\"P\u00e1gina oficial de la Fiscal\u00eda General de la Naci\u00f3n \u2013 Colombia. Garantizamos el acceso efectivo a la justicia, la verdad y la reparaci\u00f3n de las v\u00edctimas de los delitos.\" \/>\n<meta name=\"robots\" content=\"noindex, follow\" \/>\n<meta property=\"og:locale\" content=\"es_ES\" \/>\n<meta property=\"og:type\" content=\"article\" \/>\n<meta property=\"og:title\" content=\"Fiscal\u00eda General de la Naci\u00f3n\" \/>\n<meta property=\"og:description\" content=\"P\u00e1gina oficial de la Fiscal\u00eda General de la Naci\u00f3n \u2013 Colombia. Garantizamos el acceso efectivo a la justicia, la verdad y la reparaci\u00f3n de las v\u00edctimas de los delitos.\" \/>\n<meta property=\"og:url\" content=\"https:\/\/www.fiscalia.gov.co\/colombia\/seccionales\/condenado-jose-miguel-narvaez-a-30-anos-de-prision-por-crimen-del-periodista-y-humorista-jaime-garzon\/\" \/>\n<meta property=\"og:site_name\" content=\"Fiscal\u00eda General de la Naci\u00f3n\" \/>\n<meta property=\"article:publisher\" content=\"https:\/\/www.facebook.com\/FiscaliaCol\" \/>\n<meta property=\"article:published_time\" content=\"2018-08-14T20:35:36+00:00\" \/>\n<meta name=\"author\" content=\"Direcci\u00f3n de Comunicaciones Fiscal\u00eda General de la Naci\u00f3n\" \/>\n<meta name=\"twitter:card\" content=\"summary_large_image\" \/>\n<meta name=\"twitter:creator\" content=\"@FiscaliaCol\" \/>\n<meta name=\"twitter:site\" content=\"@FiscaliaCol\" \/>\n<meta name=\"twitter:label1\" content=\"Escrito por\" \/>\n\t<meta name=\"twitter:data1\" content=\"Direcci\u00f3n de Comunicaciones Fiscal\u00eda General de la Naci\u00f3n\" \/>\n\t<meta name=\"twitter:label2\" content=\"Tiempo de lectura\" \/>\n\t<meta name=\"twitter:data2\" content=\"3 minutos\" \/>\n<script type=\"application\/ld+json\" class=\"yoast-schema-graph\">{\"@context\":\"https:\/\/schema.org\",\"@graph\":[{\"@type\":\"Article\",\"@id\":\"https:\/\/www.fiscalia.gov.co\/colombia\/seccionales\/condenado-jose-miguel-narvaez-a-30-anos-de-prision-por-crimen-del-periodista-y-humorista-jaime-garzon\/#article\",\"isPartOf\":{\"@id\":\"https:\/\/www.fiscalia.gov.co\/colombia\/seccionales\/condenado-jose-miguel-narvaez-a-30-anos-de-prision-por-crimen-del-periodista-y-humorista-jaime-garzon\/\"},\"author\":{\"name\":\"Direcci\u00f3n de Comunicaciones Fiscal\u00eda General de la Naci\u00f3n\",\"@id\":\"https:\/\/www.fiscalia.gov.co\/colombia\/#\/schema\/person\/bf28d8ae7f1b287bbe3af484b04f43ea\"},\"headline\":\"Condenado Jos\u00e9 Miguel Narv\u00e1ez a 30 a\u00f1os de prisi\u00f3n por crimen del periodista y humorista Jaime Garz\u00f3n\",\"datePublished\":\"2018-08-14T20:35:36+00:00\",\"dateModified\":\"2018-08-14T20:35:36+00:00\",\"mainEntityOfPage\":{\"@id\":\"https:\/\/www.fiscalia.gov.co\/colombia\/seccionales\/condenado-jose-miguel-narvaez-a-30-anos-de-prision-por-crimen-del-periodista-y-humorista-jaime-garzon\/\"},\"wordCount\":655,\"publisher\":{\"@id\":\"https:\/\/www.fiscalia.gov.co\/colombia\/#organization\"},\"articleSection\":[\"Derechos Humanos\",\"Seccional Bogot\u00e1\",\"Seccionales\"],\"inLanguage\":\"es-CO\"},{\"@type\":\"WebPage\",\"@id\":\"https:\/\/www.fiscalia.gov.co\/colombia\/seccionales\/condenado-jose-miguel-narvaez-a-30-anos-de-prision-por-crimen-del-periodista-y-humorista-jaime-garzon\/\",\"url\":\"https:\/\/www.fiscalia.gov.co\/colombia\/seccionales\/condenado-jose-miguel-narvaez-a-30-anos-de-prision-por-crimen-del-periodista-y-humorista-jaime-garzon\/\",\"name\":\"Fiscal\u00eda General de la Naci\u00f3n\",\"isPartOf\":{\"@id\":\"https:\/\/www.fiscalia.gov.co\/colombia\/#website\"},\"datePublished\":\"2018-08-14T20:35:36+00:00\",\"dateModified\":\"2018-08-14T20:35:36+00:00\",\"description\":\"P\u00e1gina oficial de la Fiscal\u00eda General de la Naci\u00f3n \u2013 Colombia. Garantizamos el acceso efectivo a la justicia, la verdad y la reparaci\u00f3n de las v\u00edctimas de los delitos.\",\"breadcrumb\":{\"@id\":\"https:\/\/www.fiscalia.gov.co\/colombia\/seccionales\/condenado-jose-miguel-narvaez-a-30-anos-de-prision-por-crimen-del-periodista-y-humorista-jaime-garzon\/#breadcrumb\"},\"inLanguage\":\"es-CO\",\"potentialAction\":[{\"@type\":\"ReadAction\",\"target\":[\"https:\/\/www.fiscalia.gov.co\/colombia\/seccionales\/condenado-jose-miguel-narvaez-a-30-anos-de-prision-por-crimen-del-periodista-y-humorista-jaime-garzon\/\"]}]},{\"@type\":\"BreadcrumbList\",\"@id\":\"https:\/\/www.fiscalia.gov.co\/colombia\/seccionales\/condenado-jose-miguel-narvaez-a-30-anos-de-prision-por-crimen-del-periodista-y-humorista-jaime-garzon\/#breadcrumb\",\"itemListElement\":[{\"@type\":\"ListItem\",\"position\":1,\"name\":\"Home\",\"item\":\"https:\/\/www.fiscalia.gov.co\/colombia\/\"},{\"@type\":\"ListItem\",\"position\":2,\"name\":\"Condenado Jos\u00e9 Miguel Narv\u00e1ez a 30 a\u00f1os de prisi\u00f3n por crimen del periodista y humorista Jaime Garz\u00f3n\"}]},{\"@type\":\"WebSite\",\"@id\":\"https:\/\/www.fiscalia.gov.co\/colombia\/#website\",\"url\":\"https:\/\/www.fiscalia.gov.co\/colombia\/\",\"name\":\"Fiscal\u00eda General de la Naci\u00f3n\",\"description\":\"P\u00e1gina oficial de la Fiscal\u00eda General de la Naci\u00f3n \u2013 Colombia. Garantizamos el acceso efectivo a la justicia, la verdad y la reparaci\u00f3n de las v\u00edctimas de los delitos.\",\"publisher\":{\"@id\":\"https:\/\/www.fiscalia.gov.co\/colombia\/#organization\"},\"potentialAction\":[{\"@type\":\"SearchAction\",\"target\":{\"@type\":\"EntryPoint\",\"urlTemplate\":\"https:\/\/www.fiscalia.gov.co\/colombia\/?s={search_term_string}\"},\"query-input\":{\"@type\":\"PropertyValueSpecification\",\"valueRequired\":true,\"valueName\":\"search_term_string\"}}],\"inLanguage\":\"es-CO\"},{\"@type\":\"Organization\",\"@id\":\"https:\/\/www.fiscalia.gov.co\/colombia\/#organization\",\"name\":\"Fiscal\u00eda General de la Naci\u00f3n\",\"url\":\"https:\/\/www.fiscalia.gov.co\/colombia\/\",\"logo\":{\"@type\":\"ImageObject\",\"inLanguage\":\"es-CO\",\"@id\":\"https:\/\/www.fiscalia.gov.co\/colombia\/#\/schema\/logo\/image\/\",\"url\":\"https:\/\/www.fiscalia.gov.co\/colombia\/wp-content\/uploads\/LogoHorizontal_1.jpg\",\"contentUrl\":\"https:\/\/www.fiscalia.gov.co\/colombia\/wp-content\/uploads\/LogoHorizontal_1.jpg\",\"width\":300,\"height\":90,\"caption\":\"Fiscal\u00eda General de la Naci\u00f3n\"},\"image\":{\"@id\":\"https:\/\/www.fiscalia.gov.co\/colombia\/#\/schema\/logo\/image\/\"},\"sameAs\":[\"https:\/\/www.facebook.com\/FiscaliaCol\",\"https:\/\/x.com\/FiscaliaCol\",\"https:\/\/www.instagram.com\/fiscaliacol\",\"https:\/\/www.linkedin.com\/company\/fiscalia-general-de-la-naci-n\/\",\"https:\/\/youtube.com\/@fiscaliageneraldelanacion-4668?si=6nN79nyQICPU5iTh\"]},{\"@type\":\"Person\",\"@id\":\"https:\/\/www.fiscalia.gov.co\/colombia\/#\/schema\/person\/bf28d8ae7f1b287bbe3af484b04f43ea\",\"name\":\"Direcci\u00f3n de Comunicaciones Fiscal\u00eda General de la Naci\u00f3n\",\"image\":{\"@type\":\"ImageObject\",\"inLanguage\":\"es-CO\",\"@id\":\"https:\/\/www.fiscalia.gov.co\/colombia\/#\/schema\/person\/image\/\",\"url\":\"https:\/\/secure.gravatar.com\/avatar\/9d55ae161d32da16dbdd0b380c080a5f?s=96&d=mm&r=g\",\"contentUrl\":\"https:\/\/secure.gravatar.com\/avatar\/9d55ae161d32da16dbdd0b380c080a5f?s=96&d=mm&r=g\",\"caption\":\"Direcci\u00f3n de Comunicaciones Fiscal\u00eda General de la Naci\u00f3n\"},\"url\":\"https:\/\/www.fiscalia.gov.co\/colombia\/author\/kbonilla\/\"}]}<\/script>\n<!-- \/ Yoast SEO plugin. -->","yoast_head_json":{"title":"Fiscal\u00eda General de la Naci\u00f3n","description":"P\u00e1gina oficial de la Fiscal\u00eda General de la Naci\u00f3n \u2013 Colombia. Garantizamos el acceso efectivo a la justicia, la verdad y la reparaci\u00f3n de las v\u00edctimas de los delitos.","robots":{"index":"noindex","follow":"follow"},"og_locale":"es_ES","og_type":"article","og_title":"Fiscal\u00eda General de la Naci\u00f3n","og_description":"P\u00e1gina oficial de la Fiscal\u00eda General de la Naci\u00f3n \u2013 Colombia. Garantizamos el acceso efectivo a la justicia, la verdad y la reparaci\u00f3n de las v\u00edctimas de los delitos.","og_url":"https:\/\/www.fiscalia.gov.co\/colombia\/seccionales\/condenado-jose-miguel-narvaez-a-30-anos-de-prision-por-crimen-del-periodista-y-humorista-jaime-garzon\/","og_site_name":"Fiscal\u00eda General de la Naci\u00f3n","article_publisher":"https:\/\/www.facebook.com\/FiscaliaCol","article_published_time":"2018-08-14T20:35:36+00:00","author":"Direcci\u00f3n de Comunicaciones Fiscal\u00eda General de la Naci\u00f3n","twitter_card":"summary_large_image","twitter_creator":"@FiscaliaCol","twitter_site":"@FiscaliaCol","twitter_misc":{"Escrito por":"Direcci\u00f3n de Comunicaciones Fiscal\u00eda General de la Naci\u00f3n","Tiempo de lectura":"3 minutos"},"schema":{"@context":"https:\/\/schema.org","@graph":[{"@type":"Article","@id":"https:\/\/www.fiscalia.gov.co\/colombia\/seccionales\/condenado-jose-miguel-narvaez-a-30-anos-de-prision-por-crimen-del-periodista-y-humorista-jaime-garzon\/#article","isPartOf":{"@id":"https:\/\/www.fiscalia.gov.co\/colombia\/seccionales\/condenado-jose-miguel-narvaez-a-30-anos-de-prision-por-crimen-del-periodista-y-humorista-jaime-garzon\/"},"author":{"name":"Direcci\u00f3n de Comunicaciones Fiscal\u00eda General de la Naci\u00f3n","@id":"https:\/\/www.fiscalia.gov.co\/colombia\/#\/schema\/person\/bf28d8ae7f1b287bbe3af484b04f43ea"},"headline":"Condenado Jos\u00e9 Miguel Narv\u00e1ez a 30 a\u00f1os de prisi\u00f3n por crimen del periodista y humorista Jaime Garz\u00f3n","datePublished":"2018-08-14T20:35:36+00:00","dateModified":"2018-08-14T20:35:36+00:00","mainEntityOfPage":{"@id":"https:\/\/www.fiscalia.gov.co\/colombia\/seccionales\/condenado-jose-miguel-narvaez-a-30-anos-de-prision-por-crimen-del-periodista-y-humorista-jaime-garzon\/"},"wordCount":655,"publisher":{"@id":"https:\/\/www.fiscalia.gov.co\/colombia\/#organization"},"articleSection":["Derechos Humanos","Seccional Bogot\u00e1","Seccionales"],"inLanguage":"es-CO"},{"@type":"WebPage","@id":"https:\/\/www.fiscalia.gov.co\/colombia\/seccionales\/condenado-jose-miguel-narvaez-a-30-anos-de-prision-por-crimen-del-periodista-y-humorista-jaime-garzon\/","url":"https:\/\/www.fiscalia.gov.co\/colombia\/seccionales\/condenado-jose-miguel-narvaez-a-30-anos-de-prision-por-crimen-del-periodista-y-humorista-jaime-garzon\/","name":"Fiscal\u00eda General de la Naci\u00f3n","isPartOf":{"@id":"https:\/\/www.fiscalia.gov.co\/colombia\/#website"},"datePublished":"2018-08-14T20:35:36+00:00","dateModified":"2018-08-14T20:35:36+00:00","description":"P\u00e1gina oficial de la Fiscal\u00eda General de la Naci\u00f3n \u2013 Colombia. Garantizamos el acceso efectivo a la justicia, la verdad y la reparaci\u00f3n de las v\u00edctimas de los delitos.","breadcrumb":{"@id":"https:\/\/www.fiscalia.gov.co\/colombia\/seccionales\/condenado-jose-miguel-narvaez-a-30-anos-de-prision-por-crimen-del-periodista-y-humorista-jaime-garzon\/#breadcrumb"},"inLanguage":"es-CO","potentialAction":[{"@type":"ReadAction","target":["https:\/\/www.fiscalia.gov.co\/colombia\/seccionales\/condenado-jose-miguel-narvaez-a-30-anos-de-prision-por-crimen-del-periodista-y-humorista-jaime-garzon\/"]}]},{"@type":"BreadcrumbList","@id":"https:\/\/www.fiscalia.gov.co\/colombia\/seccionales\/condenado-jose-miguel-narvaez-a-30-anos-de-prision-por-crimen-del-periodista-y-humorista-jaime-garzon\/#breadcrumb","itemListElement":[{"@type":"ListItem","position":1,"name":"Home","item":"https:\/\/www.fiscalia.gov.co\/colombia\/"},{"@type":"ListItem","position":2,"name":"Condenado Jos\u00e9 Miguel Narv\u00e1ez a 30 a\u00f1os de prisi\u00f3n por crimen del periodista y humorista Jaime Garz\u00f3n"}]},{"@type":"WebSite","@id":"https:\/\/www.fiscalia.gov.co\/colombia\/#website","url":"https:\/\/www.fiscalia.gov.co\/colombia\/","name":"Fiscal\u00eda General de la Naci\u00f3n","description":"P\u00e1gina oficial de la Fiscal\u00eda General de la Naci\u00f3n \u2013 Colombia. Garantizamos el acceso efectivo a la justicia, la verdad y la reparaci\u00f3n de las v\u00edctimas de los delitos.","publisher":{"@id":"https:\/\/www.fiscalia.gov.co\/colombia\/#organization"},"potentialAction":[{"@type":"SearchAction","target":{"@type":"EntryPoint","urlTemplate":"https:\/\/www.fiscalia.gov.co\/colombia\/?s={search_term_string}"},"query-input":{"@type":"PropertyValueSpecification","valueRequired":true,"valueName":"search_term_string"}}],"inLanguage":"es-CO"},{"@type":"Organization","@id":"https:\/\/www.fiscalia.gov.co\/colombia\/#organization","name":"Fiscal\u00eda General de la Naci\u00f3n","url":"https:\/\/www.fiscalia.gov.co\/colombia\/","logo":{"@type":"ImageObject","inLanguage":"es-CO","@id":"https:\/\/www.fiscalia.gov.co\/colombia\/#\/schema\/logo\/image\/","url":"https:\/\/www.fiscalia.gov.co\/colombia\/wp-content\/uploads\/LogoHorizontal_1.jpg","contentUrl":"https:\/\/www.fiscalia.gov.co\/colombia\/wp-content\/uploads\/LogoHorizontal_1.jpg","width":300,"height":90,"caption":"Fiscal\u00eda General de la Naci\u00f3n"},"image":{"@id":"https:\/\/www.fiscalia.gov.co\/colombia\/#\/schema\/logo\/image\/"},"sameAs":["https:\/\/www.facebook.com\/FiscaliaCol","https:\/\/x.com\/FiscaliaCol","https:\/\/www.instagram.com\/fiscaliacol","https:\/\/www.linkedin.com\/company\/fiscalia-general-de-la-naci-n\/","https:\/\/youtube.com\/@fiscaliageneraldelanacion-4668?si=6nN79nyQICPU5iTh"]},{"@type":"Person","@id":"https:\/\/www.fiscalia.gov.co\/colombia\/#\/schema\/person\/bf28d8ae7f1b287bbe3af484b04f43ea","name":"Direcci\u00f3n de Comunicaciones Fiscal\u00eda General de la Naci\u00f3n","image":{"@type":"ImageObject","inLanguage":"es-CO","@id":"https:\/\/www.fiscalia.gov.co\/colombia\/#\/schema\/person\/image\/","url":"https:\/\/secure.gravatar.com\/avatar\/9d55ae161d32da16dbdd0b380c080a5f?s=96&d=mm&r=g","contentUrl":"https:\/\/secure.gravatar.com\/avatar\/9d55ae161d32da16dbdd0b380c080a5f?s=96&d=mm&r=g","caption":"Direcci\u00f3n de Comunicaciones Fiscal\u00eda General de la Naci\u00f3n"},"url":"https:\/\/www.fiscalia.gov.co\/colombia\/author\/kbonilla\/"}]}},"_links":{"self":[{"href":"https:\/\/www.fiscalia.gov.co\/colombia\/wp-json\/wp\/v2\/posts\/167154","targetHints":{"allow":["GET"]}}],"collection":[{"href":"https:\/\/www.fiscalia.gov.co\/colombia\/wp-json\/wp\/v2\/posts"}],"about":[{"href":"https:\/\/www.fiscalia.gov.co\/colombia\/wp-json\/wp\/v2\/types\/post"}],"author":[{"embeddable":true,"href":"https:\/\/www.fiscalia.gov.co\/colombia\/wp-json\/wp\/v2\/users\/162"}],"replies":[{"embeddable":true,"href":"https:\/\/www.fiscalia.gov.co\/colombia\/wp-json\/wp\/v2\/comments?post=167154"}],"version-history":[{"count":1,"href":"https:\/\/www.fiscalia.gov.co\/colombia\/wp-json\/wp\/v2\/posts\/167154\/revisions"}],"predecessor-version":[{"id":167155,"href":"https:\/\/www.fiscalia.gov.co\/colombia\/wp-json\/wp\/v2\/posts\/167154\/revisions\/167155"}],"wp:attachment":[{"href":"https:\/\/www.fiscalia.gov.co\/colombia\/wp-json\/wp\/v2\/media?parent=167154"}],"wp:term":[{"taxonomy":"category","embeddable":true,"href":"https:\/\/www.fiscalia.gov.co\/colombia\/wp-json\/wp\/v2\/categories?post=167154"},{"taxonomy":"post_tag","embeddable":true,"href":"https:\/\/www.fiscalia.gov.co\/colombia\/wp-json\/wp\/v2\/tags?post=167154"}],"curies":[{"name":"wp","href":"https:\/\/api.w.org\/{rel}","templated":true}]}}