{"id":166938,"date":"2018-08-10T09:22:29","date_gmt":"2018-08-10T14:22:29","guid":{"rendered":"https:\/\/www.fiscalia.gov.co\/colombia\/?p=166938"},"modified":"2018-08-10T16:26:02","modified_gmt":"2018-08-10T21:26:02","slug":"fiscalia-entregara-el-cuerpo-de-carlos-horacio-uran-otra-de-las-victimas-del-holocausto-del-palacio-de-justicia","status":"publish","type":"post","link":"https:\/\/www.fiscalia.gov.co\/colombia\/seccionales\/fiscalia-entregara-el-cuerpo-de-carlos-horacio-uran-otra-de-las-victimas-del-holocausto-del-palacio-de-justicia\/","title":{"rendered":"Fiscal\u00eda entregar\u00e1 el cuerpo de Carlos Horacio Ur\u00e1n, otra de las v\u00edctimas del holocausto del Palacio de Justicia"},"content":{"rendered":"<p><em><u>El trabajo del grupo interdisciplinario de la Fiscal\u00eda y del Instituto de Medicina Legal y Ciencias Forenses, permiti\u00f3, la identificaci\u00f3n plena de los restos de un funcionario m\u00e1s \u00a0del Palacio de Justicia.<\/u><\/em><\/p>\n<p>En un trabajo articulado de la Fiscal\u00eda General de la Naci\u00f3n y el Instituto Nacional de Medicina Legal y Ciencias Forenses, fue identificado plenamente el cuerpo de Carlos Horacio Ur\u00e1n Rojas, funcionario del Consejo de Estado, v\u00edctima de los hechos del 6 y 7 de noviembre de 1985 en el Palacio de Justicia de Bogot\u00e1.<\/p>\n<p>A partir del 2014 el grupo investigativo del caso del Palacio de Justicia defini\u00f3 una hip\u00f3tesis sobre cuerpos mezclados, intercambiados y mal entregados, que ha generado realidades dolorosas para las familias de quienes fallecieron en dicho holocausto.<\/p>\n<p>Ante esta circunstancia, se conform\u00f3 el equipo interdisciplinario que con el objetivo de lograr una plena identificaci\u00f3n, ha buscado los cuerpos inhumados en 1985, los\u00a0 ha exhumado y llevado a laboratorios especializados de Bogot\u00e1 y Villavicencio.<\/p>\n<p>Los restos que en muchos casos fueron afectados por la llamas, se sometieron a estudios m\u00e9dicos, \u00a0antropol\u00f3gicos, odontol\u00f3gicos, gen\u00e9tico forenses, entre otros. Las pruebas fueron cotejadas con el ADN de padres, hijos y hermanos de las v\u00edctimas, para crear un gran banco de ADN exclusivo para el caso del Palacio de Justicia en el que permanentemente se cruzan los perfiles gen\u00e9ticos para identificar a quienes perecieron en ese evento de noviembre de 1985.<\/p>\n<p>Hoy se suma a las v\u00edctimas, el reconocimiento cient\u00edfico, que permiti\u00f3 identificar sin ninguna duda, que los restos analizados pertenecen a Carlos Horacio Ur\u00e1n Rojas, funcionario del Consejo de Estado.<\/p>\n<p>Los testimonios recopilados en el voluminoso expediente, indicaron que Ur\u00e1n Rojas, se encontraba en el ba\u00f1o del tercero y cuarto piso, mientras ocurr\u00eda la retoma de la sede judicial; sin embargo los actos de levantamiento del cad\u00e1ver fueron registrados en actas, como muerto en el primer piso (8 de noviembre de 1985).<\/p>\n<p>Inicialmente, el cuerpo fue catalogado como N.N., pero posteriormente con la muestra de un cotejo de su dedo \u00edndice, se\u00a0 identific\u00f3\u00a0 como Carlos Horacio Ur\u00e1n Rojas.<\/p>\n<p>El 11 de febrero de 2010 la Fiscal\u00eda Cuarta Delegada ante la Corte Suprema de Justicia, orden\u00f3 una primera exhumaci\u00f3n para someter el cuerpo a estudios de criminal\u00edstica, relacionados con la descripci\u00f3n de heridas del protocolo de necropsia de 1985.\u00a0 Posteriormente se orden\u00f3 la entrega a sus familiares.<\/p>\n<p>Ante el intercambio de algunos cuerpos de las victimas del Palacio de Justicia,\u00a0 y estudios de Medicina Legal de 2014, la Fiscal\u00eda Primera Delegada ante la Corte Suprema de Justicia, orden\u00f3 exhumar por segunda vez el cuerpo de Carlos Horacio Ur\u00e1n, para tomar muestras \u00f3seas y cotejarlos con el ADN de sus hijas. Los resultados\u00a0 ser\u00e1n expuestos a sus familiares y amigos hoy 10 de agosto de 2018, con la irrefutable conclusi\u00f3n cient\u00edfica que en este caso, los restos corresponden a Carlos Horacio Ur\u00e1n Rojas y no como en otras circunstancias en las que se han realizado duelos a personas diferentes.<\/p>\n<p>Asimismo, la Fiscal\u00eda coordin\u00f3 con sus familiares la entrega digna el 11 de agosto de 2018.<\/p>\n<p>La Fiscal\u00eda General hace p\u00fablica esta informaci\u00f3n por razones de inter\u00e9s general.<\/p>\n\n<div class=\"twitter-share\"><a href=\"https:\/\/twitter.com\/intent\/tweet?via=fiscaliacol\" class=\"twitter-share-button\">Tweet<\/a><\/div>\n","protected":false},"excerpt":{"rendered":"<p>El trabajo del grupo interdisciplinario de la Fiscal\u00eda y del Instituto de Medicina Legal y Ciencias Forenses, permiti\u00f3, la identificaci\u00f3n plena de los restos de un funcionario m\u00e1s \u00a0del Palacio de Justicia. En un trabajo articulado de la Fiscal\u00eda General de la Naci\u00f3n y el Instituto Nacional de Medicina Legal y Ciencias Forenses, fue identificado [&hellip;]<\/p>\n","protected":false},"author":162,"featured_media":0,"comment_status":"closed","ping_status":"open","sticky":false,"template":"","format":"standard","meta":{"tdm_status":"","tdm_grid_status":"","footnotes":""},"categories":[24102,321,303],"tags":[],"class_list":{"0":"post-166938","1":"post","2":"type-post","3":"status-publish","4":"format-standard","6":"category-derechos-humanos","7":"category-seccional-bogota","8":"category-seccionales"},"yoast_head":"<!-- This site is optimized with the Yoast SEO plugin v24.3 - https:\/\/yoast.com\/wordpress\/plugins\/seo\/ -->\n<title>Fiscal\u00eda General de la Naci\u00f3n<\/title>\n<meta name=\"description\" content=\"P\u00e1gina oficial de la Fiscal\u00eda General de la Naci\u00f3n \u2013 Colombia. Garantizamos el acceso efectivo a la justicia, la verdad y la reparaci\u00f3n de las v\u00edctimas de los delitos.\" \/>\n<meta name=\"robots\" content=\"noindex, follow\" \/>\n<meta property=\"og:locale\" content=\"es_ES\" \/>\n<meta property=\"og:type\" content=\"article\" \/>\n<meta property=\"og:title\" content=\"Fiscal\u00eda General de la Naci\u00f3n\" \/>\n<meta property=\"og:description\" content=\"P\u00e1gina oficial de la Fiscal\u00eda General de la Naci\u00f3n \u2013 Colombia. Garantizamos el acceso efectivo a la justicia, la verdad y la reparaci\u00f3n de las v\u00edctimas de los delitos.\" \/>\n<meta property=\"og:url\" content=\"https:\/\/www.fiscalia.gov.co\/colombia\/seccionales\/fiscalia-entregara-el-cuerpo-de-carlos-horacio-uran-otra-de-las-victimas-del-holocausto-del-palacio-de-justicia\/\" \/>\n<meta property=\"og:site_name\" content=\"Fiscal\u00eda General de la Naci\u00f3n\" \/>\n<meta property=\"article:publisher\" content=\"https:\/\/www.facebook.com\/FiscaliaCol\" \/>\n<meta property=\"article:published_time\" content=\"2018-08-10T14:22:29+00:00\" \/>\n<meta property=\"article:modified_time\" content=\"2018-08-10T21:26:02+00:00\" \/>\n<meta name=\"author\" content=\"Direcci\u00f3n de Comunicaciones Fiscal\u00eda General de la Naci\u00f3n\" \/>\n<meta name=\"twitter:card\" content=\"summary_large_image\" \/>\n<meta name=\"twitter:creator\" content=\"@FiscaliaCol\" \/>\n<meta name=\"twitter:site\" content=\"@FiscaliaCol\" \/>\n<meta name=\"twitter:label1\" content=\"Escrito por\" \/>\n\t<meta name=\"twitter:data1\" content=\"Direcci\u00f3n de Comunicaciones Fiscal\u00eda General de la Naci\u00f3n\" \/>\n\t<meta name=\"twitter:label2\" content=\"Tiempo de lectura\" \/>\n\t<meta name=\"twitter:data2\" content=\"3 minutos\" \/>\n<script type=\"application\/ld+json\" class=\"yoast-schema-graph\">{\"@context\":\"https:\/\/schema.org\",\"@graph\":[{\"@type\":\"Article\",\"@id\":\"https:\/\/www.fiscalia.gov.co\/colombia\/seccionales\/fiscalia-entregara-el-cuerpo-de-carlos-horacio-uran-otra-de-las-victimas-del-holocausto-del-palacio-de-justicia\/#article\",\"isPartOf\":{\"@id\":\"https:\/\/www.fiscalia.gov.co\/colombia\/seccionales\/fiscalia-entregara-el-cuerpo-de-carlos-horacio-uran-otra-de-las-victimas-del-holocausto-del-palacio-de-justicia\/\"},\"author\":{\"name\":\"Direcci\u00f3n de Comunicaciones Fiscal\u00eda General de la Naci\u00f3n\",\"@id\":\"https:\/\/www.fiscalia.gov.co\/colombia\/#\/schema\/person\/bf28d8ae7f1b287bbe3af484b04f43ea\"},\"headline\":\"Fiscal\u00eda entregar\u00e1 el cuerpo de Carlos Horacio Ur\u00e1n, otra de las v\u00edctimas del holocausto del Palacio de Justicia\",\"datePublished\":\"2018-08-10T14:22:29+00:00\",\"dateModified\":\"2018-08-10T21:26:02+00:00\",\"mainEntityOfPage\":{\"@id\":\"https:\/\/www.fiscalia.gov.co\/colombia\/seccionales\/fiscalia-entregara-el-cuerpo-de-carlos-horacio-uran-otra-de-las-victimas-del-holocausto-del-palacio-de-justicia\/\"},\"wordCount\":562,\"publisher\":{\"@id\":\"https:\/\/www.fiscalia.gov.co\/colombia\/#organization\"},\"articleSection\":[\"Derechos Humanos\",\"Seccional Bogot\u00e1\",\"Seccionales\"],\"inLanguage\":\"es-CO\"},{\"@type\":\"WebPage\",\"@id\":\"https:\/\/www.fiscalia.gov.co\/colombia\/seccionales\/fiscalia-entregara-el-cuerpo-de-carlos-horacio-uran-otra-de-las-victimas-del-holocausto-del-palacio-de-justicia\/\",\"url\":\"https:\/\/www.fiscalia.gov.co\/colombia\/seccionales\/fiscalia-entregara-el-cuerpo-de-carlos-horacio-uran-otra-de-las-victimas-del-holocausto-del-palacio-de-justicia\/\",\"name\":\"Fiscal\u00eda General de la Naci\u00f3n\",\"isPartOf\":{\"@id\":\"https:\/\/www.fiscalia.gov.co\/colombia\/#website\"},\"datePublished\":\"2018-08-10T14:22:29+00:00\",\"dateModified\":\"2018-08-10T21:26:02+00:00\",\"description\":\"P\u00e1gina oficial de la Fiscal\u00eda General de la Naci\u00f3n \u2013 Colombia. Garantizamos el acceso efectivo a la justicia, la verdad y la reparaci\u00f3n de las v\u00edctimas de los delitos.\",\"breadcrumb\":{\"@id\":\"https:\/\/www.fiscalia.gov.co\/colombia\/seccionales\/fiscalia-entregara-el-cuerpo-de-carlos-horacio-uran-otra-de-las-victimas-del-holocausto-del-palacio-de-justicia\/#breadcrumb\"},\"inLanguage\":\"es-CO\",\"potentialAction\":[{\"@type\":\"ReadAction\",\"target\":[\"https:\/\/www.fiscalia.gov.co\/colombia\/seccionales\/fiscalia-entregara-el-cuerpo-de-carlos-horacio-uran-otra-de-las-victimas-del-holocausto-del-palacio-de-justicia\/\"]}]},{\"@type\":\"BreadcrumbList\",\"@id\":\"https:\/\/www.fiscalia.gov.co\/colombia\/seccionales\/fiscalia-entregara-el-cuerpo-de-carlos-horacio-uran-otra-de-las-victimas-del-holocausto-del-palacio-de-justicia\/#breadcrumb\",\"itemListElement\":[{\"@type\":\"ListItem\",\"position\":1,\"name\":\"Home\",\"item\":\"https:\/\/www.fiscalia.gov.co\/colombia\/\"},{\"@type\":\"ListItem\",\"position\":2,\"name\":\"Fiscal\u00eda entregar\u00e1 el cuerpo de Carlos Horacio Ur\u00e1n, otra de las v\u00edctimas del holocausto del Palacio de Justicia\"}]},{\"@type\":\"WebSite\",\"@id\":\"https:\/\/www.fiscalia.gov.co\/colombia\/#website\",\"url\":\"https:\/\/www.fiscalia.gov.co\/colombia\/\",\"name\":\"Fiscal\u00eda General de la Naci\u00f3n\",\"description\":\"P\u00e1gina oficial de la Fiscal\u00eda General de la Naci\u00f3n \u2013 Colombia. Garantizamos el acceso efectivo a la justicia, la verdad y la reparaci\u00f3n de las v\u00edctimas de los delitos.\",\"publisher\":{\"@id\":\"https:\/\/www.fiscalia.gov.co\/colombia\/#organization\"},\"potentialAction\":[{\"@type\":\"SearchAction\",\"target\":{\"@type\":\"EntryPoint\",\"urlTemplate\":\"https:\/\/www.fiscalia.gov.co\/colombia\/?s={search_term_string}\"},\"query-input\":{\"@type\":\"PropertyValueSpecification\",\"valueRequired\":true,\"valueName\":\"search_term_string\"}}],\"inLanguage\":\"es-CO\"},{\"@type\":\"Organization\",\"@id\":\"https:\/\/www.fiscalia.gov.co\/colombia\/#organization\",\"name\":\"Fiscal\u00eda General de la Naci\u00f3n\",\"url\":\"https:\/\/www.fiscalia.gov.co\/colombia\/\",\"logo\":{\"@type\":\"ImageObject\",\"inLanguage\":\"es-CO\",\"@id\":\"https:\/\/www.fiscalia.gov.co\/colombia\/#\/schema\/logo\/image\/\",\"url\":\"https:\/\/www.fiscalia.gov.co\/colombia\/wp-content\/uploads\/LogoHorizontal_1.jpg\",\"contentUrl\":\"https:\/\/www.fiscalia.gov.co\/colombia\/wp-content\/uploads\/LogoHorizontal_1.jpg\",\"width\":300,\"height\":90,\"caption\":\"Fiscal\u00eda General de la Naci\u00f3n\"},\"image\":{\"@id\":\"https:\/\/www.fiscalia.gov.co\/colombia\/#\/schema\/logo\/image\/\"},\"sameAs\":[\"https:\/\/www.facebook.com\/FiscaliaCol\",\"https:\/\/x.com\/FiscaliaCol\",\"https:\/\/www.instagram.com\/fiscaliacol\",\"https:\/\/www.linkedin.com\/company\/fiscalia-general-de-la-naci-n\/\",\"https:\/\/youtube.com\/@fiscaliageneraldelanacion-4668?si=6nN79nyQICPU5iTh\"]},{\"@type\":\"Person\",\"@id\":\"https:\/\/www.fiscalia.gov.co\/colombia\/#\/schema\/person\/bf28d8ae7f1b287bbe3af484b04f43ea\",\"name\":\"Direcci\u00f3n de Comunicaciones Fiscal\u00eda General de la Naci\u00f3n\",\"image\":{\"@type\":\"ImageObject\",\"inLanguage\":\"es-CO\",\"@id\":\"https:\/\/www.fiscalia.gov.co\/colombia\/#\/schema\/person\/image\/\",\"url\":\"https:\/\/secure.gravatar.com\/avatar\/9d55ae161d32da16dbdd0b380c080a5f?s=96&d=mm&r=g\",\"contentUrl\":\"https:\/\/secure.gravatar.com\/avatar\/9d55ae161d32da16dbdd0b380c080a5f?s=96&d=mm&r=g\",\"caption\":\"Direcci\u00f3n de Comunicaciones Fiscal\u00eda General de la Naci\u00f3n\"},\"url\":\"https:\/\/www.fiscalia.gov.co\/colombia\/author\/kbonilla\/\"}]}<\/script>\n<!-- \/ Yoast SEO plugin. -->","yoast_head_json":{"title":"Fiscal\u00eda General de la Naci\u00f3n","description":"P\u00e1gina oficial de la Fiscal\u00eda General de la Naci\u00f3n \u2013 Colombia. Garantizamos el acceso efectivo a la justicia, la verdad y la reparaci\u00f3n de las v\u00edctimas de los delitos.","robots":{"index":"noindex","follow":"follow"},"og_locale":"es_ES","og_type":"article","og_title":"Fiscal\u00eda General de la Naci\u00f3n","og_description":"P\u00e1gina oficial de la Fiscal\u00eda General de la Naci\u00f3n \u2013 Colombia. Garantizamos el acceso efectivo a la justicia, la verdad y la reparaci\u00f3n de las v\u00edctimas de los delitos.","og_url":"https:\/\/www.fiscalia.gov.co\/colombia\/seccionales\/fiscalia-entregara-el-cuerpo-de-carlos-horacio-uran-otra-de-las-victimas-del-holocausto-del-palacio-de-justicia\/","og_site_name":"Fiscal\u00eda General de la Naci\u00f3n","article_publisher":"https:\/\/www.facebook.com\/FiscaliaCol","article_published_time":"2018-08-10T14:22:29+00:00","article_modified_time":"2018-08-10T21:26:02+00:00","author":"Direcci\u00f3n de Comunicaciones Fiscal\u00eda General de la Naci\u00f3n","twitter_card":"summary_large_image","twitter_creator":"@FiscaliaCol","twitter_site":"@FiscaliaCol","twitter_misc":{"Escrito por":"Direcci\u00f3n de Comunicaciones Fiscal\u00eda General de la Naci\u00f3n","Tiempo de lectura":"3 minutos"},"schema":{"@context":"https:\/\/schema.org","@graph":[{"@type":"Article","@id":"https:\/\/www.fiscalia.gov.co\/colombia\/seccionales\/fiscalia-entregara-el-cuerpo-de-carlos-horacio-uran-otra-de-las-victimas-del-holocausto-del-palacio-de-justicia\/#article","isPartOf":{"@id":"https:\/\/www.fiscalia.gov.co\/colombia\/seccionales\/fiscalia-entregara-el-cuerpo-de-carlos-horacio-uran-otra-de-las-victimas-del-holocausto-del-palacio-de-justicia\/"},"author":{"name":"Direcci\u00f3n de Comunicaciones Fiscal\u00eda General de la Naci\u00f3n","@id":"https:\/\/www.fiscalia.gov.co\/colombia\/#\/schema\/person\/bf28d8ae7f1b287bbe3af484b04f43ea"},"headline":"Fiscal\u00eda entregar\u00e1 el cuerpo de Carlos Horacio Ur\u00e1n, otra de las v\u00edctimas del holocausto del Palacio de Justicia","datePublished":"2018-08-10T14:22:29+00:00","dateModified":"2018-08-10T21:26:02+00:00","mainEntityOfPage":{"@id":"https:\/\/www.fiscalia.gov.co\/colombia\/seccionales\/fiscalia-entregara-el-cuerpo-de-carlos-horacio-uran-otra-de-las-victimas-del-holocausto-del-palacio-de-justicia\/"},"wordCount":562,"publisher":{"@id":"https:\/\/www.fiscalia.gov.co\/colombia\/#organization"},"articleSection":["Derechos Humanos","Seccional Bogot\u00e1","Seccionales"],"inLanguage":"es-CO"},{"@type":"WebPage","@id":"https:\/\/www.fiscalia.gov.co\/colombia\/seccionales\/fiscalia-entregara-el-cuerpo-de-carlos-horacio-uran-otra-de-las-victimas-del-holocausto-del-palacio-de-justicia\/","url":"https:\/\/www.fiscalia.gov.co\/colombia\/seccionales\/fiscalia-entregara-el-cuerpo-de-carlos-horacio-uran-otra-de-las-victimas-del-holocausto-del-palacio-de-justicia\/","name":"Fiscal\u00eda General de la Naci\u00f3n","isPartOf":{"@id":"https:\/\/www.fiscalia.gov.co\/colombia\/#website"},"datePublished":"2018-08-10T14:22:29+00:00","dateModified":"2018-08-10T21:26:02+00:00","description":"P\u00e1gina oficial de la Fiscal\u00eda General de la Naci\u00f3n \u2013 Colombia. Garantizamos el acceso efectivo a la justicia, la verdad y la reparaci\u00f3n de las v\u00edctimas de los delitos.","breadcrumb":{"@id":"https:\/\/www.fiscalia.gov.co\/colombia\/seccionales\/fiscalia-entregara-el-cuerpo-de-carlos-horacio-uran-otra-de-las-victimas-del-holocausto-del-palacio-de-justicia\/#breadcrumb"},"inLanguage":"es-CO","potentialAction":[{"@type":"ReadAction","target":["https:\/\/www.fiscalia.gov.co\/colombia\/seccionales\/fiscalia-entregara-el-cuerpo-de-carlos-horacio-uran-otra-de-las-victimas-del-holocausto-del-palacio-de-justicia\/"]}]},{"@type":"BreadcrumbList","@id":"https:\/\/www.fiscalia.gov.co\/colombia\/seccionales\/fiscalia-entregara-el-cuerpo-de-carlos-horacio-uran-otra-de-las-victimas-del-holocausto-del-palacio-de-justicia\/#breadcrumb","itemListElement":[{"@type":"ListItem","position":1,"name":"Home","item":"https:\/\/www.fiscalia.gov.co\/colombia\/"},{"@type":"ListItem","position":2,"name":"Fiscal\u00eda entregar\u00e1 el cuerpo de Carlos Horacio Ur\u00e1n, otra de las v\u00edctimas del holocausto del Palacio de Justicia"}]},{"@type":"WebSite","@id":"https:\/\/www.fiscalia.gov.co\/colombia\/#website","url":"https:\/\/www.fiscalia.gov.co\/colombia\/","name":"Fiscal\u00eda General de la Naci\u00f3n","description":"P\u00e1gina oficial de la Fiscal\u00eda General de la Naci\u00f3n \u2013 Colombia. Garantizamos el acceso efectivo a la justicia, la verdad y la reparaci\u00f3n de las v\u00edctimas de los delitos.","publisher":{"@id":"https:\/\/www.fiscalia.gov.co\/colombia\/#organization"},"potentialAction":[{"@type":"SearchAction","target":{"@type":"EntryPoint","urlTemplate":"https:\/\/www.fiscalia.gov.co\/colombia\/?s={search_term_string}"},"query-input":{"@type":"PropertyValueSpecification","valueRequired":true,"valueName":"search_term_string"}}],"inLanguage":"es-CO"},{"@type":"Organization","@id":"https:\/\/www.fiscalia.gov.co\/colombia\/#organization","name":"Fiscal\u00eda General de la Naci\u00f3n","url":"https:\/\/www.fiscalia.gov.co\/colombia\/","logo":{"@type":"ImageObject","inLanguage":"es-CO","@id":"https:\/\/www.fiscalia.gov.co\/colombia\/#\/schema\/logo\/image\/","url":"https:\/\/www.fiscalia.gov.co\/colombia\/wp-content\/uploads\/LogoHorizontal_1.jpg","contentUrl":"https:\/\/www.fiscalia.gov.co\/colombia\/wp-content\/uploads\/LogoHorizontal_1.jpg","width":300,"height":90,"caption":"Fiscal\u00eda General de la Naci\u00f3n"},"image":{"@id":"https:\/\/www.fiscalia.gov.co\/colombia\/#\/schema\/logo\/image\/"},"sameAs":["https:\/\/www.facebook.com\/FiscaliaCol","https:\/\/x.com\/FiscaliaCol","https:\/\/www.instagram.com\/fiscaliacol","https:\/\/www.linkedin.com\/company\/fiscalia-general-de-la-naci-n\/","https:\/\/youtube.com\/@fiscaliageneraldelanacion-4668?si=6nN79nyQICPU5iTh"]},{"@type":"Person","@id":"https:\/\/www.fiscalia.gov.co\/colombia\/#\/schema\/person\/bf28d8ae7f1b287bbe3af484b04f43ea","name":"Direcci\u00f3n de Comunicaciones Fiscal\u00eda General de la Naci\u00f3n","image":{"@type":"ImageObject","inLanguage":"es-CO","@id":"https:\/\/www.fiscalia.gov.co\/colombia\/#\/schema\/person\/image\/","url":"https:\/\/secure.gravatar.com\/avatar\/9d55ae161d32da16dbdd0b380c080a5f?s=96&d=mm&r=g","contentUrl":"https:\/\/secure.gravatar.com\/avatar\/9d55ae161d32da16dbdd0b380c080a5f?s=96&d=mm&r=g","caption":"Direcci\u00f3n de Comunicaciones Fiscal\u00eda General de la Naci\u00f3n"},"url":"https:\/\/www.fiscalia.gov.co\/colombia\/author\/kbonilla\/"}]}},"_links":{"self":[{"href":"https:\/\/www.fiscalia.gov.co\/colombia\/wp-json\/wp\/v2\/posts\/166938","targetHints":{"allow":["GET"]}}],"collection":[{"href":"https:\/\/www.fiscalia.gov.co\/colombia\/wp-json\/wp\/v2\/posts"}],"about":[{"href":"https:\/\/www.fiscalia.gov.co\/colombia\/wp-json\/wp\/v2\/types\/post"}],"author":[{"embeddable":true,"href":"https:\/\/www.fiscalia.gov.co\/colombia\/wp-json\/wp\/v2\/users\/162"}],"replies":[{"embeddable":true,"href":"https:\/\/www.fiscalia.gov.co\/colombia\/wp-json\/wp\/v2\/comments?post=166938"}],"version-history":[{"count":2,"href":"https:\/\/www.fiscalia.gov.co\/colombia\/wp-json\/wp\/v2\/posts\/166938\/revisions"}],"predecessor-version":[{"id":167020,"href":"https:\/\/www.fiscalia.gov.co\/colombia\/wp-json\/wp\/v2\/posts\/166938\/revisions\/167020"}],"wp:attachment":[{"href":"https:\/\/www.fiscalia.gov.co\/colombia\/wp-json\/wp\/v2\/media?parent=166938"}],"wp:term":[{"taxonomy":"category","embeddable":true,"href":"https:\/\/www.fiscalia.gov.co\/colombia\/wp-json\/wp\/v2\/categories?post=166938"},{"taxonomy":"post_tag","embeddable":true,"href":"https:\/\/www.fiscalia.gov.co\/colombia\/wp-json\/wp\/v2\/tags?post=166938"}],"curies":[{"name":"wp","href":"https:\/\/api.w.org\/{rel}","templated":true}]}}