{"id":166913,"date":"2018-08-09T16:00:28","date_gmt":"2018-08-09T21:00:28","guid":{"rendered":"https:\/\/www.fiscalia.gov.co\/colombia\/?p=166913"},"modified":"2018-08-09T16:00:28","modified_gmt":"2018-08-09T21:00:28","slug":"asegurado-por-supuesto-abuso-sexual-de-sus-tres-nietos","status":"publish","type":"post","link":"https:\/\/www.fiscalia.gov.co\/colombia\/seccionales\/asegurado-por-supuesto-abuso-sexual-de-sus-tres-nietos\/","title":{"rendered":"Asegurado por supuesto abuso sexual de sus tres nietos"},"content":{"rendered":"<p>Un hombre fue cobijado con medida de aseguramiento en establecimiento carcelario por los delitos de actos sexuales con menor de 14 a\u00f1os y acceso carnal con menor de 14 a\u00f1os.<\/p>\n<p>Desde el a\u00f1o 2015, se presume que el hoy procesado comenz\u00f3 a abusar continuamente de sus tres nietos, de 4, 3 y 2 a\u00f1os de edad (hermanos), a quienes al parecer tocaba de forma indebida y hacia que sostuvieran relaciones entre ellos.<\/p>\n<p>El caso fue conocido por un fiscal de la Unidad de Delitos Sexuales de la Direcci\u00f3n Seccional de Bogot\u00e1, quien con apoyo de la Polic\u00eda de Vigilancia de Santa Fe logr\u00f3 la captura del investigado este 2 de agosto.<\/p>\n<p>Ante el Juzgado 75 Penal Municipal, con funci\u00f3n de control de garant\u00edas, el abuelo de las v\u00edctimas no acept\u00f3 los cargos.<\/p>\n<p>La Fiscal\u00eda General de la Naci\u00f3n hace p\u00fablica esta informaci\u00f3n por razones de inter\u00e9s general.<\/p>\n<p>&nbsp;<\/p>\n<p>LMFO\/DLBM<\/p>\n\n<div class=\"twitter-share\"><a href=\"https:\/\/twitter.com\/intent\/tweet?via=fiscaliacol\" class=\"twitter-share-button\">Tweet<\/a><\/div>\n","protected":false},"excerpt":{"rendered":"<p>Un hombre fue cobijado con medida de aseguramiento en establecimiento carcelario por los delitos de actos sexuales con menor de 14 a\u00f1os y acceso carnal con menor de 14 a\u00f1os. [&hellip;]<\/p>\n","protected":false},"author":162,"featured_media":0,"comment_status":"closed","ping_status":"open","sticky":false,"template":"","format":"standard","meta":{"tdm_status":"","tdm_grid_status":"","footnotes":""},"categories":[321,303,24127],"tags":[],"class_list":["post-166913","post","type-post","status-publish","format-standard","category-seccional-bogota","category-seccionales","category-violencia-sexual-e-intrafamiliar"],"yoast_head":"<!-- This site is optimized with the Yoast SEO plugin v24.3 - https:\/\/yoast.com\/wordpress\/plugins\/seo\/ -->\n<title>Fiscal\u00eda General de la Naci\u00f3n<\/title>\n<meta name=\"description\" content=\"P\u00e1gina oficial de la Fiscal\u00eda General de la Naci\u00f3n \u2013 Colombia. Garantizamos el acceso efectivo a la justicia, la verdad y la reparaci\u00f3n de las v\u00edctimas de los delitos.\" \/>\n<meta name=\"robots\" content=\"noindex, follow\" \/>\n<meta property=\"og:locale\" content=\"es_ES\" \/>\n<meta property=\"og:type\" content=\"article\" \/>\n<meta property=\"og:title\" content=\"Fiscal\u00eda General de la Naci\u00f3n\" \/>\n<meta property=\"og:description\" content=\"P\u00e1gina oficial de la Fiscal\u00eda General de la Naci\u00f3n \u2013 Colombia. Garantizamos el acceso efectivo a la justicia, la verdad y la reparaci\u00f3n de las v\u00edctimas de los delitos.\" \/>\n<meta property=\"og:url\" content=\"https:\/\/www.fiscalia.gov.co\/colombia\/seccionales\/asegurado-por-supuesto-abuso-sexual-de-sus-tres-nietos\/\" \/>\n<meta property=\"og:site_name\" content=\"Fiscal\u00eda General de la Naci\u00f3n\" \/>\n<meta property=\"article:publisher\" content=\"https:\/\/www.facebook.com\/FiscaliaCol\" \/>\n<meta property=\"article:published_time\" content=\"2018-08-09T21:00:28+00:00\" \/>\n<meta name=\"author\" content=\"Direcci\u00f3n de Comunicaciones Fiscal\u00eda General de la Naci\u00f3n\" \/>\n<meta name=\"twitter:card\" content=\"summary_large_image\" \/>\n<meta name=\"twitter:creator\" content=\"@FiscaliaCol\" \/>\n<meta name=\"twitter:site\" content=\"@FiscaliaCol\" \/>\n<meta name=\"twitter:label1\" content=\"Escrito por\" \/>\n\t<meta name=\"twitter:data1\" content=\"Direcci\u00f3n de Comunicaciones Fiscal\u00eda General de la Naci\u00f3n\" \/>\n\t<meta name=\"twitter:label2\" content=\"Tiempo de lectura\" \/>\n\t<meta name=\"twitter:data2\" content=\"1 minuto\" \/>\n<script type=\"application\/ld+json\" class=\"yoast-schema-graph\">{\"@context\":\"https:\/\/schema.org\",\"@graph\":[{\"@type\":\"Article\",\"@id\":\"https:\/\/www.fiscalia.gov.co\/colombia\/seccionales\/asegurado-por-supuesto-abuso-sexual-de-sus-tres-nietos\/#article\",\"isPartOf\":{\"@id\":\"https:\/\/www.fiscalia.gov.co\/colombia\/seccionales\/asegurado-por-supuesto-abuso-sexual-de-sus-tres-nietos\/\"},\"author\":{\"name\":\"Direcci\u00f3n de Comunicaciones Fiscal\u00eda General de la Naci\u00f3n\",\"@id\":\"https:\/\/www.fiscalia.gov.co\/colombia\/#\/schema\/person\/bf28d8ae7f1b287bbe3af484b04f43ea\"},\"headline\":\"Asegurado por supuesto abuso sexual de sus tres nietos\",\"datePublished\":\"2018-08-09T21:00:28+00:00\",\"dateModified\":\"2018-08-09T21:00:28+00:00\",\"mainEntityOfPage\":{\"@id\":\"https:\/\/www.fiscalia.gov.co\/colombia\/seccionales\/asegurado-por-supuesto-abuso-sexual-de-sus-tres-nietos\/\"},\"wordCount\":165,\"publisher\":{\"@id\":\"https:\/\/www.fiscalia.gov.co\/colombia\/#organization\"},\"articleSection\":[\"Seccional Bogot\u00e1\",\"Seccionales\",\"Violencia sexual e intrafamiliar\"],\"inLanguage\":\"es-CO\"},{\"@type\":\"WebPage\",\"@id\":\"https:\/\/www.fiscalia.gov.co\/colombia\/seccionales\/asegurado-por-supuesto-abuso-sexual-de-sus-tres-nietos\/\",\"url\":\"https:\/\/www.fiscalia.gov.co\/colombia\/seccionales\/asegurado-por-supuesto-abuso-sexual-de-sus-tres-nietos\/\",\"name\":\"Fiscal\u00eda General de la Naci\u00f3n\",\"isPartOf\":{\"@id\":\"https:\/\/www.fiscalia.gov.co\/colombia\/#website\"},\"datePublished\":\"2018-08-09T21:00:28+00:00\",\"dateModified\":\"2018-08-09T21:00:28+00:00\",\"description\":\"P\u00e1gina oficial de la Fiscal\u00eda General de la Naci\u00f3n \u2013 Colombia. Garantizamos el acceso efectivo a la justicia, la verdad y la reparaci\u00f3n de las v\u00edctimas de los delitos.\",\"breadcrumb\":{\"@id\":\"https:\/\/www.fiscalia.gov.co\/colombia\/seccionales\/asegurado-por-supuesto-abuso-sexual-de-sus-tres-nietos\/#breadcrumb\"},\"inLanguage\":\"es-CO\",\"potentialAction\":[{\"@type\":\"ReadAction\",\"target\":[\"https:\/\/www.fiscalia.gov.co\/colombia\/seccionales\/asegurado-por-supuesto-abuso-sexual-de-sus-tres-nietos\/\"]}]},{\"@type\":\"BreadcrumbList\",\"@id\":\"https:\/\/www.fiscalia.gov.co\/colombia\/seccionales\/asegurado-por-supuesto-abuso-sexual-de-sus-tres-nietos\/#breadcrumb\",\"itemListElement\":[{\"@type\":\"ListItem\",\"position\":1,\"name\":\"Home\",\"item\":\"https:\/\/www.fiscalia.gov.co\/colombia\/\"},{\"@type\":\"ListItem\",\"position\":2,\"name\":\"Asegurado por supuesto abuso sexual de sus tres nietos\"}]},{\"@type\":\"WebSite\",\"@id\":\"https:\/\/www.fiscalia.gov.co\/colombia\/#website\",\"url\":\"https:\/\/www.fiscalia.gov.co\/colombia\/\",\"name\":\"Fiscal\u00eda General de la Naci\u00f3n\",\"description\":\"P\u00e1gina oficial de la Fiscal\u00eda General de la Naci\u00f3n \u2013 Colombia. Garantizamos el acceso efectivo a la justicia, la verdad y la reparaci\u00f3n de las v\u00edctimas de los delitos.\",\"publisher\":{\"@id\":\"https:\/\/www.fiscalia.gov.co\/colombia\/#organization\"},\"potentialAction\":[{\"@type\":\"SearchAction\",\"target\":{\"@type\":\"EntryPoint\",\"urlTemplate\":\"https:\/\/www.fiscalia.gov.co\/colombia\/?s={search_term_string}\"},\"query-input\":{\"@type\":\"PropertyValueSpecification\",\"valueRequired\":true,\"valueName\":\"search_term_string\"}}],\"inLanguage\":\"es-CO\"},{\"@type\":\"Organization\",\"@id\":\"https:\/\/www.fiscalia.gov.co\/colombia\/#organization\",\"name\":\"Fiscal\u00eda General de la Naci\u00f3n\",\"url\":\"https:\/\/www.fiscalia.gov.co\/colombia\/\",\"logo\":{\"@type\":\"ImageObject\",\"inLanguage\":\"es-CO\",\"@id\":\"https:\/\/www.fiscalia.gov.co\/colombia\/#\/schema\/logo\/image\/\",\"url\":\"https:\/\/www.fiscalia.gov.co\/colombia\/wp-content\/uploads\/LogoHorizontal_1.jpg\",\"contentUrl\":\"https:\/\/www.fiscalia.gov.co\/colombia\/wp-content\/uploads\/LogoHorizontal_1.jpg\",\"width\":300,\"height\":90,\"caption\":\"Fiscal\u00eda General de la Naci\u00f3n\"},\"image\":{\"@id\":\"https:\/\/www.fiscalia.gov.co\/colombia\/#\/schema\/logo\/image\/\"},\"sameAs\":[\"https:\/\/www.facebook.com\/FiscaliaCol\",\"https:\/\/x.com\/FiscaliaCol\",\"https:\/\/www.instagram.com\/fiscaliacol\",\"https:\/\/www.linkedin.com\/company\/fiscalia-general-de-la-naci-n\/\",\"https:\/\/youtube.com\/@fiscaliageneraldelanacion-4668?si=6nN79nyQICPU5iTh\"]},{\"@type\":\"Person\",\"@id\":\"https:\/\/www.fiscalia.gov.co\/colombia\/#\/schema\/person\/bf28d8ae7f1b287bbe3af484b04f43ea\",\"name\":\"Direcci\u00f3n de Comunicaciones Fiscal\u00eda General de la Naci\u00f3n\",\"image\":{\"@type\":\"ImageObject\",\"inLanguage\":\"es-CO\",\"@id\":\"https:\/\/www.fiscalia.gov.co\/colombia\/#\/schema\/person\/image\/\",\"url\":\"https:\/\/secure.gravatar.com\/avatar\/9d55ae161d32da16dbdd0b380c080a5f?s=96&d=mm&r=g\",\"contentUrl\":\"https:\/\/secure.gravatar.com\/avatar\/9d55ae161d32da16dbdd0b380c080a5f?s=96&d=mm&r=g\",\"caption\":\"Direcci\u00f3n de Comunicaciones Fiscal\u00eda General de la Naci\u00f3n\"},\"url\":\"https:\/\/www.fiscalia.gov.co\/colombia\/author\/kbonilla\/\"}]}<\/script>\n<!-- \/ Yoast SEO plugin. -->","yoast_head_json":{"title":"Fiscal\u00eda General de la Naci\u00f3n","description":"P\u00e1gina oficial de la Fiscal\u00eda General de la Naci\u00f3n \u2013 Colombia. Garantizamos el acceso efectivo a la justicia, la verdad y la reparaci\u00f3n de las v\u00edctimas de los delitos.","robots":{"index":"noindex","follow":"follow"},"og_locale":"es_ES","og_type":"article","og_title":"Fiscal\u00eda General de la Naci\u00f3n","og_description":"P\u00e1gina oficial de la Fiscal\u00eda General de la Naci\u00f3n \u2013 Colombia. Garantizamos el acceso efectivo a la justicia, la verdad y la reparaci\u00f3n de las v\u00edctimas de los delitos.","og_url":"https:\/\/www.fiscalia.gov.co\/colombia\/seccionales\/asegurado-por-supuesto-abuso-sexual-de-sus-tres-nietos\/","og_site_name":"Fiscal\u00eda General de la Naci\u00f3n","article_publisher":"https:\/\/www.facebook.com\/FiscaliaCol","article_published_time":"2018-08-09T21:00:28+00:00","author":"Direcci\u00f3n de Comunicaciones Fiscal\u00eda General de la Naci\u00f3n","twitter_card":"summary_large_image","twitter_creator":"@FiscaliaCol","twitter_site":"@FiscaliaCol","twitter_misc":{"Escrito por":"Direcci\u00f3n de Comunicaciones Fiscal\u00eda General de la Naci\u00f3n","Tiempo de lectura":"1 minuto"},"schema":{"@context":"https:\/\/schema.org","@graph":[{"@type":"Article","@id":"https:\/\/www.fiscalia.gov.co\/colombia\/seccionales\/asegurado-por-supuesto-abuso-sexual-de-sus-tres-nietos\/#article","isPartOf":{"@id":"https:\/\/www.fiscalia.gov.co\/colombia\/seccionales\/asegurado-por-supuesto-abuso-sexual-de-sus-tres-nietos\/"},"author":{"name":"Direcci\u00f3n de Comunicaciones Fiscal\u00eda General de la Naci\u00f3n","@id":"https:\/\/www.fiscalia.gov.co\/colombia\/#\/schema\/person\/bf28d8ae7f1b287bbe3af484b04f43ea"},"headline":"Asegurado por supuesto abuso sexual de sus tres nietos","datePublished":"2018-08-09T21:00:28+00:00","dateModified":"2018-08-09T21:00:28+00:00","mainEntityOfPage":{"@id":"https:\/\/www.fiscalia.gov.co\/colombia\/seccionales\/asegurado-por-supuesto-abuso-sexual-de-sus-tres-nietos\/"},"wordCount":165,"publisher":{"@id":"https:\/\/www.fiscalia.gov.co\/colombia\/#organization"},"articleSection":["Seccional Bogot\u00e1","Seccionales","Violencia sexual e intrafamiliar"],"inLanguage":"es-CO"},{"@type":"WebPage","@id":"https:\/\/www.fiscalia.gov.co\/colombia\/seccionales\/asegurado-por-supuesto-abuso-sexual-de-sus-tres-nietos\/","url":"https:\/\/www.fiscalia.gov.co\/colombia\/seccionales\/asegurado-por-supuesto-abuso-sexual-de-sus-tres-nietos\/","name":"Fiscal\u00eda General de la Naci\u00f3n","isPartOf":{"@id":"https:\/\/www.fiscalia.gov.co\/colombia\/#website"},"datePublished":"2018-08-09T21:00:28+00:00","dateModified":"2018-08-09T21:00:28+00:00","description":"P\u00e1gina oficial de la Fiscal\u00eda General de la Naci\u00f3n \u2013 Colombia. Garantizamos el acceso efectivo a la justicia, la verdad y la reparaci\u00f3n de las v\u00edctimas de los delitos.","breadcrumb":{"@id":"https:\/\/www.fiscalia.gov.co\/colombia\/seccionales\/asegurado-por-supuesto-abuso-sexual-de-sus-tres-nietos\/#breadcrumb"},"inLanguage":"es-CO","potentialAction":[{"@type":"ReadAction","target":["https:\/\/www.fiscalia.gov.co\/colombia\/seccionales\/asegurado-por-supuesto-abuso-sexual-de-sus-tres-nietos\/"]}]},{"@type":"BreadcrumbList","@id":"https:\/\/www.fiscalia.gov.co\/colombia\/seccionales\/asegurado-por-supuesto-abuso-sexual-de-sus-tres-nietos\/#breadcrumb","itemListElement":[{"@type":"ListItem","position":1,"name":"Home","item":"https:\/\/www.fiscalia.gov.co\/colombia\/"},{"@type":"ListItem","position":2,"name":"Asegurado por supuesto abuso sexual de sus tres nietos"}]},{"@type":"WebSite","@id":"https:\/\/www.fiscalia.gov.co\/colombia\/#website","url":"https:\/\/www.fiscalia.gov.co\/colombia\/","name":"Fiscal\u00eda General de la Naci\u00f3n","description":"P\u00e1gina oficial de la Fiscal\u00eda General de la Naci\u00f3n \u2013 Colombia. Garantizamos el acceso efectivo a la justicia, la verdad y la reparaci\u00f3n de las v\u00edctimas de los delitos.","publisher":{"@id":"https:\/\/www.fiscalia.gov.co\/colombia\/#organization"},"potentialAction":[{"@type":"SearchAction","target":{"@type":"EntryPoint","urlTemplate":"https:\/\/www.fiscalia.gov.co\/colombia\/?s={search_term_string}"},"query-input":{"@type":"PropertyValueSpecification","valueRequired":true,"valueName":"search_term_string"}}],"inLanguage":"es-CO"},{"@type":"Organization","@id":"https:\/\/www.fiscalia.gov.co\/colombia\/#organization","name":"Fiscal\u00eda General de la Naci\u00f3n","url":"https:\/\/www.fiscalia.gov.co\/colombia\/","logo":{"@type":"ImageObject","inLanguage":"es-CO","@id":"https:\/\/www.fiscalia.gov.co\/colombia\/#\/schema\/logo\/image\/","url":"https:\/\/www.fiscalia.gov.co\/colombia\/wp-content\/uploads\/LogoHorizontal_1.jpg","contentUrl":"https:\/\/www.fiscalia.gov.co\/colombia\/wp-content\/uploads\/LogoHorizontal_1.jpg","width":300,"height":90,"caption":"Fiscal\u00eda General de la Naci\u00f3n"},"image":{"@id":"https:\/\/www.fiscalia.gov.co\/colombia\/#\/schema\/logo\/image\/"},"sameAs":["https:\/\/www.facebook.com\/FiscaliaCol","https:\/\/x.com\/FiscaliaCol","https:\/\/www.instagram.com\/fiscaliacol","https:\/\/www.linkedin.com\/company\/fiscalia-general-de-la-naci-n\/","https:\/\/youtube.com\/@fiscaliageneraldelanacion-4668?si=6nN79nyQICPU5iTh"]},{"@type":"Person","@id":"https:\/\/www.fiscalia.gov.co\/colombia\/#\/schema\/person\/bf28d8ae7f1b287bbe3af484b04f43ea","name":"Direcci\u00f3n de Comunicaciones Fiscal\u00eda General de la Naci\u00f3n","image":{"@type":"ImageObject","inLanguage":"es-CO","@id":"https:\/\/www.fiscalia.gov.co\/colombia\/#\/schema\/person\/image\/","url":"https:\/\/secure.gravatar.com\/avatar\/9d55ae161d32da16dbdd0b380c080a5f?s=96&d=mm&r=g","contentUrl":"https:\/\/secure.gravatar.com\/avatar\/9d55ae161d32da16dbdd0b380c080a5f?s=96&d=mm&r=g","caption":"Direcci\u00f3n de Comunicaciones Fiscal\u00eda General de la Naci\u00f3n"},"url":"https:\/\/www.fiscalia.gov.co\/colombia\/author\/kbonilla\/"}]}},"_links":{"self":[{"href":"https:\/\/www.fiscalia.gov.co\/colombia\/wp-json\/wp\/v2\/posts\/166913","targetHints":{"allow":["GET"]}}],"collection":[{"href":"https:\/\/www.fiscalia.gov.co\/colombia\/wp-json\/wp\/v2\/posts"}],"about":[{"href":"https:\/\/www.fiscalia.gov.co\/colombia\/wp-json\/wp\/v2\/types\/post"}],"author":[{"embeddable":true,"href":"https:\/\/www.fiscalia.gov.co\/colombia\/wp-json\/wp\/v2\/users\/162"}],"replies":[{"embeddable":true,"href":"https:\/\/www.fiscalia.gov.co\/colombia\/wp-json\/wp\/v2\/comments?post=166913"}],"version-history":[{"count":1,"href":"https:\/\/www.fiscalia.gov.co\/colombia\/wp-json\/wp\/v2\/posts\/166913\/revisions"}],"predecessor-version":[{"id":166914,"href":"https:\/\/www.fiscalia.gov.co\/colombia\/wp-json\/wp\/v2\/posts\/166913\/revisions\/166914"}],"wp:attachment":[{"href":"https:\/\/www.fiscalia.gov.co\/colombia\/wp-json\/wp\/v2\/media?parent=166913"}],"wp:term":[{"taxonomy":"category","embeddable":true,"href":"https:\/\/www.fiscalia.gov.co\/colombia\/wp-json\/wp\/v2\/categories?post=166913"},{"taxonomy":"post_tag","embeddable":true,"href":"https:\/\/www.fiscalia.gov.co\/colombia\/wp-json\/wp\/v2\/tags?post=166913"}],"curies":[{"name":"wp","href":"https:\/\/api.w.org\/{rel}","templated":true}]}}