{"id":166603,"date":"2018-08-01T15:21:13","date_gmt":"2018-08-01T20:21:13","guid":{"rendered":"https:\/\/www.fiscalia.gov.co\/colombia\/?p=166603"},"modified":"2018-08-01T15:21:13","modified_gmt":"2018-08-01T20:21:13","slug":"sigue-esclarecimiento-de-crimenes-contra-lideres-sociales","status":"publish","type":"post","link":"https:\/\/www.fiscalia.gov.co\/colombia\/seccionales\/sigue-esclarecimiento-de-crimenes-contra-lideres-sociales\/","title":{"rendered":"Sigue esclarecimiento de cr\u00edmenes contra l\u00edderes sociales"},"content":{"rendered":"<p><strong><em>Con el material probatorio y las evidencias recopiladas por la Fiscal\u00eda se acaba de establecer la autor\u00eda de otros tres cr\u00edmenes contra l\u00edderes sociales en Tumaco y Pereira.<\/em><\/strong><\/p>\n<p>La Fiscal\u00eda General de la Naci\u00f3n estableci\u00f3 responsabilidades y esclareci\u00f3 tres acciones criminales contra l\u00edderes sociales, ocurridas en los departamentos de Nari\u00f1o y Risaralda.<\/p>\n<p>La coordinaci\u00f3n y acompa\u00f1amiento de la de la Fiscal\u00eda y la conformaci\u00f3n de equipos especializados de fiscales, analistas, investigadores, t\u00e9cnicos del CTI de la Fiscal\u00eda, permiti\u00f3 recopilar evidencias y material probatorio que vincular\u00edan al Frente Oliver Sinisterra, bajo el mando de alias Guacho, en dos de los homicidios.<\/p>\n<p><strong><u>L\u00edder social en Pereira <\/u><\/strong><\/p>\n<p>La Fiscal\u00eda conoci\u00f3 que en la ma\u00f1ana del 6 de diciembre de 2017, personas armadas interceptaron en el barrio Salamanca de la ciudadela cuba de Pereira a Julio C\u00e9sar Cuenca Romero, a quien le dispararon hasta causarle la muerte.<\/p>\n<p>Cuenca era un agente de tr\u00e1nsito del instituto de movilidad de Pereira, hace dos a\u00f1os aspir\u00f3 el concejo municipal de la ciudad y ven\u00eda desarrollando actividades como integrante de una organizaci\u00f3n de v\u00edctimas del conflicto armado.<\/p>\n<p>A trav\u00e9s de diversas t\u00e9cnicas de polic\u00eda judicial, los investigadores establecieron la responsabilidad de tres integrantes de una banda delincuencial que fueron capturados como presuntos autores del homicidio.<\/p>\n<p><strong><u>Detenidos<\/u><\/strong><\/p>\n<ol>\n<li>Santiago Ba\u00f1ol Arce, conocido con el alias de \u2018andr\u00e9s\u2019 y jefe de la banda.<\/li>\n<li>Jhon Alexander Moncada Castrill\u00f3n, alias \u2018el zarco\u2019.<\/li>\n<li>Jefferson Gonzalez Ot\u00e1lvaro, alias \u2018chanclas\u2019<\/li>\n<\/ol>\n<p>Ante un juez con funci\u00f3n de control de garant\u00edas, la Fiscal\u00eda les imput\u00f3 cargos &nbsp;a los capturados&nbsp; por los delitos de homicidio agravado, tentativa de homicidio, porte ilegal de armas, uso de menores en comisi\u00f3n del delito, desplazamiento forzado y concierto para delinquir. El fiscal del caso solicit\u00f3 la imposici\u00f3n de medida de aseguramiento.<\/p>\n<p><strong><u>Homicidio de presidente de JAC VAQUER\u00cdO- TUMACO<\/u><\/strong><\/p>\n<p>El 4 de julio de 2018 en la puerta de su casa fue asesinada Margarita Estupi\u00f1\u00e1n Usc\u00e1tegui, quien era la presidenta de la Junta de Acci\u00f3n Comunal, JAC, del barrio El Recreo, de la vereda Vaquer\u00edo, corregimiento Llorente de Tumaco.<\/p>\n<p>En la b\u00fasqueda de elementos probatorios y evidencias, la Fiscal\u00eda General de la Naci\u00f3n estableci\u00f3 que los presuntos responsables del homicidio pertenecen al Frente Oliver Sinisterra, bajo el mando de alias Guacho.<\/p>\n<p>Contra las personas identificadas la Fiscal\u00eda obtuvo cinco \u00f3rdenes de captura, se trata de:<\/p>\n<ol>\n<li>Laureano Pay Guanga, alias \u201cBarb\u00f3n\u201d<\/li>\n<li>Manuel Pay Guanga, alias \u201cTimonazo\u201d<\/li>\n<li>Jos\u00e9 Jaime Bibiscus Garc\u00eda, alias \u201cEl Cabo\u201d<\/li>\n<li>Hugo Fernando Cort\u00e9s Bibiscus, alias \u201cFercho\u201d<\/li>\n<li>Jos\u00e9 Silvio Cort\u00e9s Pay, alias \u201cSilvano\u201d<\/li>\n<\/ol>\n<p><strong><u>Homicidio de l\u00edder social y religiosa en Tumaco<\/u><\/strong><\/p>\n<p>Como producto del trabajo adelantado por la Fiscal\u00eda fueron expedidas tres \u00f3rdenes de captura contra los presuntos responsables del homicidio de Luz Jenny Monta\u00f1o Arboleda, l\u00edder social asesinada el 11 de noviembre de 2017 en su vivienda del barrio Viento Libre, en Tumaco.<\/p>\n<p>Tambi\u00e9n era una integrante activa de la Cofrad\u00eda del Divino Ni\u00f1o y del grupo religioso del Se\u00f1or Jes\u00fas de Nazareno.<\/p>\n<p>Las tres \u00f3rdenes de captura fueron expedidas contra tres integrantes del Frente Oliver Sinisterra, bajo el mando de alias Guacho.:<\/p>\n<ol>\n<li>Jos\u00e9 Alirio Hurtado, alias \u201cAlirio\u201d.<\/li>\n<li>Rodrigo Valencia Preciado, alias \u201cRocky\u201d.<\/li>\n<li>Leusson Fernando Cort\u00e9s Delgado, alias \u201cFlaco\u201d.<\/li>\n<\/ol>\n<p>La Fiscal\u00eda mantiene su compromiso para esclarecer los casos de homicidios contra defensores de derechos humanos y otros l\u00edderes comunitarios, y lograr la efectiva judicializaci\u00f3n de los responsables.<\/p>\n<p>La Fiscal\u00eda General de la Naci\u00f3n hace p\u00fablica esta informaci\u00f3n por razones de inter\u00e9s general.<\/p>\n\n<div class=\"twitter-share\"><a href=\"https:\/\/twitter.com\/intent\/tweet?via=fiscaliacol\" class=\"twitter-share-button\">Tweet<\/a><\/div>\n","protected":false},"excerpt":{"rendered":"<p>Con el material probatorio y las evidencias recopiladas por la Fiscal\u00eda se acaba de establecer la autor\u00eda de otros tres cr\u00edmenes contra l\u00edderes sociales en Tumaco y Pereira. La Fiscal\u00eda General de la Naci\u00f3n estableci\u00f3 responsabilidades y esclareci\u00f3 tres acciones criminales contra l\u00edderes sociales, ocurridas en los departamentos de Nari\u00f1o y Risaralda. La coordinaci\u00f3n y [&hellip;]<\/p>\n","protected":false},"author":162,"featured_media":0,"comment_status":"closed","ping_status":"open","sticky":false,"template":"","format":"standard","meta":{"_price":"","_stock":"","_tribe_ticket_header":"","_tribe_default_ticket_provider":"","_tribe_ticket_capacity":"0","_ticket_start_date":"","_ticket_end_date":"","_tribe_ticket_show_description":"","_tribe_ticket_show_not_going":false,"_tribe_ticket_use_global_stock":"","_tribe_ticket_global_stock_level":"","_global_stock_mode":"","_global_stock_cap":"","_tribe_rsvp_for_event":"","_tribe_ticket_going_count":"","_tribe_ticket_not_going_count":"","_tribe_tickets_list":"[]","_tribe_ticket_has_attendee_info_fields":false,"tdm_status":"","tdm_grid_status":"","footnotes":""},"categories":[24102,303],"tags":[],"class_list":{"0":"post-166603","1":"post","2":"type-post","3":"status-publish","4":"format-standard","6":"category-derechos-humanos","7":"category-seccionales"},"yoast_head":"<!-- This site is optimized with the Yoast SEO plugin v24.3 - https:\/\/yoast.com\/wordpress\/plugins\/seo\/ -->\n<title>Fiscal\u00eda General de la Naci\u00f3n<\/title>\n<meta name=\"description\" content=\"P\u00e1gina oficial de la Fiscal\u00eda General de la Naci\u00f3n \u2013 Colombia. Garantizamos el acceso efectivo a la justicia, la verdad y la reparaci\u00f3n de las v\u00edctimas de los delitos.\" \/>\n<meta name=\"robots\" content=\"noindex, follow\" \/>\n<meta property=\"og:locale\" content=\"es_ES\" \/>\n<meta property=\"og:type\" content=\"article\" \/>\n<meta property=\"og:title\" content=\"Fiscal\u00eda General de la Naci\u00f3n\" \/>\n<meta property=\"og:description\" content=\"P\u00e1gina oficial de la Fiscal\u00eda General de la Naci\u00f3n \u2013 Colombia. Garantizamos el acceso efectivo a la justicia, la verdad y la reparaci\u00f3n de las v\u00edctimas de los delitos.\" \/>\n<meta property=\"og:url\" content=\"https:\/\/www.fiscalia.gov.co\/colombia\/seccionales\/sigue-esclarecimiento-de-crimenes-contra-lideres-sociales\/\" \/>\n<meta property=\"og:site_name\" content=\"Fiscal\u00eda General de la Naci\u00f3n\" \/>\n<meta property=\"article:publisher\" content=\"https:\/\/www.facebook.com\/FiscaliaCol\" \/>\n<meta property=\"article:published_time\" content=\"2018-08-01T20:21:13+00:00\" \/>\n<meta name=\"author\" content=\"Direcci\u00f3n de Comunicaciones Fiscal\u00eda General de la Naci\u00f3n\" \/>\n<meta name=\"twitter:card\" content=\"summary_large_image\" \/>\n<meta name=\"twitter:creator\" content=\"@FiscaliaCol\" \/>\n<meta name=\"twitter:site\" content=\"@FiscaliaCol\" \/>\n<meta name=\"twitter:label1\" content=\"Escrito por\" \/>\n\t<meta name=\"twitter:data1\" content=\"Direcci\u00f3n de Comunicaciones Fiscal\u00eda General de la Naci\u00f3n\" \/>\n\t<meta name=\"twitter:label2\" content=\"Tiempo de lectura\" \/>\n\t<meta name=\"twitter:data2\" content=\"3 minutos\" \/>\n<script type=\"application\/ld+json\" class=\"yoast-schema-graph\">{\"@context\":\"https:\/\/schema.org\",\"@graph\":[{\"@type\":\"Article\",\"@id\":\"https:\/\/www.fiscalia.gov.co\/colombia\/seccionales\/sigue-esclarecimiento-de-crimenes-contra-lideres-sociales\/#article\",\"isPartOf\":{\"@id\":\"https:\/\/www.fiscalia.gov.co\/colombia\/seccionales\/sigue-esclarecimiento-de-crimenes-contra-lideres-sociales\/\"},\"author\":{\"name\":\"Direcci\u00f3n de Comunicaciones Fiscal\u00eda General de la Naci\u00f3n\",\"@id\":\"https:\/\/www.fiscalia.gov.co\/colombia\/#\/schema\/person\/bf28d8ae7f1b287bbe3af484b04f43ea\"},\"headline\":\"Sigue esclarecimiento de cr\u00edmenes contra l\u00edderes sociales\",\"datePublished\":\"2018-08-01T20:21:13+00:00\",\"dateModified\":\"2018-08-01T20:21:13+00:00\",\"mainEntityOfPage\":{\"@id\":\"https:\/\/www.fiscalia.gov.co\/colombia\/seccionales\/sigue-esclarecimiento-de-crimenes-contra-lideres-sociales\/\"},\"wordCount\":632,\"publisher\":{\"@id\":\"https:\/\/www.fiscalia.gov.co\/colombia\/#organization\"},\"articleSection\":[\"Derechos Humanos\",\"Seccionales\"],\"inLanguage\":\"es-CO\"},{\"@type\":\"WebPage\",\"@id\":\"https:\/\/www.fiscalia.gov.co\/colombia\/seccionales\/sigue-esclarecimiento-de-crimenes-contra-lideres-sociales\/\",\"url\":\"https:\/\/www.fiscalia.gov.co\/colombia\/seccionales\/sigue-esclarecimiento-de-crimenes-contra-lideres-sociales\/\",\"name\":\"Fiscal\u00eda General de la Naci\u00f3n\",\"isPartOf\":{\"@id\":\"https:\/\/www.fiscalia.gov.co\/colombia\/#website\"},\"datePublished\":\"2018-08-01T20:21:13+00:00\",\"dateModified\":\"2018-08-01T20:21:13+00:00\",\"description\":\"P\u00e1gina oficial de la Fiscal\u00eda General de la Naci\u00f3n \u2013 Colombia. Garantizamos el acceso efectivo a la justicia, la verdad y la reparaci\u00f3n de las v\u00edctimas de los delitos.\",\"breadcrumb\":{\"@id\":\"https:\/\/www.fiscalia.gov.co\/colombia\/seccionales\/sigue-esclarecimiento-de-crimenes-contra-lideres-sociales\/#breadcrumb\"},\"inLanguage\":\"es-CO\",\"potentialAction\":[{\"@type\":\"ReadAction\",\"target\":[\"https:\/\/www.fiscalia.gov.co\/colombia\/seccionales\/sigue-esclarecimiento-de-crimenes-contra-lideres-sociales\/\"]}]},{\"@type\":\"BreadcrumbList\",\"@id\":\"https:\/\/www.fiscalia.gov.co\/colombia\/seccionales\/sigue-esclarecimiento-de-crimenes-contra-lideres-sociales\/#breadcrumb\",\"itemListElement\":[{\"@type\":\"ListItem\",\"position\":1,\"name\":\"Home\",\"item\":\"https:\/\/www.fiscalia.gov.co\/colombia\/\"},{\"@type\":\"ListItem\",\"position\":2,\"name\":\"Sigue esclarecimiento de cr\u00edmenes contra l\u00edderes sociales\"}]},{\"@type\":\"WebSite\",\"@id\":\"https:\/\/www.fiscalia.gov.co\/colombia\/#website\",\"url\":\"https:\/\/www.fiscalia.gov.co\/colombia\/\",\"name\":\"Fiscal\u00eda General de la Naci\u00f3n\",\"description\":\"P\u00e1gina oficial de la Fiscal\u00eda General de la Naci\u00f3n \u2013 Colombia. Garantizamos el acceso efectivo a la justicia, la verdad y la reparaci\u00f3n de las v\u00edctimas de los delitos.\",\"publisher\":{\"@id\":\"https:\/\/www.fiscalia.gov.co\/colombia\/#organization\"},\"potentialAction\":[{\"@type\":\"SearchAction\",\"target\":{\"@type\":\"EntryPoint\",\"urlTemplate\":\"https:\/\/www.fiscalia.gov.co\/colombia\/?s={search_term_string}\"},\"query-input\":{\"@type\":\"PropertyValueSpecification\",\"valueRequired\":true,\"valueName\":\"search_term_string\"}}],\"inLanguage\":\"es-CO\"},{\"@type\":\"Organization\",\"@id\":\"https:\/\/www.fiscalia.gov.co\/colombia\/#organization\",\"name\":\"Fiscal\u00eda General de la Naci\u00f3n\",\"url\":\"https:\/\/www.fiscalia.gov.co\/colombia\/\",\"logo\":{\"@type\":\"ImageObject\",\"inLanguage\":\"es-CO\",\"@id\":\"https:\/\/www.fiscalia.gov.co\/colombia\/#\/schema\/logo\/image\/\",\"url\":\"https:\/\/www.fiscalia.gov.co\/colombia\/wp-content\/uploads\/LogoHorizontal_1.jpg\",\"contentUrl\":\"https:\/\/www.fiscalia.gov.co\/colombia\/wp-content\/uploads\/LogoHorizontal_1.jpg\",\"width\":300,\"height\":90,\"caption\":\"Fiscal\u00eda General de la Naci\u00f3n\"},\"image\":{\"@id\":\"https:\/\/www.fiscalia.gov.co\/colombia\/#\/schema\/logo\/image\/\"},\"sameAs\":[\"https:\/\/www.facebook.com\/FiscaliaCol\",\"https:\/\/x.com\/FiscaliaCol\",\"https:\/\/www.instagram.com\/fiscaliacol\",\"https:\/\/www.linkedin.com\/company\/fiscalia-general-de-la-naci-n\/\",\"https:\/\/youtube.com\/@fiscaliageneraldelanacion-4668?si=6nN79nyQICPU5iTh\"]},{\"@type\":\"Person\",\"@id\":\"https:\/\/www.fiscalia.gov.co\/colombia\/#\/schema\/person\/bf28d8ae7f1b287bbe3af484b04f43ea\",\"name\":\"Direcci\u00f3n de Comunicaciones Fiscal\u00eda General de la Naci\u00f3n\",\"image\":{\"@type\":\"ImageObject\",\"inLanguage\":\"es-CO\",\"@id\":\"https:\/\/www.fiscalia.gov.co\/colombia\/#\/schema\/person\/image\/\",\"url\":\"https:\/\/secure.gravatar.com\/avatar\/9d55ae161d32da16dbdd0b380c080a5f?s=96&d=mm&r=g\",\"contentUrl\":\"https:\/\/secure.gravatar.com\/avatar\/9d55ae161d32da16dbdd0b380c080a5f?s=96&d=mm&r=g\",\"caption\":\"Direcci\u00f3n de Comunicaciones Fiscal\u00eda General de la Naci\u00f3n\"},\"url\":\"https:\/\/www.fiscalia.gov.co\/colombia\/author\/kbonilla\/\"}]}<\/script>\n<!-- \/ Yoast SEO plugin. -->","yoast_head_json":{"title":"Fiscal\u00eda General de la Naci\u00f3n","description":"P\u00e1gina oficial de la Fiscal\u00eda General de la Naci\u00f3n \u2013 Colombia. Garantizamos el acceso efectivo a la justicia, la verdad y la reparaci\u00f3n de las v\u00edctimas de los delitos.","robots":{"index":"noindex","follow":"follow"},"og_locale":"es_ES","og_type":"article","og_title":"Fiscal\u00eda General de la Naci\u00f3n","og_description":"P\u00e1gina oficial de la Fiscal\u00eda General de la Naci\u00f3n \u2013 Colombia. Garantizamos el acceso efectivo a la justicia, la verdad y la reparaci\u00f3n de las v\u00edctimas de los delitos.","og_url":"https:\/\/www.fiscalia.gov.co\/colombia\/seccionales\/sigue-esclarecimiento-de-crimenes-contra-lideres-sociales\/","og_site_name":"Fiscal\u00eda General de la Naci\u00f3n","article_publisher":"https:\/\/www.facebook.com\/FiscaliaCol","article_published_time":"2018-08-01T20:21:13+00:00","author":"Direcci\u00f3n de Comunicaciones Fiscal\u00eda General de la Naci\u00f3n","twitter_card":"summary_large_image","twitter_creator":"@FiscaliaCol","twitter_site":"@FiscaliaCol","twitter_misc":{"Escrito por":"Direcci\u00f3n de Comunicaciones Fiscal\u00eda General de la Naci\u00f3n","Tiempo de lectura":"3 minutos"},"schema":{"@context":"https:\/\/schema.org","@graph":[{"@type":"Article","@id":"https:\/\/www.fiscalia.gov.co\/colombia\/seccionales\/sigue-esclarecimiento-de-crimenes-contra-lideres-sociales\/#article","isPartOf":{"@id":"https:\/\/www.fiscalia.gov.co\/colombia\/seccionales\/sigue-esclarecimiento-de-crimenes-contra-lideres-sociales\/"},"author":{"name":"Direcci\u00f3n de Comunicaciones Fiscal\u00eda General de la Naci\u00f3n","@id":"https:\/\/www.fiscalia.gov.co\/colombia\/#\/schema\/person\/bf28d8ae7f1b287bbe3af484b04f43ea"},"headline":"Sigue esclarecimiento de cr\u00edmenes contra l\u00edderes sociales","datePublished":"2018-08-01T20:21:13+00:00","dateModified":"2018-08-01T20:21:13+00:00","mainEntityOfPage":{"@id":"https:\/\/www.fiscalia.gov.co\/colombia\/seccionales\/sigue-esclarecimiento-de-crimenes-contra-lideres-sociales\/"},"wordCount":632,"publisher":{"@id":"https:\/\/www.fiscalia.gov.co\/colombia\/#organization"},"articleSection":["Derechos Humanos","Seccionales"],"inLanguage":"es-CO"},{"@type":"WebPage","@id":"https:\/\/www.fiscalia.gov.co\/colombia\/seccionales\/sigue-esclarecimiento-de-crimenes-contra-lideres-sociales\/","url":"https:\/\/www.fiscalia.gov.co\/colombia\/seccionales\/sigue-esclarecimiento-de-crimenes-contra-lideres-sociales\/","name":"Fiscal\u00eda General de la Naci\u00f3n","isPartOf":{"@id":"https:\/\/www.fiscalia.gov.co\/colombia\/#website"},"datePublished":"2018-08-01T20:21:13+00:00","dateModified":"2018-08-01T20:21:13+00:00","description":"P\u00e1gina oficial de la Fiscal\u00eda General de la Naci\u00f3n \u2013 Colombia. Garantizamos el acceso efectivo a la justicia, la verdad y la reparaci\u00f3n de las v\u00edctimas de los delitos.","breadcrumb":{"@id":"https:\/\/www.fiscalia.gov.co\/colombia\/seccionales\/sigue-esclarecimiento-de-crimenes-contra-lideres-sociales\/#breadcrumb"},"inLanguage":"es-CO","potentialAction":[{"@type":"ReadAction","target":["https:\/\/www.fiscalia.gov.co\/colombia\/seccionales\/sigue-esclarecimiento-de-crimenes-contra-lideres-sociales\/"]}]},{"@type":"BreadcrumbList","@id":"https:\/\/www.fiscalia.gov.co\/colombia\/seccionales\/sigue-esclarecimiento-de-crimenes-contra-lideres-sociales\/#breadcrumb","itemListElement":[{"@type":"ListItem","position":1,"name":"Home","item":"https:\/\/www.fiscalia.gov.co\/colombia\/"},{"@type":"ListItem","position":2,"name":"Sigue esclarecimiento de cr\u00edmenes contra l\u00edderes sociales"}]},{"@type":"WebSite","@id":"https:\/\/www.fiscalia.gov.co\/colombia\/#website","url":"https:\/\/www.fiscalia.gov.co\/colombia\/","name":"Fiscal\u00eda General de la Naci\u00f3n","description":"P\u00e1gina oficial de la Fiscal\u00eda General de la Naci\u00f3n \u2013 Colombia. Garantizamos el acceso efectivo a la justicia, la verdad y la reparaci\u00f3n de las v\u00edctimas de los delitos.","publisher":{"@id":"https:\/\/www.fiscalia.gov.co\/colombia\/#organization"},"potentialAction":[{"@type":"SearchAction","target":{"@type":"EntryPoint","urlTemplate":"https:\/\/www.fiscalia.gov.co\/colombia\/?s={search_term_string}"},"query-input":{"@type":"PropertyValueSpecification","valueRequired":true,"valueName":"search_term_string"}}],"inLanguage":"es-CO"},{"@type":"Organization","@id":"https:\/\/www.fiscalia.gov.co\/colombia\/#organization","name":"Fiscal\u00eda General de la Naci\u00f3n","url":"https:\/\/www.fiscalia.gov.co\/colombia\/","logo":{"@type":"ImageObject","inLanguage":"es-CO","@id":"https:\/\/www.fiscalia.gov.co\/colombia\/#\/schema\/logo\/image\/","url":"https:\/\/www.fiscalia.gov.co\/colombia\/wp-content\/uploads\/LogoHorizontal_1.jpg","contentUrl":"https:\/\/www.fiscalia.gov.co\/colombia\/wp-content\/uploads\/LogoHorizontal_1.jpg","width":300,"height":90,"caption":"Fiscal\u00eda General de la Naci\u00f3n"},"image":{"@id":"https:\/\/www.fiscalia.gov.co\/colombia\/#\/schema\/logo\/image\/"},"sameAs":["https:\/\/www.facebook.com\/FiscaliaCol","https:\/\/x.com\/FiscaliaCol","https:\/\/www.instagram.com\/fiscaliacol","https:\/\/www.linkedin.com\/company\/fiscalia-general-de-la-naci-n\/","https:\/\/youtube.com\/@fiscaliageneraldelanacion-4668?si=6nN79nyQICPU5iTh"]},{"@type":"Person","@id":"https:\/\/www.fiscalia.gov.co\/colombia\/#\/schema\/person\/bf28d8ae7f1b287bbe3af484b04f43ea","name":"Direcci\u00f3n de Comunicaciones Fiscal\u00eda General de la Naci\u00f3n","image":{"@type":"ImageObject","inLanguage":"es-CO","@id":"https:\/\/www.fiscalia.gov.co\/colombia\/#\/schema\/person\/image\/","url":"https:\/\/secure.gravatar.com\/avatar\/9d55ae161d32da16dbdd0b380c080a5f?s=96&d=mm&r=g","contentUrl":"https:\/\/secure.gravatar.com\/avatar\/9d55ae161d32da16dbdd0b380c080a5f?s=96&d=mm&r=g","caption":"Direcci\u00f3n de Comunicaciones Fiscal\u00eda General de la Naci\u00f3n"},"url":"https:\/\/www.fiscalia.gov.co\/colombia\/author\/kbonilla\/"}]}},"_links":{"self":[{"href":"https:\/\/www.fiscalia.gov.co\/colombia\/wp-json\/wp\/v2\/posts\/166603","targetHints":{"allow":["GET"]}}],"collection":[{"href":"https:\/\/www.fiscalia.gov.co\/colombia\/wp-json\/wp\/v2\/posts"}],"about":[{"href":"https:\/\/www.fiscalia.gov.co\/colombia\/wp-json\/wp\/v2\/types\/post"}],"author":[{"embeddable":true,"href":"https:\/\/www.fiscalia.gov.co\/colombia\/wp-json\/wp\/v2\/users\/162"}],"replies":[{"embeddable":true,"href":"https:\/\/www.fiscalia.gov.co\/colombia\/wp-json\/wp\/v2\/comments?post=166603"}],"version-history":[{"count":1,"href":"https:\/\/www.fiscalia.gov.co\/colombia\/wp-json\/wp\/v2\/posts\/166603\/revisions"}],"predecessor-version":[{"id":166604,"href":"https:\/\/www.fiscalia.gov.co\/colombia\/wp-json\/wp\/v2\/posts\/166603\/revisions\/166604"}],"wp:attachment":[{"href":"https:\/\/www.fiscalia.gov.co\/colombia\/wp-json\/wp\/v2\/media?parent=166603"}],"wp:term":[{"taxonomy":"category","embeddable":true,"href":"https:\/\/www.fiscalia.gov.co\/colombia\/wp-json\/wp\/v2\/categories?post=166603"},{"taxonomy":"post_tag","embeddable":true,"href":"https:\/\/www.fiscalia.gov.co\/colombia\/wp-json\/wp\/v2\/tags?post=166603"}],"curies":[{"name":"wp","href":"https:\/\/api.w.org\/{rel}","templated":true}]}}