{"id":165152,"date":"2018-06-28T11:08:58","date_gmt":"2018-06-28T16:08:58","guid":{"rendered":"https:\/\/www.fiscalia.gov.co\/colombia\/?p=165152"},"modified":"2018-06-28T11:09:09","modified_gmt":"2018-06-28T16:09:09","slug":"a-la-carcel-oficial-r-del-ejercito-nacional-investigado-por-masacre-paramilitar-de-pueblo-bello","status":"publish","type":"post","link":"https:\/\/www.fiscalia.gov.co\/colombia\/seccionales\/seccional-medellin\/a-la-carcel-oficial-r-del-ejercito-nacional-investigado-por-masacre-paramilitar-de-pueblo-bello\/","title":{"rendered":"A la c\u00e1rcel oficial (r) del Ej\u00e9rcito Nacional investigado por masacre paramilitar de Pueblo Bello"},"content":{"rendered":"<p>La Fiscal\u00eda&nbsp;General de la Naci\u00f3n impuso medida de aseguramiento en centro carcelario en contra del exteniente del Ej\u00e9rcito Nacional Fabio Enrique Rinc\u00f3n Pulido, de 54 a\u00f1os de edad, como presunto responsable de homicidio m\u00faltiple agravado, desaparici\u00f3n forzada agravada, terrorismo y tortura.<\/p>\n<p>La investigaci\u00f3n est\u00e1 relacionada con la masacre de 43 personas en el corregimiento Pueblo Bello del municipio&nbsp;de Turbo (Antioquia), perpetrada por integrantes de la denominada Casa Casta\u00f1o.<\/p>\n<p>Los hechos investigados por un fiscal de la Direcci\u00f3n Nacional&nbsp; Especializada contra las Violaciones a los&nbsp;Derechos Humanos ocurrieron&nbsp;la noche del 14 de enero de 1990, cuando un grupo denominado Los Tangueros, al mando de Fidel Casta\u00f1o Gil, &nbsp;irrumpi\u00f3 en el caser\u00edo y se llev\u00f3 por la fuerza a las v\u00edctimas, quienes fueron se\u00f1aladas como&nbsp; colaboradoras de la guerrilla. &nbsp;Esa misma noche, los victimarios se dirigieron en tres camiones&nbsp;a la finca Las Tangas ubicada en el municipio de Valencia (C\u00f3rdoba), de propiedad de los hermanos Casta\u00f1o Gil, donde torturaron y asesinaron a todos los retenidos.<\/p>\n<p>Los investigadores establecieron que el entonces teniente Rinc\u00f3n Pulido no solo habr\u00eda&nbsp;levantado un ret\u00e9n militar para facilitar la acci\u00f3n&nbsp;&nbsp;criminal, sino aparentemente escolt\u00f3 los veh\u00edculos utilizados para transportar a las v\u00edctimas.&nbsp;El puesto de control que&nbsp;estaba ubicado a la salida del municipio de San Pedro de Urab\u00e1&nbsp;fue desmontado de manera inexplicable la noche de la incursi\u00f3n paramilitar.<\/p>\n<p>El oficial retirado fue capturado por servidores del Cuerpo T\u00e9cnico de Investigaci\u00f3n el pasado 20 de junio en el municipio de Chiquinquir\u00e1 (Boyac\u00e1) y permanece recluido en una&nbsp;c\u00e1rcel para miembros de la Fuerza P\u00fablica en la capital de la rep\u00fablica.&nbsp; La investigaci\u00f3n penal se adelanta bajo los par\u00e1metros de la Ley 600 del a\u00f1o 2000.<\/p>\n<p>Tras&nbsp; varios a\u00f1os de b\u00fasqueda, &nbsp;la Fiscal\u00eda logr\u00f3 exhumar, identificar y entregar a sus familias los restos de Juan Roberto Mesa Serrano, &nbsp;Ricardo Manuel Boh\u00f3rquez Pastrana, Jos\u00e9 Leonel Escobar Duarte, Jes\u00fas Ovidio Carmona Su\u00e1rez, Andr\u00e9s Manuel Pedraza Jim\u00e9nez, Jorge Mart\u00ednez, Manuel de Jes\u00fas Montes Mart\u00ednez y el de un menor de edad identificado con las iniciales de J.E.B.O. Se desconoce el paradero de las dem\u00e1s.&nbsp;<\/p>\n<p>Por la masacre de Pueblo Bello la Fiscal\u00eda General de la Naci\u00f3n ha obtenido 28 sentencias condenatorias, cuyas penas oscilan entre los 25 y los 60 a\u00f1os de prisi\u00f3n.&nbsp; Al proceso est\u00e1n vinculados siete militares.<\/p>\n<p>LFML\/DLBM<\/p>\n\n<div class=\"twitter-share\"><a href=\"https:\/\/twitter.com\/intent\/tweet?via=fiscaliacol\" class=\"twitter-share-button\">Tweet<\/a><\/div>\n","protected":false},"excerpt":{"rendered":"<p>La Fiscal\u00eda&nbsp;General de la Naci\u00f3n impuso medida de aseguramiento en centro carcelario en contra del exteniente del Ej\u00e9rcito Nacional Fabio Enrique Rinc\u00f3n Pulido, de 54 a\u00f1os de edad, como presunto responsable de homicidio m\u00faltiple agravado, desaparici\u00f3n forzada agravada, terrorismo y tortura. La investigaci\u00f3n est\u00e1 relacionada con la masacre de 43 personas en el corregimiento Pueblo [&hellip;]<\/p>\n","protected":false},"author":162,"featured_media":0,"comment_status":"closed","ping_status":"open","sticky":false,"template":"","format":"standard","meta":{"tdm_status":"","tdm_grid_status":"","footnotes":""},"categories":[24102,331],"tags":[],"class_list":{"0":"post-165152","1":"post","2":"type-post","3":"status-publish","4":"format-standard","6":"category-derechos-humanos","7":"category-seccional-medellin"},"yoast_head":"<!-- This site is optimized with the Yoast SEO plugin v24.3 - https:\/\/yoast.com\/wordpress\/plugins\/seo\/ -->\n<title>Fiscal\u00eda General de la Naci\u00f3n<\/title>\n<meta name=\"description\" content=\"P\u00e1gina oficial de la Fiscal\u00eda General de la Naci\u00f3n \u2013 Colombia. Garantizamos el acceso efectivo a la justicia, la verdad y la reparaci\u00f3n de las v\u00edctimas de los delitos.\" \/>\n<meta name=\"robots\" content=\"noindex, follow\" \/>\n<meta property=\"og:locale\" content=\"es_ES\" \/>\n<meta property=\"og:type\" content=\"article\" \/>\n<meta property=\"og:title\" content=\"Fiscal\u00eda General de la Naci\u00f3n\" \/>\n<meta property=\"og:description\" content=\"P\u00e1gina oficial de la Fiscal\u00eda General de la Naci\u00f3n \u2013 Colombia. Garantizamos el acceso efectivo a la justicia, la verdad y la reparaci\u00f3n de las v\u00edctimas de los delitos.\" \/>\n<meta property=\"og:url\" content=\"https:\/\/www.fiscalia.gov.co\/colombia\/seccionales\/seccional-medellin\/a-la-carcel-oficial-r-del-ejercito-nacional-investigado-por-masacre-paramilitar-de-pueblo-bello\/\" \/>\n<meta property=\"og:site_name\" content=\"Fiscal\u00eda General de la Naci\u00f3n\" \/>\n<meta property=\"article:publisher\" content=\"https:\/\/www.facebook.com\/FiscaliaCol\" \/>\n<meta property=\"article:published_time\" content=\"2018-06-28T16:08:58+00:00\" \/>\n<meta property=\"article:modified_time\" content=\"2018-06-28T16:09:09+00:00\" \/>\n<meta name=\"author\" content=\"Direcci\u00f3n de Comunicaciones Fiscal\u00eda General de la Naci\u00f3n\" \/>\n<meta name=\"twitter:card\" content=\"summary_large_image\" \/>\n<meta name=\"twitter:creator\" content=\"@FiscaliaCol\" \/>\n<meta name=\"twitter:site\" content=\"@FiscaliaCol\" \/>\n<meta name=\"twitter:label1\" content=\"Escrito por\" \/>\n\t<meta name=\"twitter:data1\" content=\"Direcci\u00f3n de Comunicaciones Fiscal\u00eda General de la Naci\u00f3n\" \/>\n\t<meta name=\"twitter:label2\" content=\"Tiempo de lectura\" \/>\n\t<meta name=\"twitter:data2\" content=\"2 minutos\" \/>\n<script type=\"application\/ld+json\" class=\"yoast-schema-graph\">{\"@context\":\"https:\/\/schema.org\",\"@graph\":[{\"@type\":\"Article\",\"@id\":\"https:\/\/www.fiscalia.gov.co\/colombia\/seccionales\/seccional-medellin\/a-la-carcel-oficial-r-del-ejercito-nacional-investigado-por-masacre-paramilitar-de-pueblo-bello\/#article\",\"isPartOf\":{\"@id\":\"https:\/\/www.fiscalia.gov.co\/colombia\/seccionales\/seccional-medellin\/a-la-carcel-oficial-r-del-ejercito-nacional-investigado-por-masacre-paramilitar-de-pueblo-bello\/\"},\"author\":{\"name\":\"Direcci\u00f3n de Comunicaciones Fiscal\u00eda General de la Naci\u00f3n\",\"@id\":\"https:\/\/www.fiscalia.gov.co\/colombia\/#\/schema\/person\/bf28d8ae7f1b287bbe3af484b04f43ea\"},\"headline\":\"A la c\u00e1rcel oficial (r) del Ej\u00e9rcito Nacional investigado por masacre paramilitar de Pueblo Bello\",\"datePublished\":\"2018-06-28T16:08:58+00:00\",\"dateModified\":\"2018-06-28T16:09:09+00:00\",\"mainEntityOfPage\":{\"@id\":\"https:\/\/www.fiscalia.gov.co\/colombia\/seccionales\/seccional-medellin\/a-la-carcel-oficial-r-del-ejercito-nacional-investigado-por-masacre-paramilitar-de-pueblo-bello\/\"},\"wordCount\":465,\"publisher\":{\"@id\":\"https:\/\/www.fiscalia.gov.co\/colombia\/#organization\"},\"articleSection\":[\"Derechos Humanos\",\"Seccional Medell\u00edn\"],\"inLanguage\":\"es-CO\"},{\"@type\":\"WebPage\",\"@id\":\"https:\/\/www.fiscalia.gov.co\/colombia\/seccionales\/seccional-medellin\/a-la-carcel-oficial-r-del-ejercito-nacional-investigado-por-masacre-paramilitar-de-pueblo-bello\/\",\"url\":\"https:\/\/www.fiscalia.gov.co\/colombia\/seccionales\/seccional-medellin\/a-la-carcel-oficial-r-del-ejercito-nacional-investigado-por-masacre-paramilitar-de-pueblo-bello\/\",\"name\":\"Fiscal\u00eda General de la Naci\u00f3n\",\"isPartOf\":{\"@id\":\"https:\/\/www.fiscalia.gov.co\/colombia\/#website\"},\"datePublished\":\"2018-06-28T16:08:58+00:00\",\"dateModified\":\"2018-06-28T16:09:09+00:00\",\"description\":\"P\u00e1gina oficial de la Fiscal\u00eda General de la Naci\u00f3n \u2013 Colombia. Garantizamos el acceso efectivo a la justicia, la verdad y la reparaci\u00f3n de las v\u00edctimas de los delitos.\",\"breadcrumb\":{\"@id\":\"https:\/\/www.fiscalia.gov.co\/colombia\/seccionales\/seccional-medellin\/a-la-carcel-oficial-r-del-ejercito-nacional-investigado-por-masacre-paramilitar-de-pueblo-bello\/#breadcrumb\"},\"inLanguage\":\"es-CO\",\"potentialAction\":[{\"@type\":\"ReadAction\",\"target\":[\"https:\/\/www.fiscalia.gov.co\/colombia\/seccionales\/seccional-medellin\/a-la-carcel-oficial-r-del-ejercito-nacional-investigado-por-masacre-paramilitar-de-pueblo-bello\/\"]}]},{\"@type\":\"BreadcrumbList\",\"@id\":\"https:\/\/www.fiscalia.gov.co\/colombia\/seccionales\/seccional-medellin\/a-la-carcel-oficial-r-del-ejercito-nacional-investigado-por-masacre-paramilitar-de-pueblo-bello\/#breadcrumb\",\"itemListElement\":[{\"@type\":\"ListItem\",\"position\":1,\"name\":\"Home\",\"item\":\"https:\/\/www.fiscalia.gov.co\/colombia\/\"},{\"@type\":\"ListItem\",\"position\":2,\"name\":\"A la c\u00e1rcel oficial (r) del Ej\u00e9rcito Nacional investigado por masacre paramilitar de Pueblo Bello\"}]},{\"@type\":\"WebSite\",\"@id\":\"https:\/\/www.fiscalia.gov.co\/colombia\/#website\",\"url\":\"https:\/\/www.fiscalia.gov.co\/colombia\/\",\"name\":\"Fiscal\u00eda General de la Naci\u00f3n\",\"description\":\"P\u00e1gina oficial de la Fiscal\u00eda General de la Naci\u00f3n \u2013 Colombia. Garantizamos el acceso efectivo a la justicia, la verdad y la reparaci\u00f3n de las v\u00edctimas de los delitos.\",\"publisher\":{\"@id\":\"https:\/\/www.fiscalia.gov.co\/colombia\/#organization\"},\"potentialAction\":[{\"@type\":\"SearchAction\",\"target\":{\"@type\":\"EntryPoint\",\"urlTemplate\":\"https:\/\/www.fiscalia.gov.co\/colombia\/?s={search_term_string}\"},\"query-input\":{\"@type\":\"PropertyValueSpecification\",\"valueRequired\":true,\"valueName\":\"search_term_string\"}}],\"inLanguage\":\"es-CO\"},{\"@type\":\"Organization\",\"@id\":\"https:\/\/www.fiscalia.gov.co\/colombia\/#organization\",\"name\":\"Fiscal\u00eda General de la Naci\u00f3n\",\"url\":\"https:\/\/www.fiscalia.gov.co\/colombia\/\",\"logo\":{\"@type\":\"ImageObject\",\"inLanguage\":\"es-CO\",\"@id\":\"https:\/\/www.fiscalia.gov.co\/colombia\/#\/schema\/logo\/image\/\",\"url\":\"https:\/\/www.fiscalia.gov.co\/colombia\/wp-content\/uploads\/LogoHorizontal_1.jpg\",\"contentUrl\":\"https:\/\/www.fiscalia.gov.co\/colombia\/wp-content\/uploads\/LogoHorizontal_1.jpg\",\"width\":300,\"height\":90,\"caption\":\"Fiscal\u00eda General de la Naci\u00f3n\"},\"image\":{\"@id\":\"https:\/\/www.fiscalia.gov.co\/colombia\/#\/schema\/logo\/image\/\"},\"sameAs\":[\"https:\/\/www.facebook.com\/FiscaliaCol\",\"https:\/\/x.com\/FiscaliaCol\",\"https:\/\/www.instagram.com\/fiscaliacol\",\"https:\/\/www.linkedin.com\/company\/fiscalia-general-de-la-naci-n\/\",\"https:\/\/youtube.com\/@fiscaliageneraldelanacion-4668?si=6nN79nyQICPU5iTh\"]},{\"@type\":\"Person\",\"@id\":\"https:\/\/www.fiscalia.gov.co\/colombia\/#\/schema\/person\/bf28d8ae7f1b287bbe3af484b04f43ea\",\"name\":\"Direcci\u00f3n de Comunicaciones Fiscal\u00eda General de la Naci\u00f3n\",\"image\":{\"@type\":\"ImageObject\",\"inLanguage\":\"es-CO\",\"@id\":\"https:\/\/www.fiscalia.gov.co\/colombia\/#\/schema\/person\/image\/\",\"url\":\"https:\/\/secure.gravatar.com\/avatar\/9d55ae161d32da16dbdd0b380c080a5f?s=96&d=mm&r=g\",\"contentUrl\":\"https:\/\/secure.gravatar.com\/avatar\/9d55ae161d32da16dbdd0b380c080a5f?s=96&d=mm&r=g\",\"caption\":\"Direcci\u00f3n de Comunicaciones Fiscal\u00eda General de la Naci\u00f3n\"},\"url\":\"https:\/\/www.fiscalia.gov.co\/colombia\/author\/kbonilla\/\"}]}<\/script>\n<!-- \/ Yoast SEO plugin. -->","yoast_head_json":{"title":"Fiscal\u00eda General de la Naci\u00f3n","description":"P\u00e1gina oficial de la Fiscal\u00eda General de la Naci\u00f3n \u2013 Colombia. Garantizamos el acceso efectivo a la justicia, la verdad y la reparaci\u00f3n de las v\u00edctimas de los delitos.","robots":{"index":"noindex","follow":"follow"},"og_locale":"es_ES","og_type":"article","og_title":"Fiscal\u00eda General de la Naci\u00f3n","og_description":"P\u00e1gina oficial de la Fiscal\u00eda General de la Naci\u00f3n \u2013 Colombia. Garantizamos el acceso efectivo a la justicia, la verdad y la reparaci\u00f3n de las v\u00edctimas de los delitos.","og_url":"https:\/\/www.fiscalia.gov.co\/colombia\/seccionales\/seccional-medellin\/a-la-carcel-oficial-r-del-ejercito-nacional-investigado-por-masacre-paramilitar-de-pueblo-bello\/","og_site_name":"Fiscal\u00eda General de la Naci\u00f3n","article_publisher":"https:\/\/www.facebook.com\/FiscaliaCol","article_published_time":"2018-06-28T16:08:58+00:00","article_modified_time":"2018-06-28T16:09:09+00:00","author":"Direcci\u00f3n de Comunicaciones Fiscal\u00eda General de la Naci\u00f3n","twitter_card":"summary_large_image","twitter_creator":"@FiscaliaCol","twitter_site":"@FiscaliaCol","twitter_misc":{"Escrito por":"Direcci\u00f3n de Comunicaciones Fiscal\u00eda General de la Naci\u00f3n","Tiempo de lectura":"2 minutos"},"schema":{"@context":"https:\/\/schema.org","@graph":[{"@type":"Article","@id":"https:\/\/www.fiscalia.gov.co\/colombia\/seccionales\/seccional-medellin\/a-la-carcel-oficial-r-del-ejercito-nacional-investigado-por-masacre-paramilitar-de-pueblo-bello\/#article","isPartOf":{"@id":"https:\/\/www.fiscalia.gov.co\/colombia\/seccionales\/seccional-medellin\/a-la-carcel-oficial-r-del-ejercito-nacional-investigado-por-masacre-paramilitar-de-pueblo-bello\/"},"author":{"name":"Direcci\u00f3n de Comunicaciones Fiscal\u00eda General de la Naci\u00f3n","@id":"https:\/\/www.fiscalia.gov.co\/colombia\/#\/schema\/person\/bf28d8ae7f1b287bbe3af484b04f43ea"},"headline":"A la c\u00e1rcel oficial (r) del Ej\u00e9rcito Nacional investigado por masacre paramilitar de Pueblo Bello","datePublished":"2018-06-28T16:08:58+00:00","dateModified":"2018-06-28T16:09:09+00:00","mainEntityOfPage":{"@id":"https:\/\/www.fiscalia.gov.co\/colombia\/seccionales\/seccional-medellin\/a-la-carcel-oficial-r-del-ejercito-nacional-investigado-por-masacre-paramilitar-de-pueblo-bello\/"},"wordCount":465,"publisher":{"@id":"https:\/\/www.fiscalia.gov.co\/colombia\/#organization"},"articleSection":["Derechos Humanos","Seccional Medell\u00edn"],"inLanguage":"es-CO"},{"@type":"WebPage","@id":"https:\/\/www.fiscalia.gov.co\/colombia\/seccionales\/seccional-medellin\/a-la-carcel-oficial-r-del-ejercito-nacional-investigado-por-masacre-paramilitar-de-pueblo-bello\/","url":"https:\/\/www.fiscalia.gov.co\/colombia\/seccionales\/seccional-medellin\/a-la-carcel-oficial-r-del-ejercito-nacional-investigado-por-masacre-paramilitar-de-pueblo-bello\/","name":"Fiscal\u00eda General de la Naci\u00f3n","isPartOf":{"@id":"https:\/\/www.fiscalia.gov.co\/colombia\/#website"},"datePublished":"2018-06-28T16:08:58+00:00","dateModified":"2018-06-28T16:09:09+00:00","description":"P\u00e1gina oficial de la Fiscal\u00eda General de la Naci\u00f3n \u2013 Colombia. Garantizamos el acceso efectivo a la justicia, la verdad y la reparaci\u00f3n de las v\u00edctimas de los delitos.","breadcrumb":{"@id":"https:\/\/www.fiscalia.gov.co\/colombia\/seccionales\/seccional-medellin\/a-la-carcel-oficial-r-del-ejercito-nacional-investigado-por-masacre-paramilitar-de-pueblo-bello\/#breadcrumb"},"inLanguage":"es-CO","potentialAction":[{"@type":"ReadAction","target":["https:\/\/www.fiscalia.gov.co\/colombia\/seccionales\/seccional-medellin\/a-la-carcel-oficial-r-del-ejercito-nacional-investigado-por-masacre-paramilitar-de-pueblo-bello\/"]}]},{"@type":"BreadcrumbList","@id":"https:\/\/www.fiscalia.gov.co\/colombia\/seccionales\/seccional-medellin\/a-la-carcel-oficial-r-del-ejercito-nacional-investigado-por-masacre-paramilitar-de-pueblo-bello\/#breadcrumb","itemListElement":[{"@type":"ListItem","position":1,"name":"Home","item":"https:\/\/www.fiscalia.gov.co\/colombia\/"},{"@type":"ListItem","position":2,"name":"A la c\u00e1rcel oficial (r) del Ej\u00e9rcito Nacional investigado por masacre paramilitar de Pueblo Bello"}]},{"@type":"WebSite","@id":"https:\/\/www.fiscalia.gov.co\/colombia\/#website","url":"https:\/\/www.fiscalia.gov.co\/colombia\/","name":"Fiscal\u00eda General de la Naci\u00f3n","description":"P\u00e1gina oficial de la Fiscal\u00eda General de la Naci\u00f3n \u2013 Colombia. Garantizamos el acceso efectivo a la justicia, la verdad y la reparaci\u00f3n de las v\u00edctimas de los delitos.","publisher":{"@id":"https:\/\/www.fiscalia.gov.co\/colombia\/#organization"},"potentialAction":[{"@type":"SearchAction","target":{"@type":"EntryPoint","urlTemplate":"https:\/\/www.fiscalia.gov.co\/colombia\/?s={search_term_string}"},"query-input":{"@type":"PropertyValueSpecification","valueRequired":true,"valueName":"search_term_string"}}],"inLanguage":"es-CO"},{"@type":"Organization","@id":"https:\/\/www.fiscalia.gov.co\/colombia\/#organization","name":"Fiscal\u00eda General de la Naci\u00f3n","url":"https:\/\/www.fiscalia.gov.co\/colombia\/","logo":{"@type":"ImageObject","inLanguage":"es-CO","@id":"https:\/\/www.fiscalia.gov.co\/colombia\/#\/schema\/logo\/image\/","url":"https:\/\/www.fiscalia.gov.co\/colombia\/wp-content\/uploads\/LogoHorizontal_1.jpg","contentUrl":"https:\/\/www.fiscalia.gov.co\/colombia\/wp-content\/uploads\/LogoHorizontal_1.jpg","width":300,"height":90,"caption":"Fiscal\u00eda General de la Naci\u00f3n"},"image":{"@id":"https:\/\/www.fiscalia.gov.co\/colombia\/#\/schema\/logo\/image\/"},"sameAs":["https:\/\/www.facebook.com\/FiscaliaCol","https:\/\/x.com\/FiscaliaCol","https:\/\/www.instagram.com\/fiscaliacol","https:\/\/www.linkedin.com\/company\/fiscalia-general-de-la-naci-n\/","https:\/\/youtube.com\/@fiscaliageneraldelanacion-4668?si=6nN79nyQICPU5iTh"]},{"@type":"Person","@id":"https:\/\/www.fiscalia.gov.co\/colombia\/#\/schema\/person\/bf28d8ae7f1b287bbe3af484b04f43ea","name":"Direcci\u00f3n de Comunicaciones Fiscal\u00eda General de la Naci\u00f3n","image":{"@type":"ImageObject","inLanguage":"es-CO","@id":"https:\/\/www.fiscalia.gov.co\/colombia\/#\/schema\/person\/image\/","url":"https:\/\/secure.gravatar.com\/avatar\/9d55ae161d32da16dbdd0b380c080a5f?s=96&d=mm&r=g","contentUrl":"https:\/\/secure.gravatar.com\/avatar\/9d55ae161d32da16dbdd0b380c080a5f?s=96&d=mm&r=g","caption":"Direcci\u00f3n de Comunicaciones Fiscal\u00eda General de la Naci\u00f3n"},"url":"https:\/\/www.fiscalia.gov.co\/colombia\/author\/kbonilla\/"}]}},"_links":{"self":[{"href":"https:\/\/www.fiscalia.gov.co\/colombia\/wp-json\/wp\/v2\/posts\/165152","targetHints":{"allow":["GET"]}}],"collection":[{"href":"https:\/\/www.fiscalia.gov.co\/colombia\/wp-json\/wp\/v2\/posts"}],"about":[{"href":"https:\/\/www.fiscalia.gov.co\/colombia\/wp-json\/wp\/v2\/types\/post"}],"author":[{"embeddable":true,"href":"https:\/\/www.fiscalia.gov.co\/colombia\/wp-json\/wp\/v2\/users\/162"}],"replies":[{"embeddable":true,"href":"https:\/\/www.fiscalia.gov.co\/colombia\/wp-json\/wp\/v2\/comments?post=165152"}],"version-history":[{"count":1,"href":"https:\/\/www.fiscalia.gov.co\/colombia\/wp-json\/wp\/v2\/posts\/165152\/revisions"}],"predecessor-version":[{"id":165153,"href":"https:\/\/www.fiscalia.gov.co\/colombia\/wp-json\/wp\/v2\/posts\/165152\/revisions\/165153"}],"wp:attachment":[{"href":"https:\/\/www.fiscalia.gov.co\/colombia\/wp-json\/wp\/v2\/media?parent=165152"}],"wp:term":[{"taxonomy":"category","embeddable":true,"href":"https:\/\/www.fiscalia.gov.co\/colombia\/wp-json\/wp\/v2\/categories?post=165152"},{"taxonomy":"post_tag","embeddable":true,"href":"https:\/\/www.fiscalia.gov.co\/colombia\/wp-json\/wp\/v2\/tags?post=165152"}],"curies":[{"name":"wp","href":"https:\/\/api.w.org\/{rel}","templated":true}]}}