{"id":164426,"date":"2018-06-12T07:08:51","date_gmt":"2018-06-12T12:08:51","guid":{"rendered":"https:\/\/www.fiscalia.gov.co\/colombia\/?p=164426"},"modified":"2018-06-12T07:08:51","modified_gmt":"2018-06-12T12:08:51","slug":"adenunciar-y-consolidacion-de-estadisticas-de-criminalidad-fiscalia-general-de-la-nacion-y-policia-nacional","status":"publish","type":"post","link":"https:\/\/www.fiscalia.gov.co\/colombia\/seguridad-territorial\/adenunciar-y-consolidacion-de-estadisticas-de-criminalidad-fiscalia-general-de-la-nacion-y-policia-nacional\/","title":{"rendered":"ADenunciar y consolidaci\u00f3n de estad\u00edsticas de criminalidad &#8211; Fiscal\u00eda General de la Naci\u00f3n y Polic\u00eda Nacional"},"content":{"rendered":"<p>Teniendo en cuenta la importancia de robustecer la capacidad del Estado para proveer servicios de seguridad y justicia, la Fiscal\u00eda General de la Naci\u00f3n y la Polic\u00eda Nacional integraron capacidades para consolidar las herramientas de recepci\u00f3n de denuncias y unificar el dato estad\u00edstico criminal utilizado como insumo en el an\u00e1lisis sobre las tendencias delincuenciales. Durante el \u00faltimo a\u00f1o y medio, la Fiscal\u00eda General de la Naci\u00f3n y la Polic\u00eda Nacional pusieron en marcha varios proyectos para facilitar la denuncia y mejorar el registro y la medici\u00f3n de la criminalidad en el pa\u00eds.<\/p>\n<p>De una parte, se desarroll\u00f3 la herramienta de denuncia en l\u00ednea <em>ADenunciar<\/em>, que est\u00e1 en funcionamiento desde el 26 de julio de 2017, y permite realizar todo el proceso de denuncia de hurtos a personas, comercio y residencias, delitos inform\u00e1ticos y extorsi\u00f3n, entre otros, de forma electr\u00f3nica, sin la necesidad de acudir f\u00edsicamente a ninguna autoridad.<\/p>\n<p>De otra parte, se inici\u00f3 un proceso de integraci\u00f3n de los datos de criminalidad, conectando los sistemas de informaci\u00f3n SPOA de la Fiscal\u00eda y SIEDCO de la Polic\u00eda. Esto busca que ambas instituciones cuenten de manera integral con los datos de hechos delictivos que llegan a la otra, y se conforme entonces un dato compartido de informaci\u00f3n de criminalidad, para superar los problemas estad\u00edsticos del pasado que mostraban cifras de criminalidad diferentes por parte de la Fiscal\u00eda y la Polic\u00eda.<\/p>\n<p><strong>Beneficios de <em>ADenunciar<\/em> y de la integraci\u00f3n de datos <\/strong><\/p>\n<ul>\n<li><em><u>ADenunciar<\/u><\/em><u> facilita la denuncia<\/u>, bajando el tiempo y la incomodidad de quienes prefieren denunciar sin dirigirse a un lugar f\u00edsico, y aumenta la proporci\u00f3n de v\u00edctimas que acuden a las autoridades. A su turno, ello disminuye la criminalidad oculta, cuya identificaci\u00f3n es muy dif\u00edcil por parte del Estado. Indirectamente, <em>ADenunciar<\/em> tambi\u00e9n libera recursos y descongestiona los centros de recepci\u00f3n de denuncias para quienes prefieren acudir personalmente a la Polic\u00eda o la Fiscal\u00eda. <u>La denuncia virtual ampl\u00eda el acceso a la justicia de los colombianos<\/u>. La proporci\u00f3n de casos ingresados a la Fiscal\u00eda a trav\u00e9s de esta plataforma pas\u00f3 de 6,9% en agosto de 2017 a 13% en abril de 2018. Al mes pasado, se han interpuesto denuncias por <em>ADenunciar<\/em> desde el 72% de municipios del pa\u00eds. Hoy en d\u00eda, en las 27 principales ciudades, m\u00e1s de la mitad de los hurtos a personas se denuncian por <em>ADenunciar<\/em>. En Bogot\u00e1, tres cuartos de dichos delitos se denuncian en l\u00ednea.<\/li>\n<\/ul>\n<ul>\n<li>Unifica datos y mejora la integralidad y calidad de la informaci\u00f3n acerca de la criminalidad en Colombia. Aunque el SPOA incluye el universo de noticias criminales creadas a nivel nacional, a partir de las denuncias recibidas por la Fiscal\u00eda y la Polic\u00eda, hist\u00f3ricamente el SIEDCO no incorporaba los casos que recibe la Fiscal\u00eda. Por esto, la conexi\u00f3n de sistemas le permite al SIEDCO de la Polic\u00eda tener una informaci\u00f3n m\u00e1s completa. Esta integraci\u00f3n se ha realizado a partir de formularios de noticias criminales, definidos y caracterizados por la Polic\u00eda y la Fiscal\u00eda, y de la unificaci\u00f3n de las variables conectadas en los sistemas de informaci\u00f3n.<\/li>\n<\/ul>\n<p>A su vez, la integraci\u00f3n de informaci\u00f3n se traduce en una mayor capacidad para caracterizar las tendencias delictivas, un aumento en la calidad de la informaci\u00f3n criminal disponible para los organismos de seguridad y las autoridades territoriales, y una investigaci\u00f3n judicial anal\u00edtica m\u00e1s completa. Todo ello mejora la celeridad y calidad de las actuaciones de las instituciones de seguridad y justicia, y aumenta los logros en la prevenci\u00f3n y persecuci\u00f3n criminal, el esclarecimiento de conductas punibles y la disminuci\u00f3n de la impunidad.<\/p>\n<p>Por las razones anteriores, los proyectos mencionados fortalecen la capacidad del Estado en la prestaci\u00f3n de los servicios de seguridad y justicia, incrementan el acceso a la justicia y facilitan la formulaci\u00f3n de una pol\u00edtica criminal certera con base en estad\u00edsticas s\u00f3lidas.<\/p>\n<p><strong>Comparabilidad de datos y periodo de transici\u00f3n<\/strong><\/p>\n<p><em>ADenunciar<\/em> y la integraci\u00f3n de datos generan inevitablemente un incremento en los registros de las noticias criminales, y hacen que las series estad\u00edsticas en el sistema SIEDCO de la Polic\u00eda, antes y despu\u00e9s del inicio de estos proyectos, no sean totalmente comparables.<\/p>\n<ul>\n<li>De una parte, <em><u>ADenunciar<\/u><\/em><u> aumenta la cantidad de v\u00edctimas dispuestas a denunciar<\/u>. Esto incrementa los casos recibidos por las autoridades, sin que ello signifique necesariamente un aumento de los niveles de criminalidad. Al facilitar la denuncia, esta plataforma elev\u00f3 el n\u00famero de noticias criminales, reduciendo la criminalidad oculta y facilitando el acceso a la justicia. Esto se traduce en un factor ex\u00f3geno que hace que las series de este periodo no sean comparables con las de 2017 hacia atr\u00e1s, cuando no exist\u00eda <em>Adenunciar<\/em>. S\u00f3lo en agosto de 2017, siendo el primer mes de funcionamiento, las denuncias por los delitos incluidos en la plataforma aumentaron en un 17% en comparaci\u00f3n con el mismo mes del a\u00f1o anterior.<\/li>\n<\/ul>\n<p>De otra parte, <u>la integraci\u00f3n de informaci\u00f3n implica un aumento de los casos registrados<\/u>. El aumento de registros no refleja necesariamente un crecimiento efectivo de la delincuencia real. Mientras que s\u00ed significa un nivel m\u00e1s completo de los datos de dicho sistema. As\u00ed, las series anteriores a SIEDCO no ten\u00edan todas las noticas criminales de la Fiscal\u00eda, por lo que necesariamente adolec\u00edan de un&nbsp;<\/p>\n<ul>\n<li>subregistro delictivo, que las hace incomparables con las cifras de 2018 que contemplan todas las noticas criminales del SPOA.<\/li>\n<\/ul>\n<p>El a\u00f1o 2018 fue definido como \u201ca\u00f1o cero\u201d en un periodo de transici\u00f3n que es inevitable en este tipo de proyectos. El cronograma de esta transici\u00f3n establece que a agosto de 2018 se tenga un concepto acerca de los datos que pueden o no ser comparables en el SIEDCO.<\/p>\n<p>En este momento, la Polic\u00eda Nacional y la Fiscal\u00eda General de la Naci\u00f3n se encuentran en una fase de an\u00e1lisis de los sistemas para verificar la calidad de la integraci\u00f3n y la comparabilidad de los datos hacia el pasado. Para esto, est\u00e1n convocando a unas mesas de trabajo con el Gobierno Nacional, las autoridades locales y la sociedad civil, para recibir insumos y retroalimentaci\u00f3n en la formulaci\u00f3n e implementaci\u00f3n de estos proyectos.<\/p>\n<p>&nbsp;<\/p>\n\n<div class=\"twitter-share\"><a href=\"https:\/\/twitter.com\/intent\/tweet?via=fiscaliacol\" class=\"twitter-share-button\">Tweet<\/a><\/div>\n","protected":false},"excerpt":{"rendered":"<p>Teniendo en cuenta la importancia de robustecer la capacidad del Estado para proveer servicios de seguridad y justicia, la Fiscal\u00eda General de la Naci\u00f3n y la Polic\u00eda Nacional integraron capacidades para consolidar las herramientas de recepci\u00f3n de denuncias y unificar el dato estad\u00edstico criminal utilizado como insumo en el an\u00e1lisis sobre las tendencias delincuenciales. Durante [&hellip;]<\/p>\n","protected":false},"author":162,"featured_media":0,"comment_status":"closed","ping_status":"open","sticky":false,"template":"","format":"standard","meta":{"tdm_status":"","tdm_grid_status":"","footnotes":""},"categories":[24099],"tags":[],"class_list":{"0":"post-164426","1":"post","2":"type-post","3":"status-publish","4":"format-standard","6":"category-seguridad-territorial"},"yoast_head":"<!-- This site is optimized with the Yoast SEO plugin v24.3 - https:\/\/yoast.com\/wordpress\/plugins\/seo\/ -->\n<title>Fiscal\u00eda General de la Naci\u00f3n<\/title>\n<meta name=\"description\" content=\"P\u00e1gina oficial de la Fiscal\u00eda General de la Naci\u00f3n \u2013 Colombia. Garantizamos el acceso efectivo a la justicia, la verdad y la reparaci\u00f3n de las v\u00edctimas de los delitos.\" \/>\n<meta name=\"robots\" content=\"noindex, follow\" \/>\n<meta property=\"og:locale\" content=\"es_ES\" \/>\n<meta property=\"og:type\" content=\"article\" \/>\n<meta property=\"og:title\" content=\"Fiscal\u00eda General de la Naci\u00f3n\" \/>\n<meta property=\"og:description\" content=\"P\u00e1gina oficial de la Fiscal\u00eda General de la Naci\u00f3n \u2013 Colombia. Garantizamos el acceso efectivo a la justicia, la verdad y la reparaci\u00f3n de las v\u00edctimas de los delitos.\" \/>\n<meta property=\"og:url\" content=\"https:\/\/www.fiscalia.gov.co\/colombia\/seguridad-territorial\/adenunciar-y-consolidacion-de-estadisticas-de-criminalidad-fiscalia-general-de-la-nacion-y-policia-nacional\/\" \/>\n<meta property=\"og:site_name\" content=\"Fiscal\u00eda General de la Naci\u00f3n\" \/>\n<meta property=\"article:publisher\" content=\"https:\/\/www.facebook.com\/FiscaliaCol\" \/>\n<meta property=\"article:published_time\" content=\"2018-06-12T12:08:51+00:00\" \/>\n<meta name=\"author\" content=\"Direcci\u00f3n de Comunicaciones Fiscal\u00eda General de la Naci\u00f3n\" \/>\n<meta name=\"twitter:card\" content=\"summary_large_image\" \/>\n<meta name=\"twitter:creator\" content=\"@FiscaliaCol\" \/>\n<meta name=\"twitter:site\" content=\"@FiscaliaCol\" \/>\n<meta name=\"twitter:label1\" content=\"Escrito por\" \/>\n\t<meta name=\"twitter:data1\" content=\"Direcci\u00f3n de Comunicaciones Fiscal\u00eda General de la Naci\u00f3n\" \/>\n\t<meta name=\"twitter:label2\" content=\"Tiempo de lectura\" \/>\n\t<meta name=\"twitter:data2\" content=\"5 minutos\" \/>\n<script type=\"application\/ld+json\" class=\"yoast-schema-graph\">{\"@context\":\"https:\/\/schema.org\",\"@graph\":[{\"@type\":\"Article\",\"@id\":\"https:\/\/www.fiscalia.gov.co\/colombia\/seguridad-territorial\/adenunciar-y-consolidacion-de-estadisticas-de-criminalidad-fiscalia-general-de-la-nacion-y-policia-nacional\/#article\",\"isPartOf\":{\"@id\":\"https:\/\/www.fiscalia.gov.co\/colombia\/seguridad-territorial\/adenunciar-y-consolidacion-de-estadisticas-de-criminalidad-fiscalia-general-de-la-nacion-y-policia-nacional\/\"},\"author\":{\"name\":\"Direcci\u00f3n de Comunicaciones Fiscal\u00eda General de la Naci\u00f3n\",\"@id\":\"https:\/\/www.fiscalia.gov.co\/colombia\/#\/schema\/person\/bf28d8ae7f1b287bbe3af484b04f43ea\"},\"headline\":\"ADenunciar y consolidaci\u00f3n de estad\u00edsticas de criminalidad &#8211; Fiscal\u00eda General de la Naci\u00f3n y Polic\u00eda Nacional\",\"datePublished\":\"2018-06-12T12:08:51+00:00\",\"dateModified\":\"2018-06-12T12:08:51+00:00\",\"mainEntityOfPage\":{\"@id\":\"https:\/\/www.fiscalia.gov.co\/colombia\/seguridad-territorial\/adenunciar-y-consolidacion-de-estadisticas-de-criminalidad-fiscalia-general-de-la-nacion-y-policia-nacional\/\"},\"wordCount\":1105,\"publisher\":{\"@id\":\"https:\/\/www.fiscalia.gov.co\/colombia\/#organization\"},\"articleSection\":[\"Seguridad territorial\"],\"inLanguage\":\"es-CO\"},{\"@type\":\"WebPage\",\"@id\":\"https:\/\/www.fiscalia.gov.co\/colombia\/seguridad-territorial\/adenunciar-y-consolidacion-de-estadisticas-de-criminalidad-fiscalia-general-de-la-nacion-y-policia-nacional\/\",\"url\":\"https:\/\/www.fiscalia.gov.co\/colombia\/seguridad-territorial\/adenunciar-y-consolidacion-de-estadisticas-de-criminalidad-fiscalia-general-de-la-nacion-y-policia-nacional\/\",\"name\":\"Fiscal\u00eda General de la Naci\u00f3n\",\"isPartOf\":{\"@id\":\"https:\/\/www.fiscalia.gov.co\/colombia\/#website\"},\"datePublished\":\"2018-06-12T12:08:51+00:00\",\"dateModified\":\"2018-06-12T12:08:51+00:00\",\"description\":\"P\u00e1gina oficial de la Fiscal\u00eda General de la Naci\u00f3n \u2013 Colombia. Garantizamos el acceso efectivo a la justicia, la verdad y la reparaci\u00f3n de las v\u00edctimas de los delitos.\",\"breadcrumb\":{\"@id\":\"https:\/\/www.fiscalia.gov.co\/colombia\/seguridad-territorial\/adenunciar-y-consolidacion-de-estadisticas-de-criminalidad-fiscalia-general-de-la-nacion-y-policia-nacional\/#breadcrumb\"},\"inLanguage\":\"es-CO\",\"potentialAction\":[{\"@type\":\"ReadAction\",\"target\":[\"https:\/\/www.fiscalia.gov.co\/colombia\/seguridad-territorial\/adenunciar-y-consolidacion-de-estadisticas-de-criminalidad-fiscalia-general-de-la-nacion-y-policia-nacional\/\"]}]},{\"@type\":\"BreadcrumbList\",\"@id\":\"https:\/\/www.fiscalia.gov.co\/colombia\/seguridad-territorial\/adenunciar-y-consolidacion-de-estadisticas-de-criminalidad-fiscalia-general-de-la-nacion-y-policia-nacional\/#breadcrumb\",\"itemListElement\":[{\"@type\":\"ListItem\",\"position\":1,\"name\":\"Home\",\"item\":\"https:\/\/www.fiscalia.gov.co\/colombia\/\"},{\"@type\":\"ListItem\",\"position\":2,\"name\":\"ADenunciar y consolidaci\u00f3n de estad\u00edsticas de criminalidad &#8211; Fiscal\u00eda General de la Naci\u00f3n y Polic\u00eda Nacional\"}]},{\"@type\":\"WebSite\",\"@id\":\"https:\/\/www.fiscalia.gov.co\/colombia\/#website\",\"url\":\"https:\/\/www.fiscalia.gov.co\/colombia\/\",\"name\":\"Fiscal\u00eda General de la Naci\u00f3n\",\"description\":\"P\u00e1gina oficial de la Fiscal\u00eda General de la Naci\u00f3n \u2013 Colombia. Garantizamos el acceso efectivo a la justicia, la verdad y la reparaci\u00f3n de las v\u00edctimas de los delitos.\",\"publisher\":{\"@id\":\"https:\/\/www.fiscalia.gov.co\/colombia\/#organization\"},\"potentialAction\":[{\"@type\":\"SearchAction\",\"target\":{\"@type\":\"EntryPoint\",\"urlTemplate\":\"https:\/\/www.fiscalia.gov.co\/colombia\/?s={search_term_string}\"},\"query-input\":{\"@type\":\"PropertyValueSpecification\",\"valueRequired\":true,\"valueName\":\"search_term_string\"}}],\"inLanguage\":\"es-CO\"},{\"@type\":\"Organization\",\"@id\":\"https:\/\/www.fiscalia.gov.co\/colombia\/#organization\",\"name\":\"Fiscal\u00eda General de la Naci\u00f3n\",\"url\":\"https:\/\/www.fiscalia.gov.co\/colombia\/\",\"logo\":{\"@type\":\"ImageObject\",\"inLanguage\":\"es-CO\",\"@id\":\"https:\/\/www.fiscalia.gov.co\/colombia\/#\/schema\/logo\/image\/\",\"url\":\"https:\/\/www.fiscalia.gov.co\/colombia\/wp-content\/uploads\/LogoHorizontal_1.jpg\",\"contentUrl\":\"https:\/\/www.fiscalia.gov.co\/colombia\/wp-content\/uploads\/LogoHorizontal_1.jpg\",\"width\":300,\"height\":90,\"caption\":\"Fiscal\u00eda General de la Naci\u00f3n\"},\"image\":{\"@id\":\"https:\/\/www.fiscalia.gov.co\/colombia\/#\/schema\/logo\/image\/\"},\"sameAs\":[\"https:\/\/www.facebook.com\/FiscaliaCol\",\"https:\/\/x.com\/FiscaliaCol\",\"https:\/\/www.instagram.com\/fiscaliacol\",\"https:\/\/www.linkedin.com\/company\/fiscalia-general-de-la-naci-n\/\",\"https:\/\/youtube.com\/@fiscaliageneraldelanacion-4668?si=6nN79nyQICPU5iTh\"]},{\"@type\":\"Person\",\"@id\":\"https:\/\/www.fiscalia.gov.co\/colombia\/#\/schema\/person\/bf28d8ae7f1b287bbe3af484b04f43ea\",\"name\":\"Direcci\u00f3n de Comunicaciones Fiscal\u00eda General de la Naci\u00f3n\",\"image\":{\"@type\":\"ImageObject\",\"inLanguage\":\"es-CO\",\"@id\":\"https:\/\/www.fiscalia.gov.co\/colombia\/#\/schema\/person\/image\/\",\"url\":\"https:\/\/secure.gravatar.com\/avatar\/9d55ae161d32da16dbdd0b380c080a5f?s=96&d=mm&r=g\",\"contentUrl\":\"https:\/\/secure.gravatar.com\/avatar\/9d55ae161d32da16dbdd0b380c080a5f?s=96&d=mm&r=g\",\"caption\":\"Direcci\u00f3n de Comunicaciones Fiscal\u00eda General de la Naci\u00f3n\"},\"url\":\"https:\/\/www.fiscalia.gov.co\/colombia\/author\/kbonilla\/\"}]}<\/script>\n<!-- \/ Yoast SEO plugin. -->","yoast_head_json":{"title":"Fiscal\u00eda General de la Naci\u00f3n","description":"P\u00e1gina oficial de la Fiscal\u00eda General de la Naci\u00f3n \u2013 Colombia. Garantizamos el acceso efectivo a la justicia, la verdad y la reparaci\u00f3n de las v\u00edctimas de los delitos.","robots":{"index":"noindex","follow":"follow"},"og_locale":"es_ES","og_type":"article","og_title":"Fiscal\u00eda General de la Naci\u00f3n","og_description":"P\u00e1gina oficial de la Fiscal\u00eda General de la Naci\u00f3n \u2013 Colombia. Garantizamos el acceso efectivo a la justicia, la verdad y la reparaci\u00f3n de las v\u00edctimas de los delitos.","og_url":"https:\/\/www.fiscalia.gov.co\/colombia\/seguridad-territorial\/adenunciar-y-consolidacion-de-estadisticas-de-criminalidad-fiscalia-general-de-la-nacion-y-policia-nacional\/","og_site_name":"Fiscal\u00eda General de la Naci\u00f3n","article_publisher":"https:\/\/www.facebook.com\/FiscaliaCol","article_published_time":"2018-06-12T12:08:51+00:00","author":"Direcci\u00f3n de Comunicaciones Fiscal\u00eda General de la Naci\u00f3n","twitter_card":"summary_large_image","twitter_creator":"@FiscaliaCol","twitter_site":"@FiscaliaCol","twitter_misc":{"Escrito por":"Direcci\u00f3n de Comunicaciones Fiscal\u00eda General de la Naci\u00f3n","Tiempo de lectura":"5 minutos"},"schema":{"@context":"https:\/\/schema.org","@graph":[{"@type":"Article","@id":"https:\/\/www.fiscalia.gov.co\/colombia\/seguridad-territorial\/adenunciar-y-consolidacion-de-estadisticas-de-criminalidad-fiscalia-general-de-la-nacion-y-policia-nacional\/#article","isPartOf":{"@id":"https:\/\/www.fiscalia.gov.co\/colombia\/seguridad-territorial\/adenunciar-y-consolidacion-de-estadisticas-de-criminalidad-fiscalia-general-de-la-nacion-y-policia-nacional\/"},"author":{"name":"Direcci\u00f3n de Comunicaciones Fiscal\u00eda General de la Naci\u00f3n","@id":"https:\/\/www.fiscalia.gov.co\/colombia\/#\/schema\/person\/bf28d8ae7f1b287bbe3af484b04f43ea"},"headline":"ADenunciar y consolidaci\u00f3n de estad\u00edsticas de criminalidad &#8211; Fiscal\u00eda General de la Naci\u00f3n y Polic\u00eda Nacional","datePublished":"2018-06-12T12:08:51+00:00","dateModified":"2018-06-12T12:08:51+00:00","mainEntityOfPage":{"@id":"https:\/\/www.fiscalia.gov.co\/colombia\/seguridad-territorial\/adenunciar-y-consolidacion-de-estadisticas-de-criminalidad-fiscalia-general-de-la-nacion-y-policia-nacional\/"},"wordCount":1105,"publisher":{"@id":"https:\/\/www.fiscalia.gov.co\/colombia\/#organization"},"articleSection":["Seguridad territorial"],"inLanguage":"es-CO"},{"@type":"WebPage","@id":"https:\/\/www.fiscalia.gov.co\/colombia\/seguridad-territorial\/adenunciar-y-consolidacion-de-estadisticas-de-criminalidad-fiscalia-general-de-la-nacion-y-policia-nacional\/","url":"https:\/\/www.fiscalia.gov.co\/colombia\/seguridad-territorial\/adenunciar-y-consolidacion-de-estadisticas-de-criminalidad-fiscalia-general-de-la-nacion-y-policia-nacional\/","name":"Fiscal\u00eda General de la Naci\u00f3n","isPartOf":{"@id":"https:\/\/www.fiscalia.gov.co\/colombia\/#website"},"datePublished":"2018-06-12T12:08:51+00:00","dateModified":"2018-06-12T12:08:51+00:00","description":"P\u00e1gina oficial de la Fiscal\u00eda General de la Naci\u00f3n \u2013 Colombia. Garantizamos el acceso efectivo a la justicia, la verdad y la reparaci\u00f3n de las v\u00edctimas de los delitos.","breadcrumb":{"@id":"https:\/\/www.fiscalia.gov.co\/colombia\/seguridad-territorial\/adenunciar-y-consolidacion-de-estadisticas-de-criminalidad-fiscalia-general-de-la-nacion-y-policia-nacional\/#breadcrumb"},"inLanguage":"es-CO","potentialAction":[{"@type":"ReadAction","target":["https:\/\/www.fiscalia.gov.co\/colombia\/seguridad-territorial\/adenunciar-y-consolidacion-de-estadisticas-de-criminalidad-fiscalia-general-de-la-nacion-y-policia-nacional\/"]}]},{"@type":"BreadcrumbList","@id":"https:\/\/www.fiscalia.gov.co\/colombia\/seguridad-territorial\/adenunciar-y-consolidacion-de-estadisticas-de-criminalidad-fiscalia-general-de-la-nacion-y-policia-nacional\/#breadcrumb","itemListElement":[{"@type":"ListItem","position":1,"name":"Home","item":"https:\/\/www.fiscalia.gov.co\/colombia\/"},{"@type":"ListItem","position":2,"name":"ADenunciar y consolidaci\u00f3n de estad\u00edsticas de criminalidad &#8211; Fiscal\u00eda General de la Naci\u00f3n y Polic\u00eda Nacional"}]},{"@type":"WebSite","@id":"https:\/\/www.fiscalia.gov.co\/colombia\/#website","url":"https:\/\/www.fiscalia.gov.co\/colombia\/","name":"Fiscal\u00eda General de la Naci\u00f3n","description":"P\u00e1gina oficial de la Fiscal\u00eda General de la Naci\u00f3n \u2013 Colombia. Garantizamos el acceso efectivo a la justicia, la verdad y la reparaci\u00f3n de las v\u00edctimas de los delitos.","publisher":{"@id":"https:\/\/www.fiscalia.gov.co\/colombia\/#organization"},"potentialAction":[{"@type":"SearchAction","target":{"@type":"EntryPoint","urlTemplate":"https:\/\/www.fiscalia.gov.co\/colombia\/?s={search_term_string}"},"query-input":{"@type":"PropertyValueSpecification","valueRequired":true,"valueName":"search_term_string"}}],"inLanguage":"es-CO"},{"@type":"Organization","@id":"https:\/\/www.fiscalia.gov.co\/colombia\/#organization","name":"Fiscal\u00eda General de la Naci\u00f3n","url":"https:\/\/www.fiscalia.gov.co\/colombia\/","logo":{"@type":"ImageObject","inLanguage":"es-CO","@id":"https:\/\/www.fiscalia.gov.co\/colombia\/#\/schema\/logo\/image\/","url":"https:\/\/www.fiscalia.gov.co\/colombia\/wp-content\/uploads\/LogoHorizontal_1.jpg","contentUrl":"https:\/\/www.fiscalia.gov.co\/colombia\/wp-content\/uploads\/LogoHorizontal_1.jpg","width":300,"height":90,"caption":"Fiscal\u00eda General de la Naci\u00f3n"},"image":{"@id":"https:\/\/www.fiscalia.gov.co\/colombia\/#\/schema\/logo\/image\/"},"sameAs":["https:\/\/www.facebook.com\/FiscaliaCol","https:\/\/x.com\/FiscaliaCol","https:\/\/www.instagram.com\/fiscaliacol","https:\/\/www.linkedin.com\/company\/fiscalia-general-de-la-naci-n\/","https:\/\/youtube.com\/@fiscaliageneraldelanacion-4668?si=6nN79nyQICPU5iTh"]},{"@type":"Person","@id":"https:\/\/www.fiscalia.gov.co\/colombia\/#\/schema\/person\/bf28d8ae7f1b287bbe3af484b04f43ea","name":"Direcci\u00f3n de Comunicaciones Fiscal\u00eda General de la Naci\u00f3n","image":{"@type":"ImageObject","inLanguage":"es-CO","@id":"https:\/\/www.fiscalia.gov.co\/colombia\/#\/schema\/person\/image\/","url":"https:\/\/secure.gravatar.com\/avatar\/9d55ae161d32da16dbdd0b380c080a5f?s=96&d=mm&r=g","contentUrl":"https:\/\/secure.gravatar.com\/avatar\/9d55ae161d32da16dbdd0b380c080a5f?s=96&d=mm&r=g","caption":"Direcci\u00f3n de Comunicaciones Fiscal\u00eda General de la Naci\u00f3n"},"url":"https:\/\/www.fiscalia.gov.co\/colombia\/author\/kbonilla\/"}]}},"_links":{"self":[{"href":"https:\/\/www.fiscalia.gov.co\/colombia\/wp-json\/wp\/v2\/posts\/164426","targetHints":{"allow":["GET"]}}],"collection":[{"href":"https:\/\/www.fiscalia.gov.co\/colombia\/wp-json\/wp\/v2\/posts"}],"about":[{"href":"https:\/\/www.fiscalia.gov.co\/colombia\/wp-json\/wp\/v2\/types\/post"}],"author":[{"embeddable":true,"href":"https:\/\/www.fiscalia.gov.co\/colombia\/wp-json\/wp\/v2\/users\/162"}],"replies":[{"embeddable":true,"href":"https:\/\/www.fiscalia.gov.co\/colombia\/wp-json\/wp\/v2\/comments?post=164426"}],"version-history":[{"count":1,"href":"https:\/\/www.fiscalia.gov.co\/colombia\/wp-json\/wp\/v2\/posts\/164426\/revisions"}],"predecessor-version":[{"id":164427,"href":"https:\/\/www.fiscalia.gov.co\/colombia\/wp-json\/wp\/v2\/posts\/164426\/revisions\/164427"}],"wp:attachment":[{"href":"https:\/\/www.fiscalia.gov.co\/colombia\/wp-json\/wp\/v2\/media?parent=164426"}],"wp:term":[{"taxonomy":"category","embeddable":true,"href":"https:\/\/www.fiscalia.gov.co\/colombia\/wp-json\/wp\/v2\/categories?post=164426"},{"taxonomy":"post_tag","embeddable":true,"href":"https:\/\/www.fiscalia.gov.co\/colombia\/wp-json\/wp\/v2\/tags?post=164426"}],"curies":[{"name":"wp","href":"https:\/\/api.w.org\/{rel}","templated":true}]}}