{"id":164359,"date":"2018-06-08T10:18:29","date_gmt":"2018-06-08T15:18:29","guid":{"rendered":"https:\/\/www.fiscalia.gov.co\/colombia\/?p=164359"},"modified":"2018-06-08T10:18:29","modified_gmt":"2018-06-08T15:18:29","slug":"ofensiva-contra-las-redes-criminales-dedicadas-al-trafico-de-drogas-con-correos-humanos","status":"publish","type":"post","link":"https:\/\/www.fiscalia.gov.co\/colombia\/trafico-de-estupefacientes\/ofensiva-contra-las-redes-criminales-dedicadas-al-trafico-de-drogas-con-correos-humanos\/","title":{"rendered":"Ofensiva contra las redes criminales dedicadas al tr\u00e1fico de drogas con correos humanos"},"content":{"rendered":"<p><em><u>La Fiscal\u00eda General de la Naci\u00f3n y la Polic\u00eda Nacional capturaron a 18 personas y desarticularon dos estructuras se\u00f1aladas de enviar coca\u00edna y hero\u00edna desde el Aeropuerto Internacional El Dorado en Bogot\u00e1, con destino a Estados Unidos, China y pa\u00edses de Europa y Centroam\u00e9rica. Entre los detenidos hay una adulta mayor con antecedentes por narcotr\u00e1fico en Colombia, Francia y Venezuela.<\/u><\/em><\/p>\n<p>Los filtros antinarc\u00f3ticos en el Aeropuerto Internacional El Dorado, en Bogot\u00e1, pusieron al descubierto frecuencias a\u00e9reas y horarios espec\u00edficos, en los que las redes narcotraficantes intentaban sacar con mayor insistencia viajeros que llevaban estupefacientes camuflados en equipajes de doble fondo hacia destinos como: Hong Kong, China, Estados Unidos, Holanda, Espa\u00f1a, M\u00e9xico, Rep\u00fablica Dominicana y Panam\u00e1.<\/p>\n<p>La Direcci\u00f3n Especializada contra el Narcotr\u00e1fico de la Fiscal\u00eda y la Direcci\u00f3n Antinarc\u00f3ticos de la Polic\u00eda Nacional dise\u00f1aron un plan metodol\u00f3gico de investigaci\u00f3n, y con apoyo de la agencia estadounidense DEA,&nbsp; pusieron en pr\u00e1ctica varias t\u00e9cnicas de polic\u00eda judicial avaladas judicialmente como interceptaciones telef\u00f3nicas, seguimientos, vigilancias, inspecciones y verificaci\u00f3n de datos, entre otras; que en seis meses de aplicaci\u00f3n permitieron identificar dos estructuras que habr\u00edan concentrado sus prop\u00f3sitos criminales en sacar correos humanos a las horas y en los vuelos detectados.<\/p>\n<p>Gracias a la informaci\u00f3n y el material probatorio recopilado, fueron obtenidas 18 \u00f3rdenes de captura, las cuales se hicieron efectivas en diligencias simult\u00e1neas realizadas en Bogot\u00e1, Cauca, Nari\u00f1o, Antioquia, Risaralda, Valle del Cauca, Meta, Tolima y Huila; y en las que cayeron todos los eslabones delincuenciales de las dos organizaciones narcotraficantes.<\/p>\n<p><strong><u>La red de J<\/u><\/strong><\/p>\n<p>Una de las redes criminales desarticuladas estaba en cabeza de Juli\u00e1n Soto Garc\u00eda, alias J, un hombre con antecedentes judiciales por enriquecimiento il\u00edcito y narcotr\u00e1fico, quien presuntamente financiaba toda la actividad ilegal, desde la compra de la droga, el acondicionamiento de las maletas con doble fondo y la b\u00fasqueda de personas con enfermedades terminales o dificultades econ\u00f3micas que aceptaban transportar el estupefaciente al pa\u00eds indicado.<\/p>\n<p>Alias J fue capturado en Villavicencio (Meta) y uno de sus supuestos socios econ\u00f3micos, Jos\u00e9 Gabriel Caicedo, conocido como Gabo, fue detenido en Honda (Tolima). En Bogot\u00e1 y Pitalito (Huila) fueron ubicados otros tres presuntos integrantes de la estructura que ser\u00edan los encargados de reclutar a los correos humanos, garantizarles alojamiento en Bogot\u00e1 mientras se defin\u00eda el momento del viaje, conseguirles vi\u00e1ticos y transportarlos hasta la terminal a\u00e9rea donde les eran entregados los equipajes contaminados.<\/p>\n<p>En este grupo sobresale la captura de Isabel Mart\u00ednez Pineda, alias la Abuela, una mujer de 74 a\u00f1os de edad que hab\u00eda sido condenada en Francia y Venezuela por intentar ingresar coca\u00edna a esos pa\u00edses, y tendr\u00eda anotaciones por narcotr\u00e1fico en Colombia.<\/p>\n<p>En los controles t\u00e9cnicos los investigadores se percataron que la adulta mayor recibi\u00f3 absoluta confianza de la organizaci\u00f3n, estaba autorizada para contactar personas que cumpl\u00edan los perfiles para llevar droga camuflada y, al parecer, tambi\u00e9n merodeaba el aeropuerto, tomaba nota de la ubicaci\u00f3n de las autoridades y fotografiaba a los polic\u00edas, las im\u00e1genes presuntamente las enviaba a los cabecillas de la organizaci\u00f3n para que planearan los env\u00edos.<\/p>\n<p>Otros capturados de la red de J, eran presuntos agentes corruptores que cooptaban funcionarios de la terminal a\u00e9rea para facilitar el paso de los viajeros con el estupefaciente y alertaban sobre los movimientos de las unidades antinarc\u00f3ticos.<\/p>\n<p>A los siete supuestos integrantes de esta organizaci\u00f3n la Fiscal\u00eda les imput\u00f3 cargos por tr\u00e1fico, fabricaci\u00f3n y porte de estupefacientes, y concierto para delinquir. El juez de control de garant\u00edas impuso a todos los detenidos medida de aseguramiento en centro carcelario.<\/p>\n<p><strong><u>\u2018Filtro Internacional\u2019<\/u><\/strong><\/p>\n<p>La otra organizaci\u00f3n delincuencial desarticulada en las operaciones de la Fiscal\u00eda y la Polic\u00eda, se autodenominaba \u2018Filtro Internacional\u2019. En las investigaciones se constat\u00f3 que sus integrantes ten\u00edan m\u00faltiples contactos con narcotraficantes en Estados Unidos, M\u00e9xico, Rep\u00fablica Dominicana y Panam\u00e1.<\/p>\n<p>Luego de ocho incautaciones realizadas a esta estructura se constat\u00f3 que, adem\u00e1s de los correos humanos que preparaban y enviaban desde el aeropuerto de Bogot\u00e1 con coca\u00edna y hero\u00edna, mov\u00edan cargamentos de droga en tractocamiones que sal\u00edan de Cauca y Nari\u00f1o rumbo a Ecuador.<\/p>\n<p>En las distintas labores de polic\u00eda judicial qued\u00f3 en evidencia que la red ubicaba mujeres j\u00f3venes y atractivas, las convenc\u00eda de viajar al extranjero y llevar equipajes que escond\u00edan entre 11 y 16 kilogramos de estupefaciente. Varias de estas mujeres fueron interceptadas oportunamente en los controles aeroportuarios.<\/p>\n<p>11 presuntos integrantes de la organizaci\u00f3n \u2018Filtro Internacional\u2019 fueron capturados en procedimiento cumplidos en Cauca, Nari\u00f1o, Antioquia, Risaralda y Valle del Cauca. Entre los detenidos est\u00e1n los presuntos cabecillas o socios capitalistas, como se hac\u00edan llamar, identificados como: Sandro Leonardo Gustion Melo, alias Sandro; y El\u00edas Humberto Acosta, alias Doctor.<\/p>\n<p>Los dem\u00e1s detenidos, seg\u00fan el material recaudado en las indagaciones, ser\u00edan los encargados de reclutar los correos humanos, transportarlos, dise\u00f1ar los equipajes para camuflar la droga y garantizar que las mujeres llegaran con sus maletas y sin contratiempos a las salidas internacionales del aeropuerto El Dorado.<\/p>\n<p>En las audiencias concentradas la Fiscal\u00eda imput\u00f3 cargos por concierto para delinquir, y tr\u00e1fico, fabricaci\u00f3n y porte de estupefacientes. Siete de los procesados recibieron medida de aseguramiento, dos m\u00e1s fueron cobijados con privaci\u00f3n de la libertad en su lugar de residencia.<\/p>\n<p>Otros dos de los detenidos son solicitados en extradici\u00f3n por la Corte del Distrito Sur de La Florida (Estados Unidos), que los requiere por conspiraci\u00f3n para ingresar coca\u00edna y hero\u00edna.<\/p>\n\n<div class=\"twitter-share\"><a href=\"https:\/\/twitter.com\/intent\/tweet?via=fiscaliacol\" class=\"twitter-share-button\">Tweet<\/a><\/div>\n","protected":false},"excerpt":{"rendered":"<p>La Fiscal\u00eda General de la Naci\u00f3n y la Polic\u00eda Nacional capturaron a 18 personas y desarticularon dos estructuras se\u00f1aladas de enviar coca\u00edna y hero\u00edna desde el Aeropuerto Internacional El Dorado en Bogot\u00e1, con destino a Estados Unidos, China y pa\u00edses de Europa y Centroam\u00e9rica. Entre los detenidos hay una adulta mayor con antecedentes por narcotr\u00e1fico [&hellip;]<\/p>\n","protected":false},"author":162,"featured_media":0,"comment_status":"closed","ping_status":"open","sticky":false,"template":"","format":"standard","meta":{"tdm_status":"","tdm_grid_status":"","footnotes":""},"categories":[24115,24103],"tags":[],"class_list":{"0":"post-164359","1":"post","2":"type-post","3":"status-publish","4":"format-standard","6":"category-narcotrafico","7":"category-trafico-de-estupefacientes"},"yoast_head":"<!-- This site is optimized with the Yoast SEO plugin v24.3 - https:\/\/yoast.com\/wordpress\/plugins\/seo\/ -->\n<title>Fiscal\u00eda General de la Naci\u00f3n<\/title>\n<meta name=\"description\" content=\"P\u00e1gina oficial de la Fiscal\u00eda General de la Naci\u00f3n \u2013 Colombia. Garantizamos el acceso efectivo a la justicia, la verdad y la reparaci\u00f3n de las v\u00edctimas de los delitos.\" \/>\n<meta name=\"robots\" content=\"noindex, follow\" \/>\n<meta property=\"og:locale\" content=\"es_ES\" \/>\n<meta property=\"og:type\" content=\"article\" \/>\n<meta property=\"og:title\" content=\"Fiscal\u00eda General de la Naci\u00f3n\" \/>\n<meta property=\"og:description\" content=\"P\u00e1gina oficial de la Fiscal\u00eda General de la Naci\u00f3n \u2013 Colombia. Garantizamos el acceso efectivo a la justicia, la verdad y la reparaci\u00f3n de las v\u00edctimas de los delitos.\" \/>\n<meta property=\"og:url\" content=\"https:\/\/www.fiscalia.gov.co\/colombia\/trafico-de-estupefacientes\/ofensiva-contra-las-redes-criminales-dedicadas-al-trafico-de-drogas-con-correos-humanos\/\" \/>\n<meta property=\"og:site_name\" content=\"Fiscal\u00eda General de la Naci\u00f3n\" \/>\n<meta property=\"article:publisher\" content=\"https:\/\/www.facebook.com\/FiscaliaCol\" \/>\n<meta property=\"article:published_time\" content=\"2018-06-08T15:18:29+00:00\" \/>\n<meta name=\"author\" content=\"Direcci\u00f3n de Comunicaciones Fiscal\u00eda General de la Naci\u00f3n\" \/>\n<meta name=\"twitter:card\" content=\"summary_large_image\" \/>\n<meta name=\"twitter:creator\" content=\"@FiscaliaCol\" \/>\n<meta name=\"twitter:site\" content=\"@FiscaliaCol\" \/>\n<meta name=\"twitter:label1\" content=\"Escrito por\" \/>\n\t<meta name=\"twitter:data1\" content=\"Direcci\u00f3n de Comunicaciones Fiscal\u00eda General de la Naci\u00f3n\" \/>\n\t<meta name=\"twitter:label2\" content=\"Tiempo de lectura\" \/>\n\t<meta name=\"twitter:data2\" content=\"5 minutos\" \/>\n<script type=\"application\/ld+json\" class=\"yoast-schema-graph\">{\"@context\":\"https:\/\/schema.org\",\"@graph\":[{\"@type\":\"Article\",\"@id\":\"https:\/\/www.fiscalia.gov.co\/colombia\/trafico-de-estupefacientes\/ofensiva-contra-las-redes-criminales-dedicadas-al-trafico-de-drogas-con-correos-humanos\/#article\",\"isPartOf\":{\"@id\":\"https:\/\/www.fiscalia.gov.co\/colombia\/trafico-de-estupefacientes\/ofensiva-contra-las-redes-criminales-dedicadas-al-trafico-de-drogas-con-correos-humanos\/\"},\"author\":{\"name\":\"Direcci\u00f3n de Comunicaciones Fiscal\u00eda General de la Naci\u00f3n\",\"@id\":\"https:\/\/www.fiscalia.gov.co\/colombia\/#\/schema\/person\/bf28d8ae7f1b287bbe3af484b04f43ea\"},\"headline\":\"Ofensiva contra las redes criminales dedicadas al tr\u00e1fico de drogas con correos humanos\",\"datePublished\":\"2018-06-08T15:18:29+00:00\",\"dateModified\":\"2018-06-08T15:18:29+00:00\",\"mainEntityOfPage\":{\"@id\":\"https:\/\/www.fiscalia.gov.co\/colombia\/trafico-de-estupefacientes\/ofensiva-contra-las-redes-criminales-dedicadas-al-trafico-de-drogas-con-correos-humanos\/\"},\"wordCount\":991,\"publisher\":{\"@id\":\"https:\/\/www.fiscalia.gov.co\/colombia\/#organization\"},\"articleSection\":[\"Narcotr\u00e1fico\",\"Tr\u00e1fico de estupefacientes\"],\"inLanguage\":\"es-CO\"},{\"@type\":\"WebPage\",\"@id\":\"https:\/\/www.fiscalia.gov.co\/colombia\/trafico-de-estupefacientes\/ofensiva-contra-las-redes-criminales-dedicadas-al-trafico-de-drogas-con-correos-humanos\/\",\"url\":\"https:\/\/www.fiscalia.gov.co\/colombia\/trafico-de-estupefacientes\/ofensiva-contra-las-redes-criminales-dedicadas-al-trafico-de-drogas-con-correos-humanos\/\",\"name\":\"Fiscal\u00eda General de la Naci\u00f3n\",\"isPartOf\":{\"@id\":\"https:\/\/www.fiscalia.gov.co\/colombia\/#website\"},\"datePublished\":\"2018-06-08T15:18:29+00:00\",\"dateModified\":\"2018-06-08T15:18:29+00:00\",\"description\":\"P\u00e1gina oficial de la Fiscal\u00eda General de la Naci\u00f3n \u2013 Colombia. Garantizamos el acceso efectivo a la justicia, la verdad y la reparaci\u00f3n de las v\u00edctimas de los delitos.\",\"breadcrumb\":{\"@id\":\"https:\/\/www.fiscalia.gov.co\/colombia\/trafico-de-estupefacientes\/ofensiva-contra-las-redes-criminales-dedicadas-al-trafico-de-drogas-con-correos-humanos\/#breadcrumb\"},\"inLanguage\":\"es-CO\",\"potentialAction\":[{\"@type\":\"ReadAction\",\"target\":[\"https:\/\/www.fiscalia.gov.co\/colombia\/trafico-de-estupefacientes\/ofensiva-contra-las-redes-criminales-dedicadas-al-trafico-de-drogas-con-correos-humanos\/\"]}]},{\"@type\":\"BreadcrumbList\",\"@id\":\"https:\/\/www.fiscalia.gov.co\/colombia\/trafico-de-estupefacientes\/ofensiva-contra-las-redes-criminales-dedicadas-al-trafico-de-drogas-con-correos-humanos\/#breadcrumb\",\"itemListElement\":[{\"@type\":\"ListItem\",\"position\":1,\"name\":\"Home\",\"item\":\"https:\/\/www.fiscalia.gov.co\/colombia\/\"},{\"@type\":\"ListItem\",\"position\":2,\"name\":\"Ofensiva contra las redes criminales dedicadas al tr\u00e1fico de drogas con correos humanos\"}]},{\"@type\":\"WebSite\",\"@id\":\"https:\/\/www.fiscalia.gov.co\/colombia\/#website\",\"url\":\"https:\/\/www.fiscalia.gov.co\/colombia\/\",\"name\":\"Fiscal\u00eda General de la Naci\u00f3n\",\"description\":\"P\u00e1gina oficial de la Fiscal\u00eda General de la Naci\u00f3n \u2013 Colombia. Garantizamos el acceso efectivo a la justicia, la verdad y la reparaci\u00f3n de las v\u00edctimas de los delitos.\",\"publisher\":{\"@id\":\"https:\/\/www.fiscalia.gov.co\/colombia\/#organization\"},\"potentialAction\":[{\"@type\":\"SearchAction\",\"target\":{\"@type\":\"EntryPoint\",\"urlTemplate\":\"https:\/\/www.fiscalia.gov.co\/colombia\/?s={search_term_string}\"},\"query-input\":{\"@type\":\"PropertyValueSpecification\",\"valueRequired\":true,\"valueName\":\"search_term_string\"}}],\"inLanguage\":\"es-CO\"},{\"@type\":\"Organization\",\"@id\":\"https:\/\/www.fiscalia.gov.co\/colombia\/#organization\",\"name\":\"Fiscal\u00eda General de la Naci\u00f3n\",\"url\":\"https:\/\/www.fiscalia.gov.co\/colombia\/\",\"logo\":{\"@type\":\"ImageObject\",\"inLanguage\":\"es-CO\",\"@id\":\"https:\/\/www.fiscalia.gov.co\/colombia\/#\/schema\/logo\/image\/\",\"url\":\"https:\/\/www.fiscalia.gov.co\/colombia\/wp-content\/uploads\/LogoHorizontal_1.jpg\",\"contentUrl\":\"https:\/\/www.fiscalia.gov.co\/colombia\/wp-content\/uploads\/LogoHorizontal_1.jpg\",\"width\":300,\"height\":90,\"caption\":\"Fiscal\u00eda General de la Naci\u00f3n\"},\"image\":{\"@id\":\"https:\/\/www.fiscalia.gov.co\/colombia\/#\/schema\/logo\/image\/\"},\"sameAs\":[\"https:\/\/www.facebook.com\/FiscaliaCol\",\"https:\/\/x.com\/FiscaliaCol\",\"https:\/\/www.instagram.com\/fiscaliacol\",\"https:\/\/www.linkedin.com\/company\/fiscalia-general-de-la-naci-n\/\",\"https:\/\/youtube.com\/@fiscaliageneraldelanacion-4668?si=6nN79nyQICPU5iTh\"]},{\"@type\":\"Person\",\"@id\":\"https:\/\/www.fiscalia.gov.co\/colombia\/#\/schema\/person\/bf28d8ae7f1b287bbe3af484b04f43ea\",\"name\":\"Direcci\u00f3n de Comunicaciones Fiscal\u00eda General de la Naci\u00f3n\",\"image\":{\"@type\":\"ImageObject\",\"inLanguage\":\"es-CO\",\"@id\":\"https:\/\/www.fiscalia.gov.co\/colombia\/#\/schema\/person\/image\/\",\"url\":\"https:\/\/secure.gravatar.com\/avatar\/9d55ae161d32da16dbdd0b380c080a5f?s=96&d=mm&r=g\",\"contentUrl\":\"https:\/\/secure.gravatar.com\/avatar\/9d55ae161d32da16dbdd0b380c080a5f?s=96&d=mm&r=g\",\"caption\":\"Direcci\u00f3n de Comunicaciones Fiscal\u00eda General de la Naci\u00f3n\"},\"url\":\"https:\/\/www.fiscalia.gov.co\/colombia\/author\/kbonilla\/\"}]}<\/script>\n<!-- \/ Yoast SEO plugin. -->","yoast_head_json":{"title":"Fiscal\u00eda General de la Naci\u00f3n","description":"P\u00e1gina oficial de la Fiscal\u00eda General de la Naci\u00f3n \u2013 Colombia. Garantizamos el acceso efectivo a la justicia, la verdad y la reparaci\u00f3n de las v\u00edctimas de los delitos.","robots":{"index":"noindex","follow":"follow"},"og_locale":"es_ES","og_type":"article","og_title":"Fiscal\u00eda General de la Naci\u00f3n","og_description":"P\u00e1gina oficial de la Fiscal\u00eda General de la Naci\u00f3n \u2013 Colombia. Garantizamos el acceso efectivo a la justicia, la verdad y la reparaci\u00f3n de las v\u00edctimas de los delitos.","og_url":"https:\/\/www.fiscalia.gov.co\/colombia\/trafico-de-estupefacientes\/ofensiva-contra-las-redes-criminales-dedicadas-al-trafico-de-drogas-con-correos-humanos\/","og_site_name":"Fiscal\u00eda General de la Naci\u00f3n","article_publisher":"https:\/\/www.facebook.com\/FiscaliaCol","article_published_time":"2018-06-08T15:18:29+00:00","author":"Direcci\u00f3n de Comunicaciones Fiscal\u00eda General de la Naci\u00f3n","twitter_card":"summary_large_image","twitter_creator":"@FiscaliaCol","twitter_site":"@FiscaliaCol","twitter_misc":{"Escrito por":"Direcci\u00f3n de Comunicaciones Fiscal\u00eda General de la Naci\u00f3n","Tiempo de lectura":"5 minutos"},"schema":{"@context":"https:\/\/schema.org","@graph":[{"@type":"Article","@id":"https:\/\/www.fiscalia.gov.co\/colombia\/trafico-de-estupefacientes\/ofensiva-contra-las-redes-criminales-dedicadas-al-trafico-de-drogas-con-correos-humanos\/#article","isPartOf":{"@id":"https:\/\/www.fiscalia.gov.co\/colombia\/trafico-de-estupefacientes\/ofensiva-contra-las-redes-criminales-dedicadas-al-trafico-de-drogas-con-correos-humanos\/"},"author":{"name":"Direcci\u00f3n de Comunicaciones Fiscal\u00eda General de la Naci\u00f3n","@id":"https:\/\/www.fiscalia.gov.co\/colombia\/#\/schema\/person\/bf28d8ae7f1b287bbe3af484b04f43ea"},"headline":"Ofensiva contra las redes criminales dedicadas al tr\u00e1fico de drogas con correos humanos","datePublished":"2018-06-08T15:18:29+00:00","dateModified":"2018-06-08T15:18:29+00:00","mainEntityOfPage":{"@id":"https:\/\/www.fiscalia.gov.co\/colombia\/trafico-de-estupefacientes\/ofensiva-contra-las-redes-criminales-dedicadas-al-trafico-de-drogas-con-correos-humanos\/"},"wordCount":991,"publisher":{"@id":"https:\/\/www.fiscalia.gov.co\/colombia\/#organization"},"articleSection":["Narcotr\u00e1fico","Tr\u00e1fico de estupefacientes"],"inLanguage":"es-CO"},{"@type":"WebPage","@id":"https:\/\/www.fiscalia.gov.co\/colombia\/trafico-de-estupefacientes\/ofensiva-contra-las-redes-criminales-dedicadas-al-trafico-de-drogas-con-correos-humanos\/","url":"https:\/\/www.fiscalia.gov.co\/colombia\/trafico-de-estupefacientes\/ofensiva-contra-las-redes-criminales-dedicadas-al-trafico-de-drogas-con-correos-humanos\/","name":"Fiscal\u00eda General de la Naci\u00f3n","isPartOf":{"@id":"https:\/\/www.fiscalia.gov.co\/colombia\/#website"},"datePublished":"2018-06-08T15:18:29+00:00","dateModified":"2018-06-08T15:18:29+00:00","description":"P\u00e1gina oficial de la Fiscal\u00eda General de la Naci\u00f3n \u2013 Colombia. Garantizamos el acceso efectivo a la justicia, la verdad y la reparaci\u00f3n de las v\u00edctimas de los delitos.","breadcrumb":{"@id":"https:\/\/www.fiscalia.gov.co\/colombia\/trafico-de-estupefacientes\/ofensiva-contra-las-redes-criminales-dedicadas-al-trafico-de-drogas-con-correos-humanos\/#breadcrumb"},"inLanguage":"es-CO","potentialAction":[{"@type":"ReadAction","target":["https:\/\/www.fiscalia.gov.co\/colombia\/trafico-de-estupefacientes\/ofensiva-contra-las-redes-criminales-dedicadas-al-trafico-de-drogas-con-correos-humanos\/"]}]},{"@type":"BreadcrumbList","@id":"https:\/\/www.fiscalia.gov.co\/colombia\/trafico-de-estupefacientes\/ofensiva-contra-las-redes-criminales-dedicadas-al-trafico-de-drogas-con-correos-humanos\/#breadcrumb","itemListElement":[{"@type":"ListItem","position":1,"name":"Home","item":"https:\/\/www.fiscalia.gov.co\/colombia\/"},{"@type":"ListItem","position":2,"name":"Ofensiva contra las redes criminales dedicadas al tr\u00e1fico de drogas con correos humanos"}]},{"@type":"WebSite","@id":"https:\/\/www.fiscalia.gov.co\/colombia\/#website","url":"https:\/\/www.fiscalia.gov.co\/colombia\/","name":"Fiscal\u00eda General de la Naci\u00f3n","description":"P\u00e1gina oficial de la Fiscal\u00eda General de la Naci\u00f3n \u2013 Colombia. Garantizamos el acceso efectivo a la justicia, la verdad y la reparaci\u00f3n de las v\u00edctimas de los delitos.","publisher":{"@id":"https:\/\/www.fiscalia.gov.co\/colombia\/#organization"},"potentialAction":[{"@type":"SearchAction","target":{"@type":"EntryPoint","urlTemplate":"https:\/\/www.fiscalia.gov.co\/colombia\/?s={search_term_string}"},"query-input":{"@type":"PropertyValueSpecification","valueRequired":true,"valueName":"search_term_string"}}],"inLanguage":"es-CO"},{"@type":"Organization","@id":"https:\/\/www.fiscalia.gov.co\/colombia\/#organization","name":"Fiscal\u00eda General de la Naci\u00f3n","url":"https:\/\/www.fiscalia.gov.co\/colombia\/","logo":{"@type":"ImageObject","inLanguage":"es-CO","@id":"https:\/\/www.fiscalia.gov.co\/colombia\/#\/schema\/logo\/image\/","url":"https:\/\/www.fiscalia.gov.co\/colombia\/wp-content\/uploads\/LogoHorizontal_1.jpg","contentUrl":"https:\/\/www.fiscalia.gov.co\/colombia\/wp-content\/uploads\/LogoHorizontal_1.jpg","width":300,"height":90,"caption":"Fiscal\u00eda General de la Naci\u00f3n"},"image":{"@id":"https:\/\/www.fiscalia.gov.co\/colombia\/#\/schema\/logo\/image\/"},"sameAs":["https:\/\/www.facebook.com\/FiscaliaCol","https:\/\/x.com\/FiscaliaCol","https:\/\/www.instagram.com\/fiscaliacol","https:\/\/www.linkedin.com\/company\/fiscalia-general-de-la-naci-n\/","https:\/\/youtube.com\/@fiscaliageneraldelanacion-4668?si=6nN79nyQICPU5iTh"]},{"@type":"Person","@id":"https:\/\/www.fiscalia.gov.co\/colombia\/#\/schema\/person\/bf28d8ae7f1b287bbe3af484b04f43ea","name":"Direcci\u00f3n de Comunicaciones Fiscal\u00eda General de la Naci\u00f3n","image":{"@type":"ImageObject","inLanguage":"es-CO","@id":"https:\/\/www.fiscalia.gov.co\/colombia\/#\/schema\/person\/image\/","url":"https:\/\/secure.gravatar.com\/avatar\/9d55ae161d32da16dbdd0b380c080a5f?s=96&d=mm&r=g","contentUrl":"https:\/\/secure.gravatar.com\/avatar\/9d55ae161d32da16dbdd0b380c080a5f?s=96&d=mm&r=g","caption":"Direcci\u00f3n de Comunicaciones Fiscal\u00eda General de la Naci\u00f3n"},"url":"https:\/\/www.fiscalia.gov.co\/colombia\/author\/kbonilla\/"}]}},"_links":{"self":[{"href":"https:\/\/www.fiscalia.gov.co\/colombia\/wp-json\/wp\/v2\/posts\/164359","targetHints":{"allow":["GET"]}}],"collection":[{"href":"https:\/\/www.fiscalia.gov.co\/colombia\/wp-json\/wp\/v2\/posts"}],"about":[{"href":"https:\/\/www.fiscalia.gov.co\/colombia\/wp-json\/wp\/v2\/types\/post"}],"author":[{"embeddable":true,"href":"https:\/\/www.fiscalia.gov.co\/colombia\/wp-json\/wp\/v2\/users\/162"}],"replies":[{"embeddable":true,"href":"https:\/\/www.fiscalia.gov.co\/colombia\/wp-json\/wp\/v2\/comments?post=164359"}],"version-history":[{"count":1,"href":"https:\/\/www.fiscalia.gov.co\/colombia\/wp-json\/wp\/v2\/posts\/164359\/revisions"}],"predecessor-version":[{"id":164360,"href":"https:\/\/www.fiscalia.gov.co\/colombia\/wp-json\/wp\/v2\/posts\/164359\/revisions\/164360"}],"wp:attachment":[{"href":"https:\/\/www.fiscalia.gov.co\/colombia\/wp-json\/wp\/v2\/media?parent=164359"}],"wp:term":[{"taxonomy":"category","embeddable":true,"href":"https:\/\/www.fiscalia.gov.co\/colombia\/wp-json\/wp\/v2\/categories?post=164359"},{"taxonomy":"post_tag","embeddable":true,"href":"https:\/\/www.fiscalia.gov.co\/colombia\/wp-json\/wp\/v2\/tags?post=164359"}],"curies":[{"name":"wp","href":"https:\/\/api.w.org\/{rel}","templated":true}]}}