{"id":163971,"date":"2018-05-30T10:32:28","date_gmt":"2018-05-30T15:32:28","guid":{"rendered":"https:\/\/www.fiscalia.gov.co\/colombia\/?p=163971"},"modified":"2018-05-31T15:20:23","modified_gmt":"2018-05-31T20:20:23","slug":"fiscalia-entrega-primeros-informes-sobre-investigaciones-por-conductas-cometidas-por-las-farc-ep-y-agentes-del-estado-con-ocasion-del-conflicto","status":"publish","type":"post","link":"https:\/\/www.fiscalia.gov.co\/colombia\/fiscal-general-de-la-nacion\/fiscalia-entrega-primeros-informes-sobre-investigaciones-por-conductas-cometidas-por-las-farc-ep-y-agentes-del-estado-con-ocasion-del-conflicto\/","title":{"rendered":"Fiscal\u00eda entrega primeros informes sobre investigaciones por conductas cometidas por  las FARC &#8211; EP y agentes del Estado con ocasi\u00f3n del conflicto"},"content":{"rendered":"<p><em><u>Los primeros informes entregados a la Jurisdicci\u00f3n Especial de Paz (JEP) son: 1) Inventario de casos relacionados con el conflicto armado, 2) \u201cRetenci\u00f3n\u201d ilegal por parte de las FARC-EP, y 3) Victimizaci\u00f3n a miembros de la Uni\u00f3n Patri\u00f3tica (UP) por parte de agentes del Estado. <\/u><\/em><\/p>\n<p>Colombia enfrent\u00f3 un conflicto armado de m\u00e1s de medio siglo de duraci\u00f3n. Hace un a\u00f1o el Gobierno Nacional y la extinta guerrilla de la FARC-EP acordaron poner fin de manera definitiva a la confrontaci\u00f3n armada, que dej\u00f3 millones de v\u00edctimas de graves violaciones a los derechos humanos e infracciones al derecho internacional humanitario.<\/p>\n<p>Con el prop\u00f3sito de poner fin de una vez y para siempre a los ciclos hist\u00f3ricos de violencia y sentar las bases de la paz sin impunidad, el Fiscal General, N\u00e9stor Humberto Mart\u00ednez, y la Vicefiscal Mar\u00eda Paulina Riveros, entregaron a la Jurisdicci\u00f3n Especial para la Paz (JEP), los informes correspondientes a las investigaciones en curso, por conductas cometidas con ocasi\u00f3n del conflicto armado, incluidas las que ya hayan llegado a juicio.<\/p>\n<p>Los informes presentados a la presidente de la Jurisdicci\u00f3n Especial para la Paz, Patricia Linares Prieto, y a la presidente de la Sala de Reconocimiento de Verdad, de Responsabilidad y de Determinaci\u00f3n de los Hechos y Conductas de la JEP, Julieta Lemaitre Ripoll, corresponden a investigaciones que se adelantaron contra exintegrantes de las Farc y agentes del Estado.<\/p>\n<ul>\n<li><strong>Alcance de los informes:<\/strong><\/li>\n<\/ul>\n<p>La Fiscal\u00eda General de la Naci\u00f3n le presenta a la JEP una caracterizaci\u00f3n de los delitos cometidos en el conflicto armado, teniendo en cuenta que el acuerdo final exige que los informes cumplan los siguientes par\u00e1metros:<\/p>\n<ol>\n<li>Ausencia de calificaci\u00f3n de los hechos descritos.<\/li>\n<li>Limitaciones en la descripci\u00f3n de los fen\u00f3menos delictivos.<\/li>\n<li>Falta de individualizaci\u00f3n de responsabilidades.<\/li>\n<li>Argumentaci\u00f3n sobre la relaci\u00f3n de hechos individuales con el conflicto.<\/li>\n<\/ol>\n<ul>\n<li><strong>Detalle de los informes :<\/strong><\/li>\n<\/ul>\n<p>A continuaci\u00f3n se presentan los informes entregados a la JEP:<\/p>\n<ul>\n<li><strong>Inventario de casos relacionados con el conflicto armado<\/strong><\/li>\n<\/ul>\n<p>El primero de los informes se centra en el universo de casos que tiene la Fiscal\u00eda registrados en: la Jurisdicci\u00f3n Penal Ordinaria (sistemas de informaci\u00f3n SIJUF y SPOA); el r\u00e9gimen especial de Justicia y Paz (sistema SIJYP); los procesos de Extinci\u00f3n de Dominio (base de datos SAGITARIO), tomando como fecha de corte abril de 2018.<\/p>\n<p>Los registros de los investigadores dan cuenta de 223.282 casos identificados (100%), que corresponden, a su vez, a 280.471 indiciados y 196.768 v\u00edctimas de graves violaciones a los derechos humanos.<\/p>\n<p>De estos hechos, 52.220 corresponden a la extinta guerrilla de las Farc (23,4%) que representan casi cuatro veces la cantidad de casos identificados para la Fuerza P\u00fablica, que llegan a 13.934 casos (6,2%). Luego se encuentran 10.164 investigaciones al Ej\u00e9rcito de Liberaci\u00f3n Nacional (ELN), 55.768 de las desmovilizadas Autodefensas de Colombia (AUC); 3.324 de otras guerrillas; 13.934 de agentes del Estado combatientes y 87.872 sin grupo identificado.<\/p>\n<table width=\"73%\">\n<tbody>\n<tr>\n<td colspan=\"4\" width=\"100%\"><strong>Jurisdicci\u00f3n ordinaria (Ley 600 y Ley 906)<\/strong><\/p>\n<p><strong>-Inventario total-<\/strong><\/td>\n<\/tr>\n<tr>\n<td width=\"32%\"><strong>Clasificaci\u00f3n<\/strong><\/td>\n<td width=\"26%\"><strong>Casos<\/strong><\/td>\n<td width=\"19%\"><strong>V\u00edctimas<\/strong><\/td>\n<td width=\"21%\"><strong>Indiciados<\/strong><\/td>\n<\/tr>\n<tr>\n<td width=\"32%\">Farc-EP<\/td>\n<td width=\"26%\">52.220 (23,4%)<\/td>\n<td width=\"19%\">56.430<\/td>\n<td width=\"21%\">64.680<\/td>\n<\/tr>\n<tr>\n<td width=\"32%\">ELN<\/td>\n<td width=\"26%\">10.164 (4,6%)<\/td>\n<td width=\"19%\">10.365<\/td>\n<td width=\"21%\">10.143<\/td>\n<\/tr>\n<tr>\n<td width=\"32%\">Autodefensas<\/td>\n<td width=\"26%\">55.768 (25%)<\/td>\n<td width=\"19%\">47.773<\/td>\n<td width=\"21%\">65.976<\/td>\n<\/tr>\n<tr>\n<td width=\"32%\">Otras guerrillas<\/td>\n<td width=\"26%\">3.324 (1,5%)<\/td>\n<td width=\"19%\">4.520<\/td>\n<td width=\"21%\">805<\/td>\n<\/tr>\n<tr>\n<td width=\"32%\">Fuerza P\u00fablica (<em>seg\u00fan delitos seleccionados<\/em>)<\/td>\n<td width=\"26%\">13.934 (6,2%)<\/td>\n<td width=\"19%\">15.480<\/td>\n<td width=\"21%\">27.987<\/td>\n<\/tr>\n<tr>\n<td width=\"32%\">Sin grupo identificado<\/td>\n<td width=\"26%\">87.872 (39,4%)<\/td>\n<td width=\"19%\">62.200<\/td>\n<td width=\"21%\">110.880<\/td>\n<\/tr>\n<tr>\n<td width=\"32%\"><strong>Total<\/strong><\/td>\n<td width=\"26%\"><strong>223.282 (100%)<\/strong><\/td>\n<td width=\"19%\"><strong>196.768<\/strong><\/td>\n<td width=\"21%\"><strong>280.471<\/strong><\/td>\n<\/tr>\n<\/tbody>\n<\/table>\n<p>&nbsp;<\/p>\n<p>Cabe destacar que inventario del conflicto armado se renovar\u00e1 cada dos meses, en la medida que los sistemas de informaci\u00f3n sean actualizados por los fiscales y responsables de archivo.<\/p>\n<ul>\n<li><strong>\u201cRetenci\u00f3n\u201d ilegal por parte de las Farc &#8211; EP<\/strong><\/li>\n<\/ul>\n<p><em>\u201cEste informe retrata una de las violaciones de derechos fundamentales m\u00e1s cruel e inhumana que tuvo lugar en el marco del conflicto armado de nuestro pa\u00eds. La retenci\u00f3n ilegal y extorsiva de personas fue recurrente a trav\u00e9s de los a\u00f1os, y sigui\u00f3 unos lineamientos expl\u00edcitos de las Farc-EP para financiar su expansi\u00f3n militar y potenciar su capacidad de negociaci\u00f3n pol\u00edtica. Fue un crimen que afect\u00f3 de manera indistinta a hombres y mujeres inermes, ricos y pobres, campesinos e industriales, j\u00f3venes y viejos, poderosos y d\u00e9biles. El informe tambi\u00e9n plasma los tratos inhumanos a las v\u00edctimas, cuyo derecho a la libertad se les lleg\u00f3 a conculcar \u2014en algunos casos\u2014 por varios lustros. La documentaci\u00f3n de este crimen habr\u00e1 de contribuir a hacer justicia y, por supuesto, a recrear en la memoria colectiva de la Naci\u00f3n hasta qu\u00e9 punto la privaci\u00f3n il\u00edcita y extorsiva de la libertad se convirti\u00f3 en uno de los peores s\u00edmbolos de la degradaci\u00f3n del conflicto, y de la crueldad y deshumanizaci\u00f3n de la guerra en general\u201d.<\/em><\/p>\n<p style=\"text-align: right;\"><strong>N\u00e9stor Humberto Mart\u00ednez<br \/>\n<\/strong>Fiscal General de la Naci\u00f3n<\/p>\n<p>La \u201cretenci\u00f3n\u201d ilegal de personas fue un delito transversal a la historia de medio siglo de las desmovilizadas Fuerzas Armadas Revolucionarias de Colombia (Farc-EP). Este grupo estableci\u00f3 lineamientos expresos sobre su comisi\u00f3n y reivindic\u00f3 su acci\u00f3n como un mecanismo de financiaci\u00f3n, presi\u00f3n pol\u00edtica y de control social.<\/p>\n<p>Las Farc realizaron ocho conferencias a lo largo de su historia, en las que se defini\u00f3 el discurso pol\u00edtico del grupo guerrillero, as\u00ed como su estrategia militar. En lo que concierne al tema de \u201cretenci\u00f3n\u201d ilegal, la conferencia m\u00e1s relevante fue la VII (1982), en la que se consolid\u00f3 el discurso en torno a esta pr\u00e1ctica y a los beneficios de la misma en t\u00e9rminos de su expansi\u00f3n y consolidaci\u00f3n.<\/p>\n<p><strong>Las investigaciones<\/strong><\/p>\n<p>La Fiscal\u00eda General de la Naci\u00f3n (FGN) cuenta con 6.162 investigaciones atribuibles a las Farc &#8211; EP&nbsp; por estos hechos, que agrupan 8.163 v\u00edctimas y 4.314 procesados. Con respecto al sexo de las v\u00edctimas, 1.817 (22%) fueron mujeres y 5.933 (73%) hombres.<\/p>\n<p>De otra parte, los diez (10) departamentos que concentran el 75% de investigaciones por \u201cretenci\u00f3n\u201d de personas son: Antioquia, Meta, Bol\u00edvar, C\u00f3rdoba, Cesar, Cundinamarca, Caquet\u00e1, Tolima, Norte de Santander y Choc\u00f3. El departamento m\u00e1s afectado fue Antioquia, con un 30% de las investigaciones.<\/p>\n<table>\n<tbody>\n<tr>\n<td width=\"175\"><strong>Departamento<\/strong><\/td>\n<td width=\"134\"><strong>N\u00b0 Investigaciones<\/strong><\/td>\n<td width=\"155\"><strong>Porcentaje (%)<\/strong><\/td>\n<\/tr>\n<tr>\n<td width=\"175\"><strong>Antioquia<\/strong><\/td>\n<td width=\"134\">1.904<\/td>\n<td width=\"155\">30.90%<\/td>\n<\/tr>\n<tr>\n<td width=\"175\"><strong>Meta<\/strong><\/td>\n<td width=\"134\">765<\/td>\n<td width=\"155\">12.41%<\/td>\n<\/tr>\n<tr>\n<td width=\"175\"><strong>Bol\u00edvar<\/strong><\/td>\n<td width=\"134\">332<\/td>\n<td width=\"155\">5.39%<\/td>\n<\/tr>\n<tr>\n<td width=\"175\"><strong>C\u00f3rdoba<\/strong><\/td>\n<td width=\"134\">307<\/td>\n<td width=\"155\">4.98%<\/td>\n<\/tr>\n<tr>\n<td width=\"175\"><strong>Cesar<\/strong><\/td>\n<td width=\"134\">292<\/td>\n<td width=\"155\">4.74%<\/td>\n<\/tr>\n<tr>\n<td width=\"175\"><strong>Cundinamarca<\/strong><\/td>\n<td width=\"134\">251<\/td>\n<td width=\"155\">4.07%<\/td>\n<\/tr>\n<tr>\n<td width=\"175\"><strong>Caquet\u00e1<\/strong><\/td>\n<td width=\"134\">232<\/td>\n<td width=\"155\">3.77%<\/td>\n<\/tr>\n<tr>\n<td width=\"175\"><strong>Tolima<\/strong><\/td>\n<td width=\"134\">221<\/td>\n<td width=\"155\">3.59%<\/td>\n<\/tr>\n<tr>\n<td width=\"175\"><strong>Norte de Santander<\/strong><\/td>\n<td width=\"134\">174<\/td>\n<td width=\"155\">2.82%<\/td>\n<\/tr>\n<tr>\n<td width=\"175\"><strong>Choc\u00f3<\/strong><\/td>\n<td width=\"134\">156<\/td>\n<td width=\"155\">2.53%<\/td>\n<\/tr>\n<\/tbody>\n<\/table>\n<p>&nbsp;<\/p>\n<p>La informaci\u00f3n consolidada que posee la Fiscal\u00eda General de la Naci\u00f3n frente a las v\u00edctimas, concluye que el grupo m\u00e1s afectado fue la poblaci\u00f3n campesina con el 24.87%; seguido de medianos empresarios, 18.34 %; comerciantes, 13,80%; aspirantes y funcionarios de cargos p\u00fablicos, 12,43%, Fuerza P\u00fablica, 8,43%.<\/p>\n<table width=\"0\">\n<tbody>\n<tr>\n<td width=\"268\"><strong>Actividad econ\u00f3mica de las v\u00edctimas<\/strong><\/td>\n<td width=\"118\"><strong>No. Investigaciones<\/strong><\/td>\n<td width=\"88\"><strong>Porcentaje<\/strong><\/td>\n<\/tr>\n<tr>\n<td width=\"268\"><strong>Campesino<\/strong><\/td>\n<td width=\"118\">236<\/td>\n<td width=\"88\">24.87%<\/td>\n<\/tr>\n<tr>\n<td width=\"268\"><strong>Grandes y Medianos Propietarios del Sector Rural<\/strong><\/td>\n<td width=\"118\">174<\/td>\n<td width=\"88\">18.34%<\/td>\n<\/tr>\n<tr>\n<td width=\"268\"><strong>Comerciante<\/strong><\/td>\n<td width=\"118\">131<\/td>\n<td width=\"88\">13.80%<\/td>\n<\/tr>\n<tr>\n<td width=\"268\"><strong>Aspirantes&nbsp; y funcionarios de cargos p\u00fablicos<\/strong><\/td>\n<td width=\"118\">118<\/td>\n<td width=\"88\">12.43%<\/td>\n<\/tr>\n<tr>\n<td width=\"268\"><strong>Otros<\/strong><\/td>\n<td width=\"118\">83<\/td>\n<td width=\"88\">8.75%<\/td>\n<\/tr>\n<tr>\n<td width=\"268\"><strong>Fuerza P\u00fablica<\/strong><\/td>\n<td width=\"118\">80<\/td>\n<td width=\"88\">8.43%<\/td>\n<\/tr>\n<tr>\n<td width=\"268\"><strong>Trabajador empresa nacional o multinacional<\/strong><\/td>\n<td width=\"118\">66<\/td>\n<td width=\"88\">6.95%<\/td>\n<\/tr>\n<tr>\n<td width=\"268\"><strong>Profesional<\/strong><\/td>\n<td width=\"118\">56<\/td>\n<td width=\"88\">5.90%<\/td>\n<\/tr>\n<tr>\n<td width=\"268\"><strong>Miembro de organizaci\u00f3n social o comunal<\/strong><\/td>\n<td width=\"118\">5<\/td>\n<td width=\"88\">0.53%<\/td>\n<\/tr>\n<\/tbody>\n<\/table>\n<p>&nbsp;<\/p>\n<p>La magnitud econ\u00f3mica que pudo haber representado este fen\u00f3meno criminal para las finanzas del grupo guerrillero no se ha cuantificado en su totalidad. De hecho, muchos de los procesos penales no suelen reportar esta informaci\u00f3n, y ni siquiera se sabe si los familiares realizaron alg\u00fan pago. Sin embargo, de acuerdo con una estimaci\u00f3n oficial, durante el periodo 1996-2012 las Farc &#8211; EP habr\u00edan recaudado un total de $3\u2019625.608\u2019297.250 (Tres billones seiscientos veinticinco mil seiscientos ocho millones, doscientos noventa y siete mil doscientos cincuenta pesos colombianos).<\/p>\n<p>Respecto a la judicializaci\u00f3n la Fiscal\u00eda estableci\u00f3 275 sentencias condenatorias proferidas contra 614 personas, incluyendo miembros del Estado Mayor Central (EMC) y del Secretariado.<\/p>\n<ul>\n<li><strong>Victimizaci\u00f3n a miembros de la Uni\u00f3n Patri\u00f3tica (UP) por parte de agentes del Estado<\/strong><\/li>\n<\/ul>\n<p><em>\u201cEste informe da cuenta de un vergonzoso episodio en la vida democr\u00e1tica de Colombia, caracterizado por una alianza entre grupos de autodefensa y agentes del Estado que le cerr\u00f3 el paso en la vida pol\u00edtica nacional a sectores emergentes de la izquierda democr\u00e1tica a finales del siglo pasado y frustr\u00f3 la consolidaci\u00f3n, entre nosotros, del principio de representaci\u00f3n en las corporaciones de origen popular y cuya judicializaci\u00f3n \u2014debe reconocerse\u2014 no ha alcanzado la importancia y significaci\u00f3n que demandaban los oprobiosos cr\u00edmenes cometidos al amparo de la Doctrina de la Seguridad Nacional. Este informe debe contribuir a conocer la verdad; a superar las bajas tasas de condena obtenidas hasta la fecha y a recuperar en la conciencia colectiva de la Naci\u00f3n la necesidad de fortalecer el pluralismo democr\u00e1tico e impedir que estas expresiones de desprecio por el pluralismo, de violencia e intolerancia pol\u00edtica, se repitan en la historia de Colombia\u201d.<\/em><\/p>\n<p style=\"text-align: right;\"><strong>N\u00e9stor Humberto Mart\u00ednez<br \/>\n<\/strong>Fiscal General de la Naci\u00f3n<\/p>\n<p>La Fiscal\u00eda orden\u00f3 una serie de acciones judiciales para esclarecer la violencia que se present\u00f3 en contra de miembros de la Uni\u00f3n Patri\u00f3tica durante los a\u00f1os de 1984 y 2016, en el que se vivi\u00f3 la estigmatizaci\u00f3n por parte de agentes del Estado \u2014miembros de la Fuerzas Armadas, Polic\u00eda y del Departamento Administrativo de Seguridad (DAS)\u2014, hacia los partidos pol\u00edticos de izquierda, los movimientos comunitarios y sectores de la sociedad que fueron percibidos como extensiones de los grupos subversivos.<\/p>\n<p>En dicho contexto, se tienen documentados 863 procesos en los que se identific\u00f3 alguna relaci\u00f3n entre los hechos delictivos y la militancia en la UP. Estos procesos registran 1.620 v\u00edctimas por las cuales hay 277 agentes del Estado vinculados como presuntos responsables.<\/p>\n<p>Los registros muestran que el fen\u00f3meno se dio en, por lo menos, 27 departamentos y que la mayor\u00eda (59.9%) de los casos se concentraron en tres departamentos: Antioquia, Meta y Santander. Pero tambi\u00e9n se cuenta con registros de victimizaci\u00f3n en: Bol\u00edvar, Cesar, Choc\u00f3 y Tolima. En el caso concreto de Bogot\u00e1, se identific\u00f3 que los hechos se concentraron en contra de los dirigentes pol\u00edticos nacionales, hasta candidatos a la Presidencia de la Rep\u00fablica (5.2%).<\/p>\n<p>Como resultado de la investigaci\u00f3n de la UP, se ubicaron y registraron 246 sentencias a nivel nacional. De este total, 211 (85%) son condenas que vinculan la responsabilidad de 374 personas, 68 de los cuales participaron en calidad de autores, 276 como coautores, cinco como c\u00f3mplices y 25 con otro tipo de participaci\u00f3n. Finalmente, en relaci\u00f3n a los agentes del Estado, en estas sentencias se incluyen a dos agentes del DAS, 18 miembros del Ej\u00e9rcito y 10 de la Polic\u00eda Nacional.<\/p>\n<p><strong>Conclusiones<\/strong><\/p>\n<p>Al realizar la entrega de estos informes se contribuye al conocimiento de las causas hist\u00f3ricas del conflicto armado y se aportan elementos judiciales de alta importancia que permitir\u00e1n establecer los niveles de participaci\u00f3n de los se\u00f1alados responsables y atender el clamor de las v\u00edctimas que reclaman sanci\u00f3n frente a las graves violaciones a los derechos humanos y las infracciones al derecho internacional humanitario.<\/p>\n<p>&nbsp;<\/p>\n\n<div class=\"twitter-share\"><a href=\"https:\/\/twitter.com\/intent\/tweet?via=fiscaliacol\" class=\"twitter-share-button\">Tweet<\/a><\/div>\n","protected":false},"excerpt":{"rendered":"<p>Los primeros informes entregados a la Jurisdicci\u00f3n Especial de Paz (JEP) son: 1) Inventario de casos relacionados con el conflicto armado, 2) \u201cRetenci\u00f3n\u201d ilegal por parte de las FARC-EP, y 3) Victimizaci\u00f3n a miembros de la Uni\u00f3n Patri\u00f3tica (UP) por parte de agentes del Estado. Colombia enfrent\u00f3 un conflicto armado de m\u00e1s de medio siglo [&hellip;]<\/p>\n","protected":false},"author":162,"featured_media":0,"comment_status":"closed","ping_status":"open","sticky":false,"template":"","format":"standard","meta":{"tdm_status":"","tdm_grid_status":"","footnotes":""},"categories":[24096,24101,24100],"tags":[],"class_list":{"0":"post-163971","1":"post","2":"type-post","3":"status-publish","4":"format-standard","6":"category-fiscal-general-de-la-nacion","7":"category-justicia-transicional","8":"category-paz"},"yoast_head":"<!-- This site is optimized with the Yoast SEO plugin v24.3 - https:\/\/yoast.com\/wordpress\/plugins\/seo\/ -->\n<title>Fiscal\u00eda General de la Naci\u00f3n<\/title>\n<meta name=\"description\" content=\"P\u00e1gina oficial de la Fiscal\u00eda General de la Naci\u00f3n \u2013 Colombia. Garantizamos el acceso efectivo a la justicia, la verdad y la reparaci\u00f3n de las v\u00edctimas de los delitos.\" \/>\n<meta name=\"robots\" content=\"noindex, follow\" \/>\n<meta property=\"og:locale\" content=\"es_ES\" \/>\n<meta property=\"og:type\" content=\"article\" \/>\n<meta property=\"og:title\" content=\"Fiscal\u00eda General de la Naci\u00f3n\" \/>\n<meta property=\"og:description\" content=\"P\u00e1gina oficial de la Fiscal\u00eda General de la Naci\u00f3n \u2013 Colombia. Garantizamos el acceso efectivo a la justicia, la verdad y la reparaci\u00f3n de las v\u00edctimas de los delitos.\" \/>\n<meta property=\"og:url\" content=\"https:\/\/www.fiscalia.gov.co\/colombia\/fiscal-general-de-la-nacion\/fiscalia-entrega-primeros-informes-sobre-investigaciones-por-conductas-cometidas-por-las-farc-ep-y-agentes-del-estado-con-ocasion-del-conflicto\/\" \/>\n<meta property=\"og:site_name\" content=\"Fiscal\u00eda General de la Naci\u00f3n\" \/>\n<meta property=\"article:publisher\" content=\"https:\/\/www.facebook.com\/FiscaliaCol\" \/>\n<meta property=\"article:published_time\" content=\"2018-05-30T15:32:28+00:00\" \/>\n<meta property=\"article:modified_time\" content=\"2018-05-31T20:20:23+00:00\" \/>\n<meta name=\"author\" content=\"Direcci\u00f3n de Comunicaciones Fiscal\u00eda General de la Naci\u00f3n\" \/>\n<meta name=\"twitter:card\" content=\"summary_large_image\" \/>\n<meta name=\"twitter:creator\" content=\"@FiscaliaCol\" \/>\n<meta name=\"twitter:site\" content=\"@FiscaliaCol\" \/>\n<meta name=\"twitter:label1\" content=\"Escrito por\" \/>\n\t<meta name=\"twitter:data1\" content=\"Direcci\u00f3n de Comunicaciones Fiscal\u00eda General de la Naci\u00f3n\" \/>\n\t<meta name=\"twitter:label2\" content=\"Tiempo de lectura\" \/>\n\t<meta name=\"twitter:data2\" content=\"9 minutos\" \/>\n<script type=\"application\/ld+json\" class=\"yoast-schema-graph\">{\"@context\":\"https:\/\/schema.org\",\"@graph\":[{\"@type\":\"Article\",\"@id\":\"https:\/\/www.fiscalia.gov.co\/colombia\/fiscal-general-de-la-nacion\/fiscalia-entrega-primeros-informes-sobre-investigaciones-por-conductas-cometidas-por-las-farc-ep-y-agentes-del-estado-con-ocasion-del-conflicto\/#article\",\"isPartOf\":{\"@id\":\"https:\/\/www.fiscalia.gov.co\/colombia\/fiscal-general-de-la-nacion\/fiscalia-entrega-primeros-informes-sobre-investigaciones-por-conductas-cometidas-por-las-farc-ep-y-agentes-del-estado-con-ocasion-del-conflicto\/\"},\"author\":{\"name\":\"Direcci\u00f3n de Comunicaciones Fiscal\u00eda General de la Naci\u00f3n\",\"@id\":\"https:\/\/www.fiscalia.gov.co\/colombia\/#\/schema\/person\/bf28d8ae7f1b287bbe3af484b04f43ea\"},\"headline\":\"Fiscal\u00eda entrega primeros informes sobre investigaciones por conductas cometidas por las FARC &#8211; EP y agentes del Estado con ocasi\u00f3n del conflicto\",\"datePublished\":\"2018-05-30T15:32:28+00:00\",\"dateModified\":\"2018-05-31T20:20:23+00:00\",\"mainEntityOfPage\":{\"@id\":\"https:\/\/www.fiscalia.gov.co\/colombia\/fiscal-general-de-la-nacion\/fiscalia-entrega-primeros-informes-sobre-investigaciones-por-conductas-cometidas-por-las-farc-ep-y-agentes-del-estado-con-ocasion-del-conflicto\/\"},\"wordCount\":1770,\"publisher\":{\"@id\":\"https:\/\/www.fiscalia.gov.co\/colombia\/#organization\"},\"articleSection\":[\"Fiscal General de la Naci\u00f3n\",\"Justicia Transicional\",\"Paz\"],\"inLanguage\":\"es-CO\"},{\"@type\":\"WebPage\",\"@id\":\"https:\/\/www.fiscalia.gov.co\/colombia\/fiscal-general-de-la-nacion\/fiscalia-entrega-primeros-informes-sobre-investigaciones-por-conductas-cometidas-por-las-farc-ep-y-agentes-del-estado-con-ocasion-del-conflicto\/\",\"url\":\"https:\/\/www.fiscalia.gov.co\/colombia\/fiscal-general-de-la-nacion\/fiscalia-entrega-primeros-informes-sobre-investigaciones-por-conductas-cometidas-por-las-farc-ep-y-agentes-del-estado-con-ocasion-del-conflicto\/\",\"name\":\"Fiscal\u00eda General de la Naci\u00f3n\",\"isPartOf\":{\"@id\":\"https:\/\/www.fiscalia.gov.co\/colombia\/#website\"},\"datePublished\":\"2018-05-30T15:32:28+00:00\",\"dateModified\":\"2018-05-31T20:20:23+00:00\",\"description\":\"P\u00e1gina oficial de la Fiscal\u00eda General de la Naci\u00f3n \u2013 Colombia. Garantizamos el acceso efectivo a la justicia, la verdad y la reparaci\u00f3n de las v\u00edctimas de los delitos.\",\"breadcrumb\":{\"@id\":\"https:\/\/www.fiscalia.gov.co\/colombia\/fiscal-general-de-la-nacion\/fiscalia-entrega-primeros-informes-sobre-investigaciones-por-conductas-cometidas-por-las-farc-ep-y-agentes-del-estado-con-ocasion-del-conflicto\/#breadcrumb\"},\"inLanguage\":\"es-CO\",\"potentialAction\":[{\"@type\":\"ReadAction\",\"target\":[\"https:\/\/www.fiscalia.gov.co\/colombia\/fiscal-general-de-la-nacion\/fiscalia-entrega-primeros-informes-sobre-investigaciones-por-conductas-cometidas-por-las-farc-ep-y-agentes-del-estado-con-ocasion-del-conflicto\/\"]}]},{\"@type\":\"BreadcrumbList\",\"@id\":\"https:\/\/www.fiscalia.gov.co\/colombia\/fiscal-general-de-la-nacion\/fiscalia-entrega-primeros-informes-sobre-investigaciones-por-conductas-cometidas-por-las-farc-ep-y-agentes-del-estado-con-ocasion-del-conflicto\/#breadcrumb\",\"itemListElement\":[{\"@type\":\"ListItem\",\"position\":1,\"name\":\"Home\",\"item\":\"https:\/\/www.fiscalia.gov.co\/colombia\/\"},{\"@type\":\"ListItem\",\"position\":2,\"name\":\"Fiscal\u00eda entrega primeros informes sobre investigaciones por conductas cometidas por las FARC &#8211; EP y agentes del Estado con ocasi\u00f3n del conflicto\"}]},{\"@type\":\"WebSite\",\"@id\":\"https:\/\/www.fiscalia.gov.co\/colombia\/#website\",\"url\":\"https:\/\/www.fiscalia.gov.co\/colombia\/\",\"name\":\"Fiscal\u00eda General de la Naci\u00f3n\",\"description\":\"P\u00e1gina oficial de la Fiscal\u00eda General de la Naci\u00f3n \u2013 Colombia. Garantizamos el acceso efectivo a la justicia, la verdad y la reparaci\u00f3n de las v\u00edctimas de los delitos.\",\"publisher\":{\"@id\":\"https:\/\/www.fiscalia.gov.co\/colombia\/#organization\"},\"potentialAction\":[{\"@type\":\"SearchAction\",\"target\":{\"@type\":\"EntryPoint\",\"urlTemplate\":\"https:\/\/www.fiscalia.gov.co\/colombia\/?s={search_term_string}\"},\"query-input\":{\"@type\":\"PropertyValueSpecification\",\"valueRequired\":true,\"valueName\":\"search_term_string\"}}],\"inLanguage\":\"es-CO\"},{\"@type\":\"Organization\",\"@id\":\"https:\/\/www.fiscalia.gov.co\/colombia\/#organization\",\"name\":\"Fiscal\u00eda General de la Naci\u00f3n\",\"url\":\"https:\/\/www.fiscalia.gov.co\/colombia\/\",\"logo\":{\"@type\":\"ImageObject\",\"inLanguage\":\"es-CO\",\"@id\":\"https:\/\/www.fiscalia.gov.co\/colombia\/#\/schema\/logo\/image\/\",\"url\":\"https:\/\/www.fiscalia.gov.co\/colombia\/wp-content\/uploads\/LogoHorizontal_1.jpg\",\"contentUrl\":\"https:\/\/www.fiscalia.gov.co\/colombia\/wp-content\/uploads\/LogoHorizontal_1.jpg\",\"width\":300,\"height\":90,\"caption\":\"Fiscal\u00eda General de la Naci\u00f3n\"},\"image\":{\"@id\":\"https:\/\/www.fiscalia.gov.co\/colombia\/#\/schema\/logo\/image\/\"},\"sameAs\":[\"https:\/\/www.facebook.com\/FiscaliaCol\",\"https:\/\/x.com\/FiscaliaCol\",\"https:\/\/www.instagram.com\/fiscaliacol\",\"https:\/\/www.linkedin.com\/company\/fiscalia-general-de-la-naci-n\/\",\"https:\/\/youtube.com\/@fiscaliageneraldelanacion-4668?si=6nN79nyQICPU5iTh\"]},{\"@type\":\"Person\",\"@id\":\"https:\/\/www.fiscalia.gov.co\/colombia\/#\/schema\/person\/bf28d8ae7f1b287bbe3af484b04f43ea\",\"name\":\"Direcci\u00f3n de Comunicaciones Fiscal\u00eda General de la Naci\u00f3n\",\"image\":{\"@type\":\"ImageObject\",\"inLanguage\":\"es-CO\",\"@id\":\"https:\/\/www.fiscalia.gov.co\/colombia\/#\/schema\/person\/image\/\",\"url\":\"https:\/\/secure.gravatar.com\/avatar\/9d55ae161d32da16dbdd0b380c080a5f?s=96&d=mm&r=g\",\"contentUrl\":\"https:\/\/secure.gravatar.com\/avatar\/9d55ae161d32da16dbdd0b380c080a5f?s=96&d=mm&r=g\",\"caption\":\"Direcci\u00f3n de Comunicaciones Fiscal\u00eda General de la Naci\u00f3n\"},\"url\":\"https:\/\/www.fiscalia.gov.co\/colombia\/author\/kbonilla\/\"}]}<\/script>\n<!-- \/ Yoast SEO plugin. -->","yoast_head_json":{"title":"Fiscal\u00eda General de la Naci\u00f3n","description":"P\u00e1gina oficial de la Fiscal\u00eda General de la Naci\u00f3n \u2013 Colombia. Garantizamos el acceso efectivo a la justicia, la verdad y la reparaci\u00f3n de las v\u00edctimas de los delitos.","robots":{"index":"noindex","follow":"follow"},"og_locale":"es_ES","og_type":"article","og_title":"Fiscal\u00eda General de la Naci\u00f3n","og_description":"P\u00e1gina oficial de la Fiscal\u00eda General de la Naci\u00f3n \u2013 Colombia. Garantizamos el acceso efectivo a la justicia, la verdad y la reparaci\u00f3n de las v\u00edctimas de los delitos.","og_url":"https:\/\/www.fiscalia.gov.co\/colombia\/fiscal-general-de-la-nacion\/fiscalia-entrega-primeros-informes-sobre-investigaciones-por-conductas-cometidas-por-las-farc-ep-y-agentes-del-estado-con-ocasion-del-conflicto\/","og_site_name":"Fiscal\u00eda General de la Naci\u00f3n","article_publisher":"https:\/\/www.facebook.com\/FiscaliaCol","article_published_time":"2018-05-30T15:32:28+00:00","article_modified_time":"2018-05-31T20:20:23+00:00","author":"Direcci\u00f3n de Comunicaciones Fiscal\u00eda General de la Naci\u00f3n","twitter_card":"summary_large_image","twitter_creator":"@FiscaliaCol","twitter_site":"@FiscaliaCol","twitter_misc":{"Escrito por":"Direcci\u00f3n de Comunicaciones Fiscal\u00eda General de la Naci\u00f3n","Tiempo de lectura":"9 minutos"},"schema":{"@context":"https:\/\/schema.org","@graph":[{"@type":"Article","@id":"https:\/\/www.fiscalia.gov.co\/colombia\/fiscal-general-de-la-nacion\/fiscalia-entrega-primeros-informes-sobre-investigaciones-por-conductas-cometidas-por-las-farc-ep-y-agentes-del-estado-con-ocasion-del-conflicto\/#article","isPartOf":{"@id":"https:\/\/www.fiscalia.gov.co\/colombia\/fiscal-general-de-la-nacion\/fiscalia-entrega-primeros-informes-sobre-investigaciones-por-conductas-cometidas-por-las-farc-ep-y-agentes-del-estado-con-ocasion-del-conflicto\/"},"author":{"name":"Direcci\u00f3n de Comunicaciones Fiscal\u00eda General de la Naci\u00f3n","@id":"https:\/\/www.fiscalia.gov.co\/colombia\/#\/schema\/person\/bf28d8ae7f1b287bbe3af484b04f43ea"},"headline":"Fiscal\u00eda entrega primeros informes sobre investigaciones por conductas cometidas por las FARC &#8211; EP y agentes del Estado con ocasi\u00f3n del conflicto","datePublished":"2018-05-30T15:32:28+00:00","dateModified":"2018-05-31T20:20:23+00:00","mainEntityOfPage":{"@id":"https:\/\/www.fiscalia.gov.co\/colombia\/fiscal-general-de-la-nacion\/fiscalia-entrega-primeros-informes-sobre-investigaciones-por-conductas-cometidas-por-las-farc-ep-y-agentes-del-estado-con-ocasion-del-conflicto\/"},"wordCount":1770,"publisher":{"@id":"https:\/\/www.fiscalia.gov.co\/colombia\/#organization"},"articleSection":["Fiscal General de la Naci\u00f3n","Justicia Transicional","Paz"],"inLanguage":"es-CO"},{"@type":"WebPage","@id":"https:\/\/www.fiscalia.gov.co\/colombia\/fiscal-general-de-la-nacion\/fiscalia-entrega-primeros-informes-sobre-investigaciones-por-conductas-cometidas-por-las-farc-ep-y-agentes-del-estado-con-ocasion-del-conflicto\/","url":"https:\/\/www.fiscalia.gov.co\/colombia\/fiscal-general-de-la-nacion\/fiscalia-entrega-primeros-informes-sobre-investigaciones-por-conductas-cometidas-por-las-farc-ep-y-agentes-del-estado-con-ocasion-del-conflicto\/","name":"Fiscal\u00eda General de la Naci\u00f3n","isPartOf":{"@id":"https:\/\/www.fiscalia.gov.co\/colombia\/#website"},"datePublished":"2018-05-30T15:32:28+00:00","dateModified":"2018-05-31T20:20:23+00:00","description":"P\u00e1gina oficial de la Fiscal\u00eda General de la Naci\u00f3n \u2013 Colombia. Garantizamos el acceso efectivo a la justicia, la verdad y la reparaci\u00f3n de las v\u00edctimas de los delitos.","breadcrumb":{"@id":"https:\/\/www.fiscalia.gov.co\/colombia\/fiscal-general-de-la-nacion\/fiscalia-entrega-primeros-informes-sobre-investigaciones-por-conductas-cometidas-por-las-farc-ep-y-agentes-del-estado-con-ocasion-del-conflicto\/#breadcrumb"},"inLanguage":"es-CO","potentialAction":[{"@type":"ReadAction","target":["https:\/\/www.fiscalia.gov.co\/colombia\/fiscal-general-de-la-nacion\/fiscalia-entrega-primeros-informes-sobre-investigaciones-por-conductas-cometidas-por-las-farc-ep-y-agentes-del-estado-con-ocasion-del-conflicto\/"]}]},{"@type":"BreadcrumbList","@id":"https:\/\/www.fiscalia.gov.co\/colombia\/fiscal-general-de-la-nacion\/fiscalia-entrega-primeros-informes-sobre-investigaciones-por-conductas-cometidas-por-las-farc-ep-y-agentes-del-estado-con-ocasion-del-conflicto\/#breadcrumb","itemListElement":[{"@type":"ListItem","position":1,"name":"Home","item":"https:\/\/www.fiscalia.gov.co\/colombia\/"},{"@type":"ListItem","position":2,"name":"Fiscal\u00eda entrega primeros informes sobre investigaciones por conductas cometidas por las FARC &#8211; EP y agentes del Estado con ocasi\u00f3n del conflicto"}]},{"@type":"WebSite","@id":"https:\/\/www.fiscalia.gov.co\/colombia\/#website","url":"https:\/\/www.fiscalia.gov.co\/colombia\/","name":"Fiscal\u00eda General de la Naci\u00f3n","description":"P\u00e1gina oficial de la Fiscal\u00eda General de la Naci\u00f3n \u2013 Colombia. Garantizamos el acceso efectivo a la justicia, la verdad y la reparaci\u00f3n de las v\u00edctimas de los delitos.","publisher":{"@id":"https:\/\/www.fiscalia.gov.co\/colombia\/#organization"},"potentialAction":[{"@type":"SearchAction","target":{"@type":"EntryPoint","urlTemplate":"https:\/\/www.fiscalia.gov.co\/colombia\/?s={search_term_string}"},"query-input":{"@type":"PropertyValueSpecification","valueRequired":true,"valueName":"search_term_string"}}],"inLanguage":"es-CO"},{"@type":"Organization","@id":"https:\/\/www.fiscalia.gov.co\/colombia\/#organization","name":"Fiscal\u00eda General de la Naci\u00f3n","url":"https:\/\/www.fiscalia.gov.co\/colombia\/","logo":{"@type":"ImageObject","inLanguage":"es-CO","@id":"https:\/\/www.fiscalia.gov.co\/colombia\/#\/schema\/logo\/image\/","url":"https:\/\/www.fiscalia.gov.co\/colombia\/wp-content\/uploads\/LogoHorizontal_1.jpg","contentUrl":"https:\/\/www.fiscalia.gov.co\/colombia\/wp-content\/uploads\/LogoHorizontal_1.jpg","width":300,"height":90,"caption":"Fiscal\u00eda General de la Naci\u00f3n"},"image":{"@id":"https:\/\/www.fiscalia.gov.co\/colombia\/#\/schema\/logo\/image\/"},"sameAs":["https:\/\/www.facebook.com\/FiscaliaCol","https:\/\/x.com\/FiscaliaCol","https:\/\/www.instagram.com\/fiscaliacol","https:\/\/www.linkedin.com\/company\/fiscalia-general-de-la-naci-n\/","https:\/\/youtube.com\/@fiscaliageneraldelanacion-4668?si=6nN79nyQICPU5iTh"]},{"@type":"Person","@id":"https:\/\/www.fiscalia.gov.co\/colombia\/#\/schema\/person\/bf28d8ae7f1b287bbe3af484b04f43ea","name":"Direcci\u00f3n de Comunicaciones Fiscal\u00eda General de la Naci\u00f3n","image":{"@type":"ImageObject","inLanguage":"es-CO","@id":"https:\/\/www.fiscalia.gov.co\/colombia\/#\/schema\/person\/image\/","url":"https:\/\/secure.gravatar.com\/avatar\/9d55ae161d32da16dbdd0b380c080a5f?s=96&d=mm&r=g","contentUrl":"https:\/\/secure.gravatar.com\/avatar\/9d55ae161d32da16dbdd0b380c080a5f?s=96&d=mm&r=g","caption":"Direcci\u00f3n de Comunicaciones Fiscal\u00eda General de la Naci\u00f3n"},"url":"https:\/\/www.fiscalia.gov.co\/colombia\/author\/kbonilla\/"}]}},"_links":{"self":[{"href":"https:\/\/www.fiscalia.gov.co\/colombia\/wp-json\/wp\/v2\/posts\/163971","targetHints":{"allow":["GET"]}}],"collection":[{"href":"https:\/\/www.fiscalia.gov.co\/colombia\/wp-json\/wp\/v2\/posts"}],"about":[{"href":"https:\/\/www.fiscalia.gov.co\/colombia\/wp-json\/wp\/v2\/types\/post"}],"author":[{"embeddable":true,"href":"https:\/\/www.fiscalia.gov.co\/colombia\/wp-json\/wp\/v2\/users\/162"}],"replies":[{"embeddable":true,"href":"https:\/\/www.fiscalia.gov.co\/colombia\/wp-json\/wp\/v2\/comments?post=163971"}],"version-history":[{"count":2,"href":"https:\/\/www.fiscalia.gov.co\/colombia\/wp-json\/wp\/v2\/posts\/163971\/revisions"}],"predecessor-version":[{"id":164072,"href":"https:\/\/www.fiscalia.gov.co\/colombia\/wp-json\/wp\/v2\/posts\/163971\/revisions\/164072"}],"wp:attachment":[{"href":"https:\/\/www.fiscalia.gov.co\/colombia\/wp-json\/wp\/v2\/media?parent=163971"}],"wp:term":[{"taxonomy":"category","embeddable":true,"href":"https:\/\/www.fiscalia.gov.co\/colombia\/wp-json\/wp\/v2\/categories?post=163971"},{"taxonomy":"post_tag","embeddable":true,"href":"https:\/\/www.fiscalia.gov.co\/colombia\/wp-json\/wp\/v2\/tags?post=163971"}],"curies":[{"name":"wp","href":"https:\/\/api.w.org\/{rel}","templated":true}]}}