{"id":163595,"date":"2018-05-22T17:16:41","date_gmt":"2018-05-22T22:16:41","guid":{"rendered":"https:\/\/www.fiscalia.gov.co\/colombia\/?p=163595"},"modified":"2018-05-22T17:16:41","modified_gmt":"2018-05-22T22:16:41","slug":"funcionarios-de-cardique-seran-imputados-por-contratacion-fantasma-en-el-canal-del-dique","status":"publish","type":"post","link":"https:\/\/www.fiscalia.gov.co\/colombia\/seccionales\/funcionarios-de-cardique-seran-imputados-por-contratacion-fantasma-en-el-canal-del-dique\/","title":{"rendered":"Funcionarios de Cardique ser\u00e1n imputados por contrataci\u00f3n fantasma en el Canal del Dique"},"content":{"rendered":"<p><em><u>Habr\u00edan participado en el desv\u00edo de recursos por m\u00e1s de veintisiete mil novecientos millones de pesos ($27.900\u2019000.000).<\/u><\/em><\/p>\n<p>La Fiscal\u00eda General de la Naci\u00f3n hizo efectivas en la ma\u00f1ana de hoy las \u00f3rdenes de captura libradas por un juez de garant\u00edas de Cartagena contra el director de la Corporaci\u00f3n Aut\u00f3noma Regional del Canal del Dique (Cardique), tres de sus funcionarios y dos particulares, dentro de una investigaci\u00f3n por presuntas irregularidades en la celebraci\u00f3n de 220 contratos en 2016, que habr\u00edan representado&nbsp; un detrimento de veintisiete mil novecientos millones de pesos ($27.900\u2019000.000).<\/p>\n<p>La investigaci\u00f3n tuvo su origen en un informe de auditor\u00eda realizado por la Contralor\u00eda General de la Rep\u00fablica para la vigencia 2016, mediante el cual puso en conocimiento las irregularidades en la contrataci\u00f3n de Cardique.<\/p>\n<p>El fiscal del caso estableci\u00f3 un supuesto acuerdo para direccionar los contratos de limpieza y mantenimiento de arroyos, ca\u00f1os, y reservorios en las zonas en la que tiene jurisdicci\u00f3n la Corporaci\u00f3n, particularmente en el canal del dique, actividades que seg\u00fan se pudo constatar no se realizaron.<\/p>\n<p>En las indagaciones, fueron encontrados, documentos falsos, entre ellos: facturas, planos topogr\u00e1ficos y registros fotogr\u00e1ficos, los cuales fueron usados para certificar la presunta ejecuci\u00f3n de los contratos.<\/p>\n<p>Con el material probatorio recaudado, la Fiscal\u00eda pudo conocer que no existieron los estudios t\u00e9cnicos que respaldar\u00edan la necesidad del objeto de cada uno de los contratos. Por el contrario, lo habr\u00edan justificado con un documento del a\u00f1o 2010, elaborado por una universidad de Costa Rica, que no tiene relaci\u00f3n alguna con las funciones y ni el objetivo de Cardique.<\/p>\n<p>En la primera fase de la investigaci\u00f3n, la Fiscal\u00eda logr\u00f3 que un juez de garant\u00edas ordenara la captura de:<\/p>\n<ol>\n<li>Olaf Puello Castillo, director de Cardique: a quien se le imputar\u00e1n cargos por los delitos de: peculado por apropiaci\u00f3n agravado por la cuant\u00eda, contrato sin cumplimiento de los requisitos legales, acuerdos restrictivos de la competencia y concierto para delinquir.<\/li>\n<li>Katherine Martelo Fern\u00e1ndez, subdirectora de Planeaci\u00f3n de Cardique: se le imputar\u00e1n cargos por los delitos de: peculado, contrato sin cumplimiento de los requisitos legales, acuerdos restrictivos de la competencia y concierto para delinquir.<\/li>\n<li>Saray Cecilia Hern\u00e1ndez Dur\u00e1n, funcionaria de la corporaci\u00f3n y supervisora de los contratos de Cardique, le imputar\u00e1n cargos por los delitos de: peculado, contrato sin cumplimiento de los requisitos legales, acuerdos restrictivos de la competencia y concierto para delinquir.<\/li>\n<li>Dalis Esther Herrera Vargas, funcionaria de la corporaci\u00f3n y supervisora de los contratos le imputar\u00e1n cargos por los delitos de: peculado, contrato sin cumplimiento de los requisitos legales, acuerdos restrictivos de la competencia y concierto para delinquir.<\/li>\n<li>Bernab\u00e9 Maldonado Maldonado, contador que habr\u00eda participado en la articulaci\u00f3n de los contratos, se le imputar\u00e1n cargos por: peculado por apropiaci\u00f3n, contrato sin cumplimiento de los requisitos legales, acuerdos restrictivos de la competencia, concierto para delinquir, y falsedad en documento privado.<\/li>\n<li>Fredy Javier Rodgers, top\u00f3grafo a quien le imputar\u00e1n cargos por los delitos de: peculado, concierto para delinquir, falsedad en documento privado.<\/li>\n<\/ol>\n<p>Los detenidos ser\u00e1n presentados ante juez de garant\u00edas de la ciudad de Cartagena (Bol\u00edvar), para la legalizaci\u00f3n de captura, imputaci\u00f3n de cargos y la solicitud de medida de aseguramiento privativa de la libertad.<\/p>\n\n<div class=\"twitter-share\"><a href=\"https:\/\/twitter.com\/intent\/tweet?via=fiscaliacol\" class=\"twitter-share-button\">Tweet<\/a><\/div>\n","protected":false},"excerpt":{"rendered":"<p>Habr\u00edan participado en el desv\u00edo de recursos por m\u00e1s de veintisiete mil novecientos millones de pesos ($27.900\u2019000.000). La Fiscal\u00eda General de la Naci\u00f3n hizo efectivas en la ma\u00f1ana de hoy las \u00f3rdenes de captura libradas por un juez de garant\u00edas de Cartagena contra el director de la Corporaci\u00f3n Aut\u00f3noma Regional del Canal del Dique (Cardique), [&hellip;]<\/p>\n","protected":false},"author":162,"featured_media":0,"comment_status":"closed","ping_status":"open","sticky":false,"template":"","format":"standard","meta":{"_price":"","_stock":"","_tribe_ticket_header":"","_tribe_default_ticket_provider":"","_tribe_ticket_capacity":"0","_ticket_start_date":"","_ticket_end_date":"","_tribe_ticket_show_description":"","_tribe_ticket_show_not_going":false,"_tribe_ticket_use_global_stock":"","_tribe_ticket_global_stock_level":"","_global_stock_mode":"","_global_stock_cap":"","_tribe_rsvp_for_event":"","_tribe_ticket_going_count":"","_tribe_ticket_not_going_count":"","_tribe_tickets_list":"[]","_tribe_ticket_has_attendee_info_fields":false,"tdm_status":"","tdm_grid_status":"","footnotes":""},"categories":[24107,325,303],"tags":[],"class_list":{"0":"post-163595","1":"post","2":"type-post","3":"status-publish","4":"format-standard","6":"category-lucha-contra-corrupcion","7":"category-seccional-cartagena","8":"category-seccionales"},"yoast_head":"<!-- This site is optimized with the Yoast SEO plugin v24.3 - https:\/\/yoast.com\/wordpress\/plugins\/seo\/ -->\n<title>Fiscal\u00eda General de la Naci\u00f3n<\/title>\n<meta name=\"description\" content=\"P\u00e1gina oficial de la Fiscal\u00eda General de la Naci\u00f3n \u2013 Colombia. Garantizamos el acceso efectivo a la justicia, la verdad y la reparaci\u00f3n de las v\u00edctimas de los delitos.\" \/>\n<meta name=\"robots\" content=\"noindex, follow\" \/>\n<meta property=\"og:locale\" content=\"es_ES\" \/>\n<meta property=\"og:type\" content=\"article\" \/>\n<meta property=\"og:title\" content=\"Fiscal\u00eda General de la Naci\u00f3n\" \/>\n<meta property=\"og:description\" content=\"P\u00e1gina oficial de la Fiscal\u00eda General de la Naci\u00f3n \u2013 Colombia. Garantizamos el acceso efectivo a la justicia, la verdad y la reparaci\u00f3n de las v\u00edctimas de los delitos.\" \/>\n<meta property=\"og:url\" content=\"https:\/\/www.fiscalia.gov.co\/colombia\/seccionales\/funcionarios-de-cardique-seran-imputados-por-contratacion-fantasma-en-el-canal-del-dique\/\" \/>\n<meta property=\"og:site_name\" content=\"Fiscal\u00eda General de la Naci\u00f3n\" \/>\n<meta property=\"article:publisher\" content=\"https:\/\/www.facebook.com\/FiscaliaCol\" \/>\n<meta property=\"article:published_time\" content=\"2018-05-22T22:16:41+00:00\" \/>\n<meta name=\"author\" content=\"Direcci\u00f3n de Comunicaciones Fiscal\u00eda General de la Naci\u00f3n\" \/>\n<meta name=\"twitter:card\" content=\"summary_large_image\" \/>\n<meta name=\"twitter:creator\" content=\"@FiscaliaCol\" \/>\n<meta name=\"twitter:site\" content=\"@FiscaliaCol\" \/>\n<meta name=\"twitter:label1\" content=\"Escrito por\" \/>\n\t<meta name=\"twitter:data1\" content=\"Direcci\u00f3n de Comunicaciones Fiscal\u00eda General de la Naci\u00f3n\" \/>\n\t<meta name=\"twitter:label2\" content=\"Tiempo de lectura\" \/>\n\t<meta name=\"twitter:data2\" content=\"3 minutos\" \/>\n<script type=\"application\/ld+json\" class=\"yoast-schema-graph\">{\"@context\":\"https:\/\/schema.org\",\"@graph\":[{\"@type\":\"Article\",\"@id\":\"https:\/\/www.fiscalia.gov.co\/colombia\/seccionales\/funcionarios-de-cardique-seran-imputados-por-contratacion-fantasma-en-el-canal-del-dique\/#article\",\"isPartOf\":{\"@id\":\"https:\/\/www.fiscalia.gov.co\/colombia\/seccionales\/funcionarios-de-cardique-seran-imputados-por-contratacion-fantasma-en-el-canal-del-dique\/\"},\"author\":{\"name\":\"Direcci\u00f3n de Comunicaciones Fiscal\u00eda General de la Naci\u00f3n\",\"@id\":\"https:\/\/www.fiscalia.gov.co\/colombia\/#\/schema\/person\/bf28d8ae7f1b287bbe3af484b04f43ea\"},\"headline\":\"Funcionarios de Cardique ser\u00e1n imputados por contrataci\u00f3n fantasma en el Canal del Dique\",\"datePublished\":\"2018-05-22T22:16:41+00:00\",\"dateModified\":\"2018-05-22T22:16:41+00:00\",\"mainEntityOfPage\":{\"@id\":\"https:\/\/www.fiscalia.gov.co\/colombia\/seccionales\/funcionarios-de-cardique-seran-imputados-por-contratacion-fantasma-en-el-canal-del-dique\/\"},\"wordCount\":586,\"publisher\":{\"@id\":\"https:\/\/www.fiscalia.gov.co\/colombia\/#organization\"},\"articleSection\":[\"Corrupci\u00f3n\",\"Seccional Cartagena\",\"Seccionales\"],\"inLanguage\":\"es-CO\"},{\"@type\":\"WebPage\",\"@id\":\"https:\/\/www.fiscalia.gov.co\/colombia\/seccionales\/funcionarios-de-cardique-seran-imputados-por-contratacion-fantasma-en-el-canal-del-dique\/\",\"url\":\"https:\/\/www.fiscalia.gov.co\/colombia\/seccionales\/funcionarios-de-cardique-seran-imputados-por-contratacion-fantasma-en-el-canal-del-dique\/\",\"name\":\"Fiscal\u00eda General de la Naci\u00f3n\",\"isPartOf\":{\"@id\":\"https:\/\/www.fiscalia.gov.co\/colombia\/#website\"},\"datePublished\":\"2018-05-22T22:16:41+00:00\",\"dateModified\":\"2018-05-22T22:16:41+00:00\",\"description\":\"P\u00e1gina oficial de la Fiscal\u00eda General de la Naci\u00f3n \u2013 Colombia. Garantizamos el acceso efectivo a la justicia, la verdad y la reparaci\u00f3n de las v\u00edctimas de los delitos.\",\"breadcrumb\":{\"@id\":\"https:\/\/www.fiscalia.gov.co\/colombia\/seccionales\/funcionarios-de-cardique-seran-imputados-por-contratacion-fantasma-en-el-canal-del-dique\/#breadcrumb\"},\"inLanguage\":\"es-CO\",\"potentialAction\":[{\"@type\":\"ReadAction\",\"target\":[\"https:\/\/www.fiscalia.gov.co\/colombia\/seccionales\/funcionarios-de-cardique-seran-imputados-por-contratacion-fantasma-en-el-canal-del-dique\/\"]}]},{\"@type\":\"BreadcrumbList\",\"@id\":\"https:\/\/www.fiscalia.gov.co\/colombia\/seccionales\/funcionarios-de-cardique-seran-imputados-por-contratacion-fantasma-en-el-canal-del-dique\/#breadcrumb\",\"itemListElement\":[{\"@type\":\"ListItem\",\"position\":1,\"name\":\"Home\",\"item\":\"https:\/\/www.fiscalia.gov.co\/colombia\/\"},{\"@type\":\"ListItem\",\"position\":2,\"name\":\"Funcionarios de Cardique ser\u00e1n imputados por contrataci\u00f3n fantasma en el Canal del Dique\"}]},{\"@type\":\"WebSite\",\"@id\":\"https:\/\/www.fiscalia.gov.co\/colombia\/#website\",\"url\":\"https:\/\/www.fiscalia.gov.co\/colombia\/\",\"name\":\"Fiscal\u00eda General de la Naci\u00f3n\",\"description\":\"P\u00e1gina oficial de la Fiscal\u00eda General de la Naci\u00f3n \u2013 Colombia. Garantizamos el acceso efectivo a la justicia, la verdad y la reparaci\u00f3n de las v\u00edctimas de los delitos.\",\"publisher\":{\"@id\":\"https:\/\/www.fiscalia.gov.co\/colombia\/#organization\"},\"potentialAction\":[{\"@type\":\"SearchAction\",\"target\":{\"@type\":\"EntryPoint\",\"urlTemplate\":\"https:\/\/www.fiscalia.gov.co\/colombia\/?s={search_term_string}\"},\"query-input\":{\"@type\":\"PropertyValueSpecification\",\"valueRequired\":true,\"valueName\":\"search_term_string\"}}],\"inLanguage\":\"es-CO\"},{\"@type\":\"Organization\",\"@id\":\"https:\/\/www.fiscalia.gov.co\/colombia\/#organization\",\"name\":\"Fiscal\u00eda General de la Naci\u00f3n\",\"url\":\"https:\/\/www.fiscalia.gov.co\/colombia\/\",\"logo\":{\"@type\":\"ImageObject\",\"inLanguage\":\"es-CO\",\"@id\":\"https:\/\/www.fiscalia.gov.co\/colombia\/#\/schema\/logo\/image\/\",\"url\":\"https:\/\/www.fiscalia.gov.co\/colombia\/wp-content\/uploads\/LogoHorizontal_1.jpg\",\"contentUrl\":\"https:\/\/www.fiscalia.gov.co\/colombia\/wp-content\/uploads\/LogoHorizontal_1.jpg\",\"width\":300,\"height\":90,\"caption\":\"Fiscal\u00eda General de la Naci\u00f3n\"},\"image\":{\"@id\":\"https:\/\/www.fiscalia.gov.co\/colombia\/#\/schema\/logo\/image\/\"},\"sameAs\":[\"https:\/\/www.facebook.com\/FiscaliaCol\",\"https:\/\/x.com\/FiscaliaCol\",\"https:\/\/www.instagram.com\/fiscaliacol\",\"https:\/\/www.linkedin.com\/company\/fiscalia-general-de-la-naci-n\/\",\"https:\/\/youtube.com\/@fiscaliageneraldelanacion-4668?si=6nN79nyQICPU5iTh\"]},{\"@type\":\"Person\",\"@id\":\"https:\/\/www.fiscalia.gov.co\/colombia\/#\/schema\/person\/bf28d8ae7f1b287bbe3af484b04f43ea\",\"name\":\"Direcci\u00f3n de Comunicaciones Fiscal\u00eda General de la Naci\u00f3n\",\"image\":{\"@type\":\"ImageObject\",\"inLanguage\":\"es-CO\",\"@id\":\"https:\/\/www.fiscalia.gov.co\/colombia\/#\/schema\/person\/image\/\",\"url\":\"https:\/\/secure.gravatar.com\/avatar\/9d55ae161d32da16dbdd0b380c080a5f?s=96&d=mm&r=g\",\"contentUrl\":\"https:\/\/secure.gravatar.com\/avatar\/9d55ae161d32da16dbdd0b380c080a5f?s=96&d=mm&r=g\",\"caption\":\"Direcci\u00f3n de Comunicaciones Fiscal\u00eda General de la Naci\u00f3n\"},\"url\":\"https:\/\/www.fiscalia.gov.co\/colombia\/author\/kbonilla\/\"}]}<\/script>\n<!-- \/ Yoast SEO plugin. -->","yoast_head_json":{"title":"Fiscal\u00eda General de la Naci\u00f3n","description":"P\u00e1gina oficial de la Fiscal\u00eda General de la Naci\u00f3n \u2013 Colombia. Garantizamos el acceso efectivo a la justicia, la verdad y la reparaci\u00f3n de las v\u00edctimas de los delitos.","robots":{"index":"noindex","follow":"follow"},"og_locale":"es_ES","og_type":"article","og_title":"Fiscal\u00eda General de la Naci\u00f3n","og_description":"P\u00e1gina oficial de la Fiscal\u00eda General de la Naci\u00f3n \u2013 Colombia. Garantizamos el acceso efectivo a la justicia, la verdad y la reparaci\u00f3n de las v\u00edctimas de los delitos.","og_url":"https:\/\/www.fiscalia.gov.co\/colombia\/seccionales\/funcionarios-de-cardique-seran-imputados-por-contratacion-fantasma-en-el-canal-del-dique\/","og_site_name":"Fiscal\u00eda General de la Naci\u00f3n","article_publisher":"https:\/\/www.facebook.com\/FiscaliaCol","article_published_time":"2018-05-22T22:16:41+00:00","author":"Direcci\u00f3n de Comunicaciones Fiscal\u00eda General de la Naci\u00f3n","twitter_card":"summary_large_image","twitter_creator":"@FiscaliaCol","twitter_site":"@FiscaliaCol","twitter_misc":{"Escrito por":"Direcci\u00f3n de Comunicaciones Fiscal\u00eda General de la Naci\u00f3n","Tiempo de lectura":"3 minutos"},"schema":{"@context":"https:\/\/schema.org","@graph":[{"@type":"Article","@id":"https:\/\/www.fiscalia.gov.co\/colombia\/seccionales\/funcionarios-de-cardique-seran-imputados-por-contratacion-fantasma-en-el-canal-del-dique\/#article","isPartOf":{"@id":"https:\/\/www.fiscalia.gov.co\/colombia\/seccionales\/funcionarios-de-cardique-seran-imputados-por-contratacion-fantasma-en-el-canal-del-dique\/"},"author":{"name":"Direcci\u00f3n de Comunicaciones Fiscal\u00eda General de la Naci\u00f3n","@id":"https:\/\/www.fiscalia.gov.co\/colombia\/#\/schema\/person\/bf28d8ae7f1b287bbe3af484b04f43ea"},"headline":"Funcionarios de Cardique ser\u00e1n imputados por contrataci\u00f3n fantasma en el Canal del Dique","datePublished":"2018-05-22T22:16:41+00:00","dateModified":"2018-05-22T22:16:41+00:00","mainEntityOfPage":{"@id":"https:\/\/www.fiscalia.gov.co\/colombia\/seccionales\/funcionarios-de-cardique-seran-imputados-por-contratacion-fantasma-en-el-canal-del-dique\/"},"wordCount":586,"publisher":{"@id":"https:\/\/www.fiscalia.gov.co\/colombia\/#organization"},"articleSection":["Corrupci\u00f3n","Seccional Cartagena","Seccionales"],"inLanguage":"es-CO"},{"@type":"WebPage","@id":"https:\/\/www.fiscalia.gov.co\/colombia\/seccionales\/funcionarios-de-cardique-seran-imputados-por-contratacion-fantasma-en-el-canal-del-dique\/","url":"https:\/\/www.fiscalia.gov.co\/colombia\/seccionales\/funcionarios-de-cardique-seran-imputados-por-contratacion-fantasma-en-el-canal-del-dique\/","name":"Fiscal\u00eda General de la Naci\u00f3n","isPartOf":{"@id":"https:\/\/www.fiscalia.gov.co\/colombia\/#website"},"datePublished":"2018-05-22T22:16:41+00:00","dateModified":"2018-05-22T22:16:41+00:00","description":"P\u00e1gina oficial de la Fiscal\u00eda General de la Naci\u00f3n \u2013 Colombia. Garantizamos el acceso efectivo a la justicia, la verdad y la reparaci\u00f3n de las v\u00edctimas de los delitos.","breadcrumb":{"@id":"https:\/\/www.fiscalia.gov.co\/colombia\/seccionales\/funcionarios-de-cardique-seran-imputados-por-contratacion-fantasma-en-el-canal-del-dique\/#breadcrumb"},"inLanguage":"es-CO","potentialAction":[{"@type":"ReadAction","target":["https:\/\/www.fiscalia.gov.co\/colombia\/seccionales\/funcionarios-de-cardique-seran-imputados-por-contratacion-fantasma-en-el-canal-del-dique\/"]}]},{"@type":"BreadcrumbList","@id":"https:\/\/www.fiscalia.gov.co\/colombia\/seccionales\/funcionarios-de-cardique-seran-imputados-por-contratacion-fantasma-en-el-canal-del-dique\/#breadcrumb","itemListElement":[{"@type":"ListItem","position":1,"name":"Home","item":"https:\/\/www.fiscalia.gov.co\/colombia\/"},{"@type":"ListItem","position":2,"name":"Funcionarios de Cardique ser\u00e1n imputados por contrataci\u00f3n fantasma en el Canal del Dique"}]},{"@type":"WebSite","@id":"https:\/\/www.fiscalia.gov.co\/colombia\/#website","url":"https:\/\/www.fiscalia.gov.co\/colombia\/","name":"Fiscal\u00eda General de la Naci\u00f3n","description":"P\u00e1gina oficial de la Fiscal\u00eda General de la Naci\u00f3n \u2013 Colombia. Garantizamos el acceso efectivo a la justicia, la verdad y la reparaci\u00f3n de las v\u00edctimas de los delitos.","publisher":{"@id":"https:\/\/www.fiscalia.gov.co\/colombia\/#organization"},"potentialAction":[{"@type":"SearchAction","target":{"@type":"EntryPoint","urlTemplate":"https:\/\/www.fiscalia.gov.co\/colombia\/?s={search_term_string}"},"query-input":{"@type":"PropertyValueSpecification","valueRequired":true,"valueName":"search_term_string"}}],"inLanguage":"es-CO"},{"@type":"Organization","@id":"https:\/\/www.fiscalia.gov.co\/colombia\/#organization","name":"Fiscal\u00eda General de la Naci\u00f3n","url":"https:\/\/www.fiscalia.gov.co\/colombia\/","logo":{"@type":"ImageObject","inLanguage":"es-CO","@id":"https:\/\/www.fiscalia.gov.co\/colombia\/#\/schema\/logo\/image\/","url":"https:\/\/www.fiscalia.gov.co\/colombia\/wp-content\/uploads\/LogoHorizontal_1.jpg","contentUrl":"https:\/\/www.fiscalia.gov.co\/colombia\/wp-content\/uploads\/LogoHorizontal_1.jpg","width":300,"height":90,"caption":"Fiscal\u00eda General de la Naci\u00f3n"},"image":{"@id":"https:\/\/www.fiscalia.gov.co\/colombia\/#\/schema\/logo\/image\/"},"sameAs":["https:\/\/www.facebook.com\/FiscaliaCol","https:\/\/x.com\/FiscaliaCol","https:\/\/www.instagram.com\/fiscaliacol","https:\/\/www.linkedin.com\/company\/fiscalia-general-de-la-naci-n\/","https:\/\/youtube.com\/@fiscaliageneraldelanacion-4668?si=6nN79nyQICPU5iTh"]},{"@type":"Person","@id":"https:\/\/www.fiscalia.gov.co\/colombia\/#\/schema\/person\/bf28d8ae7f1b287bbe3af484b04f43ea","name":"Direcci\u00f3n de Comunicaciones Fiscal\u00eda General de la Naci\u00f3n","image":{"@type":"ImageObject","inLanguage":"es-CO","@id":"https:\/\/www.fiscalia.gov.co\/colombia\/#\/schema\/person\/image\/","url":"https:\/\/secure.gravatar.com\/avatar\/9d55ae161d32da16dbdd0b380c080a5f?s=96&d=mm&r=g","contentUrl":"https:\/\/secure.gravatar.com\/avatar\/9d55ae161d32da16dbdd0b380c080a5f?s=96&d=mm&r=g","caption":"Direcci\u00f3n de Comunicaciones Fiscal\u00eda General de la Naci\u00f3n"},"url":"https:\/\/www.fiscalia.gov.co\/colombia\/author\/kbonilla\/"}]}},"_links":{"self":[{"href":"https:\/\/www.fiscalia.gov.co\/colombia\/wp-json\/wp\/v2\/posts\/163595","targetHints":{"allow":["GET"]}}],"collection":[{"href":"https:\/\/www.fiscalia.gov.co\/colombia\/wp-json\/wp\/v2\/posts"}],"about":[{"href":"https:\/\/www.fiscalia.gov.co\/colombia\/wp-json\/wp\/v2\/types\/post"}],"author":[{"embeddable":true,"href":"https:\/\/www.fiscalia.gov.co\/colombia\/wp-json\/wp\/v2\/users\/162"}],"replies":[{"embeddable":true,"href":"https:\/\/www.fiscalia.gov.co\/colombia\/wp-json\/wp\/v2\/comments?post=163595"}],"version-history":[{"count":1,"href":"https:\/\/www.fiscalia.gov.co\/colombia\/wp-json\/wp\/v2\/posts\/163595\/revisions"}],"predecessor-version":[{"id":163596,"href":"https:\/\/www.fiscalia.gov.co\/colombia\/wp-json\/wp\/v2\/posts\/163595\/revisions\/163596"}],"wp:attachment":[{"href":"https:\/\/www.fiscalia.gov.co\/colombia\/wp-json\/wp\/v2\/media?parent=163595"}],"wp:term":[{"taxonomy":"category","embeddable":true,"href":"https:\/\/www.fiscalia.gov.co\/colombia\/wp-json\/wp\/v2\/categories?post=163595"},{"taxonomy":"post_tag","embeddable":true,"href":"https:\/\/www.fiscalia.gov.co\/colombia\/wp-json\/wp\/v2\/tags?post=163595"}],"curies":[{"name":"wp","href":"https:\/\/api.w.org\/{rel}","templated":true}]}}