{"id":163118,"date":"2018-05-09T16:30:49","date_gmt":"2018-05-09T21:30:49","guid":{"rendered":"https:\/\/www.fiscalia.gov.co\/colombia\/?p=163118"},"modified":"2018-05-09T16:30:49","modified_gmt":"2018-05-09T21:30:49","slug":"nuevas-evidencias-sobre-el-reclutamiento-ilicito-de-ninos-y-adolescentes-por-parte-del-eln","status":"publish","type":"post","link":"https:\/\/www.fiscalia.gov.co\/colombia\/crimen-organizado\/nuevas-evidencias-sobre-el-reclutamiento-ilicito-de-ninos-y-adolescentes-por-parte-del-eln\/","title":{"rendered":"Nuevas evidencias sobre el reclutamiento il\u00edcito de ni\u00f1os y adolescentes por parte del ELN"},"content":{"rendered":"<p><strong>En defensa de la infancia y la adolescencia<\/strong><\/p>\n<p><em><u>La Fiscal\u00eda encontr\u00f3 cartillas y documentos que ser\u00edan utilizados para inculcar a los menores de edad ideas de legitimar la violencia armada y promover el pensamiento del ELN. La Fiscal\u00eda avanza en 615 investigaciones contra cabecillas del ELN por reclutamiento il\u00edcito. <\/u><\/em><\/p>\n<p>Con la reciente captura de Rafael Botero Restrepo, alias Tista, presunto integrante de la Direcci\u00f3n Nacional del ELN y se\u00f1alado cabecilla del denominado frente urbano de guerra de esa organizaci\u00f3n, la Fiscal\u00eda avanz\u00f3 en la b\u00fasqueda de m\u00e1s evidencias que permitieran dimensionar el fen\u00f3meno del reclutamiento il\u00edcito de menores y tener detalles sobre la participaci\u00f3n de esta persona en esa conducta criminal.<\/p>\n<p>Las verificaciones de los investigadores llevaron a un inmueble en el noroccidente de Bogot\u00e1, que funcionar\u00eda como un presunto centro de adoctrinamiento de menores de edad.<\/p>\n<p>El establecimiento est\u00e1 ubicado frente a un colegio y en el papel aparece registrado como una cooperativa. Con las respectivas \u00f3rdenes judiciales, la Fiscal\u00eda realiz\u00f3 diligencias de registro y allanamiento, y encontr\u00f3 en el lugar planillas de asistencia de ni\u00f1os y adolescentes, cronogramas de actividades y varias cartillas que exaltar\u00edan la violencia armada.<\/p>\n<p>En los procedimientos se obtuvo material fotogr\u00e1fico que da cuenta de jornadas de lectura y ejercicios l\u00fadicos en los que participan ni\u00f1os y ni\u00f1as de 8 a\u00f1os de edad en adelante. En las im\u00e1genes aparecen sentados en aulas y atienden a las explicaciones que dan varias personas que leen mensajes alusivos al desconocimiento de la institucionalidad y a la resoluci\u00f3n violenta de conflictos.<\/p>\n<p>Al parecer, las sesiones eran programadas en horarios contrarios al cronograma escolar, hab\u00eda un registro pormenorizado de los ni\u00f1os y adolescentes que asist\u00edan, y permanentemente insist\u00edan en la lectura de varios textos que exaltan el resentimiento social y la vida de personajes subversivos.<\/p>\n<p>Parte de este material fue recopilado y hace parte de una investigaci\u00f3n que busca profundizar sobre las personas que estar\u00edan a cargo de este lugar y establecer la relaci\u00f3n que tendr\u00edan con alias Tista y el ELN. Preliminarmente, queda al descubierto una supuesta pr\u00e1ctica pedag\u00f3gica en la que inculcar\u00edan ideolog\u00edas y pensamientos no aptos para infantes de tan corta edad.<\/p>\n<p><strong><u>El presente judicial de Tista<\/u><\/strong><\/p>\n<p>Rafael Botero Restrepo, alias Tista, fue capturado el 15 de febrero de 2018, en una operaci\u00f3n conjunta de la Fiscal\u00eda y el Ej\u00e9rcito Nacional. En audiencias concentradas fue imputado por el reclutamiento il\u00edcito de 97 menores de edad en 12 departamentos del pa\u00eds. Por estos hechos, el juez 73 de control de garant\u00edas de Bogot\u00e1 impuso medida de aseguramiento en centro carcelario, decisi\u00f3n que fue confirmada en la tarde de hoy por un juez de segunda instancia.<\/p>\n<p>El martes 8 de mayo de 2018, un fiscal de la Direcci\u00f3n Especializada contra las Organizaciones Criminales hizo una nueva formulaci\u00f3n de cargos contra alias Tista por el delito de rebeli\u00f3n.<\/p>\n<p>En las diligencias, la Fiscal\u00eda revel\u00f3 que Botero Restrepo fue reconocido en un amplio material fotogr\u00e1fico por testigos que lo se\u00f1alaron como el cabecilla del frente urbano del ELN y el encargado de conformar redes del grupo armado ilegal en Bogot\u00e1.<\/p>\n<p>Adicionalmente, en las investigaciones fueron obtenidas comunicaciones telef\u00f3nicas desde mayo de 2015, en las que alias Tista conversaba con dos hombres m\u00e1s para planear atentados en Bogot\u00e1. De acuerdo con el material obtenido, estar\u00eda involucrado en los atentados al CAI del Parque de Lourdes y al Parque La Mariposa, ocurridos en julio de 2015, en Bogot\u00e1; y en las reyertas de mayo del mismo a\u00f1o en la Universidad Nacional.<\/p>\n<p>El pr\u00f3ximo viernes 11 de mayo de 2018, se resolver\u00e1 la situaci\u00f3n jur\u00eddica de Rafael Botero Restrepo por esta nueva imputaci\u00f3n.<\/p>\n\n<div class=\"twitter-share\"><a href=\"https:\/\/twitter.com\/intent\/tweet?via=fiscaliacol\" class=\"twitter-share-button\">Tweet<\/a><\/div>\n","protected":false},"excerpt":{"rendered":"<p>En defensa de la infancia y la adolescencia La Fiscal\u00eda encontr\u00f3 cartillas y documentos que ser\u00edan utilizados para inculcar a los menores de edad ideas de legitimar la violencia armada y promover el pensamiento del ELN. La Fiscal\u00eda avanza en 615 investigaciones contra cabecillas del ELN por reclutamiento il\u00edcito. Con la reciente captura de Rafael [&hellip;]<\/p>\n","protected":false},"author":162,"featured_media":0,"comment_status":"closed","ping_status":"open","sticky":false,"template":"","format":"standard","meta":{"_price":"","_stock":"","_tribe_ticket_header":"","_tribe_default_ticket_provider":"","_tribe_ticket_capacity":"0","_ticket_start_date":"","_ticket_end_date":"","_tribe_ticket_show_description":"","_tribe_ticket_show_not_going":false,"_tribe_ticket_use_global_stock":"","_tribe_ticket_global_stock_level":"","_global_stock_mode":"","_global_stock_cap":"","_tribe_rsvp_for_event":"","_tribe_ticket_going_count":"","_tribe_ticket_not_going_count":"","_tribe_tickets_list":"[]","_tribe_ticket_has_attendee_info_fields":false,"tdm_status":"","tdm_grid_status":"","footnotes":""},"categories":[24098],"tags":[],"class_list":{"0":"post-163118","1":"post","2":"type-post","3":"status-publish","4":"format-standard","6":"category-crimen-organizado"},"yoast_head":"<!-- This site is optimized with the Yoast SEO plugin v24.3 - https:\/\/yoast.com\/wordpress\/plugins\/seo\/ -->\n<title>Fiscal\u00eda General de la Naci\u00f3n<\/title>\n<meta name=\"description\" content=\"P\u00e1gina oficial de la Fiscal\u00eda General de la Naci\u00f3n \u2013 Colombia. Garantizamos el acceso efectivo a la justicia, la verdad y la reparaci\u00f3n de las v\u00edctimas de los delitos.\" \/>\n<meta name=\"robots\" content=\"noindex, follow\" \/>\n<meta property=\"og:locale\" content=\"es_ES\" \/>\n<meta property=\"og:type\" content=\"article\" \/>\n<meta property=\"og:title\" content=\"Fiscal\u00eda General de la Naci\u00f3n\" \/>\n<meta property=\"og:description\" content=\"P\u00e1gina oficial de la Fiscal\u00eda General de la Naci\u00f3n \u2013 Colombia. Garantizamos el acceso efectivo a la justicia, la verdad y la reparaci\u00f3n de las v\u00edctimas de los delitos.\" \/>\n<meta property=\"og:url\" content=\"https:\/\/www.fiscalia.gov.co\/colombia\/crimen-organizado\/nuevas-evidencias-sobre-el-reclutamiento-ilicito-de-ninos-y-adolescentes-por-parte-del-eln\/\" \/>\n<meta property=\"og:site_name\" content=\"Fiscal\u00eda General de la Naci\u00f3n\" \/>\n<meta property=\"article:publisher\" content=\"https:\/\/www.facebook.com\/FiscaliaCol\" \/>\n<meta property=\"article:published_time\" content=\"2018-05-09T21:30:49+00:00\" \/>\n<meta name=\"author\" content=\"Direcci\u00f3n de Comunicaciones Fiscal\u00eda General de la Naci\u00f3n\" \/>\n<meta name=\"twitter:card\" content=\"summary_large_image\" \/>\n<meta name=\"twitter:creator\" content=\"@FiscaliaCol\" \/>\n<meta name=\"twitter:site\" content=\"@FiscaliaCol\" \/>\n<meta name=\"twitter:label1\" content=\"Escrito por\" \/>\n\t<meta name=\"twitter:data1\" content=\"Direcci\u00f3n de Comunicaciones Fiscal\u00eda General de la Naci\u00f3n\" \/>\n\t<meta name=\"twitter:label2\" content=\"Tiempo de lectura\" \/>\n\t<meta name=\"twitter:data2\" content=\"3 minutos\" \/>\n<script type=\"application\/ld+json\" class=\"yoast-schema-graph\">{\"@context\":\"https:\/\/schema.org\",\"@graph\":[{\"@type\":\"Article\",\"@id\":\"https:\/\/www.fiscalia.gov.co\/colombia\/crimen-organizado\/nuevas-evidencias-sobre-el-reclutamiento-ilicito-de-ninos-y-adolescentes-por-parte-del-eln\/#article\",\"isPartOf\":{\"@id\":\"https:\/\/www.fiscalia.gov.co\/colombia\/crimen-organizado\/nuevas-evidencias-sobre-el-reclutamiento-ilicito-de-ninos-y-adolescentes-por-parte-del-eln\/\"},\"author\":{\"name\":\"Direcci\u00f3n de Comunicaciones Fiscal\u00eda General de la Naci\u00f3n\",\"@id\":\"https:\/\/www.fiscalia.gov.co\/colombia\/#\/schema\/person\/bf28d8ae7f1b287bbe3af484b04f43ea\"},\"headline\":\"Nuevas evidencias sobre el reclutamiento il\u00edcito de ni\u00f1os y adolescentes por parte del ELN\",\"datePublished\":\"2018-05-09T21:30:49+00:00\",\"dateModified\":\"2018-05-09T21:30:49+00:00\",\"mainEntityOfPage\":{\"@id\":\"https:\/\/www.fiscalia.gov.co\/colombia\/crimen-organizado\/nuevas-evidencias-sobre-el-reclutamiento-ilicito-de-ninos-y-adolescentes-por-parte-del-eln\/\"},\"wordCount\":660,\"publisher\":{\"@id\":\"https:\/\/www.fiscalia.gov.co\/colombia\/#organization\"},\"articleSection\":[\"Crimen organizado\"],\"inLanguage\":\"es-CO\"},{\"@type\":\"WebPage\",\"@id\":\"https:\/\/www.fiscalia.gov.co\/colombia\/crimen-organizado\/nuevas-evidencias-sobre-el-reclutamiento-ilicito-de-ninos-y-adolescentes-por-parte-del-eln\/\",\"url\":\"https:\/\/www.fiscalia.gov.co\/colombia\/crimen-organizado\/nuevas-evidencias-sobre-el-reclutamiento-ilicito-de-ninos-y-adolescentes-por-parte-del-eln\/\",\"name\":\"Fiscal\u00eda General de la Naci\u00f3n\",\"isPartOf\":{\"@id\":\"https:\/\/www.fiscalia.gov.co\/colombia\/#website\"},\"datePublished\":\"2018-05-09T21:30:49+00:00\",\"dateModified\":\"2018-05-09T21:30:49+00:00\",\"description\":\"P\u00e1gina oficial de la Fiscal\u00eda General de la Naci\u00f3n \u2013 Colombia. Garantizamos el acceso efectivo a la justicia, la verdad y la reparaci\u00f3n de las v\u00edctimas de los delitos.\",\"breadcrumb\":{\"@id\":\"https:\/\/www.fiscalia.gov.co\/colombia\/crimen-organizado\/nuevas-evidencias-sobre-el-reclutamiento-ilicito-de-ninos-y-adolescentes-por-parte-del-eln\/#breadcrumb\"},\"inLanguage\":\"es-CO\",\"potentialAction\":[{\"@type\":\"ReadAction\",\"target\":[\"https:\/\/www.fiscalia.gov.co\/colombia\/crimen-organizado\/nuevas-evidencias-sobre-el-reclutamiento-ilicito-de-ninos-y-adolescentes-por-parte-del-eln\/\"]}]},{\"@type\":\"BreadcrumbList\",\"@id\":\"https:\/\/www.fiscalia.gov.co\/colombia\/crimen-organizado\/nuevas-evidencias-sobre-el-reclutamiento-ilicito-de-ninos-y-adolescentes-por-parte-del-eln\/#breadcrumb\",\"itemListElement\":[{\"@type\":\"ListItem\",\"position\":1,\"name\":\"Home\",\"item\":\"https:\/\/www.fiscalia.gov.co\/colombia\/\"},{\"@type\":\"ListItem\",\"position\":2,\"name\":\"Nuevas evidencias sobre el reclutamiento il\u00edcito de ni\u00f1os y adolescentes por parte del ELN\"}]},{\"@type\":\"WebSite\",\"@id\":\"https:\/\/www.fiscalia.gov.co\/colombia\/#website\",\"url\":\"https:\/\/www.fiscalia.gov.co\/colombia\/\",\"name\":\"Fiscal\u00eda General de la Naci\u00f3n\",\"description\":\"P\u00e1gina oficial de la Fiscal\u00eda General de la Naci\u00f3n \u2013 Colombia. Garantizamos el acceso efectivo a la justicia, la verdad y la reparaci\u00f3n de las v\u00edctimas de los delitos.\",\"publisher\":{\"@id\":\"https:\/\/www.fiscalia.gov.co\/colombia\/#organization\"},\"potentialAction\":[{\"@type\":\"SearchAction\",\"target\":{\"@type\":\"EntryPoint\",\"urlTemplate\":\"https:\/\/www.fiscalia.gov.co\/colombia\/?s={search_term_string}\"},\"query-input\":{\"@type\":\"PropertyValueSpecification\",\"valueRequired\":true,\"valueName\":\"search_term_string\"}}],\"inLanguage\":\"es-CO\"},{\"@type\":\"Organization\",\"@id\":\"https:\/\/www.fiscalia.gov.co\/colombia\/#organization\",\"name\":\"Fiscal\u00eda General de la Naci\u00f3n\",\"url\":\"https:\/\/www.fiscalia.gov.co\/colombia\/\",\"logo\":{\"@type\":\"ImageObject\",\"inLanguage\":\"es-CO\",\"@id\":\"https:\/\/www.fiscalia.gov.co\/colombia\/#\/schema\/logo\/image\/\",\"url\":\"https:\/\/www.fiscalia.gov.co\/colombia\/wp-content\/uploads\/LogoHorizontal_1.jpg\",\"contentUrl\":\"https:\/\/www.fiscalia.gov.co\/colombia\/wp-content\/uploads\/LogoHorizontal_1.jpg\",\"width\":300,\"height\":90,\"caption\":\"Fiscal\u00eda General de la Naci\u00f3n\"},\"image\":{\"@id\":\"https:\/\/www.fiscalia.gov.co\/colombia\/#\/schema\/logo\/image\/\"},\"sameAs\":[\"https:\/\/www.facebook.com\/FiscaliaCol\",\"https:\/\/x.com\/FiscaliaCol\",\"https:\/\/www.instagram.com\/fiscaliacol\",\"https:\/\/www.linkedin.com\/company\/fiscalia-general-de-la-naci-n\/\",\"https:\/\/youtube.com\/@fiscaliageneraldelanacion-4668?si=6nN79nyQICPU5iTh\"]},{\"@type\":\"Person\",\"@id\":\"https:\/\/www.fiscalia.gov.co\/colombia\/#\/schema\/person\/bf28d8ae7f1b287bbe3af484b04f43ea\",\"name\":\"Direcci\u00f3n de Comunicaciones Fiscal\u00eda General de la Naci\u00f3n\",\"image\":{\"@type\":\"ImageObject\",\"inLanguage\":\"es-CO\",\"@id\":\"https:\/\/www.fiscalia.gov.co\/colombia\/#\/schema\/person\/image\/\",\"url\":\"https:\/\/secure.gravatar.com\/avatar\/9d55ae161d32da16dbdd0b380c080a5f?s=96&d=mm&r=g\",\"contentUrl\":\"https:\/\/secure.gravatar.com\/avatar\/9d55ae161d32da16dbdd0b380c080a5f?s=96&d=mm&r=g\",\"caption\":\"Direcci\u00f3n de Comunicaciones Fiscal\u00eda General de la Naci\u00f3n\"},\"url\":\"https:\/\/www.fiscalia.gov.co\/colombia\/author\/kbonilla\/\"}]}<\/script>\n<!-- \/ Yoast SEO plugin. -->","yoast_head_json":{"title":"Fiscal\u00eda General de la Naci\u00f3n","description":"P\u00e1gina oficial de la Fiscal\u00eda General de la Naci\u00f3n \u2013 Colombia. Garantizamos el acceso efectivo a la justicia, la verdad y la reparaci\u00f3n de las v\u00edctimas de los delitos.","robots":{"index":"noindex","follow":"follow"},"og_locale":"es_ES","og_type":"article","og_title":"Fiscal\u00eda General de la Naci\u00f3n","og_description":"P\u00e1gina oficial de la Fiscal\u00eda General de la Naci\u00f3n \u2013 Colombia. Garantizamos el acceso efectivo a la justicia, la verdad y la reparaci\u00f3n de las v\u00edctimas de los delitos.","og_url":"https:\/\/www.fiscalia.gov.co\/colombia\/crimen-organizado\/nuevas-evidencias-sobre-el-reclutamiento-ilicito-de-ninos-y-adolescentes-por-parte-del-eln\/","og_site_name":"Fiscal\u00eda General de la Naci\u00f3n","article_publisher":"https:\/\/www.facebook.com\/FiscaliaCol","article_published_time":"2018-05-09T21:30:49+00:00","author":"Direcci\u00f3n de Comunicaciones Fiscal\u00eda General de la Naci\u00f3n","twitter_card":"summary_large_image","twitter_creator":"@FiscaliaCol","twitter_site":"@FiscaliaCol","twitter_misc":{"Escrito por":"Direcci\u00f3n de Comunicaciones Fiscal\u00eda General de la Naci\u00f3n","Tiempo de lectura":"3 minutos"},"schema":{"@context":"https:\/\/schema.org","@graph":[{"@type":"Article","@id":"https:\/\/www.fiscalia.gov.co\/colombia\/crimen-organizado\/nuevas-evidencias-sobre-el-reclutamiento-ilicito-de-ninos-y-adolescentes-por-parte-del-eln\/#article","isPartOf":{"@id":"https:\/\/www.fiscalia.gov.co\/colombia\/crimen-organizado\/nuevas-evidencias-sobre-el-reclutamiento-ilicito-de-ninos-y-adolescentes-por-parte-del-eln\/"},"author":{"name":"Direcci\u00f3n de Comunicaciones Fiscal\u00eda General de la Naci\u00f3n","@id":"https:\/\/www.fiscalia.gov.co\/colombia\/#\/schema\/person\/bf28d8ae7f1b287bbe3af484b04f43ea"},"headline":"Nuevas evidencias sobre el reclutamiento il\u00edcito de ni\u00f1os y adolescentes por parte del ELN","datePublished":"2018-05-09T21:30:49+00:00","dateModified":"2018-05-09T21:30:49+00:00","mainEntityOfPage":{"@id":"https:\/\/www.fiscalia.gov.co\/colombia\/crimen-organizado\/nuevas-evidencias-sobre-el-reclutamiento-ilicito-de-ninos-y-adolescentes-por-parte-del-eln\/"},"wordCount":660,"publisher":{"@id":"https:\/\/www.fiscalia.gov.co\/colombia\/#organization"},"articleSection":["Crimen organizado"],"inLanguage":"es-CO"},{"@type":"WebPage","@id":"https:\/\/www.fiscalia.gov.co\/colombia\/crimen-organizado\/nuevas-evidencias-sobre-el-reclutamiento-ilicito-de-ninos-y-adolescentes-por-parte-del-eln\/","url":"https:\/\/www.fiscalia.gov.co\/colombia\/crimen-organizado\/nuevas-evidencias-sobre-el-reclutamiento-ilicito-de-ninos-y-adolescentes-por-parte-del-eln\/","name":"Fiscal\u00eda General de la Naci\u00f3n","isPartOf":{"@id":"https:\/\/www.fiscalia.gov.co\/colombia\/#website"},"datePublished":"2018-05-09T21:30:49+00:00","dateModified":"2018-05-09T21:30:49+00:00","description":"P\u00e1gina oficial de la Fiscal\u00eda General de la Naci\u00f3n \u2013 Colombia. Garantizamos el acceso efectivo a la justicia, la verdad y la reparaci\u00f3n de las v\u00edctimas de los delitos.","breadcrumb":{"@id":"https:\/\/www.fiscalia.gov.co\/colombia\/crimen-organizado\/nuevas-evidencias-sobre-el-reclutamiento-ilicito-de-ninos-y-adolescentes-por-parte-del-eln\/#breadcrumb"},"inLanguage":"es-CO","potentialAction":[{"@type":"ReadAction","target":["https:\/\/www.fiscalia.gov.co\/colombia\/crimen-organizado\/nuevas-evidencias-sobre-el-reclutamiento-ilicito-de-ninos-y-adolescentes-por-parte-del-eln\/"]}]},{"@type":"BreadcrumbList","@id":"https:\/\/www.fiscalia.gov.co\/colombia\/crimen-organizado\/nuevas-evidencias-sobre-el-reclutamiento-ilicito-de-ninos-y-adolescentes-por-parte-del-eln\/#breadcrumb","itemListElement":[{"@type":"ListItem","position":1,"name":"Home","item":"https:\/\/www.fiscalia.gov.co\/colombia\/"},{"@type":"ListItem","position":2,"name":"Nuevas evidencias sobre el reclutamiento il\u00edcito de ni\u00f1os y adolescentes por parte del ELN"}]},{"@type":"WebSite","@id":"https:\/\/www.fiscalia.gov.co\/colombia\/#website","url":"https:\/\/www.fiscalia.gov.co\/colombia\/","name":"Fiscal\u00eda General de la Naci\u00f3n","description":"P\u00e1gina oficial de la Fiscal\u00eda General de la Naci\u00f3n \u2013 Colombia. Garantizamos el acceso efectivo a la justicia, la verdad y la reparaci\u00f3n de las v\u00edctimas de los delitos.","publisher":{"@id":"https:\/\/www.fiscalia.gov.co\/colombia\/#organization"},"potentialAction":[{"@type":"SearchAction","target":{"@type":"EntryPoint","urlTemplate":"https:\/\/www.fiscalia.gov.co\/colombia\/?s={search_term_string}"},"query-input":{"@type":"PropertyValueSpecification","valueRequired":true,"valueName":"search_term_string"}}],"inLanguage":"es-CO"},{"@type":"Organization","@id":"https:\/\/www.fiscalia.gov.co\/colombia\/#organization","name":"Fiscal\u00eda General de la Naci\u00f3n","url":"https:\/\/www.fiscalia.gov.co\/colombia\/","logo":{"@type":"ImageObject","inLanguage":"es-CO","@id":"https:\/\/www.fiscalia.gov.co\/colombia\/#\/schema\/logo\/image\/","url":"https:\/\/www.fiscalia.gov.co\/colombia\/wp-content\/uploads\/LogoHorizontal_1.jpg","contentUrl":"https:\/\/www.fiscalia.gov.co\/colombia\/wp-content\/uploads\/LogoHorizontal_1.jpg","width":300,"height":90,"caption":"Fiscal\u00eda General de la Naci\u00f3n"},"image":{"@id":"https:\/\/www.fiscalia.gov.co\/colombia\/#\/schema\/logo\/image\/"},"sameAs":["https:\/\/www.facebook.com\/FiscaliaCol","https:\/\/x.com\/FiscaliaCol","https:\/\/www.instagram.com\/fiscaliacol","https:\/\/www.linkedin.com\/company\/fiscalia-general-de-la-naci-n\/","https:\/\/youtube.com\/@fiscaliageneraldelanacion-4668?si=6nN79nyQICPU5iTh"]},{"@type":"Person","@id":"https:\/\/www.fiscalia.gov.co\/colombia\/#\/schema\/person\/bf28d8ae7f1b287bbe3af484b04f43ea","name":"Direcci\u00f3n de Comunicaciones Fiscal\u00eda General de la Naci\u00f3n","image":{"@type":"ImageObject","inLanguage":"es-CO","@id":"https:\/\/www.fiscalia.gov.co\/colombia\/#\/schema\/person\/image\/","url":"https:\/\/secure.gravatar.com\/avatar\/9d55ae161d32da16dbdd0b380c080a5f?s=96&d=mm&r=g","contentUrl":"https:\/\/secure.gravatar.com\/avatar\/9d55ae161d32da16dbdd0b380c080a5f?s=96&d=mm&r=g","caption":"Direcci\u00f3n de Comunicaciones Fiscal\u00eda General de la Naci\u00f3n"},"url":"https:\/\/www.fiscalia.gov.co\/colombia\/author\/kbonilla\/"}]}},"_links":{"self":[{"href":"https:\/\/www.fiscalia.gov.co\/colombia\/wp-json\/wp\/v2\/posts\/163118","targetHints":{"allow":["GET"]}}],"collection":[{"href":"https:\/\/www.fiscalia.gov.co\/colombia\/wp-json\/wp\/v2\/posts"}],"about":[{"href":"https:\/\/www.fiscalia.gov.co\/colombia\/wp-json\/wp\/v2\/types\/post"}],"author":[{"embeddable":true,"href":"https:\/\/www.fiscalia.gov.co\/colombia\/wp-json\/wp\/v2\/users\/162"}],"replies":[{"embeddable":true,"href":"https:\/\/www.fiscalia.gov.co\/colombia\/wp-json\/wp\/v2\/comments?post=163118"}],"version-history":[{"count":1,"href":"https:\/\/www.fiscalia.gov.co\/colombia\/wp-json\/wp\/v2\/posts\/163118\/revisions"}],"predecessor-version":[{"id":163119,"href":"https:\/\/www.fiscalia.gov.co\/colombia\/wp-json\/wp\/v2\/posts\/163118\/revisions\/163119"}],"wp:attachment":[{"href":"https:\/\/www.fiscalia.gov.co\/colombia\/wp-json\/wp\/v2\/media?parent=163118"}],"wp:term":[{"taxonomy":"category","embeddable":true,"href":"https:\/\/www.fiscalia.gov.co\/colombia\/wp-json\/wp\/v2\/categories?post=163118"},{"taxonomy":"post_tag","embeddable":true,"href":"https:\/\/www.fiscalia.gov.co\/colombia\/wp-json\/wp\/v2\/tags?post=163118"}],"curies":[{"name":"wp","href":"https:\/\/api.w.org\/{rel}","templated":true}]}}