{"id":162910,"date":"2018-05-04T11:42:32","date_gmt":"2018-05-04T16:42:32","guid":{"rendered":"https:\/\/www.fiscalia.gov.co\/colombia\/?p=162910"},"modified":"2018-05-04T11:42:32","modified_gmt":"2018-05-04T16:42:32","slug":"cruzada-contra-la-violencia-sexual","status":"publish","type":"post","link":"https:\/\/www.fiscalia.gov.co\/colombia\/vicefiscal-general-de-la-nacion\/cruzada-contra-la-violencia-sexual\/","title":{"rendered":"Cruzada contra la violencia sexual"},"content":{"rendered":"<p>Primera jornada de apoyo a las v\u00edctimas<\/p>\n<p><em><u>Fiscal\u00eda lider\u00f3 la primera jornada nacional de lucha contra los delitos de violencia sexual.&nbsp; Fueron imputadas 720 personas por diferentes conductas que afectan la integridad sexual. <\/u><\/em><\/p>\n<p>La Fiscal\u00eda General de la Naci\u00f3n contin\u00faa su cruzada contra la violencia sexual y violencia basada en g\u00e9nero desde la perspectiva penal a trav\u00e9s de la lucha contra la impunidad, para lo cual llev\u00f3 a cabo la primera de las dos jornadas programadas para este a\u00f1o con el fin de perseguir a quienes cometen estos delitos.<\/p>\n<p>La jornada, que se llev\u00f3 a cabo durante 11 d\u00edas (del 16 al 27 de abril) tuvo como escenario 33 seccionales de la Fiscal\u00eda en todo el pa\u00eds, entre las que se destacaron Antioquia, Bogot\u00e1, C\u00f3rdoba, Magdalena y Sucre.&nbsp;<\/p>\n<p>La articulaci\u00f3n de capacidades con los cuerpos de polic\u00eda judicial del CTI y de la Polic\u00eda Nacional, permiti\u00f3 la captura de 460 personas, que estar\u00edan involucradas en uno o varios de los delitos sexuales penalizados por la ley.<\/p>\n<p>Los fiscales de conocimiento presentaron a los detenidos ante jueces de control de garant\u00edas y lograron 429 medidas de aseguramiento. De otra parte, 260 investigados por hechos anteriormente denunciados de violencia sexual fueron citados a audiencias de imputaci\u00f3n de cargos.&nbsp;<\/p>\n<p>El mayor n\u00famero de imputaciones se registr\u00f3 en las seccionales de Antioquia, Bogot\u00e1 y Sucre. En total fueron imputadas 720 personas por diferentes conductas que afectan la integridad sexual.<\/p>\n<p>El Fiscal General de la Naci\u00f3n, N\u00e9stor Humberto Mart\u00ednez, y la Vicefiscal, Mar\u00eda Paulina Riveros, dispusieron estrategias para contrarrestar los delitos relacionados con violencia sexual, que resultan de la m\u00e1s alta gravedad y se convirtieron en una de las 10 conductas m\u00e1s denunciadas, seg\u00fan el Censo Delictivo de la Fiscal\u00eda.<\/p>\n<p>En el compromiso de dar respuesta \u00e1gil y oportuna se cre\u00f3 el protocolo de investigaci\u00f3n y judicializaci\u00f3n, el cual brinda a fiscales e investigadores las herramientas para cumplir sus funciones con la diligencia que requieren los casos de violencia sexual, gracias a la capacitaci\u00f3n de 151 fiscales que avanzan con buen suceso en investigaciones especializadas por estas conductas.<\/p>\n<p><strong><u>Caso representativo semana del 30 de abril al 4 de mayo de 2018<\/u><\/strong><\/p>\n<ol>\n<li><strong>Capturado profesor de teatro que habr\u00eda abusado de por lo menos 7 estudiantes de un colegio en Tunja (Boyac\u00e1)<\/strong><\/li>\n<\/ol>\n<p>La Fiscal\u00eda logr\u00f3 la captura de un hombre que se presentaba como profesor de teatro y artista, y habr\u00eda abusado sexualmente de varias de sus estudiantes, de acuerdo con siete denuncias recibidas hasta el momento.<\/p>\n<p>Hace 10 a\u00f1os, el hombre trabaj\u00f3 en un colegio femenino en Tunja (Boyac\u00e1), y tuvo a su cargo grupos de teatro de aproximadamente 100 alumnas, con edades entre los 11 y los 17 a\u00f1os.<\/p>\n<p>Seg\u00fan los testimonios recopilados por la Fiscal\u00eda, el docente aprovech\u00f3 su rol y obligaba a las menores a realizar diversas actividades contra su voluntad. Al parecer, el hombre seleccion\u00f3 a varias ni\u00f1as a las que denominaba \u2018elegidas\u2019 y se presume las agred\u00eda sexualmente.<\/p>\n<p>Los investigadores establecieron que, en muchos casos, el profesor simulaba ejercicios teatrales en los que obligaba a las estudiantes a desnudarse y realizar actos sexuales entre s\u00ed. En su momento, el capturado habr\u00eda convencido a las v\u00edctimas de que todo correspond\u00eda al proceso de formaci\u00f3n teatral, en el que deb\u00edan demostrar sus capacidades art\u00edsticas para enfrentar cualquier escena o papel protag\u00f3nico. Luego de conocerse la denuncia de las v\u00edctimas el colegio solicit\u00f3 su renuncia.<\/p>\n<p>Tras la salida del docente del colegio, varias de las entonces estudiantes abusadas, hoy mayores de edad, decidieron contar a la Fiscal\u00eda los detalles de las actividades sexuales que enfrentaron. El proceso investigativo permiti\u00f3 recopilar suficiente evidencia testimonial y f\u00edsica, que sustent\u00f3 la solicitud de orden de captura.<\/p>\n<p>El profesor fue detenido por funcionarios del CTI de la Fiscal\u00eda en Tunja, y fue llevado ante un juez de control de garant\u00edas quien legaliz\u00f3 la captura. En las pr\u00f3ximas horas la Fiscal\u00eda le imputar\u00e1 cargos por acceso carnal abusivo y acto sexual abusivo con menor de 14 a\u00f1os.<\/p>\n<p>La Fiscal\u00eda hace un llamado a la ciudadan\u00eda para que recuerde que los delitos de \u00edndole sexual van m\u00e1s all\u00e1 del acceso carnal violento e incluyen una gran variedad de agresiones y comportamientos con contenido sexual, que lesionan la integridad y libertad de la persona afectada.&nbsp;<\/p>\n<p>&nbsp;<\/p>\n<p>LCH\/MRC\/DLBM<\/p>\n\n<div class=\"twitter-share\"><a href=\"https:\/\/twitter.com\/intent\/tweet?via=fiscaliacol\" class=\"twitter-share-button\">Tweet<\/a><\/div>\n","protected":false},"excerpt":{"rendered":"<p>Primera jornada de apoyo a las v\u00edctimas Fiscal\u00eda lider\u00f3 la primera jornada nacional de lucha contra los delitos de violencia sexual.&nbsp; Fueron imputadas 720 personas por diferentes conductas que afectan [&hellip;]<\/p>\n","protected":false},"author":162,"featured_media":0,"comment_status":"closed","ping_status":"open","sticky":false,"template":"","format":"standard","meta":{"tdm_status":"","tdm_grid_status":"","footnotes":""},"categories":[24126,24127],"tags":[],"class_list":["post-162910","post","type-post","status-publish","format-standard","category-vicefiscal-general-de-la-nacion","category-violencia-sexual-e-intrafamiliar"],"yoast_head":"<!-- This site is optimized with the Yoast SEO plugin v24.3 - https:\/\/yoast.com\/wordpress\/plugins\/seo\/ -->\n<title>Fiscal\u00eda General de la Naci\u00f3n<\/title>\n<meta name=\"description\" content=\"P\u00e1gina oficial de la Fiscal\u00eda General de la Naci\u00f3n \u2013 Colombia. Garantizamos el acceso efectivo a la justicia, la verdad y la reparaci\u00f3n de las v\u00edctimas de los delitos.\" \/>\n<meta name=\"robots\" content=\"noindex, follow\" \/>\n<meta property=\"og:locale\" content=\"es_ES\" \/>\n<meta property=\"og:type\" content=\"article\" \/>\n<meta property=\"og:title\" content=\"Fiscal\u00eda General de la Naci\u00f3n\" \/>\n<meta property=\"og:description\" content=\"P\u00e1gina oficial de la Fiscal\u00eda General de la Naci\u00f3n \u2013 Colombia. Garantizamos el acceso efectivo a la justicia, la verdad y la reparaci\u00f3n de las v\u00edctimas de los delitos.\" \/>\n<meta property=\"og:url\" content=\"https:\/\/www.fiscalia.gov.co\/colombia\/vicefiscal-general-de-la-nacion\/cruzada-contra-la-violencia-sexual\/\" \/>\n<meta property=\"og:site_name\" content=\"Fiscal\u00eda General de la Naci\u00f3n\" \/>\n<meta property=\"article:publisher\" content=\"https:\/\/www.facebook.com\/FiscaliaCol\" \/>\n<meta property=\"article:published_time\" content=\"2018-05-04T16:42:32+00:00\" \/>\n<meta name=\"author\" content=\"Direcci\u00f3n de Comunicaciones Fiscal\u00eda General de la Naci\u00f3n\" \/>\n<meta name=\"twitter:card\" content=\"summary_large_image\" \/>\n<meta name=\"twitter:creator\" content=\"@FiscaliaCol\" \/>\n<meta name=\"twitter:site\" content=\"@FiscaliaCol\" \/>\n<meta name=\"twitter:label1\" content=\"Escrito por\" \/>\n\t<meta name=\"twitter:data1\" content=\"Direcci\u00f3n de Comunicaciones Fiscal\u00eda General de la Naci\u00f3n\" \/>\n\t<meta name=\"twitter:label2\" content=\"Tiempo de lectura\" \/>\n\t<meta name=\"twitter:data2\" content=\"4 minutos\" \/>\n<script type=\"application\/ld+json\" class=\"yoast-schema-graph\">{\"@context\":\"https:\/\/schema.org\",\"@graph\":[{\"@type\":\"Article\",\"@id\":\"https:\/\/www.fiscalia.gov.co\/colombia\/vicefiscal-general-de-la-nacion\/cruzada-contra-la-violencia-sexual\/#article\",\"isPartOf\":{\"@id\":\"https:\/\/www.fiscalia.gov.co\/colombia\/vicefiscal-general-de-la-nacion\/cruzada-contra-la-violencia-sexual\/\"},\"author\":{\"name\":\"Direcci\u00f3n de Comunicaciones Fiscal\u00eda General de la Naci\u00f3n\",\"@id\":\"https:\/\/www.fiscalia.gov.co\/colombia\/#\/schema\/person\/bf28d8ae7f1b287bbe3af484b04f43ea\"},\"headline\":\"Cruzada contra la violencia sexual\",\"datePublished\":\"2018-05-04T16:42:32+00:00\",\"dateModified\":\"2018-05-04T16:42:32+00:00\",\"mainEntityOfPage\":{\"@id\":\"https:\/\/www.fiscalia.gov.co\/colombia\/vicefiscal-general-de-la-nacion\/cruzada-contra-la-violencia-sexual\/\"},\"wordCount\":754,\"publisher\":{\"@id\":\"https:\/\/www.fiscalia.gov.co\/colombia\/#organization\"},\"articleSection\":[\"Vicefiscal General de la Naci\u00f3n\",\"Violencia sexual e intrafamiliar\"],\"inLanguage\":\"es-CO\"},{\"@type\":\"WebPage\",\"@id\":\"https:\/\/www.fiscalia.gov.co\/colombia\/vicefiscal-general-de-la-nacion\/cruzada-contra-la-violencia-sexual\/\",\"url\":\"https:\/\/www.fiscalia.gov.co\/colombia\/vicefiscal-general-de-la-nacion\/cruzada-contra-la-violencia-sexual\/\",\"name\":\"Fiscal\u00eda General de la Naci\u00f3n\",\"isPartOf\":{\"@id\":\"https:\/\/www.fiscalia.gov.co\/colombia\/#website\"},\"datePublished\":\"2018-05-04T16:42:32+00:00\",\"dateModified\":\"2018-05-04T16:42:32+00:00\",\"description\":\"P\u00e1gina oficial de la Fiscal\u00eda General de la Naci\u00f3n \u2013 Colombia. Garantizamos el acceso efectivo a la justicia, la verdad y la reparaci\u00f3n de las v\u00edctimas de los delitos.\",\"breadcrumb\":{\"@id\":\"https:\/\/www.fiscalia.gov.co\/colombia\/vicefiscal-general-de-la-nacion\/cruzada-contra-la-violencia-sexual\/#breadcrumb\"},\"inLanguage\":\"es-CO\",\"potentialAction\":[{\"@type\":\"ReadAction\",\"target\":[\"https:\/\/www.fiscalia.gov.co\/colombia\/vicefiscal-general-de-la-nacion\/cruzada-contra-la-violencia-sexual\/\"]}]},{\"@type\":\"BreadcrumbList\",\"@id\":\"https:\/\/www.fiscalia.gov.co\/colombia\/vicefiscal-general-de-la-nacion\/cruzada-contra-la-violencia-sexual\/#breadcrumb\",\"itemListElement\":[{\"@type\":\"ListItem\",\"position\":1,\"name\":\"Home\",\"item\":\"https:\/\/www.fiscalia.gov.co\/colombia\/\"},{\"@type\":\"ListItem\",\"position\":2,\"name\":\"Cruzada contra la violencia sexual\"}]},{\"@type\":\"WebSite\",\"@id\":\"https:\/\/www.fiscalia.gov.co\/colombia\/#website\",\"url\":\"https:\/\/www.fiscalia.gov.co\/colombia\/\",\"name\":\"Fiscal\u00eda General de la Naci\u00f3n\",\"description\":\"P\u00e1gina oficial de la Fiscal\u00eda General de la Naci\u00f3n \u2013 Colombia. Garantizamos el acceso efectivo a la justicia, la verdad y la reparaci\u00f3n de las v\u00edctimas de los delitos.\",\"publisher\":{\"@id\":\"https:\/\/www.fiscalia.gov.co\/colombia\/#organization\"},\"potentialAction\":[{\"@type\":\"SearchAction\",\"target\":{\"@type\":\"EntryPoint\",\"urlTemplate\":\"https:\/\/www.fiscalia.gov.co\/colombia\/?s={search_term_string}\"},\"query-input\":{\"@type\":\"PropertyValueSpecification\",\"valueRequired\":true,\"valueName\":\"search_term_string\"}}],\"inLanguage\":\"es-CO\"},{\"@type\":\"Organization\",\"@id\":\"https:\/\/www.fiscalia.gov.co\/colombia\/#organization\",\"name\":\"Fiscal\u00eda General de la Naci\u00f3n\",\"url\":\"https:\/\/www.fiscalia.gov.co\/colombia\/\",\"logo\":{\"@type\":\"ImageObject\",\"inLanguage\":\"es-CO\",\"@id\":\"https:\/\/www.fiscalia.gov.co\/colombia\/#\/schema\/logo\/image\/\",\"url\":\"https:\/\/www.fiscalia.gov.co\/colombia\/wp-content\/uploads\/LogoHorizontal_1.jpg\",\"contentUrl\":\"https:\/\/www.fiscalia.gov.co\/colombia\/wp-content\/uploads\/LogoHorizontal_1.jpg\",\"width\":300,\"height\":90,\"caption\":\"Fiscal\u00eda General de la Naci\u00f3n\"},\"image\":{\"@id\":\"https:\/\/www.fiscalia.gov.co\/colombia\/#\/schema\/logo\/image\/\"},\"sameAs\":[\"https:\/\/www.facebook.com\/FiscaliaCol\",\"https:\/\/x.com\/FiscaliaCol\",\"https:\/\/www.instagram.com\/fiscaliacol\",\"https:\/\/www.linkedin.com\/company\/fiscalia-general-de-la-naci-n\/\",\"https:\/\/youtube.com\/@fiscaliageneraldelanacion-4668?si=6nN79nyQICPU5iTh\"]},{\"@type\":\"Person\",\"@id\":\"https:\/\/www.fiscalia.gov.co\/colombia\/#\/schema\/person\/bf28d8ae7f1b287bbe3af484b04f43ea\",\"name\":\"Direcci\u00f3n de Comunicaciones Fiscal\u00eda General de la Naci\u00f3n\",\"image\":{\"@type\":\"ImageObject\",\"inLanguage\":\"es-CO\",\"@id\":\"https:\/\/www.fiscalia.gov.co\/colombia\/#\/schema\/person\/image\/\",\"url\":\"https:\/\/secure.gravatar.com\/avatar\/9d55ae161d32da16dbdd0b380c080a5f?s=96&d=mm&r=g\",\"contentUrl\":\"https:\/\/secure.gravatar.com\/avatar\/9d55ae161d32da16dbdd0b380c080a5f?s=96&d=mm&r=g\",\"caption\":\"Direcci\u00f3n de Comunicaciones Fiscal\u00eda General de la Naci\u00f3n\"},\"url\":\"https:\/\/www.fiscalia.gov.co\/colombia\/author\/kbonilla\/\"}]}<\/script>\n<!-- \/ Yoast SEO plugin. -->","yoast_head_json":{"title":"Fiscal\u00eda General de la Naci\u00f3n","description":"P\u00e1gina oficial de la Fiscal\u00eda General de la Naci\u00f3n \u2013 Colombia. Garantizamos el acceso efectivo a la justicia, la verdad y la reparaci\u00f3n de las v\u00edctimas de los delitos.","robots":{"index":"noindex","follow":"follow"},"og_locale":"es_ES","og_type":"article","og_title":"Fiscal\u00eda General de la Naci\u00f3n","og_description":"P\u00e1gina oficial de la Fiscal\u00eda General de la Naci\u00f3n \u2013 Colombia. Garantizamos el acceso efectivo a la justicia, la verdad y la reparaci\u00f3n de las v\u00edctimas de los delitos.","og_url":"https:\/\/www.fiscalia.gov.co\/colombia\/vicefiscal-general-de-la-nacion\/cruzada-contra-la-violencia-sexual\/","og_site_name":"Fiscal\u00eda General de la Naci\u00f3n","article_publisher":"https:\/\/www.facebook.com\/FiscaliaCol","article_published_time":"2018-05-04T16:42:32+00:00","author":"Direcci\u00f3n de Comunicaciones Fiscal\u00eda General de la Naci\u00f3n","twitter_card":"summary_large_image","twitter_creator":"@FiscaliaCol","twitter_site":"@FiscaliaCol","twitter_misc":{"Escrito por":"Direcci\u00f3n de Comunicaciones Fiscal\u00eda General de la Naci\u00f3n","Tiempo de lectura":"4 minutos"},"schema":{"@context":"https:\/\/schema.org","@graph":[{"@type":"Article","@id":"https:\/\/www.fiscalia.gov.co\/colombia\/vicefiscal-general-de-la-nacion\/cruzada-contra-la-violencia-sexual\/#article","isPartOf":{"@id":"https:\/\/www.fiscalia.gov.co\/colombia\/vicefiscal-general-de-la-nacion\/cruzada-contra-la-violencia-sexual\/"},"author":{"name":"Direcci\u00f3n de Comunicaciones Fiscal\u00eda General de la Naci\u00f3n","@id":"https:\/\/www.fiscalia.gov.co\/colombia\/#\/schema\/person\/bf28d8ae7f1b287bbe3af484b04f43ea"},"headline":"Cruzada contra la violencia sexual","datePublished":"2018-05-04T16:42:32+00:00","dateModified":"2018-05-04T16:42:32+00:00","mainEntityOfPage":{"@id":"https:\/\/www.fiscalia.gov.co\/colombia\/vicefiscal-general-de-la-nacion\/cruzada-contra-la-violencia-sexual\/"},"wordCount":754,"publisher":{"@id":"https:\/\/www.fiscalia.gov.co\/colombia\/#organization"},"articleSection":["Vicefiscal General de la Naci\u00f3n","Violencia sexual e intrafamiliar"],"inLanguage":"es-CO"},{"@type":"WebPage","@id":"https:\/\/www.fiscalia.gov.co\/colombia\/vicefiscal-general-de-la-nacion\/cruzada-contra-la-violencia-sexual\/","url":"https:\/\/www.fiscalia.gov.co\/colombia\/vicefiscal-general-de-la-nacion\/cruzada-contra-la-violencia-sexual\/","name":"Fiscal\u00eda General de la Naci\u00f3n","isPartOf":{"@id":"https:\/\/www.fiscalia.gov.co\/colombia\/#website"},"datePublished":"2018-05-04T16:42:32+00:00","dateModified":"2018-05-04T16:42:32+00:00","description":"P\u00e1gina oficial de la Fiscal\u00eda General de la Naci\u00f3n \u2013 Colombia. Garantizamos el acceso efectivo a la justicia, la verdad y la reparaci\u00f3n de las v\u00edctimas de los delitos.","breadcrumb":{"@id":"https:\/\/www.fiscalia.gov.co\/colombia\/vicefiscal-general-de-la-nacion\/cruzada-contra-la-violencia-sexual\/#breadcrumb"},"inLanguage":"es-CO","potentialAction":[{"@type":"ReadAction","target":["https:\/\/www.fiscalia.gov.co\/colombia\/vicefiscal-general-de-la-nacion\/cruzada-contra-la-violencia-sexual\/"]}]},{"@type":"BreadcrumbList","@id":"https:\/\/www.fiscalia.gov.co\/colombia\/vicefiscal-general-de-la-nacion\/cruzada-contra-la-violencia-sexual\/#breadcrumb","itemListElement":[{"@type":"ListItem","position":1,"name":"Home","item":"https:\/\/www.fiscalia.gov.co\/colombia\/"},{"@type":"ListItem","position":2,"name":"Cruzada contra la violencia sexual"}]},{"@type":"WebSite","@id":"https:\/\/www.fiscalia.gov.co\/colombia\/#website","url":"https:\/\/www.fiscalia.gov.co\/colombia\/","name":"Fiscal\u00eda General de la Naci\u00f3n","description":"P\u00e1gina oficial de la Fiscal\u00eda General de la Naci\u00f3n \u2013 Colombia. Garantizamos el acceso efectivo a la justicia, la verdad y la reparaci\u00f3n de las v\u00edctimas de los delitos.","publisher":{"@id":"https:\/\/www.fiscalia.gov.co\/colombia\/#organization"},"potentialAction":[{"@type":"SearchAction","target":{"@type":"EntryPoint","urlTemplate":"https:\/\/www.fiscalia.gov.co\/colombia\/?s={search_term_string}"},"query-input":{"@type":"PropertyValueSpecification","valueRequired":true,"valueName":"search_term_string"}}],"inLanguage":"es-CO"},{"@type":"Organization","@id":"https:\/\/www.fiscalia.gov.co\/colombia\/#organization","name":"Fiscal\u00eda General de la Naci\u00f3n","url":"https:\/\/www.fiscalia.gov.co\/colombia\/","logo":{"@type":"ImageObject","inLanguage":"es-CO","@id":"https:\/\/www.fiscalia.gov.co\/colombia\/#\/schema\/logo\/image\/","url":"https:\/\/www.fiscalia.gov.co\/colombia\/wp-content\/uploads\/LogoHorizontal_1.jpg","contentUrl":"https:\/\/www.fiscalia.gov.co\/colombia\/wp-content\/uploads\/LogoHorizontal_1.jpg","width":300,"height":90,"caption":"Fiscal\u00eda General de la Naci\u00f3n"},"image":{"@id":"https:\/\/www.fiscalia.gov.co\/colombia\/#\/schema\/logo\/image\/"},"sameAs":["https:\/\/www.facebook.com\/FiscaliaCol","https:\/\/x.com\/FiscaliaCol","https:\/\/www.instagram.com\/fiscaliacol","https:\/\/www.linkedin.com\/company\/fiscalia-general-de-la-naci-n\/","https:\/\/youtube.com\/@fiscaliageneraldelanacion-4668?si=6nN79nyQICPU5iTh"]},{"@type":"Person","@id":"https:\/\/www.fiscalia.gov.co\/colombia\/#\/schema\/person\/bf28d8ae7f1b287bbe3af484b04f43ea","name":"Direcci\u00f3n de Comunicaciones Fiscal\u00eda General de la Naci\u00f3n","image":{"@type":"ImageObject","inLanguage":"es-CO","@id":"https:\/\/www.fiscalia.gov.co\/colombia\/#\/schema\/person\/image\/","url":"https:\/\/secure.gravatar.com\/avatar\/9d55ae161d32da16dbdd0b380c080a5f?s=96&d=mm&r=g","contentUrl":"https:\/\/secure.gravatar.com\/avatar\/9d55ae161d32da16dbdd0b380c080a5f?s=96&d=mm&r=g","caption":"Direcci\u00f3n de Comunicaciones Fiscal\u00eda General de la Naci\u00f3n"},"url":"https:\/\/www.fiscalia.gov.co\/colombia\/author\/kbonilla\/"}]}},"_links":{"self":[{"href":"https:\/\/www.fiscalia.gov.co\/colombia\/wp-json\/wp\/v2\/posts\/162910","targetHints":{"allow":["GET"]}}],"collection":[{"href":"https:\/\/www.fiscalia.gov.co\/colombia\/wp-json\/wp\/v2\/posts"}],"about":[{"href":"https:\/\/www.fiscalia.gov.co\/colombia\/wp-json\/wp\/v2\/types\/post"}],"author":[{"embeddable":true,"href":"https:\/\/www.fiscalia.gov.co\/colombia\/wp-json\/wp\/v2\/users\/162"}],"replies":[{"embeddable":true,"href":"https:\/\/www.fiscalia.gov.co\/colombia\/wp-json\/wp\/v2\/comments?post=162910"}],"version-history":[{"count":1,"href":"https:\/\/www.fiscalia.gov.co\/colombia\/wp-json\/wp\/v2\/posts\/162910\/revisions"}],"predecessor-version":[{"id":162911,"href":"https:\/\/www.fiscalia.gov.co\/colombia\/wp-json\/wp\/v2\/posts\/162910\/revisions\/162911"}],"wp:attachment":[{"href":"https:\/\/www.fiscalia.gov.co\/colombia\/wp-json\/wp\/v2\/media?parent=162910"}],"wp:term":[{"taxonomy":"category","embeddable":true,"href":"https:\/\/www.fiscalia.gov.co\/colombia\/wp-json\/wp\/v2\/categories?post=162910"},{"taxonomy":"post_tag","embeddable":true,"href":"https:\/\/www.fiscalia.gov.co\/colombia\/wp-json\/wp\/v2\/tags?post=162910"}],"curies":[{"name":"wp","href":"https:\/\/api.w.org\/{rel}","templated":true}]}}