{"id":162038,"date":"2018-04-15T16:32:25","date_gmt":"2018-04-15T21:32:25","guid":{"rendered":"https:\/\/www.fiscalia.gov.co\/colombia\/?p=162038"},"modified":"2018-04-15T20:34:30","modified_gmt":"2018-04-16T01:34:30","slug":"tribunal-superior-de-bogota-ratifica-competencia-de-la-fiscalia-en-proceso-de-extradicion-en-contra-de-jesus-santrich","status":"publish","type":"post","link":"https:\/\/www.fiscalia.gov.co\/colombia\/crimen-organizado\/tribunal-superior-de-bogota-ratifica-competencia-de-la-fiscalia-en-proceso-de-extradicion-en-contra-de-jesus-santrich\/","title":{"rendered":"TRIBUNAL SUPERIOR DE BOGOT\u00c1 RATIFICA COMPETENCIA DE LA FISCAL\u00cdA EN PROCESO DE EXTRADICI\u00d3N EN CONTRA DE JES\u00daS SANTRICH"},"content":{"rendered":"<div class=\"page\" title=\"Page 1\">\n<div class=\"layoutArea\">\n<div class=\"column\">\n<p>La magistrada de la sala civil, Clara In\u00e9s M\u00e1rquez, determin\u00f3 que no se ha iniciado el tr\u00e1mite de extradici\u00f3n, motivo por el cual no corresponde la remisi\u00f3n del proceso a la Jurisdicci\u00f3n Especial para la Paz.<\/p>\n<p>En la tarde de hoy, la magistrada Clara In\u00e9s M\u00e1rquez, de la Sala Civil del Tribunal Superior del Distrito Judicial de Bogot\u00e1, rechaz\u00f3 la solicitud de Habeas Corpus presentada por el abogado de Seuxis Paucias Hern\u00e1ndez Solarte, conocido como Jes\u00fas Santrich, con la que pretend\u00eda que se le otorgara la libertad inmediata.<\/p>\n<p>La magistrada acogi\u00f3 los argumentos de la Fiscal\u00eda, que en un documento de 15 p\u00e1ginas respondi\u00f3 uno a uno los argumentos expuestos por la defensa de Santrich. \u201ces palmario que su confinamiento obedece, en estrictez, a la circular roja emitida por la Interpol A- 3648\/2018, publicada el 9 de abril de 2018 por delitos federales de narc\u00f3ticos. Es as\u00ed, como la Fiscal\u00eda General de la Naci\u00f3n, dentro del t\u00e9rmino previsto en el art\u00edculo 2.2.2.3.1 del decreto \u00fanico reglamentario 1069 de 2015, mediante resoluci\u00f3n del 13 de abril de 2018 orden\u00f3 la captura con fundamento en la comunicaci\u00f3n efectuada por el Ministerio de Relaciones Exteriores, relativa a la nota verbal 0587 de la misma fecha, procedente de la Embajada de Estados Unidos de Am\u00e9rica\u201d, se\u00f1ala la sentencia.<\/p>\n<p>En su decisi\u00f3n, la funcionaria judicial afirm\u00f3 que la Fiscal\u00eda es la entidad competente para adelantar las actuaciones relacionadas con la captura con fines de extradici\u00f3n. El Alto Tribunal pudo constatar que, a la fecha, se han cumplido los tr\u00e1mites pertinentes y que en el actual estado del procedimiento, no es oportuno, conforme al ordenamiento jur\u00eddico, remitir la actuaci\u00f3n a la Jurisdicci\u00f3n Especial para la Paz. \u201cEn consecuencia, si bien los Estados Unidos, seg\u00fan lo inform\u00f3 el ente acusador no ha formalizados la solicitud de extradici\u00f3n para que el caso sea remitido a la JEP, lo cierto es que los t\u00e9rminos que contempla la norma descrita no han fenecido, ergo, la actual aprehensi\u00f3n del se\u00f1or Seuxis Paucias est\u00e1 justificada\u201d.<\/p>\n<div class=\"page\" title=\"Page 2\">\n<div class=\"layoutArea\">\n<div class=\"column\">\n<p>Cronolog\u00eda del proceso<\/p>\n<ol>\n<li>El d\u00eda 9 de abril de 2018, fue privado de la libertad el se\u00f1or Seuxis Paucias Hern\u00e1ndez Solarte.<\/li>\n<li>El mencionado ciudadano fue puesto a disposici\u00f3n del despacho del Fiscal General de la Naci\u00f3n, el d\u00eda 10 de abril de 2018.<\/li>\n<li>Conforme a lo dispuesto en art\u00edculo 2.2.2.3.1 del Decreto 1069 de 2015, el Fiscal General de la Naci\u00f3n cuenta con un t\u00e9rmino de cinco d\u00edas h\u00e1biles para ordenar la captura con fines de extradici\u00f3n de la persona retenida con fundamento en notificaci\u00f3n roja de Interpol.<\/li>\n<li>El Fiscal General de la Naci\u00f3n orden\u00f3 la captura con fines de extradici\u00f3n mediante resoluci\u00f3n del 13 de abril de 2018, dentro del t\u00e9rmino establecido en el ordenamiento jur\u00eddico.<\/li>\n<li>Una vez se formalice el pedido de extradici\u00f3n ante el Ministerio de Relaciones Exteriores, el Ministerio de Justicia y del Derecho remitir\u00e1 el expediente de extradici\u00f3n, ante la Jurisdicci\u00f3n Especial para la Paz para los efectos del art\u00edculo transitorio 19 del Acto Legislativo No 01 del 4 de abril de 2017.<\/li>\n<\/ol>\n<p>De acuerdo con el fallo del Tribunal, el se\u00f1or Santrich seguir\u00e1 privado de la libertad, en cumplimiento de los tr\u00e1mites establecidos por la Constituci\u00f3n y la Ley, que han sido acatados a cabalidad por la Fiscal\u00eda.<\/p>\n<\/div>\n<\/div>\n<\/div>\n<\/div>\n<\/div>\n<\/div>\n\n<div class=\"twitter-share\"><a href=\"https:\/\/twitter.com\/intent\/tweet?via=fiscaliacol\" class=\"twitter-share-button\">Tweet<\/a><\/div>\n","protected":false},"excerpt":{"rendered":"<p>La magistrada de la sala civil, Clara In\u00e9s M\u00e1rquez, determin\u00f3 que no se ha iniciado el tr\u00e1mite de extradici\u00f3n, motivo por el cual no corresponde la remisi\u00f3n del proceso a [&hellip;]<\/p>\n","protected":false},"author":162,"featured_media":0,"comment_status":"closed","ping_status":"open","sticky":false,"template":"","format":"standard","meta":{"tdm_status":"","tdm_grid_status":"","footnotes":""},"categories":[24098],"tags":[],"class_list":["post-162038","post","type-post","status-publish","format-standard","category-crimen-organizado"],"yoast_head":"<!-- This site is optimized with the Yoast SEO plugin v24.3 - https:\/\/yoast.com\/wordpress\/plugins\/seo\/ -->\n<title>Fiscal\u00eda General de la Naci\u00f3n<\/title>\n<meta name=\"description\" content=\"P\u00e1gina oficial de la Fiscal\u00eda General de la Naci\u00f3n \u2013 Colombia. Garantizamos el acceso efectivo a la justicia, la verdad y la reparaci\u00f3n de las v\u00edctimas de los delitos.\" \/>\n<meta name=\"robots\" content=\"noindex, follow\" \/>\n<meta property=\"og:locale\" content=\"es_ES\" \/>\n<meta property=\"og:type\" content=\"article\" \/>\n<meta property=\"og:title\" content=\"Fiscal\u00eda General de la Naci\u00f3n\" \/>\n<meta property=\"og:description\" content=\"P\u00e1gina oficial de la Fiscal\u00eda General de la Naci\u00f3n \u2013 Colombia. Garantizamos el acceso efectivo a la justicia, la verdad y la reparaci\u00f3n de las v\u00edctimas de los delitos.\" \/>\n<meta property=\"og:url\" content=\"https:\/\/www.fiscalia.gov.co\/colombia\/crimen-organizado\/tribunal-superior-de-bogota-ratifica-competencia-de-la-fiscalia-en-proceso-de-extradicion-en-contra-de-jesus-santrich\/\" \/>\n<meta property=\"og:site_name\" content=\"Fiscal\u00eda General de la Naci\u00f3n\" \/>\n<meta property=\"article:publisher\" content=\"https:\/\/www.facebook.com\/FiscaliaCol\" \/>\n<meta property=\"article:published_time\" content=\"2018-04-15T21:32:25+00:00\" \/>\n<meta property=\"article:modified_time\" content=\"2018-04-16T01:34:30+00:00\" \/>\n<meta name=\"author\" content=\"Direcci\u00f3n de Comunicaciones Fiscal\u00eda General de la Naci\u00f3n\" \/>\n<meta name=\"twitter:card\" content=\"summary_large_image\" \/>\n<meta name=\"twitter:creator\" content=\"@FiscaliaCol\" \/>\n<meta name=\"twitter:site\" content=\"@FiscaliaCol\" \/>\n<meta name=\"twitter:label1\" content=\"Escrito por\" \/>\n\t<meta name=\"twitter:data1\" content=\"Direcci\u00f3n de Comunicaciones Fiscal\u00eda General de la Naci\u00f3n\" \/>\n\t<meta name=\"twitter:label2\" content=\"Tiempo de lectura\" \/>\n\t<meta name=\"twitter:data2\" content=\"3 minutos\" \/>\n<script type=\"application\/ld+json\" class=\"yoast-schema-graph\">{\"@context\":\"https:\/\/schema.org\",\"@graph\":[{\"@type\":\"Article\",\"@id\":\"https:\/\/www.fiscalia.gov.co\/colombia\/crimen-organizado\/tribunal-superior-de-bogota-ratifica-competencia-de-la-fiscalia-en-proceso-de-extradicion-en-contra-de-jesus-santrich\/#article\",\"isPartOf\":{\"@id\":\"https:\/\/www.fiscalia.gov.co\/colombia\/crimen-organizado\/tribunal-superior-de-bogota-ratifica-competencia-de-la-fiscalia-en-proceso-de-extradicion-en-contra-de-jesus-santrich\/\"},\"author\":{\"name\":\"Direcci\u00f3n de Comunicaciones Fiscal\u00eda General de la Naci\u00f3n\",\"@id\":\"https:\/\/www.fiscalia.gov.co\/colombia\/#\/schema\/person\/bf28d8ae7f1b287bbe3af484b04f43ea\"},\"headline\":\"TRIBUNAL SUPERIOR DE BOGOT\u00c1 RATIFICA COMPETENCIA DE LA FISCAL\u00cdA EN PROCESO DE EXTRADICI\u00d3N EN CONTRA DE JES\u00daS SANTRICH\",\"datePublished\":\"2018-04-15T21:32:25+00:00\",\"dateModified\":\"2018-04-16T01:34:30+00:00\",\"mainEntityOfPage\":{\"@id\":\"https:\/\/www.fiscalia.gov.co\/colombia\/crimen-organizado\/tribunal-superior-de-bogota-ratifica-competencia-de-la-fiscalia-en-proceso-de-extradicion-en-contra-de-jesus-santrich\/\"},\"wordCount\":596,\"publisher\":{\"@id\":\"https:\/\/www.fiscalia.gov.co\/colombia\/#organization\"},\"articleSection\":[\"Crimen organizado\"],\"inLanguage\":\"es-CO\"},{\"@type\":\"WebPage\",\"@id\":\"https:\/\/www.fiscalia.gov.co\/colombia\/crimen-organizado\/tribunal-superior-de-bogota-ratifica-competencia-de-la-fiscalia-en-proceso-de-extradicion-en-contra-de-jesus-santrich\/\",\"url\":\"https:\/\/www.fiscalia.gov.co\/colombia\/crimen-organizado\/tribunal-superior-de-bogota-ratifica-competencia-de-la-fiscalia-en-proceso-de-extradicion-en-contra-de-jesus-santrich\/\",\"name\":\"Fiscal\u00eda General de la Naci\u00f3n\",\"isPartOf\":{\"@id\":\"https:\/\/www.fiscalia.gov.co\/colombia\/#website\"},\"datePublished\":\"2018-04-15T21:32:25+00:00\",\"dateModified\":\"2018-04-16T01:34:30+00:00\",\"description\":\"P\u00e1gina oficial de la Fiscal\u00eda General de la Naci\u00f3n \u2013 Colombia. Garantizamos el acceso efectivo a la justicia, la verdad y la reparaci\u00f3n de las v\u00edctimas de los delitos.\",\"breadcrumb\":{\"@id\":\"https:\/\/www.fiscalia.gov.co\/colombia\/crimen-organizado\/tribunal-superior-de-bogota-ratifica-competencia-de-la-fiscalia-en-proceso-de-extradicion-en-contra-de-jesus-santrich\/#breadcrumb\"},\"inLanguage\":\"es-CO\",\"potentialAction\":[{\"@type\":\"ReadAction\",\"target\":[\"https:\/\/www.fiscalia.gov.co\/colombia\/crimen-organizado\/tribunal-superior-de-bogota-ratifica-competencia-de-la-fiscalia-en-proceso-de-extradicion-en-contra-de-jesus-santrich\/\"]}]},{\"@type\":\"BreadcrumbList\",\"@id\":\"https:\/\/www.fiscalia.gov.co\/colombia\/crimen-organizado\/tribunal-superior-de-bogota-ratifica-competencia-de-la-fiscalia-en-proceso-de-extradicion-en-contra-de-jesus-santrich\/#breadcrumb\",\"itemListElement\":[{\"@type\":\"ListItem\",\"position\":1,\"name\":\"Home\",\"item\":\"https:\/\/www.fiscalia.gov.co\/colombia\/\"},{\"@type\":\"ListItem\",\"position\":2,\"name\":\"TRIBUNAL SUPERIOR DE BOGOT\u00c1 RATIFICA COMPETENCIA DE LA FISCAL\u00cdA EN PROCESO DE EXTRADICI\u00d3N EN CONTRA DE JES\u00daS SANTRICH\"}]},{\"@type\":\"WebSite\",\"@id\":\"https:\/\/www.fiscalia.gov.co\/colombia\/#website\",\"url\":\"https:\/\/www.fiscalia.gov.co\/colombia\/\",\"name\":\"Fiscal\u00eda General de la Naci\u00f3n\",\"description\":\"P\u00e1gina oficial de la Fiscal\u00eda General de la Naci\u00f3n \u2013 Colombia. Garantizamos el acceso efectivo a la justicia, la verdad y la reparaci\u00f3n de las v\u00edctimas de los delitos.\",\"publisher\":{\"@id\":\"https:\/\/www.fiscalia.gov.co\/colombia\/#organization\"},\"potentialAction\":[{\"@type\":\"SearchAction\",\"target\":{\"@type\":\"EntryPoint\",\"urlTemplate\":\"https:\/\/www.fiscalia.gov.co\/colombia\/?s={search_term_string}\"},\"query-input\":{\"@type\":\"PropertyValueSpecification\",\"valueRequired\":true,\"valueName\":\"search_term_string\"}}],\"inLanguage\":\"es-CO\"},{\"@type\":\"Organization\",\"@id\":\"https:\/\/www.fiscalia.gov.co\/colombia\/#organization\",\"name\":\"Fiscal\u00eda General de la Naci\u00f3n\",\"url\":\"https:\/\/www.fiscalia.gov.co\/colombia\/\",\"logo\":{\"@type\":\"ImageObject\",\"inLanguage\":\"es-CO\",\"@id\":\"https:\/\/www.fiscalia.gov.co\/colombia\/#\/schema\/logo\/image\/\",\"url\":\"https:\/\/www.fiscalia.gov.co\/colombia\/wp-content\/uploads\/LogoHorizontal_1.jpg\",\"contentUrl\":\"https:\/\/www.fiscalia.gov.co\/colombia\/wp-content\/uploads\/LogoHorizontal_1.jpg\",\"width\":300,\"height\":90,\"caption\":\"Fiscal\u00eda General de la Naci\u00f3n\"},\"image\":{\"@id\":\"https:\/\/www.fiscalia.gov.co\/colombia\/#\/schema\/logo\/image\/\"},\"sameAs\":[\"https:\/\/www.facebook.com\/FiscaliaCol\",\"https:\/\/x.com\/FiscaliaCol\",\"https:\/\/www.instagram.com\/fiscaliacol\",\"https:\/\/www.linkedin.com\/company\/fiscalia-general-de-la-naci-n\/\",\"https:\/\/youtube.com\/@fiscaliageneraldelanacion-4668?si=6nN79nyQICPU5iTh\"]},{\"@type\":\"Person\",\"@id\":\"https:\/\/www.fiscalia.gov.co\/colombia\/#\/schema\/person\/bf28d8ae7f1b287bbe3af484b04f43ea\",\"name\":\"Direcci\u00f3n de Comunicaciones Fiscal\u00eda General de la Naci\u00f3n\",\"image\":{\"@type\":\"ImageObject\",\"inLanguage\":\"es-CO\",\"@id\":\"https:\/\/www.fiscalia.gov.co\/colombia\/#\/schema\/person\/image\/\",\"url\":\"https:\/\/secure.gravatar.com\/avatar\/9d55ae161d32da16dbdd0b380c080a5f?s=96&d=mm&r=g\",\"contentUrl\":\"https:\/\/secure.gravatar.com\/avatar\/9d55ae161d32da16dbdd0b380c080a5f?s=96&d=mm&r=g\",\"caption\":\"Direcci\u00f3n de Comunicaciones Fiscal\u00eda General de la Naci\u00f3n\"},\"url\":\"https:\/\/www.fiscalia.gov.co\/colombia\/author\/kbonilla\/\"}]}<\/script>\n<!-- \/ Yoast SEO plugin. -->","yoast_head_json":{"title":"Fiscal\u00eda General de la Naci\u00f3n","description":"P\u00e1gina oficial de la Fiscal\u00eda General de la Naci\u00f3n \u2013 Colombia. Garantizamos el acceso efectivo a la justicia, la verdad y la reparaci\u00f3n de las v\u00edctimas de los delitos.","robots":{"index":"noindex","follow":"follow"},"og_locale":"es_ES","og_type":"article","og_title":"Fiscal\u00eda General de la Naci\u00f3n","og_description":"P\u00e1gina oficial de la Fiscal\u00eda General de la Naci\u00f3n \u2013 Colombia. Garantizamos el acceso efectivo a la justicia, la verdad y la reparaci\u00f3n de las v\u00edctimas de los delitos.","og_url":"https:\/\/www.fiscalia.gov.co\/colombia\/crimen-organizado\/tribunal-superior-de-bogota-ratifica-competencia-de-la-fiscalia-en-proceso-de-extradicion-en-contra-de-jesus-santrich\/","og_site_name":"Fiscal\u00eda General de la Naci\u00f3n","article_publisher":"https:\/\/www.facebook.com\/FiscaliaCol","article_published_time":"2018-04-15T21:32:25+00:00","article_modified_time":"2018-04-16T01:34:30+00:00","author":"Direcci\u00f3n de Comunicaciones Fiscal\u00eda General de la Naci\u00f3n","twitter_card":"summary_large_image","twitter_creator":"@FiscaliaCol","twitter_site":"@FiscaliaCol","twitter_misc":{"Escrito por":"Direcci\u00f3n de Comunicaciones Fiscal\u00eda General de la Naci\u00f3n","Tiempo de lectura":"3 minutos"},"schema":{"@context":"https:\/\/schema.org","@graph":[{"@type":"Article","@id":"https:\/\/www.fiscalia.gov.co\/colombia\/crimen-organizado\/tribunal-superior-de-bogota-ratifica-competencia-de-la-fiscalia-en-proceso-de-extradicion-en-contra-de-jesus-santrich\/#article","isPartOf":{"@id":"https:\/\/www.fiscalia.gov.co\/colombia\/crimen-organizado\/tribunal-superior-de-bogota-ratifica-competencia-de-la-fiscalia-en-proceso-de-extradicion-en-contra-de-jesus-santrich\/"},"author":{"name":"Direcci\u00f3n de Comunicaciones Fiscal\u00eda General de la Naci\u00f3n","@id":"https:\/\/www.fiscalia.gov.co\/colombia\/#\/schema\/person\/bf28d8ae7f1b287bbe3af484b04f43ea"},"headline":"TRIBUNAL SUPERIOR DE BOGOT\u00c1 RATIFICA COMPETENCIA DE LA FISCAL\u00cdA EN PROCESO DE EXTRADICI\u00d3N EN CONTRA DE JES\u00daS SANTRICH","datePublished":"2018-04-15T21:32:25+00:00","dateModified":"2018-04-16T01:34:30+00:00","mainEntityOfPage":{"@id":"https:\/\/www.fiscalia.gov.co\/colombia\/crimen-organizado\/tribunal-superior-de-bogota-ratifica-competencia-de-la-fiscalia-en-proceso-de-extradicion-en-contra-de-jesus-santrich\/"},"wordCount":596,"publisher":{"@id":"https:\/\/www.fiscalia.gov.co\/colombia\/#organization"},"articleSection":["Crimen organizado"],"inLanguage":"es-CO"},{"@type":"WebPage","@id":"https:\/\/www.fiscalia.gov.co\/colombia\/crimen-organizado\/tribunal-superior-de-bogota-ratifica-competencia-de-la-fiscalia-en-proceso-de-extradicion-en-contra-de-jesus-santrich\/","url":"https:\/\/www.fiscalia.gov.co\/colombia\/crimen-organizado\/tribunal-superior-de-bogota-ratifica-competencia-de-la-fiscalia-en-proceso-de-extradicion-en-contra-de-jesus-santrich\/","name":"Fiscal\u00eda General de la Naci\u00f3n","isPartOf":{"@id":"https:\/\/www.fiscalia.gov.co\/colombia\/#website"},"datePublished":"2018-04-15T21:32:25+00:00","dateModified":"2018-04-16T01:34:30+00:00","description":"P\u00e1gina oficial de la Fiscal\u00eda General de la Naci\u00f3n \u2013 Colombia. Garantizamos el acceso efectivo a la justicia, la verdad y la reparaci\u00f3n de las v\u00edctimas de los delitos.","breadcrumb":{"@id":"https:\/\/www.fiscalia.gov.co\/colombia\/crimen-organizado\/tribunal-superior-de-bogota-ratifica-competencia-de-la-fiscalia-en-proceso-de-extradicion-en-contra-de-jesus-santrich\/#breadcrumb"},"inLanguage":"es-CO","potentialAction":[{"@type":"ReadAction","target":["https:\/\/www.fiscalia.gov.co\/colombia\/crimen-organizado\/tribunal-superior-de-bogota-ratifica-competencia-de-la-fiscalia-en-proceso-de-extradicion-en-contra-de-jesus-santrich\/"]}]},{"@type":"BreadcrumbList","@id":"https:\/\/www.fiscalia.gov.co\/colombia\/crimen-organizado\/tribunal-superior-de-bogota-ratifica-competencia-de-la-fiscalia-en-proceso-de-extradicion-en-contra-de-jesus-santrich\/#breadcrumb","itemListElement":[{"@type":"ListItem","position":1,"name":"Home","item":"https:\/\/www.fiscalia.gov.co\/colombia\/"},{"@type":"ListItem","position":2,"name":"TRIBUNAL SUPERIOR DE BOGOT\u00c1 RATIFICA COMPETENCIA DE LA FISCAL\u00cdA EN PROCESO DE EXTRADICI\u00d3N EN CONTRA DE JES\u00daS SANTRICH"}]},{"@type":"WebSite","@id":"https:\/\/www.fiscalia.gov.co\/colombia\/#website","url":"https:\/\/www.fiscalia.gov.co\/colombia\/","name":"Fiscal\u00eda General de la Naci\u00f3n","description":"P\u00e1gina oficial de la Fiscal\u00eda General de la Naci\u00f3n \u2013 Colombia. Garantizamos el acceso efectivo a la justicia, la verdad y la reparaci\u00f3n de las v\u00edctimas de los delitos.","publisher":{"@id":"https:\/\/www.fiscalia.gov.co\/colombia\/#organization"},"potentialAction":[{"@type":"SearchAction","target":{"@type":"EntryPoint","urlTemplate":"https:\/\/www.fiscalia.gov.co\/colombia\/?s={search_term_string}"},"query-input":{"@type":"PropertyValueSpecification","valueRequired":true,"valueName":"search_term_string"}}],"inLanguage":"es-CO"},{"@type":"Organization","@id":"https:\/\/www.fiscalia.gov.co\/colombia\/#organization","name":"Fiscal\u00eda General de la Naci\u00f3n","url":"https:\/\/www.fiscalia.gov.co\/colombia\/","logo":{"@type":"ImageObject","inLanguage":"es-CO","@id":"https:\/\/www.fiscalia.gov.co\/colombia\/#\/schema\/logo\/image\/","url":"https:\/\/www.fiscalia.gov.co\/colombia\/wp-content\/uploads\/LogoHorizontal_1.jpg","contentUrl":"https:\/\/www.fiscalia.gov.co\/colombia\/wp-content\/uploads\/LogoHorizontal_1.jpg","width":300,"height":90,"caption":"Fiscal\u00eda General de la Naci\u00f3n"},"image":{"@id":"https:\/\/www.fiscalia.gov.co\/colombia\/#\/schema\/logo\/image\/"},"sameAs":["https:\/\/www.facebook.com\/FiscaliaCol","https:\/\/x.com\/FiscaliaCol","https:\/\/www.instagram.com\/fiscaliacol","https:\/\/www.linkedin.com\/company\/fiscalia-general-de-la-naci-n\/","https:\/\/youtube.com\/@fiscaliageneraldelanacion-4668?si=6nN79nyQICPU5iTh"]},{"@type":"Person","@id":"https:\/\/www.fiscalia.gov.co\/colombia\/#\/schema\/person\/bf28d8ae7f1b287bbe3af484b04f43ea","name":"Direcci\u00f3n de Comunicaciones Fiscal\u00eda General de la Naci\u00f3n","image":{"@type":"ImageObject","inLanguage":"es-CO","@id":"https:\/\/www.fiscalia.gov.co\/colombia\/#\/schema\/person\/image\/","url":"https:\/\/secure.gravatar.com\/avatar\/9d55ae161d32da16dbdd0b380c080a5f?s=96&d=mm&r=g","contentUrl":"https:\/\/secure.gravatar.com\/avatar\/9d55ae161d32da16dbdd0b380c080a5f?s=96&d=mm&r=g","caption":"Direcci\u00f3n de Comunicaciones Fiscal\u00eda General de la Naci\u00f3n"},"url":"https:\/\/www.fiscalia.gov.co\/colombia\/author\/kbonilla\/"}]}},"_links":{"self":[{"href":"https:\/\/www.fiscalia.gov.co\/colombia\/wp-json\/wp\/v2\/posts\/162038","targetHints":{"allow":["GET"]}}],"collection":[{"href":"https:\/\/www.fiscalia.gov.co\/colombia\/wp-json\/wp\/v2\/posts"}],"about":[{"href":"https:\/\/www.fiscalia.gov.co\/colombia\/wp-json\/wp\/v2\/types\/post"}],"author":[{"embeddable":true,"href":"https:\/\/www.fiscalia.gov.co\/colombia\/wp-json\/wp\/v2\/users\/162"}],"replies":[{"embeddable":true,"href":"https:\/\/www.fiscalia.gov.co\/colombia\/wp-json\/wp\/v2\/comments?post=162038"}],"version-history":[{"count":1,"href":"https:\/\/www.fiscalia.gov.co\/colombia\/wp-json\/wp\/v2\/posts\/162038\/revisions"}],"predecessor-version":[{"id":162039,"href":"https:\/\/www.fiscalia.gov.co\/colombia\/wp-json\/wp\/v2\/posts\/162038\/revisions\/162039"}],"wp:attachment":[{"href":"https:\/\/www.fiscalia.gov.co\/colombia\/wp-json\/wp\/v2\/media?parent=162038"}],"wp:term":[{"taxonomy":"category","embeddable":true,"href":"https:\/\/www.fiscalia.gov.co\/colombia\/wp-json\/wp\/v2\/categories?post=162038"},{"taxonomy":"post_tag","embeddable":true,"href":"https:\/\/www.fiscalia.gov.co\/colombia\/wp-json\/wp\/v2\/tags?post=162038"}],"curies":[{"name":"wp","href":"https:\/\/api.w.org\/{rel}","templated":true}]}}