{"id":161741,"date":"2018-04-09T10:53:00","date_gmt":"2018-04-09T15:53:00","guid":{"rendered":"https:\/\/www.fiscalia.gov.co\/colombia\/?p=161741"},"modified":"2018-04-09T10:53:00","modified_gmt":"2018-04-09T15:53:00","slug":"operacion-frenocomio-fiscalia-continua-la-lucha-contra-la-defraudacion-de-pensiones-de-los-colombianos","status":"publish","type":"post","link":"https:\/\/www.fiscalia.gov.co\/colombia\/seccionales\/operacion-frenocomio-fiscalia-continua-la-lucha-contra-la-defraudacion-de-pensiones-de-los-colombianos\/","title":{"rendered":"\u201cOperaci\u00f3n Frenocomio\u201d: Fiscal\u00eda contin\u00faa la lucha contra la defraudaci\u00f3n de pensiones de los colombianos"},"content":{"rendered":"<p><em><u>Diez profesionales fueron capturados en Valledupar por usar documentos falsos para favorecer a clientes que pretend\u00edan adelantar su pensi\u00f3n con la declaraci\u00f3n de incapacidad mental.<\/u><\/em><\/p>\n<p>En el marco de la Operaci\u00f3n Frenocomio, adelantada por la Fiscal\u00eda en la Costa Atl\u00e1ntica para atacar el fraude al sistema pensional, fueron capturadas 10 personas identificadas como responsables de atentar nuevamente contra la estabilidad de estos Fondos.<\/p>\n<p>Se logr\u00f3 identificar un grupo de 2 abogados, 4 m\u00e9dicos, otra persona con estas dos profesiones, 1 sic\u00f3loga y 2 intermediarios, que ofrec\u00edan servicios para adelantar pensiones en Colpensiones y Fondos Privados a trav\u00e9s de la certificaci\u00f3n de invalidez por enfermedad com\u00fan, la mayor\u00eda de ellos por problemas mentales. Se les ofrec\u00eda la posibilidad de demostrar enfermedad permanente y as\u00ed acceder a este beneficio, luego de allegar documentaci\u00f3n falsa que, aparentemente, demostrar\u00eda el hecho de no estar en su sano juicio o tener otras enfermedades.<\/p>\n<p>Con este sistema, lograron pensionarse cerca de 400 personas que desde 2011 estar\u00edan pasando los ex\u00e1menes m\u00e9dicos que los declaraban con problemas siqui\u00e1tricos o con enfermedades varias. Adem\u00e1s de estos, hoy hay 150 personas adicionales que estar\u00edan tratando de obtener la pensi\u00f3n por este sistema.<\/p>\n<p>La Fiscal\u00eda estima que, una sola persona ha defraudado a la Administraci\u00f3n en 233 millones de pesos, con lo que la defraudaci\u00f3n al sistema pensional podr\u00eda superar los 90 mil millones de pesos, s\u00f3lo en Valledupar (Cesar).<\/p>\n<p><strong><u>Hurto a los bancos<\/u><\/strong><\/p>\n<p>El objetivo de la defraudaci\u00f3n no iba dirigido s\u00f3lo contra los fondos pensionales sino que alcanzaba al sistema financiero.<\/p>\n<p>Uno de los sistemas para lograr el pago a los abogados y otros profesionales que tramitaban la pensi\u00f3n ilegal a estas personas, era pedirles que, antes de la declaratoria de problemas mentales o f\u00edsicos, se acercaran a una instituci\u00f3n bancaria para pedir cr\u00e9ditos por altos montos.<\/p>\n<p>Una vez obten\u00edan pensi\u00f3n por invalidez, cobraban el seguro y se les condonaban los cr\u00e9ditos.<\/p>\n<p><strong><u>Capturados<\/u><\/strong><\/p>\n<p>Los operativos comenzaron a las 4:00 de la ma\u00f1ana de hoy, y arrojaron como resultado la captura de 4 integrantes de la Junta de Calificaci\u00f3n Regional Cesar y otras 6 personas:<\/p>\n<ul>\n<li>TERESA DE JES\u00daS DE LA HOZ SOLANO, M\u00e9dico<\/li>\n<li>EDUARDO URBANO MARUGO CASTRELL\u00d3N, M\u00e9dico, integrante de la Junta<\/li>\n<li>CARLOS ARTURO MONTERO ARA\u00daJO, M\u00e9dico, integrante de la Junta<\/li>\n<li>MANUEL DE JES\u00daS ALTAMAR COL\u00d3N, M\u00e9dico siquiatra<\/li>\n<li>GILMAR SILVERO LINERO, M\u00e9dico y Abogado<\/li>\n<li>EMILI SAID BAINES FERRER, Abogado<\/li>\n<li>MARIANO DE JES\u00daS AMAR\u00cdS CONSUEGRA, Abogado, integrante de la Junta<\/li>\n<li>YAMILE DE JES\u00daS P\u00c9REZ DOM\u00cdNGUEZ, Sic\u00f3loga, integrante de la Junta<\/li>\n<li>JOS\u00c9 MIGUEL MEL\u00c9NDEZ VEGA, Intermediario<\/li>\n<li>GIAN CARLOS MIRANDA ISAZA, Intermediario<\/li>\n<\/ul>\n<p><strong><u>Delitos a imputar<\/u><\/strong><\/p>\n<p>Estos profesionales ser\u00e1n puestos a disposici\u00f3n de jueces de control de garant\u00edas en las ciudades de Valledupar, Barranquilla y Riohacha, para que respondan por los delitos de:<\/p>\n<ul>\n<li>CONCIERTO PARA DELINQUIR<\/li>\n<li>CONCUSI\u00d3N<\/li>\n<li>COHECHO POR DAR U OFRECER<\/li>\n<li>TR\u00c1FICO DE INFLUENCIAS<\/li>\n<li>PECULADO POR APROPIACI\u00d3N<\/li>\n<\/ul>\n<p><strong><u>Empresas<\/u><\/strong><\/p>\n<p>Los trabajadores que defraudaron al sistema pensional en fondos privados de pensi\u00f3n y Colpensiones, pertenec\u00edan a las siguientes empresas carboneras:<\/p>\n<ul>\n<li>DRUMMOND<\/li>\n<li>PRODECO<\/li>\n<li>CERREJ\u00d3N<\/li>\n<\/ul>\n<p>Tambi\u00e9n se adelantaron 17 allanamientos a oficinas, establecimientos comerciales y viviendas en Valledupar, Barranquilla y Riohacha, con el objetivo de lograr las capturas y obtener evidencia para la investigaci\u00f3n.<\/p>\n<p>&nbsp;<\/p>\n\n<div class=\"twitter-share\"><a href=\"https:\/\/twitter.com\/intent\/tweet?via=fiscaliacol\" class=\"twitter-share-button\">Tweet<\/a><\/div>\n","protected":false},"excerpt":{"rendered":"<p>Diez profesionales fueron capturados en Valledupar por usar documentos falsos para favorecer a clientes que pretend\u00edan adelantar su pensi\u00f3n con la declaraci\u00f3n de incapacidad mental. En el marco de la Operaci\u00f3n Frenocomio, adelantada por la Fiscal\u00eda en la Costa Atl\u00e1ntica para atacar el fraude al sistema pensional, fueron capturadas 10 personas identificadas como responsables de [&hellip;]<\/p>\n","protected":false},"author":162,"featured_media":0,"comment_status":"closed","ping_status":"open","sticky":false,"template":"","format":"standard","meta":{"_price":"","_stock":"","_tribe_ticket_header":"","_tribe_default_ticket_provider":"","_tribe_ticket_capacity":"0","_ticket_start_date":"","_ticket_end_date":"","_tribe_ticket_show_description":"","_tribe_ticket_show_not_going":false,"_tribe_ticket_use_global_stock":"","_tribe_ticket_global_stock_level":"","_global_stock_mode":"","_global_stock_cap":"","_tribe_rsvp_for_event":"","_tribe_ticket_going_count":"","_tribe_ticket_not_going_count":"","_tribe_tickets_list":"[]","_tribe_ticket_has_attendee_info_fields":false,"tdm_status":"","tdm_grid_status":"","footnotes":""},"categories":[24097,24107,342,303],"tags":[],"class_list":{"0":"post-161741","1":"post","2":"type-post","3":"status-publish","4":"format-standard","6":"category-corrupcion","7":"category-lucha-contra-corrupcion","8":"category-seccional-valledupar","9":"category-seccionales"},"yoast_head":"<!-- This site is optimized with the Yoast SEO plugin v24.3 - https:\/\/yoast.com\/wordpress\/plugins\/seo\/ -->\n<title>Fiscal\u00eda General de la Naci\u00f3n<\/title>\n<meta name=\"description\" content=\"P\u00e1gina oficial de la Fiscal\u00eda General de la Naci\u00f3n \u2013 Colombia. Garantizamos el acceso efectivo a la justicia, la verdad y la reparaci\u00f3n de las v\u00edctimas de los delitos.\" \/>\n<meta name=\"robots\" content=\"noindex, follow\" \/>\n<meta property=\"og:locale\" content=\"es_ES\" \/>\n<meta property=\"og:type\" content=\"article\" \/>\n<meta property=\"og:title\" content=\"Fiscal\u00eda General de la Naci\u00f3n\" \/>\n<meta property=\"og:description\" content=\"P\u00e1gina oficial de la Fiscal\u00eda General de la Naci\u00f3n \u2013 Colombia. Garantizamos el acceso efectivo a la justicia, la verdad y la reparaci\u00f3n de las v\u00edctimas de los delitos.\" \/>\n<meta property=\"og:url\" content=\"https:\/\/www.fiscalia.gov.co\/colombia\/seccionales\/operacion-frenocomio-fiscalia-continua-la-lucha-contra-la-defraudacion-de-pensiones-de-los-colombianos\/\" \/>\n<meta property=\"og:site_name\" content=\"Fiscal\u00eda General de la Naci\u00f3n\" \/>\n<meta property=\"article:publisher\" content=\"https:\/\/www.facebook.com\/FiscaliaCol\" \/>\n<meta property=\"article:published_time\" content=\"2018-04-09T15:53:00+00:00\" \/>\n<meta name=\"author\" content=\"Direcci\u00f3n de Comunicaciones Fiscal\u00eda General de la Naci\u00f3n\" \/>\n<meta name=\"twitter:card\" content=\"summary_large_image\" \/>\n<meta name=\"twitter:creator\" content=\"@FiscaliaCol\" \/>\n<meta name=\"twitter:site\" content=\"@FiscaliaCol\" \/>\n<meta name=\"twitter:label1\" content=\"Escrito por\" \/>\n\t<meta name=\"twitter:data1\" content=\"Direcci\u00f3n de Comunicaciones Fiscal\u00eda General de la Naci\u00f3n\" \/>\n\t<meta name=\"twitter:label2\" content=\"Tiempo de lectura\" \/>\n\t<meta name=\"twitter:data2\" content=\"3 minutos\" \/>\n<script type=\"application\/ld+json\" class=\"yoast-schema-graph\">{\"@context\":\"https:\/\/schema.org\",\"@graph\":[{\"@type\":\"Article\",\"@id\":\"https:\/\/www.fiscalia.gov.co\/colombia\/seccionales\/operacion-frenocomio-fiscalia-continua-la-lucha-contra-la-defraudacion-de-pensiones-de-los-colombianos\/#article\",\"isPartOf\":{\"@id\":\"https:\/\/www.fiscalia.gov.co\/colombia\/seccionales\/operacion-frenocomio-fiscalia-continua-la-lucha-contra-la-defraudacion-de-pensiones-de-los-colombianos\/\"},\"author\":{\"name\":\"Direcci\u00f3n de Comunicaciones Fiscal\u00eda General de la Naci\u00f3n\",\"@id\":\"https:\/\/www.fiscalia.gov.co\/colombia\/#\/schema\/person\/bf28d8ae7f1b287bbe3af484b04f43ea\"},\"headline\":\"\u201cOperaci\u00f3n Frenocomio\u201d: Fiscal\u00eda contin\u00faa la lucha contra la defraudaci\u00f3n de pensiones de los colombianos\",\"datePublished\":\"2018-04-09T15:53:00+00:00\",\"dateModified\":\"2018-04-09T15:53:00+00:00\",\"mainEntityOfPage\":{\"@id\":\"https:\/\/www.fiscalia.gov.co\/colombia\/seccionales\/operacion-frenocomio-fiscalia-continua-la-lucha-contra-la-defraudacion-de-pensiones-de-los-colombianos\/\"},\"wordCount\":590,\"publisher\":{\"@id\":\"https:\/\/www.fiscalia.gov.co\/colombia\/#organization\"},\"articleSection\":[\"Corrupci\u00f3n\",\"Corrupci\u00f3n\",\"Seccional Valledupar\",\"Seccionales\"],\"inLanguage\":\"es-CO\"},{\"@type\":\"WebPage\",\"@id\":\"https:\/\/www.fiscalia.gov.co\/colombia\/seccionales\/operacion-frenocomio-fiscalia-continua-la-lucha-contra-la-defraudacion-de-pensiones-de-los-colombianos\/\",\"url\":\"https:\/\/www.fiscalia.gov.co\/colombia\/seccionales\/operacion-frenocomio-fiscalia-continua-la-lucha-contra-la-defraudacion-de-pensiones-de-los-colombianos\/\",\"name\":\"Fiscal\u00eda General de la Naci\u00f3n\",\"isPartOf\":{\"@id\":\"https:\/\/www.fiscalia.gov.co\/colombia\/#website\"},\"datePublished\":\"2018-04-09T15:53:00+00:00\",\"dateModified\":\"2018-04-09T15:53:00+00:00\",\"description\":\"P\u00e1gina oficial de la Fiscal\u00eda General de la Naci\u00f3n \u2013 Colombia. Garantizamos el acceso efectivo a la justicia, la verdad y la reparaci\u00f3n de las v\u00edctimas de los delitos.\",\"breadcrumb\":{\"@id\":\"https:\/\/www.fiscalia.gov.co\/colombia\/seccionales\/operacion-frenocomio-fiscalia-continua-la-lucha-contra-la-defraudacion-de-pensiones-de-los-colombianos\/#breadcrumb\"},\"inLanguage\":\"es-CO\",\"potentialAction\":[{\"@type\":\"ReadAction\",\"target\":[\"https:\/\/www.fiscalia.gov.co\/colombia\/seccionales\/operacion-frenocomio-fiscalia-continua-la-lucha-contra-la-defraudacion-de-pensiones-de-los-colombianos\/\"]}]},{\"@type\":\"BreadcrumbList\",\"@id\":\"https:\/\/www.fiscalia.gov.co\/colombia\/seccionales\/operacion-frenocomio-fiscalia-continua-la-lucha-contra-la-defraudacion-de-pensiones-de-los-colombianos\/#breadcrumb\",\"itemListElement\":[{\"@type\":\"ListItem\",\"position\":1,\"name\":\"Home\",\"item\":\"https:\/\/www.fiscalia.gov.co\/colombia\/\"},{\"@type\":\"ListItem\",\"position\":2,\"name\":\"\u201cOperaci\u00f3n Frenocomio\u201d: Fiscal\u00eda contin\u00faa la lucha contra la defraudaci\u00f3n de pensiones de los colombianos\"}]},{\"@type\":\"WebSite\",\"@id\":\"https:\/\/www.fiscalia.gov.co\/colombia\/#website\",\"url\":\"https:\/\/www.fiscalia.gov.co\/colombia\/\",\"name\":\"Fiscal\u00eda General de la Naci\u00f3n\",\"description\":\"P\u00e1gina oficial de la Fiscal\u00eda General de la Naci\u00f3n \u2013 Colombia. Garantizamos el acceso efectivo a la justicia, la verdad y la reparaci\u00f3n de las v\u00edctimas de los delitos.\",\"publisher\":{\"@id\":\"https:\/\/www.fiscalia.gov.co\/colombia\/#organization\"},\"potentialAction\":[{\"@type\":\"SearchAction\",\"target\":{\"@type\":\"EntryPoint\",\"urlTemplate\":\"https:\/\/www.fiscalia.gov.co\/colombia\/?s={search_term_string}\"},\"query-input\":{\"@type\":\"PropertyValueSpecification\",\"valueRequired\":true,\"valueName\":\"search_term_string\"}}],\"inLanguage\":\"es-CO\"},{\"@type\":\"Organization\",\"@id\":\"https:\/\/www.fiscalia.gov.co\/colombia\/#organization\",\"name\":\"Fiscal\u00eda General de la Naci\u00f3n\",\"url\":\"https:\/\/www.fiscalia.gov.co\/colombia\/\",\"logo\":{\"@type\":\"ImageObject\",\"inLanguage\":\"es-CO\",\"@id\":\"https:\/\/www.fiscalia.gov.co\/colombia\/#\/schema\/logo\/image\/\",\"url\":\"https:\/\/www.fiscalia.gov.co\/colombia\/wp-content\/uploads\/LogoHorizontal_1.jpg\",\"contentUrl\":\"https:\/\/www.fiscalia.gov.co\/colombia\/wp-content\/uploads\/LogoHorizontal_1.jpg\",\"width\":300,\"height\":90,\"caption\":\"Fiscal\u00eda General de la Naci\u00f3n\"},\"image\":{\"@id\":\"https:\/\/www.fiscalia.gov.co\/colombia\/#\/schema\/logo\/image\/\"},\"sameAs\":[\"https:\/\/www.facebook.com\/FiscaliaCol\",\"https:\/\/x.com\/FiscaliaCol\",\"https:\/\/www.instagram.com\/fiscaliacol\",\"https:\/\/www.linkedin.com\/company\/fiscalia-general-de-la-naci-n\/\",\"https:\/\/youtube.com\/@fiscaliageneraldelanacion-4668?si=6nN79nyQICPU5iTh\"]},{\"@type\":\"Person\",\"@id\":\"https:\/\/www.fiscalia.gov.co\/colombia\/#\/schema\/person\/bf28d8ae7f1b287bbe3af484b04f43ea\",\"name\":\"Direcci\u00f3n de Comunicaciones Fiscal\u00eda General de la Naci\u00f3n\",\"image\":{\"@type\":\"ImageObject\",\"inLanguage\":\"es-CO\",\"@id\":\"https:\/\/www.fiscalia.gov.co\/colombia\/#\/schema\/person\/image\/\",\"url\":\"https:\/\/secure.gravatar.com\/avatar\/9d55ae161d32da16dbdd0b380c080a5f?s=96&d=mm&r=g\",\"contentUrl\":\"https:\/\/secure.gravatar.com\/avatar\/9d55ae161d32da16dbdd0b380c080a5f?s=96&d=mm&r=g\",\"caption\":\"Direcci\u00f3n de Comunicaciones Fiscal\u00eda General de la Naci\u00f3n\"},\"url\":\"https:\/\/www.fiscalia.gov.co\/colombia\/author\/kbonilla\/\"}]}<\/script>\n<!-- \/ Yoast SEO plugin. -->","yoast_head_json":{"title":"Fiscal\u00eda General de la Naci\u00f3n","description":"P\u00e1gina oficial de la Fiscal\u00eda General de la Naci\u00f3n \u2013 Colombia. Garantizamos el acceso efectivo a la justicia, la verdad y la reparaci\u00f3n de las v\u00edctimas de los delitos.","robots":{"index":"noindex","follow":"follow"},"og_locale":"es_ES","og_type":"article","og_title":"Fiscal\u00eda General de la Naci\u00f3n","og_description":"P\u00e1gina oficial de la Fiscal\u00eda General de la Naci\u00f3n \u2013 Colombia. Garantizamos el acceso efectivo a la justicia, la verdad y la reparaci\u00f3n de las v\u00edctimas de los delitos.","og_url":"https:\/\/www.fiscalia.gov.co\/colombia\/seccionales\/operacion-frenocomio-fiscalia-continua-la-lucha-contra-la-defraudacion-de-pensiones-de-los-colombianos\/","og_site_name":"Fiscal\u00eda General de la Naci\u00f3n","article_publisher":"https:\/\/www.facebook.com\/FiscaliaCol","article_published_time":"2018-04-09T15:53:00+00:00","author":"Direcci\u00f3n de Comunicaciones Fiscal\u00eda General de la Naci\u00f3n","twitter_card":"summary_large_image","twitter_creator":"@FiscaliaCol","twitter_site":"@FiscaliaCol","twitter_misc":{"Escrito por":"Direcci\u00f3n de Comunicaciones Fiscal\u00eda General de la Naci\u00f3n","Tiempo de lectura":"3 minutos"},"schema":{"@context":"https:\/\/schema.org","@graph":[{"@type":"Article","@id":"https:\/\/www.fiscalia.gov.co\/colombia\/seccionales\/operacion-frenocomio-fiscalia-continua-la-lucha-contra-la-defraudacion-de-pensiones-de-los-colombianos\/#article","isPartOf":{"@id":"https:\/\/www.fiscalia.gov.co\/colombia\/seccionales\/operacion-frenocomio-fiscalia-continua-la-lucha-contra-la-defraudacion-de-pensiones-de-los-colombianos\/"},"author":{"name":"Direcci\u00f3n de Comunicaciones Fiscal\u00eda General de la Naci\u00f3n","@id":"https:\/\/www.fiscalia.gov.co\/colombia\/#\/schema\/person\/bf28d8ae7f1b287bbe3af484b04f43ea"},"headline":"\u201cOperaci\u00f3n Frenocomio\u201d: Fiscal\u00eda contin\u00faa la lucha contra la defraudaci\u00f3n de pensiones de los colombianos","datePublished":"2018-04-09T15:53:00+00:00","dateModified":"2018-04-09T15:53:00+00:00","mainEntityOfPage":{"@id":"https:\/\/www.fiscalia.gov.co\/colombia\/seccionales\/operacion-frenocomio-fiscalia-continua-la-lucha-contra-la-defraudacion-de-pensiones-de-los-colombianos\/"},"wordCount":590,"publisher":{"@id":"https:\/\/www.fiscalia.gov.co\/colombia\/#organization"},"articleSection":["Corrupci\u00f3n","Corrupci\u00f3n","Seccional Valledupar","Seccionales"],"inLanguage":"es-CO"},{"@type":"WebPage","@id":"https:\/\/www.fiscalia.gov.co\/colombia\/seccionales\/operacion-frenocomio-fiscalia-continua-la-lucha-contra-la-defraudacion-de-pensiones-de-los-colombianos\/","url":"https:\/\/www.fiscalia.gov.co\/colombia\/seccionales\/operacion-frenocomio-fiscalia-continua-la-lucha-contra-la-defraudacion-de-pensiones-de-los-colombianos\/","name":"Fiscal\u00eda General de la Naci\u00f3n","isPartOf":{"@id":"https:\/\/www.fiscalia.gov.co\/colombia\/#website"},"datePublished":"2018-04-09T15:53:00+00:00","dateModified":"2018-04-09T15:53:00+00:00","description":"P\u00e1gina oficial de la Fiscal\u00eda General de la Naci\u00f3n \u2013 Colombia. Garantizamos el acceso efectivo a la justicia, la verdad y la reparaci\u00f3n de las v\u00edctimas de los delitos.","breadcrumb":{"@id":"https:\/\/www.fiscalia.gov.co\/colombia\/seccionales\/operacion-frenocomio-fiscalia-continua-la-lucha-contra-la-defraudacion-de-pensiones-de-los-colombianos\/#breadcrumb"},"inLanguage":"es-CO","potentialAction":[{"@type":"ReadAction","target":["https:\/\/www.fiscalia.gov.co\/colombia\/seccionales\/operacion-frenocomio-fiscalia-continua-la-lucha-contra-la-defraudacion-de-pensiones-de-los-colombianos\/"]}]},{"@type":"BreadcrumbList","@id":"https:\/\/www.fiscalia.gov.co\/colombia\/seccionales\/operacion-frenocomio-fiscalia-continua-la-lucha-contra-la-defraudacion-de-pensiones-de-los-colombianos\/#breadcrumb","itemListElement":[{"@type":"ListItem","position":1,"name":"Home","item":"https:\/\/www.fiscalia.gov.co\/colombia\/"},{"@type":"ListItem","position":2,"name":"\u201cOperaci\u00f3n Frenocomio\u201d: Fiscal\u00eda contin\u00faa la lucha contra la defraudaci\u00f3n de pensiones de los colombianos"}]},{"@type":"WebSite","@id":"https:\/\/www.fiscalia.gov.co\/colombia\/#website","url":"https:\/\/www.fiscalia.gov.co\/colombia\/","name":"Fiscal\u00eda General de la Naci\u00f3n","description":"P\u00e1gina oficial de la Fiscal\u00eda General de la Naci\u00f3n \u2013 Colombia. Garantizamos el acceso efectivo a la justicia, la verdad y la reparaci\u00f3n de las v\u00edctimas de los delitos.","publisher":{"@id":"https:\/\/www.fiscalia.gov.co\/colombia\/#organization"},"potentialAction":[{"@type":"SearchAction","target":{"@type":"EntryPoint","urlTemplate":"https:\/\/www.fiscalia.gov.co\/colombia\/?s={search_term_string}"},"query-input":{"@type":"PropertyValueSpecification","valueRequired":true,"valueName":"search_term_string"}}],"inLanguage":"es-CO"},{"@type":"Organization","@id":"https:\/\/www.fiscalia.gov.co\/colombia\/#organization","name":"Fiscal\u00eda General de la Naci\u00f3n","url":"https:\/\/www.fiscalia.gov.co\/colombia\/","logo":{"@type":"ImageObject","inLanguage":"es-CO","@id":"https:\/\/www.fiscalia.gov.co\/colombia\/#\/schema\/logo\/image\/","url":"https:\/\/www.fiscalia.gov.co\/colombia\/wp-content\/uploads\/LogoHorizontal_1.jpg","contentUrl":"https:\/\/www.fiscalia.gov.co\/colombia\/wp-content\/uploads\/LogoHorizontal_1.jpg","width":300,"height":90,"caption":"Fiscal\u00eda General de la Naci\u00f3n"},"image":{"@id":"https:\/\/www.fiscalia.gov.co\/colombia\/#\/schema\/logo\/image\/"},"sameAs":["https:\/\/www.facebook.com\/FiscaliaCol","https:\/\/x.com\/FiscaliaCol","https:\/\/www.instagram.com\/fiscaliacol","https:\/\/www.linkedin.com\/company\/fiscalia-general-de-la-naci-n\/","https:\/\/youtube.com\/@fiscaliageneraldelanacion-4668?si=6nN79nyQICPU5iTh"]},{"@type":"Person","@id":"https:\/\/www.fiscalia.gov.co\/colombia\/#\/schema\/person\/bf28d8ae7f1b287bbe3af484b04f43ea","name":"Direcci\u00f3n de Comunicaciones Fiscal\u00eda General de la Naci\u00f3n","image":{"@type":"ImageObject","inLanguage":"es-CO","@id":"https:\/\/www.fiscalia.gov.co\/colombia\/#\/schema\/person\/image\/","url":"https:\/\/secure.gravatar.com\/avatar\/9d55ae161d32da16dbdd0b380c080a5f?s=96&d=mm&r=g","contentUrl":"https:\/\/secure.gravatar.com\/avatar\/9d55ae161d32da16dbdd0b380c080a5f?s=96&d=mm&r=g","caption":"Direcci\u00f3n de Comunicaciones Fiscal\u00eda General de la Naci\u00f3n"},"url":"https:\/\/www.fiscalia.gov.co\/colombia\/author\/kbonilla\/"}]}},"_links":{"self":[{"href":"https:\/\/www.fiscalia.gov.co\/colombia\/wp-json\/wp\/v2\/posts\/161741","targetHints":{"allow":["GET"]}}],"collection":[{"href":"https:\/\/www.fiscalia.gov.co\/colombia\/wp-json\/wp\/v2\/posts"}],"about":[{"href":"https:\/\/www.fiscalia.gov.co\/colombia\/wp-json\/wp\/v2\/types\/post"}],"author":[{"embeddable":true,"href":"https:\/\/www.fiscalia.gov.co\/colombia\/wp-json\/wp\/v2\/users\/162"}],"replies":[{"embeddable":true,"href":"https:\/\/www.fiscalia.gov.co\/colombia\/wp-json\/wp\/v2\/comments?post=161741"}],"version-history":[{"count":1,"href":"https:\/\/www.fiscalia.gov.co\/colombia\/wp-json\/wp\/v2\/posts\/161741\/revisions"}],"predecessor-version":[{"id":161742,"href":"https:\/\/www.fiscalia.gov.co\/colombia\/wp-json\/wp\/v2\/posts\/161741\/revisions\/161742"}],"wp:attachment":[{"href":"https:\/\/www.fiscalia.gov.co\/colombia\/wp-json\/wp\/v2\/media?parent=161741"}],"wp:term":[{"taxonomy":"category","embeddable":true,"href":"https:\/\/www.fiscalia.gov.co\/colombia\/wp-json\/wp\/v2\/categories?post=161741"},{"taxonomy":"post_tag","embeddable":true,"href":"https:\/\/www.fiscalia.gov.co\/colombia\/wp-json\/wp\/v2\/tags?post=161741"}],"curies":[{"name":"wp","href":"https:\/\/api.w.org\/{rel}","templated":true}]}}