{"id":159148,"date":"2018-02-06T13:03:40","date_gmt":"2018-02-06T18:03:40","guid":{"rendered":"https:\/\/www.fiscalia.gov.co\/colombia\/?p=159148"},"modified":"2018-02-06T16:01:32","modified_gmt":"2018-02-06T21:01:32","slug":"capturado-alcalde-de-barrancabermeja-dario-echeverry-serrano-por-presuntas-presiones-y-actos-irregulares-para-frenar-el-proceso-de-revocatoria-en-su-contra","status":"publish","type":"post","link":"https:\/\/www.fiscalia.gov.co\/colombia\/seccionales\/capturado-alcalde-de-barrancabermeja-dario-echeverry-serrano-por-presuntas-presiones-y-actos-irregulares-para-frenar-el-proceso-de-revocatoria-en-su-contra\/","title":{"rendered":"Capturado alcalde de Barrancabermeja, Dar\u00edo Echeverry Serrano, por presuntas presiones y actos irregulares para frenar el proceso de revocatoria en su contra"},"content":{"rendered":"<p><em><u>Junto al mandatario, la Fiscal\u00eda General de la Naci\u00f3n tambi\u00e9n captur\u00f3 al director del Instituto para el Fomento del Deporte, la Recreaci\u00f3n, el Aprovechamiento del Tiempo Libre y la Educaci\u00f3n F\u00edsica de Barrancabermeja (Inderba), una gestora social y un l\u00edder pol\u00edtico del departamento. Deber\u00e1n responder por los delitos de perturbaci\u00f3n al certamen democr\u00e1tico, constre\u00f1imiento al sufragante, corrupci\u00f3n de sufragante y concierto para delinquir.<\/u><\/em><\/p>\n<p>Luego de diversas labores de polic\u00eda judicial y verificaciones, la Fiscal\u00eda General de la Naci\u00f3n constat\u00f3 una denuncia interpuesta por la Misi\u00f3n de Observaci\u00f3n Electoral (MOE), que puso en conocimiento presuntas maniobras il\u00edcitas para frenar la revocatoria del mandato al actual alcalde de Barrancabermeja (Santander), Dar\u00edo Echeverry Serrano.<\/p>\n<p>Las evidencias f\u00edsicas y las pruebas testimoniales recopiladas, permitieron a la Fiscal\u00eda obtener varias \u00f3rdenes de captura contra funcionarios y particulares que habr\u00edan presionado al electorado para que no hiciera parte del mecanismo de participaci\u00f3n ciudadana y, al parecer, incurrieron en diversas pr\u00e1cticas que impidieron a los habitantes ir a las urnas.<\/p>\n<p>En sus investigaciones, la Fiscal\u00eda identific\u00f3 diversas irregularidades que habr\u00edan atentado contra la libertad de los electores y el desarrollo de la misma revocatoria, como:<\/p>\n<ul>\n<li>Maniobras enga\u00f1osas para evitar que los electores fueran a las urnas<\/li>\n<li>Pago de dinero en efectivo<\/li>\n<li>Intimidaci\u00f3n a empleados y funcionarios<\/li>\n<li>Utilizaci\u00f3n de planes de gobierno<\/li>\n<li>Retenci\u00f3n de c\u00e9dulas<\/li>\n<\/ul>\n<p>En la ma\u00f1ana de hoy, investigadores de la Fiscal\u00eda General de Naci\u00f3n hicieron efectivas las capturas de:<\/p>\n<ol>\n<li>Dar\u00edo Echeverry Serrano, alcalde de Barrancabermeja (Santander)<\/li>\n<li>Christian Juliao Camacho, director del Instituto para el Fomento del Deporte, la Recreaci\u00f3n, el Aprovechamiento del Tiempo Libre y la Educaci\u00f3n F\u00edsica de Barrancabermeja (Inderba)<\/li>\n<li>Jhon Jairo Moros Renales, l\u00edder pol\u00edtico, y<\/li>\n<li>Mariluz N\u00fa\u00f1ez Herrera, gestora social del municipio<\/li>\n<\/ol>\n<p>Los capturados ser\u00e1n presentados ante un juez de control de garant\u00edas en Bogot\u00e1 y la Fiscal\u00eda les imputar\u00e1 los delitos de perturbaci\u00f3n al certamen democr\u00e1tico, constre\u00f1imiento al sufragante, corrupci\u00f3n de sufragante y concierto para delinquir.<\/p>\n\n<div class=\"twitter-share\"><a href=\"https:\/\/twitter.com\/intent\/tweet?via=fiscaliacol\" class=\"twitter-share-button\">Tweet<\/a><\/div>\n","protected":false},"excerpt":{"rendered":"<p>Junto al mandatario, la Fiscal\u00eda General de la Naci\u00f3n tambi\u00e9n captur\u00f3 al director del Instituto para el Fomento del Deporte, la Recreaci\u00f3n, el Aprovechamiento del Tiempo Libre y la Educaci\u00f3n F\u00edsica de Barrancabermeja (Inderba), una gestora social y un l\u00edder pol\u00edtico del departamento. Deber\u00e1n responder por los delitos de perturbaci\u00f3n al certamen democr\u00e1tico, constre\u00f1imiento al [&hellip;]<\/p>\n","protected":false},"author":162,"featured_media":0,"comment_status":"closed","ping_status":"open","sticky":false,"template":"","format":"standard","meta":{"_price":"","_stock":"","_tribe_ticket_header":"","_tribe_default_ticket_provider":"","_tribe_ticket_capacity":"0","_ticket_start_date":"","_ticket_end_date":"","_tribe_ticket_show_description":"","_tribe_ticket_show_not_going":false,"_tribe_ticket_use_global_stock":"","_tribe_ticket_global_stock_level":"","_global_stock_mode":"","_global_stock_cap":"","_tribe_rsvp_for_event":"","_tribe_ticket_going_count":"","_tribe_ticket_not_going_count":"","_tribe_tickets_list":"[]","_tribe_ticket_has_attendee_info_fields":false,"tdm_status":"","tdm_grid_status":"","footnotes":""},"categories":[24107,322,303],"tags":[],"class_list":{"0":"post-159148","1":"post","2":"type-post","3":"status-publish","4":"format-standard","6":"category-lucha-contra-corrupcion","7":"category-seccional-bucaramanga","8":"category-seccionales"},"yoast_head":"<!-- This site is optimized with the Yoast SEO plugin v24.3 - https:\/\/yoast.com\/wordpress\/plugins\/seo\/ -->\n<title>Fiscal\u00eda General de la Naci\u00f3n<\/title>\n<meta name=\"description\" content=\"P\u00e1gina oficial de la Fiscal\u00eda General de la Naci\u00f3n \u2013 Colombia. Garantizamos el acceso efectivo a la justicia, la verdad y la reparaci\u00f3n de las v\u00edctimas de los delitos.\" \/>\n<meta name=\"robots\" content=\"noindex, follow\" \/>\n<meta property=\"og:locale\" content=\"es_ES\" \/>\n<meta property=\"og:type\" content=\"article\" \/>\n<meta property=\"og:title\" content=\"Fiscal\u00eda General de la Naci\u00f3n\" \/>\n<meta property=\"og:description\" content=\"P\u00e1gina oficial de la Fiscal\u00eda General de la Naci\u00f3n \u2013 Colombia. Garantizamos el acceso efectivo a la justicia, la verdad y la reparaci\u00f3n de las v\u00edctimas de los delitos.\" \/>\n<meta property=\"og:url\" content=\"https:\/\/www.fiscalia.gov.co\/colombia\/seccionales\/capturado-alcalde-de-barrancabermeja-dario-echeverry-serrano-por-presuntas-presiones-y-actos-irregulares-para-frenar-el-proceso-de-revocatoria-en-su-contra\/\" \/>\n<meta property=\"og:site_name\" content=\"Fiscal\u00eda General de la Naci\u00f3n\" \/>\n<meta property=\"article:publisher\" content=\"https:\/\/www.facebook.com\/FiscaliaCol\" \/>\n<meta property=\"article:published_time\" content=\"2018-02-06T18:03:40+00:00\" \/>\n<meta property=\"article:modified_time\" content=\"2018-02-06T21:01:32+00:00\" \/>\n<meta name=\"author\" content=\"Direcci\u00f3n de Comunicaciones Fiscal\u00eda General de la Naci\u00f3n\" \/>\n<meta name=\"twitter:card\" content=\"summary_large_image\" \/>\n<meta name=\"twitter:creator\" content=\"@FiscaliaCol\" \/>\n<meta name=\"twitter:site\" content=\"@FiscaliaCol\" \/>\n<meta name=\"twitter:label1\" content=\"Escrito por\" \/>\n\t<meta name=\"twitter:data1\" content=\"Direcci\u00f3n de Comunicaciones Fiscal\u00eda General de la Naci\u00f3n\" \/>\n\t<meta name=\"twitter:label2\" content=\"Tiempo de lectura\" \/>\n\t<meta name=\"twitter:data2\" content=\"2 minutos\" \/>\n<script type=\"application\/ld+json\" class=\"yoast-schema-graph\">{\"@context\":\"https:\/\/schema.org\",\"@graph\":[{\"@type\":\"Article\",\"@id\":\"https:\/\/www.fiscalia.gov.co\/colombia\/seccionales\/capturado-alcalde-de-barrancabermeja-dario-echeverry-serrano-por-presuntas-presiones-y-actos-irregulares-para-frenar-el-proceso-de-revocatoria-en-su-contra\/#article\",\"isPartOf\":{\"@id\":\"https:\/\/www.fiscalia.gov.co\/colombia\/seccionales\/capturado-alcalde-de-barrancabermeja-dario-echeverry-serrano-por-presuntas-presiones-y-actos-irregulares-para-frenar-el-proceso-de-revocatoria-en-su-contra\/\"},\"author\":{\"name\":\"Direcci\u00f3n de Comunicaciones Fiscal\u00eda General de la Naci\u00f3n\",\"@id\":\"https:\/\/www.fiscalia.gov.co\/colombia\/#\/schema\/person\/bf28d8ae7f1b287bbe3af484b04f43ea\"},\"headline\":\"Capturado alcalde de Barrancabermeja, Dar\u00edo Echeverry Serrano, por presuntas presiones y actos irregulares para frenar el proceso de revocatoria en su contra\",\"datePublished\":\"2018-02-06T18:03:40+00:00\",\"dateModified\":\"2018-02-06T21:01:32+00:00\",\"mainEntityOfPage\":{\"@id\":\"https:\/\/www.fiscalia.gov.co\/colombia\/seccionales\/capturado-alcalde-de-barrancabermeja-dario-echeverry-serrano-por-presuntas-presiones-y-actos-irregulares-para-frenar-el-proceso-de-revocatoria-en-su-contra\/\"},\"wordCount\":387,\"publisher\":{\"@id\":\"https:\/\/www.fiscalia.gov.co\/colombia\/#organization\"},\"articleSection\":[\"Corrupci\u00f3n\",\"Seccional Bucaramanga\",\"Seccionales\"],\"inLanguage\":\"es-CO\"},{\"@type\":\"WebPage\",\"@id\":\"https:\/\/www.fiscalia.gov.co\/colombia\/seccionales\/capturado-alcalde-de-barrancabermeja-dario-echeverry-serrano-por-presuntas-presiones-y-actos-irregulares-para-frenar-el-proceso-de-revocatoria-en-su-contra\/\",\"url\":\"https:\/\/www.fiscalia.gov.co\/colombia\/seccionales\/capturado-alcalde-de-barrancabermeja-dario-echeverry-serrano-por-presuntas-presiones-y-actos-irregulares-para-frenar-el-proceso-de-revocatoria-en-su-contra\/\",\"name\":\"Fiscal\u00eda General de la Naci\u00f3n\",\"isPartOf\":{\"@id\":\"https:\/\/www.fiscalia.gov.co\/colombia\/#website\"},\"datePublished\":\"2018-02-06T18:03:40+00:00\",\"dateModified\":\"2018-02-06T21:01:32+00:00\",\"description\":\"P\u00e1gina oficial de la Fiscal\u00eda General de la Naci\u00f3n \u2013 Colombia. Garantizamos el acceso efectivo a la justicia, la verdad y la reparaci\u00f3n de las v\u00edctimas de los delitos.\",\"breadcrumb\":{\"@id\":\"https:\/\/www.fiscalia.gov.co\/colombia\/seccionales\/capturado-alcalde-de-barrancabermeja-dario-echeverry-serrano-por-presuntas-presiones-y-actos-irregulares-para-frenar-el-proceso-de-revocatoria-en-su-contra\/#breadcrumb\"},\"inLanguage\":\"es-CO\",\"potentialAction\":[{\"@type\":\"ReadAction\",\"target\":[\"https:\/\/www.fiscalia.gov.co\/colombia\/seccionales\/capturado-alcalde-de-barrancabermeja-dario-echeverry-serrano-por-presuntas-presiones-y-actos-irregulares-para-frenar-el-proceso-de-revocatoria-en-su-contra\/\"]}]},{\"@type\":\"BreadcrumbList\",\"@id\":\"https:\/\/www.fiscalia.gov.co\/colombia\/seccionales\/capturado-alcalde-de-barrancabermeja-dario-echeverry-serrano-por-presuntas-presiones-y-actos-irregulares-para-frenar-el-proceso-de-revocatoria-en-su-contra\/#breadcrumb\",\"itemListElement\":[{\"@type\":\"ListItem\",\"position\":1,\"name\":\"Home\",\"item\":\"https:\/\/www.fiscalia.gov.co\/colombia\/\"},{\"@type\":\"ListItem\",\"position\":2,\"name\":\"Capturado alcalde de Barrancabermeja, Dar\u00edo Echeverry Serrano, por presuntas presiones y actos irregulares para frenar el proceso de revocatoria en su contra\"}]},{\"@type\":\"WebSite\",\"@id\":\"https:\/\/www.fiscalia.gov.co\/colombia\/#website\",\"url\":\"https:\/\/www.fiscalia.gov.co\/colombia\/\",\"name\":\"Fiscal\u00eda General de la Naci\u00f3n\",\"description\":\"P\u00e1gina oficial de la Fiscal\u00eda General de la Naci\u00f3n \u2013 Colombia. Garantizamos el acceso efectivo a la justicia, la verdad y la reparaci\u00f3n de las v\u00edctimas de los delitos.\",\"publisher\":{\"@id\":\"https:\/\/www.fiscalia.gov.co\/colombia\/#organization\"},\"potentialAction\":[{\"@type\":\"SearchAction\",\"target\":{\"@type\":\"EntryPoint\",\"urlTemplate\":\"https:\/\/www.fiscalia.gov.co\/colombia\/?s={search_term_string}\"},\"query-input\":{\"@type\":\"PropertyValueSpecification\",\"valueRequired\":true,\"valueName\":\"search_term_string\"}}],\"inLanguage\":\"es-CO\"},{\"@type\":\"Organization\",\"@id\":\"https:\/\/www.fiscalia.gov.co\/colombia\/#organization\",\"name\":\"Fiscal\u00eda General de la Naci\u00f3n\",\"url\":\"https:\/\/www.fiscalia.gov.co\/colombia\/\",\"logo\":{\"@type\":\"ImageObject\",\"inLanguage\":\"es-CO\",\"@id\":\"https:\/\/www.fiscalia.gov.co\/colombia\/#\/schema\/logo\/image\/\",\"url\":\"https:\/\/www.fiscalia.gov.co\/colombia\/wp-content\/uploads\/LogoHorizontal_1.jpg\",\"contentUrl\":\"https:\/\/www.fiscalia.gov.co\/colombia\/wp-content\/uploads\/LogoHorizontal_1.jpg\",\"width\":300,\"height\":90,\"caption\":\"Fiscal\u00eda General de la Naci\u00f3n\"},\"image\":{\"@id\":\"https:\/\/www.fiscalia.gov.co\/colombia\/#\/schema\/logo\/image\/\"},\"sameAs\":[\"https:\/\/www.facebook.com\/FiscaliaCol\",\"https:\/\/x.com\/FiscaliaCol\",\"https:\/\/www.instagram.com\/fiscaliacol\",\"https:\/\/www.linkedin.com\/company\/fiscalia-general-de-la-naci-n\/\",\"https:\/\/youtube.com\/@fiscaliageneraldelanacion-4668?si=6nN79nyQICPU5iTh\"]},{\"@type\":\"Person\",\"@id\":\"https:\/\/www.fiscalia.gov.co\/colombia\/#\/schema\/person\/bf28d8ae7f1b287bbe3af484b04f43ea\",\"name\":\"Direcci\u00f3n de Comunicaciones Fiscal\u00eda General de la Naci\u00f3n\",\"image\":{\"@type\":\"ImageObject\",\"inLanguage\":\"es-CO\",\"@id\":\"https:\/\/www.fiscalia.gov.co\/colombia\/#\/schema\/person\/image\/\",\"url\":\"https:\/\/secure.gravatar.com\/avatar\/9d55ae161d32da16dbdd0b380c080a5f?s=96&d=mm&r=g\",\"contentUrl\":\"https:\/\/secure.gravatar.com\/avatar\/9d55ae161d32da16dbdd0b380c080a5f?s=96&d=mm&r=g\",\"caption\":\"Direcci\u00f3n de Comunicaciones Fiscal\u00eda General de la Naci\u00f3n\"},\"url\":\"https:\/\/www.fiscalia.gov.co\/colombia\/author\/kbonilla\/\"}]}<\/script>\n<!-- \/ Yoast SEO plugin. -->","yoast_head_json":{"title":"Fiscal\u00eda General de la Naci\u00f3n","description":"P\u00e1gina oficial de la Fiscal\u00eda General de la Naci\u00f3n \u2013 Colombia. Garantizamos el acceso efectivo a la justicia, la verdad y la reparaci\u00f3n de las v\u00edctimas de los delitos.","robots":{"index":"noindex","follow":"follow"},"og_locale":"es_ES","og_type":"article","og_title":"Fiscal\u00eda General de la Naci\u00f3n","og_description":"P\u00e1gina oficial de la Fiscal\u00eda General de la Naci\u00f3n \u2013 Colombia. Garantizamos el acceso efectivo a la justicia, la verdad y la reparaci\u00f3n de las v\u00edctimas de los delitos.","og_url":"https:\/\/www.fiscalia.gov.co\/colombia\/seccionales\/capturado-alcalde-de-barrancabermeja-dario-echeverry-serrano-por-presuntas-presiones-y-actos-irregulares-para-frenar-el-proceso-de-revocatoria-en-su-contra\/","og_site_name":"Fiscal\u00eda General de la Naci\u00f3n","article_publisher":"https:\/\/www.facebook.com\/FiscaliaCol","article_published_time":"2018-02-06T18:03:40+00:00","article_modified_time":"2018-02-06T21:01:32+00:00","author":"Direcci\u00f3n de Comunicaciones Fiscal\u00eda General de la Naci\u00f3n","twitter_card":"summary_large_image","twitter_creator":"@FiscaliaCol","twitter_site":"@FiscaliaCol","twitter_misc":{"Escrito por":"Direcci\u00f3n de Comunicaciones Fiscal\u00eda General de la Naci\u00f3n","Tiempo de lectura":"2 minutos"},"schema":{"@context":"https:\/\/schema.org","@graph":[{"@type":"Article","@id":"https:\/\/www.fiscalia.gov.co\/colombia\/seccionales\/capturado-alcalde-de-barrancabermeja-dario-echeverry-serrano-por-presuntas-presiones-y-actos-irregulares-para-frenar-el-proceso-de-revocatoria-en-su-contra\/#article","isPartOf":{"@id":"https:\/\/www.fiscalia.gov.co\/colombia\/seccionales\/capturado-alcalde-de-barrancabermeja-dario-echeverry-serrano-por-presuntas-presiones-y-actos-irregulares-para-frenar-el-proceso-de-revocatoria-en-su-contra\/"},"author":{"name":"Direcci\u00f3n de Comunicaciones Fiscal\u00eda General de la Naci\u00f3n","@id":"https:\/\/www.fiscalia.gov.co\/colombia\/#\/schema\/person\/bf28d8ae7f1b287bbe3af484b04f43ea"},"headline":"Capturado alcalde de Barrancabermeja, Dar\u00edo Echeverry Serrano, por presuntas presiones y actos irregulares para frenar el proceso de revocatoria en su contra","datePublished":"2018-02-06T18:03:40+00:00","dateModified":"2018-02-06T21:01:32+00:00","mainEntityOfPage":{"@id":"https:\/\/www.fiscalia.gov.co\/colombia\/seccionales\/capturado-alcalde-de-barrancabermeja-dario-echeverry-serrano-por-presuntas-presiones-y-actos-irregulares-para-frenar-el-proceso-de-revocatoria-en-su-contra\/"},"wordCount":387,"publisher":{"@id":"https:\/\/www.fiscalia.gov.co\/colombia\/#organization"},"articleSection":["Corrupci\u00f3n","Seccional Bucaramanga","Seccionales"],"inLanguage":"es-CO"},{"@type":"WebPage","@id":"https:\/\/www.fiscalia.gov.co\/colombia\/seccionales\/capturado-alcalde-de-barrancabermeja-dario-echeverry-serrano-por-presuntas-presiones-y-actos-irregulares-para-frenar-el-proceso-de-revocatoria-en-su-contra\/","url":"https:\/\/www.fiscalia.gov.co\/colombia\/seccionales\/capturado-alcalde-de-barrancabermeja-dario-echeverry-serrano-por-presuntas-presiones-y-actos-irregulares-para-frenar-el-proceso-de-revocatoria-en-su-contra\/","name":"Fiscal\u00eda General de la Naci\u00f3n","isPartOf":{"@id":"https:\/\/www.fiscalia.gov.co\/colombia\/#website"},"datePublished":"2018-02-06T18:03:40+00:00","dateModified":"2018-02-06T21:01:32+00:00","description":"P\u00e1gina oficial de la Fiscal\u00eda General de la Naci\u00f3n \u2013 Colombia. Garantizamos el acceso efectivo a la justicia, la verdad y la reparaci\u00f3n de las v\u00edctimas de los delitos.","breadcrumb":{"@id":"https:\/\/www.fiscalia.gov.co\/colombia\/seccionales\/capturado-alcalde-de-barrancabermeja-dario-echeverry-serrano-por-presuntas-presiones-y-actos-irregulares-para-frenar-el-proceso-de-revocatoria-en-su-contra\/#breadcrumb"},"inLanguage":"es-CO","potentialAction":[{"@type":"ReadAction","target":["https:\/\/www.fiscalia.gov.co\/colombia\/seccionales\/capturado-alcalde-de-barrancabermeja-dario-echeverry-serrano-por-presuntas-presiones-y-actos-irregulares-para-frenar-el-proceso-de-revocatoria-en-su-contra\/"]}]},{"@type":"BreadcrumbList","@id":"https:\/\/www.fiscalia.gov.co\/colombia\/seccionales\/capturado-alcalde-de-barrancabermeja-dario-echeverry-serrano-por-presuntas-presiones-y-actos-irregulares-para-frenar-el-proceso-de-revocatoria-en-su-contra\/#breadcrumb","itemListElement":[{"@type":"ListItem","position":1,"name":"Home","item":"https:\/\/www.fiscalia.gov.co\/colombia\/"},{"@type":"ListItem","position":2,"name":"Capturado alcalde de Barrancabermeja, Dar\u00edo Echeverry Serrano, por presuntas presiones y actos irregulares para frenar el proceso de revocatoria en su contra"}]},{"@type":"WebSite","@id":"https:\/\/www.fiscalia.gov.co\/colombia\/#website","url":"https:\/\/www.fiscalia.gov.co\/colombia\/","name":"Fiscal\u00eda General de la Naci\u00f3n","description":"P\u00e1gina oficial de la Fiscal\u00eda General de la Naci\u00f3n \u2013 Colombia. Garantizamos el acceso efectivo a la justicia, la verdad y la reparaci\u00f3n de las v\u00edctimas de los delitos.","publisher":{"@id":"https:\/\/www.fiscalia.gov.co\/colombia\/#organization"},"potentialAction":[{"@type":"SearchAction","target":{"@type":"EntryPoint","urlTemplate":"https:\/\/www.fiscalia.gov.co\/colombia\/?s={search_term_string}"},"query-input":{"@type":"PropertyValueSpecification","valueRequired":true,"valueName":"search_term_string"}}],"inLanguage":"es-CO"},{"@type":"Organization","@id":"https:\/\/www.fiscalia.gov.co\/colombia\/#organization","name":"Fiscal\u00eda General de la Naci\u00f3n","url":"https:\/\/www.fiscalia.gov.co\/colombia\/","logo":{"@type":"ImageObject","inLanguage":"es-CO","@id":"https:\/\/www.fiscalia.gov.co\/colombia\/#\/schema\/logo\/image\/","url":"https:\/\/www.fiscalia.gov.co\/colombia\/wp-content\/uploads\/LogoHorizontal_1.jpg","contentUrl":"https:\/\/www.fiscalia.gov.co\/colombia\/wp-content\/uploads\/LogoHorizontal_1.jpg","width":300,"height":90,"caption":"Fiscal\u00eda General de la Naci\u00f3n"},"image":{"@id":"https:\/\/www.fiscalia.gov.co\/colombia\/#\/schema\/logo\/image\/"},"sameAs":["https:\/\/www.facebook.com\/FiscaliaCol","https:\/\/x.com\/FiscaliaCol","https:\/\/www.instagram.com\/fiscaliacol","https:\/\/www.linkedin.com\/company\/fiscalia-general-de-la-naci-n\/","https:\/\/youtube.com\/@fiscaliageneraldelanacion-4668?si=6nN79nyQICPU5iTh"]},{"@type":"Person","@id":"https:\/\/www.fiscalia.gov.co\/colombia\/#\/schema\/person\/bf28d8ae7f1b287bbe3af484b04f43ea","name":"Direcci\u00f3n de Comunicaciones Fiscal\u00eda General de la Naci\u00f3n","image":{"@type":"ImageObject","inLanguage":"es-CO","@id":"https:\/\/www.fiscalia.gov.co\/colombia\/#\/schema\/person\/image\/","url":"https:\/\/secure.gravatar.com\/avatar\/9d55ae161d32da16dbdd0b380c080a5f?s=96&d=mm&r=g","contentUrl":"https:\/\/secure.gravatar.com\/avatar\/9d55ae161d32da16dbdd0b380c080a5f?s=96&d=mm&r=g","caption":"Direcci\u00f3n de Comunicaciones Fiscal\u00eda General de la Naci\u00f3n"},"url":"https:\/\/www.fiscalia.gov.co\/colombia\/author\/kbonilla\/"}]}},"_links":{"self":[{"href":"https:\/\/www.fiscalia.gov.co\/colombia\/wp-json\/wp\/v2\/posts\/159148","targetHints":{"allow":["GET"]}}],"collection":[{"href":"https:\/\/www.fiscalia.gov.co\/colombia\/wp-json\/wp\/v2\/posts"}],"about":[{"href":"https:\/\/www.fiscalia.gov.co\/colombia\/wp-json\/wp\/v2\/types\/post"}],"author":[{"embeddable":true,"href":"https:\/\/www.fiscalia.gov.co\/colombia\/wp-json\/wp\/v2\/users\/162"}],"replies":[{"embeddable":true,"href":"https:\/\/www.fiscalia.gov.co\/colombia\/wp-json\/wp\/v2\/comments?post=159148"}],"version-history":[{"count":2,"href":"https:\/\/www.fiscalia.gov.co\/colombia\/wp-json\/wp\/v2\/posts\/159148\/revisions"}],"predecessor-version":[{"id":159150,"href":"https:\/\/www.fiscalia.gov.co\/colombia\/wp-json\/wp\/v2\/posts\/159148\/revisions\/159150"}],"wp:attachment":[{"href":"https:\/\/www.fiscalia.gov.co\/colombia\/wp-json\/wp\/v2\/media?parent=159148"}],"wp:term":[{"taxonomy":"category","embeddable":true,"href":"https:\/\/www.fiscalia.gov.co\/colombia\/wp-json\/wp\/v2\/categories?post=159148"},{"taxonomy":"post_tag","embeddable":true,"href":"https:\/\/www.fiscalia.gov.co\/colombia\/wp-json\/wp\/v2\/tags?post=159148"}],"curies":[{"name":"wp","href":"https:\/\/api.w.org\/{rel}","templated":true}]}}