{"id":158721,"date":"2018-01-29T15:32:25","date_gmt":"2018-01-29T20:32:25","guid":{"rendered":"https:\/\/www.fiscalia.gov.co\/colombia\/?p=158721"},"modified":"2025-08-21T11:43:45","modified_gmt":"2025-08-21T16:43:45","slug":"informe-dirigido-a-la-poblacion-del-uraba-cordobes-y-antioqueno-en-cumplimiento-del-exhorto-de-la-sala-de-justicia-y-paz-del-tribunal-superior-de-medellin-sent-rad-no-2006-82611-diciembre-9-de-20","status":"publish","type":"post","link":"https:\/\/www.fiscalia.gov.co\/colombia\/noticias\/informe-dirigido-a-la-poblacion-del-uraba-cordobes-y-antioqueno-en-cumplimiento-del-exhorto-de-la-sala-de-justicia-y-paz-del-tribunal-superior-de-medellin-sent-rad-no-2006-82611-diciembre-9-de-20\/","title":{"rendered":"Informes dirigidos a la poblaci\u00f3n del Urab\u00e1 Cordob\u00e9s y Antioque\u00f1o en cumplimiento del Exhorto de la Sala de Justicia y Paz del Tribunal Superior de Medell\u00edn (Sent. Rad. No. 2006-82611, Diciembre 9 de 2014)"},"content":{"rendered":"<p>La divulgaci\u00f3n del informe se hace en cumplimiento del Exhorto de la Sala de Justicia y Paz del Tribunal de Medell\u00edn en la sentencia contra el postulado Jes\u00fas Ignacio Rold\u00e1n, que dispuso la rendici\u00f3n de cuentas por parte de La Fiscal\u00eda General de la Naci\u00f3n \u201ca\u00a0 la poblaci\u00f3n que habita en el Urab\u00e1 cordob\u00e9s y antioque\u00f1o y presentar informes en los que hagan p\u00fablicos los resultados de sus labores de investigaci\u00f3n y la efectividad de sus acciones, m\u00ednimo cada 6 meses\u201d.<\/p>\n<ul>\n<li><span data-olk-copy-source=\"MessageBody\"><a href=\"https:\/\/www.fiscalia.gov.co\/colombia\/wp-content\/uploads\/2025-08-21-Octavo-informe-sentencia-2006-82611.pdf\" target=\"_blank\" rel=\"noopener\">Octavo informe cumpliendo exhorto Sala de Justicia y Paz del tribunal superior de Medell\u00edn, sentencia 2006-82611 diciembre 9 de 2014<\/a>\u00a0\u2013 Publicado 2025-08-21<\/span><\/li>\n<li><a href=\"https:\/\/www.fiscalia.gov.co\/colombia\/wp-content\/uploads\/2024-07-02-SEPTIMO-INFORME-CUMPLIMIENTO-EXHORTO-URABA-ANTIOQUENO-Y-CORDOBES.pdf\" target=\"_blank\" rel=\"noopener\">S\u00e9ptimo informe cumpliendo exhorto Sala de Justicia Y Paz del Tribunal Superior de Medell\u00edn, sentencia 2006-82611 diciembre 9 de 2014<\/a> \u2013 Publicado 2024-07-02<\/li>\n<li><a href=\"https:\/\/www.fiscalia.gov.co\/colombia\/wp-content\/uploads\/2023-08-31-sexto-informe-uraba.pdf\" target=\"_blank\" rel=\"noopener\">Sexto informe cumpliendo exhorto Sala de Justicia Y Paz del Tribunal Superior de Medell\u00edn, sentencia 2006-82611 diciembre 9 de 2014<\/a> \u2013 Publicado 2023-09-15<\/li>\n<li><a href=\"https:\/\/www.fiscalia.gov.co\/colombia\/wp-content\/uploads\/2021-07-13-quinto-informe-uraba.pdf\" target=\"_blank\" rel=\"noopener noreferrer\">Quinto informe cumpliendo exhorto Sala de Justicia Y Paz del Tribunal Superior de Medell\u00edn, sentencia 2006-82611 diciembre 9 de 2014 &#8211;<\/a> Publicado 2021-07-13<\/li>\n<li><a href=\"https:\/\/www.fiscalia.gov.co\/colombia\/wp-content\/uploads\/Informe-audiencia-seguimiento-Sentencia-17-ene-2018-4-informe.pdf\" target=\"_blank\" rel=\"noopener noreferrer\">Cuarto informe cumpliendo exhorto Sala de Justicia Y Paz del Tribunal Superior de Medell\u00edn, sentencia 2006-82611 diciembre 9 de 2014 &#8211; <\/a>Publicado 2021-03-26<\/li>\n<li><a href=\"https:\/\/www.fiscalia.gov.co\/colombia\/wp-content\/uploads\/Informe-audiencia-seguimiento-Sentencia-17-ene-2018-tercer-informe.pdf\" target=\"_blank\" rel=\"noopener noreferrer\">Tercer informe cumplimiento exhorto Sala de Justicia y Paz del Tribunal Superior de Medell\u00edn sentencia 2006-82611, diciembre 9 de 2014<\/a> &#8211; Publicado 2020-08-13<\/li>\n<li><a href=\"https:\/\/www.fiscalia.gov.co\/colombia\/wp-content\/uploads\/Segundo-informe-cumplimiento-exhorto-Sala-de-Justicia-y-Paz-del-Tribunal-Superior-de-Medell\u00edn-sentencia-2006-82611-diciembre-9-de-2014.pdf\" target=\"_blank\" rel=\"noopener noreferrer\">Segundo informe cumplimiento exhorto Sala de Justicia y Paz del Tribunal Superior de Medell\u00edn sentencia 2006-82611, diciembre 9 de 2014<\/a><\/li>\n<li><a href=\"https:\/\/www.fiscalia.gov.co\/colombia\/wp-content\/uploads\/Informe-audiencia-seguimiento-Sentencia-17-ene-2018.pdf\" target=\"_blank\" rel=\"noopener noreferrer\">Primer informe cumpliendo exhorto Sala de Justicia Y Paz del Tribunal Superior de Medell\u00edn, sentencia 2006-82611 diciembre 9 de 2014<\/a><\/li>\n<\/ul>\n\n<div class=\"twitter-share\"><a href=\"https:\/\/twitter.com\/intent\/tweet?via=fiscaliacol\" class=\"twitter-share-button\">Tweet<\/a><\/div>\n","protected":false},"excerpt":{"rendered":"<p>La divulgaci\u00f3n del informe se hace en cumplimiento del Exhorto de la Sala de Justicia y Paz del Tribunal de Medell\u00edn en la sentencia contra el postulado Jes\u00fas Ignacio Rold\u00e1n, que dispuso la rendici\u00f3n de cuentas por parte de La Fiscal\u00eda General de la Naci\u00f3n \u201ca\u00a0 la poblaci\u00f3n que habita en el Urab\u00e1 cordob\u00e9s y [&hellip;]<\/p>\n","protected":false},"author":162,"featured_media":0,"comment_status":"closed","ping_status":"open","sticky":false,"template":"","format":"standard","meta":{"_price":"","_stock":"","_tribe_ticket_header":"","_tribe_default_ticket_provider":"","_tribe_ticket_capacity":"0","_ticket_start_date":"","_ticket_end_date":"","_tribe_ticket_show_description":"","_tribe_ticket_show_not_going":false,"_tribe_ticket_use_global_stock":"","_tribe_ticket_global_stock_level":"","_global_stock_mode":"","_global_stock_cap":"","_tribe_rsvp_for_event":"","_tribe_ticket_going_count":"","_tribe_ticket_not_going_count":"","_tribe_tickets_list":"[]","_tribe_ticket_has_attendee_info_fields":false,"tdm_status":"","tdm_grid_status":"","footnotes":""},"categories":[1],"tags":[],"class_list":{"0":"post-158721","1":"post","2":"type-post","3":"status-publish","4":"format-standard","6":"category-noticias"},"yoast_head":"<!-- This site is optimized with the Yoast SEO plugin v24.3 - https:\/\/yoast.com\/wordpress\/plugins\/seo\/ -->\n<title>Fiscal\u00eda General de la Naci\u00f3n<\/title>\n<meta name=\"description\" content=\"P\u00e1gina oficial de la Fiscal\u00eda General de la Naci\u00f3n \u2013 Colombia. Garantizamos el acceso efectivo a la justicia, la verdad y la reparaci\u00f3n de las v\u00edctimas de los delitos.\" \/>\n<meta name=\"robots\" content=\"noindex, follow\" \/>\n<meta property=\"og:locale\" content=\"es_ES\" \/>\n<meta property=\"og:type\" content=\"article\" \/>\n<meta property=\"og:title\" content=\"Fiscal\u00eda General de la Naci\u00f3n\" \/>\n<meta property=\"og:description\" content=\"P\u00e1gina oficial de la Fiscal\u00eda General de la Naci\u00f3n \u2013 Colombia. Garantizamos el acceso efectivo a la justicia, la verdad y la reparaci\u00f3n de las v\u00edctimas de los delitos.\" \/>\n<meta property=\"og:url\" content=\"https:\/\/www.fiscalia.gov.co\/colombia\/noticias\/informe-dirigido-a-la-poblacion-del-uraba-cordobes-y-antioqueno-en-cumplimiento-del-exhorto-de-la-sala-de-justicia-y-paz-del-tribunal-superior-de-medellin-sent-rad-no-2006-82611-diciembre-9-de-20\/\" \/>\n<meta property=\"og:site_name\" content=\"Fiscal\u00eda General de la Naci\u00f3n\" \/>\n<meta property=\"article:publisher\" content=\"https:\/\/www.facebook.com\/FiscaliaCol\" \/>\n<meta property=\"article:published_time\" content=\"2018-01-29T20:32:25+00:00\" \/>\n<meta property=\"article:modified_time\" content=\"2025-08-21T16:43:45+00:00\" \/>\n<meta name=\"author\" content=\"Direcci\u00f3n de Comunicaciones Fiscal\u00eda General de la Naci\u00f3n\" \/>\n<meta name=\"twitter:card\" content=\"summary_large_image\" \/>\n<meta name=\"twitter:creator\" content=\"@FiscaliaCol\" \/>\n<meta name=\"twitter:site\" content=\"@FiscaliaCol\" \/>\n<meta name=\"twitter:label1\" content=\"Escrito por\" \/>\n\t<meta name=\"twitter:data1\" content=\"Direcci\u00f3n de Comunicaciones Fiscal\u00eda General de la Naci\u00f3n\" \/>\n\t<meta name=\"twitter:label2\" content=\"Tiempo de lectura\" \/>\n\t<meta name=\"twitter:data2\" content=\"2 minutos\" \/>\n<script type=\"application\/ld+json\" class=\"yoast-schema-graph\">{\"@context\":\"https:\/\/schema.org\",\"@graph\":[{\"@type\":\"Article\",\"@id\":\"https:\/\/www.fiscalia.gov.co\/colombia\/noticias\/informe-dirigido-a-la-poblacion-del-uraba-cordobes-y-antioqueno-en-cumplimiento-del-exhorto-de-la-sala-de-justicia-y-paz-del-tribunal-superior-de-medellin-sent-rad-no-2006-82611-diciembre-9-de-20\/#article\",\"isPartOf\":{\"@id\":\"https:\/\/www.fiscalia.gov.co\/colombia\/noticias\/informe-dirigido-a-la-poblacion-del-uraba-cordobes-y-antioqueno-en-cumplimiento-del-exhorto-de-la-sala-de-justicia-y-paz-del-tribunal-superior-de-medellin-sent-rad-no-2006-82611-diciembre-9-de-20\/\"},\"author\":{\"name\":\"Direcci\u00f3n de Comunicaciones Fiscal\u00eda General de la Naci\u00f3n\",\"@id\":\"https:\/\/www.fiscalia.gov.co\/colombia\/#\/schema\/person\/bf28d8ae7f1b287bbe3af484b04f43ea\"},\"headline\":\"Informes dirigidos a la poblaci\u00f3n del Urab\u00e1 Cordob\u00e9s y Antioque\u00f1o en cumplimiento del Exhorto de la Sala de Justicia y Paz del Tribunal Superior de Medell\u00edn (Sent. Rad. No. 2006-82611, Diciembre 9 de 2014)\",\"datePublished\":\"2018-01-29T20:32:25+00:00\",\"dateModified\":\"2025-08-21T16:43:45+00:00\",\"mainEntityOfPage\":{\"@id\":\"https:\/\/www.fiscalia.gov.co\/colombia\/noticias\/informe-dirigido-a-la-poblacion-del-uraba-cordobes-y-antioqueno-en-cumplimiento-del-exhorto-de-la-sala-de-justicia-y-paz-del-tribunal-superior-de-medellin-sent-rad-no-2006-82611-diciembre-9-de-20\/\"},\"wordCount\":303,\"publisher\":{\"@id\":\"https:\/\/www.fiscalia.gov.co\/colombia\/#organization\"},\"articleSection\":[\"Noticias\"],\"inLanguage\":\"es-CO\"},{\"@type\":\"WebPage\",\"@id\":\"https:\/\/www.fiscalia.gov.co\/colombia\/noticias\/informe-dirigido-a-la-poblacion-del-uraba-cordobes-y-antioqueno-en-cumplimiento-del-exhorto-de-la-sala-de-justicia-y-paz-del-tribunal-superior-de-medellin-sent-rad-no-2006-82611-diciembre-9-de-20\/\",\"url\":\"https:\/\/www.fiscalia.gov.co\/colombia\/noticias\/informe-dirigido-a-la-poblacion-del-uraba-cordobes-y-antioqueno-en-cumplimiento-del-exhorto-de-la-sala-de-justicia-y-paz-del-tribunal-superior-de-medellin-sent-rad-no-2006-82611-diciembre-9-de-20\/\",\"name\":\"Fiscal\u00eda General de la Naci\u00f3n\",\"isPartOf\":{\"@id\":\"https:\/\/www.fiscalia.gov.co\/colombia\/#website\"},\"datePublished\":\"2018-01-29T20:32:25+00:00\",\"dateModified\":\"2025-08-21T16:43:45+00:00\",\"description\":\"P\u00e1gina oficial de la Fiscal\u00eda General de la Naci\u00f3n \u2013 Colombia. Garantizamos el acceso efectivo a la justicia, la verdad y la reparaci\u00f3n de las v\u00edctimas de los delitos.\",\"breadcrumb\":{\"@id\":\"https:\/\/www.fiscalia.gov.co\/colombia\/noticias\/informe-dirigido-a-la-poblacion-del-uraba-cordobes-y-antioqueno-en-cumplimiento-del-exhorto-de-la-sala-de-justicia-y-paz-del-tribunal-superior-de-medellin-sent-rad-no-2006-82611-diciembre-9-de-20\/#breadcrumb\"},\"inLanguage\":\"es-CO\",\"potentialAction\":[{\"@type\":\"ReadAction\",\"target\":[\"https:\/\/www.fiscalia.gov.co\/colombia\/noticias\/informe-dirigido-a-la-poblacion-del-uraba-cordobes-y-antioqueno-en-cumplimiento-del-exhorto-de-la-sala-de-justicia-y-paz-del-tribunal-superior-de-medellin-sent-rad-no-2006-82611-diciembre-9-de-20\/\"]}]},{\"@type\":\"BreadcrumbList\",\"@id\":\"https:\/\/www.fiscalia.gov.co\/colombia\/noticias\/informe-dirigido-a-la-poblacion-del-uraba-cordobes-y-antioqueno-en-cumplimiento-del-exhorto-de-la-sala-de-justicia-y-paz-del-tribunal-superior-de-medellin-sent-rad-no-2006-82611-diciembre-9-de-20\/#breadcrumb\",\"itemListElement\":[{\"@type\":\"ListItem\",\"position\":1,\"name\":\"Home\",\"item\":\"https:\/\/www.fiscalia.gov.co\/colombia\/\"},{\"@type\":\"ListItem\",\"position\":2,\"name\":\"Informes dirigidos a la poblaci\u00f3n del Urab\u00e1 Cordob\u00e9s y Antioque\u00f1o en cumplimiento del Exhorto de la Sala de Justicia y Paz del Tribunal Superior de Medell\u00edn (Sent. Rad. No. 2006-82611, Diciembre 9 de 2014)\"}]},{\"@type\":\"WebSite\",\"@id\":\"https:\/\/www.fiscalia.gov.co\/colombia\/#website\",\"url\":\"https:\/\/www.fiscalia.gov.co\/colombia\/\",\"name\":\"Fiscal\u00eda General de la Naci\u00f3n\",\"description\":\"P\u00e1gina oficial de la Fiscal\u00eda General de la Naci\u00f3n \u2013 Colombia. Garantizamos el acceso efectivo a la justicia, la verdad y la reparaci\u00f3n de las v\u00edctimas de los delitos.\",\"publisher\":{\"@id\":\"https:\/\/www.fiscalia.gov.co\/colombia\/#organization\"},\"potentialAction\":[{\"@type\":\"SearchAction\",\"target\":{\"@type\":\"EntryPoint\",\"urlTemplate\":\"https:\/\/www.fiscalia.gov.co\/colombia\/?s={search_term_string}\"},\"query-input\":{\"@type\":\"PropertyValueSpecification\",\"valueRequired\":true,\"valueName\":\"search_term_string\"}}],\"inLanguage\":\"es-CO\"},{\"@type\":\"Organization\",\"@id\":\"https:\/\/www.fiscalia.gov.co\/colombia\/#organization\",\"name\":\"Fiscal\u00eda General de la Naci\u00f3n\",\"url\":\"https:\/\/www.fiscalia.gov.co\/colombia\/\",\"logo\":{\"@type\":\"ImageObject\",\"inLanguage\":\"es-CO\",\"@id\":\"https:\/\/www.fiscalia.gov.co\/colombia\/#\/schema\/logo\/image\/\",\"url\":\"https:\/\/www.fiscalia.gov.co\/colombia\/wp-content\/uploads\/LogoHorizontal_1.jpg\",\"contentUrl\":\"https:\/\/www.fiscalia.gov.co\/colombia\/wp-content\/uploads\/LogoHorizontal_1.jpg\",\"width\":300,\"height\":90,\"caption\":\"Fiscal\u00eda General de la Naci\u00f3n\"},\"image\":{\"@id\":\"https:\/\/www.fiscalia.gov.co\/colombia\/#\/schema\/logo\/image\/\"},\"sameAs\":[\"https:\/\/www.facebook.com\/FiscaliaCol\",\"https:\/\/x.com\/FiscaliaCol\",\"https:\/\/www.instagram.com\/fiscaliacol\",\"https:\/\/www.linkedin.com\/company\/fiscalia-general-de-la-naci-n\/\",\"https:\/\/youtube.com\/@fiscaliageneraldelanacion-4668?si=6nN79nyQICPU5iTh\"]},{\"@type\":\"Person\",\"@id\":\"https:\/\/www.fiscalia.gov.co\/colombia\/#\/schema\/person\/bf28d8ae7f1b287bbe3af484b04f43ea\",\"name\":\"Direcci\u00f3n de Comunicaciones Fiscal\u00eda General de la Naci\u00f3n\",\"image\":{\"@type\":\"ImageObject\",\"inLanguage\":\"es-CO\",\"@id\":\"https:\/\/www.fiscalia.gov.co\/colombia\/#\/schema\/person\/image\/\",\"url\":\"https:\/\/secure.gravatar.com\/avatar\/9d55ae161d32da16dbdd0b380c080a5f?s=96&d=mm&r=g\",\"contentUrl\":\"https:\/\/secure.gravatar.com\/avatar\/9d55ae161d32da16dbdd0b380c080a5f?s=96&d=mm&r=g\",\"caption\":\"Direcci\u00f3n de Comunicaciones Fiscal\u00eda General de la Naci\u00f3n\"},\"url\":\"https:\/\/www.fiscalia.gov.co\/colombia\/author\/kbonilla\/\"}]}<\/script>\n<!-- \/ Yoast SEO plugin. -->","yoast_head_json":{"title":"Fiscal\u00eda General de la Naci\u00f3n","description":"P\u00e1gina oficial de la Fiscal\u00eda General de la Naci\u00f3n \u2013 Colombia. Garantizamos el acceso efectivo a la justicia, la verdad y la reparaci\u00f3n de las v\u00edctimas de los delitos.","robots":{"index":"noindex","follow":"follow"},"og_locale":"es_ES","og_type":"article","og_title":"Fiscal\u00eda General de la Naci\u00f3n","og_description":"P\u00e1gina oficial de la Fiscal\u00eda General de la Naci\u00f3n \u2013 Colombia. Garantizamos el acceso efectivo a la justicia, la verdad y la reparaci\u00f3n de las v\u00edctimas de los delitos.","og_url":"https:\/\/www.fiscalia.gov.co\/colombia\/noticias\/informe-dirigido-a-la-poblacion-del-uraba-cordobes-y-antioqueno-en-cumplimiento-del-exhorto-de-la-sala-de-justicia-y-paz-del-tribunal-superior-de-medellin-sent-rad-no-2006-82611-diciembre-9-de-20\/","og_site_name":"Fiscal\u00eda General de la Naci\u00f3n","article_publisher":"https:\/\/www.facebook.com\/FiscaliaCol","article_published_time":"2018-01-29T20:32:25+00:00","article_modified_time":"2025-08-21T16:43:45+00:00","author":"Direcci\u00f3n de Comunicaciones Fiscal\u00eda General de la Naci\u00f3n","twitter_card":"summary_large_image","twitter_creator":"@FiscaliaCol","twitter_site":"@FiscaliaCol","twitter_misc":{"Escrito por":"Direcci\u00f3n de Comunicaciones Fiscal\u00eda General de la Naci\u00f3n","Tiempo de lectura":"2 minutos"},"schema":{"@context":"https:\/\/schema.org","@graph":[{"@type":"Article","@id":"https:\/\/www.fiscalia.gov.co\/colombia\/noticias\/informe-dirigido-a-la-poblacion-del-uraba-cordobes-y-antioqueno-en-cumplimiento-del-exhorto-de-la-sala-de-justicia-y-paz-del-tribunal-superior-de-medellin-sent-rad-no-2006-82611-diciembre-9-de-20\/#article","isPartOf":{"@id":"https:\/\/www.fiscalia.gov.co\/colombia\/noticias\/informe-dirigido-a-la-poblacion-del-uraba-cordobes-y-antioqueno-en-cumplimiento-del-exhorto-de-la-sala-de-justicia-y-paz-del-tribunal-superior-de-medellin-sent-rad-no-2006-82611-diciembre-9-de-20\/"},"author":{"name":"Direcci\u00f3n de Comunicaciones Fiscal\u00eda General de la Naci\u00f3n","@id":"https:\/\/www.fiscalia.gov.co\/colombia\/#\/schema\/person\/bf28d8ae7f1b287bbe3af484b04f43ea"},"headline":"Informes dirigidos a la poblaci\u00f3n del Urab\u00e1 Cordob\u00e9s y Antioque\u00f1o en cumplimiento del Exhorto de la Sala de Justicia y Paz del Tribunal Superior de Medell\u00edn (Sent. Rad. No. 2006-82611, Diciembre 9 de 2014)","datePublished":"2018-01-29T20:32:25+00:00","dateModified":"2025-08-21T16:43:45+00:00","mainEntityOfPage":{"@id":"https:\/\/www.fiscalia.gov.co\/colombia\/noticias\/informe-dirigido-a-la-poblacion-del-uraba-cordobes-y-antioqueno-en-cumplimiento-del-exhorto-de-la-sala-de-justicia-y-paz-del-tribunal-superior-de-medellin-sent-rad-no-2006-82611-diciembre-9-de-20\/"},"wordCount":303,"publisher":{"@id":"https:\/\/www.fiscalia.gov.co\/colombia\/#organization"},"articleSection":["Noticias"],"inLanguage":"es-CO"},{"@type":"WebPage","@id":"https:\/\/www.fiscalia.gov.co\/colombia\/noticias\/informe-dirigido-a-la-poblacion-del-uraba-cordobes-y-antioqueno-en-cumplimiento-del-exhorto-de-la-sala-de-justicia-y-paz-del-tribunal-superior-de-medellin-sent-rad-no-2006-82611-diciembre-9-de-20\/","url":"https:\/\/www.fiscalia.gov.co\/colombia\/noticias\/informe-dirigido-a-la-poblacion-del-uraba-cordobes-y-antioqueno-en-cumplimiento-del-exhorto-de-la-sala-de-justicia-y-paz-del-tribunal-superior-de-medellin-sent-rad-no-2006-82611-diciembre-9-de-20\/","name":"Fiscal\u00eda General de la Naci\u00f3n","isPartOf":{"@id":"https:\/\/www.fiscalia.gov.co\/colombia\/#website"},"datePublished":"2018-01-29T20:32:25+00:00","dateModified":"2025-08-21T16:43:45+00:00","description":"P\u00e1gina oficial de la Fiscal\u00eda General de la Naci\u00f3n \u2013 Colombia. Garantizamos el acceso efectivo a la justicia, la verdad y la reparaci\u00f3n de las v\u00edctimas de los delitos.","breadcrumb":{"@id":"https:\/\/www.fiscalia.gov.co\/colombia\/noticias\/informe-dirigido-a-la-poblacion-del-uraba-cordobes-y-antioqueno-en-cumplimiento-del-exhorto-de-la-sala-de-justicia-y-paz-del-tribunal-superior-de-medellin-sent-rad-no-2006-82611-diciembre-9-de-20\/#breadcrumb"},"inLanguage":"es-CO","potentialAction":[{"@type":"ReadAction","target":["https:\/\/www.fiscalia.gov.co\/colombia\/noticias\/informe-dirigido-a-la-poblacion-del-uraba-cordobes-y-antioqueno-en-cumplimiento-del-exhorto-de-la-sala-de-justicia-y-paz-del-tribunal-superior-de-medellin-sent-rad-no-2006-82611-diciembre-9-de-20\/"]}]},{"@type":"BreadcrumbList","@id":"https:\/\/www.fiscalia.gov.co\/colombia\/noticias\/informe-dirigido-a-la-poblacion-del-uraba-cordobes-y-antioqueno-en-cumplimiento-del-exhorto-de-la-sala-de-justicia-y-paz-del-tribunal-superior-de-medellin-sent-rad-no-2006-82611-diciembre-9-de-20\/#breadcrumb","itemListElement":[{"@type":"ListItem","position":1,"name":"Home","item":"https:\/\/www.fiscalia.gov.co\/colombia\/"},{"@type":"ListItem","position":2,"name":"Informes dirigidos a la poblaci\u00f3n del Urab\u00e1 Cordob\u00e9s y Antioque\u00f1o en cumplimiento del Exhorto de la Sala de Justicia y Paz del Tribunal Superior de Medell\u00edn (Sent. Rad. No. 2006-82611, Diciembre 9 de 2014)"}]},{"@type":"WebSite","@id":"https:\/\/www.fiscalia.gov.co\/colombia\/#website","url":"https:\/\/www.fiscalia.gov.co\/colombia\/","name":"Fiscal\u00eda General de la Naci\u00f3n","description":"P\u00e1gina oficial de la Fiscal\u00eda General de la Naci\u00f3n \u2013 Colombia. Garantizamos el acceso efectivo a la justicia, la verdad y la reparaci\u00f3n de las v\u00edctimas de los delitos.","publisher":{"@id":"https:\/\/www.fiscalia.gov.co\/colombia\/#organization"},"potentialAction":[{"@type":"SearchAction","target":{"@type":"EntryPoint","urlTemplate":"https:\/\/www.fiscalia.gov.co\/colombia\/?s={search_term_string}"},"query-input":{"@type":"PropertyValueSpecification","valueRequired":true,"valueName":"search_term_string"}}],"inLanguage":"es-CO"},{"@type":"Organization","@id":"https:\/\/www.fiscalia.gov.co\/colombia\/#organization","name":"Fiscal\u00eda General de la Naci\u00f3n","url":"https:\/\/www.fiscalia.gov.co\/colombia\/","logo":{"@type":"ImageObject","inLanguage":"es-CO","@id":"https:\/\/www.fiscalia.gov.co\/colombia\/#\/schema\/logo\/image\/","url":"https:\/\/www.fiscalia.gov.co\/colombia\/wp-content\/uploads\/LogoHorizontal_1.jpg","contentUrl":"https:\/\/www.fiscalia.gov.co\/colombia\/wp-content\/uploads\/LogoHorizontal_1.jpg","width":300,"height":90,"caption":"Fiscal\u00eda General de la Naci\u00f3n"},"image":{"@id":"https:\/\/www.fiscalia.gov.co\/colombia\/#\/schema\/logo\/image\/"},"sameAs":["https:\/\/www.facebook.com\/FiscaliaCol","https:\/\/x.com\/FiscaliaCol","https:\/\/www.instagram.com\/fiscaliacol","https:\/\/www.linkedin.com\/company\/fiscalia-general-de-la-naci-n\/","https:\/\/youtube.com\/@fiscaliageneraldelanacion-4668?si=6nN79nyQICPU5iTh"]},{"@type":"Person","@id":"https:\/\/www.fiscalia.gov.co\/colombia\/#\/schema\/person\/bf28d8ae7f1b287bbe3af484b04f43ea","name":"Direcci\u00f3n de Comunicaciones Fiscal\u00eda General de la Naci\u00f3n","image":{"@type":"ImageObject","inLanguage":"es-CO","@id":"https:\/\/www.fiscalia.gov.co\/colombia\/#\/schema\/person\/image\/","url":"https:\/\/secure.gravatar.com\/avatar\/9d55ae161d32da16dbdd0b380c080a5f?s=96&d=mm&r=g","contentUrl":"https:\/\/secure.gravatar.com\/avatar\/9d55ae161d32da16dbdd0b380c080a5f?s=96&d=mm&r=g","caption":"Direcci\u00f3n de Comunicaciones Fiscal\u00eda General de la Naci\u00f3n"},"url":"https:\/\/www.fiscalia.gov.co\/colombia\/author\/kbonilla\/"}]}},"_links":{"self":[{"href":"https:\/\/www.fiscalia.gov.co\/colombia\/wp-json\/wp\/v2\/posts\/158721","targetHints":{"allow":["GET"]}}],"collection":[{"href":"https:\/\/www.fiscalia.gov.co\/colombia\/wp-json\/wp\/v2\/posts"}],"about":[{"href":"https:\/\/www.fiscalia.gov.co\/colombia\/wp-json\/wp\/v2\/types\/post"}],"author":[{"embeddable":true,"href":"https:\/\/www.fiscalia.gov.co\/colombia\/wp-json\/wp\/v2\/users\/162"}],"replies":[{"embeddable":true,"href":"https:\/\/www.fiscalia.gov.co\/colombia\/wp-json\/wp\/v2\/comments?post=158721"}],"version-history":[{"count":17,"href":"https:\/\/www.fiscalia.gov.co\/colombia\/wp-json\/wp\/v2\/posts\/158721\/revisions"}],"predecessor-version":[{"id":322113,"href":"https:\/\/www.fiscalia.gov.co\/colombia\/wp-json\/wp\/v2\/posts\/158721\/revisions\/322113"}],"wp:attachment":[{"href":"https:\/\/www.fiscalia.gov.co\/colombia\/wp-json\/wp\/v2\/media?parent=158721"}],"wp:term":[{"taxonomy":"category","embeddable":true,"href":"https:\/\/www.fiscalia.gov.co\/colombia\/wp-json\/wp\/v2\/categories?post=158721"},{"taxonomy":"post_tag","embeddable":true,"href":"https:\/\/www.fiscalia.gov.co\/colombia\/wp-json\/wp\/v2\/tags?post=158721"}],"curies":[{"name":"wp","href":"https:\/\/api.w.org\/{rel}","templated":true}]}}