{"id":158250,"date":"2018-01-17T20:37:11","date_gmt":"2018-01-18T01:37:11","guid":{"rendered":"https:\/\/www.fiscalia.gov.co\/colombia\/?p=158250"},"modified":"2018-01-18T09:28:40","modified_gmt":"2018-01-18T14:28:40","slug":"carcel-para-juan-santiago-gallon-henao-presunto-integrante-de-una-estructura-narcotraficante-senalada-de-transformar-cocaina-en-productos-agropecuarios-y-veterinarios","status":"publish","type":"post","link":"https:\/\/www.fiscalia.gov.co\/colombia\/seccionales\/carcel-para-juan-santiago-gallon-henao-presunto-integrante-de-una-estructura-narcotraficante-senalada-de-transformar-cocaina-en-productos-agropecuarios-y-veterinarios\/","title":{"rendered":"C\u00e1rcel para Juan Santiago Gall\u00f3n Henao, presunto integrante de una estructura narcotraficante se\u00f1alada de transformar coca\u00edna en productos agropecuarios y veterinarios"},"content":{"rendered":"<p><strong><em><u>Alias Gall\u00f3n fue capturado por la Fiscal\u00eda, con apoyo del Gaula Militar y la NCA (Agencia Nacional del Crimen del Reino Unido), en C\u00facuta (Norte de Santander). <\/u><\/em><\/strong><\/p>\n<p>Ante un juez de control de garant\u00edas de C\u00facuta, la Fiscal\u00eda imput\u00f3 cargos contra Juan Santiago Gall\u00f3n Henao, alias Gall\u00f3n, como presunto responsable del delito de tr\u00e1fico, fabricaci\u00f3n o porte de estupefacientes agravado, por su supuesta participaci\u00f3n en una organizaci\u00f3n se\u00f1alada de enviar coca\u00edna camuflada en comida para perro y otros productos veterinarios.<\/p>\n<p>Al t\u00e9rmino de las audiencias concentradas, el juez impuso medida de aseguramiento privativa de la libertad, la cual el procesado deber\u00e1 cumplir en centro carcelario.<\/p>\n<p>Las investigaciones de la Fiscal\u00eda evidenciaron que alias Gall\u00f3n ser\u00eda uno de los principales inversionistas de la estructura narcotraficante que dirig\u00eda Andrew Mark Deamer, un ciudadano brit\u00e1nico conocido como El Mono o Marcos, quien fue capturado el 1 de noviembre de 2017, en una lujosa finca de Rionegro (Antioquia).<\/p>\n<p>En esa oportunidad, otras 19 personas fueron capturadas en operaciones simult\u00e1neas desarrolladas en Bogot\u00e1, Medell\u00edn, Barranquilla, Santa Marta y Villavicencio.<\/p>\n<p>Diversas t\u00e9cnicas de polic\u00eda judicial realizadas por la Delegada contra la Criminalidad Organizada de la Fiscal\u00eda evidenciaron que los dineros aportados por Juan Santiago Gall\u00f3n, habr\u00edan sido destinados para sostener el engranaje narcotraficante y el perfeccionamiento de una nueva modalidad de camuflaje de estupefacientes, en la que mediante un proceso qu\u00edmico lograban que la coca\u00edna tuviera la forma, textura y olor de productos como concentrado para perros, alimento para gatos, arena y fertilizantes.<\/p>\n<p>Seis incautaciones realizadas en los \u00faltimos tres a\u00f1os en diferentes zonas del pa\u00eds, que sumaron algo m\u00e1s de cinco toneladas de coca\u00edna, pusieron al descubierto este plan criminal, que ten\u00eda como prop\u00f3sito poner coca\u00edna en Estados Unidos y Europa.<\/p>\n<p><strong><u>La nueva modalidad criminal<\/u><\/strong><\/p>\n<p>Los indicios recopilados por la Fiscal\u00eda General de la Naci\u00f3n permitieron establecer que la organizaci\u00f3n narcotraficante instalaba laboratorios en zona rural, muchos de ellos en fincas de algunos municipios de Antioquia. Hasta all\u00ed llegaba un grupo encargado de la adaptaci\u00f3n de maquinaria artesanal, transporte de insumos y elementos necesarios para el procesamiento.<\/p>\n<p>Posteriormente, el equipo qu\u00edmico ingresaba al \u00e1rea, pon\u00eda en marcha la transformaci\u00f3n de la coca\u00edna en productos veterinarios y agropecuarios, y en dos d\u00edas sal\u00eda del lugar. En las incautaciones y controles t\u00e9cnicos realizados se detect\u00f3 la elaboraron de concentrado para perros, arena sanitaria para gatos, fertilizantes, polvo palmito y coca\u00edna l\u00edquida; y la utilizaci\u00f3n de m\u00faltiples sustancias controladas, esencias y colorantes para lograr que el estupefaciente tuviera similitud en forma, olor, textura y apariencia a los productos l\u00edcitos.<\/p>\n<p>Luego de la transformaci\u00f3n, mov\u00edan el estupefaciente hasta Barranquilla y, a trav\u00e9s de la empresa exportadora del cabecilla de la estructura, presuntamente pon\u00edan los cargamentos en pa\u00edses de Europa. Cuando la coca\u00edna era recibida, diversos&nbsp;integrantes&nbsp;&nbsp;de&nbsp;&nbsp;la&nbsp;&nbsp;organizaci\u00f3n,&nbsp; en espec\u00edfico los qu\u00edmicos, deb\u00edan viajar a dichos destinos para revertir el proceso y as\u00ed extraer el estupefaciente para su comercializaci\u00f3n.<\/p>\n\n<div class=\"twitter-share\"><a href=\"https:\/\/twitter.com\/intent\/tweet?via=fiscaliacol\" class=\"twitter-share-button\">Tweet<\/a><\/div>\n","protected":false},"excerpt":{"rendered":"<p>Alias Gall\u00f3n fue capturado por la Fiscal\u00eda, con apoyo del Gaula Militar y la NCA (Agencia Nacional del Crimen del Reino Unido), en C\u00facuta (Norte de Santander). Ante un juez de control de garant\u00edas de C\u00facuta, la Fiscal\u00eda imput\u00f3 cargos contra Juan Santiago Gall\u00f3n Henao, alias Gall\u00f3n, como presunto responsable del delito de tr\u00e1fico, fabricaci\u00f3n [&hellip;]<\/p>\n","protected":false},"author":162,"featured_media":0,"comment_status":"closed","ping_status":"open","sticky":false,"template":"","format":"standard","meta":{"_price":"","_stock":"","_tribe_ticket_header":"","_tribe_default_ticket_provider":"","_tribe_ticket_capacity":"0","_ticket_start_date":"","_ticket_end_date":"","_tribe_ticket_show_description":"","_tribe_ticket_show_not_going":false,"_tribe_ticket_use_global_stock":"","_tribe_ticket_global_stock_level":"","_global_stock_mode":"","_global_stock_cap":"","_tribe_rsvp_for_event":"","_tribe_ticket_going_count":"","_tribe_ticket_not_going_count":"","_tribe_tickets_list":"[]","_tribe_ticket_has_attendee_info_fields":false,"tdm_status":"","tdm_grid_status":"","footnotes":""},"categories":[24098,321,303],"tags":[],"class_list":{"0":"post-158250","1":"post","2":"type-post","3":"status-publish","4":"format-standard","6":"category-crimen-organizado","7":"category-seccional-bogota","8":"category-seccionales"},"yoast_head":"<!-- This site is optimized with the Yoast SEO plugin v24.3 - https:\/\/yoast.com\/wordpress\/plugins\/seo\/ -->\n<title>Fiscal\u00eda General de la Naci\u00f3n<\/title>\n<meta name=\"description\" content=\"P\u00e1gina oficial de la Fiscal\u00eda General de la Naci\u00f3n \u2013 Colombia. Garantizamos el acceso efectivo a la justicia, la verdad y la reparaci\u00f3n de las v\u00edctimas de los delitos.\" \/>\n<meta name=\"robots\" content=\"noindex, follow\" \/>\n<meta property=\"og:locale\" content=\"es_ES\" \/>\n<meta property=\"og:type\" content=\"article\" \/>\n<meta property=\"og:title\" content=\"Fiscal\u00eda General de la Naci\u00f3n\" \/>\n<meta property=\"og:description\" content=\"P\u00e1gina oficial de la Fiscal\u00eda General de la Naci\u00f3n \u2013 Colombia. Garantizamos el acceso efectivo a la justicia, la verdad y la reparaci\u00f3n de las v\u00edctimas de los delitos.\" \/>\n<meta property=\"og:url\" content=\"https:\/\/www.fiscalia.gov.co\/colombia\/seccionales\/carcel-para-juan-santiago-gallon-henao-presunto-integrante-de-una-estructura-narcotraficante-senalada-de-transformar-cocaina-en-productos-agropecuarios-y-veterinarios\/\" \/>\n<meta property=\"og:site_name\" content=\"Fiscal\u00eda General de la Naci\u00f3n\" \/>\n<meta property=\"article:publisher\" content=\"https:\/\/www.facebook.com\/FiscaliaCol\" \/>\n<meta property=\"article:published_time\" content=\"2018-01-18T01:37:11+00:00\" \/>\n<meta property=\"article:modified_time\" content=\"2018-01-18T14:28:40+00:00\" \/>\n<meta name=\"author\" content=\"Direcci\u00f3n de Comunicaciones Fiscal\u00eda General de la Naci\u00f3n\" \/>\n<meta name=\"twitter:card\" content=\"summary_large_image\" \/>\n<meta name=\"twitter:creator\" content=\"@FiscaliaCol\" \/>\n<meta name=\"twitter:site\" content=\"@FiscaliaCol\" \/>\n<meta name=\"twitter:label1\" content=\"Escrito por\" \/>\n\t<meta name=\"twitter:data1\" content=\"Direcci\u00f3n de Comunicaciones Fiscal\u00eda General de la Naci\u00f3n\" \/>\n\t<meta name=\"twitter:label2\" content=\"Tiempo de lectura\" \/>\n\t<meta name=\"twitter:data2\" content=\"3 minutos\" \/>\n<script type=\"application\/ld+json\" class=\"yoast-schema-graph\">{\"@context\":\"https:\/\/schema.org\",\"@graph\":[{\"@type\":\"Article\",\"@id\":\"https:\/\/www.fiscalia.gov.co\/colombia\/seccionales\/carcel-para-juan-santiago-gallon-henao-presunto-integrante-de-una-estructura-narcotraficante-senalada-de-transformar-cocaina-en-productos-agropecuarios-y-veterinarios\/#article\",\"isPartOf\":{\"@id\":\"https:\/\/www.fiscalia.gov.co\/colombia\/seccionales\/carcel-para-juan-santiago-gallon-henao-presunto-integrante-de-una-estructura-narcotraficante-senalada-de-transformar-cocaina-en-productos-agropecuarios-y-veterinarios\/\"},\"author\":{\"name\":\"Direcci\u00f3n de Comunicaciones Fiscal\u00eda General de la Naci\u00f3n\",\"@id\":\"https:\/\/www.fiscalia.gov.co\/colombia\/#\/schema\/person\/bf28d8ae7f1b287bbe3af484b04f43ea\"},\"headline\":\"C\u00e1rcel para Juan Santiago Gall\u00f3n Henao, presunto integrante de una estructura narcotraficante se\u00f1alada de transformar coca\u00edna en productos agropecuarios y veterinarios\",\"datePublished\":\"2018-01-18T01:37:11+00:00\",\"dateModified\":\"2018-01-18T14:28:40+00:00\",\"mainEntityOfPage\":{\"@id\":\"https:\/\/www.fiscalia.gov.co\/colombia\/seccionales\/carcel-para-juan-santiago-gallon-henao-presunto-integrante-de-una-estructura-narcotraficante-senalada-de-transformar-cocaina-en-productos-agropecuarios-y-veterinarios\/\"},\"wordCount\":574,\"publisher\":{\"@id\":\"https:\/\/www.fiscalia.gov.co\/colombia\/#organization\"},\"articleSection\":[\"Crimen organizado\",\"Seccional Bogot\u00e1\",\"Seccionales\"],\"inLanguage\":\"es-CO\"},{\"@type\":\"WebPage\",\"@id\":\"https:\/\/www.fiscalia.gov.co\/colombia\/seccionales\/carcel-para-juan-santiago-gallon-henao-presunto-integrante-de-una-estructura-narcotraficante-senalada-de-transformar-cocaina-en-productos-agropecuarios-y-veterinarios\/\",\"url\":\"https:\/\/www.fiscalia.gov.co\/colombia\/seccionales\/carcel-para-juan-santiago-gallon-henao-presunto-integrante-de-una-estructura-narcotraficante-senalada-de-transformar-cocaina-en-productos-agropecuarios-y-veterinarios\/\",\"name\":\"Fiscal\u00eda General de la Naci\u00f3n\",\"isPartOf\":{\"@id\":\"https:\/\/www.fiscalia.gov.co\/colombia\/#website\"},\"datePublished\":\"2018-01-18T01:37:11+00:00\",\"dateModified\":\"2018-01-18T14:28:40+00:00\",\"description\":\"P\u00e1gina oficial de la Fiscal\u00eda General de la Naci\u00f3n \u2013 Colombia. Garantizamos el acceso efectivo a la justicia, la verdad y la reparaci\u00f3n de las v\u00edctimas de los delitos.\",\"breadcrumb\":{\"@id\":\"https:\/\/www.fiscalia.gov.co\/colombia\/seccionales\/carcel-para-juan-santiago-gallon-henao-presunto-integrante-de-una-estructura-narcotraficante-senalada-de-transformar-cocaina-en-productos-agropecuarios-y-veterinarios\/#breadcrumb\"},\"inLanguage\":\"es-CO\",\"potentialAction\":[{\"@type\":\"ReadAction\",\"target\":[\"https:\/\/www.fiscalia.gov.co\/colombia\/seccionales\/carcel-para-juan-santiago-gallon-henao-presunto-integrante-de-una-estructura-narcotraficante-senalada-de-transformar-cocaina-en-productos-agropecuarios-y-veterinarios\/\"]}]},{\"@type\":\"BreadcrumbList\",\"@id\":\"https:\/\/www.fiscalia.gov.co\/colombia\/seccionales\/carcel-para-juan-santiago-gallon-henao-presunto-integrante-de-una-estructura-narcotraficante-senalada-de-transformar-cocaina-en-productos-agropecuarios-y-veterinarios\/#breadcrumb\",\"itemListElement\":[{\"@type\":\"ListItem\",\"position\":1,\"name\":\"Home\",\"item\":\"https:\/\/www.fiscalia.gov.co\/colombia\/\"},{\"@type\":\"ListItem\",\"position\":2,\"name\":\"C\u00e1rcel para Juan Santiago Gall\u00f3n Henao, presunto integrante de una estructura narcotraficante se\u00f1alada de transformar coca\u00edna en productos agropecuarios y veterinarios\"}]},{\"@type\":\"WebSite\",\"@id\":\"https:\/\/www.fiscalia.gov.co\/colombia\/#website\",\"url\":\"https:\/\/www.fiscalia.gov.co\/colombia\/\",\"name\":\"Fiscal\u00eda General de la Naci\u00f3n\",\"description\":\"P\u00e1gina oficial de la Fiscal\u00eda General de la Naci\u00f3n \u2013 Colombia. Garantizamos el acceso efectivo a la justicia, la verdad y la reparaci\u00f3n de las v\u00edctimas de los delitos.\",\"publisher\":{\"@id\":\"https:\/\/www.fiscalia.gov.co\/colombia\/#organization\"},\"potentialAction\":[{\"@type\":\"SearchAction\",\"target\":{\"@type\":\"EntryPoint\",\"urlTemplate\":\"https:\/\/www.fiscalia.gov.co\/colombia\/?s={search_term_string}\"},\"query-input\":{\"@type\":\"PropertyValueSpecification\",\"valueRequired\":true,\"valueName\":\"search_term_string\"}}],\"inLanguage\":\"es-CO\"},{\"@type\":\"Organization\",\"@id\":\"https:\/\/www.fiscalia.gov.co\/colombia\/#organization\",\"name\":\"Fiscal\u00eda General de la Naci\u00f3n\",\"url\":\"https:\/\/www.fiscalia.gov.co\/colombia\/\",\"logo\":{\"@type\":\"ImageObject\",\"inLanguage\":\"es-CO\",\"@id\":\"https:\/\/www.fiscalia.gov.co\/colombia\/#\/schema\/logo\/image\/\",\"url\":\"https:\/\/www.fiscalia.gov.co\/colombia\/wp-content\/uploads\/LogoHorizontal_1.jpg\",\"contentUrl\":\"https:\/\/www.fiscalia.gov.co\/colombia\/wp-content\/uploads\/LogoHorizontal_1.jpg\",\"width\":300,\"height\":90,\"caption\":\"Fiscal\u00eda General de la Naci\u00f3n\"},\"image\":{\"@id\":\"https:\/\/www.fiscalia.gov.co\/colombia\/#\/schema\/logo\/image\/\"},\"sameAs\":[\"https:\/\/www.facebook.com\/FiscaliaCol\",\"https:\/\/x.com\/FiscaliaCol\",\"https:\/\/www.instagram.com\/fiscaliacol\",\"https:\/\/www.linkedin.com\/company\/fiscalia-general-de-la-naci-n\/\",\"https:\/\/youtube.com\/@fiscaliageneraldelanacion-4668?si=6nN79nyQICPU5iTh\"]},{\"@type\":\"Person\",\"@id\":\"https:\/\/www.fiscalia.gov.co\/colombia\/#\/schema\/person\/bf28d8ae7f1b287bbe3af484b04f43ea\",\"name\":\"Direcci\u00f3n de Comunicaciones Fiscal\u00eda General de la Naci\u00f3n\",\"image\":{\"@type\":\"ImageObject\",\"inLanguage\":\"es-CO\",\"@id\":\"https:\/\/www.fiscalia.gov.co\/colombia\/#\/schema\/person\/image\/\",\"url\":\"https:\/\/secure.gravatar.com\/avatar\/9d55ae161d32da16dbdd0b380c080a5f?s=96&d=mm&r=g\",\"contentUrl\":\"https:\/\/secure.gravatar.com\/avatar\/9d55ae161d32da16dbdd0b380c080a5f?s=96&d=mm&r=g\",\"caption\":\"Direcci\u00f3n de Comunicaciones Fiscal\u00eda General de la Naci\u00f3n\"},\"url\":\"https:\/\/www.fiscalia.gov.co\/colombia\/author\/kbonilla\/\"}]}<\/script>\n<!-- \/ Yoast SEO plugin. -->","yoast_head_json":{"title":"Fiscal\u00eda General de la Naci\u00f3n","description":"P\u00e1gina oficial de la Fiscal\u00eda General de la Naci\u00f3n \u2013 Colombia. Garantizamos el acceso efectivo a la justicia, la verdad y la reparaci\u00f3n de las v\u00edctimas de los delitos.","robots":{"index":"noindex","follow":"follow"},"og_locale":"es_ES","og_type":"article","og_title":"Fiscal\u00eda General de la Naci\u00f3n","og_description":"P\u00e1gina oficial de la Fiscal\u00eda General de la Naci\u00f3n \u2013 Colombia. Garantizamos el acceso efectivo a la justicia, la verdad y la reparaci\u00f3n de las v\u00edctimas de los delitos.","og_url":"https:\/\/www.fiscalia.gov.co\/colombia\/seccionales\/carcel-para-juan-santiago-gallon-henao-presunto-integrante-de-una-estructura-narcotraficante-senalada-de-transformar-cocaina-en-productos-agropecuarios-y-veterinarios\/","og_site_name":"Fiscal\u00eda General de la Naci\u00f3n","article_publisher":"https:\/\/www.facebook.com\/FiscaliaCol","article_published_time":"2018-01-18T01:37:11+00:00","article_modified_time":"2018-01-18T14:28:40+00:00","author":"Direcci\u00f3n de Comunicaciones Fiscal\u00eda General de la Naci\u00f3n","twitter_card":"summary_large_image","twitter_creator":"@FiscaliaCol","twitter_site":"@FiscaliaCol","twitter_misc":{"Escrito por":"Direcci\u00f3n de Comunicaciones Fiscal\u00eda General de la Naci\u00f3n","Tiempo de lectura":"3 minutos"},"schema":{"@context":"https:\/\/schema.org","@graph":[{"@type":"Article","@id":"https:\/\/www.fiscalia.gov.co\/colombia\/seccionales\/carcel-para-juan-santiago-gallon-henao-presunto-integrante-de-una-estructura-narcotraficante-senalada-de-transformar-cocaina-en-productos-agropecuarios-y-veterinarios\/#article","isPartOf":{"@id":"https:\/\/www.fiscalia.gov.co\/colombia\/seccionales\/carcel-para-juan-santiago-gallon-henao-presunto-integrante-de-una-estructura-narcotraficante-senalada-de-transformar-cocaina-en-productos-agropecuarios-y-veterinarios\/"},"author":{"name":"Direcci\u00f3n de Comunicaciones Fiscal\u00eda General de la Naci\u00f3n","@id":"https:\/\/www.fiscalia.gov.co\/colombia\/#\/schema\/person\/bf28d8ae7f1b287bbe3af484b04f43ea"},"headline":"C\u00e1rcel para Juan Santiago Gall\u00f3n Henao, presunto integrante de una estructura narcotraficante se\u00f1alada de transformar coca\u00edna en productos agropecuarios y veterinarios","datePublished":"2018-01-18T01:37:11+00:00","dateModified":"2018-01-18T14:28:40+00:00","mainEntityOfPage":{"@id":"https:\/\/www.fiscalia.gov.co\/colombia\/seccionales\/carcel-para-juan-santiago-gallon-henao-presunto-integrante-de-una-estructura-narcotraficante-senalada-de-transformar-cocaina-en-productos-agropecuarios-y-veterinarios\/"},"wordCount":574,"publisher":{"@id":"https:\/\/www.fiscalia.gov.co\/colombia\/#organization"},"articleSection":["Crimen organizado","Seccional Bogot\u00e1","Seccionales"],"inLanguage":"es-CO"},{"@type":"WebPage","@id":"https:\/\/www.fiscalia.gov.co\/colombia\/seccionales\/carcel-para-juan-santiago-gallon-henao-presunto-integrante-de-una-estructura-narcotraficante-senalada-de-transformar-cocaina-en-productos-agropecuarios-y-veterinarios\/","url":"https:\/\/www.fiscalia.gov.co\/colombia\/seccionales\/carcel-para-juan-santiago-gallon-henao-presunto-integrante-de-una-estructura-narcotraficante-senalada-de-transformar-cocaina-en-productos-agropecuarios-y-veterinarios\/","name":"Fiscal\u00eda General de la Naci\u00f3n","isPartOf":{"@id":"https:\/\/www.fiscalia.gov.co\/colombia\/#website"},"datePublished":"2018-01-18T01:37:11+00:00","dateModified":"2018-01-18T14:28:40+00:00","description":"P\u00e1gina oficial de la Fiscal\u00eda General de la Naci\u00f3n \u2013 Colombia. Garantizamos el acceso efectivo a la justicia, la verdad y la reparaci\u00f3n de las v\u00edctimas de los delitos.","breadcrumb":{"@id":"https:\/\/www.fiscalia.gov.co\/colombia\/seccionales\/carcel-para-juan-santiago-gallon-henao-presunto-integrante-de-una-estructura-narcotraficante-senalada-de-transformar-cocaina-en-productos-agropecuarios-y-veterinarios\/#breadcrumb"},"inLanguage":"es-CO","potentialAction":[{"@type":"ReadAction","target":["https:\/\/www.fiscalia.gov.co\/colombia\/seccionales\/carcel-para-juan-santiago-gallon-henao-presunto-integrante-de-una-estructura-narcotraficante-senalada-de-transformar-cocaina-en-productos-agropecuarios-y-veterinarios\/"]}]},{"@type":"BreadcrumbList","@id":"https:\/\/www.fiscalia.gov.co\/colombia\/seccionales\/carcel-para-juan-santiago-gallon-henao-presunto-integrante-de-una-estructura-narcotraficante-senalada-de-transformar-cocaina-en-productos-agropecuarios-y-veterinarios\/#breadcrumb","itemListElement":[{"@type":"ListItem","position":1,"name":"Home","item":"https:\/\/www.fiscalia.gov.co\/colombia\/"},{"@type":"ListItem","position":2,"name":"C\u00e1rcel para Juan Santiago Gall\u00f3n Henao, presunto integrante de una estructura narcotraficante se\u00f1alada de transformar coca\u00edna en productos agropecuarios y veterinarios"}]},{"@type":"WebSite","@id":"https:\/\/www.fiscalia.gov.co\/colombia\/#website","url":"https:\/\/www.fiscalia.gov.co\/colombia\/","name":"Fiscal\u00eda General de la Naci\u00f3n","description":"P\u00e1gina oficial de la Fiscal\u00eda General de la Naci\u00f3n \u2013 Colombia. Garantizamos el acceso efectivo a la justicia, la verdad y la reparaci\u00f3n de las v\u00edctimas de los delitos.","publisher":{"@id":"https:\/\/www.fiscalia.gov.co\/colombia\/#organization"},"potentialAction":[{"@type":"SearchAction","target":{"@type":"EntryPoint","urlTemplate":"https:\/\/www.fiscalia.gov.co\/colombia\/?s={search_term_string}"},"query-input":{"@type":"PropertyValueSpecification","valueRequired":true,"valueName":"search_term_string"}}],"inLanguage":"es-CO"},{"@type":"Organization","@id":"https:\/\/www.fiscalia.gov.co\/colombia\/#organization","name":"Fiscal\u00eda General de la Naci\u00f3n","url":"https:\/\/www.fiscalia.gov.co\/colombia\/","logo":{"@type":"ImageObject","inLanguage":"es-CO","@id":"https:\/\/www.fiscalia.gov.co\/colombia\/#\/schema\/logo\/image\/","url":"https:\/\/www.fiscalia.gov.co\/colombia\/wp-content\/uploads\/LogoHorizontal_1.jpg","contentUrl":"https:\/\/www.fiscalia.gov.co\/colombia\/wp-content\/uploads\/LogoHorizontal_1.jpg","width":300,"height":90,"caption":"Fiscal\u00eda General de la Naci\u00f3n"},"image":{"@id":"https:\/\/www.fiscalia.gov.co\/colombia\/#\/schema\/logo\/image\/"},"sameAs":["https:\/\/www.facebook.com\/FiscaliaCol","https:\/\/x.com\/FiscaliaCol","https:\/\/www.instagram.com\/fiscaliacol","https:\/\/www.linkedin.com\/company\/fiscalia-general-de-la-naci-n\/","https:\/\/youtube.com\/@fiscaliageneraldelanacion-4668?si=6nN79nyQICPU5iTh"]},{"@type":"Person","@id":"https:\/\/www.fiscalia.gov.co\/colombia\/#\/schema\/person\/bf28d8ae7f1b287bbe3af484b04f43ea","name":"Direcci\u00f3n de Comunicaciones Fiscal\u00eda General de la Naci\u00f3n","image":{"@type":"ImageObject","inLanguage":"es-CO","@id":"https:\/\/www.fiscalia.gov.co\/colombia\/#\/schema\/person\/image\/","url":"https:\/\/secure.gravatar.com\/avatar\/9d55ae161d32da16dbdd0b380c080a5f?s=96&d=mm&r=g","contentUrl":"https:\/\/secure.gravatar.com\/avatar\/9d55ae161d32da16dbdd0b380c080a5f?s=96&d=mm&r=g","caption":"Direcci\u00f3n de Comunicaciones Fiscal\u00eda General de la Naci\u00f3n"},"url":"https:\/\/www.fiscalia.gov.co\/colombia\/author\/kbonilla\/"}]}},"_links":{"self":[{"href":"https:\/\/www.fiscalia.gov.co\/colombia\/wp-json\/wp\/v2\/posts\/158250","targetHints":{"allow":["GET"]}}],"collection":[{"href":"https:\/\/www.fiscalia.gov.co\/colombia\/wp-json\/wp\/v2\/posts"}],"about":[{"href":"https:\/\/www.fiscalia.gov.co\/colombia\/wp-json\/wp\/v2\/types\/post"}],"author":[{"embeddable":true,"href":"https:\/\/www.fiscalia.gov.co\/colombia\/wp-json\/wp\/v2\/users\/162"}],"replies":[{"embeddable":true,"href":"https:\/\/www.fiscalia.gov.co\/colombia\/wp-json\/wp\/v2\/comments?post=158250"}],"version-history":[{"count":2,"href":"https:\/\/www.fiscalia.gov.co\/colombia\/wp-json\/wp\/v2\/posts\/158250\/revisions"}],"predecessor-version":[{"id":158252,"href":"https:\/\/www.fiscalia.gov.co\/colombia\/wp-json\/wp\/v2\/posts\/158250\/revisions\/158252"}],"wp:attachment":[{"href":"https:\/\/www.fiscalia.gov.co\/colombia\/wp-json\/wp\/v2\/media?parent=158250"}],"wp:term":[{"taxonomy":"category","embeddable":true,"href":"https:\/\/www.fiscalia.gov.co\/colombia\/wp-json\/wp\/v2\/categories?post=158250"},{"taxonomy":"post_tag","embeddable":true,"href":"https:\/\/www.fiscalia.gov.co\/colombia\/wp-json\/wp\/v2\/tags?post=158250"}],"curies":[{"name":"wp","href":"https:\/\/api.w.org\/{rel}","templated":true}]}}