{"id":157491,"date":"2017-12-15T17:46:19","date_gmt":"2017-12-15T22:46:19","guid":{"rendered":"https:\/\/www.fiscalia.gov.co\/colombia\/?p=157491"},"modified":"2017-12-15T17:46:19","modified_gmt":"2017-12-15T22:46:19","slug":"fiscal-nestor-humberto-martinez-neira-entrego-condecoracion-enrique-low-murtra-como-merito-al-servicio-en-la-fiscalia-a-colaboradores-de-la-entidad","status":"publish","type":"post","link":"https:\/\/www.fiscalia.gov.co\/colombia\/noticias\/fiscal-nestor-humberto-martinez-neira-entrego-condecoracion-enrique-low-murtra-como-merito-al-servicio-en-la-fiscalia-a-colaboradores-de-la-entidad\/","title":{"rendered":"Fiscal N\u00e9stor Humberto Mart\u00ednez Neira entreg\u00f3 Condecoraci\u00f3n Enrique Low Murtra como m\u00e9rito al servicio en la Fiscal\u00eda a colaboradores de la Entidad"},"content":{"rendered":"<div id='gallery-1' class='gallery galleryid-157491 gallery-columns-3 gallery-size-thumbnail'><figure class='gallery-item'>\n\t\t\t<div class='gallery-icon landscape'>\n\t\t\t\t<a href='https:\/\/www.fiscalia.gov.co\/colombia\/noticias\/fiscal-nestor-humberto-martinez-neira-entrego-condecoracion-enrique-low-murtra-como-merito-al-servicio-en-la-fiscalia-a-colaboradores-de-la-entidad\/attachment\/_f2a2390\/'><img loading=\"lazy\" decoding=\"async\" width=\"150\" height=\"150\" src=\"https:\/\/www.fiscalia.gov.co\/colombia\/wp-content\/uploads\/F2A2390-150x150.jpg\" class=\"attachment-thumbnail size-thumbnail\" alt=\"\" \/><\/a>\n\t\t\t<\/div><\/figure><figure class='gallery-item'>\n\t\t\t<div class='gallery-icon landscape'>\n\t\t\t\t<a href='https:\/\/www.fiscalia.gov.co\/colombia\/noticias\/fiscal-nestor-humberto-martinez-neira-entrego-condecoracion-enrique-low-murtra-como-merito-al-servicio-en-la-fiscalia-a-colaboradores-de-la-entidad\/attachment\/_f2a2499\/'><img loading=\"lazy\" decoding=\"async\" width=\"150\" height=\"150\" src=\"https:\/\/www.fiscalia.gov.co\/colombia\/wp-content\/uploads\/F2A2499-150x150.jpg\" class=\"attachment-thumbnail size-thumbnail\" alt=\"\" \/><\/a>\n\t\t\t<\/div><\/figure><figure class='gallery-item'>\n\t\t\t<div class='gallery-icon landscape'>\n\t\t\t\t<a href='https:\/\/www.fiscalia.gov.co\/colombia\/noticias\/fiscal-nestor-humberto-martinez-neira-entrego-condecoracion-enrique-low-murtra-como-merito-al-servicio-en-la-fiscalia-a-colaboradores-de-la-entidad\/attachment\/_f2a2593\/'><img loading=\"lazy\" decoding=\"async\" width=\"150\" height=\"150\" src=\"https:\/\/www.fiscalia.gov.co\/colombia\/wp-content\/uploads\/F2A2593-150x150.jpg\" class=\"attachment-thumbnail size-thumbnail\" alt=\"\" \/><\/a>\n\t\t\t<\/div><\/figure><figure class='gallery-item'>\n\t\t\t<div class='gallery-icon landscape'>\n\t\t\t\t<a href='https:\/\/www.fiscalia.gov.co\/colombia\/noticias\/fiscal-nestor-humberto-martinez-neira-entrego-condecoracion-enrique-low-murtra-como-merito-al-servicio-en-la-fiscalia-a-colaboradores-de-la-entidad\/attachment\/_f2a2708\/'><img loading=\"lazy\" decoding=\"async\" width=\"150\" height=\"150\" src=\"https:\/\/www.fiscalia.gov.co\/colombia\/wp-content\/uploads\/F2A2708-150x150.jpg\" class=\"attachment-thumbnail size-thumbnail\" alt=\"\" \/><\/a>\n\t\t\t<\/div><\/figure><figure class='gallery-item'>\n\t\t\t<div class='gallery-icon landscape'>\n\t\t\t\t<a href='https:\/\/www.fiscalia.gov.co\/colombia\/noticias\/fiscal-nestor-humberto-martinez-neira-entrego-condecoracion-enrique-low-murtra-como-merito-al-servicio-en-la-fiscalia-a-colaboradores-de-la-entidad\/attachment\/_f2a2764\/'><img loading=\"lazy\" decoding=\"async\" width=\"150\" height=\"150\" src=\"https:\/\/www.fiscalia.gov.co\/colombia\/wp-content\/uploads\/F2A2764-150x150.jpg\" class=\"attachment-thumbnail size-thumbnail\" alt=\"\" \/><\/a>\n\t\t\t<\/div><\/figure><figure class='gallery-item'>\n\t\t\t<div class='gallery-icon landscape'>\n\t\t\t\t<a href='https:\/\/www.fiscalia.gov.co\/colombia\/noticias\/fiscal-nestor-humberto-martinez-neira-entrego-condecoracion-enrique-low-murtra-como-merito-al-servicio-en-la-fiscalia-a-colaboradores-de-la-entidad\/attachment\/_f2a2801\/'><img loading=\"lazy\" decoding=\"async\" width=\"150\" height=\"150\" src=\"https:\/\/www.fiscalia.gov.co\/colombia\/wp-content\/uploads\/F2A2801-150x150.jpg\" class=\"attachment-thumbnail size-thumbnail\" alt=\"\" \/><\/a>\n\t\t\t<\/div><\/figure><figure class='gallery-item'>\n\t\t\t<div class='gallery-icon landscape'>\n\t\t\t\t<a href='https:\/\/www.fiscalia.gov.co\/colombia\/noticias\/fiscal-nestor-humberto-martinez-neira-entrego-condecoracion-enrique-low-murtra-como-merito-al-servicio-en-la-fiscalia-a-colaboradores-de-la-entidad\/attachment\/_f2a2851\/'><img loading=\"lazy\" decoding=\"async\" width=\"150\" height=\"150\" src=\"https:\/\/www.fiscalia.gov.co\/colombia\/wp-content\/uploads\/F2A2851-150x150.jpg\" class=\"attachment-thumbnail size-thumbnail\" alt=\"\" \/><\/a>\n\t\t\t<\/div><\/figure><figure class='gallery-item'>\n\t\t\t<div class='gallery-icon landscape'>\n\t\t\t\t<a href='https:\/\/www.fiscalia.gov.co\/colombia\/noticias\/fiscal-nestor-humberto-martinez-neira-entrego-condecoracion-enrique-low-murtra-como-merito-al-servicio-en-la-fiscalia-a-colaboradores-de-la-entidad\/attachment\/_f2a2877\/'><img loading=\"lazy\" decoding=\"async\" width=\"150\" height=\"150\" src=\"https:\/\/www.fiscalia.gov.co\/colombia\/wp-content\/uploads\/F2A2877-150x150.jpg\" class=\"attachment-thumbnail size-thumbnail\" alt=\"\" \/><\/a>\n\t\t\t<\/div><\/figure><figure class='gallery-item'>\n\t\t\t<div class='gallery-icon landscape'>\n\t\t\t\t<a href='https:\/\/www.fiscalia.gov.co\/colombia\/noticias\/fiscal-nestor-humberto-martinez-neira-entrego-condecoracion-enrique-low-murtra-como-merito-al-servicio-en-la-fiscalia-a-colaboradores-de-la-entidad\/attachment\/_f2a2944\/'><img loading=\"lazy\" decoding=\"async\" width=\"150\" height=\"150\" src=\"https:\/\/www.fiscalia.gov.co\/colombia\/wp-content\/uploads\/F2A2944-150x150.jpg\" class=\"attachment-thumbnail size-thumbnail\" alt=\"\" \/><\/a>\n\t\t\t<\/div><\/figure><figure class='gallery-item'>\n\t\t\t<div class='gallery-icon landscape'>\n\t\t\t\t<a href='https:\/\/www.fiscalia.gov.co\/colombia\/noticias\/fiscal-nestor-humberto-martinez-neira-entrego-condecoracion-enrique-low-murtra-como-merito-al-servicio-en-la-fiscalia-a-colaboradores-de-la-entidad\/attachment\/_f2a2978\/'><img loading=\"lazy\" decoding=\"async\" width=\"150\" height=\"150\" src=\"https:\/\/www.fiscalia.gov.co\/colombia\/wp-content\/uploads\/F2A2978-150x150.jpg\" class=\"attachment-thumbnail size-thumbnail\" alt=\"\" \/><\/a>\n\t\t\t<\/div><\/figure><figure class='gallery-item'>\n\t\t\t<div class='gallery-icon landscape'>\n\t\t\t\t<a href='https:\/\/www.fiscalia.gov.co\/colombia\/noticias\/fiscal-nestor-humberto-martinez-neira-entrego-condecoracion-enrique-low-murtra-como-merito-al-servicio-en-la-fiscalia-a-colaboradores-de-la-entidad\/attachment\/_f2a3001\/'><img loading=\"lazy\" decoding=\"async\" width=\"150\" height=\"150\" src=\"https:\/\/www.fiscalia.gov.co\/colombia\/wp-content\/uploads\/F2A3001-150x150.jpg\" class=\"attachment-thumbnail size-thumbnail\" alt=\"\" \/><\/a>\n\t\t\t<\/div><\/figure><figure class='gallery-item'>\n\t\t\t<div class='gallery-icon landscape'>\n\t\t\t\t<a href='https:\/\/www.fiscalia.gov.co\/colombia\/noticias\/fiscal-nestor-humberto-martinez-neira-entrego-condecoracion-enrique-low-murtra-como-merito-al-servicio-en-la-fiscalia-a-colaboradores-de-la-entidad\/attachment\/_f2a3022\/'><img loading=\"lazy\" decoding=\"async\" width=\"150\" height=\"150\" src=\"https:\/\/www.fiscalia.gov.co\/colombia\/wp-content\/uploads\/F2A3022-150x150.jpg\" class=\"attachment-thumbnail size-thumbnail\" alt=\"\" \/><\/a>\n\t\t\t<\/div><\/figure><figure class='gallery-item'>\n\t\t\t<div class='gallery-icon landscape'>\n\t\t\t\t<a href='https:\/\/www.fiscalia.gov.co\/colombia\/noticias\/fiscal-nestor-humberto-martinez-neira-entrego-condecoracion-enrique-low-murtra-como-merito-al-servicio-en-la-fiscalia-a-colaboradores-de-la-entidad\/attachment\/_f2a3125\/'><img loading=\"lazy\" decoding=\"async\" width=\"150\" height=\"150\" src=\"https:\/\/www.fiscalia.gov.co\/colombia\/wp-content\/uploads\/F2A3125-150x150.jpg\" class=\"attachment-thumbnail size-thumbnail\" alt=\"\" \/><\/a>\n\t\t\t<\/div><\/figure><figure class='gallery-item'>\n\t\t\t<div class='gallery-icon landscape'>\n\t\t\t\t<a href='https:\/\/www.fiscalia.gov.co\/colombia\/noticias\/fiscal-nestor-humberto-martinez-neira-entrego-condecoracion-enrique-low-murtra-como-merito-al-servicio-en-la-fiscalia-a-colaboradores-de-la-entidad\/attachment\/_f2a3214\/'><img loading=\"lazy\" decoding=\"async\" width=\"150\" height=\"150\" src=\"https:\/\/www.fiscalia.gov.co\/colombia\/wp-content\/uploads\/F2A3214-150x150.jpg\" class=\"attachment-thumbnail size-thumbnail\" alt=\"\" \/><\/a>\n\t\t\t<\/div><\/figure><figure class='gallery-item'>\n\t\t\t<div class='gallery-icon landscape'>\n\t\t\t\t<a href='https:\/\/www.fiscalia.gov.co\/colombia\/noticias\/fiscal-nestor-humberto-martinez-neira-entrego-condecoracion-enrique-low-murtra-como-merito-al-servicio-en-la-fiscalia-a-colaboradores-de-la-entidad\/attachment\/_f2a3305\/'><img loading=\"lazy\" decoding=\"async\" width=\"150\" height=\"150\" src=\"https:\/\/www.fiscalia.gov.co\/colombia\/wp-content\/uploads\/F2A3305-150x150.jpg\" class=\"attachment-thumbnail size-thumbnail\" alt=\"\" \/><\/a>\n\t\t\t<\/div><\/figure><figure class='gallery-item'>\n\t\t\t<div class='gallery-icon landscape'>\n\t\t\t\t<a href='https:\/\/www.fiscalia.gov.co\/colombia\/noticias\/fiscal-nestor-humberto-martinez-neira-entrego-condecoracion-enrique-low-murtra-como-merito-al-servicio-en-la-fiscalia-a-colaboradores-de-la-entidad\/attachment\/_f2a3320\/'><img loading=\"lazy\" decoding=\"async\" width=\"150\" height=\"150\" src=\"https:\/\/www.fiscalia.gov.co\/colombia\/wp-content\/uploads\/F2A3320-150x150.jpg\" class=\"attachment-thumbnail size-thumbnail\" alt=\"\" \/><\/a>\n\t\t\t<\/div><\/figure><figure class='gallery-item'>\n\t\t\t<div class='gallery-icon landscape'>\n\t\t\t\t<a href='https:\/\/www.fiscalia.gov.co\/colombia\/noticias\/fiscal-nestor-humberto-martinez-neira-entrego-condecoracion-enrique-low-murtra-como-merito-al-servicio-en-la-fiscalia-a-colaboradores-de-la-entidad\/attachment\/_f2a3355\/'><img loading=\"lazy\" decoding=\"async\" width=\"150\" height=\"150\" src=\"https:\/\/www.fiscalia.gov.co\/colombia\/wp-content\/uploads\/F2A3355-150x150.jpg\" class=\"attachment-thumbnail size-thumbnail\" alt=\"\" \/><\/a>\n\t\t\t<\/div><\/figure><figure class='gallery-item'>\n\t\t\t<div class='gallery-icon landscape'>\n\t\t\t\t<a href='https:\/\/www.fiscalia.gov.co\/colombia\/noticias\/fiscal-nestor-humberto-martinez-neira-entrego-condecoracion-enrique-low-murtra-como-merito-al-servicio-en-la-fiscalia-a-colaboradores-de-la-entidad\/attachment\/_f2a3390\/'><img loading=\"lazy\" decoding=\"async\" width=\"150\" height=\"150\" src=\"https:\/\/www.fiscalia.gov.co\/colombia\/wp-content\/uploads\/F2A3390-150x150.jpg\" class=\"attachment-thumbnail size-thumbnail\" alt=\"\" \/><\/a>\n\t\t\t<\/div><\/figure><figure class='gallery-item'>\n\t\t\t<div class='gallery-icon landscape'>\n\t\t\t\t<a href='https:\/\/www.fiscalia.gov.co\/colombia\/noticias\/fiscal-nestor-humberto-martinez-neira-entrego-condecoracion-enrique-low-murtra-como-merito-al-servicio-en-la-fiscalia-a-colaboradores-de-la-entidad\/attachment\/_f2a3517\/'><img loading=\"lazy\" decoding=\"async\" width=\"150\" height=\"150\" src=\"https:\/\/www.fiscalia.gov.co\/colombia\/wp-content\/uploads\/F2A3517-150x150.jpg\" class=\"attachment-thumbnail size-thumbnail\" alt=\"\" \/><\/a>\n\t\t\t<\/div><\/figure><figure class='gallery-item'>\n\t\t\t<div class='gallery-icon landscape'>\n\t\t\t\t<a href='https:\/\/www.fiscalia.gov.co\/colombia\/noticias\/fiscal-nestor-humberto-martinez-neira-entrego-condecoracion-enrique-low-murtra-como-merito-al-servicio-en-la-fiscalia-a-colaboradores-de-la-entidad\/attachment\/_f2a3576\/'><img loading=\"lazy\" decoding=\"async\" width=\"150\" height=\"150\" src=\"https:\/\/www.fiscalia.gov.co\/colombia\/wp-content\/uploads\/F2A3576-150x150.jpg\" class=\"attachment-thumbnail size-thumbnail\" alt=\"\" \/><\/a>\n\t\t\t<\/div><\/figure><figure class='gallery-item'>\n\t\t\t<div class='gallery-icon landscape'>\n\t\t\t\t<a href='https:\/\/www.fiscalia.gov.co\/colombia\/noticias\/fiscal-nestor-humberto-martinez-neira-entrego-condecoracion-enrique-low-murtra-como-merito-al-servicio-en-la-fiscalia-a-colaboradores-de-la-entidad\/attachment\/_f2a3620\/'><img loading=\"lazy\" decoding=\"async\" width=\"150\" height=\"150\" src=\"https:\/\/www.fiscalia.gov.co\/colombia\/wp-content\/uploads\/F2A3620-150x150.jpg\" class=\"attachment-thumbnail size-thumbnail\" alt=\"\" \/><\/a>\n\t\t\t<\/div><\/figure><figure class='gallery-item'>\n\t\t\t<div class='gallery-icon landscape'>\n\t\t\t\t<a href='https:\/\/www.fiscalia.gov.co\/colombia\/noticias\/fiscal-nestor-humberto-martinez-neira-entrego-condecoracion-enrique-low-murtra-como-merito-al-servicio-en-la-fiscalia-a-colaboradores-de-la-entidad\/attachment\/_f2a3643\/'><img loading=\"lazy\" decoding=\"async\" width=\"150\" height=\"150\" src=\"https:\/\/www.fiscalia.gov.co\/colombia\/wp-content\/uploads\/F2A3643-150x150.jpg\" class=\"attachment-thumbnail size-thumbnail\" alt=\"\" \/><\/a>\n\t\t\t<\/div><\/figure><figure class='gallery-item'>\n\t\t\t<div class='gallery-icon landscape'>\n\t\t\t\t<a href='https:\/\/www.fiscalia.gov.co\/colombia\/noticias\/fiscal-nestor-humberto-martinez-neira-entrego-condecoracion-enrique-low-murtra-como-merito-al-servicio-en-la-fiscalia-a-colaboradores-de-la-entidad\/attachment\/_f2a3724\/'><img loading=\"lazy\" decoding=\"async\" width=\"150\" height=\"150\" src=\"https:\/\/www.fiscalia.gov.co\/colombia\/wp-content\/uploads\/F2A3724-150x150.jpg\" class=\"attachment-thumbnail size-thumbnail\" alt=\"\" \/><\/a>\n\t\t\t<\/div><\/figure><figure class='gallery-item'>\n\t\t\t<div class='gallery-icon landscape'>\n\t\t\t\t<a href='https:\/\/www.fiscalia.gov.co\/colombia\/noticias\/fiscal-nestor-humberto-martinez-neira-entrego-condecoracion-enrique-low-murtra-como-merito-al-servicio-en-la-fiscalia-a-colaboradores-de-la-entidad\/attachment\/_f2a3760\/'><img loading=\"lazy\" decoding=\"async\" width=\"150\" height=\"150\" src=\"https:\/\/www.fiscalia.gov.co\/colombia\/wp-content\/uploads\/F2A3760-150x150.jpg\" class=\"attachment-thumbnail size-thumbnail\" alt=\"\" \/><\/a>\n\t\t\t<\/div><\/figure><figure class='gallery-item'>\n\t\t\t<div class='gallery-icon landscape'>\n\t\t\t\t<a href='https:\/\/www.fiscalia.gov.co\/colombia\/noticias\/fiscal-nestor-humberto-martinez-neira-entrego-condecoracion-enrique-low-murtra-como-merito-al-servicio-en-la-fiscalia-a-colaboradores-de-la-entidad\/attachment\/_f2a3832\/'><img loading=\"lazy\" decoding=\"async\" width=\"150\" height=\"150\" src=\"https:\/\/www.fiscalia.gov.co\/colombia\/wp-content\/uploads\/F2A3832-150x150.jpg\" class=\"attachment-thumbnail size-thumbnail\" alt=\"\" \/><\/a>\n\t\t\t<\/div><\/figure><figure class='gallery-item'>\n\t\t\t<div class='gallery-icon landscape'>\n\t\t\t\t<a href='https:\/\/www.fiscalia.gov.co\/colombia\/noticias\/fiscal-nestor-humberto-martinez-neira-entrego-condecoracion-enrique-low-murtra-como-merito-al-servicio-en-la-fiscalia-a-colaboradores-de-la-entidad\/attachment\/_f2a3858\/'><img loading=\"lazy\" decoding=\"async\" width=\"150\" height=\"150\" src=\"https:\/\/www.fiscalia.gov.co\/colombia\/wp-content\/uploads\/F2A3858-150x150.jpg\" class=\"attachment-thumbnail size-thumbnail\" alt=\"\" \/><\/a>\n\t\t\t<\/div><\/figure><figure class='gallery-item'>\n\t\t\t<div class='gallery-icon landscape'>\n\t\t\t\t<a href='https:\/\/www.fiscalia.gov.co\/colombia\/noticias\/fiscal-nestor-humberto-martinez-neira-entrego-condecoracion-enrique-low-murtra-como-merito-al-servicio-en-la-fiscalia-a-colaboradores-de-la-entidad\/attachment\/_f2a3875\/'><img loading=\"lazy\" decoding=\"async\" width=\"150\" height=\"150\" src=\"https:\/\/www.fiscalia.gov.co\/colombia\/wp-content\/uploads\/F2A3875-150x150.jpg\" class=\"attachment-thumbnail size-thumbnail\" alt=\"\" \/><\/a>\n\t\t\t<\/div><\/figure><figure class='gallery-item'>\n\t\t\t<div class='gallery-icon landscape'>\n\t\t\t\t<a href='https:\/\/www.fiscalia.gov.co\/colombia\/noticias\/fiscal-nestor-humberto-martinez-neira-entrego-condecoracion-enrique-low-murtra-como-merito-al-servicio-en-la-fiscalia-a-colaboradores-de-la-entidad\/attachment\/_f2a3933\/'><img loading=\"lazy\" decoding=\"async\" width=\"150\" height=\"150\" src=\"https:\/\/www.fiscalia.gov.co\/colombia\/wp-content\/uploads\/F2A3933-150x150.jpg\" class=\"attachment-thumbnail size-thumbnail\" alt=\"\" \/><\/a>\n\t\t\t<\/div><\/figure><figure class='gallery-item'>\n\t\t\t<div class='gallery-icon landscape'>\n\t\t\t\t<a href='https:\/\/www.fiscalia.gov.co\/colombia\/noticias\/fiscal-nestor-humberto-martinez-neira-entrego-condecoracion-enrique-low-murtra-como-merito-al-servicio-en-la-fiscalia-a-colaboradores-de-la-entidad\/attachment\/_f2a3958\/'><img loading=\"lazy\" decoding=\"async\" width=\"150\" height=\"150\" src=\"https:\/\/www.fiscalia.gov.co\/colombia\/wp-content\/uploads\/F2A3958-150x150.jpg\" class=\"attachment-thumbnail size-thumbnail\" alt=\"\" \/><\/a>\n\t\t\t<\/div><\/figure><figure class='gallery-item'>\n\t\t\t<div class='gallery-icon landscape'>\n\t\t\t\t<a href='https:\/\/www.fiscalia.gov.co\/colombia\/noticias\/fiscal-nestor-humberto-martinez-neira-entrego-condecoracion-enrique-low-murtra-como-merito-al-servicio-en-la-fiscalia-a-colaboradores-de-la-entidad\/attachment\/_f2a3990\/'><img loading=\"lazy\" decoding=\"async\" width=\"150\" height=\"150\" src=\"https:\/\/www.fiscalia.gov.co\/colombia\/wp-content\/uploads\/F2A3990-150x150.jpg\" class=\"attachment-thumbnail size-thumbnail\" alt=\"\" \/><\/a>\n\t\t\t<\/div><\/figure><figure class='gallery-item'>\n\t\t\t<div class='gallery-icon landscape'>\n\t\t\t\t<a href='https:\/\/www.fiscalia.gov.co\/colombia\/noticias\/fiscal-nestor-humberto-martinez-neira-entrego-condecoracion-enrique-low-murtra-como-merito-al-servicio-en-la-fiscalia-a-colaboradores-de-la-entidad\/attachment\/_f2a4029\/'><img loading=\"lazy\" decoding=\"async\" width=\"150\" height=\"150\" src=\"https:\/\/www.fiscalia.gov.co\/colombia\/wp-content\/uploads\/F2A4029-150x150.jpg\" class=\"attachment-thumbnail size-thumbnail\" alt=\"\" \/><\/a>\n\t\t\t<\/div><\/figure><figure class='gallery-item'>\n\t\t\t<div class='gallery-icon landscape'>\n\t\t\t\t<a href='https:\/\/www.fiscalia.gov.co\/colombia\/noticias\/fiscal-nestor-humberto-martinez-neira-entrego-condecoracion-enrique-low-murtra-como-merito-al-servicio-en-la-fiscalia-a-colaboradores-de-la-entidad\/attachment\/_f2a4124\/'><img loading=\"lazy\" decoding=\"async\" width=\"150\" height=\"150\" src=\"https:\/\/www.fiscalia.gov.co\/colombia\/wp-content\/uploads\/F2A4124-150x150.jpg\" class=\"attachment-thumbnail size-thumbnail\" alt=\"\" \/><\/a>\n\t\t\t<\/div><\/figure><figure class='gallery-item'>\n\t\t\t<div class='gallery-icon landscape'>\n\t\t\t\t<a href='https:\/\/www.fiscalia.gov.co\/colombia\/noticias\/fiscal-nestor-humberto-martinez-neira-entrego-condecoracion-enrique-low-murtra-como-merito-al-servicio-en-la-fiscalia-a-colaboradores-de-la-entidad\/attachment\/_m3w6398\/'><img loading=\"lazy\" decoding=\"async\" width=\"150\" height=\"150\" src=\"https:\/\/www.fiscalia.gov.co\/colombia\/wp-content\/uploads\/M3W6398-150x150.jpg\" class=\"attachment-thumbnail size-thumbnail\" alt=\"\" \/><\/a>\n\t\t\t<\/div><\/figure><figure class='gallery-item'>\n\t\t\t<div class='gallery-icon landscape'>\n\t\t\t\t<a href='https:\/\/www.fiscalia.gov.co\/colombia\/noticias\/fiscal-nestor-humberto-martinez-neira-entrego-condecoracion-enrique-low-murtra-como-merito-al-servicio-en-la-fiscalia-a-colaboradores-de-la-entidad\/attachment\/_m3w6415\/'><img loading=\"lazy\" decoding=\"async\" width=\"150\" height=\"150\" src=\"https:\/\/www.fiscalia.gov.co\/colombia\/wp-content\/uploads\/M3W6415-150x150.jpg\" class=\"attachment-thumbnail size-thumbnail\" alt=\"\" \/><\/a>\n\t\t\t<\/div><\/figure><figure class='gallery-item'>\n\t\t\t<div class='gallery-icon landscape'>\n\t\t\t\t<a href='https:\/\/www.fiscalia.gov.co\/colombia\/noticias\/fiscal-nestor-humberto-martinez-neira-entrego-condecoracion-enrique-low-murtra-como-merito-al-servicio-en-la-fiscalia-a-colaboradores-de-la-entidad\/attachment\/_m3w6433\/'><img loading=\"lazy\" decoding=\"async\" width=\"150\" height=\"150\" src=\"https:\/\/www.fiscalia.gov.co\/colombia\/wp-content\/uploads\/M3W6433-150x150.jpg\" class=\"attachment-thumbnail size-thumbnail\" alt=\"\" \/><\/a>\n\t\t\t<\/div><\/figure><figure class='gallery-item'>\n\t\t\t<div class='gallery-icon landscape'>\n\t\t\t\t<a href='https:\/\/www.fiscalia.gov.co\/colombia\/noticias\/fiscal-nestor-humberto-martinez-neira-entrego-condecoracion-enrique-low-murtra-como-merito-al-servicio-en-la-fiscalia-a-colaboradores-de-la-entidad\/attachment\/_m3w6487\/'><img loading=\"lazy\" decoding=\"async\" width=\"150\" height=\"150\" src=\"https:\/\/www.fiscalia.gov.co\/colombia\/wp-content\/uploads\/M3W6487-150x150.jpg\" class=\"attachment-thumbnail size-thumbnail\" alt=\"\" \/><\/a>\n\t\t\t<\/div><\/figure><figure class='gallery-item'>\n\t\t\t<div class='gallery-icon landscape'>\n\t\t\t\t<a href='https:\/\/www.fiscalia.gov.co\/colombia\/noticias\/fiscal-nestor-humberto-martinez-neira-entrego-condecoracion-enrique-low-murtra-como-merito-al-servicio-en-la-fiscalia-a-colaboradores-de-la-entidad\/attachment\/_m3w6523\/'><img loading=\"lazy\" decoding=\"async\" width=\"150\" height=\"150\" src=\"https:\/\/www.fiscalia.gov.co\/colombia\/wp-content\/uploads\/M3W6523-150x150.jpg\" class=\"attachment-thumbnail size-thumbnail\" alt=\"\" \/><\/a>\n\t\t\t<\/div><\/figure><figure class='gallery-item'>\n\t\t\t<div class='gallery-icon landscape'>\n\t\t\t\t<a href='https:\/\/www.fiscalia.gov.co\/colombia\/noticias\/fiscal-nestor-humberto-martinez-neira-entrego-condecoracion-enrique-low-murtra-como-merito-al-servicio-en-la-fiscalia-a-colaboradores-de-la-entidad\/attachment\/_m3w6591\/'><img loading=\"lazy\" decoding=\"async\" width=\"150\" height=\"150\" src=\"https:\/\/www.fiscalia.gov.co\/colombia\/wp-content\/uploads\/M3W6591-150x150.jpg\" class=\"attachment-thumbnail size-thumbnail\" alt=\"\" \/><\/a>\n\t\t\t<\/div><\/figure><figure class='gallery-item'>\n\t\t\t<div class='gallery-icon landscape'>\n\t\t\t\t<a href='https:\/\/www.fiscalia.gov.co\/colombia\/noticias\/fiscal-nestor-humberto-martinez-neira-entrego-condecoracion-enrique-low-murtra-como-merito-al-servicio-en-la-fiscalia-a-colaboradores-de-la-entidad\/attachment\/_m3w6621\/'><img loading=\"lazy\" decoding=\"async\" width=\"150\" height=\"150\" src=\"https:\/\/www.fiscalia.gov.co\/colombia\/wp-content\/uploads\/M3W6621-150x150.jpg\" class=\"attachment-thumbnail size-thumbnail\" alt=\"\" \/><\/a>\n\t\t\t<\/div><\/figure><figure class='gallery-item'>\n\t\t\t<div class='gallery-icon landscape'>\n\t\t\t\t<a href='https:\/\/www.fiscalia.gov.co\/colombia\/noticias\/fiscal-nestor-humberto-martinez-neira-entrego-condecoracion-enrique-low-murtra-como-merito-al-servicio-en-la-fiscalia-a-colaboradores-de-la-entidad\/attachment\/_m3w6680\/'><img loading=\"lazy\" decoding=\"async\" width=\"150\" height=\"150\" src=\"https:\/\/www.fiscalia.gov.co\/colombia\/wp-content\/uploads\/M3W6680-150x150.jpg\" class=\"attachment-thumbnail size-thumbnail\" alt=\"\" \/><\/a>\n\t\t\t<\/div><\/figure><figure class='gallery-item'>\n\t\t\t<div class='gallery-icon landscape'>\n\t\t\t\t<a href='https:\/\/www.fiscalia.gov.co\/colombia\/noticias\/fiscal-nestor-humberto-martinez-neira-entrego-condecoracion-enrique-low-murtra-como-merito-al-servicio-en-la-fiscalia-a-colaboradores-de-la-entidad\/attachment\/_m3w6721\/'><img loading=\"lazy\" decoding=\"async\" width=\"150\" height=\"150\" src=\"https:\/\/www.fiscalia.gov.co\/colombia\/wp-content\/uploads\/M3W6721-150x150.jpg\" class=\"attachment-thumbnail size-thumbnail\" alt=\"\" \/><\/a>\n\t\t\t<\/div><\/figure><figure class='gallery-item'>\n\t\t\t<div class='gallery-icon landscape'>\n\t\t\t\t<a href='https:\/\/www.fiscalia.gov.co\/colombia\/noticias\/fiscal-nestor-humberto-martinez-neira-entrego-condecoracion-enrique-low-murtra-como-merito-al-servicio-en-la-fiscalia-a-colaboradores-de-la-entidad\/attachment\/_m3w6728\/'><img loading=\"lazy\" decoding=\"async\" width=\"150\" height=\"150\" src=\"https:\/\/www.fiscalia.gov.co\/colombia\/wp-content\/uploads\/M3W6728-150x150.jpg\" class=\"attachment-thumbnail size-thumbnail\" alt=\"\" \/><\/a>\n\t\t\t<\/div><\/figure><figure class='gallery-item'>\n\t\t\t<div class='gallery-icon landscape'>\n\t\t\t\t<a href='https:\/\/www.fiscalia.gov.co\/colombia\/noticias\/fiscal-nestor-humberto-martinez-neira-entrego-condecoracion-enrique-low-murtra-como-merito-al-servicio-en-la-fiscalia-a-colaboradores-de-la-entidad\/attachment\/_m3w6734\/'><img loading=\"lazy\" decoding=\"async\" width=\"150\" height=\"150\" src=\"https:\/\/www.fiscalia.gov.co\/colombia\/wp-content\/uploads\/M3W6734-150x150.jpg\" class=\"attachment-thumbnail size-thumbnail\" alt=\"\" \/><\/a>\n\t\t\t<\/div><\/figure><figure class='gallery-item'>\n\t\t\t<div class='gallery-icon landscape'>\n\t\t\t\t<a href='https:\/\/www.fiscalia.gov.co\/colombia\/noticias\/fiscal-nestor-humberto-martinez-neira-entrego-condecoracion-enrique-low-murtra-como-merito-al-servicio-en-la-fiscalia-a-colaboradores-de-la-entidad\/attachment\/_m3w6760\/'><img loading=\"lazy\" decoding=\"async\" width=\"150\" height=\"150\" src=\"https:\/\/www.fiscalia.gov.co\/colombia\/wp-content\/uploads\/M3W6760-150x150.jpg\" class=\"attachment-thumbnail size-thumbnail\" alt=\"\" \/><\/a>\n\t\t\t<\/div><\/figure><figure class='gallery-item'>\n\t\t\t<div class='gallery-icon landscape'>\n\t\t\t\t<a href='https:\/\/www.fiscalia.gov.co\/colombia\/noticias\/fiscal-nestor-humberto-martinez-neira-entrego-condecoracion-enrique-low-murtra-como-merito-al-servicio-en-la-fiscalia-a-colaboradores-de-la-entidad\/attachment\/_m3w6765\/'><img loading=\"lazy\" decoding=\"async\" width=\"150\" height=\"150\" src=\"https:\/\/www.fiscalia.gov.co\/colombia\/wp-content\/uploads\/M3W6765-150x150.jpg\" class=\"attachment-thumbnail size-thumbnail\" alt=\"\" \/><\/a>\n\t\t\t<\/div><\/figure><figure class='gallery-item'>\n\t\t\t<div class='gallery-icon landscape'>\n\t\t\t\t<a href='https:\/\/www.fiscalia.gov.co\/colombia\/noticias\/fiscal-nestor-humberto-martinez-neira-entrego-condecoracion-enrique-low-murtra-como-merito-al-servicio-en-la-fiscalia-a-colaboradores-de-la-entidad\/attachment\/_m3w6769\/'><img loading=\"lazy\" decoding=\"async\" width=\"150\" height=\"150\" src=\"https:\/\/www.fiscalia.gov.co\/colombia\/wp-content\/uploads\/M3W6769-150x150.jpg\" class=\"attachment-thumbnail size-thumbnail\" alt=\"\" \/><\/a>\n\t\t\t<\/div><\/figure><figure class='gallery-item'>\n\t\t\t<div class='gallery-icon landscape'>\n\t\t\t\t<a href='https:\/\/www.fiscalia.gov.co\/colombia\/noticias\/fiscal-nestor-humberto-martinez-neira-entrego-condecoracion-enrique-low-murtra-como-merito-al-servicio-en-la-fiscalia-a-colaboradores-de-la-entidad\/attachment\/_m3w6795\/'><img loading=\"lazy\" decoding=\"async\" width=\"150\" height=\"150\" src=\"https:\/\/www.fiscalia.gov.co\/colombia\/wp-content\/uploads\/M3W6795-150x150.jpg\" class=\"attachment-thumbnail size-thumbnail\" alt=\"\" \/><\/a>\n\t\t\t<\/div><\/figure><figure class='gallery-item'>\n\t\t\t<div class='gallery-icon landscape'>\n\t\t\t\t<a href='https:\/\/www.fiscalia.gov.co\/colombia\/noticias\/fiscal-nestor-humberto-martinez-neira-entrego-condecoracion-enrique-low-murtra-como-merito-al-servicio-en-la-fiscalia-a-colaboradores-de-la-entidad\/attachment\/_m3w6807\/'><img loading=\"lazy\" decoding=\"async\" width=\"150\" height=\"150\" src=\"https:\/\/www.fiscalia.gov.co\/colombia\/wp-content\/uploads\/M3W6807-150x150.jpg\" class=\"attachment-thumbnail size-thumbnail\" alt=\"\" \/><\/a>\n\t\t\t<\/div><\/figure><figure class='gallery-item'>\n\t\t\t<div class='gallery-icon landscape'>\n\t\t\t\t<a href='https:\/\/www.fiscalia.gov.co\/colombia\/noticias\/fiscal-nestor-humberto-martinez-neira-entrego-condecoracion-enrique-low-murtra-como-merito-al-servicio-en-la-fiscalia-a-colaboradores-de-la-entidad\/attachment\/_m3w6819\/'><img loading=\"lazy\" decoding=\"async\" width=\"150\" height=\"150\" src=\"https:\/\/www.fiscalia.gov.co\/colombia\/wp-content\/uploads\/M3W6819-150x150.jpg\" class=\"attachment-thumbnail size-thumbnail\" alt=\"\" \/><\/a>\n\t\t\t<\/div><\/figure><figure class='gallery-item'>\n\t\t\t<div class='gallery-icon landscape'>\n\t\t\t\t<a href='https:\/\/www.fiscalia.gov.co\/colombia\/noticias\/fiscal-nestor-humberto-martinez-neira-entrego-condecoracion-enrique-low-murtra-como-merito-al-servicio-en-la-fiscalia-a-colaboradores-de-la-entidad\/attachment\/_m3w6826\/'><img loading=\"lazy\" decoding=\"async\" width=\"150\" height=\"150\" src=\"https:\/\/www.fiscalia.gov.co\/colombia\/wp-content\/uploads\/M3W6826-150x150.jpg\" class=\"attachment-thumbnail size-thumbnail\" alt=\"\" \/><\/a>\n\t\t\t<\/div><\/figure><figure class='gallery-item'>\n\t\t\t<div class='gallery-icon landscape'>\n\t\t\t\t<a href='https:\/\/www.fiscalia.gov.co\/colombia\/noticias\/fiscal-nestor-humberto-martinez-neira-entrego-condecoracion-enrique-low-murtra-como-merito-al-servicio-en-la-fiscalia-a-colaboradores-de-la-entidad\/attachment\/_m3w6839\/'><img loading=\"lazy\" decoding=\"async\" width=\"150\" height=\"150\" src=\"https:\/\/www.fiscalia.gov.co\/colombia\/wp-content\/uploads\/M3W6839-150x150.jpg\" class=\"attachment-thumbnail size-thumbnail\" alt=\"\" \/><\/a>\n\t\t\t<\/div><\/figure><figure class='gallery-item'>\n\t\t\t<div class='gallery-icon landscape'>\n\t\t\t\t<a href='https:\/\/www.fiscalia.gov.co\/colombia\/noticias\/fiscal-nestor-humberto-martinez-neira-entrego-condecoracion-enrique-low-murtra-como-merito-al-servicio-en-la-fiscalia-a-colaboradores-de-la-entidad\/attachment\/_m3w6950\/'><img loading=\"lazy\" decoding=\"async\" width=\"150\" height=\"150\" src=\"https:\/\/www.fiscalia.gov.co\/colombia\/wp-content\/uploads\/M3W6950-150x150.jpg\" class=\"attachment-thumbnail size-thumbnail\" alt=\"\" \/><\/a>\n\t\t\t<\/div><\/figure><figure class='gallery-item'>\n\t\t\t<div class='gallery-icon landscape'>\n\t\t\t\t<a href='https:\/\/www.fiscalia.gov.co\/colombia\/noticias\/fiscal-nestor-humberto-martinez-neira-entrego-condecoracion-enrique-low-murtra-como-merito-al-servicio-en-la-fiscalia-a-colaboradores-de-la-entidad\/attachment\/_m3w6960\/'><img loading=\"lazy\" decoding=\"async\" width=\"150\" height=\"150\" src=\"https:\/\/www.fiscalia.gov.co\/colombia\/wp-content\/uploads\/M3W6960-150x150.jpg\" class=\"attachment-thumbnail size-thumbnail\" alt=\"\" \/><\/a>\n\t\t\t<\/div><\/figure><figure class='gallery-item'>\n\t\t\t<div class='gallery-icon landscape'>\n\t\t\t\t<a href='https:\/\/www.fiscalia.gov.co\/colombia\/noticias\/fiscal-nestor-humberto-martinez-neira-entrego-condecoracion-enrique-low-murtra-como-merito-al-servicio-en-la-fiscalia-a-colaboradores-de-la-entidad\/attachment\/_m3w6965\/'><img loading=\"lazy\" decoding=\"async\" width=\"150\" height=\"150\" src=\"https:\/\/www.fiscalia.gov.co\/colombia\/wp-content\/uploads\/M3W6965-150x150.jpg\" class=\"attachment-thumbnail size-thumbnail\" alt=\"\" \/><\/a>\n\t\t\t<\/div><\/figure><figure class='gallery-item'>\n\t\t\t<div class='gallery-icon landscape'>\n\t\t\t\t<a href='https:\/\/www.fiscalia.gov.co\/colombia\/noticias\/fiscal-nestor-humberto-martinez-neira-entrego-condecoracion-enrique-low-murtra-como-merito-al-servicio-en-la-fiscalia-a-colaboradores-de-la-entidad\/attachment\/_m3w6995\/'><img loading=\"lazy\" decoding=\"async\" width=\"150\" height=\"150\" src=\"https:\/\/www.fiscalia.gov.co\/colombia\/wp-content\/uploads\/M3W6995-150x150.jpg\" class=\"attachment-thumbnail size-thumbnail\" alt=\"\" \/><\/a>\n\t\t\t<\/div><\/figure><figure class='gallery-item'>\n\t\t\t<div class='gallery-icon landscape'>\n\t\t\t\t<a href='https:\/\/www.fiscalia.gov.co\/colombia\/noticias\/fiscal-nestor-humberto-martinez-neira-entrego-condecoracion-enrique-low-murtra-como-merito-al-servicio-en-la-fiscalia-a-colaboradores-de-la-entidad\/attachment\/_m3w7022\/'><img loading=\"lazy\" decoding=\"async\" width=\"150\" height=\"150\" src=\"https:\/\/www.fiscalia.gov.co\/colombia\/wp-content\/uploads\/M3W7022-150x150.jpg\" class=\"attachment-thumbnail size-thumbnail\" alt=\"\" \/><\/a>\n\t\t\t<\/div><\/figure><figure class='gallery-item'>\n\t\t\t<div class='gallery-icon landscape'>\n\t\t\t\t<a href='https:\/\/www.fiscalia.gov.co\/colombia\/noticias\/fiscal-nestor-humberto-martinez-neira-entrego-condecoracion-enrique-low-murtra-como-merito-al-servicio-en-la-fiscalia-a-colaboradores-de-la-entidad\/attachment\/_m3w7038\/'><img loading=\"lazy\" decoding=\"async\" width=\"150\" height=\"150\" src=\"https:\/\/www.fiscalia.gov.co\/colombia\/wp-content\/uploads\/M3W7038-150x150.jpg\" class=\"attachment-thumbnail size-thumbnail\" alt=\"\" \/><\/a>\n\t\t\t<\/div><\/figure><figure class='gallery-item'>\n\t\t\t<div class='gallery-icon landscape'>\n\t\t\t\t<a href='https:\/\/www.fiscalia.gov.co\/colombia\/noticias\/fiscal-nestor-humberto-martinez-neira-entrego-condecoracion-enrique-low-murtra-como-merito-al-servicio-en-la-fiscalia-a-colaboradores-de-la-entidad\/attachment\/_m3w7044\/'><img loading=\"lazy\" decoding=\"async\" width=\"150\" height=\"150\" src=\"https:\/\/www.fiscalia.gov.co\/colombia\/wp-content\/uploads\/M3W7044-150x150.jpg\" class=\"attachment-thumbnail size-thumbnail\" alt=\"\" \/><\/a>\n\t\t\t<\/div><\/figure><figure class='gallery-item'>\n\t\t\t<div class='gallery-icon landscape'>\n\t\t\t\t<a href='https:\/\/www.fiscalia.gov.co\/colombia\/noticias\/fiscal-nestor-humberto-martinez-neira-entrego-condecoracion-enrique-low-murtra-como-merito-al-servicio-en-la-fiscalia-a-colaboradores-de-la-entidad\/attachment\/_m3w7061\/'><img loading=\"lazy\" decoding=\"async\" width=\"150\" height=\"150\" src=\"https:\/\/www.fiscalia.gov.co\/colombia\/wp-content\/uploads\/M3W7061-150x150.jpg\" class=\"attachment-thumbnail size-thumbnail\" alt=\"\" \/><\/a>\n\t\t\t<\/div><\/figure><figure class='gallery-item'>\n\t\t\t<div class='gallery-icon landscape'>\n\t\t\t\t<a href='https:\/\/www.fiscalia.gov.co\/colombia\/noticias\/fiscal-nestor-humberto-martinez-neira-entrego-condecoracion-enrique-low-murtra-como-merito-al-servicio-en-la-fiscalia-a-colaboradores-de-la-entidad\/attachment\/_m3w7096\/'><img loading=\"lazy\" decoding=\"async\" width=\"150\" height=\"150\" src=\"https:\/\/www.fiscalia.gov.co\/colombia\/wp-content\/uploads\/M3W7096-150x150.jpg\" class=\"attachment-thumbnail size-thumbnail\" alt=\"\" \/><\/a>\n\t\t\t<\/div><\/figure><figure class='gallery-item'>\n\t\t\t<div class='gallery-icon landscape'>\n\t\t\t\t<a href='https:\/\/www.fiscalia.gov.co\/colombia\/noticias\/fiscal-nestor-humberto-martinez-neira-entrego-condecoracion-enrique-low-murtra-como-merito-al-servicio-en-la-fiscalia-a-colaboradores-de-la-entidad\/attachment\/_m3w7144\/'><img loading=\"lazy\" decoding=\"async\" width=\"150\" height=\"150\" src=\"https:\/\/www.fiscalia.gov.co\/colombia\/wp-content\/uploads\/M3W7144-150x150.jpg\" class=\"attachment-thumbnail size-thumbnail\" alt=\"\" \/><\/a>\n\t\t\t<\/div><\/figure><figure class='gallery-item'>\n\t\t\t<div class='gallery-icon landscape'>\n\t\t\t\t<a href='https:\/\/www.fiscalia.gov.co\/colombia\/noticias\/fiscal-nestor-humberto-martinez-neira-entrego-condecoracion-enrique-low-murtra-como-merito-al-servicio-en-la-fiscalia-a-colaboradores-de-la-entidad\/attachment\/_m3w7248\/'><img loading=\"lazy\" decoding=\"async\" width=\"150\" height=\"150\" src=\"https:\/\/www.fiscalia.gov.co\/colombia\/wp-content\/uploads\/M3W7248-150x150.jpg\" class=\"attachment-thumbnail size-thumbnail\" alt=\"\" \/><\/a>\n\t\t\t<\/div><\/figure><figure class='gallery-item'>\n\t\t\t<div class='gallery-icon landscape'>\n\t\t\t\t<a href='https:\/\/www.fiscalia.gov.co\/colombia\/noticias\/fiscal-nestor-humberto-martinez-neira-entrego-condecoracion-enrique-low-murtra-como-merito-al-servicio-en-la-fiscalia-a-colaboradores-de-la-entidad\/attachment\/_m3w7262\/'><img loading=\"lazy\" decoding=\"async\" width=\"150\" height=\"150\" src=\"https:\/\/www.fiscalia.gov.co\/colombia\/wp-content\/uploads\/M3W7262-150x150.jpg\" class=\"attachment-thumbnail size-thumbnail\" alt=\"\" \/><\/a>\n\t\t\t<\/div><\/figure>\n\t\t<\/div>\n\n\n<div class=\"twitter-share\"><a href=\"https:\/\/twitter.com\/intent\/tweet?via=fiscaliacol\" class=\"twitter-share-button\">Tweet<\/a><\/div>\n","protected":false},"excerpt":{"rendered":"","protected":false},"author":162,"featured_media":0,"comment_status":"closed","ping_status":"open","sticky":false,"template":"","format":"standard","meta":{"_price":"","_stock":"","_tribe_ticket_header":"","_tribe_default_ticket_provider":"","_tribe_ticket_capacity":"0","_ticket_start_date":"","_ticket_end_date":"","_tribe_ticket_show_description":"","_tribe_ticket_show_not_going":false,"_tribe_ticket_use_global_stock":"","_tribe_ticket_global_stock_level":"","_global_stock_mode":"","_global_stock_cap":"","_tribe_rsvp_for_event":"","_tribe_ticket_going_count":"","_tribe_ticket_not_going_count":"","_tribe_tickets_list":"[]","_tribe_ticket_has_attendee_info_fields":false,"tdm_status":"","tdm_grid_status":"","footnotes":""},"categories":[1],"tags":[],"class_list":{"0":"post-157491","1":"post","2":"type-post","3":"status-publish","4":"format-standard","6":"category-noticias"},"yoast_head":"<!-- This site is optimized with the Yoast SEO plugin v24.3 - https:\/\/yoast.com\/wordpress\/plugins\/seo\/ -->\n<title>Fiscal\u00eda General de la Naci\u00f3n<\/title>\n<meta name=\"description\" content=\"P\u00e1gina oficial de la Fiscal\u00eda General de la Naci\u00f3n \u2013 Colombia. Garantizamos el acceso efectivo a la justicia, la verdad y la reparaci\u00f3n de las v\u00edctimas de los delitos.\" \/>\n<meta name=\"robots\" content=\"noindex, follow\" \/>\n<meta property=\"og:locale\" content=\"es_ES\" \/>\n<meta property=\"og:type\" content=\"article\" \/>\n<meta property=\"og:title\" content=\"Fiscal\u00eda General de la Naci\u00f3n\" \/>\n<meta property=\"og:description\" content=\"P\u00e1gina oficial de la Fiscal\u00eda General de la Naci\u00f3n \u2013 Colombia. Garantizamos el acceso efectivo a la justicia, la verdad y la reparaci\u00f3n de las v\u00edctimas de los delitos.\" \/>\n<meta property=\"og:url\" content=\"https:\/\/www.fiscalia.gov.co\/colombia\/noticias\/fiscal-nestor-humberto-martinez-neira-entrego-condecoracion-enrique-low-murtra-como-merito-al-servicio-en-la-fiscalia-a-colaboradores-de-la-entidad\/\" \/>\n<meta property=\"og:site_name\" content=\"Fiscal\u00eda General de la Naci\u00f3n\" \/>\n<meta property=\"article:publisher\" content=\"https:\/\/www.facebook.com\/FiscaliaCol\" \/>\n<meta property=\"article:published_time\" content=\"2017-12-15T22:46:19+00:00\" \/>\n<meta property=\"og:image\" content=\"https:\/\/www.fiscalia.gov.co\/colombia\/wp-content\/uploads\/F2A2390-150x150.jpg\" \/>\n<meta name=\"author\" content=\"Direcci\u00f3n de Comunicaciones Fiscal\u00eda General de la Naci\u00f3n\" \/>\n<meta name=\"twitter:card\" content=\"summary_large_image\" \/>\n<meta name=\"twitter:creator\" content=\"@FiscaliaCol\" \/>\n<meta name=\"twitter:site\" content=\"@FiscaliaCol\" \/>\n<meta name=\"twitter:label1\" content=\"Escrito por\" \/>\n\t<meta name=\"twitter:data1\" content=\"Direcci\u00f3n de Comunicaciones Fiscal\u00eda General de la Naci\u00f3n\" \/>\n<script type=\"application\/ld+json\" class=\"yoast-schema-graph\">{\"@context\":\"https:\/\/schema.org\",\"@graph\":[{\"@type\":\"Article\",\"@id\":\"https:\/\/www.fiscalia.gov.co\/colombia\/noticias\/fiscal-nestor-humberto-martinez-neira-entrego-condecoracion-enrique-low-murtra-como-merito-al-servicio-en-la-fiscalia-a-colaboradores-de-la-entidad\/#article\",\"isPartOf\":{\"@id\":\"https:\/\/www.fiscalia.gov.co\/colombia\/noticias\/fiscal-nestor-humberto-martinez-neira-entrego-condecoracion-enrique-low-murtra-como-merito-al-servicio-en-la-fiscalia-a-colaboradores-de-la-entidad\/\"},\"author\":{\"name\":\"Direcci\u00f3n de Comunicaciones Fiscal\u00eda General de la Naci\u00f3n\",\"@id\":\"https:\/\/www.fiscalia.gov.co\/colombia\/#\/schema\/person\/bf28d8ae7f1b287bbe3af484b04f43ea\"},\"headline\":\"Fiscal N\u00e9stor Humberto Mart\u00ednez Neira entreg\u00f3 Condecoraci\u00f3n Enrique Low Murtra como m\u00e9rito al servicio en la Fiscal\u00eda a colaboradores de la Entidad\",\"datePublished\":\"2017-12-15T22:46:19+00:00\",\"dateModified\":\"2017-12-15T22:46:19+00:00\",\"mainEntityOfPage\":{\"@id\":\"https:\/\/www.fiscalia.gov.co\/colombia\/noticias\/fiscal-nestor-humberto-martinez-neira-entrego-condecoracion-enrique-low-murtra-como-merito-al-servicio-en-la-fiscalia-a-colaboradores-de-la-entidad\/\"},\"wordCount\":29,\"publisher\":{\"@id\":\"https:\/\/www.fiscalia.gov.co\/colombia\/#organization\"},\"articleSection\":[\"Noticias\"],\"inLanguage\":\"es-CO\"},{\"@type\":\"WebPage\",\"@id\":\"https:\/\/www.fiscalia.gov.co\/colombia\/noticias\/fiscal-nestor-humberto-martinez-neira-entrego-condecoracion-enrique-low-murtra-como-merito-al-servicio-en-la-fiscalia-a-colaboradores-de-la-entidad\/\",\"url\":\"https:\/\/www.fiscalia.gov.co\/colombia\/noticias\/fiscal-nestor-humberto-martinez-neira-entrego-condecoracion-enrique-low-murtra-como-merito-al-servicio-en-la-fiscalia-a-colaboradores-de-la-entidad\/\",\"name\":\"Fiscal\u00eda General de la Naci\u00f3n\",\"isPartOf\":{\"@id\":\"https:\/\/www.fiscalia.gov.co\/colombia\/#website\"},\"datePublished\":\"2017-12-15T22:46:19+00:00\",\"dateModified\":\"2017-12-15T22:46:19+00:00\",\"description\":\"P\u00e1gina oficial de la Fiscal\u00eda General de la Naci\u00f3n \u2013 Colombia. Garantizamos el acceso efectivo a la justicia, la verdad y la reparaci\u00f3n de las v\u00edctimas de los delitos.\",\"breadcrumb\":{\"@id\":\"https:\/\/www.fiscalia.gov.co\/colombia\/noticias\/fiscal-nestor-humberto-martinez-neira-entrego-condecoracion-enrique-low-murtra-como-merito-al-servicio-en-la-fiscalia-a-colaboradores-de-la-entidad\/#breadcrumb\"},\"inLanguage\":\"es-CO\",\"potentialAction\":[{\"@type\":\"ReadAction\",\"target\":[\"https:\/\/www.fiscalia.gov.co\/colombia\/noticias\/fiscal-nestor-humberto-martinez-neira-entrego-condecoracion-enrique-low-murtra-como-merito-al-servicio-en-la-fiscalia-a-colaboradores-de-la-entidad\/\"]}]},{\"@type\":\"BreadcrumbList\",\"@id\":\"https:\/\/www.fiscalia.gov.co\/colombia\/noticias\/fiscal-nestor-humberto-martinez-neira-entrego-condecoracion-enrique-low-murtra-como-merito-al-servicio-en-la-fiscalia-a-colaboradores-de-la-entidad\/#breadcrumb\",\"itemListElement\":[{\"@type\":\"ListItem\",\"position\":1,\"name\":\"Home\",\"item\":\"https:\/\/www.fiscalia.gov.co\/colombia\/\"},{\"@type\":\"ListItem\",\"position\":2,\"name\":\"Fiscal N\u00e9stor Humberto Mart\u00ednez Neira entreg\u00f3 Condecoraci\u00f3n Enrique Low Murtra como m\u00e9rito al servicio en la Fiscal\u00eda a colaboradores de la Entidad\"}]},{\"@type\":\"WebSite\",\"@id\":\"https:\/\/www.fiscalia.gov.co\/colombia\/#website\",\"url\":\"https:\/\/www.fiscalia.gov.co\/colombia\/\",\"name\":\"Fiscal\u00eda General de la Naci\u00f3n\",\"description\":\"P\u00e1gina oficial de la Fiscal\u00eda General de la Naci\u00f3n \u2013 Colombia. Garantizamos el acceso efectivo a la justicia, la verdad y la reparaci\u00f3n de las v\u00edctimas de los delitos.\",\"publisher\":{\"@id\":\"https:\/\/www.fiscalia.gov.co\/colombia\/#organization\"},\"potentialAction\":[{\"@type\":\"SearchAction\",\"target\":{\"@type\":\"EntryPoint\",\"urlTemplate\":\"https:\/\/www.fiscalia.gov.co\/colombia\/?s={search_term_string}\"},\"query-input\":{\"@type\":\"PropertyValueSpecification\",\"valueRequired\":true,\"valueName\":\"search_term_string\"}}],\"inLanguage\":\"es-CO\"},{\"@type\":\"Organization\",\"@id\":\"https:\/\/www.fiscalia.gov.co\/colombia\/#organization\",\"name\":\"Fiscal\u00eda General de la Naci\u00f3n\",\"url\":\"https:\/\/www.fiscalia.gov.co\/colombia\/\",\"logo\":{\"@type\":\"ImageObject\",\"inLanguage\":\"es-CO\",\"@id\":\"https:\/\/www.fiscalia.gov.co\/colombia\/#\/schema\/logo\/image\/\",\"url\":\"https:\/\/www.fiscalia.gov.co\/colombia\/wp-content\/uploads\/LogoHorizontal_1.jpg\",\"contentUrl\":\"https:\/\/www.fiscalia.gov.co\/colombia\/wp-content\/uploads\/LogoHorizontal_1.jpg\",\"width\":300,\"height\":90,\"caption\":\"Fiscal\u00eda General de la Naci\u00f3n\"},\"image\":{\"@id\":\"https:\/\/www.fiscalia.gov.co\/colombia\/#\/schema\/logo\/image\/\"},\"sameAs\":[\"https:\/\/www.facebook.com\/FiscaliaCol\",\"https:\/\/x.com\/FiscaliaCol\",\"https:\/\/www.instagram.com\/fiscaliacol\",\"https:\/\/www.linkedin.com\/company\/fiscalia-general-de-la-naci-n\/\",\"https:\/\/youtube.com\/@fiscaliageneraldelanacion-4668?si=6nN79nyQICPU5iTh\"]},{\"@type\":\"Person\",\"@id\":\"https:\/\/www.fiscalia.gov.co\/colombia\/#\/schema\/person\/bf28d8ae7f1b287bbe3af484b04f43ea\",\"name\":\"Direcci\u00f3n de Comunicaciones Fiscal\u00eda General de la Naci\u00f3n\",\"image\":{\"@type\":\"ImageObject\",\"inLanguage\":\"es-CO\",\"@id\":\"https:\/\/www.fiscalia.gov.co\/colombia\/#\/schema\/person\/image\/\",\"url\":\"https:\/\/secure.gravatar.com\/avatar\/9d55ae161d32da16dbdd0b380c080a5f?s=96&d=mm&r=g\",\"contentUrl\":\"https:\/\/secure.gravatar.com\/avatar\/9d55ae161d32da16dbdd0b380c080a5f?s=96&d=mm&r=g\",\"caption\":\"Direcci\u00f3n de Comunicaciones Fiscal\u00eda General de la Naci\u00f3n\"},\"url\":\"https:\/\/www.fiscalia.gov.co\/colombia\/author\/kbonilla\/\"}]}<\/script>\n<!-- \/ Yoast SEO plugin. -->","yoast_head_json":{"title":"Fiscal\u00eda General de la Naci\u00f3n","description":"P\u00e1gina oficial de la Fiscal\u00eda General de la Naci\u00f3n \u2013 Colombia. Garantizamos el acceso efectivo a la justicia, la verdad y la reparaci\u00f3n de las v\u00edctimas de los delitos.","robots":{"index":"noindex","follow":"follow"},"og_locale":"es_ES","og_type":"article","og_title":"Fiscal\u00eda General de la Naci\u00f3n","og_description":"P\u00e1gina oficial de la Fiscal\u00eda General de la Naci\u00f3n \u2013 Colombia. Garantizamos el acceso efectivo a la justicia, la verdad y la reparaci\u00f3n de las v\u00edctimas de los delitos.","og_url":"https:\/\/www.fiscalia.gov.co\/colombia\/noticias\/fiscal-nestor-humberto-martinez-neira-entrego-condecoracion-enrique-low-murtra-como-merito-al-servicio-en-la-fiscalia-a-colaboradores-de-la-entidad\/","og_site_name":"Fiscal\u00eda General de la Naci\u00f3n","article_publisher":"https:\/\/www.facebook.com\/FiscaliaCol","article_published_time":"2017-12-15T22:46:19+00:00","og_image":[{"url":"https:\/\/www.fiscalia.gov.co\/colombia\/wp-content\/uploads\/F2A2390-150x150.jpg","type":"","width":"","height":""}],"author":"Direcci\u00f3n de Comunicaciones Fiscal\u00eda General de la Naci\u00f3n","twitter_card":"summary_large_image","twitter_creator":"@FiscaliaCol","twitter_site":"@FiscaliaCol","twitter_misc":{"Escrito por":"Direcci\u00f3n de Comunicaciones Fiscal\u00eda General de la Naci\u00f3n"},"schema":{"@context":"https:\/\/schema.org","@graph":[{"@type":"Article","@id":"https:\/\/www.fiscalia.gov.co\/colombia\/noticias\/fiscal-nestor-humberto-martinez-neira-entrego-condecoracion-enrique-low-murtra-como-merito-al-servicio-en-la-fiscalia-a-colaboradores-de-la-entidad\/#article","isPartOf":{"@id":"https:\/\/www.fiscalia.gov.co\/colombia\/noticias\/fiscal-nestor-humberto-martinez-neira-entrego-condecoracion-enrique-low-murtra-como-merito-al-servicio-en-la-fiscalia-a-colaboradores-de-la-entidad\/"},"author":{"name":"Direcci\u00f3n de Comunicaciones Fiscal\u00eda General de la Naci\u00f3n","@id":"https:\/\/www.fiscalia.gov.co\/colombia\/#\/schema\/person\/bf28d8ae7f1b287bbe3af484b04f43ea"},"headline":"Fiscal N\u00e9stor Humberto Mart\u00ednez Neira entreg\u00f3 Condecoraci\u00f3n Enrique Low Murtra como m\u00e9rito al servicio en la Fiscal\u00eda a colaboradores de la Entidad","datePublished":"2017-12-15T22:46:19+00:00","dateModified":"2017-12-15T22:46:19+00:00","mainEntityOfPage":{"@id":"https:\/\/www.fiscalia.gov.co\/colombia\/noticias\/fiscal-nestor-humberto-martinez-neira-entrego-condecoracion-enrique-low-murtra-como-merito-al-servicio-en-la-fiscalia-a-colaboradores-de-la-entidad\/"},"wordCount":29,"publisher":{"@id":"https:\/\/www.fiscalia.gov.co\/colombia\/#organization"},"articleSection":["Noticias"],"inLanguage":"es-CO"},{"@type":"WebPage","@id":"https:\/\/www.fiscalia.gov.co\/colombia\/noticias\/fiscal-nestor-humberto-martinez-neira-entrego-condecoracion-enrique-low-murtra-como-merito-al-servicio-en-la-fiscalia-a-colaboradores-de-la-entidad\/","url":"https:\/\/www.fiscalia.gov.co\/colombia\/noticias\/fiscal-nestor-humberto-martinez-neira-entrego-condecoracion-enrique-low-murtra-como-merito-al-servicio-en-la-fiscalia-a-colaboradores-de-la-entidad\/","name":"Fiscal\u00eda General de la Naci\u00f3n","isPartOf":{"@id":"https:\/\/www.fiscalia.gov.co\/colombia\/#website"},"datePublished":"2017-12-15T22:46:19+00:00","dateModified":"2017-12-15T22:46:19+00:00","description":"P\u00e1gina oficial de la Fiscal\u00eda General de la Naci\u00f3n \u2013 Colombia. Garantizamos el acceso efectivo a la justicia, la verdad y la reparaci\u00f3n de las v\u00edctimas de los delitos.","breadcrumb":{"@id":"https:\/\/www.fiscalia.gov.co\/colombia\/noticias\/fiscal-nestor-humberto-martinez-neira-entrego-condecoracion-enrique-low-murtra-como-merito-al-servicio-en-la-fiscalia-a-colaboradores-de-la-entidad\/#breadcrumb"},"inLanguage":"es-CO","potentialAction":[{"@type":"ReadAction","target":["https:\/\/www.fiscalia.gov.co\/colombia\/noticias\/fiscal-nestor-humberto-martinez-neira-entrego-condecoracion-enrique-low-murtra-como-merito-al-servicio-en-la-fiscalia-a-colaboradores-de-la-entidad\/"]}]},{"@type":"BreadcrumbList","@id":"https:\/\/www.fiscalia.gov.co\/colombia\/noticias\/fiscal-nestor-humberto-martinez-neira-entrego-condecoracion-enrique-low-murtra-como-merito-al-servicio-en-la-fiscalia-a-colaboradores-de-la-entidad\/#breadcrumb","itemListElement":[{"@type":"ListItem","position":1,"name":"Home","item":"https:\/\/www.fiscalia.gov.co\/colombia\/"},{"@type":"ListItem","position":2,"name":"Fiscal N\u00e9stor Humberto Mart\u00ednez Neira entreg\u00f3 Condecoraci\u00f3n Enrique Low Murtra como m\u00e9rito al servicio en la Fiscal\u00eda a colaboradores de la Entidad"}]},{"@type":"WebSite","@id":"https:\/\/www.fiscalia.gov.co\/colombia\/#website","url":"https:\/\/www.fiscalia.gov.co\/colombia\/","name":"Fiscal\u00eda General de la Naci\u00f3n","description":"P\u00e1gina oficial de la Fiscal\u00eda General de la Naci\u00f3n \u2013 Colombia. Garantizamos el acceso efectivo a la justicia, la verdad y la reparaci\u00f3n de las v\u00edctimas de los delitos.","publisher":{"@id":"https:\/\/www.fiscalia.gov.co\/colombia\/#organization"},"potentialAction":[{"@type":"SearchAction","target":{"@type":"EntryPoint","urlTemplate":"https:\/\/www.fiscalia.gov.co\/colombia\/?s={search_term_string}"},"query-input":{"@type":"PropertyValueSpecification","valueRequired":true,"valueName":"search_term_string"}}],"inLanguage":"es-CO"},{"@type":"Organization","@id":"https:\/\/www.fiscalia.gov.co\/colombia\/#organization","name":"Fiscal\u00eda General de la Naci\u00f3n","url":"https:\/\/www.fiscalia.gov.co\/colombia\/","logo":{"@type":"ImageObject","inLanguage":"es-CO","@id":"https:\/\/www.fiscalia.gov.co\/colombia\/#\/schema\/logo\/image\/","url":"https:\/\/www.fiscalia.gov.co\/colombia\/wp-content\/uploads\/LogoHorizontal_1.jpg","contentUrl":"https:\/\/www.fiscalia.gov.co\/colombia\/wp-content\/uploads\/LogoHorizontal_1.jpg","width":300,"height":90,"caption":"Fiscal\u00eda General de la Naci\u00f3n"},"image":{"@id":"https:\/\/www.fiscalia.gov.co\/colombia\/#\/schema\/logo\/image\/"},"sameAs":["https:\/\/www.facebook.com\/FiscaliaCol","https:\/\/x.com\/FiscaliaCol","https:\/\/www.instagram.com\/fiscaliacol","https:\/\/www.linkedin.com\/company\/fiscalia-general-de-la-naci-n\/","https:\/\/youtube.com\/@fiscaliageneraldelanacion-4668?si=6nN79nyQICPU5iTh"]},{"@type":"Person","@id":"https:\/\/www.fiscalia.gov.co\/colombia\/#\/schema\/person\/bf28d8ae7f1b287bbe3af484b04f43ea","name":"Direcci\u00f3n de Comunicaciones Fiscal\u00eda General de la Naci\u00f3n","image":{"@type":"ImageObject","inLanguage":"es-CO","@id":"https:\/\/www.fiscalia.gov.co\/colombia\/#\/schema\/person\/image\/","url":"https:\/\/secure.gravatar.com\/avatar\/9d55ae161d32da16dbdd0b380c080a5f?s=96&d=mm&r=g","contentUrl":"https:\/\/secure.gravatar.com\/avatar\/9d55ae161d32da16dbdd0b380c080a5f?s=96&d=mm&r=g","caption":"Direcci\u00f3n de Comunicaciones Fiscal\u00eda General de la Naci\u00f3n"},"url":"https:\/\/www.fiscalia.gov.co\/colombia\/author\/kbonilla\/"}]}},"_links":{"self":[{"href":"https:\/\/www.fiscalia.gov.co\/colombia\/wp-json\/wp\/v2\/posts\/157491","targetHints":{"allow":["GET"]}}],"collection":[{"href":"https:\/\/www.fiscalia.gov.co\/colombia\/wp-json\/wp\/v2\/posts"}],"about":[{"href":"https:\/\/www.fiscalia.gov.co\/colombia\/wp-json\/wp\/v2\/types\/post"}],"author":[{"embeddable":true,"href":"https:\/\/www.fiscalia.gov.co\/colombia\/wp-json\/wp\/v2\/users\/162"}],"replies":[{"embeddable":true,"href":"https:\/\/www.fiscalia.gov.co\/colombia\/wp-json\/wp\/v2\/comments?post=157491"}],"version-history":[{"count":2,"href":"https:\/\/www.fiscalia.gov.co\/colombia\/wp-json\/wp\/v2\/posts\/157491\/revisions"}],"predecessor-version":[{"id":157560,"href":"https:\/\/www.fiscalia.gov.co\/colombia\/wp-json\/wp\/v2\/posts\/157491\/revisions\/157560"}],"wp:attachment":[{"href":"https:\/\/www.fiscalia.gov.co\/colombia\/wp-json\/wp\/v2\/media?parent=157491"}],"wp:term":[{"taxonomy":"category","embeddable":true,"href":"https:\/\/www.fiscalia.gov.co\/colombia\/wp-json\/wp\/v2\/categories?post=157491"},{"taxonomy":"post_tag","embeddable":true,"href":"https:\/\/www.fiscalia.gov.co\/colombia\/wp-json\/wp\/v2\/tags?post=157491"}],"curies":[{"name":"wp","href":"https:\/\/api.w.org\/{rel}","templated":true}]}}