{"id":155763,"date":"2017-12-07T13:38:55","date_gmt":"2017-12-07T18:38:55","guid":{"rendered":"https:\/\/www.fiscalia.gov.co\/colombia\/?p=155763"},"modified":"2017-12-07T13:43:17","modified_gmt":"2017-12-07T18:43:17","slug":"positivo-balance-de-la-cumbre-trilateral-contra-el-crimen-organizado-transnacional-en-cartagena-bolivar","status":"publish","type":"post","link":"https:\/\/www.fiscalia.gov.co\/colombia\/noticias\/positivo-balance-de-la-cumbre-trilateral-contra-el-crimen-organizado-transnacional-en-cartagena-bolivar\/","title":{"rendered":"Positivo balance de la Cumbre Trilateral Contra el Crimen Organizado Transnacional en Cartagena (Bol\u00edvar)"},"content":{"rendered":"<p>En la Cumbre Trilateral Contra el Crimen Organizado Transnacional realizada en Cartagena (Bol\u00edvar), Estados Unidos, M\u00e9xico y Colombia renovaron el compromiso existente de cooperaci\u00f3n jur\u00eddica internacional.<\/p>\n<p>As\u00ed mismo definieron agilizar el intercambio de informaci\u00f3n en tiempo real entre los organismos de investigaci\u00f3n criminal y&nbsp;determinaron priorizar y colaborar en la interdicci\u00f3n de cargamentos de narc\u00f3ticos y sus recursos y productos il\u00edcitos.<\/p>\n<p>Finalmente se comprometieron con aumentar el intercambio de buenas pr\u00e1cticas para investigar y procesar de manera m\u00e1s efectiva a las organizaciones criminales transnacionales.<\/p>\n<div id=\"su_carousel_69f738b599722\" class=\"su-carousel su-carousel-centered su-carousel-pages-no su-carousel-responsive-yes su-lightbox-gallery\" style=\"width:100%\" data-autoplay=\"1000\" data-speed=\"1000\" data-mousewheel=\"true\" data-items=\"3\" data-scroll=\"1\"><div class=\"su-carousel-slides\"><div class=\"su-carousel-slide\"><a href=\"https:\/\/www.fiscalia.gov.co\/colombia\/wp-content\/uploads\/foto.jpg\" target=\"_blank\" title=\"foto\"><img decoding=\"async\" src=\"https:\/\/www.fiscalia.gov.co\/colombia\/wp-content\/uploads\/foto-282x200.jpg\" alt=\"foto\" \/><\/a><\/div><div class=\"su-carousel-slide\"><a href=\"https:\/\/www.fiscalia.gov.co\/colombia\/wp-content\/uploads\/final-cumbre.jpg\" target=\"_blank\" title=\"final cumbre\"><img decoding=\"async\" src=\"https:\/\/www.fiscalia.gov.co\/colombia\/wp-content\/uploads\/final-cumbre-282x200.jpg\" alt=\"final cumbre\" \/><\/a><\/div><div class=\"su-carousel-slide\"><a href=\"https:\/\/www.fiscalia.gov.co\/colombia\/wp-content\/uploads\/cumbre-13.jpg\" target=\"_blank\" title=\"cumbre 13\"><img decoding=\"async\" src=\"https:\/\/www.fiscalia.gov.co\/colombia\/wp-content\/uploads\/cumbre-13-282x200.jpg\" alt=\"cumbre 13\" \/><\/a><\/div><div class=\"su-carousel-slide\"><a href=\"https:\/\/www.fiscalia.gov.co\/colombia\/wp-content\/uploads\/cumbre-12.jpg\" target=\"_blank\" title=\"cumbre 12\"><img decoding=\"async\" src=\"https:\/\/www.fiscalia.gov.co\/colombia\/wp-content\/uploads\/cumbre-12-282x200.jpg\" alt=\"cumbre 12\" \/><\/a><\/div><div class=\"su-carousel-slide\"><a href=\"https:\/\/www.fiscalia.gov.co\/colombia\/wp-content\/uploads\/cumbre-11.jpg\" target=\"_blank\" title=\"cumbre 11\"><img decoding=\"async\" src=\"https:\/\/www.fiscalia.gov.co\/colombia\/wp-content\/uploads\/cumbre-11-282x200.jpg\" alt=\"cumbre 11\" \/><\/a><\/div><div class=\"su-carousel-slide\"><a href=\"https:\/\/www.fiscalia.gov.co\/colombia\/wp-content\/uploads\/cumbre-10.jpg\" target=\"_blank\" title=\"cumbre 10\"><img decoding=\"async\" src=\"https:\/\/www.fiscalia.gov.co\/colombia\/wp-content\/uploads\/cumbre-10-282x200.jpg\" alt=\"cumbre 10\" \/><\/a><\/div><div class=\"su-carousel-slide\"><a href=\"https:\/\/www.fiscalia.gov.co\/colombia\/wp-content\/uploads\/cumbre-9.jpg\" target=\"_blank\" title=\"cumbre 9\"><img decoding=\"async\" src=\"https:\/\/www.fiscalia.gov.co\/colombia\/wp-content\/uploads\/cumbre-9-282x200.jpg\" alt=\"cumbre 9\" \/><\/a><\/div><div class=\"su-carousel-slide\"><a href=\"https:\/\/www.fiscalia.gov.co\/colombia\/wp-content\/uploads\/cumbre-8.jpg\" target=\"_blank\" title=\"cumbre 8\"><img decoding=\"async\" src=\"https:\/\/www.fiscalia.gov.co\/colombia\/wp-content\/uploads\/cumbre-8-282x200.jpg\" alt=\"cumbre 8\" \/><\/a><\/div><div class=\"su-carousel-slide\"><a href=\"https:\/\/www.fiscalia.gov.co\/colombia\/wp-content\/uploads\/cumbre-7.jpg\" target=\"_blank\" title=\"cumbre 7\"><img decoding=\"async\" src=\"https:\/\/www.fiscalia.gov.co\/colombia\/wp-content\/uploads\/cumbre-7-282x200.jpg\" alt=\"cumbre 7\" \/><\/a><\/div><div class=\"su-carousel-slide\"><a href=\"https:\/\/www.fiscalia.gov.co\/colombia\/wp-content\/uploads\/cumbre-6.jpg\" target=\"_blank\" title=\"cumbre 6\"><img decoding=\"async\" src=\"https:\/\/www.fiscalia.gov.co\/colombia\/wp-content\/uploads\/cumbre-6-282x200.jpg\" alt=\"cumbre 6\" \/><\/a><\/div><div class=\"su-carousel-slide\"><a href=\"https:\/\/www.fiscalia.gov.co\/colombia\/wp-content\/uploads\/cumbre-5.jpg\" target=\"_blank\" title=\"cumbre 5\"><img decoding=\"async\" src=\"https:\/\/www.fiscalia.gov.co\/colombia\/wp-content\/uploads\/cumbre-5-282x200.jpg\" alt=\"cumbre 5\" \/><\/a><\/div><div class=\"su-carousel-slide\"><a href=\"https:\/\/www.fiscalia.gov.co\/colombia\/wp-content\/uploads\/cumbre-4.jpg\" target=\"_blank\" title=\"cumbre 4\"><img decoding=\"async\" src=\"https:\/\/www.fiscalia.gov.co\/colombia\/wp-content\/uploads\/cumbre-4-282x200.jpg\" alt=\"cumbre 4\" \/><\/a><\/div><div class=\"su-carousel-slide\"><a href=\"https:\/\/www.fiscalia.gov.co\/colombia\/wp-content\/uploads\/cumbre-3.jpg\" target=\"_blank\" title=\"cumbre 3\"><img decoding=\"async\" src=\"https:\/\/www.fiscalia.gov.co\/colombia\/wp-content\/uploads\/cumbre-3-282x200.jpg\" alt=\"cumbre 3\" \/><\/a><\/div><div class=\"su-carousel-slide\"><a href=\"https:\/\/www.fiscalia.gov.co\/colombia\/wp-content\/uploads\/cumbre-2.jpg\" target=\"_blank\" title=\"cumbre 2\"><img decoding=\"async\" src=\"https:\/\/www.fiscalia.gov.co\/colombia\/wp-content\/uploads\/cumbre-2-282x200.jpg\" alt=\"cumbre 2\" \/><\/a><\/div><\/div><div class=\"su-carousel-nav\"><div class=\"su-carousel-direction\"><span class=\"su-carousel-prev\"><\/span><span class=\"su-carousel-next\"><\/span><\/div><div class=\"su-carousel-pagination\"><\/div><\/div><\/div>\n\n<div class=\"twitter-share\"><a href=\"https:\/\/twitter.com\/intent\/tweet?via=fiscaliacol\" class=\"twitter-share-button\">Tweet<\/a><\/div>\n","protected":false},"excerpt":{"rendered":"<p>En la Cumbre Trilateral Contra el Crimen Organizado Transnacional realizada en Cartagena (Bol\u00edvar), Estados Unidos, M\u00e9xico y Colombia renovaron el compromiso existente de cooperaci\u00f3n jur\u00eddica internacional. As\u00ed mismo definieron agilizar el intercambio de informaci\u00f3n en tiempo real entre los organismos de investigaci\u00f3n criminal y&nbsp;determinaron priorizar y colaborar en la interdicci\u00f3n de cargamentos de narc\u00f3ticos y [&hellip;]<\/p>\n","protected":false},"author":162,"featured_media":0,"comment_status":"closed","ping_status":"open","sticky":false,"template":"","format":"standard","meta":{"_price":"","_stock":"","_tribe_ticket_header":"","_tribe_default_ticket_provider":"","_tribe_ticket_capacity":"0","_ticket_start_date":"","_ticket_end_date":"","_tribe_ticket_show_description":"","_tribe_ticket_show_not_going":false,"_tribe_ticket_use_global_stock":"","_tribe_ticket_global_stock_level":"","_global_stock_mode":"","_global_stock_cap":"","_tribe_rsvp_for_event":"","_tribe_ticket_going_count":"","_tribe_ticket_not_going_count":"","_tribe_tickets_list":"[]","_tribe_ticket_has_attendee_info_fields":false,"tdm_status":"","tdm_grid_status":"","footnotes":""},"categories":[1],"tags":[],"class_list":{"0":"post-155763","1":"post","2":"type-post","3":"status-publish","4":"format-standard","6":"category-noticias"},"yoast_head":"<!-- This site is optimized with the Yoast SEO plugin v24.3 - https:\/\/yoast.com\/wordpress\/plugins\/seo\/ -->\n<title>Fiscal\u00eda General de la Naci\u00f3n<\/title>\n<meta name=\"description\" content=\"P\u00e1gina oficial de la Fiscal\u00eda General de la Naci\u00f3n \u2013 Colombia. Garantizamos el acceso efectivo a la justicia, la verdad y la reparaci\u00f3n de las v\u00edctimas de los delitos.\" \/>\n<meta name=\"robots\" content=\"noindex, follow\" \/>\n<meta property=\"og:locale\" content=\"es_ES\" \/>\n<meta property=\"og:type\" content=\"article\" \/>\n<meta property=\"og:title\" content=\"Fiscal\u00eda General de la Naci\u00f3n\" \/>\n<meta property=\"og:description\" content=\"P\u00e1gina oficial de la Fiscal\u00eda General de la Naci\u00f3n \u2013 Colombia. Garantizamos el acceso efectivo a la justicia, la verdad y la reparaci\u00f3n de las v\u00edctimas de los delitos.\" \/>\n<meta property=\"og:url\" content=\"https:\/\/www.fiscalia.gov.co\/colombia\/noticias\/positivo-balance-de-la-cumbre-trilateral-contra-el-crimen-organizado-transnacional-en-cartagena-bolivar\/\" \/>\n<meta property=\"og:site_name\" content=\"Fiscal\u00eda General de la Naci\u00f3n\" \/>\n<meta property=\"article:publisher\" content=\"https:\/\/www.facebook.com\/FiscaliaCol\" \/>\n<meta property=\"article:published_time\" content=\"2017-12-07T18:38:55+00:00\" \/>\n<meta property=\"article:modified_time\" content=\"2017-12-07T18:43:17+00:00\" \/>\n<meta name=\"author\" content=\"Direcci\u00f3n de Comunicaciones Fiscal\u00eda General de la Naci\u00f3n\" \/>\n<meta name=\"twitter:card\" content=\"summary_large_image\" \/>\n<meta name=\"twitter:creator\" content=\"@FiscaliaCol\" \/>\n<meta name=\"twitter:site\" content=\"@FiscaliaCol\" \/>\n<meta name=\"twitter:label1\" content=\"Escrito por\" \/>\n\t<meta name=\"twitter:data1\" content=\"Direcci\u00f3n de Comunicaciones Fiscal\u00eda General de la Naci\u00f3n\" \/>\n\t<meta name=\"twitter:label2\" content=\"Tiempo de lectura\" \/>\n\t<meta name=\"twitter:data2\" content=\"1 minuto\" \/>\n<script type=\"application\/ld+json\" class=\"yoast-schema-graph\">{\"@context\":\"https:\/\/schema.org\",\"@graph\":[{\"@type\":\"Article\",\"@id\":\"https:\/\/www.fiscalia.gov.co\/colombia\/noticias\/positivo-balance-de-la-cumbre-trilateral-contra-el-crimen-organizado-transnacional-en-cartagena-bolivar\/#article\",\"isPartOf\":{\"@id\":\"https:\/\/www.fiscalia.gov.co\/colombia\/noticias\/positivo-balance-de-la-cumbre-trilateral-contra-el-crimen-organizado-transnacional-en-cartagena-bolivar\/\"},\"author\":{\"name\":\"Direcci\u00f3n de Comunicaciones Fiscal\u00eda General de la Naci\u00f3n\",\"@id\":\"https:\/\/www.fiscalia.gov.co\/colombia\/#\/schema\/person\/bf28d8ae7f1b287bbe3af484b04f43ea\"},\"headline\":\"Positivo balance de la Cumbre Trilateral Contra el Crimen Organizado Transnacional en Cartagena (Bol\u00edvar)\",\"datePublished\":\"2017-12-07T18:38:55+00:00\",\"dateModified\":\"2017-12-07T18:43:17+00:00\",\"mainEntityOfPage\":{\"@id\":\"https:\/\/www.fiscalia.gov.co\/colombia\/noticias\/positivo-balance-de-la-cumbre-trilateral-contra-el-crimen-organizado-transnacional-en-cartagena-bolivar\/\"},\"wordCount\":127,\"publisher\":{\"@id\":\"https:\/\/www.fiscalia.gov.co\/colombia\/#organization\"},\"articleSection\":[\"Noticias\"],\"inLanguage\":\"es-CO\"},{\"@type\":\"WebPage\",\"@id\":\"https:\/\/www.fiscalia.gov.co\/colombia\/noticias\/positivo-balance-de-la-cumbre-trilateral-contra-el-crimen-organizado-transnacional-en-cartagena-bolivar\/\",\"url\":\"https:\/\/www.fiscalia.gov.co\/colombia\/noticias\/positivo-balance-de-la-cumbre-trilateral-contra-el-crimen-organizado-transnacional-en-cartagena-bolivar\/\",\"name\":\"Fiscal\u00eda General de la Naci\u00f3n\",\"isPartOf\":{\"@id\":\"https:\/\/www.fiscalia.gov.co\/colombia\/#website\"},\"datePublished\":\"2017-12-07T18:38:55+00:00\",\"dateModified\":\"2017-12-07T18:43:17+00:00\",\"description\":\"P\u00e1gina oficial de la Fiscal\u00eda General de la Naci\u00f3n \u2013 Colombia. Garantizamos el acceso efectivo a la justicia, la verdad y la reparaci\u00f3n de las v\u00edctimas de los delitos.\",\"breadcrumb\":{\"@id\":\"https:\/\/www.fiscalia.gov.co\/colombia\/noticias\/positivo-balance-de-la-cumbre-trilateral-contra-el-crimen-organizado-transnacional-en-cartagena-bolivar\/#breadcrumb\"},\"inLanguage\":\"es-CO\",\"potentialAction\":[{\"@type\":\"ReadAction\",\"target\":[\"https:\/\/www.fiscalia.gov.co\/colombia\/noticias\/positivo-balance-de-la-cumbre-trilateral-contra-el-crimen-organizado-transnacional-en-cartagena-bolivar\/\"]}]},{\"@type\":\"BreadcrumbList\",\"@id\":\"https:\/\/www.fiscalia.gov.co\/colombia\/noticias\/positivo-balance-de-la-cumbre-trilateral-contra-el-crimen-organizado-transnacional-en-cartagena-bolivar\/#breadcrumb\",\"itemListElement\":[{\"@type\":\"ListItem\",\"position\":1,\"name\":\"Home\",\"item\":\"https:\/\/www.fiscalia.gov.co\/colombia\/\"},{\"@type\":\"ListItem\",\"position\":2,\"name\":\"Positivo balance de la Cumbre Trilateral Contra el Crimen Organizado Transnacional en Cartagena (Bol\u00edvar)\"}]},{\"@type\":\"WebSite\",\"@id\":\"https:\/\/www.fiscalia.gov.co\/colombia\/#website\",\"url\":\"https:\/\/www.fiscalia.gov.co\/colombia\/\",\"name\":\"Fiscal\u00eda General de la Naci\u00f3n\",\"description\":\"P\u00e1gina oficial de la Fiscal\u00eda General de la Naci\u00f3n \u2013 Colombia. Garantizamos el acceso efectivo a la justicia, la verdad y la reparaci\u00f3n de las v\u00edctimas de los delitos.\",\"publisher\":{\"@id\":\"https:\/\/www.fiscalia.gov.co\/colombia\/#organization\"},\"potentialAction\":[{\"@type\":\"SearchAction\",\"target\":{\"@type\":\"EntryPoint\",\"urlTemplate\":\"https:\/\/www.fiscalia.gov.co\/colombia\/?s={search_term_string}\"},\"query-input\":{\"@type\":\"PropertyValueSpecification\",\"valueRequired\":true,\"valueName\":\"search_term_string\"}}],\"inLanguage\":\"es-CO\"},{\"@type\":\"Organization\",\"@id\":\"https:\/\/www.fiscalia.gov.co\/colombia\/#organization\",\"name\":\"Fiscal\u00eda General de la Naci\u00f3n\",\"url\":\"https:\/\/www.fiscalia.gov.co\/colombia\/\",\"logo\":{\"@type\":\"ImageObject\",\"inLanguage\":\"es-CO\",\"@id\":\"https:\/\/www.fiscalia.gov.co\/colombia\/#\/schema\/logo\/image\/\",\"url\":\"https:\/\/www.fiscalia.gov.co\/colombia\/wp-content\/uploads\/LogoHorizontal_1.jpg\",\"contentUrl\":\"https:\/\/www.fiscalia.gov.co\/colombia\/wp-content\/uploads\/LogoHorizontal_1.jpg\",\"width\":300,\"height\":90,\"caption\":\"Fiscal\u00eda General de la Naci\u00f3n\"},\"image\":{\"@id\":\"https:\/\/www.fiscalia.gov.co\/colombia\/#\/schema\/logo\/image\/\"},\"sameAs\":[\"https:\/\/www.facebook.com\/FiscaliaCol\",\"https:\/\/x.com\/FiscaliaCol\",\"https:\/\/www.instagram.com\/fiscaliacol\",\"https:\/\/www.linkedin.com\/company\/fiscalia-general-de-la-naci-n\/\",\"https:\/\/youtube.com\/@fiscaliageneraldelanacion-4668?si=6nN79nyQICPU5iTh\"]},{\"@type\":\"Person\",\"@id\":\"https:\/\/www.fiscalia.gov.co\/colombia\/#\/schema\/person\/bf28d8ae7f1b287bbe3af484b04f43ea\",\"name\":\"Direcci\u00f3n de Comunicaciones Fiscal\u00eda General de la Naci\u00f3n\",\"image\":{\"@type\":\"ImageObject\",\"inLanguage\":\"es-CO\",\"@id\":\"https:\/\/www.fiscalia.gov.co\/colombia\/#\/schema\/person\/image\/\",\"url\":\"https:\/\/secure.gravatar.com\/avatar\/9d55ae161d32da16dbdd0b380c080a5f?s=96&d=mm&r=g\",\"contentUrl\":\"https:\/\/secure.gravatar.com\/avatar\/9d55ae161d32da16dbdd0b380c080a5f?s=96&d=mm&r=g\",\"caption\":\"Direcci\u00f3n de Comunicaciones Fiscal\u00eda General de la Naci\u00f3n\"},\"url\":\"https:\/\/www.fiscalia.gov.co\/colombia\/author\/kbonilla\/\"}]}<\/script>\n<!-- \/ Yoast SEO plugin. -->","yoast_head_json":{"title":"Fiscal\u00eda General de la Naci\u00f3n","description":"P\u00e1gina oficial de la Fiscal\u00eda General de la Naci\u00f3n \u2013 Colombia. Garantizamos el acceso efectivo a la justicia, la verdad y la reparaci\u00f3n de las v\u00edctimas de los delitos.","robots":{"index":"noindex","follow":"follow"},"og_locale":"es_ES","og_type":"article","og_title":"Fiscal\u00eda General de la Naci\u00f3n","og_description":"P\u00e1gina oficial de la Fiscal\u00eda General de la Naci\u00f3n \u2013 Colombia. Garantizamos el acceso efectivo a la justicia, la verdad y la reparaci\u00f3n de las v\u00edctimas de los delitos.","og_url":"https:\/\/www.fiscalia.gov.co\/colombia\/noticias\/positivo-balance-de-la-cumbre-trilateral-contra-el-crimen-organizado-transnacional-en-cartagena-bolivar\/","og_site_name":"Fiscal\u00eda General de la Naci\u00f3n","article_publisher":"https:\/\/www.facebook.com\/FiscaliaCol","article_published_time":"2017-12-07T18:38:55+00:00","article_modified_time":"2017-12-07T18:43:17+00:00","author":"Direcci\u00f3n de Comunicaciones Fiscal\u00eda General de la Naci\u00f3n","twitter_card":"summary_large_image","twitter_creator":"@FiscaliaCol","twitter_site":"@FiscaliaCol","twitter_misc":{"Escrito por":"Direcci\u00f3n de Comunicaciones Fiscal\u00eda General de la Naci\u00f3n","Tiempo de lectura":"1 minuto"},"schema":{"@context":"https:\/\/schema.org","@graph":[{"@type":"Article","@id":"https:\/\/www.fiscalia.gov.co\/colombia\/noticias\/positivo-balance-de-la-cumbre-trilateral-contra-el-crimen-organizado-transnacional-en-cartagena-bolivar\/#article","isPartOf":{"@id":"https:\/\/www.fiscalia.gov.co\/colombia\/noticias\/positivo-balance-de-la-cumbre-trilateral-contra-el-crimen-organizado-transnacional-en-cartagena-bolivar\/"},"author":{"name":"Direcci\u00f3n de Comunicaciones Fiscal\u00eda General de la Naci\u00f3n","@id":"https:\/\/www.fiscalia.gov.co\/colombia\/#\/schema\/person\/bf28d8ae7f1b287bbe3af484b04f43ea"},"headline":"Positivo balance de la Cumbre Trilateral Contra el Crimen Organizado Transnacional en Cartagena (Bol\u00edvar)","datePublished":"2017-12-07T18:38:55+00:00","dateModified":"2017-12-07T18:43:17+00:00","mainEntityOfPage":{"@id":"https:\/\/www.fiscalia.gov.co\/colombia\/noticias\/positivo-balance-de-la-cumbre-trilateral-contra-el-crimen-organizado-transnacional-en-cartagena-bolivar\/"},"wordCount":127,"publisher":{"@id":"https:\/\/www.fiscalia.gov.co\/colombia\/#organization"},"articleSection":["Noticias"],"inLanguage":"es-CO"},{"@type":"WebPage","@id":"https:\/\/www.fiscalia.gov.co\/colombia\/noticias\/positivo-balance-de-la-cumbre-trilateral-contra-el-crimen-organizado-transnacional-en-cartagena-bolivar\/","url":"https:\/\/www.fiscalia.gov.co\/colombia\/noticias\/positivo-balance-de-la-cumbre-trilateral-contra-el-crimen-organizado-transnacional-en-cartagena-bolivar\/","name":"Fiscal\u00eda General de la Naci\u00f3n","isPartOf":{"@id":"https:\/\/www.fiscalia.gov.co\/colombia\/#website"},"datePublished":"2017-12-07T18:38:55+00:00","dateModified":"2017-12-07T18:43:17+00:00","description":"P\u00e1gina oficial de la Fiscal\u00eda General de la Naci\u00f3n \u2013 Colombia. Garantizamos el acceso efectivo a la justicia, la verdad y la reparaci\u00f3n de las v\u00edctimas de los delitos.","breadcrumb":{"@id":"https:\/\/www.fiscalia.gov.co\/colombia\/noticias\/positivo-balance-de-la-cumbre-trilateral-contra-el-crimen-organizado-transnacional-en-cartagena-bolivar\/#breadcrumb"},"inLanguage":"es-CO","potentialAction":[{"@type":"ReadAction","target":["https:\/\/www.fiscalia.gov.co\/colombia\/noticias\/positivo-balance-de-la-cumbre-trilateral-contra-el-crimen-organizado-transnacional-en-cartagena-bolivar\/"]}]},{"@type":"BreadcrumbList","@id":"https:\/\/www.fiscalia.gov.co\/colombia\/noticias\/positivo-balance-de-la-cumbre-trilateral-contra-el-crimen-organizado-transnacional-en-cartagena-bolivar\/#breadcrumb","itemListElement":[{"@type":"ListItem","position":1,"name":"Home","item":"https:\/\/www.fiscalia.gov.co\/colombia\/"},{"@type":"ListItem","position":2,"name":"Positivo balance de la Cumbre Trilateral Contra el Crimen Organizado Transnacional en Cartagena (Bol\u00edvar)"}]},{"@type":"WebSite","@id":"https:\/\/www.fiscalia.gov.co\/colombia\/#website","url":"https:\/\/www.fiscalia.gov.co\/colombia\/","name":"Fiscal\u00eda General de la Naci\u00f3n","description":"P\u00e1gina oficial de la Fiscal\u00eda General de la Naci\u00f3n \u2013 Colombia. Garantizamos el acceso efectivo a la justicia, la verdad y la reparaci\u00f3n de las v\u00edctimas de los delitos.","publisher":{"@id":"https:\/\/www.fiscalia.gov.co\/colombia\/#organization"},"potentialAction":[{"@type":"SearchAction","target":{"@type":"EntryPoint","urlTemplate":"https:\/\/www.fiscalia.gov.co\/colombia\/?s={search_term_string}"},"query-input":{"@type":"PropertyValueSpecification","valueRequired":true,"valueName":"search_term_string"}}],"inLanguage":"es-CO"},{"@type":"Organization","@id":"https:\/\/www.fiscalia.gov.co\/colombia\/#organization","name":"Fiscal\u00eda General de la Naci\u00f3n","url":"https:\/\/www.fiscalia.gov.co\/colombia\/","logo":{"@type":"ImageObject","inLanguage":"es-CO","@id":"https:\/\/www.fiscalia.gov.co\/colombia\/#\/schema\/logo\/image\/","url":"https:\/\/www.fiscalia.gov.co\/colombia\/wp-content\/uploads\/LogoHorizontal_1.jpg","contentUrl":"https:\/\/www.fiscalia.gov.co\/colombia\/wp-content\/uploads\/LogoHorizontal_1.jpg","width":300,"height":90,"caption":"Fiscal\u00eda General de la Naci\u00f3n"},"image":{"@id":"https:\/\/www.fiscalia.gov.co\/colombia\/#\/schema\/logo\/image\/"},"sameAs":["https:\/\/www.facebook.com\/FiscaliaCol","https:\/\/x.com\/FiscaliaCol","https:\/\/www.instagram.com\/fiscaliacol","https:\/\/www.linkedin.com\/company\/fiscalia-general-de-la-naci-n\/","https:\/\/youtube.com\/@fiscaliageneraldelanacion-4668?si=6nN79nyQICPU5iTh"]},{"@type":"Person","@id":"https:\/\/www.fiscalia.gov.co\/colombia\/#\/schema\/person\/bf28d8ae7f1b287bbe3af484b04f43ea","name":"Direcci\u00f3n de Comunicaciones Fiscal\u00eda General de la Naci\u00f3n","image":{"@type":"ImageObject","inLanguage":"es-CO","@id":"https:\/\/www.fiscalia.gov.co\/colombia\/#\/schema\/person\/image\/","url":"https:\/\/secure.gravatar.com\/avatar\/9d55ae161d32da16dbdd0b380c080a5f?s=96&d=mm&r=g","contentUrl":"https:\/\/secure.gravatar.com\/avatar\/9d55ae161d32da16dbdd0b380c080a5f?s=96&d=mm&r=g","caption":"Direcci\u00f3n de Comunicaciones Fiscal\u00eda General de la Naci\u00f3n"},"url":"https:\/\/www.fiscalia.gov.co\/colombia\/author\/kbonilla\/"}]}},"_links":{"self":[{"href":"https:\/\/www.fiscalia.gov.co\/colombia\/wp-json\/wp\/v2\/posts\/155763","targetHints":{"allow":["GET"]}}],"collection":[{"href":"https:\/\/www.fiscalia.gov.co\/colombia\/wp-json\/wp\/v2\/posts"}],"about":[{"href":"https:\/\/www.fiscalia.gov.co\/colombia\/wp-json\/wp\/v2\/types\/post"}],"author":[{"embeddable":true,"href":"https:\/\/www.fiscalia.gov.co\/colombia\/wp-json\/wp\/v2\/users\/162"}],"replies":[{"embeddable":true,"href":"https:\/\/www.fiscalia.gov.co\/colombia\/wp-json\/wp\/v2\/comments?post=155763"}],"version-history":[{"count":11,"href":"https:\/\/www.fiscalia.gov.co\/colombia\/wp-json\/wp\/v2\/posts\/155763\/revisions"}],"predecessor-version":[{"id":155788,"href":"https:\/\/www.fiscalia.gov.co\/colombia\/wp-json\/wp\/v2\/posts\/155763\/revisions\/155788"}],"wp:attachment":[{"href":"https:\/\/www.fiscalia.gov.co\/colombia\/wp-json\/wp\/v2\/media?parent=155763"}],"wp:term":[{"taxonomy":"category","embeddable":true,"href":"https:\/\/www.fiscalia.gov.co\/colombia\/wp-json\/wp\/v2\/categories?post=155763"},{"taxonomy":"post_tag","embeddable":true,"href":"https:\/\/www.fiscalia.gov.co\/colombia\/wp-json\/wp\/v2\/tags?post=155763"}],"curies":[{"name":"wp","href":"https:\/\/api.w.org\/{rel}","templated":true}]}}