{"id":119284,"date":"2017-11-29T16:06:28","date_gmt":"2017-11-29T21:06:28","guid":{"rendered":"http:\/\/www.fiscalia.gov.co\/colombia\/?p=119284"},"modified":"2017-11-29T16:06:28","modified_gmt":"2017-11-29T21:06:28","slug":"desarticulada-estructura-delincuencial-los-balseros-dedicada-al-hurto-de-residencias-en-municipios-aledanos-a-bogota","status":"publish","type":"post","link":"https:\/\/www.fiscalia.gov.co\/colombia\/seccionales\/desarticulada-estructura-delincuencial-los-balseros-dedicada-al-hurto-de-residencias-en-municipios-aledanos-a-bogota\/","title":{"rendered":"Desarticulada estructura delincuencial Los Balseros, dedicada al hurto de residencias en municipios aleda\u00f1os a Bogot\u00e1"},"content":{"rendered":"<p><em><u>La banda ser\u00eda la responsable del robo a la vivienda de la exministra de Defensa Nacional, Martha Luc\u00eda Ram\u00edrez, en La Calera (Cundinamarca). Uno de los presuntos integrantes de la organizaci\u00f3n delincuencial es funcionario del CTI y, al igual que otros ocho capturados, deber\u00e1 responder por concierto para delinquir agravado, hurto agravado y porte ilegal de armas.<\/u><\/em><\/p>\n<p>En un trabajo articulado entre la Fiscal\u00eda y la SIJIN Cundinamarca de la Polic\u00eda Nacional, fueron capturados nueve presuntos integrantes de la banda Los Balseros, se\u00f1alados de hurtar residencias en &nbsp;Cota,&nbsp; Cajic\u00e1, Ch\u00eda, Granada y La Calera &nbsp;(Cundinamarca).<\/p>\n<p>Los se\u00f1alados delincuentes fueron detenidos en diferentes sectores de Bogot\u00e1 y, en las pr\u00f3ximas horas, ser\u00e1n presentados ante un juez de control de garant\u00edas. Durante las diligencias la Fiscal\u00eda les imputar\u00e1 los delitos de concierto para delinquir agravado, secuestro simple, hurto calificado y agravado, y porte ilegal de armas.<\/p>\n<p>Uno de los supuestos cabecillas de la organizaci\u00f3n delincuencial es un funcionario del Cuerpo T\u00e9cnico de Investigaci\u00f3n de la Fiscal\u00eda (CTI), quien laboraba en la Unidad de Desaparecidos en Bogot\u00e1 y aprovechaba su cargo para ir a municipios en los que identificaba a las posibles v\u00edctimas y a personas que le pod\u00edan colaborar.&nbsp;<\/p>\n<p>El actuar criminal de Los Balseros fue detectado por los investigadores en junio del presente a\u00f1o cuando se registr\u00f3 un asalto a una vivienda en la vereda La Balsa, en Ch\u00eda. En esa oportunidad, hombres armados, vestidos de negro y encapuchados ingresaron a la casa sin violencia, registraron la casa y se llevaron los objetos de valor.<\/p>\n<p>Posteriormente, fueron reportados otros robos en la misma modalidad, en la que usaban personal dom\u00e9stico o empleados de las residencias a robar, quienes, al parecer, les suministraban informaci\u00f3n sobre la rutina de los habitantes y la ubicaci\u00f3n de dinero, joyas, equipos electr\u00f3nicos y dem\u00e1s elementos susceptibles de hurto.<\/p>\n<p>En cinco meses de seguimientos a los presuntos integrantes de la organizaci\u00f3n, se constat\u00f3 que los asaltos a cada vivienda oscilaban entre los 300 y 700 millones de pesos.<\/p>\n<p>El m\u00e1s reciente hecho conocido y que se le atribuye a Los Balseros, fue denunciado en noviembre del presente a\u00f1o por la exministra Martha Luc\u00eda Ram\u00edrez, quien se\u00f1al\u00f3 que hombres armados ingresaron a su vivienda ubicada en La Calera, golpearon y amordazaron a dos empleados que cuidaban del inmueble, y se llevaron varios objetos de valor.<\/p>\n<p>En total desde esta ma\u00f1ana se adelantaron siete allanamientos, con nueve capturas que permitieron desmantelar la banda.&nbsp;&nbsp;<\/p>\n<p>&nbsp;<\/p>\n\n<div class=\"twitter-share\"><a href=\"https:\/\/twitter.com\/intent\/tweet?via=fiscaliacol\" class=\"twitter-share-button\">Tweet<\/a><\/div>\n","protected":false},"excerpt":{"rendered":"<p>La banda ser\u00eda la responsable del robo a la vivienda de la exministra de Defensa Nacional, Martha Luc\u00eda Ram\u00edrez, en La Calera (Cundinamarca). Uno de los presuntos integrantes de la organizaci\u00f3n delincuencial es funcionario del CTI y, al igual que otros ocho capturados, deber\u00e1 responder por concierto para delinquir agravado, hurto agravado y porte ilegal [&hellip;]<\/p>\n","protected":false},"author":143,"featured_media":0,"comment_status":"closed","ping_status":"open","sticky":false,"template":"","format":"standard","meta":{"_price":"","_stock":"","_tribe_ticket_header":"","_tribe_default_ticket_provider":"","_tribe_ticket_capacity":"0","_ticket_start_date":"","_ticket_end_date":"","_tribe_ticket_show_description":"","_tribe_ticket_show_not_going":false,"_tribe_ticket_use_global_stock":"","_tribe_ticket_global_stock_level":"","_global_stock_mode":"","_global_stock_cap":"","_tribe_rsvp_for_event":"","_tribe_ticket_going_count":"","_tribe_ticket_not_going_count":"","_tribe_tickets_list":"[]","_tribe_ticket_has_attendee_info_fields":false,"tdm_status":"","tdm_grid_status":"","footnotes":""},"categories":[321,303,24099],"tags":[],"class_list":{"0":"post-119284","1":"post","2":"type-post","3":"status-publish","4":"format-standard","6":"category-seccional-bogota","7":"category-seccionales","8":"category-seguridad-territorial"},"yoast_head":"<!-- This site is optimized with the Yoast SEO plugin v24.3 - https:\/\/yoast.com\/wordpress\/plugins\/seo\/ -->\n<title>Fiscal\u00eda General de la Naci\u00f3n<\/title>\n<meta name=\"description\" content=\"P\u00e1gina oficial de la Fiscal\u00eda General de la Naci\u00f3n \u2013 Colombia. Garantizamos el acceso efectivo a la justicia, la verdad y la reparaci\u00f3n de las v\u00edctimas de los delitos.\" \/>\n<meta name=\"robots\" content=\"noindex, follow\" \/>\n<meta property=\"og:locale\" content=\"es_ES\" \/>\n<meta property=\"og:type\" content=\"article\" \/>\n<meta property=\"og:title\" content=\"Fiscal\u00eda General de la Naci\u00f3n\" \/>\n<meta property=\"og:description\" content=\"P\u00e1gina oficial de la Fiscal\u00eda General de la Naci\u00f3n \u2013 Colombia. Garantizamos el acceso efectivo a la justicia, la verdad y la reparaci\u00f3n de las v\u00edctimas de los delitos.\" \/>\n<meta property=\"og:url\" content=\"https:\/\/www.fiscalia.gov.co\/colombia\/seccionales\/desarticulada-estructura-delincuencial-los-balseros-dedicada-al-hurto-de-residencias-en-municipios-aledanos-a-bogota\/\" \/>\n<meta property=\"og:site_name\" content=\"Fiscal\u00eda General de la Naci\u00f3n\" \/>\n<meta property=\"article:publisher\" content=\"https:\/\/www.facebook.com\/FiscaliaCol\" \/>\n<meta property=\"article:published_time\" content=\"2017-11-29T21:06:28+00:00\" \/>\n<meta name=\"author\" content=\"dfgordillo\" \/>\n<meta name=\"twitter:card\" content=\"summary_large_image\" \/>\n<meta name=\"twitter:creator\" content=\"@FiscaliaCol\" \/>\n<meta name=\"twitter:site\" content=\"@FiscaliaCol\" \/>\n<meta name=\"twitter:label1\" content=\"Escrito por\" \/>\n\t<meta name=\"twitter:data1\" content=\"dfgordillo\" \/>\n\t<meta name=\"twitter:label2\" content=\"Tiempo de lectura\" \/>\n\t<meta name=\"twitter:data2\" content=\"2 minutos\" \/>\n<script type=\"application\/ld+json\" class=\"yoast-schema-graph\">{\"@context\":\"https:\/\/schema.org\",\"@graph\":[{\"@type\":\"Article\",\"@id\":\"https:\/\/www.fiscalia.gov.co\/colombia\/seccionales\/desarticulada-estructura-delincuencial-los-balseros-dedicada-al-hurto-de-residencias-en-municipios-aledanos-a-bogota\/#article\",\"isPartOf\":{\"@id\":\"https:\/\/www.fiscalia.gov.co\/colombia\/seccionales\/desarticulada-estructura-delincuencial-los-balseros-dedicada-al-hurto-de-residencias-en-municipios-aledanos-a-bogota\/\"},\"author\":{\"name\":\"dfgordillo\",\"@id\":\"https:\/\/www.fiscalia.gov.co\/colombia\/#\/schema\/person\/3903856a3ce2d54b094c69eb29247895\"},\"headline\":\"Desarticulada estructura delincuencial Los Balseros, dedicada al hurto de residencias en municipios aleda\u00f1os a Bogot\u00e1\",\"datePublished\":\"2017-11-29T21:06:28+00:00\",\"dateModified\":\"2017-11-29T21:06:28+00:00\",\"mainEntityOfPage\":{\"@id\":\"https:\/\/www.fiscalia.gov.co\/colombia\/seccionales\/desarticulada-estructura-delincuencial-los-balseros-dedicada-al-hurto-de-residencias-en-municipios-aledanos-a-bogota\/\"},\"wordCount\":458,\"publisher\":{\"@id\":\"https:\/\/www.fiscalia.gov.co\/colombia\/#organization\"},\"articleSection\":[\"Seccional Bogot\u00e1\",\"Seccionales\",\"Seguridad territorial\"],\"inLanguage\":\"es-CO\"},{\"@type\":\"WebPage\",\"@id\":\"https:\/\/www.fiscalia.gov.co\/colombia\/seccionales\/desarticulada-estructura-delincuencial-los-balseros-dedicada-al-hurto-de-residencias-en-municipios-aledanos-a-bogota\/\",\"url\":\"https:\/\/www.fiscalia.gov.co\/colombia\/seccionales\/desarticulada-estructura-delincuencial-los-balseros-dedicada-al-hurto-de-residencias-en-municipios-aledanos-a-bogota\/\",\"name\":\"Fiscal\u00eda General de la Naci\u00f3n\",\"isPartOf\":{\"@id\":\"https:\/\/www.fiscalia.gov.co\/colombia\/#website\"},\"datePublished\":\"2017-11-29T21:06:28+00:00\",\"dateModified\":\"2017-11-29T21:06:28+00:00\",\"description\":\"P\u00e1gina oficial de la Fiscal\u00eda General de la Naci\u00f3n \u2013 Colombia. Garantizamos el acceso efectivo a la justicia, la verdad y la reparaci\u00f3n de las v\u00edctimas de los delitos.\",\"breadcrumb\":{\"@id\":\"https:\/\/www.fiscalia.gov.co\/colombia\/seccionales\/desarticulada-estructura-delincuencial-los-balseros-dedicada-al-hurto-de-residencias-en-municipios-aledanos-a-bogota\/#breadcrumb\"},\"inLanguage\":\"es-CO\",\"potentialAction\":[{\"@type\":\"ReadAction\",\"target\":[\"https:\/\/www.fiscalia.gov.co\/colombia\/seccionales\/desarticulada-estructura-delincuencial-los-balseros-dedicada-al-hurto-de-residencias-en-municipios-aledanos-a-bogota\/\"]}]},{\"@type\":\"BreadcrumbList\",\"@id\":\"https:\/\/www.fiscalia.gov.co\/colombia\/seccionales\/desarticulada-estructura-delincuencial-los-balseros-dedicada-al-hurto-de-residencias-en-municipios-aledanos-a-bogota\/#breadcrumb\",\"itemListElement\":[{\"@type\":\"ListItem\",\"position\":1,\"name\":\"Home\",\"item\":\"https:\/\/www.fiscalia.gov.co\/colombia\/\"},{\"@type\":\"ListItem\",\"position\":2,\"name\":\"Desarticulada estructura delincuencial Los Balseros, dedicada al hurto de residencias en municipios aleda\u00f1os a Bogot\u00e1\"}]},{\"@type\":\"WebSite\",\"@id\":\"https:\/\/www.fiscalia.gov.co\/colombia\/#website\",\"url\":\"https:\/\/www.fiscalia.gov.co\/colombia\/\",\"name\":\"Fiscal\u00eda General de la Naci\u00f3n\",\"description\":\"P\u00e1gina oficial de la Fiscal\u00eda General de la Naci\u00f3n \u2013 Colombia. Garantizamos el acceso efectivo a la justicia, la verdad y la reparaci\u00f3n de las v\u00edctimas de los delitos.\",\"publisher\":{\"@id\":\"https:\/\/www.fiscalia.gov.co\/colombia\/#organization\"},\"potentialAction\":[{\"@type\":\"SearchAction\",\"target\":{\"@type\":\"EntryPoint\",\"urlTemplate\":\"https:\/\/www.fiscalia.gov.co\/colombia\/?s={search_term_string}\"},\"query-input\":{\"@type\":\"PropertyValueSpecification\",\"valueRequired\":true,\"valueName\":\"search_term_string\"}}],\"inLanguage\":\"es-CO\"},{\"@type\":\"Organization\",\"@id\":\"https:\/\/www.fiscalia.gov.co\/colombia\/#organization\",\"name\":\"Fiscal\u00eda General de la Naci\u00f3n\",\"url\":\"https:\/\/www.fiscalia.gov.co\/colombia\/\",\"logo\":{\"@type\":\"ImageObject\",\"inLanguage\":\"es-CO\",\"@id\":\"https:\/\/www.fiscalia.gov.co\/colombia\/#\/schema\/logo\/image\/\",\"url\":\"https:\/\/www.fiscalia.gov.co\/colombia\/wp-content\/uploads\/LogoHorizontal_1.jpg\",\"contentUrl\":\"https:\/\/www.fiscalia.gov.co\/colombia\/wp-content\/uploads\/LogoHorizontal_1.jpg\",\"width\":300,\"height\":90,\"caption\":\"Fiscal\u00eda General de la Naci\u00f3n\"},\"image\":{\"@id\":\"https:\/\/www.fiscalia.gov.co\/colombia\/#\/schema\/logo\/image\/\"},\"sameAs\":[\"https:\/\/www.facebook.com\/FiscaliaCol\",\"https:\/\/x.com\/FiscaliaCol\",\"https:\/\/www.instagram.com\/fiscaliacol\",\"https:\/\/www.linkedin.com\/company\/fiscalia-general-de-la-naci-n\/\",\"https:\/\/youtube.com\/@fiscaliageneraldelanacion-4668?si=6nN79nyQICPU5iTh\"]},{\"@type\":\"Person\",\"@id\":\"https:\/\/www.fiscalia.gov.co\/colombia\/#\/schema\/person\/3903856a3ce2d54b094c69eb29247895\",\"name\":\"dfgordillo\",\"image\":{\"@type\":\"ImageObject\",\"inLanguage\":\"es-CO\",\"@id\":\"https:\/\/www.fiscalia.gov.co\/colombia\/#\/schema\/person\/image\/\",\"url\":\"https:\/\/secure.gravatar.com\/avatar\/b6356e21c5657c60757fe6fb9493e947?s=96&d=mm&r=g\",\"contentUrl\":\"https:\/\/secure.gravatar.com\/avatar\/b6356e21c5657c60757fe6fb9493e947?s=96&d=mm&r=g\",\"caption\":\"dfgordillo\"},\"sameAs\":[\"dfgordillo\"],\"url\":\"https:\/\/www.fiscalia.gov.co\/colombia\/author\/dfgordillo\/\"}]}<\/script>\n<!-- \/ Yoast SEO plugin. -->","yoast_head_json":{"title":"Fiscal\u00eda General de la Naci\u00f3n","description":"P\u00e1gina oficial de la Fiscal\u00eda General de la Naci\u00f3n \u2013 Colombia. Garantizamos el acceso efectivo a la justicia, la verdad y la reparaci\u00f3n de las v\u00edctimas de los delitos.","robots":{"index":"noindex","follow":"follow"},"og_locale":"es_ES","og_type":"article","og_title":"Fiscal\u00eda General de la Naci\u00f3n","og_description":"P\u00e1gina oficial de la Fiscal\u00eda General de la Naci\u00f3n \u2013 Colombia. Garantizamos el acceso efectivo a la justicia, la verdad y la reparaci\u00f3n de las v\u00edctimas de los delitos.","og_url":"https:\/\/www.fiscalia.gov.co\/colombia\/seccionales\/desarticulada-estructura-delincuencial-los-balseros-dedicada-al-hurto-de-residencias-en-municipios-aledanos-a-bogota\/","og_site_name":"Fiscal\u00eda General de la Naci\u00f3n","article_publisher":"https:\/\/www.facebook.com\/FiscaliaCol","article_published_time":"2017-11-29T21:06:28+00:00","author":"dfgordillo","twitter_card":"summary_large_image","twitter_creator":"@FiscaliaCol","twitter_site":"@FiscaliaCol","twitter_misc":{"Escrito por":"dfgordillo","Tiempo de lectura":"2 minutos"},"schema":{"@context":"https:\/\/schema.org","@graph":[{"@type":"Article","@id":"https:\/\/www.fiscalia.gov.co\/colombia\/seccionales\/desarticulada-estructura-delincuencial-los-balseros-dedicada-al-hurto-de-residencias-en-municipios-aledanos-a-bogota\/#article","isPartOf":{"@id":"https:\/\/www.fiscalia.gov.co\/colombia\/seccionales\/desarticulada-estructura-delincuencial-los-balseros-dedicada-al-hurto-de-residencias-en-municipios-aledanos-a-bogota\/"},"author":{"name":"dfgordillo","@id":"https:\/\/www.fiscalia.gov.co\/colombia\/#\/schema\/person\/3903856a3ce2d54b094c69eb29247895"},"headline":"Desarticulada estructura delincuencial Los Balseros, dedicada al hurto de residencias en municipios aleda\u00f1os a Bogot\u00e1","datePublished":"2017-11-29T21:06:28+00:00","dateModified":"2017-11-29T21:06:28+00:00","mainEntityOfPage":{"@id":"https:\/\/www.fiscalia.gov.co\/colombia\/seccionales\/desarticulada-estructura-delincuencial-los-balseros-dedicada-al-hurto-de-residencias-en-municipios-aledanos-a-bogota\/"},"wordCount":458,"publisher":{"@id":"https:\/\/www.fiscalia.gov.co\/colombia\/#organization"},"articleSection":["Seccional Bogot\u00e1","Seccionales","Seguridad territorial"],"inLanguage":"es-CO"},{"@type":"WebPage","@id":"https:\/\/www.fiscalia.gov.co\/colombia\/seccionales\/desarticulada-estructura-delincuencial-los-balseros-dedicada-al-hurto-de-residencias-en-municipios-aledanos-a-bogota\/","url":"https:\/\/www.fiscalia.gov.co\/colombia\/seccionales\/desarticulada-estructura-delincuencial-los-balseros-dedicada-al-hurto-de-residencias-en-municipios-aledanos-a-bogota\/","name":"Fiscal\u00eda General de la Naci\u00f3n","isPartOf":{"@id":"https:\/\/www.fiscalia.gov.co\/colombia\/#website"},"datePublished":"2017-11-29T21:06:28+00:00","dateModified":"2017-11-29T21:06:28+00:00","description":"P\u00e1gina oficial de la Fiscal\u00eda General de la Naci\u00f3n \u2013 Colombia. Garantizamos el acceso efectivo a la justicia, la verdad y la reparaci\u00f3n de las v\u00edctimas de los delitos.","breadcrumb":{"@id":"https:\/\/www.fiscalia.gov.co\/colombia\/seccionales\/desarticulada-estructura-delincuencial-los-balseros-dedicada-al-hurto-de-residencias-en-municipios-aledanos-a-bogota\/#breadcrumb"},"inLanguage":"es-CO","potentialAction":[{"@type":"ReadAction","target":["https:\/\/www.fiscalia.gov.co\/colombia\/seccionales\/desarticulada-estructura-delincuencial-los-balseros-dedicada-al-hurto-de-residencias-en-municipios-aledanos-a-bogota\/"]}]},{"@type":"BreadcrumbList","@id":"https:\/\/www.fiscalia.gov.co\/colombia\/seccionales\/desarticulada-estructura-delincuencial-los-balseros-dedicada-al-hurto-de-residencias-en-municipios-aledanos-a-bogota\/#breadcrumb","itemListElement":[{"@type":"ListItem","position":1,"name":"Home","item":"https:\/\/www.fiscalia.gov.co\/colombia\/"},{"@type":"ListItem","position":2,"name":"Desarticulada estructura delincuencial Los Balseros, dedicada al hurto de residencias en municipios aleda\u00f1os a Bogot\u00e1"}]},{"@type":"WebSite","@id":"https:\/\/www.fiscalia.gov.co\/colombia\/#website","url":"https:\/\/www.fiscalia.gov.co\/colombia\/","name":"Fiscal\u00eda General de la Naci\u00f3n","description":"P\u00e1gina oficial de la Fiscal\u00eda General de la Naci\u00f3n \u2013 Colombia. Garantizamos el acceso efectivo a la justicia, la verdad y la reparaci\u00f3n de las v\u00edctimas de los delitos.","publisher":{"@id":"https:\/\/www.fiscalia.gov.co\/colombia\/#organization"},"potentialAction":[{"@type":"SearchAction","target":{"@type":"EntryPoint","urlTemplate":"https:\/\/www.fiscalia.gov.co\/colombia\/?s={search_term_string}"},"query-input":{"@type":"PropertyValueSpecification","valueRequired":true,"valueName":"search_term_string"}}],"inLanguage":"es-CO"},{"@type":"Organization","@id":"https:\/\/www.fiscalia.gov.co\/colombia\/#organization","name":"Fiscal\u00eda General de la Naci\u00f3n","url":"https:\/\/www.fiscalia.gov.co\/colombia\/","logo":{"@type":"ImageObject","inLanguage":"es-CO","@id":"https:\/\/www.fiscalia.gov.co\/colombia\/#\/schema\/logo\/image\/","url":"https:\/\/www.fiscalia.gov.co\/colombia\/wp-content\/uploads\/LogoHorizontal_1.jpg","contentUrl":"https:\/\/www.fiscalia.gov.co\/colombia\/wp-content\/uploads\/LogoHorizontal_1.jpg","width":300,"height":90,"caption":"Fiscal\u00eda General de la Naci\u00f3n"},"image":{"@id":"https:\/\/www.fiscalia.gov.co\/colombia\/#\/schema\/logo\/image\/"},"sameAs":["https:\/\/www.facebook.com\/FiscaliaCol","https:\/\/x.com\/FiscaliaCol","https:\/\/www.instagram.com\/fiscaliacol","https:\/\/www.linkedin.com\/company\/fiscalia-general-de-la-naci-n\/","https:\/\/youtube.com\/@fiscaliageneraldelanacion-4668?si=6nN79nyQICPU5iTh"]},{"@type":"Person","@id":"https:\/\/www.fiscalia.gov.co\/colombia\/#\/schema\/person\/3903856a3ce2d54b094c69eb29247895","name":"dfgordillo","image":{"@type":"ImageObject","inLanguage":"es-CO","@id":"https:\/\/www.fiscalia.gov.co\/colombia\/#\/schema\/person\/image\/","url":"https:\/\/secure.gravatar.com\/avatar\/b6356e21c5657c60757fe6fb9493e947?s=96&d=mm&r=g","contentUrl":"https:\/\/secure.gravatar.com\/avatar\/b6356e21c5657c60757fe6fb9493e947?s=96&d=mm&r=g","caption":"dfgordillo"},"sameAs":["dfgordillo"],"url":"https:\/\/www.fiscalia.gov.co\/colombia\/author\/dfgordillo\/"}]}},"_links":{"self":[{"href":"https:\/\/www.fiscalia.gov.co\/colombia\/wp-json\/wp\/v2\/posts\/119284","targetHints":{"allow":["GET"]}}],"collection":[{"href":"https:\/\/www.fiscalia.gov.co\/colombia\/wp-json\/wp\/v2\/posts"}],"about":[{"href":"https:\/\/www.fiscalia.gov.co\/colombia\/wp-json\/wp\/v2\/types\/post"}],"author":[{"embeddable":true,"href":"https:\/\/www.fiscalia.gov.co\/colombia\/wp-json\/wp\/v2\/users\/143"}],"replies":[{"embeddable":true,"href":"https:\/\/www.fiscalia.gov.co\/colombia\/wp-json\/wp\/v2\/comments?post=119284"}],"version-history":[{"count":1,"href":"https:\/\/www.fiscalia.gov.co\/colombia\/wp-json\/wp\/v2\/posts\/119284\/revisions"}],"predecessor-version":[{"id":119289,"href":"https:\/\/www.fiscalia.gov.co\/colombia\/wp-json\/wp\/v2\/posts\/119284\/revisions\/119289"}],"wp:attachment":[{"href":"https:\/\/www.fiscalia.gov.co\/colombia\/wp-json\/wp\/v2\/media?parent=119284"}],"wp:term":[{"taxonomy":"category","embeddable":true,"href":"https:\/\/www.fiscalia.gov.co\/colombia\/wp-json\/wp\/v2\/categories?post=119284"},{"taxonomy":"post_tag","embeddable":true,"href":"https:\/\/www.fiscalia.gov.co\/colombia\/wp-json\/wp\/v2\/tags?post=119284"}],"curies":[{"name":"wp","href":"https:\/\/api.w.org\/{rel}","templated":true}]}}