{"id":115177,"date":"2017-11-28T11:53:13","date_gmt":"2017-11-28T16:53:13","guid":{"rendered":"http:\/\/www.fiscalia.gov.co\/colombia\/?p=115177"},"modified":"2017-11-28T11:53:13","modified_gmt":"2017-11-28T16:53:13","slug":"fiscalia-advierte-incremento-de-hurtos-de-automotores-en-temporada-de-fin-de-ano","status":"publish","type":"post","link":"https:\/\/www.fiscalia.gov.co\/colombia\/seccionales\/fiscalia-advierte-incremento-de-hurtos-de-automotores-en-temporada-de-fin-de-ano\/","title":{"rendered":"Fiscal\u00eda advierte incremento de hurtos de automotores en temporada de fin de a\u00f1o"},"content":{"rendered":"<p>La Fiscal\u00eda General de la Naci\u00f3n recuerda tanto a los vendedores como a los compradores de veh\u00edculos, en esta \u00e9poca de fin de a\u00f1o, hacer caso a las recomendaciones de las autoridades para evitar ser v\u00edctimas de los delincuentes.<\/p>\n<p>De acuerdo con el ente acusador, a diario se est\u00e1n recibiendo en Bogot\u00e1 entre 30 y 40 denuncias de hurto en diferentes modalidades, como el hurto de automotores en la calle, bajo amenazas de muerte con armas de fuego o con transacciones enga\u00f1osas.<\/p>\n<p>Las cifras entregadas por la Direcci\u00f3n Seccional de Fiscal\u00edas de Bogot\u00e1 indican que al mes, son cerca de 1.200 denuncias por esta clase de delitos, los cuales se registran en todas las localidades de la capital.<\/p>\n<p>\u201cLos veh\u00edculos m\u00e1s hurtados son los peque\u00f1os, los que no tienen seguridad electr\u00f3nica&nbsp; y la modalidad es la del halado, es decir la persona entra a un sitio,&nbsp; deja su carro 10 minutos estacionado y cuando sale ya no encuentra su carro\u201d, afirma el fiscal director de la Unidad Automotores de la Fiscal\u00eda en Bogot\u00e1.<\/p>\n<p>Agreg\u00f3 que en los videos&nbsp; que obran como pruebas en los procesos penales contra estos delincuentes, en cuesti\u00f3n de uno, dos o m\u00e1ximo 3 minutos se apoderan de los carros.<\/p>\n<p>\u201cAbren las puertas de manera muy f\u00e1cil al parecer con llaves maestras o ganchos y el encendido les es muy f\u00e1cil\u201d, asegur\u00f3.<\/p>\n<p>Manifest\u00f3 que en la capital est\u00e1n aumentando las denuncias por hurtos en los centros comerciales.<\/p>\n<p>De otra parte indic\u00f3 que la lucha contra los vendedores de repuestos en sectores conocidos de la ciudad no es f\u00e1cil como se puede creer. \u201cAll\u00ed se venden los repuestos de veh\u00edculos usados, siniestrados o incluso hurtados, pero si los art\u00edculos no est\u00e1n contramarcados o no son de due\u00f1o que haya interpuesto la denuncia o en muchos casos muestran facturas, entonces se hace complejo un proceso penal contra los distribuidores\u201d, anot\u00f3.<\/p>\n<p>Sin embargo, ellos saben que por incurrir en este delito, la ley colombiana castiga con una pena privativa de la libertad de los 7 a 15 a\u00f1os de prisi\u00f3n, agreg\u00f3.<\/p>\n<p>Como recomendaciones el funcionario inst\u00f3 a los ciudadanos a verificar siempre los certificados de tradici\u00f3n del veh\u00edculo no mayor a 30 d\u00edas, a contactar al propietario y hablar directamente o comprar el carro en un concesionario acreditado por los a\u00f1os de servicio.<\/p>\n<p>Enfatiz\u00f3 que hay que estar pendientes de las campa\u00f1as de prevenci\u00f3n que adelanta la Secretar\u00eda Distrital de Movilidad, la Alcald\u00eda y la Fiscal\u00eda General de la Naci\u00f3n.<\/p>\n<p>\u201cHaga uso del sentido com\u00fan, debe tener en cuenta que hay mucho avivato y no d\u00e9 papaya,&nbsp; porque aqu\u00ed llegan personas a decir que el prometiente comprador les pidi\u00f3 una vueltica para probar el carro y nunca m\u00e1s volvieron\u201d, sostuvo el fiscal.<\/p>\n<p>Asegur\u00f3 que m\u00e1s de 1.200 v\u00edctimas cada mes son en su mayor\u00eda, por casos de halado, la estafa y el atraco callejero.<\/p>\n<p>Advierte que las transacciones son disfrazadas de legalidad,&nbsp; pero acompa\u00f1adas de argucias y de enga\u00f1os,&nbsp; en las que se mantiene en error a la v\u00edctima pero que al verificar el paso por la venta resulta que se trataba de un cheque falso o un carro contramarcado.<\/p>\n<p>\u201cHacen consignaciones falsas o venden veh\u00edculos de procedencia il\u00edcita que a la postre el comprador de buena fe, tendr\u00e1 que devolver porque no es suyo sino de la persona a la que se le sustrajo\u201d, resalt\u00f3.<\/p>\n<p>Del mismo modo destac\u00f3 las denuncias que est\u00e1n llegando al ente acusador por contactos por medio de las p\u00e1ginas de internet.<\/p>\n<p>\u201cLa recomendaci\u00f3n es que verifiquen, a veces el negocio por hacerlo r\u00e1pido resulta en un desenlace fatal. Verifiquen ante las autoridades si el carro est\u00e1 siendo requerido por hurto\u201d, concluy\u00f3.<\/p>\n<p>&nbsp;<\/p>\n<p>CMRM\/DLBM<\/p>\n\n<div class=\"twitter-share\"><a href=\"https:\/\/twitter.com\/intent\/tweet?via=fiscaliacol\" class=\"twitter-share-button\">Tweet<\/a><\/div>\n","protected":false},"excerpt":{"rendered":"<p>La Fiscal\u00eda General de la Naci\u00f3n recuerda tanto a los vendedores como a los compradores de veh\u00edculos, en esta \u00e9poca de fin de a\u00f1o, hacer caso a las recomendaciones de las autoridades para evitar ser v\u00edctimas de los delincuentes. De acuerdo con el ente acusador, a diario se est\u00e1n recibiendo en Bogot\u00e1 entre 30 y [&hellip;]<\/p>\n","protected":false},"author":143,"featured_media":0,"comment_status":"closed","ping_status":"open","sticky":false,"template":"","format":"standard","meta":{"_price":"","_stock":"","_tribe_ticket_header":"","_tribe_default_ticket_provider":"","_tribe_ticket_capacity":"0","_ticket_start_date":"","_ticket_end_date":"","_tribe_ticket_show_description":"","_tribe_ticket_show_not_going":false,"_tribe_ticket_use_global_stock":"","_tribe_ticket_global_stock_level":"","_global_stock_mode":"","_global_stock_cap":"","_tribe_rsvp_for_event":"","_tribe_ticket_going_count":"","_tribe_ticket_not_going_count":"","_tribe_tickets_list":"[]","_tribe_ticket_has_attendee_info_fields":false,"tdm_status":"","tdm_grid_status":"","footnotes":""},"categories":[321,303,24099],"tags":[],"class_list":{"0":"post-115177","1":"post","2":"type-post","3":"status-publish","4":"format-standard","6":"category-seccional-bogota","7":"category-seccionales","8":"category-seguridad-territorial"},"yoast_head":"<!-- This site is optimized with the Yoast SEO plugin v24.3 - https:\/\/yoast.com\/wordpress\/plugins\/seo\/ -->\n<title>Fiscal\u00eda General de la Naci\u00f3n<\/title>\n<meta name=\"description\" content=\"P\u00e1gina oficial de la Fiscal\u00eda General de la Naci\u00f3n \u2013 Colombia. Garantizamos el acceso efectivo a la justicia, la verdad y la reparaci\u00f3n de las v\u00edctimas de los delitos.\" \/>\n<meta name=\"robots\" content=\"noindex, follow\" \/>\n<meta property=\"og:locale\" content=\"es_ES\" \/>\n<meta property=\"og:type\" content=\"article\" \/>\n<meta property=\"og:title\" content=\"Fiscal\u00eda General de la Naci\u00f3n\" \/>\n<meta property=\"og:description\" content=\"P\u00e1gina oficial de la Fiscal\u00eda General de la Naci\u00f3n \u2013 Colombia. Garantizamos el acceso efectivo a la justicia, la verdad y la reparaci\u00f3n de las v\u00edctimas de los delitos.\" \/>\n<meta property=\"og:url\" content=\"https:\/\/www.fiscalia.gov.co\/colombia\/seccionales\/fiscalia-advierte-incremento-de-hurtos-de-automotores-en-temporada-de-fin-de-ano\/\" \/>\n<meta property=\"og:site_name\" content=\"Fiscal\u00eda General de la Naci\u00f3n\" \/>\n<meta property=\"article:publisher\" content=\"https:\/\/www.facebook.com\/FiscaliaCol\" \/>\n<meta property=\"article:published_time\" content=\"2017-11-28T16:53:13+00:00\" \/>\n<meta name=\"author\" content=\"dfgordillo\" \/>\n<meta name=\"twitter:card\" content=\"summary_large_image\" \/>\n<meta name=\"twitter:creator\" content=\"@FiscaliaCol\" \/>\n<meta name=\"twitter:site\" content=\"@FiscaliaCol\" \/>\n<meta name=\"twitter:label1\" content=\"Escrito por\" \/>\n\t<meta name=\"twitter:data1\" content=\"dfgordillo\" \/>\n\t<meta name=\"twitter:label2\" content=\"Tiempo de lectura\" \/>\n\t<meta name=\"twitter:data2\" content=\"3 minutos\" \/>\n<script type=\"application\/ld+json\" class=\"yoast-schema-graph\">{\"@context\":\"https:\/\/schema.org\",\"@graph\":[{\"@type\":\"Article\",\"@id\":\"https:\/\/www.fiscalia.gov.co\/colombia\/seccionales\/fiscalia-advierte-incremento-de-hurtos-de-automotores-en-temporada-de-fin-de-ano\/#article\",\"isPartOf\":{\"@id\":\"https:\/\/www.fiscalia.gov.co\/colombia\/seccionales\/fiscalia-advierte-incremento-de-hurtos-de-automotores-en-temporada-de-fin-de-ano\/\"},\"author\":{\"name\":\"dfgordillo\",\"@id\":\"https:\/\/www.fiscalia.gov.co\/colombia\/#\/schema\/person\/3903856a3ce2d54b094c69eb29247895\"},\"headline\":\"Fiscal\u00eda advierte incremento de hurtos de automotores en temporada de fin de a\u00f1o\",\"datePublished\":\"2017-11-28T16:53:13+00:00\",\"dateModified\":\"2017-11-28T16:53:13+00:00\",\"mainEntityOfPage\":{\"@id\":\"https:\/\/www.fiscalia.gov.co\/colombia\/seccionales\/fiscalia-advierte-incremento-de-hurtos-de-automotores-en-temporada-de-fin-de-ano\/\"},\"wordCount\":672,\"publisher\":{\"@id\":\"https:\/\/www.fiscalia.gov.co\/colombia\/#organization\"},\"articleSection\":[\"Seccional Bogot\u00e1\",\"Seccionales\",\"Seguridad territorial\"],\"inLanguage\":\"es-CO\"},{\"@type\":\"WebPage\",\"@id\":\"https:\/\/www.fiscalia.gov.co\/colombia\/seccionales\/fiscalia-advierte-incremento-de-hurtos-de-automotores-en-temporada-de-fin-de-ano\/\",\"url\":\"https:\/\/www.fiscalia.gov.co\/colombia\/seccionales\/fiscalia-advierte-incremento-de-hurtos-de-automotores-en-temporada-de-fin-de-ano\/\",\"name\":\"Fiscal\u00eda General de la Naci\u00f3n\",\"isPartOf\":{\"@id\":\"https:\/\/www.fiscalia.gov.co\/colombia\/#website\"},\"datePublished\":\"2017-11-28T16:53:13+00:00\",\"dateModified\":\"2017-11-28T16:53:13+00:00\",\"description\":\"P\u00e1gina oficial de la Fiscal\u00eda General de la Naci\u00f3n \u2013 Colombia. Garantizamos el acceso efectivo a la justicia, la verdad y la reparaci\u00f3n de las v\u00edctimas de los delitos.\",\"breadcrumb\":{\"@id\":\"https:\/\/www.fiscalia.gov.co\/colombia\/seccionales\/fiscalia-advierte-incremento-de-hurtos-de-automotores-en-temporada-de-fin-de-ano\/#breadcrumb\"},\"inLanguage\":\"es-CO\",\"potentialAction\":[{\"@type\":\"ReadAction\",\"target\":[\"https:\/\/www.fiscalia.gov.co\/colombia\/seccionales\/fiscalia-advierte-incremento-de-hurtos-de-automotores-en-temporada-de-fin-de-ano\/\"]}]},{\"@type\":\"BreadcrumbList\",\"@id\":\"https:\/\/www.fiscalia.gov.co\/colombia\/seccionales\/fiscalia-advierte-incremento-de-hurtos-de-automotores-en-temporada-de-fin-de-ano\/#breadcrumb\",\"itemListElement\":[{\"@type\":\"ListItem\",\"position\":1,\"name\":\"Home\",\"item\":\"https:\/\/www.fiscalia.gov.co\/colombia\/\"},{\"@type\":\"ListItem\",\"position\":2,\"name\":\"Fiscal\u00eda advierte incremento de hurtos de automotores en temporada de fin de a\u00f1o\"}]},{\"@type\":\"WebSite\",\"@id\":\"https:\/\/www.fiscalia.gov.co\/colombia\/#website\",\"url\":\"https:\/\/www.fiscalia.gov.co\/colombia\/\",\"name\":\"Fiscal\u00eda General de la Naci\u00f3n\",\"description\":\"P\u00e1gina oficial de la Fiscal\u00eda General de la Naci\u00f3n \u2013 Colombia. Garantizamos el acceso efectivo a la justicia, la verdad y la reparaci\u00f3n de las v\u00edctimas de los delitos.\",\"publisher\":{\"@id\":\"https:\/\/www.fiscalia.gov.co\/colombia\/#organization\"},\"potentialAction\":[{\"@type\":\"SearchAction\",\"target\":{\"@type\":\"EntryPoint\",\"urlTemplate\":\"https:\/\/www.fiscalia.gov.co\/colombia\/?s={search_term_string}\"},\"query-input\":{\"@type\":\"PropertyValueSpecification\",\"valueRequired\":true,\"valueName\":\"search_term_string\"}}],\"inLanguage\":\"es-CO\"},{\"@type\":\"Organization\",\"@id\":\"https:\/\/www.fiscalia.gov.co\/colombia\/#organization\",\"name\":\"Fiscal\u00eda General de la Naci\u00f3n\",\"url\":\"https:\/\/www.fiscalia.gov.co\/colombia\/\",\"logo\":{\"@type\":\"ImageObject\",\"inLanguage\":\"es-CO\",\"@id\":\"https:\/\/www.fiscalia.gov.co\/colombia\/#\/schema\/logo\/image\/\",\"url\":\"https:\/\/www.fiscalia.gov.co\/colombia\/wp-content\/uploads\/LogoHorizontal_1.jpg\",\"contentUrl\":\"https:\/\/www.fiscalia.gov.co\/colombia\/wp-content\/uploads\/LogoHorizontal_1.jpg\",\"width\":300,\"height\":90,\"caption\":\"Fiscal\u00eda General de la Naci\u00f3n\"},\"image\":{\"@id\":\"https:\/\/www.fiscalia.gov.co\/colombia\/#\/schema\/logo\/image\/\"},\"sameAs\":[\"https:\/\/www.facebook.com\/FiscaliaCol\",\"https:\/\/x.com\/FiscaliaCol\",\"https:\/\/www.instagram.com\/fiscaliacol\",\"https:\/\/www.linkedin.com\/company\/fiscalia-general-de-la-naci-n\/\",\"https:\/\/youtube.com\/@fiscaliageneraldelanacion-4668?si=6nN79nyQICPU5iTh\"]},{\"@type\":\"Person\",\"@id\":\"https:\/\/www.fiscalia.gov.co\/colombia\/#\/schema\/person\/3903856a3ce2d54b094c69eb29247895\",\"name\":\"dfgordillo\",\"image\":{\"@type\":\"ImageObject\",\"inLanguage\":\"es-CO\",\"@id\":\"https:\/\/www.fiscalia.gov.co\/colombia\/#\/schema\/person\/image\/\",\"url\":\"https:\/\/secure.gravatar.com\/avatar\/b6356e21c5657c60757fe6fb9493e947?s=96&d=mm&r=g\",\"contentUrl\":\"https:\/\/secure.gravatar.com\/avatar\/b6356e21c5657c60757fe6fb9493e947?s=96&d=mm&r=g\",\"caption\":\"dfgordillo\"},\"sameAs\":[\"dfgordillo\"],\"url\":\"https:\/\/www.fiscalia.gov.co\/colombia\/author\/dfgordillo\/\"}]}<\/script>\n<!-- \/ Yoast SEO plugin. -->","yoast_head_json":{"title":"Fiscal\u00eda General de la Naci\u00f3n","description":"P\u00e1gina oficial de la Fiscal\u00eda General de la Naci\u00f3n \u2013 Colombia. Garantizamos el acceso efectivo a la justicia, la verdad y la reparaci\u00f3n de las v\u00edctimas de los delitos.","robots":{"index":"noindex","follow":"follow"},"og_locale":"es_ES","og_type":"article","og_title":"Fiscal\u00eda General de la Naci\u00f3n","og_description":"P\u00e1gina oficial de la Fiscal\u00eda General de la Naci\u00f3n \u2013 Colombia. Garantizamos el acceso efectivo a la justicia, la verdad y la reparaci\u00f3n de las v\u00edctimas de los delitos.","og_url":"https:\/\/www.fiscalia.gov.co\/colombia\/seccionales\/fiscalia-advierte-incremento-de-hurtos-de-automotores-en-temporada-de-fin-de-ano\/","og_site_name":"Fiscal\u00eda General de la Naci\u00f3n","article_publisher":"https:\/\/www.facebook.com\/FiscaliaCol","article_published_time":"2017-11-28T16:53:13+00:00","author":"dfgordillo","twitter_card":"summary_large_image","twitter_creator":"@FiscaliaCol","twitter_site":"@FiscaliaCol","twitter_misc":{"Escrito por":"dfgordillo","Tiempo de lectura":"3 minutos"},"schema":{"@context":"https:\/\/schema.org","@graph":[{"@type":"Article","@id":"https:\/\/www.fiscalia.gov.co\/colombia\/seccionales\/fiscalia-advierte-incremento-de-hurtos-de-automotores-en-temporada-de-fin-de-ano\/#article","isPartOf":{"@id":"https:\/\/www.fiscalia.gov.co\/colombia\/seccionales\/fiscalia-advierte-incremento-de-hurtos-de-automotores-en-temporada-de-fin-de-ano\/"},"author":{"name":"dfgordillo","@id":"https:\/\/www.fiscalia.gov.co\/colombia\/#\/schema\/person\/3903856a3ce2d54b094c69eb29247895"},"headline":"Fiscal\u00eda advierte incremento de hurtos de automotores en temporada de fin de a\u00f1o","datePublished":"2017-11-28T16:53:13+00:00","dateModified":"2017-11-28T16:53:13+00:00","mainEntityOfPage":{"@id":"https:\/\/www.fiscalia.gov.co\/colombia\/seccionales\/fiscalia-advierte-incremento-de-hurtos-de-automotores-en-temporada-de-fin-de-ano\/"},"wordCount":672,"publisher":{"@id":"https:\/\/www.fiscalia.gov.co\/colombia\/#organization"},"articleSection":["Seccional Bogot\u00e1","Seccionales","Seguridad territorial"],"inLanguage":"es-CO"},{"@type":"WebPage","@id":"https:\/\/www.fiscalia.gov.co\/colombia\/seccionales\/fiscalia-advierte-incremento-de-hurtos-de-automotores-en-temporada-de-fin-de-ano\/","url":"https:\/\/www.fiscalia.gov.co\/colombia\/seccionales\/fiscalia-advierte-incremento-de-hurtos-de-automotores-en-temporada-de-fin-de-ano\/","name":"Fiscal\u00eda General de la Naci\u00f3n","isPartOf":{"@id":"https:\/\/www.fiscalia.gov.co\/colombia\/#website"},"datePublished":"2017-11-28T16:53:13+00:00","dateModified":"2017-11-28T16:53:13+00:00","description":"P\u00e1gina oficial de la Fiscal\u00eda General de la Naci\u00f3n \u2013 Colombia. Garantizamos el acceso efectivo a la justicia, la verdad y la reparaci\u00f3n de las v\u00edctimas de los delitos.","breadcrumb":{"@id":"https:\/\/www.fiscalia.gov.co\/colombia\/seccionales\/fiscalia-advierte-incremento-de-hurtos-de-automotores-en-temporada-de-fin-de-ano\/#breadcrumb"},"inLanguage":"es-CO","potentialAction":[{"@type":"ReadAction","target":["https:\/\/www.fiscalia.gov.co\/colombia\/seccionales\/fiscalia-advierte-incremento-de-hurtos-de-automotores-en-temporada-de-fin-de-ano\/"]}]},{"@type":"BreadcrumbList","@id":"https:\/\/www.fiscalia.gov.co\/colombia\/seccionales\/fiscalia-advierte-incremento-de-hurtos-de-automotores-en-temporada-de-fin-de-ano\/#breadcrumb","itemListElement":[{"@type":"ListItem","position":1,"name":"Home","item":"https:\/\/www.fiscalia.gov.co\/colombia\/"},{"@type":"ListItem","position":2,"name":"Fiscal\u00eda advierte incremento de hurtos de automotores en temporada de fin de a\u00f1o"}]},{"@type":"WebSite","@id":"https:\/\/www.fiscalia.gov.co\/colombia\/#website","url":"https:\/\/www.fiscalia.gov.co\/colombia\/","name":"Fiscal\u00eda General de la Naci\u00f3n","description":"P\u00e1gina oficial de la Fiscal\u00eda General de la Naci\u00f3n \u2013 Colombia. Garantizamos el acceso efectivo a la justicia, la verdad y la reparaci\u00f3n de las v\u00edctimas de los delitos.","publisher":{"@id":"https:\/\/www.fiscalia.gov.co\/colombia\/#organization"},"potentialAction":[{"@type":"SearchAction","target":{"@type":"EntryPoint","urlTemplate":"https:\/\/www.fiscalia.gov.co\/colombia\/?s={search_term_string}"},"query-input":{"@type":"PropertyValueSpecification","valueRequired":true,"valueName":"search_term_string"}}],"inLanguage":"es-CO"},{"@type":"Organization","@id":"https:\/\/www.fiscalia.gov.co\/colombia\/#organization","name":"Fiscal\u00eda General de la Naci\u00f3n","url":"https:\/\/www.fiscalia.gov.co\/colombia\/","logo":{"@type":"ImageObject","inLanguage":"es-CO","@id":"https:\/\/www.fiscalia.gov.co\/colombia\/#\/schema\/logo\/image\/","url":"https:\/\/www.fiscalia.gov.co\/colombia\/wp-content\/uploads\/LogoHorizontal_1.jpg","contentUrl":"https:\/\/www.fiscalia.gov.co\/colombia\/wp-content\/uploads\/LogoHorizontal_1.jpg","width":300,"height":90,"caption":"Fiscal\u00eda General de la Naci\u00f3n"},"image":{"@id":"https:\/\/www.fiscalia.gov.co\/colombia\/#\/schema\/logo\/image\/"},"sameAs":["https:\/\/www.facebook.com\/FiscaliaCol","https:\/\/x.com\/FiscaliaCol","https:\/\/www.instagram.com\/fiscaliacol","https:\/\/www.linkedin.com\/company\/fiscalia-general-de-la-naci-n\/","https:\/\/youtube.com\/@fiscaliageneraldelanacion-4668?si=6nN79nyQICPU5iTh"]},{"@type":"Person","@id":"https:\/\/www.fiscalia.gov.co\/colombia\/#\/schema\/person\/3903856a3ce2d54b094c69eb29247895","name":"dfgordillo","image":{"@type":"ImageObject","inLanguage":"es-CO","@id":"https:\/\/www.fiscalia.gov.co\/colombia\/#\/schema\/person\/image\/","url":"https:\/\/secure.gravatar.com\/avatar\/b6356e21c5657c60757fe6fb9493e947?s=96&d=mm&r=g","contentUrl":"https:\/\/secure.gravatar.com\/avatar\/b6356e21c5657c60757fe6fb9493e947?s=96&d=mm&r=g","caption":"dfgordillo"},"sameAs":["dfgordillo"],"url":"https:\/\/www.fiscalia.gov.co\/colombia\/author\/dfgordillo\/"}]}},"_links":{"self":[{"href":"https:\/\/www.fiscalia.gov.co\/colombia\/wp-json\/wp\/v2\/posts\/115177","targetHints":{"allow":["GET"]}}],"collection":[{"href":"https:\/\/www.fiscalia.gov.co\/colombia\/wp-json\/wp\/v2\/posts"}],"about":[{"href":"https:\/\/www.fiscalia.gov.co\/colombia\/wp-json\/wp\/v2\/types\/post"}],"author":[{"embeddable":true,"href":"https:\/\/www.fiscalia.gov.co\/colombia\/wp-json\/wp\/v2\/users\/143"}],"replies":[{"embeddable":true,"href":"https:\/\/www.fiscalia.gov.co\/colombia\/wp-json\/wp\/v2\/comments?post=115177"}],"version-history":[{"count":1,"href":"https:\/\/www.fiscalia.gov.co\/colombia\/wp-json\/wp\/v2\/posts\/115177\/revisions"}],"predecessor-version":[{"id":115183,"href":"https:\/\/www.fiscalia.gov.co\/colombia\/wp-json\/wp\/v2\/posts\/115177\/revisions\/115183"}],"wp:attachment":[{"href":"https:\/\/www.fiscalia.gov.co\/colombia\/wp-json\/wp\/v2\/media?parent=115177"}],"wp:term":[{"taxonomy":"category","embeddable":true,"href":"https:\/\/www.fiscalia.gov.co\/colombia\/wp-json\/wp\/v2\/categories?post=115177"},{"taxonomy":"post_tag","embeddable":true,"href":"https:\/\/www.fiscalia.gov.co\/colombia\/wp-json\/wp\/v2\/tags?post=115177"}],"curies":[{"name":"wp","href":"https:\/\/api.w.org\/{rel}","templated":true}]}}