{"id":110665,"date":"2017-10-10T11:57:59","date_gmt":"2017-10-10T16:57:59","guid":{"rendered":"http:\/\/www.fiscalia.gov.co\/colombia\/?p=110665"},"modified":"2017-11-07T10:46:25","modified_gmt":"2017-11-07T15:46:25","slug":"intervencion-maria-paulina-riveros-duenas-fiscal-general-de-la-nacion-encargada","status":"publish","type":"post","link":"https:\/\/www.fiscalia.gov.co\/colombia\/noticias\/intervencion-maria-paulina-riveros-duenas-fiscal-general-de-la-nacion-encargada\/","title":{"rendered":"Intervenci\u00f3n Mar\u00eda Paulina Riveros Due\u00f1as, Fiscal General de la Naci\u00f3n Encargada"},"content":{"rendered":"<p>Hemos terminado el primer trabajo en equipo de evaluaci\u00f3n y an\u00e1lisis de la investigaci\u00f3n penal que se adelanta en la Fiscal\u00eda General de la Naci\u00f3n, que se inici\u00f3 desde el momento mismo de la ocurrencia de los hechos&nbsp; acaecidos el 5 de octubre \u00faltimo en la vereda El Tandil, corregimiento de Llorente, municipio de Tumaco (Nari\u00f1o); investigaci\u00f3n tendiente a esclarecer las circunstancias en las que estos hechos sucedieron y determinar la responsabilidad penal de quienes hubieran podido incurrir en delitos. Hemos avanzado a muy buen ritmo en la recolecci\u00f3n de evidencia.<\/p>\n<p>El equipo de la Fiscal\u00eda General de la Naci\u00f3n a quien se ha confiado la investigaci\u00f3n penal est\u00e1 compuesto por m\u00e1s de 70 personas, entre quienes se encuentran el delegado para la Seguridad Ciudadana de la Fiscal\u00eda, Luis Gonz\u00e1lez Le\u00f3n; el director nacional del CTI, general en retiro Luis Alberto P\u00e9rez Albar\u00e1n; la directora especializada contra la Criminalidad Organizada, Claudia Carrasquilla Minam\u00ed; el director de la Seccional Nari\u00f1o, Nelson Andr\u00e9s L\u00f3pez, y el fiscal que conduce la investigaci\u00f3n y dirige los actos procesales para el recaudo y an\u00e1lisis de pruebas, seg\u00fan las directrices de la vicefiscal general de la Naci\u00f3n.<\/p>\n<p>Dentro del equipo tenemos fiscales especializados en criminalidad organizada y en derechos humanos e investigadores expertos en bal\u00edstica, inform\u00e1tica forense, perfilaci\u00f3n criminal y top\u00f3grafos, entre otras especialidades&nbsp; \u2014TODOS ELLOS ADSCRITOS AL CUERPO T\u00c9CNICO DE INVESTIGACI\u00d3N DE LA FISCAL\u00cdA GENERAL DE LA NACI\u00d3N\u2014. Tambi\u00e9n hacen parte del equipo 5 m\u00e9dicos legistas de Tumaco y Pasto (Nari\u00f1o), as\u00ed como Cali (Valle del Cauca) y sus equipos de patolog\u00eda y ciencias forenses.<\/p>\n<ul>\n<li>Podemos confirmar que a la fecha hay 6 personas fallecidas, quienes ya est\u00e1n plenamente identificadas y un n\u00famero de 20 personas heridas \u2014todas localizadas\u2014 11 de las cuales contin\u00faan hospitalizadas, y de quienes estamos recibiendo su testimonio sobre los hechos. Por \u00faltimo tenemos conocimiento de que probablemente habr\u00eda tres personas hospitalizadas en el vecino pa\u00eds de Ecuador.<\/li>\n<\/ul>\n<ul>\n<li>En este momento la Fiscal\u00eda General de la Naci\u00f3n tiene en su poder y en cadena de custodia las armas de fuego y la munici\u00f3n asignada a la Polic\u00eda Nacional y al Ej\u00e9rcito, as\u00ed como los proyectiles y vainillas encontrados en los cuerpos de las personas fallecidas y aquellos recuperados en el lugar de los hechos, los que \u2014previos los cotejos cient\u00edficos correspondientes\u2014 nos permitir\u00e1n definir el tipo de armas que fueron utilizadas.<\/li>\n<\/ul>\n<ul>\n<li>El d\u00eda de hoy el equipo de la Fiscal\u00eda General de la Naci\u00f3n contin\u00faa con la obtenci\u00f3n de elementos materiales probatorios en la escena del crimen y con el recaudo de evidencia testimonial&nbsp; documental, para la adopci\u00f3n oportuna de las decisiones correspondientes en materia judicial.<\/li>\n<\/ul>\n<ul>\n<li>Invitamos a todas las personas que tengan conocimiento de las circunstancias que rodearon este lamentable suceso para que se acerquen a la Fiscal\u00eda general de la Naci\u00f3n.<\/li>\n<\/ul>\n<ul>\n<li>&nbsp;Continuaremos informando a la ciudadan\u00eda y al pa\u00eds los avances de la investigaci\u00f3n penal.<\/li>\n<\/ul>\n<p><strong>&nbsp;<\/strong><\/p>\n<p>LAPM\/DLBM<\/p>\n\n<div class=\"twitter-share\"><a href=\"https:\/\/twitter.com\/intent\/tweet?via=fiscaliacol\" class=\"twitter-share-button\">Tweet<\/a><\/div>\n","protected":false},"excerpt":{"rendered":"<p>Hemos terminado el primer trabajo en equipo de evaluaci\u00f3n y an\u00e1lisis de la investigaci\u00f3n penal que se adelanta en la Fiscal\u00eda General de la Naci\u00f3n, que se inici\u00f3 desde el momento mismo de la ocurrencia de los hechos&nbsp; acaecidos el 5 de octubre \u00faltimo en la vereda El Tandil, corregimiento de Llorente, municipio de Tumaco [&hellip;]<\/p>\n","protected":false},"author":143,"featured_media":0,"comment_status":"closed","ping_status":"open","sticky":false,"template":"","format":"standard","meta":{"_price":"","_stock":"","_tribe_ticket_header":"","_tribe_default_ticket_provider":"","_tribe_ticket_capacity":"0","_ticket_start_date":"","_ticket_end_date":"","_tribe_ticket_show_description":"","_tribe_ticket_show_not_going":false,"_tribe_ticket_use_global_stock":"","_tribe_ticket_global_stock_level":"","_global_stock_mode":"","_global_stock_cap":"","_tribe_rsvp_for_event":"","_tribe_ticket_going_count":"","_tribe_ticket_not_going_count":"","_tribe_tickets_list":"[]","_tribe_ticket_has_attendee_info_fields":false,"tdm_status":"","tdm_grid_status":"","footnotes":""},"categories":[1,24126],"tags":[],"class_list":{"0":"post-110665","1":"post","2":"type-post","3":"status-publish","4":"format-standard","6":"category-noticias","7":"category-vicefiscal-general-de-la-nacion"},"yoast_head":"<!-- This site is optimized with the Yoast SEO plugin v24.3 - https:\/\/yoast.com\/wordpress\/plugins\/seo\/ -->\n<title>Fiscal\u00eda General de la Naci\u00f3n<\/title>\n<meta name=\"description\" content=\"P\u00e1gina oficial de la Fiscal\u00eda General de la Naci\u00f3n \u2013 Colombia. Garantizamos el acceso efectivo a la justicia, la verdad y la reparaci\u00f3n de las v\u00edctimas de los delitos.\" \/>\n<meta name=\"robots\" content=\"noindex, follow\" \/>\n<meta property=\"og:locale\" content=\"es_ES\" \/>\n<meta property=\"og:type\" content=\"article\" \/>\n<meta property=\"og:title\" content=\"Fiscal\u00eda General de la Naci\u00f3n\" \/>\n<meta property=\"og:description\" content=\"P\u00e1gina oficial de la Fiscal\u00eda General de la Naci\u00f3n \u2013 Colombia. Garantizamos el acceso efectivo a la justicia, la verdad y la reparaci\u00f3n de las v\u00edctimas de los delitos.\" \/>\n<meta property=\"og:url\" content=\"https:\/\/www.fiscalia.gov.co\/colombia\/noticias\/intervencion-maria-paulina-riveros-duenas-fiscal-general-de-la-nacion-encargada\/\" \/>\n<meta property=\"og:site_name\" content=\"Fiscal\u00eda General de la Naci\u00f3n\" \/>\n<meta property=\"article:publisher\" content=\"https:\/\/www.facebook.com\/FiscaliaCol\" \/>\n<meta property=\"article:published_time\" content=\"2017-10-10T16:57:59+00:00\" \/>\n<meta property=\"article:modified_time\" content=\"2017-11-07T15:46:25+00:00\" \/>\n<meta name=\"author\" content=\"dfgordillo\" \/>\n<meta name=\"twitter:card\" content=\"summary_large_image\" \/>\n<meta name=\"twitter:creator\" content=\"@FiscaliaCol\" \/>\n<meta name=\"twitter:site\" content=\"@FiscaliaCol\" \/>\n<meta name=\"twitter:label1\" content=\"Escrito por\" \/>\n\t<meta name=\"twitter:data1\" content=\"dfgordillo\" \/>\n\t<meta name=\"twitter:label2\" content=\"Tiempo de lectura\" \/>\n\t<meta name=\"twitter:data2\" content=\"3 minutos\" \/>\n<script type=\"application\/ld+json\" class=\"yoast-schema-graph\">{\"@context\":\"https:\/\/schema.org\",\"@graph\":[{\"@type\":\"Article\",\"@id\":\"https:\/\/www.fiscalia.gov.co\/colombia\/noticias\/intervencion-maria-paulina-riveros-duenas-fiscal-general-de-la-nacion-encargada\/#article\",\"isPartOf\":{\"@id\":\"https:\/\/www.fiscalia.gov.co\/colombia\/noticias\/intervencion-maria-paulina-riveros-duenas-fiscal-general-de-la-nacion-encargada\/\"},\"author\":{\"name\":\"dfgordillo\",\"@id\":\"https:\/\/www.fiscalia.gov.co\/colombia\/#\/schema\/person\/3903856a3ce2d54b094c69eb29247895\"},\"headline\":\"Intervenci\u00f3n Mar\u00eda Paulina Riveros Due\u00f1as, Fiscal General de la Naci\u00f3n Encargada\",\"datePublished\":\"2017-10-10T16:57:59+00:00\",\"dateModified\":\"2017-11-07T15:46:25+00:00\",\"mainEntityOfPage\":{\"@id\":\"https:\/\/www.fiscalia.gov.co\/colombia\/noticias\/intervencion-maria-paulina-riveros-duenas-fiscal-general-de-la-nacion-encargada\/\"},\"wordCount\":551,\"publisher\":{\"@id\":\"https:\/\/www.fiscalia.gov.co\/colombia\/#organization\"},\"articleSection\":[\"Noticias\",\"Vicefiscal General de la Naci\u00f3n\"],\"inLanguage\":\"es-CO\"},{\"@type\":\"WebPage\",\"@id\":\"https:\/\/www.fiscalia.gov.co\/colombia\/noticias\/intervencion-maria-paulina-riveros-duenas-fiscal-general-de-la-nacion-encargada\/\",\"url\":\"https:\/\/www.fiscalia.gov.co\/colombia\/noticias\/intervencion-maria-paulina-riveros-duenas-fiscal-general-de-la-nacion-encargada\/\",\"name\":\"Fiscal\u00eda General de la Naci\u00f3n\",\"isPartOf\":{\"@id\":\"https:\/\/www.fiscalia.gov.co\/colombia\/#website\"},\"datePublished\":\"2017-10-10T16:57:59+00:00\",\"dateModified\":\"2017-11-07T15:46:25+00:00\",\"description\":\"P\u00e1gina oficial de la Fiscal\u00eda General de la Naci\u00f3n \u2013 Colombia. Garantizamos el acceso efectivo a la justicia, la verdad y la reparaci\u00f3n de las v\u00edctimas de los delitos.\",\"breadcrumb\":{\"@id\":\"https:\/\/www.fiscalia.gov.co\/colombia\/noticias\/intervencion-maria-paulina-riveros-duenas-fiscal-general-de-la-nacion-encargada\/#breadcrumb\"},\"inLanguage\":\"es-CO\",\"potentialAction\":[{\"@type\":\"ReadAction\",\"target\":[\"https:\/\/www.fiscalia.gov.co\/colombia\/noticias\/intervencion-maria-paulina-riveros-duenas-fiscal-general-de-la-nacion-encargada\/\"]}]},{\"@type\":\"BreadcrumbList\",\"@id\":\"https:\/\/www.fiscalia.gov.co\/colombia\/noticias\/intervencion-maria-paulina-riveros-duenas-fiscal-general-de-la-nacion-encargada\/#breadcrumb\",\"itemListElement\":[{\"@type\":\"ListItem\",\"position\":1,\"name\":\"Home\",\"item\":\"https:\/\/www.fiscalia.gov.co\/colombia\/\"},{\"@type\":\"ListItem\",\"position\":2,\"name\":\"Intervenci\u00f3n Mar\u00eda Paulina Riveros Due\u00f1as, Fiscal General de la Naci\u00f3n Encargada\"}]},{\"@type\":\"WebSite\",\"@id\":\"https:\/\/www.fiscalia.gov.co\/colombia\/#website\",\"url\":\"https:\/\/www.fiscalia.gov.co\/colombia\/\",\"name\":\"Fiscal\u00eda General de la Naci\u00f3n\",\"description\":\"P\u00e1gina oficial de la Fiscal\u00eda General de la Naci\u00f3n \u2013 Colombia. Garantizamos el acceso efectivo a la justicia, la verdad y la reparaci\u00f3n de las v\u00edctimas de los delitos.\",\"publisher\":{\"@id\":\"https:\/\/www.fiscalia.gov.co\/colombia\/#organization\"},\"potentialAction\":[{\"@type\":\"SearchAction\",\"target\":{\"@type\":\"EntryPoint\",\"urlTemplate\":\"https:\/\/www.fiscalia.gov.co\/colombia\/?s={search_term_string}\"},\"query-input\":{\"@type\":\"PropertyValueSpecification\",\"valueRequired\":true,\"valueName\":\"search_term_string\"}}],\"inLanguage\":\"es-CO\"},{\"@type\":\"Organization\",\"@id\":\"https:\/\/www.fiscalia.gov.co\/colombia\/#organization\",\"name\":\"Fiscal\u00eda General de la Naci\u00f3n\",\"url\":\"https:\/\/www.fiscalia.gov.co\/colombia\/\",\"logo\":{\"@type\":\"ImageObject\",\"inLanguage\":\"es-CO\",\"@id\":\"https:\/\/www.fiscalia.gov.co\/colombia\/#\/schema\/logo\/image\/\",\"url\":\"https:\/\/www.fiscalia.gov.co\/colombia\/wp-content\/uploads\/LogoHorizontal_1.jpg\",\"contentUrl\":\"https:\/\/www.fiscalia.gov.co\/colombia\/wp-content\/uploads\/LogoHorizontal_1.jpg\",\"width\":300,\"height\":90,\"caption\":\"Fiscal\u00eda General de la Naci\u00f3n\"},\"image\":{\"@id\":\"https:\/\/www.fiscalia.gov.co\/colombia\/#\/schema\/logo\/image\/\"},\"sameAs\":[\"https:\/\/www.facebook.com\/FiscaliaCol\",\"https:\/\/x.com\/FiscaliaCol\",\"https:\/\/www.instagram.com\/fiscaliacol\",\"https:\/\/www.linkedin.com\/company\/fiscalia-general-de-la-naci-n\/\",\"https:\/\/youtube.com\/@fiscaliageneraldelanacion-4668?si=6nN79nyQICPU5iTh\"]},{\"@type\":\"Person\",\"@id\":\"https:\/\/www.fiscalia.gov.co\/colombia\/#\/schema\/person\/3903856a3ce2d54b094c69eb29247895\",\"name\":\"dfgordillo\",\"image\":{\"@type\":\"ImageObject\",\"inLanguage\":\"es-CO\",\"@id\":\"https:\/\/www.fiscalia.gov.co\/colombia\/#\/schema\/person\/image\/\",\"url\":\"https:\/\/secure.gravatar.com\/avatar\/b6356e21c5657c60757fe6fb9493e947?s=96&d=mm&r=g\",\"contentUrl\":\"https:\/\/secure.gravatar.com\/avatar\/b6356e21c5657c60757fe6fb9493e947?s=96&d=mm&r=g\",\"caption\":\"dfgordillo\"},\"sameAs\":[\"dfgordillo\"],\"url\":\"https:\/\/www.fiscalia.gov.co\/colombia\/author\/dfgordillo\/\"}]}<\/script>\n<!-- \/ Yoast SEO plugin. -->","yoast_head_json":{"title":"Fiscal\u00eda General de la Naci\u00f3n","description":"P\u00e1gina oficial de la Fiscal\u00eda General de la Naci\u00f3n \u2013 Colombia. Garantizamos el acceso efectivo a la justicia, la verdad y la reparaci\u00f3n de las v\u00edctimas de los delitos.","robots":{"index":"noindex","follow":"follow"},"og_locale":"es_ES","og_type":"article","og_title":"Fiscal\u00eda General de la Naci\u00f3n","og_description":"P\u00e1gina oficial de la Fiscal\u00eda General de la Naci\u00f3n \u2013 Colombia. Garantizamos el acceso efectivo a la justicia, la verdad y la reparaci\u00f3n de las v\u00edctimas de los delitos.","og_url":"https:\/\/www.fiscalia.gov.co\/colombia\/noticias\/intervencion-maria-paulina-riveros-duenas-fiscal-general-de-la-nacion-encargada\/","og_site_name":"Fiscal\u00eda General de la Naci\u00f3n","article_publisher":"https:\/\/www.facebook.com\/FiscaliaCol","article_published_time":"2017-10-10T16:57:59+00:00","article_modified_time":"2017-11-07T15:46:25+00:00","author":"dfgordillo","twitter_card":"summary_large_image","twitter_creator":"@FiscaliaCol","twitter_site":"@FiscaliaCol","twitter_misc":{"Escrito por":"dfgordillo","Tiempo de lectura":"3 minutos"},"schema":{"@context":"https:\/\/schema.org","@graph":[{"@type":"Article","@id":"https:\/\/www.fiscalia.gov.co\/colombia\/noticias\/intervencion-maria-paulina-riveros-duenas-fiscal-general-de-la-nacion-encargada\/#article","isPartOf":{"@id":"https:\/\/www.fiscalia.gov.co\/colombia\/noticias\/intervencion-maria-paulina-riveros-duenas-fiscal-general-de-la-nacion-encargada\/"},"author":{"name":"dfgordillo","@id":"https:\/\/www.fiscalia.gov.co\/colombia\/#\/schema\/person\/3903856a3ce2d54b094c69eb29247895"},"headline":"Intervenci\u00f3n Mar\u00eda Paulina Riveros Due\u00f1as, Fiscal General de la Naci\u00f3n Encargada","datePublished":"2017-10-10T16:57:59+00:00","dateModified":"2017-11-07T15:46:25+00:00","mainEntityOfPage":{"@id":"https:\/\/www.fiscalia.gov.co\/colombia\/noticias\/intervencion-maria-paulina-riveros-duenas-fiscal-general-de-la-nacion-encargada\/"},"wordCount":551,"publisher":{"@id":"https:\/\/www.fiscalia.gov.co\/colombia\/#organization"},"articleSection":["Noticias","Vicefiscal General de la Naci\u00f3n"],"inLanguage":"es-CO"},{"@type":"WebPage","@id":"https:\/\/www.fiscalia.gov.co\/colombia\/noticias\/intervencion-maria-paulina-riveros-duenas-fiscal-general-de-la-nacion-encargada\/","url":"https:\/\/www.fiscalia.gov.co\/colombia\/noticias\/intervencion-maria-paulina-riveros-duenas-fiscal-general-de-la-nacion-encargada\/","name":"Fiscal\u00eda General de la Naci\u00f3n","isPartOf":{"@id":"https:\/\/www.fiscalia.gov.co\/colombia\/#website"},"datePublished":"2017-10-10T16:57:59+00:00","dateModified":"2017-11-07T15:46:25+00:00","description":"P\u00e1gina oficial de la Fiscal\u00eda General de la Naci\u00f3n \u2013 Colombia. Garantizamos el acceso efectivo a la justicia, la verdad y la reparaci\u00f3n de las v\u00edctimas de los delitos.","breadcrumb":{"@id":"https:\/\/www.fiscalia.gov.co\/colombia\/noticias\/intervencion-maria-paulina-riveros-duenas-fiscal-general-de-la-nacion-encargada\/#breadcrumb"},"inLanguage":"es-CO","potentialAction":[{"@type":"ReadAction","target":["https:\/\/www.fiscalia.gov.co\/colombia\/noticias\/intervencion-maria-paulina-riveros-duenas-fiscal-general-de-la-nacion-encargada\/"]}]},{"@type":"BreadcrumbList","@id":"https:\/\/www.fiscalia.gov.co\/colombia\/noticias\/intervencion-maria-paulina-riveros-duenas-fiscal-general-de-la-nacion-encargada\/#breadcrumb","itemListElement":[{"@type":"ListItem","position":1,"name":"Home","item":"https:\/\/www.fiscalia.gov.co\/colombia\/"},{"@type":"ListItem","position":2,"name":"Intervenci\u00f3n Mar\u00eda Paulina Riveros Due\u00f1as, Fiscal General de la Naci\u00f3n Encargada"}]},{"@type":"WebSite","@id":"https:\/\/www.fiscalia.gov.co\/colombia\/#website","url":"https:\/\/www.fiscalia.gov.co\/colombia\/","name":"Fiscal\u00eda General de la Naci\u00f3n","description":"P\u00e1gina oficial de la Fiscal\u00eda General de la Naci\u00f3n \u2013 Colombia. Garantizamos el acceso efectivo a la justicia, la verdad y la reparaci\u00f3n de las v\u00edctimas de los delitos.","publisher":{"@id":"https:\/\/www.fiscalia.gov.co\/colombia\/#organization"},"potentialAction":[{"@type":"SearchAction","target":{"@type":"EntryPoint","urlTemplate":"https:\/\/www.fiscalia.gov.co\/colombia\/?s={search_term_string}"},"query-input":{"@type":"PropertyValueSpecification","valueRequired":true,"valueName":"search_term_string"}}],"inLanguage":"es-CO"},{"@type":"Organization","@id":"https:\/\/www.fiscalia.gov.co\/colombia\/#organization","name":"Fiscal\u00eda General de la Naci\u00f3n","url":"https:\/\/www.fiscalia.gov.co\/colombia\/","logo":{"@type":"ImageObject","inLanguage":"es-CO","@id":"https:\/\/www.fiscalia.gov.co\/colombia\/#\/schema\/logo\/image\/","url":"https:\/\/www.fiscalia.gov.co\/colombia\/wp-content\/uploads\/LogoHorizontal_1.jpg","contentUrl":"https:\/\/www.fiscalia.gov.co\/colombia\/wp-content\/uploads\/LogoHorizontal_1.jpg","width":300,"height":90,"caption":"Fiscal\u00eda General de la Naci\u00f3n"},"image":{"@id":"https:\/\/www.fiscalia.gov.co\/colombia\/#\/schema\/logo\/image\/"},"sameAs":["https:\/\/www.facebook.com\/FiscaliaCol","https:\/\/x.com\/FiscaliaCol","https:\/\/www.instagram.com\/fiscaliacol","https:\/\/www.linkedin.com\/company\/fiscalia-general-de-la-naci-n\/","https:\/\/youtube.com\/@fiscaliageneraldelanacion-4668?si=6nN79nyQICPU5iTh"]},{"@type":"Person","@id":"https:\/\/www.fiscalia.gov.co\/colombia\/#\/schema\/person\/3903856a3ce2d54b094c69eb29247895","name":"dfgordillo","image":{"@type":"ImageObject","inLanguage":"es-CO","@id":"https:\/\/www.fiscalia.gov.co\/colombia\/#\/schema\/person\/image\/","url":"https:\/\/secure.gravatar.com\/avatar\/b6356e21c5657c60757fe6fb9493e947?s=96&d=mm&r=g","contentUrl":"https:\/\/secure.gravatar.com\/avatar\/b6356e21c5657c60757fe6fb9493e947?s=96&d=mm&r=g","caption":"dfgordillo"},"sameAs":["dfgordillo"],"url":"https:\/\/www.fiscalia.gov.co\/colombia\/author\/dfgordillo\/"}]}},"_links":{"self":[{"href":"https:\/\/www.fiscalia.gov.co\/colombia\/wp-json\/wp\/v2\/posts\/110665","targetHints":{"allow":["GET"]}}],"collection":[{"href":"https:\/\/www.fiscalia.gov.co\/colombia\/wp-json\/wp\/v2\/posts"}],"about":[{"href":"https:\/\/www.fiscalia.gov.co\/colombia\/wp-json\/wp\/v2\/types\/post"}],"author":[{"embeddable":true,"href":"https:\/\/www.fiscalia.gov.co\/colombia\/wp-json\/wp\/v2\/users\/143"}],"replies":[{"embeddable":true,"href":"https:\/\/www.fiscalia.gov.co\/colombia\/wp-json\/wp\/v2\/comments?post=110665"}],"version-history":[{"count":1,"href":"https:\/\/www.fiscalia.gov.co\/colombia\/wp-json\/wp\/v2\/posts\/110665\/revisions"}],"predecessor-version":[{"id":110666,"href":"https:\/\/www.fiscalia.gov.co\/colombia\/wp-json\/wp\/v2\/posts\/110665\/revisions\/110666"}],"wp:attachment":[{"href":"https:\/\/www.fiscalia.gov.co\/colombia\/wp-json\/wp\/v2\/media?parent=110665"}],"wp:term":[{"taxonomy":"category","embeddable":true,"href":"https:\/\/www.fiscalia.gov.co\/colombia\/wp-json\/wp\/v2\/categories?post=110665"},{"taxonomy":"post_tag","embeddable":true,"href":"https:\/\/www.fiscalia.gov.co\/colombia\/wp-json\/wp\/v2\/tags?post=110665"}],"curies":[{"name":"wp","href":"https:\/\/api.w.org\/{rel}","templated":true}]}}