{"id":110651,"date":"2017-10-10T09:27:42","date_gmt":"2017-10-10T14:27:42","guid":{"rendered":"http:\/\/www.fiscalia.gov.co\/colombia\/?p=110651"},"modified":"2017-10-10T09:27:42","modified_gmt":"2017-10-10T14:27:42","slug":"capturado-pastor-cristiano-senalado-de-abusar-sexualmente-de-ninas-y-adolescentes-que-asistian-a-su-culto","status":"publish","type":"post","link":"https:\/\/www.fiscalia.gov.co\/colombia\/violencia-sexual-e-intrafamiliar\/capturado-pastor-cristiano-senalado-de-abusar-sexualmente-de-ninas-y-adolescentes-que-asistian-a-su-culto\/","title":{"rendered":"Capturado pastor cristiano se\u00f1alado de abusar sexualmente de ni\u00f1as y adolescentes que asist\u00edan a su culto"},"content":{"rendered":"<p><em><span style=\"text-decoration: underline;\">La Fiscal\u00eda, a trav\u00e9s de su polic\u00eda judicial CTI Cundinamarca, captur\u00f3 a Jes\u00fas Antonio D\u00edaz L\u00f3pez, fundador de la comunidad cristiana Misi\u00f3n Avivamiento y Poder Fuego de Dios en Soacha. En su contra hay cuatro casos documentados por actos abusivos pero, tras su detenci\u00f3n, fueron recibidas ocho denuncias m\u00e1s.<\/span><\/em><\/p>\n<p>Jes\u00fas Antonio D\u00edaz L\u00f3pez, pastor y fundador de una iglesia cristiana en el barrio La Mar\u00eda en Soacha (Cundinamarca), habr\u00eda creado un culto especial para ni\u00f1os y adolescentes. Seg\u00fan las denuncias recibidas por la Fiscal\u00eda, los padres confiaban al supuesto gu\u00eda espiritual las ense\u00f1anzas religiosas y el cuidado de sus hijos, pero el hombre aparentemente llevaba menores de edad al segundo piso de la iglesia para abusar de ellas.<\/p>\n<p>Cuatro casos fueron reportados, tres de las v\u00edctimas ser\u00edan ni\u00f1as entre los 12 y 14 a\u00f1os, la cuarta mujer afectada corresponder\u00eda a una joven de 22 a\u00f1os quien asegur\u00f3 que fue agredida por D\u00edaz L\u00f3pez desde el a\u00f1o 2007 hasta que ella cumpli\u00f3 la mayor\u00eda de edad.<\/p>\n<p>El CTI de la Fiscal\u00eda Seccional Cundinamarca verific\u00f3 los testimonios recibidos, realiz\u00f3 varias actividades de polic\u00eda judicial y obtuvo suficiente evidencia material que responsabiliza al pastor. Los investigadores conocieron que una de las menores fue invitada con sus padres a una finca en Mesitas del Colegio (Cundinamarca) y habr\u00eda sido agredida sexualmente mientras dorm\u00eda.<\/p>\n<p>Contra Jes\u00fas Antonio D\u00edaz L\u00f3pez un juez de garant\u00edas emiti\u00f3 orden de captura, la cual se hizo efectiva en Soacha (Cundinamarca). En audiencia p\u00fablica la Fiscal\u00eda imput\u00f3 cargos por el delito de acto abusivo con menor de 14 a\u00f1os en concurso homog\u00e9neo y sucesivo. Por su parte, el juez dispuso medida de aseguramiento que deber\u00e1 cumplir en la c\u00e1rcel La Modelo de Bogot\u00e1.<\/p>\n<p>Al t\u00e9rmino de las diligencias judiciales, los investigadores de la Fiscal\u00eda recibieron ocho denuncias m\u00e1s contra el pastor. La intimidaci\u00f3n que generaba desde el p\u00falpito y el miedo que infund\u00eda a las ni\u00f1as y adolescentes, aparentemente, impidieron que esos casos fueran reportados antes de la detenci\u00f3n.<\/p>\n<p>Jes\u00fas Antonio D\u00edaz L\u00f3pez abri\u00f3 la iglesia cristina Misi\u00f3n Avivamiento y Poder Fuego de Dios en el barrio La Mar\u00eda de Soacha, en 2001; de all\u00ed proviene la mayor cantidad de denuncias. Recientemente se estableci\u00f3 que puso en funcionamiento una sucursal de su comunidad en el sector de Cazuc\u00e1, en l\u00edmites con Bogot\u00e1, por lo que las labores investigativas de la Fiscal\u00eda est\u00e1n direccionadas a indagar sobre la conducta del pastor en esa zona.<\/p>\n<p>&nbsp;<\/p>\n<p>AMC\/JARG<\/p>\n\n<div class=\"twitter-share\"><a href=\"https:\/\/twitter.com\/intent\/tweet?via=fiscaliacol\" class=\"twitter-share-button\">Tweet<\/a><\/div>\n","protected":false},"excerpt":{"rendered":"<p>La Fiscal\u00eda, a trav\u00e9s de su polic\u00eda judicial CTI Cundinamarca, captur\u00f3 a Jes\u00fas Antonio D\u00edaz L\u00f3pez, fundador de la comunidad cristiana Misi\u00f3n Avivamiento y Poder Fuego de Dios en Soacha. [&hellip;]<\/p>\n","protected":false},"author":143,"featured_media":0,"comment_status":"closed","ping_status":"open","sticky":false,"template":"","format":"standard","meta":{"tdm_status":"","tdm_grid_status":"","footnotes":""},"categories":[24127],"tags":[],"class_list":["post-110651","post","type-post","status-publish","format-standard","category-violencia-sexual-e-intrafamiliar"],"yoast_head":"<!-- This site is optimized with the Yoast SEO plugin v24.3 - https:\/\/yoast.com\/wordpress\/plugins\/seo\/ -->\n<title>Fiscal\u00eda General de la Naci\u00f3n<\/title>\n<meta name=\"description\" content=\"P\u00e1gina oficial de la Fiscal\u00eda General de la Naci\u00f3n \u2013 Colombia. Garantizamos el acceso efectivo a la justicia, la verdad y la reparaci\u00f3n de las v\u00edctimas de los delitos.\" \/>\n<meta name=\"robots\" content=\"noindex, follow\" \/>\n<meta property=\"og:locale\" content=\"es_ES\" \/>\n<meta property=\"og:type\" content=\"article\" \/>\n<meta property=\"og:title\" content=\"Fiscal\u00eda General de la Naci\u00f3n\" \/>\n<meta property=\"og:description\" content=\"P\u00e1gina oficial de la Fiscal\u00eda General de la Naci\u00f3n \u2013 Colombia. Garantizamos el acceso efectivo a la justicia, la verdad y la reparaci\u00f3n de las v\u00edctimas de los delitos.\" \/>\n<meta property=\"og:url\" content=\"https:\/\/www.fiscalia.gov.co\/colombia\/violencia-sexual-e-intrafamiliar\/capturado-pastor-cristiano-senalado-de-abusar-sexualmente-de-ninas-y-adolescentes-que-asistian-a-su-culto\/\" \/>\n<meta property=\"og:site_name\" content=\"Fiscal\u00eda General de la Naci\u00f3n\" \/>\n<meta property=\"article:publisher\" content=\"https:\/\/www.facebook.com\/FiscaliaCol\" \/>\n<meta property=\"article:published_time\" content=\"2017-10-10T14:27:42+00:00\" \/>\n<meta name=\"author\" content=\"dfgordillo\" \/>\n<meta name=\"twitter:card\" content=\"summary_large_image\" \/>\n<meta name=\"twitter:creator\" content=\"@FiscaliaCol\" \/>\n<meta name=\"twitter:site\" content=\"@FiscaliaCol\" \/>\n<meta name=\"twitter:label1\" content=\"Escrito por\" \/>\n\t<meta name=\"twitter:data1\" content=\"dfgordillo\" \/>\n\t<meta name=\"twitter:label2\" content=\"Tiempo de lectura\" \/>\n\t<meta name=\"twitter:data2\" content=\"2 minutos\" \/>\n<script type=\"application\/ld+json\" class=\"yoast-schema-graph\">{\"@context\":\"https:\/\/schema.org\",\"@graph\":[{\"@type\":\"Article\",\"@id\":\"https:\/\/www.fiscalia.gov.co\/colombia\/violencia-sexual-e-intrafamiliar\/capturado-pastor-cristiano-senalado-de-abusar-sexualmente-de-ninas-y-adolescentes-que-asistian-a-su-culto\/#article\",\"isPartOf\":{\"@id\":\"https:\/\/www.fiscalia.gov.co\/colombia\/violencia-sexual-e-intrafamiliar\/capturado-pastor-cristiano-senalado-de-abusar-sexualmente-de-ninas-y-adolescentes-que-asistian-a-su-culto\/\"},\"author\":{\"name\":\"dfgordillo\",\"@id\":\"https:\/\/www.fiscalia.gov.co\/colombia\/#\/schema\/person\/3903856a3ce2d54b094c69eb29247895\"},\"headline\":\"Capturado pastor cristiano se\u00f1alado de abusar sexualmente de ni\u00f1as y adolescentes que asist\u00edan a su culto\",\"datePublished\":\"2017-10-10T14:27:42+00:00\",\"dateModified\":\"2017-10-10T14:27:42+00:00\",\"mainEntityOfPage\":{\"@id\":\"https:\/\/www.fiscalia.gov.co\/colombia\/violencia-sexual-e-intrafamiliar\/capturado-pastor-cristiano-senalado-de-abusar-sexualmente-de-ninas-y-adolescentes-que-asistian-a-su-culto\/\"},\"wordCount\":476,\"publisher\":{\"@id\":\"https:\/\/www.fiscalia.gov.co\/colombia\/#organization\"},\"articleSection\":[\"Violencia sexual e intrafamiliar\"],\"inLanguage\":\"es-CO\"},{\"@type\":\"WebPage\",\"@id\":\"https:\/\/www.fiscalia.gov.co\/colombia\/violencia-sexual-e-intrafamiliar\/capturado-pastor-cristiano-senalado-de-abusar-sexualmente-de-ninas-y-adolescentes-que-asistian-a-su-culto\/\",\"url\":\"https:\/\/www.fiscalia.gov.co\/colombia\/violencia-sexual-e-intrafamiliar\/capturado-pastor-cristiano-senalado-de-abusar-sexualmente-de-ninas-y-adolescentes-que-asistian-a-su-culto\/\",\"name\":\"Fiscal\u00eda General de la Naci\u00f3n\",\"isPartOf\":{\"@id\":\"https:\/\/www.fiscalia.gov.co\/colombia\/#website\"},\"datePublished\":\"2017-10-10T14:27:42+00:00\",\"dateModified\":\"2017-10-10T14:27:42+00:00\",\"description\":\"P\u00e1gina oficial de la Fiscal\u00eda General de la Naci\u00f3n \u2013 Colombia. Garantizamos el acceso efectivo a la justicia, la verdad y la reparaci\u00f3n de las v\u00edctimas de los delitos.\",\"breadcrumb\":{\"@id\":\"https:\/\/www.fiscalia.gov.co\/colombia\/violencia-sexual-e-intrafamiliar\/capturado-pastor-cristiano-senalado-de-abusar-sexualmente-de-ninas-y-adolescentes-que-asistian-a-su-culto\/#breadcrumb\"},\"inLanguage\":\"es-CO\",\"potentialAction\":[{\"@type\":\"ReadAction\",\"target\":[\"https:\/\/www.fiscalia.gov.co\/colombia\/violencia-sexual-e-intrafamiliar\/capturado-pastor-cristiano-senalado-de-abusar-sexualmente-de-ninas-y-adolescentes-que-asistian-a-su-culto\/\"]}]},{\"@type\":\"BreadcrumbList\",\"@id\":\"https:\/\/www.fiscalia.gov.co\/colombia\/violencia-sexual-e-intrafamiliar\/capturado-pastor-cristiano-senalado-de-abusar-sexualmente-de-ninas-y-adolescentes-que-asistian-a-su-culto\/#breadcrumb\",\"itemListElement\":[{\"@type\":\"ListItem\",\"position\":1,\"name\":\"Home\",\"item\":\"https:\/\/www.fiscalia.gov.co\/colombia\/\"},{\"@type\":\"ListItem\",\"position\":2,\"name\":\"Capturado pastor cristiano se\u00f1alado de abusar sexualmente de ni\u00f1as y adolescentes que asist\u00edan a su culto\"}]},{\"@type\":\"WebSite\",\"@id\":\"https:\/\/www.fiscalia.gov.co\/colombia\/#website\",\"url\":\"https:\/\/www.fiscalia.gov.co\/colombia\/\",\"name\":\"Fiscal\u00eda General de la Naci\u00f3n\",\"description\":\"P\u00e1gina oficial de la Fiscal\u00eda General de la Naci\u00f3n \u2013 Colombia. Garantizamos el acceso efectivo a la justicia, la verdad y la reparaci\u00f3n de las v\u00edctimas de los delitos.\",\"publisher\":{\"@id\":\"https:\/\/www.fiscalia.gov.co\/colombia\/#organization\"},\"potentialAction\":[{\"@type\":\"SearchAction\",\"target\":{\"@type\":\"EntryPoint\",\"urlTemplate\":\"https:\/\/www.fiscalia.gov.co\/colombia\/?s={search_term_string}\"},\"query-input\":{\"@type\":\"PropertyValueSpecification\",\"valueRequired\":true,\"valueName\":\"search_term_string\"}}],\"inLanguage\":\"es-CO\"},{\"@type\":\"Organization\",\"@id\":\"https:\/\/www.fiscalia.gov.co\/colombia\/#organization\",\"name\":\"Fiscal\u00eda General de la Naci\u00f3n\",\"url\":\"https:\/\/www.fiscalia.gov.co\/colombia\/\",\"logo\":{\"@type\":\"ImageObject\",\"inLanguage\":\"es-CO\",\"@id\":\"https:\/\/www.fiscalia.gov.co\/colombia\/#\/schema\/logo\/image\/\",\"url\":\"https:\/\/www.fiscalia.gov.co\/colombia\/wp-content\/uploads\/LogoHorizontal_1.jpg\",\"contentUrl\":\"https:\/\/www.fiscalia.gov.co\/colombia\/wp-content\/uploads\/LogoHorizontal_1.jpg\",\"width\":300,\"height\":90,\"caption\":\"Fiscal\u00eda General de la Naci\u00f3n\"},\"image\":{\"@id\":\"https:\/\/www.fiscalia.gov.co\/colombia\/#\/schema\/logo\/image\/\"},\"sameAs\":[\"https:\/\/www.facebook.com\/FiscaliaCol\",\"https:\/\/x.com\/FiscaliaCol\",\"https:\/\/www.instagram.com\/fiscaliacol\",\"https:\/\/www.linkedin.com\/company\/fiscalia-general-de-la-naci-n\/\",\"https:\/\/youtube.com\/@fiscaliageneraldelanacion-4668?si=6nN79nyQICPU5iTh\"]},{\"@type\":\"Person\",\"@id\":\"https:\/\/www.fiscalia.gov.co\/colombia\/#\/schema\/person\/3903856a3ce2d54b094c69eb29247895\",\"name\":\"dfgordillo\",\"image\":{\"@type\":\"ImageObject\",\"inLanguage\":\"es-CO\",\"@id\":\"https:\/\/www.fiscalia.gov.co\/colombia\/#\/schema\/person\/image\/\",\"url\":\"https:\/\/secure.gravatar.com\/avatar\/b6356e21c5657c60757fe6fb9493e947?s=96&d=mm&r=g\",\"contentUrl\":\"https:\/\/secure.gravatar.com\/avatar\/b6356e21c5657c60757fe6fb9493e947?s=96&d=mm&r=g\",\"caption\":\"dfgordillo\"},\"sameAs\":[\"dfgordillo\"],\"url\":\"https:\/\/www.fiscalia.gov.co\/colombia\/author\/dfgordillo\/\"}]}<\/script>\n<!-- \/ Yoast SEO plugin. -->","yoast_head_json":{"title":"Fiscal\u00eda General de la Naci\u00f3n","description":"P\u00e1gina oficial de la Fiscal\u00eda General de la Naci\u00f3n \u2013 Colombia. Garantizamos el acceso efectivo a la justicia, la verdad y la reparaci\u00f3n de las v\u00edctimas de los delitos.","robots":{"index":"noindex","follow":"follow"},"og_locale":"es_ES","og_type":"article","og_title":"Fiscal\u00eda General de la Naci\u00f3n","og_description":"P\u00e1gina oficial de la Fiscal\u00eda General de la Naci\u00f3n \u2013 Colombia. Garantizamos el acceso efectivo a la justicia, la verdad y la reparaci\u00f3n de las v\u00edctimas de los delitos.","og_url":"https:\/\/www.fiscalia.gov.co\/colombia\/violencia-sexual-e-intrafamiliar\/capturado-pastor-cristiano-senalado-de-abusar-sexualmente-de-ninas-y-adolescentes-que-asistian-a-su-culto\/","og_site_name":"Fiscal\u00eda General de la Naci\u00f3n","article_publisher":"https:\/\/www.facebook.com\/FiscaliaCol","article_published_time":"2017-10-10T14:27:42+00:00","author":"dfgordillo","twitter_card":"summary_large_image","twitter_creator":"@FiscaliaCol","twitter_site":"@FiscaliaCol","twitter_misc":{"Escrito por":"dfgordillo","Tiempo de lectura":"2 minutos"},"schema":{"@context":"https:\/\/schema.org","@graph":[{"@type":"Article","@id":"https:\/\/www.fiscalia.gov.co\/colombia\/violencia-sexual-e-intrafamiliar\/capturado-pastor-cristiano-senalado-de-abusar-sexualmente-de-ninas-y-adolescentes-que-asistian-a-su-culto\/#article","isPartOf":{"@id":"https:\/\/www.fiscalia.gov.co\/colombia\/violencia-sexual-e-intrafamiliar\/capturado-pastor-cristiano-senalado-de-abusar-sexualmente-de-ninas-y-adolescentes-que-asistian-a-su-culto\/"},"author":{"name":"dfgordillo","@id":"https:\/\/www.fiscalia.gov.co\/colombia\/#\/schema\/person\/3903856a3ce2d54b094c69eb29247895"},"headline":"Capturado pastor cristiano se\u00f1alado de abusar sexualmente de ni\u00f1as y adolescentes que asist\u00edan a su culto","datePublished":"2017-10-10T14:27:42+00:00","dateModified":"2017-10-10T14:27:42+00:00","mainEntityOfPage":{"@id":"https:\/\/www.fiscalia.gov.co\/colombia\/violencia-sexual-e-intrafamiliar\/capturado-pastor-cristiano-senalado-de-abusar-sexualmente-de-ninas-y-adolescentes-que-asistian-a-su-culto\/"},"wordCount":476,"publisher":{"@id":"https:\/\/www.fiscalia.gov.co\/colombia\/#organization"},"articleSection":["Violencia sexual e intrafamiliar"],"inLanguage":"es-CO"},{"@type":"WebPage","@id":"https:\/\/www.fiscalia.gov.co\/colombia\/violencia-sexual-e-intrafamiliar\/capturado-pastor-cristiano-senalado-de-abusar-sexualmente-de-ninas-y-adolescentes-que-asistian-a-su-culto\/","url":"https:\/\/www.fiscalia.gov.co\/colombia\/violencia-sexual-e-intrafamiliar\/capturado-pastor-cristiano-senalado-de-abusar-sexualmente-de-ninas-y-adolescentes-que-asistian-a-su-culto\/","name":"Fiscal\u00eda General de la Naci\u00f3n","isPartOf":{"@id":"https:\/\/www.fiscalia.gov.co\/colombia\/#website"},"datePublished":"2017-10-10T14:27:42+00:00","dateModified":"2017-10-10T14:27:42+00:00","description":"P\u00e1gina oficial de la Fiscal\u00eda General de la Naci\u00f3n \u2013 Colombia. Garantizamos el acceso efectivo a la justicia, la verdad y la reparaci\u00f3n de las v\u00edctimas de los delitos.","breadcrumb":{"@id":"https:\/\/www.fiscalia.gov.co\/colombia\/violencia-sexual-e-intrafamiliar\/capturado-pastor-cristiano-senalado-de-abusar-sexualmente-de-ninas-y-adolescentes-que-asistian-a-su-culto\/#breadcrumb"},"inLanguage":"es-CO","potentialAction":[{"@type":"ReadAction","target":["https:\/\/www.fiscalia.gov.co\/colombia\/violencia-sexual-e-intrafamiliar\/capturado-pastor-cristiano-senalado-de-abusar-sexualmente-de-ninas-y-adolescentes-que-asistian-a-su-culto\/"]}]},{"@type":"BreadcrumbList","@id":"https:\/\/www.fiscalia.gov.co\/colombia\/violencia-sexual-e-intrafamiliar\/capturado-pastor-cristiano-senalado-de-abusar-sexualmente-de-ninas-y-adolescentes-que-asistian-a-su-culto\/#breadcrumb","itemListElement":[{"@type":"ListItem","position":1,"name":"Home","item":"https:\/\/www.fiscalia.gov.co\/colombia\/"},{"@type":"ListItem","position":2,"name":"Capturado pastor cristiano se\u00f1alado de abusar sexualmente de ni\u00f1as y adolescentes que asist\u00edan a su culto"}]},{"@type":"WebSite","@id":"https:\/\/www.fiscalia.gov.co\/colombia\/#website","url":"https:\/\/www.fiscalia.gov.co\/colombia\/","name":"Fiscal\u00eda General de la Naci\u00f3n","description":"P\u00e1gina oficial de la Fiscal\u00eda General de la Naci\u00f3n \u2013 Colombia. Garantizamos el acceso efectivo a la justicia, la verdad y la reparaci\u00f3n de las v\u00edctimas de los delitos.","publisher":{"@id":"https:\/\/www.fiscalia.gov.co\/colombia\/#organization"},"potentialAction":[{"@type":"SearchAction","target":{"@type":"EntryPoint","urlTemplate":"https:\/\/www.fiscalia.gov.co\/colombia\/?s={search_term_string}"},"query-input":{"@type":"PropertyValueSpecification","valueRequired":true,"valueName":"search_term_string"}}],"inLanguage":"es-CO"},{"@type":"Organization","@id":"https:\/\/www.fiscalia.gov.co\/colombia\/#organization","name":"Fiscal\u00eda General de la Naci\u00f3n","url":"https:\/\/www.fiscalia.gov.co\/colombia\/","logo":{"@type":"ImageObject","inLanguage":"es-CO","@id":"https:\/\/www.fiscalia.gov.co\/colombia\/#\/schema\/logo\/image\/","url":"https:\/\/www.fiscalia.gov.co\/colombia\/wp-content\/uploads\/LogoHorizontal_1.jpg","contentUrl":"https:\/\/www.fiscalia.gov.co\/colombia\/wp-content\/uploads\/LogoHorizontal_1.jpg","width":300,"height":90,"caption":"Fiscal\u00eda General de la Naci\u00f3n"},"image":{"@id":"https:\/\/www.fiscalia.gov.co\/colombia\/#\/schema\/logo\/image\/"},"sameAs":["https:\/\/www.facebook.com\/FiscaliaCol","https:\/\/x.com\/FiscaliaCol","https:\/\/www.instagram.com\/fiscaliacol","https:\/\/www.linkedin.com\/company\/fiscalia-general-de-la-naci-n\/","https:\/\/youtube.com\/@fiscaliageneraldelanacion-4668?si=6nN79nyQICPU5iTh"]},{"@type":"Person","@id":"https:\/\/www.fiscalia.gov.co\/colombia\/#\/schema\/person\/3903856a3ce2d54b094c69eb29247895","name":"dfgordillo","image":{"@type":"ImageObject","inLanguage":"es-CO","@id":"https:\/\/www.fiscalia.gov.co\/colombia\/#\/schema\/person\/image\/","url":"https:\/\/secure.gravatar.com\/avatar\/b6356e21c5657c60757fe6fb9493e947?s=96&d=mm&r=g","contentUrl":"https:\/\/secure.gravatar.com\/avatar\/b6356e21c5657c60757fe6fb9493e947?s=96&d=mm&r=g","caption":"dfgordillo"},"sameAs":["dfgordillo"],"url":"https:\/\/www.fiscalia.gov.co\/colombia\/author\/dfgordillo\/"}]}},"_links":{"self":[{"href":"https:\/\/www.fiscalia.gov.co\/colombia\/wp-json\/wp\/v2\/posts\/110651","targetHints":{"allow":["GET"]}}],"collection":[{"href":"https:\/\/www.fiscalia.gov.co\/colombia\/wp-json\/wp\/v2\/posts"}],"about":[{"href":"https:\/\/www.fiscalia.gov.co\/colombia\/wp-json\/wp\/v2\/types\/post"}],"author":[{"embeddable":true,"href":"https:\/\/www.fiscalia.gov.co\/colombia\/wp-json\/wp\/v2\/users\/143"}],"replies":[{"embeddable":true,"href":"https:\/\/www.fiscalia.gov.co\/colombia\/wp-json\/wp\/v2\/comments?post=110651"}],"version-history":[{"count":1,"href":"https:\/\/www.fiscalia.gov.co\/colombia\/wp-json\/wp\/v2\/posts\/110651\/revisions"}],"predecessor-version":[{"id":110652,"href":"https:\/\/www.fiscalia.gov.co\/colombia\/wp-json\/wp\/v2\/posts\/110651\/revisions\/110652"}],"wp:attachment":[{"href":"https:\/\/www.fiscalia.gov.co\/colombia\/wp-json\/wp\/v2\/media?parent=110651"}],"wp:term":[{"taxonomy":"category","embeddable":true,"href":"https:\/\/www.fiscalia.gov.co\/colombia\/wp-json\/wp\/v2\/categories?post=110651"},{"taxonomy":"post_tag","embeddable":true,"href":"https:\/\/www.fiscalia.gov.co\/colombia\/wp-json\/wp\/v2\/tags?post=110651"}],"curies":[{"name":"wp","href":"https:\/\/api.w.org\/{rel}","templated":true}]}}