{"id":110350,"date":"2017-10-03T09:18:41","date_gmt":"2017-10-03T14:18:41","guid":{"rendered":"http:\/\/www.fiscalia.gov.co\/colombia\/?p=110350"},"modified":"2017-10-03T09:18:41","modified_gmt":"2017-10-03T14:18:41","slug":"cti-de-la-fiscalia-y-ejercito-nacional-capturan-a-hombre-senalado-de-intentar-rearmar-estructura-del-epl-en-risaralda","status":"publish","type":"post","link":"https:\/\/www.fiscalia.gov.co\/colombia\/crimen-organizado\/cti-de-la-fiscalia-y-ejercito-nacional-capturan-a-hombre-senalado-de-intentar-rearmar-estructura-del-epl-en-risaralda\/","title":{"rendered":"CTI de la Fiscal\u00eda y Ej\u00e9rcito Nacional capturan a hombre se\u00f1alado de intentar rearmar estructura del EPL en Risaralda"},"content":{"rendered":"<p>Carlos Alberto Moreno \u00datima fue capturado por el CTI de la Fiscal\u00eda y tropas del Batall\u00f3n San Mateo del Ej\u00e9rcito Nacional, en el barrio San Sebasti\u00e1n de Manizales (Caldas). El hombre actualmente es requerido por los delitos de tr\u00e1fico, fabricaci\u00f3n o porte de armas de fuego, municiones y explosivos de uso privativo de las Fuerzas Militares, en concurso con almacenamiento ilegal de uniformes o insignias.<\/p>\n<p>Alias Motorrat\u00f3n, como es conocido en el mundo criminal, es investigado por hechos ocurridos el 8 de julio del a\u00f1o 2015, en la finca El Roc\u00edo, en Quinch\u00eda (Risaralda). Ese d\u00eda las autoridades descubrieron un dep\u00f3sito ilegal con 802 cartuchos para fusil calibre 5.52 mm, 12 proveedores para fusil del mismo calibre y material de intendencia como pantalones, chapuzas, gorras pixeladas y morrales, entre otros elementos de uso oficial.<\/p>\n<p>En su momento fueron capturados y condenados Yac Arlen Su\u00e1rez, due\u00f1o de la finca; y Orlando Vergara Hidalgo, alias Sim\u00f3n, m\u00e1ximo cabecilla de ese grupo armado, quien habr\u00eda sido reemplazo por \u2018Motorrat\u00f3n\u2019.<\/p>\n<p>La Fiscal\u00eda cuenta con informaci\u00f3n que se\u00f1ala a estas personas de reorganizar al extinto EPL, que se desmoviliz\u00f3 en el a\u00f1o 2005 en Quinch\u00eda (Risaralda).<\/p>\n<p>&nbsp;<\/p>\n<p>PAAM\/JARG<\/p>\n\n<div class=\"twitter-share\"><a href=\"https:\/\/twitter.com\/intent\/tweet?via=fiscaliacol\" class=\"twitter-share-button\">Tweet<\/a><\/div>\n","protected":false},"excerpt":{"rendered":"<p>Carlos Alberto Moreno \u00datima fue capturado por el CTI de la Fiscal\u00eda y tropas del Batall\u00f3n San Mateo del Ej\u00e9rcito Nacional, en el barrio San Sebasti\u00e1n de Manizales (Caldas). El hombre actualmente es requerido por los delitos de tr\u00e1fico, fabricaci\u00f3n o porte de armas de fuego, municiones y explosivos de uso privativo de las Fuerzas [&hellip;]<\/p>\n","protected":false},"author":143,"featured_media":0,"comment_status":"closed","ping_status":"open","sticky":false,"template":"","format":"standard","meta":{"_price":"","_stock":"","_tribe_ticket_header":"","_tribe_default_ticket_provider":"","_tribe_ticket_capacity":"0","_ticket_start_date":"","_ticket_end_date":"","_tribe_ticket_show_description":"","_tribe_ticket_show_not_going":false,"_tribe_ticket_use_global_stock":"","_tribe_ticket_global_stock_level":"","_global_stock_mode":"","_global_stock_cap":"","_tribe_rsvp_for_event":"","_tribe_ticket_going_count":"","_tribe_ticket_not_going_count":"","_tribe_tickets_list":"[]","_tribe_ticket_has_attendee_info_fields":false,"tdm_status":"","tdm_grid_status":"","footnotes":""},"categories":[24098],"tags":[],"class_list":{"0":"post-110350","1":"post","2":"type-post","3":"status-publish","4":"format-standard","6":"category-crimen-organizado"},"yoast_head":"<!-- This site is optimized with the Yoast SEO plugin v24.3 - https:\/\/yoast.com\/wordpress\/plugins\/seo\/ -->\n<title>Fiscal\u00eda General de la Naci\u00f3n<\/title>\n<meta name=\"description\" content=\"P\u00e1gina oficial de la Fiscal\u00eda General de la Naci\u00f3n \u2013 Colombia. Garantizamos el acceso efectivo a la justicia, la verdad y la reparaci\u00f3n de las v\u00edctimas de los delitos.\" \/>\n<meta name=\"robots\" content=\"noindex, follow\" \/>\n<meta property=\"og:locale\" content=\"es_ES\" \/>\n<meta property=\"og:type\" content=\"article\" \/>\n<meta property=\"og:title\" content=\"Fiscal\u00eda General de la Naci\u00f3n\" \/>\n<meta property=\"og:description\" content=\"P\u00e1gina oficial de la Fiscal\u00eda General de la Naci\u00f3n \u2013 Colombia. Garantizamos el acceso efectivo a la justicia, la verdad y la reparaci\u00f3n de las v\u00edctimas de los delitos.\" \/>\n<meta property=\"og:url\" content=\"https:\/\/www.fiscalia.gov.co\/colombia\/crimen-organizado\/cti-de-la-fiscalia-y-ejercito-nacional-capturan-a-hombre-senalado-de-intentar-rearmar-estructura-del-epl-en-risaralda\/\" \/>\n<meta property=\"og:site_name\" content=\"Fiscal\u00eda General de la Naci\u00f3n\" \/>\n<meta property=\"article:publisher\" content=\"https:\/\/www.facebook.com\/FiscaliaCol\" \/>\n<meta property=\"article:published_time\" content=\"2017-10-03T14:18:41+00:00\" \/>\n<meta name=\"author\" content=\"dfgordillo\" \/>\n<meta name=\"twitter:card\" content=\"summary_large_image\" \/>\n<meta name=\"twitter:creator\" content=\"@FiscaliaCol\" \/>\n<meta name=\"twitter:site\" content=\"@FiscaliaCol\" \/>\n<meta name=\"twitter:label1\" content=\"Escrito por\" \/>\n\t<meta name=\"twitter:data1\" content=\"dfgordillo\" \/>\n\t<meta name=\"twitter:label2\" content=\"Tiempo de lectura\" \/>\n\t<meta name=\"twitter:data2\" content=\"1 minuto\" \/>\n<script type=\"application\/ld+json\" class=\"yoast-schema-graph\">{\"@context\":\"https:\/\/schema.org\",\"@graph\":[{\"@type\":\"Article\",\"@id\":\"https:\/\/www.fiscalia.gov.co\/colombia\/crimen-organizado\/cti-de-la-fiscalia-y-ejercito-nacional-capturan-a-hombre-senalado-de-intentar-rearmar-estructura-del-epl-en-risaralda\/#article\",\"isPartOf\":{\"@id\":\"https:\/\/www.fiscalia.gov.co\/colombia\/crimen-organizado\/cti-de-la-fiscalia-y-ejercito-nacional-capturan-a-hombre-senalado-de-intentar-rearmar-estructura-del-epl-en-risaralda\/\"},\"author\":{\"name\":\"dfgordillo\",\"@id\":\"https:\/\/www.fiscalia.gov.co\/colombia\/#\/schema\/person\/3903856a3ce2d54b094c69eb29247895\"},\"headline\":\"CTI de la Fiscal\u00eda y Ej\u00e9rcito Nacional capturan a hombre se\u00f1alado de intentar rearmar estructura del EPL en Risaralda\",\"datePublished\":\"2017-10-03T14:18:41+00:00\",\"dateModified\":\"2017-10-03T14:18:41+00:00\",\"mainEntityOfPage\":{\"@id\":\"https:\/\/www.fiscalia.gov.co\/colombia\/crimen-organizado\/cti-de-la-fiscalia-y-ejercito-nacional-capturan-a-hombre-senalado-de-intentar-rearmar-estructura-del-epl-en-risaralda\/\"},\"wordCount\":233,\"publisher\":{\"@id\":\"https:\/\/www.fiscalia.gov.co\/colombia\/#organization\"},\"articleSection\":[\"Crimen organizado\"],\"inLanguage\":\"es-CO\"},{\"@type\":\"WebPage\",\"@id\":\"https:\/\/www.fiscalia.gov.co\/colombia\/crimen-organizado\/cti-de-la-fiscalia-y-ejercito-nacional-capturan-a-hombre-senalado-de-intentar-rearmar-estructura-del-epl-en-risaralda\/\",\"url\":\"https:\/\/www.fiscalia.gov.co\/colombia\/crimen-organizado\/cti-de-la-fiscalia-y-ejercito-nacional-capturan-a-hombre-senalado-de-intentar-rearmar-estructura-del-epl-en-risaralda\/\",\"name\":\"Fiscal\u00eda General de la Naci\u00f3n\",\"isPartOf\":{\"@id\":\"https:\/\/www.fiscalia.gov.co\/colombia\/#website\"},\"datePublished\":\"2017-10-03T14:18:41+00:00\",\"dateModified\":\"2017-10-03T14:18:41+00:00\",\"description\":\"P\u00e1gina oficial de la Fiscal\u00eda General de la Naci\u00f3n \u2013 Colombia. Garantizamos el acceso efectivo a la justicia, la verdad y la reparaci\u00f3n de las v\u00edctimas de los delitos.\",\"breadcrumb\":{\"@id\":\"https:\/\/www.fiscalia.gov.co\/colombia\/crimen-organizado\/cti-de-la-fiscalia-y-ejercito-nacional-capturan-a-hombre-senalado-de-intentar-rearmar-estructura-del-epl-en-risaralda\/#breadcrumb\"},\"inLanguage\":\"es-CO\",\"potentialAction\":[{\"@type\":\"ReadAction\",\"target\":[\"https:\/\/www.fiscalia.gov.co\/colombia\/crimen-organizado\/cti-de-la-fiscalia-y-ejercito-nacional-capturan-a-hombre-senalado-de-intentar-rearmar-estructura-del-epl-en-risaralda\/\"]}]},{\"@type\":\"BreadcrumbList\",\"@id\":\"https:\/\/www.fiscalia.gov.co\/colombia\/crimen-organizado\/cti-de-la-fiscalia-y-ejercito-nacional-capturan-a-hombre-senalado-de-intentar-rearmar-estructura-del-epl-en-risaralda\/#breadcrumb\",\"itemListElement\":[{\"@type\":\"ListItem\",\"position\":1,\"name\":\"Home\",\"item\":\"https:\/\/www.fiscalia.gov.co\/colombia\/\"},{\"@type\":\"ListItem\",\"position\":2,\"name\":\"CTI de la Fiscal\u00eda y Ej\u00e9rcito Nacional capturan a hombre se\u00f1alado de intentar rearmar estructura del EPL en Risaralda\"}]},{\"@type\":\"WebSite\",\"@id\":\"https:\/\/www.fiscalia.gov.co\/colombia\/#website\",\"url\":\"https:\/\/www.fiscalia.gov.co\/colombia\/\",\"name\":\"Fiscal\u00eda General de la Naci\u00f3n\",\"description\":\"P\u00e1gina oficial de la Fiscal\u00eda General de la Naci\u00f3n \u2013 Colombia. Garantizamos el acceso efectivo a la justicia, la verdad y la reparaci\u00f3n de las v\u00edctimas de los delitos.\",\"publisher\":{\"@id\":\"https:\/\/www.fiscalia.gov.co\/colombia\/#organization\"},\"potentialAction\":[{\"@type\":\"SearchAction\",\"target\":{\"@type\":\"EntryPoint\",\"urlTemplate\":\"https:\/\/www.fiscalia.gov.co\/colombia\/?s={search_term_string}\"},\"query-input\":{\"@type\":\"PropertyValueSpecification\",\"valueRequired\":true,\"valueName\":\"search_term_string\"}}],\"inLanguage\":\"es-CO\"},{\"@type\":\"Organization\",\"@id\":\"https:\/\/www.fiscalia.gov.co\/colombia\/#organization\",\"name\":\"Fiscal\u00eda General de la Naci\u00f3n\",\"url\":\"https:\/\/www.fiscalia.gov.co\/colombia\/\",\"logo\":{\"@type\":\"ImageObject\",\"inLanguage\":\"es-CO\",\"@id\":\"https:\/\/www.fiscalia.gov.co\/colombia\/#\/schema\/logo\/image\/\",\"url\":\"https:\/\/www.fiscalia.gov.co\/colombia\/wp-content\/uploads\/LogoHorizontal_1.jpg\",\"contentUrl\":\"https:\/\/www.fiscalia.gov.co\/colombia\/wp-content\/uploads\/LogoHorizontal_1.jpg\",\"width\":300,\"height\":90,\"caption\":\"Fiscal\u00eda General de la Naci\u00f3n\"},\"image\":{\"@id\":\"https:\/\/www.fiscalia.gov.co\/colombia\/#\/schema\/logo\/image\/\"},\"sameAs\":[\"https:\/\/www.facebook.com\/FiscaliaCol\",\"https:\/\/x.com\/FiscaliaCol\",\"https:\/\/www.instagram.com\/fiscaliacol\",\"https:\/\/www.linkedin.com\/company\/fiscalia-general-de-la-naci-n\/\",\"https:\/\/youtube.com\/@fiscaliageneraldelanacion-4668?si=6nN79nyQICPU5iTh\"]},{\"@type\":\"Person\",\"@id\":\"https:\/\/www.fiscalia.gov.co\/colombia\/#\/schema\/person\/3903856a3ce2d54b094c69eb29247895\",\"name\":\"dfgordillo\",\"image\":{\"@type\":\"ImageObject\",\"inLanguage\":\"es-CO\",\"@id\":\"https:\/\/www.fiscalia.gov.co\/colombia\/#\/schema\/person\/image\/\",\"url\":\"https:\/\/secure.gravatar.com\/avatar\/b6356e21c5657c60757fe6fb9493e947?s=96&d=mm&r=g\",\"contentUrl\":\"https:\/\/secure.gravatar.com\/avatar\/b6356e21c5657c60757fe6fb9493e947?s=96&d=mm&r=g\",\"caption\":\"dfgordillo\"},\"sameAs\":[\"dfgordillo\"],\"url\":\"https:\/\/www.fiscalia.gov.co\/colombia\/author\/dfgordillo\/\"}]}<\/script>\n<!-- \/ Yoast SEO plugin. -->","yoast_head_json":{"title":"Fiscal\u00eda General de la Naci\u00f3n","description":"P\u00e1gina oficial de la Fiscal\u00eda General de la Naci\u00f3n \u2013 Colombia. Garantizamos el acceso efectivo a la justicia, la verdad y la reparaci\u00f3n de las v\u00edctimas de los delitos.","robots":{"index":"noindex","follow":"follow"},"og_locale":"es_ES","og_type":"article","og_title":"Fiscal\u00eda General de la Naci\u00f3n","og_description":"P\u00e1gina oficial de la Fiscal\u00eda General de la Naci\u00f3n \u2013 Colombia. Garantizamos el acceso efectivo a la justicia, la verdad y la reparaci\u00f3n de las v\u00edctimas de los delitos.","og_url":"https:\/\/www.fiscalia.gov.co\/colombia\/crimen-organizado\/cti-de-la-fiscalia-y-ejercito-nacional-capturan-a-hombre-senalado-de-intentar-rearmar-estructura-del-epl-en-risaralda\/","og_site_name":"Fiscal\u00eda General de la Naci\u00f3n","article_publisher":"https:\/\/www.facebook.com\/FiscaliaCol","article_published_time":"2017-10-03T14:18:41+00:00","author":"dfgordillo","twitter_card":"summary_large_image","twitter_creator":"@FiscaliaCol","twitter_site":"@FiscaliaCol","twitter_misc":{"Escrito por":"dfgordillo","Tiempo de lectura":"1 minuto"},"schema":{"@context":"https:\/\/schema.org","@graph":[{"@type":"Article","@id":"https:\/\/www.fiscalia.gov.co\/colombia\/crimen-organizado\/cti-de-la-fiscalia-y-ejercito-nacional-capturan-a-hombre-senalado-de-intentar-rearmar-estructura-del-epl-en-risaralda\/#article","isPartOf":{"@id":"https:\/\/www.fiscalia.gov.co\/colombia\/crimen-organizado\/cti-de-la-fiscalia-y-ejercito-nacional-capturan-a-hombre-senalado-de-intentar-rearmar-estructura-del-epl-en-risaralda\/"},"author":{"name":"dfgordillo","@id":"https:\/\/www.fiscalia.gov.co\/colombia\/#\/schema\/person\/3903856a3ce2d54b094c69eb29247895"},"headline":"CTI de la Fiscal\u00eda y Ej\u00e9rcito Nacional capturan a hombre se\u00f1alado de intentar rearmar estructura del EPL en Risaralda","datePublished":"2017-10-03T14:18:41+00:00","dateModified":"2017-10-03T14:18:41+00:00","mainEntityOfPage":{"@id":"https:\/\/www.fiscalia.gov.co\/colombia\/crimen-organizado\/cti-de-la-fiscalia-y-ejercito-nacional-capturan-a-hombre-senalado-de-intentar-rearmar-estructura-del-epl-en-risaralda\/"},"wordCount":233,"publisher":{"@id":"https:\/\/www.fiscalia.gov.co\/colombia\/#organization"},"articleSection":["Crimen organizado"],"inLanguage":"es-CO"},{"@type":"WebPage","@id":"https:\/\/www.fiscalia.gov.co\/colombia\/crimen-organizado\/cti-de-la-fiscalia-y-ejercito-nacional-capturan-a-hombre-senalado-de-intentar-rearmar-estructura-del-epl-en-risaralda\/","url":"https:\/\/www.fiscalia.gov.co\/colombia\/crimen-organizado\/cti-de-la-fiscalia-y-ejercito-nacional-capturan-a-hombre-senalado-de-intentar-rearmar-estructura-del-epl-en-risaralda\/","name":"Fiscal\u00eda General de la Naci\u00f3n","isPartOf":{"@id":"https:\/\/www.fiscalia.gov.co\/colombia\/#website"},"datePublished":"2017-10-03T14:18:41+00:00","dateModified":"2017-10-03T14:18:41+00:00","description":"P\u00e1gina oficial de la Fiscal\u00eda General de la Naci\u00f3n \u2013 Colombia. Garantizamos el acceso efectivo a la justicia, la verdad y la reparaci\u00f3n de las v\u00edctimas de los delitos.","breadcrumb":{"@id":"https:\/\/www.fiscalia.gov.co\/colombia\/crimen-organizado\/cti-de-la-fiscalia-y-ejercito-nacional-capturan-a-hombre-senalado-de-intentar-rearmar-estructura-del-epl-en-risaralda\/#breadcrumb"},"inLanguage":"es-CO","potentialAction":[{"@type":"ReadAction","target":["https:\/\/www.fiscalia.gov.co\/colombia\/crimen-organizado\/cti-de-la-fiscalia-y-ejercito-nacional-capturan-a-hombre-senalado-de-intentar-rearmar-estructura-del-epl-en-risaralda\/"]}]},{"@type":"BreadcrumbList","@id":"https:\/\/www.fiscalia.gov.co\/colombia\/crimen-organizado\/cti-de-la-fiscalia-y-ejercito-nacional-capturan-a-hombre-senalado-de-intentar-rearmar-estructura-del-epl-en-risaralda\/#breadcrumb","itemListElement":[{"@type":"ListItem","position":1,"name":"Home","item":"https:\/\/www.fiscalia.gov.co\/colombia\/"},{"@type":"ListItem","position":2,"name":"CTI de la Fiscal\u00eda y Ej\u00e9rcito Nacional capturan a hombre se\u00f1alado de intentar rearmar estructura del EPL en Risaralda"}]},{"@type":"WebSite","@id":"https:\/\/www.fiscalia.gov.co\/colombia\/#website","url":"https:\/\/www.fiscalia.gov.co\/colombia\/","name":"Fiscal\u00eda General de la Naci\u00f3n","description":"P\u00e1gina oficial de la Fiscal\u00eda General de la Naci\u00f3n \u2013 Colombia. Garantizamos el acceso efectivo a la justicia, la verdad y la reparaci\u00f3n de las v\u00edctimas de los delitos.","publisher":{"@id":"https:\/\/www.fiscalia.gov.co\/colombia\/#organization"},"potentialAction":[{"@type":"SearchAction","target":{"@type":"EntryPoint","urlTemplate":"https:\/\/www.fiscalia.gov.co\/colombia\/?s={search_term_string}"},"query-input":{"@type":"PropertyValueSpecification","valueRequired":true,"valueName":"search_term_string"}}],"inLanguage":"es-CO"},{"@type":"Organization","@id":"https:\/\/www.fiscalia.gov.co\/colombia\/#organization","name":"Fiscal\u00eda General de la Naci\u00f3n","url":"https:\/\/www.fiscalia.gov.co\/colombia\/","logo":{"@type":"ImageObject","inLanguage":"es-CO","@id":"https:\/\/www.fiscalia.gov.co\/colombia\/#\/schema\/logo\/image\/","url":"https:\/\/www.fiscalia.gov.co\/colombia\/wp-content\/uploads\/LogoHorizontal_1.jpg","contentUrl":"https:\/\/www.fiscalia.gov.co\/colombia\/wp-content\/uploads\/LogoHorizontal_1.jpg","width":300,"height":90,"caption":"Fiscal\u00eda General de la Naci\u00f3n"},"image":{"@id":"https:\/\/www.fiscalia.gov.co\/colombia\/#\/schema\/logo\/image\/"},"sameAs":["https:\/\/www.facebook.com\/FiscaliaCol","https:\/\/x.com\/FiscaliaCol","https:\/\/www.instagram.com\/fiscaliacol","https:\/\/www.linkedin.com\/company\/fiscalia-general-de-la-naci-n\/","https:\/\/youtube.com\/@fiscaliageneraldelanacion-4668?si=6nN79nyQICPU5iTh"]},{"@type":"Person","@id":"https:\/\/www.fiscalia.gov.co\/colombia\/#\/schema\/person\/3903856a3ce2d54b094c69eb29247895","name":"dfgordillo","image":{"@type":"ImageObject","inLanguage":"es-CO","@id":"https:\/\/www.fiscalia.gov.co\/colombia\/#\/schema\/person\/image\/","url":"https:\/\/secure.gravatar.com\/avatar\/b6356e21c5657c60757fe6fb9493e947?s=96&d=mm&r=g","contentUrl":"https:\/\/secure.gravatar.com\/avatar\/b6356e21c5657c60757fe6fb9493e947?s=96&d=mm&r=g","caption":"dfgordillo"},"sameAs":["dfgordillo"],"url":"https:\/\/www.fiscalia.gov.co\/colombia\/author\/dfgordillo\/"}]}},"_links":{"self":[{"href":"https:\/\/www.fiscalia.gov.co\/colombia\/wp-json\/wp\/v2\/posts\/110350","targetHints":{"allow":["GET"]}}],"collection":[{"href":"https:\/\/www.fiscalia.gov.co\/colombia\/wp-json\/wp\/v2\/posts"}],"about":[{"href":"https:\/\/www.fiscalia.gov.co\/colombia\/wp-json\/wp\/v2\/types\/post"}],"author":[{"embeddable":true,"href":"https:\/\/www.fiscalia.gov.co\/colombia\/wp-json\/wp\/v2\/users\/143"}],"replies":[{"embeddable":true,"href":"https:\/\/www.fiscalia.gov.co\/colombia\/wp-json\/wp\/v2\/comments?post=110350"}],"version-history":[{"count":1,"href":"https:\/\/www.fiscalia.gov.co\/colombia\/wp-json\/wp\/v2\/posts\/110350\/revisions"}],"predecessor-version":[{"id":110351,"href":"https:\/\/www.fiscalia.gov.co\/colombia\/wp-json\/wp\/v2\/posts\/110350\/revisions\/110351"}],"wp:attachment":[{"href":"https:\/\/www.fiscalia.gov.co\/colombia\/wp-json\/wp\/v2\/media?parent=110350"}],"wp:term":[{"taxonomy":"category","embeddable":true,"href":"https:\/\/www.fiscalia.gov.co\/colombia\/wp-json\/wp\/v2\/categories?post=110350"},{"taxonomy":"post_tag","embeddable":true,"href":"https:\/\/www.fiscalia.gov.co\/colombia\/wp-json\/wp\/v2\/tags?post=110350"}],"curies":[{"name":"wp","href":"https:\/\/api.w.org\/{rel}","templated":true}]}}