{"id":109684,"date":"2017-09-15T14:30:22","date_gmt":"2017-09-15T19:30:22","guid":{"rendered":"http:\/\/www.fiscalia.gov.co\/colombia\/?p=109684"},"modified":"2017-09-18T15:53:16","modified_gmt":"2017-09-18T20:53:16","slug":"ejemplarizante-condena-en-magdalena-por-homicidio-agravado-y-actos-sexuales-abusivos-contra-dos-ninos-en-cienaga-magdalena","status":"publish","type":"post","link":"https:\/\/www.fiscalia.gov.co\/colombia\/seguridad-territorial\/ejemplarizante-condena-en-magdalena-por-homicidio-agravado-y-actos-sexuales-abusivos-contra-dos-ninos-en-cienaga-magdalena\/","title":{"rendered":"Ejemplarizante condena en Magdalena por homicidio agravado y actos sexuales abusivos contra dos ni\u00f1os en Ci\u00e9naga (Magdalena)"},"content":{"rendered":"<p>Una investigaci\u00f3n de la Fiscal\u00eda General de la Naci\u00f3n por el homicidio de los menores C.C y S.P.R S, de 8 y 11 a\u00f1os respectivamente, quienes desaparecieron de la finca La Estrella, en el municipio de Ci\u00e9naga (Magdalena) el 22 de diciembre de 2016, termin\u00f3 con la condena de 60 a\u00f1os de prisi\u00f3n en contra de David Barbosa Arrieta.<\/p>\n<p>La sentencia, en contra de Barbosa Arrieta, fue emitida por el Juzgado de Conocimiento de Ci\u00e9naga, que lo hall\u00f3 responsable como autor material de los delitos de feminicidio agravado en concurso con homicidio agravado y en concurso heterog\u00e9neo con acceso carnal violento.<\/p>\n<p>El proceso investigativo, a cargo de la Direcci\u00f3n de Fiscal\u00edas de Magdalena, se inici\u00f3 el 22 de diciembre cuando fue reportada la desaparici\u00f3n de los menores C.C y S.P.R S, quienes desaparecieron mientras se encontraban jugando en lo alto de la finca La Estrella, en la vereda Nueva Mundo, del corregimiento de San Pedro de la Sierra, en el municipio de Ci\u00e9naga.<\/p>\n<p>La b\u00fasqueda de los menores la iniciaron, el mismo 22 de diciembre los trabajadores y due\u00f1os de la finca sin resultados positivos. Al d\u00eda siguiente salieron nuevamente a buscar los menores uni\u00e9ndose a la misma otras personas del vecindario y David Barbosa Arrieta, trabajador de la finca la Estrella, quien el d\u00eda anterior no hab\u00eda colaborado con ello.<\/p>\n<p>Ese d\u00eda a tempranas horas de la ma\u00f1ana divisaron un trapo o pedazo de tela y al acercarse al lugar, a 20 minutos de la finca La Estrella, fueron hallados en posici\u00f3n de cubito dorsal los cuerpos de los menores, cubiertos de hojarasca, as\u00ed como un su\u00e9ter de color azul y un machete en su cubierta.<\/p>\n<p>El 6 de enero, de este a\u00f1o, Barbosa Arrieta fue imputado por cargos de homicidio agravado y acto sexual abuso con menor de 14 a\u00f1os. 19 d\u00edas despu\u00e9s, el 25 de enero, ante el Juzgado Primero Promiscuo Municipal de Ci\u00e9naga, se ampli\u00f3, modific\u00f3 y adicion\u00f3 la imputaci\u00f3n de homicidio agravado, por feminicidio agravado en lo que tiene que ver con la muerte violenta en el contexto de violencia sexual de la menor S.P.R.S y se adicion\u00f3 el delito de secuestro. Asimismo se a\u00f1adi\u00f3 el delito de acceso carnal violento homog\u00e9neo sucesivo respecto del abuso sexual del que fuera objeto la menor.<\/p>\n<p>Con base en el material probatorio aportado por la Fiscal\u00eda, el juzgado emiti\u00f3 la sentencia en contra de David Barbosa Arrieta, neg\u00e1ndole los subrogados penales por tratarse de v\u00edctimas menores de edad y estaba incluido el delito de feminicidio.<\/p>\n<p>&nbsp;<\/p>\n<p>&nbsp;<\/p>\n<p>AMC\/DLBM<\/p>\n\n<div class=\"twitter-share\"><a href=\"https:\/\/twitter.com\/intent\/tweet?via=fiscaliacol\" class=\"twitter-share-button\">Tweet<\/a><\/div>\n","protected":false},"excerpt":{"rendered":"<p>Una investigaci\u00f3n de la Fiscal\u00eda General de la Naci\u00f3n por el homicidio de los menores C.C y S.P.R S, de 8 y 11 a\u00f1os respectivamente, quienes desaparecieron de la finca La Estrella, en el municipio de Ci\u00e9naga (Magdalena) el 22 de diciembre de 2016, termin\u00f3 con la condena de 60 a\u00f1os de prisi\u00f3n en contra [&hellip;]<\/p>\n","protected":false},"author":143,"featured_media":0,"comment_status":"closed","ping_status":"open","sticky":false,"template":"","format":"standard","meta":{"_price":"","_stock":"","_tribe_ticket_header":"","_tribe_default_ticket_provider":"","_tribe_ticket_capacity":"0","_ticket_start_date":"","_ticket_end_date":"","_tribe_ticket_show_description":"","_tribe_ticket_show_not_going":false,"_tribe_ticket_use_global_stock":"","_tribe_ticket_global_stock_level":"","_global_stock_mode":"","_global_stock_cap":"","_tribe_rsvp_for_event":"","_tribe_ticket_going_count":"","_tribe_ticket_not_going_count":"","_tribe_tickets_list":"[]","_tribe_ticket_has_attendee_info_fields":false,"tdm_status":"","tdm_grid_status":"","footnotes":""},"categories":[24099],"tags":[],"class_list":{"0":"post-109684","1":"post","2":"type-post","3":"status-publish","4":"format-standard","6":"category-seguridad-territorial"},"yoast_head":"<!-- This site is optimized with the Yoast SEO plugin v24.3 - https:\/\/yoast.com\/wordpress\/plugins\/seo\/ -->\n<title>Fiscal\u00eda General de la Naci\u00f3n<\/title>\n<meta name=\"description\" content=\"P\u00e1gina oficial de la Fiscal\u00eda General de la Naci\u00f3n \u2013 Colombia. Garantizamos el acceso efectivo a la justicia, la verdad y la reparaci\u00f3n de las v\u00edctimas de los delitos.\" \/>\n<meta name=\"robots\" content=\"noindex, follow\" \/>\n<meta property=\"og:locale\" content=\"es_ES\" \/>\n<meta property=\"og:type\" content=\"article\" \/>\n<meta property=\"og:title\" content=\"Fiscal\u00eda General de la Naci\u00f3n\" \/>\n<meta property=\"og:description\" content=\"P\u00e1gina oficial de la Fiscal\u00eda General de la Naci\u00f3n \u2013 Colombia. Garantizamos el acceso efectivo a la justicia, la verdad y la reparaci\u00f3n de las v\u00edctimas de los delitos.\" \/>\n<meta property=\"og:url\" content=\"https:\/\/www.fiscalia.gov.co\/colombia\/seguridad-territorial\/ejemplarizante-condena-en-magdalena-por-homicidio-agravado-y-actos-sexuales-abusivos-contra-dos-ninos-en-cienaga-magdalena\/\" \/>\n<meta property=\"og:site_name\" content=\"Fiscal\u00eda General de la Naci\u00f3n\" \/>\n<meta property=\"article:publisher\" content=\"https:\/\/www.facebook.com\/FiscaliaCol\" \/>\n<meta property=\"article:published_time\" content=\"2017-09-15T19:30:22+00:00\" \/>\n<meta property=\"article:modified_time\" content=\"2017-09-18T20:53:16+00:00\" \/>\n<meta name=\"author\" content=\"dfgordillo\" \/>\n<meta name=\"twitter:card\" content=\"summary_large_image\" \/>\n<meta name=\"twitter:creator\" content=\"@FiscaliaCol\" \/>\n<meta name=\"twitter:site\" content=\"@FiscaliaCol\" \/>\n<meta name=\"twitter:label1\" content=\"Escrito por\" \/>\n\t<meta name=\"twitter:data1\" content=\"dfgordillo\" \/>\n\t<meta name=\"twitter:label2\" content=\"Tiempo de lectura\" \/>\n\t<meta name=\"twitter:data2\" content=\"2 minutos\" \/>\n<script type=\"application\/ld+json\" class=\"yoast-schema-graph\">{\"@context\":\"https:\/\/schema.org\",\"@graph\":[{\"@type\":\"Article\",\"@id\":\"https:\/\/www.fiscalia.gov.co\/colombia\/seguridad-territorial\/ejemplarizante-condena-en-magdalena-por-homicidio-agravado-y-actos-sexuales-abusivos-contra-dos-ninos-en-cienaga-magdalena\/#article\",\"isPartOf\":{\"@id\":\"https:\/\/www.fiscalia.gov.co\/colombia\/seguridad-territorial\/ejemplarizante-condena-en-magdalena-por-homicidio-agravado-y-actos-sexuales-abusivos-contra-dos-ninos-en-cienaga-magdalena\/\"},\"author\":{\"name\":\"dfgordillo\",\"@id\":\"https:\/\/www.fiscalia.gov.co\/colombia\/#\/schema\/person\/3903856a3ce2d54b094c69eb29247895\"},\"headline\":\"Ejemplarizante condena en Magdalena por homicidio agravado y actos sexuales abusivos contra dos ni\u00f1os en Ci\u00e9naga (Magdalena)\",\"datePublished\":\"2017-09-15T19:30:22+00:00\",\"dateModified\":\"2017-09-18T20:53:16+00:00\",\"mainEntityOfPage\":{\"@id\":\"https:\/\/www.fiscalia.gov.co\/colombia\/seguridad-territorial\/ejemplarizante-condena-en-magdalena-por-homicidio-agravado-y-actos-sexuales-abusivos-contra-dos-ninos-en-cienaga-magdalena\/\"},\"wordCount\":471,\"publisher\":{\"@id\":\"https:\/\/www.fiscalia.gov.co\/colombia\/#organization\"},\"articleSection\":[\"Seguridad territorial\"],\"inLanguage\":\"es-CO\"},{\"@type\":\"WebPage\",\"@id\":\"https:\/\/www.fiscalia.gov.co\/colombia\/seguridad-territorial\/ejemplarizante-condena-en-magdalena-por-homicidio-agravado-y-actos-sexuales-abusivos-contra-dos-ninos-en-cienaga-magdalena\/\",\"url\":\"https:\/\/www.fiscalia.gov.co\/colombia\/seguridad-territorial\/ejemplarizante-condena-en-magdalena-por-homicidio-agravado-y-actos-sexuales-abusivos-contra-dos-ninos-en-cienaga-magdalena\/\",\"name\":\"Fiscal\u00eda General de la Naci\u00f3n\",\"isPartOf\":{\"@id\":\"https:\/\/www.fiscalia.gov.co\/colombia\/#website\"},\"datePublished\":\"2017-09-15T19:30:22+00:00\",\"dateModified\":\"2017-09-18T20:53:16+00:00\",\"description\":\"P\u00e1gina oficial de la Fiscal\u00eda General de la Naci\u00f3n \u2013 Colombia. Garantizamos el acceso efectivo a la justicia, la verdad y la reparaci\u00f3n de las v\u00edctimas de los delitos.\",\"breadcrumb\":{\"@id\":\"https:\/\/www.fiscalia.gov.co\/colombia\/seguridad-territorial\/ejemplarizante-condena-en-magdalena-por-homicidio-agravado-y-actos-sexuales-abusivos-contra-dos-ninos-en-cienaga-magdalena\/#breadcrumb\"},\"inLanguage\":\"es-CO\",\"potentialAction\":[{\"@type\":\"ReadAction\",\"target\":[\"https:\/\/www.fiscalia.gov.co\/colombia\/seguridad-territorial\/ejemplarizante-condena-en-magdalena-por-homicidio-agravado-y-actos-sexuales-abusivos-contra-dos-ninos-en-cienaga-magdalena\/\"]}]},{\"@type\":\"BreadcrumbList\",\"@id\":\"https:\/\/www.fiscalia.gov.co\/colombia\/seguridad-territorial\/ejemplarizante-condena-en-magdalena-por-homicidio-agravado-y-actos-sexuales-abusivos-contra-dos-ninos-en-cienaga-magdalena\/#breadcrumb\",\"itemListElement\":[{\"@type\":\"ListItem\",\"position\":1,\"name\":\"Home\",\"item\":\"https:\/\/www.fiscalia.gov.co\/colombia\/\"},{\"@type\":\"ListItem\",\"position\":2,\"name\":\"Ejemplarizante condena en Magdalena por homicidio agravado y actos sexuales abusivos contra dos ni\u00f1os en Ci\u00e9naga (Magdalena)\"}]},{\"@type\":\"WebSite\",\"@id\":\"https:\/\/www.fiscalia.gov.co\/colombia\/#website\",\"url\":\"https:\/\/www.fiscalia.gov.co\/colombia\/\",\"name\":\"Fiscal\u00eda General de la Naci\u00f3n\",\"description\":\"P\u00e1gina oficial de la Fiscal\u00eda General de la Naci\u00f3n \u2013 Colombia. Garantizamos el acceso efectivo a la justicia, la verdad y la reparaci\u00f3n de las v\u00edctimas de los delitos.\",\"publisher\":{\"@id\":\"https:\/\/www.fiscalia.gov.co\/colombia\/#organization\"},\"potentialAction\":[{\"@type\":\"SearchAction\",\"target\":{\"@type\":\"EntryPoint\",\"urlTemplate\":\"https:\/\/www.fiscalia.gov.co\/colombia\/?s={search_term_string}\"},\"query-input\":{\"@type\":\"PropertyValueSpecification\",\"valueRequired\":true,\"valueName\":\"search_term_string\"}}],\"inLanguage\":\"es-CO\"},{\"@type\":\"Organization\",\"@id\":\"https:\/\/www.fiscalia.gov.co\/colombia\/#organization\",\"name\":\"Fiscal\u00eda General de la Naci\u00f3n\",\"url\":\"https:\/\/www.fiscalia.gov.co\/colombia\/\",\"logo\":{\"@type\":\"ImageObject\",\"inLanguage\":\"es-CO\",\"@id\":\"https:\/\/www.fiscalia.gov.co\/colombia\/#\/schema\/logo\/image\/\",\"url\":\"https:\/\/www.fiscalia.gov.co\/colombia\/wp-content\/uploads\/LogoHorizontal_1.jpg\",\"contentUrl\":\"https:\/\/www.fiscalia.gov.co\/colombia\/wp-content\/uploads\/LogoHorizontal_1.jpg\",\"width\":300,\"height\":90,\"caption\":\"Fiscal\u00eda General de la Naci\u00f3n\"},\"image\":{\"@id\":\"https:\/\/www.fiscalia.gov.co\/colombia\/#\/schema\/logo\/image\/\"},\"sameAs\":[\"https:\/\/www.facebook.com\/FiscaliaCol\",\"https:\/\/x.com\/FiscaliaCol\",\"https:\/\/www.instagram.com\/fiscaliacol\",\"https:\/\/www.linkedin.com\/company\/fiscalia-general-de-la-naci-n\/\",\"https:\/\/youtube.com\/@fiscaliageneraldelanacion-4668?si=6nN79nyQICPU5iTh\"]},{\"@type\":\"Person\",\"@id\":\"https:\/\/www.fiscalia.gov.co\/colombia\/#\/schema\/person\/3903856a3ce2d54b094c69eb29247895\",\"name\":\"dfgordillo\",\"image\":{\"@type\":\"ImageObject\",\"inLanguage\":\"es-CO\",\"@id\":\"https:\/\/www.fiscalia.gov.co\/colombia\/#\/schema\/person\/image\/\",\"url\":\"https:\/\/secure.gravatar.com\/avatar\/b6356e21c5657c60757fe6fb9493e947?s=96&d=mm&r=g\",\"contentUrl\":\"https:\/\/secure.gravatar.com\/avatar\/b6356e21c5657c60757fe6fb9493e947?s=96&d=mm&r=g\",\"caption\":\"dfgordillo\"},\"sameAs\":[\"dfgordillo\"],\"url\":\"https:\/\/www.fiscalia.gov.co\/colombia\/author\/dfgordillo\/\"}]}<\/script>\n<!-- \/ Yoast SEO plugin. -->","yoast_head_json":{"title":"Fiscal\u00eda General de la Naci\u00f3n","description":"P\u00e1gina oficial de la Fiscal\u00eda General de la Naci\u00f3n \u2013 Colombia. Garantizamos el acceso efectivo a la justicia, la verdad y la reparaci\u00f3n de las v\u00edctimas de los delitos.","robots":{"index":"noindex","follow":"follow"},"og_locale":"es_ES","og_type":"article","og_title":"Fiscal\u00eda General de la Naci\u00f3n","og_description":"P\u00e1gina oficial de la Fiscal\u00eda General de la Naci\u00f3n \u2013 Colombia. Garantizamos el acceso efectivo a la justicia, la verdad y la reparaci\u00f3n de las v\u00edctimas de los delitos.","og_url":"https:\/\/www.fiscalia.gov.co\/colombia\/seguridad-territorial\/ejemplarizante-condena-en-magdalena-por-homicidio-agravado-y-actos-sexuales-abusivos-contra-dos-ninos-en-cienaga-magdalena\/","og_site_name":"Fiscal\u00eda General de la Naci\u00f3n","article_publisher":"https:\/\/www.facebook.com\/FiscaliaCol","article_published_time":"2017-09-15T19:30:22+00:00","article_modified_time":"2017-09-18T20:53:16+00:00","author":"dfgordillo","twitter_card":"summary_large_image","twitter_creator":"@FiscaliaCol","twitter_site":"@FiscaliaCol","twitter_misc":{"Escrito por":"dfgordillo","Tiempo de lectura":"2 minutos"},"schema":{"@context":"https:\/\/schema.org","@graph":[{"@type":"Article","@id":"https:\/\/www.fiscalia.gov.co\/colombia\/seguridad-territorial\/ejemplarizante-condena-en-magdalena-por-homicidio-agravado-y-actos-sexuales-abusivos-contra-dos-ninos-en-cienaga-magdalena\/#article","isPartOf":{"@id":"https:\/\/www.fiscalia.gov.co\/colombia\/seguridad-territorial\/ejemplarizante-condena-en-magdalena-por-homicidio-agravado-y-actos-sexuales-abusivos-contra-dos-ninos-en-cienaga-magdalena\/"},"author":{"name":"dfgordillo","@id":"https:\/\/www.fiscalia.gov.co\/colombia\/#\/schema\/person\/3903856a3ce2d54b094c69eb29247895"},"headline":"Ejemplarizante condena en Magdalena por homicidio agravado y actos sexuales abusivos contra dos ni\u00f1os en Ci\u00e9naga (Magdalena)","datePublished":"2017-09-15T19:30:22+00:00","dateModified":"2017-09-18T20:53:16+00:00","mainEntityOfPage":{"@id":"https:\/\/www.fiscalia.gov.co\/colombia\/seguridad-territorial\/ejemplarizante-condena-en-magdalena-por-homicidio-agravado-y-actos-sexuales-abusivos-contra-dos-ninos-en-cienaga-magdalena\/"},"wordCount":471,"publisher":{"@id":"https:\/\/www.fiscalia.gov.co\/colombia\/#organization"},"articleSection":["Seguridad territorial"],"inLanguage":"es-CO"},{"@type":"WebPage","@id":"https:\/\/www.fiscalia.gov.co\/colombia\/seguridad-territorial\/ejemplarizante-condena-en-magdalena-por-homicidio-agravado-y-actos-sexuales-abusivos-contra-dos-ninos-en-cienaga-magdalena\/","url":"https:\/\/www.fiscalia.gov.co\/colombia\/seguridad-territorial\/ejemplarizante-condena-en-magdalena-por-homicidio-agravado-y-actos-sexuales-abusivos-contra-dos-ninos-en-cienaga-magdalena\/","name":"Fiscal\u00eda General de la Naci\u00f3n","isPartOf":{"@id":"https:\/\/www.fiscalia.gov.co\/colombia\/#website"},"datePublished":"2017-09-15T19:30:22+00:00","dateModified":"2017-09-18T20:53:16+00:00","description":"P\u00e1gina oficial de la Fiscal\u00eda General de la Naci\u00f3n \u2013 Colombia. Garantizamos el acceso efectivo a la justicia, la verdad y la reparaci\u00f3n de las v\u00edctimas de los delitos.","breadcrumb":{"@id":"https:\/\/www.fiscalia.gov.co\/colombia\/seguridad-territorial\/ejemplarizante-condena-en-magdalena-por-homicidio-agravado-y-actos-sexuales-abusivos-contra-dos-ninos-en-cienaga-magdalena\/#breadcrumb"},"inLanguage":"es-CO","potentialAction":[{"@type":"ReadAction","target":["https:\/\/www.fiscalia.gov.co\/colombia\/seguridad-territorial\/ejemplarizante-condena-en-magdalena-por-homicidio-agravado-y-actos-sexuales-abusivos-contra-dos-ninos-en-cienaga-magdalena\/"]}]},{"@type":"BreadcrumbList","@id":"https:\/\/www.fiscalia.gov.co\/colombia\/seguridad-territorial\/ejemplarizante-condena-en-magdalena-por-homicidio-agravado-y-actos-sexuales-abusivos-contra-dos-ninos-en-cienaga-magdalena\/#breadcrumb","itemListElement":[{"@type":"ListItem","position":1,"name":"Home","item":"https:\/\/www.fiscalia.gov.co\/colombia\/"},{"@type":"ListItem","position":2,"name":"Ejemplarizante condena en Magdalena por homicidio agravado y actos sexuales abusivos contra dos ni\u00f1os en Ci\u00e9naga (Magdalena)"}]},{"@type":"WebSite","@id":"https:\/\/www.fiscalia.gov.co\/colombia\/#website","url":"https:\/\/www.fiscalia.gov.co\/colombia\/","name":"Fiscal\u00eda General de la Naci\u00f3n","description":"P\u00e1gina oficial de la Fiscal\u00eda General de la Naci\u00f3n \u2013 Colombia. Garantizamos el acceso efectivo a la justicia, la verdad y la reparaci\u00f3n de las v\u00edctimas de los delitos.","publisher":{"@id":"https:\/\/www.fiscalia.gov.co\/colombia\/#organization"},"potentialAction":[{"@type":"SearchAction","target":{"@type":"EntryPoint","urlTemplate":"https:\/\/www.fiscalia.gov.co\/colombia\/?s={search_term_string}"},"query-input":{"@type":"PropertyValueSpecification","valueRequired":true,"valueName":"search_term_string"}}],"inLanguage":"es-CO"},{"@type":"Organization","@id":"https:\/\/www.fiscalia.gov.co\/colombia\/#organization","name":"Fiscal\u00eda General de la Naci\u00f3n","url":"https:\/\/www.fiscalia.gov.co\/colombia\/","logo":{"@type":"ImageObject","inLanguage":"es-CO","@id":"https:\/\/www.fiscalia.gov.co\/colombia\/#\/schema\/logo\/image\/","url":"https:\/\/www.fiscalia.gov.co\/colombia\/wp-content\/uploads\/LogoHorizontal_1.jpg","contentUrl":"https:\/\/www.fiscalia.gov.co\/colombia\/wp-content\/uploads\/LogoHorizontal_1.jpg","width":300,"height":90,"caption":"Fiscal\u00eda General de la Naci\u00f3n"},"image":{"@id":"https:\/\/www.fiscalia.gov.co\/colombia\/#\/schema\/logo\/image\/"},"sameAs":["https:\/\/www.facebook.com\/FiscaliaCol","https:\/\/x.com\/FiscaliaCol","https:\/\/www.instagram.com\/fiscaliacol","https:\/\/www.linkedin.com\/company\/fiscalia-general-de-la-naci-n\/","https:\/\/youtube.com\/@fiscaliageneraldelanacion-4668?si=6nN79nyQICPU5iTh"]},{"@type":"Person","@id":"https:\/\/www.fiscalia.gov.co\/colombia\/#\/schema\/person\/3903856a3ce2d54b094c69eb29247895","name":"dfgordillo","image":{"@type":"ImageObject","inLanguage":"es-CO","@id":"https:\/\/www.fiscalia.gov.co\/colombia\/#\/schema\/person\/image\/","url":"https:\/\/secure.gravatar.com\/avatar\/b6356e21c5657c60757fe6fb9493e947?s=96&d=mm&r=g","contentUrl":"https:\/\/secure.gravatar.com\/avatar\/b6356e21c5657c60757fe6fb9493e947?s=96&d=mm&r=g","caption":"dfgordillo"},"sameAs":["dfgordillo"],"url":"https:\/\/www.fiscalia.gov.co\/colombia\/author\/dfgordillo\/"}]}},"_links":{"self":[{"href":"https:\/\/www.fiscalia.gov.co\/colombia\/wp-json\/wp\/v2\/posts\/109684","targetHints":{"allow":["GET"]}}],"collection":[{"href":"https:\/\/www.fiscalia.gov.co\/colombia\/wp-json\/wp\/v2\/posts"}],"about":[{"href":"https:\/\/www.fiscalia.gov.co\/colombia\/wp-json\/wp\/v2\/types\/post"}],"author":[{"embeddable":true,"href":"https:\/\/www.fiscalia.gov.co\/colombia\/wp-json\/wp\/v2\/users\/143"}],"replies":[{"embeddable":true,"href":"https:\/\/www.fiscalia.gov.co\/colombia\/wp-json\/wp\/v2\/comments?post=109684"}],"version-history":[{"count":1,"href":"https:\/\/www.fiscalia.gov.co\/colombia\/wp-json\/wp\/v2\/posts\/109684\/revisions"}],"predecessor-version":[{"id":109685,"href":"https:\/\/www.fiscalia.gov.co\/colombia\/wp-json\/wp\/v2\/posts\/109684\/revisions\/109685"}],"wp:attachment":[{"href":"https:\/\/www.fiscalia.gov.co\/colombia\/wp-json\/wp\/v2\/media?parent=109684"}],"wp:term":[{"taxonomy":"category","embeddable":true,"href":"https:\/\/www.fiscalia.gov.co\/colombia\/wp-json\/wp\/v2\/categories?post=109684"},{"taxonomy":"post_tag","embeddable":true,"href":"https:\/\/www.fiscalia.gov.co\/colombia\/wp-json\/wp\/v2\/tags?post=109684"}],"curies":[{"name":"wp","href":"https:\/\/api.w.org\/{rel}","templated":true}]}}