{"id":109513,"date":"2017-09-12T13:00:34","date_gmt":"2017-09-12T18:00:34","guid":{"rendered":"http:\/\/www.fiscalia.gov.co\/colombia\/?p=109513"},"modified":"2017-09-12T15:06:55","modified_gmt":"2017-09-12T20:06:55","slug":"de-proveedor-de-mercados-de-las-farc-a-supuesto-testaferro-multimillonario","status":"publish","type":"post","link":"https:\/\/www.fiscalia.gov.co\/colombia\/fiscal-general-de-la-nacion\/de-proveedor-de-mercados-de-las-farc-a-supuesto-testaferro-multimillonario\/","title":{"rendered":"De proveedor de mercados de las Farc a supuesto testaferro multimillonario"},"content":{"rendered":"<p><em><span style=\"text-decoration: underline;\">Operaci\u00f3n de extinci\u00f3n de dominio y lavado de activos<\/span><\/em><\/p>\n<p><em><span style=\"text-decoration: underline;\">La Fiscal\u00eda General de la Naci\u00f3n, con apoyo del Ej\u00e9rcito Nacional, identific\u00f3 y ocup\u00f3 65 bienes de Mauricio Parra Rodr\u00edguez, conocido como el Quesero, Opita o el Gusta, quien se habr\u00eda convertido en uno de los principales testaferros del desaparecido Bloque Sur y la columna Te\u00f3filo Forero de las Farc.<\/span><\/em><\/p>\n<p><em><span style=\"text-decoration: underline;\">Junto a las propiedades avaluadas en 57 mil millones de pesos fueron congeladas 24 cuentas bancarias.<\/span><\/em><\/p>\n<p>Las investigaciones adelantadas por la Fiscal\u00eda General de la Naci\u00f3n evidenciaron que Mauricio Parra Rodr\u00edguez habr\u00eda legalizado durante quince (15) a\u00f1os millonarias sumas de dinero para el desmovilizado grupo de las Farc, que le permitieron ganar estatus de empresario prestante, mantener contacto con diversas personalidades del pa\u00eds y adquirir bienes lujosos.<\/p>\n<p>Durante las indagaciones fueron identificadas sesenta y cinco (65) propiedades que figuraban a nombre de los familiares y m\u00e1s cercanos amigos de Parra Rodr\u00edguez, conocido como el Quesero, Opita o el Gusta. Todas acaban de ser ocupadas en una operaci\u00f3n conjunta entre la Fiscal\u00eda General y el Ej\u00e9rcito Nacional en las ciudades de Bogot\u00e1, Cali \/Valle del Cauca) e Ibagu\u00e9 (Tolima), y en los municipios de Garz\u00f3n, Campoalegre y Pitalito (Huila); Albania, Valparaiso y Bel\u00e9n de los Andaqu\u00edes (Caquet\u00e1).<\/p>\n<p>Adem\u00e1s de los bienes avaluados en cincuenta y siete mil millones de pesos ($57.000\u2019000.000), quedaron congeladas 24 cuentas bancarias.<\/p>\n<p>&nbsp;<\/p>\n<p><strong>Una historia de testaferrato<\/strong><\/p>\n<p>En el curso del proceso fueron recibidas varias evidencias f\u00edsicas y testimonios, algunos de\u00a0 reinsertados de las Farc, quienes aseguraron que desde el a\u00f1o 1998 en la zona del Cagu\u00e1n (Caquet\u00e1), Mauricio Parra Rodr\u00edguez llevaba mercado y diversos art\u00edculos a los campamentos de esa organizaci\u00f3n, y as\u00ed habr\u00eda iniciado su supuesto v\u00ednculo con esta agrupaci\u00f3n.<\/p>\n<p>Para esa \u00e9poca los testigos lo se\u00f1alan de sacar quincenalmente de las selvas de Caquet\u00e1 entre 100 y 200 kilogramos de coca\u00edna, que eran camuflados entre quesos, por lo cual recibi\u00f3 el alias de Quesero. Fue as\u00ed como Parra Rodr\u00edguez fue capturado en noviembre de 2003, en la v\u00eda que de Honda (Tolima) conduce a La Dorada (Caldas), y luego condenado a 16 a\u00f1os de c\u00e1rcel por transportar 86 kilogramos de estupefacientes. En septiembre de 2010 recibi\u00f3 el beneficio de libertad condicional.<\/p>\n<p>Las investigaciones indican que, tras quedar libre, retom\u00f3 los presuntos nexos cabecillas del Bloque Sur de las Farc y de la columna Te\u00f3filo Forero, y constituy\u00f3 un capital desproporcionado que pose\u00eda a trav\u00e9s de sociedades, establecimientos comerciales\u00a0 y otros bienes que habr\u00edan servido para blanquear dineros, y que hoy son objeto de medidas cautelares de extinci\u00f3n de dominio.<\/p>\n<p><strong><br \/>\n<\/strong><strong><span style=\"text-decoration: underline;\">La ca\u00edda de alias Quesero y su presente judicial<\/span><\/strong><\/p>\n<p>Mauricio Parra Rodr\u00edguez fue capturado hace 13 d\u00edas en el Aeropuerto Eldorado de Bogot\u00e1 y, de inmediato, qued\u00f3 a disposici\u00f3n de un juez de control de garant\u00edas. La Fiscal\u00eda le imput\u00f3 los delitos de lavado de activos y enriquecimiento il\u00edcito, y recibi\u00f3 medida de aseguramiento que deber\u00e1 cumplir en la c\u00e1rcel.<\/p>\n<p>Adicionalmente, fue judicializado como presunto responsable del homicidio de Jhonny Alonso Orjuela Rueda, propietario de los almacenes Surtifruver de la Sabana, cuyo crimen ocurri\u00f3 el 20 de octubre de 2016 en Bogot\u00e1.<\/p>\n<p>Precisamente, uno de los bienes ocupados por la Fiscal\u00eda y el Ej\u00e9rcito es un predio rural en el barrio Mochuelo, en el sur de Bogot\u00e1, donde se iba a realizar un cultivo de ar\u00e1ndanos, negocio que supuestamente se convirti\u00f3 en disputa entre Parra Rodr\u00edguez y el due\u00f1o del reconocido establecimiento de comercializaci\u00f3n de frutos, al parecer uno de los motivos para que se presentara al parecer el delito.<\/p>\n<p><strong>\u00a0<\/strong><\/p>\n<p><strong><span style=\"text-decoration: underline;\">El Quesero: presunto determinador de crimen de l\u00edder social en Pitalito (Huila)<\/span><\/strong><\/p>\n<p>Las investigaciones adelantadas por la Fiscal\u00eda General de la Naci\u00f3n sobre el homicidio del abogado, l\u00edder social y expersonero de Pitalito (Huila), Luis Gerardo Ochoa, ocurrido el 6 de abril del presente a\u00f1o, permitieron establecer que Mauricio Parra Rodr\u00edguez, tambi\u00e9n habr\u00eda tenido participaci\u00f3n en este crimen.<\/p>\n<p>Durante el fin de semana fueron capturados por la polic\u00eda judicial de la Fiscal\u00eda (CTI) cuatro de los se\u00f1alados determinadores del asesinato y dos de los presuntos autores materiales. Ante un juez de control de garant\u00edas de Neiva (Huila) fueron imputados por los delitos de homicidio y porte ilegal de armas, y recibieron medida de aseguramiento en centro carcelario.<\/p>\n<p>El Quesero, Opita o el Gusta fue vinculado a la investigaci\u00f3n como presunto autor intelectual. La audiencia se cumpl\u00eda v\u00eda internet desde el centro de reclusi\u00f3n, pero no termin\u00f3 debido a la renuncia de su defensa una vez conoci\u00f3 los cargos. En su caso, la diligencia ser\u00e1 reprogramada.<\/p>\n<p>Los dem\u00e1s capturados por el homicidio del expersonero, Luis Gerardo Ochoa, son:<\/p>\n<ul>\n<li>C\u00e9sar Sierra, representante legal de la Constructora Soginco, una de las sociedades ocupadas a Mauricio Parra Rodr\u00edguez, y seg\u00fan las evidencias, uno de sus socios principales.<\/li>\n<li>Edgar N\u00fa\u00f1ez, pastor de la iglesia cristiana La Voz de Dios y exsecretario de Planeaci\u00f3n de Pitalito.<\/li>\n<li>Mario Colorado, pastor de la iglesia cristiana La Voz de Dios<\/li>\n<li>Mauricio Ort\u00edz, contratista de la Alcald\u00eda de Pitalito.<\/li>\n<\/ul>\n<p>Los dos indiciados autores materiales fueron identificados como:<\/p>\n<ul>\n<li>Mauricio Murcia Orjuela, alias el Duende.<\/li>\n<li>Stewart Santacruz, alias la Muerte.<\/li>\n<\/ul>\n<p>La hip\u00f3tesis inicial que maneja la Fiscal\u00eda sobre el crimen, ser\u00eda la defensa que el abogado Luis Gerardo Ochoa asumi\u00f3 de un grupo de casi 400 v\u00edctimas de una supuesta estafa por una urbanizadora ilegal. Las investigaciones contin\u00faan.<\/p>\n<p><strong>\u00a0<\/strong><\/p>\n<p><strong><span style=\"text-decoration: underline;\">El emporio <\/span><\/strong><\/p>\n<p>Entre las propiedades ocupadas con fines de extinci\u00f3n de dominio a Mauricio Parra Rodr\u00edguez, que ascienden a cincuenta y siete mil millones de pesos ($57.000.000.000), hay un grupo de oficinas en un sector exclusivo en el norte de Bogot\u00e1, cinco veh\u00edculos, tres lotes donde se iban a desarrollar proyectos urban\u00edsticos en Ibagu\u00e9 (Tolima) y Pitalito (Huila), con sus respetivas licencias al d\u00eda; 14 predios rurales entre fincas y terrenos; dos apartamentos y garajes.<\/p>\n<p>De igual manera, figuran establecimientos comerciales como peluquer\u00edas y 10 sociedades, algunas eran constructoras, de venta de vivienda y acabados, y supuestamente serv\u00edan de fachada para lavar activos obtenidos a trav\u00e9s de actividades il\u00edcitas. Estas sociedades son:<\/p>\n<p>&nbsp;<\/p>\n<ul>\n<li>SOGINCO Acabados S.A.S<\/li>\n<li>SOGINGO Apartamentos S.A.S<\/li>\n<li>SOGINGO Centro Empresarial<\/li>\n<li>OCC Constructora S.A.S<\/li>\n<li>AGROEXPRESS S.A.S<\/li>\n<li>Banco de Predios Pitalito<\/li>\n<li>Banco de Predios S.A.S<\/li>\n<li>Profesionales 2.000 Ltda.<\/li>\n<li>Profesionales 2.000 S.A.S<\/li>\n<li>Cartagena Beach Jet Ski<\/li>\n<\/ul>\n<p>&nbsp;<\/p>\n<p>Respecto a la sociedad SOGINGO Apartamentos S.A.S., fue constituida por Mauricio Parra Rodr\u00edguez y C\u00e9sar Alberto Sierra, capturado por el presunto homicidio del expersonero de Pitalito, con un capital social de 1 mill\u00f3n de pesos, el 3 de junio de 2016. Al cierre del ejercicio y con base en la declaraci\u00f3n de renta de ese a\u00f1o y en la renovaci\u00f3n de matr\u00edcula mercantil, la compa\u00f1\u00eda report\u00f3 activos por $12.399\u2019660.000, dinero supuestamente inyectado a trav\u00e9s de la compra de tres predios en Pitalito donde pretend\u00edan realizar proyectos de construcci\u00f3n de vivienda.<\/p>\n<p>Parte de las propiedades y las sociedades ocupadas, as\u00ed como las cuentas congeladas, figuran a nombre de la hija de alias el Quesero, quien fue capturada el mismo d\u00eda de su padre. La detenida, de 28 a\u00f1os de edad, registr\u00f3 un incremento patrimonial inusitado, debido a que nunca ha trabajado ni ha declarado renta, como lo certifica la Direcci\u00f3n de Impuestos y Aduanas Nacionales (Dian). La mujer pretend\u00eda salir del pa\u00eds rumbo a M\u00e9xico y fue detenida en el avi\u00f3n por agentes de Migraci\u00f3n Colombia, cuando se encontraba a la espera del despegue. En audiencia de control de garant\u00edas fue imputada por los mismos delitos de su padre, lavado de activos y enriquecimiento il\u00edcito, pero recibi\u00f3 medida de aseguramiento consistente en detenci\u00f3n domiciliaria.<\/p>\n<p>&nbsp;<\/p>\n<p>&nbsp;<\/p>\n\n<div class=\"twitter-share\"><a href=\"https:\/\/twitter.com\/intent\/tweet?via=fiscaliacol\" class=\"twitter-share-button\">Tweet<\/a><\/div>\n","protected":false},"excerpt":{"rendered":"<p>Operaci\u00f3n de extinci\u00f3n de dominio y lavado de activos La Fiscal\u00eda General de la Naci\u00f3n, con apoyo del Ej\u00e9rcito Nacional, identific\u00f3 y ocup\u00f3 65 bienes de Mauricio Parra Rodr\u00edguez, conocido como el Quesero, Opita o el Gusta, quien se habr\u00eda convertido en uno de los principales testaferros del desaparecido Bloque Sur y la columna Te\u00f3filo [&hellip;]<\/p>\n","protected":false},"author":143,"featured_media":0,"comment_status":"closed","ping_status":"open","sticky":false,"template":"","format":"standard","meta":{"tdm_status":"","tdm_grid_status":"","footnotes":""},"categories":[24116,24096],"tags":[],"class_list":{"0":"post-109513","1":"post","2":"type-post","3":"status-publish","4":"format-standard","6":"category-extincion-de-dominio","7":"category-fiscal-general-de-la-nacion"},"yoast_head":"<!-- This site is optimized with the Yoast SEO plugin v24.3 - https:\/\/yoast.com\/wordpress\/plugins\/seo\/ -->\n<title>Fiscal\u00eda General de la Naci\u00f3n<\/title>\n<meta name=\"description\" content=\"P\u00e1gina oficial de la Fiscal\u00eda General de la Naci\u00f3n \u2013 Colombia. Garantizamos el acceso efectivo a la justicia, la verdad y la reparaci\u00f3n de las v\u00edctimas de los delitos.\" \/>\n<meta name=\"robots\" content=\"noindex, follow\" \/>\n<meta property=\"og:locale\" content=\"es_ES\" \/>\n<meta property=\"og:type\" content=\"article\" \/>\n<meta property=\"og:title\" content=\"Fiscal\u00eda General de la Naci\u00f3n\" \/>\n<meta property=\"og:description\" content=\"P\u00e1gina oficial de la Fiscal\u00eda General de la Naci\u00f3n \u2013 Colombia. Garantizamos el acceso efectivo a la justicia, la verdad y la reparaci\u00f3n de las v\u00edctimas de los delitos.\" \/>\n<meta property=\"og:url\" content=\"https:\/\/www.fiscalia.gov.co\/colombia\/fiscal-general-de-la-nacion\/de-proveedor-de-mercados-de-las-farc-a-supuesto-testaferro-multimillonario\/\" \/>\n<meta property=\"og:site_name\" content=\"Fiscal\u00eda General de la Naci\u00f3n\" \/>\n<meta property=\"article:publisher\" content=\"https:\/\/www.facebook.com\/FiscaliaCol\" \/>\n<meta property=\"article:published_time\" content=\"2017-09-12T18:00:34+00:00\" \/>\n<meta property=\"article:modified_time\" content=\"2017-09-12T20:06:55+00:00\" \/>\n<meta name=\"author\" content=\"dfgordillo\" \/>\n<meta name=\"twitter:card\" content=\"summary_large_image\" \/>\n<meta name=\"twitter:creator\" content=\"@FiscaliaCol\" \/>\n<meta name=\"twitter:site\" content=\"@FiscaliaCol\" \/>\n<meta name=\"twitter:label1\" content=\"Escrito por\" \/>\n\t<meta name=\"twitter:data1\" content=\"dfgordillo\" \/>\n\t<meta name=\"twitter:label2\" content=\"Tiempo de lectura\" \/>\n\t<meta name=\"twitter:data2\" content=\"7 minutos\" \/>\n<script type=\"application\/ld+json\" class=\"yoast-schema-graph\">{\"@context\":\"https:\/\/schema.org\",\"@graph\":[{\"@type\":\"Article\",\"@id\":\"https:\/\/www.fiscalia.gov.co\/colombia\/fiscal-general-de-la-nacion\/de-proveedor-de-mercados-de-las-farc-a-supuesto-testaferro-multimillonario\/#article\",\"isPartOf\":{\"@id\":\"https:\/\/www.fiscalia.gov.co\/colombia\/fiscal-general-de-la-nacion\/de-proveedor-de-mercados-de-las-farc-a-supuesto-testaferro-multimillonario\/\"},\"author\":{\"name\":\"dfgordillo\",\"@id\":\"https:\/\/www.fiscalia.gov.co\/colombia\/#\/schema\/person\/3903856a3ce2d54b094c69eb29247895\"},\"headline\":\"De proveedor de mercados de las Farc a supuesto testaferro multimillonario\",\"datePublished\":\"2017-09-12T18:00:34+00:00\",\"dateModified\":\"2017-09-12T20:06:55+00:00\",\"mainEntityOfPage\":{\"@id\":\"https:\/\/www.fiscalia.gov.co\/colombia\/fiscal-general-de-la-nacion\/de-proveedor-de-mercados-de-las-farc-a-supuesto-testaferro-multimillonario\/\"},\"wordCount\":1355,\"publisher\":{\"@id\":\"https:\/\/www.fiscalia.gov.co\/colombia\/#organization\"},\"articleSection\":[\"Extinci\u00f3n de dominio\",\"Fiscal General de la Naci\u00f3n\"],\"inLanguage\":\"es-CO\"},{\"@type\":\"WebPage\",\"@id\":\"https:\/\/www.fiscalia.gov.co\/colombia\/fiscal-general-de-la-nacion\/de-proveedor-de-mercados-de-las-farc-a-supuesto-testaferro-multimillonario\/\",\"url\":\"https:\/\/www.fiscalia.gov.co\/colombia\/fiscal-general-de-la-nacion\/de-proveedor-de-mercados-de-las-farc-a-supuesto-testaferro-multimillonario\/\",\"name\":\"Fiscal\u00eda General de la Naci\u00f3n\",\"isPartOf\":{\"@id\":\"https:\/\/www.fiscalia.gov.co\/colombia\/#website\"},\"datePublished\":\"2017-09-12T18:00:34+00:00\",\"dateModified\":\"2017-09-12T20:06:55+00:00\",\"description\":\"P\u00e1gina oficial de la Fiscal\u00eda General de la Naci\u00f3n \u2013 Colombia. Garantizamos el acceso efectivo a la justicia, la verdad y la reparaci\u00f3n de las v\u00edctimas de los delitos.\",\"breadcrumb\":{\"@id\":\"https:\/\/www.fiscalia.gov.co\/colombia\/fiscal-general-de-la-nacion\/de-proveedor-de-mercados-de-las-farc-a-supuesto-testaferro-multimillonario\/#breadcrumb\"},\"inLanguage\":\"es-CO\",\"potentialAction\":[{\"@type\":\"ReadAction\",\"target\":[\"https:\/\/www.fiscalia.gov.co\/colombia\/fiscal-general-de-la-nacion\/de-proveedor-de-mercados-de-las-farc-a-supuesto-testaferro-multimillonario\/\"]}]},{\"@type\":\"BreadcrumbList\",\"@id\":\"https:\/\/www.fiscalia.gov.co\/colombia\/fiscal-general-de-la-nacion\/de-proveedor-de-mercados-de-las-farc-a-supuesto-testaferro-multimillonario\/#breadcrumb\",\"itemListElement\":[{\"@type\":\"ListItem\",\"position\":1,\"name\":\"Home\",\"item\":\"https:\/\/www.fiscalia.gov.co\/colombia\/\"},{\"@type\":\"ListItem\",\"position\":2,\"name\":\"De proveedor de mercados de las Farc a supuesto testaferro multimillonario\"}]},{\"@type\":\"WebSite\",\"@id\":\"https:\/\/www.fiscalia.gov.co\/colombia\/#website\",\"url\":\"https:\/\/www.fiscalia.gov.co\/colombia\/\",\"name\":\"Fiscal\u00eda General de la Naci\u00f3n\",\"description\":\"P\u00e1gina oficial de la Fiscal\u00eda General de la Naci\u00f3n \u2013 Colombia. Garantizamos el acceso efectivo a la justicia, la verdad y la reparaci\u00f3n de las v\u00edctimas de los delitos.\",\"publisher\":{\"@id\":\"https:\/\/www.fiscalia.gov.co\/colombia\/#organization\"},\"potentialAction\":[{\"@type\":\"SearchAction\",\"target\":{\"@type\":\"EntryPoint\",\"urlTemplate\":\"https:\/\/www.fiscalia.gov.co\/colombia\/?s={search_term_string}\"},\"query-input\":{\"@type\":\"PropertyValueSpecification\",\"valueRequired\":true,\"valueName\":\"search_term_string\"}}],\"inLanguage\":\"es-CO\"},{\"@type\":\"Organization\",\"@id\":\"https:\/\/www.fiscalia.gov.co\/colombia\/#organization\",\"name\":\"Fiscal\u00eda General de la Naci\u00f3n\",\"url\":\"https:\/\/www.fiscalia.gov.co\/colombia\/\",\"logo\":{\"@type\":\"ImageObject\",\"inLanguage\":\"es-CO\",\"@id\":\"https:\/\/www.fiscalia.gov.co\/colombia\/#\/schema\/logo\/image\/\",\"url\":\"https:\/\/www.fiscalia.gov.co\/colombia\/wp-content\/uploads\/LogoHorizontal_1.jpg\",\"contentUrl\":\"https:\/\/www.fiscalia.gov.co\/colombia\/wp-content\/uploads\/LogoHorizontal_1.jpg\",\"width\":300,\"height\":90,\"caption\":\"Fiscal\u00eda General de la Naci\u00f3n\"},\"image\":{\"@id\":\"https:\/\/www.fiscalia.gov.co\/colombia\/#\/schema\/logo\/image\/\"},\"sameAs\":[\"https:\/\/www.facebook.com\/FiscaliaCol\",\"https:\/\/x.com\/FiscaliaCol\",\"https:\/\/www.instagram.com\/fiscaliacol\",\"https:\/\/www.linkedin.com\/company\/fiscalia-general-de-la-naci-n\/\",\"https:\/\/youtube.com\/@fiscaliageneraldelanacion-4668?si=6nN79nyQICPU5iTh\"]},{\"@type\":\"Person\",\"@id\":\"https:\/\/www.fiscalia.gov.co\/colombia\/#\/schema\/person\/3903856a3ce2d54b094c69eb29247895\",\"name\":\"dfgordillo\",\"image\":{\"@type\":\"ImageObject\",\"inLanguage\":\"es-CO\",\"@id\":\"https:\/\/www.fiscalia.gov.co\/colombia\/#\/schema\/person\/image\/\",\"url\":\"https:\/\/secure.gravatar.com\/avatar\/b6356e21c5657c60757fe6fb9493e947?s=96&d=mm&r=g\",\"contentUrl\":\"https:\/\/secure.gravatar.com\/avatar\/b6356e21c5657c60757fe6fb9493e947?s=96&d=mm&r=g\",\"caption\":\"dfgordillo\"},\"sameAs\":[\"dfgordillo\"],\"url\":\"https:\/\/www.fiscalia.gov.co\/colombia\/author\/dfgordillo\/\"}]}<\/script>\n<!-- \/ Yoast SEO plugin. -->","yoast_head_json":{"title":"Fiscal\u00eda General de la Naci\u00f3n","description":"P\u00e1gina oficial de la Fiscal\u00eda General de la Naci\u00f3n \u2013 Colombia. Garantizamos el acceso efectivo a la justicia, la verdad y la reparaci\u00f3n de las v\u00edctimas de los delitos.","robots":{"index":"noindex","follow":"follow"},"og_locale":"es_ES","og_type":"article","og_title":"Fiscal\u00eda General de la Naci\u00f3n","og_description":"P\u00e1gina oficial de la Fiscal\u00eda General de la Naci\u00f3n \u2013 Colombia. Garantizamos el acceso efectivo a la justicia, la verdad y la reparaci\u00f3n de las v\u00edctimas de los delitos.","og_url":"https:\/\/www.fiscalia.gov.co\/colombia\/fiscal-general-de-la-nacion\/de-proveedor-de-mercados-de-las-farc-a-supuesto-testaferro-multimillonario\/","og_site_name":"Fiscal\u00eda General de la Naci\u00f3n","article_publisher":"https:\/\/www.facebook.com\/FiscaliaCol","article_published_time":"2017-09-12T18:00:34+00:00","article_modified_time":"2017-09-12T20:06:55+00:00","author":"dfgordillo","twitter_card":"summary_large_image","twitter_creator":"@FiscaliaCol","twitter_site":"@FiscaliaCol","twitter_misc":{"Escrito por":"dfgordillo","Tiempo de lectura":"7 minutos"},"schema":{"@context":"https:\/\/schema.org","@graph":[{"@type":"Article","@id":"https:\/\/www.fiscalia.gov.co\/colombia\/fiscal-general-de-la-nacion\/de-proveedor-de-mercados-de-las-farc-a-supuesto-testaferro-multimillonario\/#article","isPartOf":{"@id":"https:\/\/www.fiscalia.gov.co\/colombia\/fiscal-general-de-la-nacion\/de-proveedor-de-mercados-de-las-farc-a-supuesto-testaferro-multimillonario\/"},"author":{"name":"dfgordillo","@id":"https:\/\/www.fiscalia.gov.co\/colombia\/#\/schema\/person\/3903856a3ce2d54b094c69eb29247895"},"headline":"De proveedor de mercados de las Farc a supuesto testaferro multimillonario","datePublished":"2017-09-12T18:00:34+00:00","dateModified":"2017-09-12T20:06:55+00:00","mainEntityOfPage":{"@id":"https:\/\/www.fiscalia.gov.co\/colombia\/fiscal-general-de-la-nacion\/de-proveedor-de-mercados-de-las-farc-a-supuesto-testaferro-multimillonario\/"},"wordCount":1355,"publisher":{"@id":"https:\/\/www.fiscalia.gov.co\/colombia\/#organization"},"articleSection":["Extinci\u00f3n de dominio","Fiscal General de la Naci\u00f3n"],"inLanguage":"es-CO"},{"@type":"WebPage","@id":"https:\/\/www.fiscalia.gov.co\/colombia\/fiscal-general-de-la-nacion\/de-proveedor-de-mercados-de-las-farc-a-supuesto-testaferro-multimillonario\/","url":"https:\/\/www.fiscalia.gov.co\/colombia\/fiscal-general-de-la-nacion\/de-proveedor-de-mercados-de-las-farc-a-supuesto-testaferro-multimillonario\/","name":"Fiscal\u00eda General de la Naci\u00f3n","isPartOf":{"@id":"https:\/\/www.fiscalia.gov.co\/colombia\/#website"},"datePublished":"2017-09-12T18:00:34+00:00","dateModified":"2017-09-12T20:06:55+00:00","description":"P\u00e1gina oficial de la Fiscal\u00eda General de la Naci\u00f3n \u2013 Colombia. Garantizamos el acceso efectivo a la justicia, la verdad y la reparaci\u00f3n de las v\u00edctimas de los delitos.","breadcrumb":{"@id":"https:\/\/www.fiscalia.gov.co\/colombia\/fiscal-general-de-la-nacion\/de-proveedor-de-mercados-de-las-farc-a-supuesto-testaferro-multimillonario\/#breadcrumb"},"inLanguage":"es-CO","potentialAction":[{"@type":"ReadAction","target":["https:\/\/www.fiscalia.gov.co\/colombia\/fiscal-general-de-la-nacion\/de-proveedor-de-mercados-de-las-farc-a-supuesto-testaferro-multimillonario\/"]}]},{"@type":"BreadcrumbList","@id":"https:\/\/www.fiscalia.gov.co\/colombia\/fiscal-general-de-la-nacion\/de-proveedor-de-mercados-de-las-farc-a-supuesto-testaferro-multimillonario\/#breadcrumb","itemListElement":[{"@type":"ListItem","position":1,"name":"Home","item":"https:\/\/www.fiscalia.gov.co\/colombia\/"},{"@type":"ListItem","position":2,"name":"De proveedor de mercados de las Farc a supuesto testaferro multimillonario"}]},{"@type":"WebSite","@id":"https:\/\/www.fiscalia.gov.co\/colombia\/#website","url":"https:\/\/www.fiscalia.gov.co\/colombia\/","name":"Fiscal\u00eda General de la Naci\u00f3n","description":"P\u00e1gina oficial de la Fiscal\u00eda General de la Naci\u00f3n \u2013 Colombia. Garantizamos el acceso efectivo a la justicia, la verdad y la reparaci\u00f3n de las v\u00edctimas de los delitos.","publisher":{"@id":"https:\/\/www.fiscalia.gov.co\/colombia\/#organization"},"potentialAction":[{"@type":"SearchAction","target":{"@type":"EntryPoint","urlTemplate":"https:\/\/www.fiscalia.gov.co\/colombia\/?s={search_term_string}"},"query-input":{"@type":"PropertyValueSpecification","valueRequired":true,"valueName":"search_term_string"}}],"inLanguage":"es-CO"},{"@type":"Organization","@id":"https:\/\/www.fiscalia.gov.co\/colombia\/#organization","name":"Fiscal\u00eda General de la Naci\u00f3n","url":"https:\/\/www.fiscalia.gov.co\/colombia\/","logo":{"@type":"ImageObject","inLanguage":"es-CO","@id":"https:\/\/www.fiscalia.gov.co\/colombia\/#\/schema\/logo\/image\/","url":"https:\/\/www.fiscalia.gov.co\/colombia\/wp-content\/uploads\/LogoHorizontal_1.jpg","contentUrl":"https:\/\/www.fiscalia.gov.co\/colombia\/wp-content\/uploads\/LogoHorizontal_1.jpg","width":300,"height":90,"caption":"Fiscal\u00eda General de la Naci\u00f3n"},"image":{"@id":"https:\/\/www.fiscalia.gov.co\/colombia\/#\/schema\/logo\/image\/"},"sameAs":["https:\/\/www.facebook.com\/FiscaliaCol","https:\/\/x.com\/FiscaliaCol","https:\/\/www.instagram.com\/fiscaliacol","https:\/\/www.linkedin.com\/company\/fiscalia-general-de-la-naci-n\/","https:\/\/youtube.com\/@fiscaliageneraldelanacion-4668?si=6nN79nyQICPU5iTh"]},{"@type":"Person","@id":"https:\/\/www.fiscalia.gov.co\/colombia\/#\/schema\/person\/3903856a3ce2d54b094c69eb29247895","name":"dfgordillo","image":{"@type":"ImageObject","inLanguage":"es-CO","@id":"https:\/\/www.fiscalia.gov.co\/colombia\/#\/schema\/person\/image\/","url":"https:\/\/secure.gravatar.com\/avatar\/b6356e21c5657c60757fe6fb9493e947?s=96&d=mm&r=g","contentUrl":"https:\/\/secure.gravatar.com\/avatar\/b6356e21c5657c60757fe6fb9493e947?s=96&d=mm&r=g","caption":"dfgordillo"},"sameAs":["dfgordillo"],"url":"https:\/\/www.fiscalia.gov.co\/colombia\/author\/dfgordillo\/"}]}},"_links":{"self":[{"href":"https:\/\/www.fiscalia.gov.co\/colombia\/wp-json\/wp\/v2\/posts\/109513","targetHints":{"allow":["GET"]}}],"collection":[{"href":"https:\/\/www.fiscalia.gov.co\/colombia\/wp-json\/wp\/v2\/posts"}],"about":[{"href":"https:\/\/www.fiscalia.gov.co\/colombia\/wp-json\/wp\/v2\/types\/post"}],"author":[{"embeddable":true,"href":"https:\/\/www.fiscalia.gov.co\/colombia\/wp-json\/wp\/v2\/users\/143"}],"replies":[{"embeddable":true,"href":"https:\/\/www.fiscalia.gov.co\/colombia\/wp-json\/wp\/v2\/comments?post=109513"}],"version-history":[{"count":2,"href":"https:\/\/www.fiscalia.gov.co\/colombia\/wp-json\/wp\/v2\/posts\/109513\/revisions"}],"predecessor-version":[{"id":109516,"href":"https:\/\/www.fiscalia.gov.co\/colombia\/wp-json\/wp\/v2\/posts\/109513\/revisions\/109516"}],"wp:attachment":[{"href":"https:\/\/www.fiscalia.gov.co\/colombia\/wp-json\/wp\/v2\/media?parent=109513"}],"wp:term":[{"taxonomy":"category","embeddable":true,"href":"https:\/\/www.fiscalia.gov.co\/colombia\/wp-json\/wp\/v2\/categories?post=109513"},{"taxonomy":"post_tag","embeddable":true,"href":"https:\/\/www.fiscalia.gov.co\/colombia\/wp-json\/wp\/v2\/tags?post=109513"}],"curies":[{"name":"wp","href":"https:\/\/api.w.org\/{rel}","templated":true}]}}