{"id":109392,"date":"2017-09-06T11:25:50","date_gmt":"2017-09-06T16:25:50","guid":{"rendered":"http:\/\/www.fiscalia.gov.co\/colombia\/?p=109392"},"modified":"2017-09-08T09:47:02","modified_gmt":"2017-09-08T14:47:02","slug":"asegurados-por-presunta-exigencia-de-dinero-a-familia-colombo-espanola-por-una-falsa-deuda-en-europa","status":"publish","type":"post","link":"https:\/\/www.fiscalia.gov.co\/colombia\/seguridad-territorial\/asegurados-por-presunta-exigencia-de-dinero-a-familia-colombo-espanola-por-una-falsa-deuda-en-europa\/","title":{"rendered":"Asegurados por presunta exigencia de dinero a familia colombo-espa\u00f1ola por una falsa deuda en Europa"},"content":{"rendered":"<p>Andr\u00e9s Felipe Mesa Porras, Dar\u00edo Alexander Montoya Taborda y \u00c1lvaro Andr\u00e9s Correa Guzm\u00e1n fueron capturados este lunes 4 de septiembre por el Cuerpo T\u00e9cnico de Investigaci\u00f3n adscritos al Gaula Militar, mientras recib\u00edan un malet\u00edn que simulaba tener el dinero producto de la extorsi\u00f3n a una familia colombo-espa\u00f1ola.<\/p>\n<p>La Fiscal\u00eda General de la Naci\u00f3n investiga el posible nexo de los procesados con una organizaci\u00f3n criminal en Europa para exigirle la millonaria suma a la familia v\u00edctima.<\/p>\n<p>A comienzos de agosto \u00faltimo, 3 hombres llegaron hasta la urbanizaci\u00f3n donde resid\u00edan las v\u00edctimas, se identificaron como familiares y le preguntaron al vigilante si ellos se encontraban, pero este manifest\u00f3 no poder dar ese tipo de informaci\u00f3n. As\u00ed ocurri\u00f3 en varias oportunidades hasta que los visitantes le mostraron fotograf\u00edas de la familia y el portero inocente confirm\u00f3 algunos datos de los habitantes del inmueble.<\/p>\n<p>Los hombres regresaron en varias oportunidades, dejaron un n\u00famero telef\u00f3nico para que los llamara y en la \u00faltima visita dejaron una carta en la que dec\u00edan que no les daban m\u00e1s plazo, que ten\u00edan toda la familia ubicada.<\/p>\n<p>Una de las v\u00edctimas se comunic\u00f3 con los extorsionistas y estos le exigieron la suma de 45 mil euros por una supuesta deuda que ten\u00edan sus padres en Espa\u00f1a, de lo contrario atentar\u00edan contra la vida de todo el n\u00facleo familiar.<\/p>\n<p>Las v\u00edctimas en Colombia se comunicaron con sus familiares en Europa y estos les aseguraron no tener ninguna obligaci\u00f3n monetaria. Adem\u00e1s les dijeron que ellos tambi\u00e9n estaban siendo v\u00edctimas de la exigencia econ\u00f3mica en el pa\u00eds europeo.<\/p>\n<p>Los ilegales llamaron a la abuela de la familia en varias ocasiones y\u00a0 bajo amenazas le advirtieron que deb\u00eda obligar a su hijo a\u00a0 que pagara dicho dinero.<\/p>\n<p>Los extorsionistas les exigieron a las v\u00edctimas pagar la suma requerida en varias entregas o con propiedades; por lo tanto, la primera entrega de 80 millones de pesos se realizar\u00eda este lunes en un local comercial del municipio de Envigado (Antioquia), lugar donde fueron\u00a0 aprehendidos por el CTI y el Gaula Militar.<\/p>\n<p>Por estos mismos hechos, la semana inmediatamente anterior fueron judicializadas 3 personas en Espa\u00f1a.<\/p>\n<p>Mesa Porras, Montoya Taborda y Correa Guzm\u00e1n no aceptaron los cargos imputados por un fiscal destacado ante el Gaula Militar por el delito de tentativa de extorsi\u00f3n agravada.<\/p>\n<p>El Juzgado 32 Penal Municipal de Medell\u00edn, con funciones de control de garant\u00edas, los cobij\u00f3 con medida de aseguramiento intramuros.<\/p>\n<p>NAMT\/DLBM<\/p>\n\n<div class=\"twitter-share\"><a href=\"https:\/\/twitter.com\/intent\/tweet?via=fiscaliacol\" class=\"twitter-share-button\">Tweet<\/a><\/div>\n","protected":false},"excerpt":{"rendered":"<p>Andr\u00e9s Felipe Mesa Porras, Dar\u00edo Alexander Montoya Taborda y \u00c1lvaro Andr\u00e9s Correa Guzm\u00e1n fueron capturados este lunes 4 de septiembre por el Cuerpo T\u00e9cnico de Investigaci\u00f3n adscritos al Gaula Militar, mientras recib\u00edan un malet\u00edn que simulaba tener el dinero producto de la extorsi\u00f3n a una familia colombo-espa\u00f1ola. La Fiscal\u00eda General de la Naci\u00f3n investiga el [&hellip;]<\/p>\n","protected":false},"author":143,"featured_media":0,"comment_status":"closed","ping_status":"open","sticky":false,"template":"","format":"standard","meta":{"tdm_status":"","tdm_grid_status":"","footnotes":""},"categories":[24099],"tags":[],"class_list":{"0":"post-109392","1":"post","2":"type-post","3":"status-publish","4":"format-standard","6":"category-seguridad-territorial"},"yoast_head":"<!-- This site is optimized with the Yoast SEO plugin v24.3 - https:\/\/yoast.com\/wordpress\/plugins\/seo\/ -->\n<title>Fiscal\u00eda General de la Naci\u00f3n<\/title>\n<meta name=\"description\" content=\"P\u00e1gina oficial de la Fiscal\u00eda General de la Naci\u00f3n \u2013 Colombia. Garantizamos el acceso efectivo a la justicia, la verdad y la reparaci\u00f3n de las v\u00edctimas de los delitos.\" \/>\n<meta name=\"robots\" content=\"noindex, follow\" \/>\n<meta property=\"og:locale\" content=\"es_ES\" \/>\n<meta property=\"og:type\" content=\"article\" \/>\n<meta property=\"og:title\" content=\"Fiscal\u00eda General de la Naci\u00f3n\" \/>\n<meta property=\"og:description\" content=\"P\u00e1gina oficial de la Fiscal\u00eda General de la Naci\u00f3n \u2013 Colombia. Garantizamos el acceso efectivo a la justicia, la verdad y la reparaci\u00f3n de las v\u00edctimas de los delitos.\" \/>\n<meta property=\"og:url\" content=\"https:\/\/www.fiscalia.gov.co\/colombia\/seguridad-territorial\/asegurados-por-presunta-exigencia-de-dinero-a-familia-colombo-espanola-por-una-falsa-deuda-en-europa\/\" \/>\n<meta property=\"og:site_name\" content=\"Fiscal\u00eda General de la Naci\u00f3n\" \/>\n<meta property=\"article:publisher\" content=\"https:\/\/www.facebook.com\/FiscaliaCol\" \/>\n<meta property=\"article:published_time\" content=\"2017-09-06T16:25:50+00:00\" \/>\n<meta property=\"article:modified_time\" content=\"2017-09-08T14:47:02+00:00\" \/>\n<meta name=\"author\" content=\"dfgordillo\" \/>\n<meta name=\"twitter:card\" content=\"summary_large_image\" \/>\n<meta name=\"twitter:creator\" content=\"@FiscaliaCol\" \/>\n<meta name=\"twitter:site\" content=\"@FiscaliaCol\" \/>\n<meta name=\"twitter:label1\" content=\"Escrito por\" \/>\n\t<meta name=\"twitter:data1\" content=\"dfgordillo\" \/>\n\t<meta name=\"twitter:label2\" content=\"Tiempo de lectura\" \/>\n\t<meta name=\"twitter:data2\" content=\"2 minutos\" \/>\n<script type=\"application\/ld+json\" class=\"yoast-schema-graph\">{\"@context\":\"https:\/\/schema.org\",\"@graph\":[{\"@type\":\"Article\",\"@id\":\"https:\/\/www.fiscalia.gov.co\/colombia\/seguridad-territorial\/asegurados-por-presunta-exigencia-de-dinero-a-familia-colombo-espanola-por-una-falsa-deuda-en-europa\/#article\",\"isPartOf\":{\"@id\":\"https:\/\/www.fiscalia.gov.co\/colombia\/seguridad-territorial\/asegurados-por-presunta-exigencia-de-dinero-a-familia-colombo-espanola-por-una-falsa-deuda-en-europa\/\"},\"author\":{\"name\":\"dfgordillo\",\"@id\":\"https:\/\/www.fiscalia.gov.co\/colombia\/#\/schema\/person\/3903856a3ce2d54b094c69eb29247895\"},\"headline\":\"Asegurados por presunta exigencia de dinero a familia colombo-espa\u00f1ola por una falsa deuda en Europa\",\"datePublished\":\"2017-09-06T16:25:50+00:00\",\"dateModified\":\"2017-09-08T14:47:02+00:00\",\"mainEntityOfPage\":{\"@id\":\"https:\/\/www.fiscalia.gov.co\/colombia\/seguridad-territorial\/asegurados-por-presunta-exigencia-de-dinero-a-familia-colombo-espanola-por-una-falsa-deuda-en-europa\/\"},\"wordCount\":454,\"publisher\":{\"@id\":\"https:\/\/www.fiscalia.gov.co\/colombia\/#organization\"},\"articleSection\":[\"Seguridad territorial\"],\"inLanguage\":\"es-CO\"},{\"@type\":\"WebPage\",\"@id\":\"https:\/\/www.fiscalia.gov.co\/colombia\/seguridad-territorial\/asegurados-por-presunta-exigencia-de-dinero-a-familia-colombo-espanola-por-una-falsa-deuda-en-europa\/\",\"url\":\"https:\/\/www.fiscalia.gov.co\/colombia\/seguridad-territorial\/asegurados-por-presunta-exigencia-de-dinero-a-familia-colombo-espanola-por-una-falsa-deuda-en-europa\/\",\"name\":\"Fiscal\u00eda General de la Naci\u00f3n\",\"isPartOf\":{\"@id\":\"https:\/\/www.fiscalia.gov.co\/colombia\/#website\"},\"datePublished\":\"2017-09-06T16:25:50+00:00\",\"dateModified\":\"2017-09-08T14:47:02+00:00\",\"description\":\"P\u00e1gina oficial de la Fiscal\u00eda General de la Naci\u00f3n \u2013 Colombia. Garantizamos el acceso efectivo a la justicia, la verdad y la reparaci\u00f3n de las v\u00edctimas de los delitos.\",\"breadcrumb\":{\"@id\":\"https:\/\/www.fiscalia.gov.co\/colombia\/seguridad-territorial\/asegurados-por-presunta-exigencia-de-dinero-a-familia-colombo-espanola-por-una-falsa-deuda-en-europa\/#breadcrumb\"},\"inLanguage\":\"es-CO\",\"potentialAction\":[{\"@type\":\"ReadAction\",\"target\":[\"https:\/\/www.fiscalia.gov.co\/colombia\/seguridad-territorial\/asegurados-por-presunta-exigencia-de-dinero-a-familia-colombo-espanola-por-una-falsa-deuda-en-europa\/\"]}]},{\"@type\":\"BreadcrumbList\",\"@id\":\"https:\/\/www.fiscalia.gov.co\/colombia\/seguridad-territorial\/asegurados-por-presunta-exigencia-de-dinero-a-familia-colombo-espanola-por-una-falsa-deuda-en-europa\/#breadcrumb\",\"itemListElement\":[{\"@type\":\"ListItem\",\"position\":1,\"name\":\"Home\",\"item\":\"https:\/\/www.fiscalia.gov.co\/colombia\/\"},{\"@type\":\"ListItem\",\"position\":2,\"name\":\"Asegurados por presunta exigencia de dinero a familia colombo-espa\u00f1ola por una falsa deuda en Europa\"}]},{\"@type\":\"WebSite\",\"@id\":\"https:\/\/www.fiscalia.gov.co\/colombia\/#website\",\"url\":\"https:\/\/www.fiscalia.gov.co\/colombia\/\",\"name\":\"Fiscal\u00eda General de la Naci\u00f3n\",\"description\":\"P\u00e1gina oficial de la Fiscal\u00eda General de la Naci\u00f3n \u2013 Colombia. Garantizamos el acceso efectivo a la justicia, la verdad y la reparaci\u00f3n de las v\u00edctimas de los delitos.\",\"publisher\":{\"@id\":\"https:\/\/www.fiscalia.gov.co\/colombia\/#organization\"},\"potentialAction\":[{\"@type\":\"SearchAction\",\"target\":{\"@type\":\"EntryPoint\",\"urlTemplate\":\"https:\/\/www.fiscalia.gov.co\/colombia\/?s={search_term_string}\"},\"query-input\":{\"@type\":\"PropertyValueSpecification\",\"valueRequired\":true,\"valueName\":\"search_term_string\"}}],\"inLanguage\":\"es-CO\"},{\"@type\":\"Organization\",\"@id\":\"https:\/\/www.fiscalia.gov.co\/colombia\/#organization\",\"name\":\"Fiscal\u00eda General de la Naci\u00f3n\",\"url\":\"https:\/\/www.fiscalia.gov.co\/colombia\/\",\"logo\":{\"@type\":\"ImageObject\",\"inLanguage\":\"es-CO\",\"@id\":\"https:\/\/www.fiscalia.gov.co\/colombia\/#\/schema\/logo\/image\/\",\"url\":\"https:\/\/www.fiscalia.gov.co\/colombia\/wp-content\/uploads\/LogoHorizontal_1.jpg\",\"contentUrl\":\"https:\/\/www.fiscalia.gov.co\/colombia\/wp-content\/uploads\/LogoHorizontal_1.jpg\",\"width\":300,\"height\":90,\"caption\":\"Fiscal\u00eda General de la Naci\u00f3n\"},\"image\":{\"@id\":\"https:\/\/www.fiscalia.gov.co\/colombia\/#\/schema\/logo\/image\/\"},\"sameAs\":[\"https:\/\/www.facebook.com\/FiscaliaCol\",\"https:\/\/x.com\/FiscaliaCol\",\"https:\/\/www.instagram.com\/fiscaliacol\",\"https:\/\/www.linkedin.com\/company\/fiscalia-general-de-la-naci-n\/\",\"https:\/\/youtube.com\/@fiscaliageneraldelanacion-4668?si=6nN79nyQICPU5iTh\"]},{\"@type\":\"Person\",\"@id\":\"https:\/\/www.fiscalia.gov.co\/colombia\/#\/schema\/person\/3903856a3ce2d54b094c69eb29247895\",\"name\":\"dfgordillo\",\"image\":{\"@type\":\"ImageObject\",\"inLanguage\":\"es-CO\",\"@id\":\"https:\/\/www.fiscalia.gov.co\/colombia\/#\/schema\/person\/image\/\",\"url\":\"https:\/\/secure.gravatar.com\/avatar\/b6356e21c5657c60757fe6fb9493e947?s=96&d=mm&r=g\",\"contentUrl\":\"https:\/\/secure.gravatar.com\/avatar\/b6356e21c5657c60757fe6fb9493e947?s=96&d=mm&r=g\",\"caption\":\"dfgordillo\"},\"sameAs\":[\"dfgordillo\"],\"url\":\"https:\/\/www.fiscalia.gov.co\/colombia\/author\/dfgordillo\/\"}]}<\/script>\n<!-- \/ Yoast SEO plugin. -->","yoast_head_json":{"title":"Fiscal\u00eda General de la Naci\u00f3n","description":"P\u00e1gina oficial de la Fiscal\u00eda General de la Naci\u00f3n \u2013 Colombia. Garantizamos el acceso efectivo a la justicia, la verdad y la reparaci\u00f3n de las v\u00edctimas de los delitos.","robots":{"index":"noindex","follow":"follow"},"og_locale":"es_ES","og_type":"article","og_title":"Fiscal\u00eda General de la Naci\u00f3n","og_description":"P\u00e1gina oficial de la Fiscal\u00eda General de la Naci\u00f3n \u2013 Colombia. Garantizamos el acceso efectivo a la justicia, la verdad y la reparaci\u00f3n de las v\u00edctimas de los delitos.","og_url":"https:\/\/www.fiscalia.gov.co\/colombia\/seguridad-territorial\/asegurados-por-presunta-exigencia-de-dinero-a-familia-colombo-espanola-por-una-falsa-deuda-en-europa\/","og_site_name":"Fiscal\u00eda General de la Naci\u00f3n","article_publisher":"https:\/\/www.facebook.com\/FiscaliaCol","article_published_time":"2017-09-06T16:25:50+00:00","article_modified_time":"2017-09-08T14:47:02+00:00","author":"dfgordillo","twitter_card":"summary_large_image","twitter_creator":"@FiscaliaCol","twitter_site":"@FiscaliaCol","twitter_misc":{"Escrito por":"dfgordillo","Tiempo de lectura":"2 minutos"},"schema":{"@context":"https:\/\/schema.org","@graph":[{"@type":"Article","@id":"https:\/\/www.fiscalia.gov.co\/colombia\/seguridad-territorial\/asegurados-por-presunta-exigencia-de-dinero-a-familia-colombo-espanola-por-una-falsa-deuda-en-europa\/#article","isPartOf":{"@id":"https:\/\/www.fiscalia.gov.co\/colombia\/seguridad-territorial\/asegurados-por-presunta-exigencia-de-dinero-a-familia-colombo-espanola-por-una-falsa-deuda-en-europa\/"},"author":{"name":"dfgordillo","@id":"https:\/\/www.fiscalia.gov.co\/colombia\/#\/schema\/person\/3903856a3ce2d54b094c69eb29247895"},"headline":"Asegurados por presunta exigencia de dinero a familia colombo-espa\u00f1ola por una falsa deuda en Europa","datePublished":"2017-09-06T16:25:50+00:00","dateModified":"2017-09-08T14:47:02+00:00","mainEntityOfPage":{"@id":"https:\/\/www.fiscalia.gov.co\/colombia\/seguridad-territorial\/asegurados-por-presunta-exigencia-de-dinero-a-familia-colombo-espanola-por-una-falsa-deuda-en-europa\/"},"wordCount":454,"publisher":{"@id":"https:\/\/www.fiscalia.gov.co\/colombia\/#organization"},"articleSection":["Seguridad territorial"],"inLanguage":"es-CO"},{"@type":"WebPage","@id":"https:\/\/www.fiscalia.gov.co\/colombia\/seguridad-territorial\/asegurados-por-presunta-exigencia-de-dinero-a-familia-colombo-espanola-por-una-falsa-deuda-en-europa\/","url":"https:\/\/www.fiscalia.gov.co\/colombia\/seguridad-territorial\/asegurados-por-presunta-exigencia-de-dinero-a-familia-colombo-espanola-por-una-falsa-deuda-en-europa\/","name":"Fiscal\u00eda General de la Naci\u00f3n","isPartOf":{"@id":"https:\/\/www.fiscalia.gov.co\/colombia\/#website"},"datePublished":"2017-09-06T16:25:50+00:00","dateModified":"2017-09-08T14:47:02+00:00","description":"P\u00e1gina oficial de la Fiscal\u00eda General de la Naci\u00f3n \u2013 Colombia. Garantizamos el acceso efectivo a la justicia, la verdad y la reparaci\u00f3n de las v\u00edctimas de los delitos.","breadcrumb":{"@id":"https:\/\/www.fiscalia.gov.co\/colombia\/seguridad-territorial\/asegurados-por-presunta-exigencia-de-dinero-a-familia-colombo-espanola-por-una-falsa-deuda-en-europa\/#breadcrumb"},"inLanguage":"es-CO","potentialAction":[{"@type":"ReadAction","target":["https:\/\/www.fiscalia.gov.co\/colombia\/seguridad-territorial\/asegurados-por-presunta-exigencia-de-dinero-a-familia-colombo-espanola-por-una-falsa-deuda-en-europa\/"]}]},{"@type":"BreadcrumbList","@id":"https:\/\/www.fiscalia.gov.co\/colombia\/seguridad-territorial\/asegurados-por-presunta-exigencia-de-dinero-a-familia-colombo-espanola-por-una-falsa-deuda-en-europa\/#breadcrumb","itemListElement":[{"@type":"ListItem","position":1,"name":"Home","item":"https:\/\/www.fiscalia.gov.co\/colombia\/"},{"@type":"ListItem","position":2,"name":"Asegurados por presunta exigencia de dinero a familia colombo-espa\u00f1ola por una falsa deuda en Europa"}]},{"@type":"WebSite","@id":"https:\/\/www.fiscalia.gov.co\/colombia\/#website","url":"https:\/\/www.fiscalia.gov.co\/colombia\/","name":"Fiscal\u00eda General de la Naci\u00f3n","description":"P\u00e1gina oficial de la Fiscal\u00eda General de la Naci\u00f3n \u2013 Colombia. Garantizamos el acceso efectivo a la justicia, la verdad y la reparaci\u00f3n de las v\u00edctimas de los delitos.","publisher":{"@id":"https:\/\/www.fiscalia.gov.co\/colombia\/#organization"},"potentialAction":[{"@type":"SearchAction","target":{"@type":"EntryPoint","urlTemplate":"https:\/\/www.fiscalia.gov.co\/colombia\/?s={search_term_string}"},"query-input":{"@type":"PropertyValueSpecification","valueRequired":true,"valueName":"search_term_string"}}],"inLanguage":"es-CO"},{"@type":"Organization","@id":"https:\/\/www.fiscalia.gov.co\/colombia\/#organization","name":"Fiscal\u00eda General de la Naci\u00f3n","url":"https:\/\/www.fiscalia.gov.co\/colombia\/","logo":{"@type":"ImageObject","inLanguage":"es-CO","@id":"https:\/\/www.fiscalia.gov.co\/colombia\/#\/schema\/logo\/image\/","url":"https:\/\/www.fiscalia.gov.co\/colombia\/wp-content\/uploads\/LogoHorizontal_1.jpg","contentUrl":"https:\/\/www.fiscalia.gov.co\/colombia\/wp-content\/uploads\/LogoHorizontal_1.jpg","width":300,"height":90,"caption":"Fiscal\u00eda General de la Naci\u00f3n"},"image":{"@id":"https:\/\/www.fiscalia.gov.co\/colombia\/#\/schema\/logo\/image\/"},"sameAs":["https:\/\/www.facebook.com\/FiscaliaCol","https:\/\/x.com\/FiscaliaCol","https:\/\/www.instagram.com\/fiscaliacol","https:\/\/www.linkedin.com\/company\/fiscalia-general-de-la-naci-n\/","https:\/\/youtube.com\/@fiscaliageneraldelanacion-4668?si=6nN79nyQICPU5iTh"]},{"@type":"Person","@id":"https:\/\/www.fiscalia.gov.co\/colombia\/#\/schema\/person\/3903856a3ce2d54b094c69eb29247895","name":"dfgordillo","image":{"@type":"ImageObject","inLanguage":"es-CO","@id":"https:\/\/www.fiscalia.gov.co\/colombia\/#\/schema\/person\/image\/","url":"https:\/\/secure.gravatar.com\/avatar\/b6356e21c5657c60757fe6fb9493e947?s=96&d=mm&r=g","contentUrl":"https:\/\/secure.gravatar.com\/avatar\/b6356e21c5657c60757fe6fb9493e947?s=96&d=mm&r=g","caption":"dfgordillo"},"sameAs":["dfgordillo"],"url":"https:\/\/www.fiscalia.gov.co\/colombia\/author\/dfgordillo\/"}]}},"_links":{"self":[{"href":"https:\/\/www.fiscalia.gov.co\/colombia\/wp-json\/wp\/v2\/posts\/109392","targetHints":{"allow":["GET"]}}],"collection":[{"href":"https:\/\/www.fiscalia.gov.co\/colombia\/wp-json\/wp\/v2\/posts"}],"about":[{"href":"https:\/\/www.fiscalia.gov.co\/colombia\/wp-json\/wp\/v2\/types\/post"}],"author":[{"embeddable":true,"href":"https:\/\/www.fiscalia.gov.co\/colombia\/wp-json\/wp\/v2\/users\/143"}],"replies":[{"embeddable":true,"href":"https:\/\/www.fiscalia.gov.co\/colombia\/wp-json\/wp\/v2\/comments?post=109392"}],"version-history":[{"count":1,"href":"https:\/\/www.fiscalia.gov.co\/colombia\/wp-json\/wp\/v2\/posts\/109392\/revisions"}],"predecessor-version":[{"id":109393,"href":"https:\/\/www.fiscalia.gov.co\/colombia\/wp-json\/wp\/v2\/posts\/109392\/revisions\/109393"}],"wp:attachment":[{"href":"https:\/\/www.fiscalia.gov.co\/colombia\/wp-json\/wp\/v2\/media?parent=109392"}],"wp:term":[{"taxonomy":"category","embeddable":true,"href":"https:\/\/www.fiscalia.gov.co\/colombia\/wp-json\/wp\/v2\/categories?post=109392"},{"taxonomy":"post_tag","embeddable":true,"href":"https:\/\/www.fiscalia.gov.co\/colombia\/wp-json\/wp\/v2\/tags?post=109392"}],"curies":[{"name":"wp","href":"https:\/\/api.w.org\/{rel}","templated":true}]}}