{"id":109374,"date":"2017-09-08T09:01:54","date_gmt":"2017-09-08T14:01:54","guid":{"rendered":"http:\/\/www.fiscalia.gov.co\/colombia\/?p=109374"},"modified":"2017-09-08T09:33:01","modified_gmt":"2017-09-08T14:33:01","slug":"fiscalia-inicio-audiencias-preparatorias-contra-exjuez-que-supuestamente-cobro-millonarias-pensiones-de-profesores","status":"publish","type":"post","link":"https:\/\/www.fiscalia.gov.co\/colombia\/lucha-contra-corrupcion\/fiscalia-inicio-audiencias-preparatorias-contra-exjuez-que-supuestamente-cobro-millonarias-pensiones-de-profesores\/","title":{"rendered":"Fiscal\u00eda inici\u00f3 audiencias preparatorias contra exjuez que supuestamente cobr\u00f3 millonarias pensiones de profesores"},"content":{"rendered":"<p><em><span style=\"text-decoration: underline;\">Habr\u00eda reclamado de manera ilegal m\u00e1s de 5 mil millones de pesos del Fondo del Ministerio de Educaci\u00f3n Nacional<\/span><\/em><\/p>\n<p>En audiencias p\u00fablicas preparatorias, la Fiscal\u00eda General de la Naci\u00f3n revel\u00f3 el caudal probatorio que mostrar\u00e1 en juicio contra la exjuez de la Rep\u00fablica y litigante Katherine Cogollo Reina, como presunta responsable de los delitos de peculado por apropiaci\u00f3n, prevaricato por acci\u00f3n y cohecho.<\/p>\n<p>A la procesada se le acusa de reclamar mediante diferentes tr\u00e1mites irregulares a la Secretar\u00eda de Educaci\u00f3n de Lorica (C\u00f3rdoba),\u00a0 $5.626.449.835.00 pertenecientes al Magisterio del departamento de C\u00f3rdoba en el a\u00f1o 2011.<\/p>\n<p>El delegado de la Fiscal\u00eda revel\u00f3 al juzgado de conocimiento cerca de 300 elementos materiales probatorios entre los cuales aparecen los oficios librados por el Juzgado Civil del Circuito de Lorica, (C\u00f3rdoba) a las diferentes entidades bancarias para que se embargaran los dineros que tuviera depositada la Fiduprevisora S.A.<\/p>\n<p>De la misma manera, los autos de mandamientos de pago y las solicitudes de la abogada Cogollo Reina en los que supuestamente solicitaba el embargo de los dineros de los procesos ejecutivos para posteriormente apropiarse il\u00edcitamente de ellos.<\/p>\n<p>Concluy\u00f3 que para que una juez admitiera las demandas para favorecer los cobros ilegales se le entregaron trescientos millones de pesos, tal como se hizo con los otros procesos ejecutivos anteriores, dinero que se garantiz\u00f3 con una letra, la cual se recog\u00eda cuando se pagaba el proceso, situaci\u00f3n plenamente conocida por Cogollo Reina.<\/p>\n<p>\u201cTenemos los documentos que evidencian la orden de embargo y retenci\u00f3n de los dineros contenidos en los t\u00edtulos, memoriales solicitando el levantamiento de medidas cautelares y las notificaciones de los mandamientos de pago\u201d, sostuvo el fiscal adscrito a la Unidad de Investigaciones de Funcionarios de la Rama Judicial.<\/p>\n<p>Recalc\u00f3 adem\u00e1s que \u201cse adelant\u00f3 un proceso ejecutivo laboral y mediante este, se dieron unas resoluciones en las que se reconoc\u00edan unas pensiones vitalicias firmadas por el secretario municipal de Educaci\u00f3n de Lorica\u201d.<\/p>\n<p>\u201cCon estos hechos afect\u00f3 a la banca nacional, y el poder dispositivo de los t\u00edtulos valores\u00a0 que estaban dispuestos para cancelar las obligaciones pensionales del Fondo Nacional de Prestaciones Sociales del Magisterio\u201d, anot\u00f3 el fiscal.<\/p>\n<p>Asimismo para pactar los pagos y hacer efectivos los actos de corrupci\u00f3n, supuestamente se reunieron en una cafeter\u00eda en un centro comercial de Monter\u00eda (Cordoba), en la cual se discutieron honorarios y lo relacionado con la letra de cambio entregada a la juez para garantizarle la entrega del dinero, el cual efectivamente le fue pagado en efectivo.<\/p>\n<p>&nbsp;<\/p>\n<p>&nbsp;<\/p>\n<p>CMRM\/DLBM<\/p>\n\n<div class=\"twitter-share\"><a href=\"https:\/\/twitter.com\/intent\/tweet?via=fiscaliacol\" class=\"twitter-share-button\">Tweet<\/a><\/div>\n","protected":false},"excerpt":{"rendered":"<p>Habr\u00eda reclamado de manera ilegal m\u00e1s de 5 mil millones de pesos del Fondo del Ministerio de Educaci\u00f3n Nacional En audiencias p\u00fablicas preparatorias, la Fiscal\u00eda General de la Naci\u00f3n revel\u00f3 [&hellip;]<\/p>\n","protected":false},"author":143,"featured_media":0,"comment_status":"closed","ping_status":"open","sticky":false,"template":"","format":"standard","meta":{"tdm_status":"","tdm_grid_status":"","footnotes":""},"categories":[24107],"tags":[],"class_list":["post-109374","post","type-post","status-publish","format-standard","category-lucha-contra-corrupcion"],"yoast_head":"<!-- This site is optimized with the Yoast SEO plugin v24.3 - https:\/\/yoast.com\/wordpress\/plugins\/seo\/ -->\n<title>Fiscal\u00eda General de la Naci\u00f3n<\/title>\n<meta name=\"description\" content=\"P\u00e1gina oficial de la Fiscal\u00eda General de la Naci\u00f3n \u2013 Colombia. Garantizamos el acceso efectivo a la justicia, la verdad y la reparaci\u00f3n de las v\u00edctimas de los delitos.\" \/>\n<meta name=\"robots\" content=\"noindex, follow\" \/>\n<meta property=\"og:locale\" content=\"es_ES\" \/>\n<meta property=\"og:type\" content=\"article\" \/>\n<meta property=\"og:title\" content=\"Fiscal\u00eda General de la Naci\u00f3n\" \/>\n<meta property=\"og:description\" content=\"P\u00e1gina oficial de la Fiscal\u00eda General de la Naci\u00f3n \u2013 Colombia. Garantizamos el acceso efectivo a la justicia, la verdad y la reparaci\u00f3n de las v\u00edctimas de los delitos.\" \/>\n<meta property=\"og:url\" content=\"https:\/\/www.fiscalia.gov.co\/colombia\/lucha-contra-corrupcion\/fiscalia-inicio-audiencias-preparatorias-contra-exjuez-que-supuestamente-cobro-millonarias-pensiones-de-profesores\/\" \/>\n<meta property=\"og:site_name\" content=\"Fiscal\u00eda General de la Naci\u00f3n\" \/>\n<meta property=\"article:publisher\" content=\"https:\/\/www.facebook.com\/FiscaliaCol\" \/>\n<meta property=\"article:published_time\" content=\"2017-09-08T14:01:54+00:00\" \/>\n<meta property=\"article:modified_time\" content=\"2017-09-08T14:33:01+00:00\" \/>\n<meta name=\"author\" content=\"dfgordillo\" \/>\n<meta name=\"twitter:card\" content=\"summary_large_image\" \/>\n<meta name=\"twitter:creator\" content=\"@FiscaliaCol\" \/>\n<meta name=\"twitter:site\" content=\"@FiscaliaCol\" \/>\n<meta name=\"twitter:label1\" content=\"Escrito por\" \/>\n\t<meta name=\"twitter:data1\" content=\"dfgordillo\" \/>\n\t<meta name=\"twitter:label2\" content=\"Tiempo de lectura\" \/>\n\t<meta name=\"twitter:data2\" content=\"2 minutos\" \/>\n<script type=\"application\/ld+json\" class=\"yoast-schema-graph\">{\"@context\":\"https:\/\/schema.org\",\"@graph\":[{\"@type\":\"Article\",\"@id\":\"https:\/\/www.fiscalia.gov.co\/colombia\/lucha-contra-corrupcion\/fiscalia-inicio-audiencias-preparatorias-contra-exjuez-que-supuestamente-cobro-millonarias-pensiones-de-profesores\/#article\",\"isPartOf\":{\"@id\":\"https:\/\/www.fiscalia.gov.co\/colombia\/lucha-contra-corrupcion\/fiscalia-inicio-audiencias-preparatorias-contra-exjuez-que-supuestamente-cobro-millonarias-pensiones-de-profesores\/\"},\"author\":{\"name\":\"dfgordillo\",\"@id\":\"https:\/\/www.fiscalia.gov.co\/colombia\/#\/schema\/person\/3903856a3ce2d54b094c69eb29247895\"},\"headline\":\"Fiscal\u00eda inici\u00f3 audiencias preparatorias contra exjuez que supuestamente cobr\u00f3 millonarias pensiones de profesores\",\"datePublished\":\"2017-09-08T14:01:54+00:00\",\"dateModified\":\"2017-09-08T14:33:01+00:00\",\"mainEntityOfPage\":{\"@id\":\"https:\/\/www.fiscalia.gov.co\/colombia\/lucha-contra-corrupcion\/fiscalia-inicio-audiencias-preparatorias-contra-exjuez-que-supuestamente-cobro-millonarias-pensiones-de-profesores\/\"},\"wordCount\":452,\"publisher\":{\"@id\":\"https:\/\/www.fiscalia.gov.co\/colombia\/#organization\"},\"articleSection\":[\"Corrupci\u00f3n\"],\"inLanguage\":\"es-CO\"},{\"@type\":\"WebPage\",\"@id\":\"https:\/\/www.fiscalia.gov.co\/colombia\/lucha-contra-corrupcion\/fiscalia-inicio-audiencias-preparatorias-contra-exjuez-que-supuestamente-cobro-millonarias-pensiones-de-profesores\/\",\"url\":\"https:\/\/www.fiscalia.gov.co\/colombia\/lucha-contra-corrupcion\/fiscalia-inicio-audiencias-preparatorias-contra-exjuez-que-supuestamente-cobro-millonarias-pensiones-de-profesores\/\",\"name\":\"Fiscal\u00eda General de la Naci\u00f3n\",\"isPartOf\":{\"@id\":\"https:\/\/www.fiscalia.gov.co\/colombia\/#website\"},\"datePublished\":\"2017-09-08T14:01:54+00:00\",\"dateModified\":\"2017-09-08T14:33:01+00:00\",\"description\":\"P\u00e1gina oficial de la Fiscal\u00eda General de la Naci\u00f3n \u2013 Colombia. Garantizamos el acceso efectivo a la justicia, la verdad y la reparaci\u00f3n de las v\u00edctimas de los delitos.\",\"breadcrumb\":{\"@id\":\"https:\/\/www.fiscalia.gov.co\/colombia\/lucha-contra-corrupcion\/fiscalia-inicio-audiencias-preparatorias-contra-exjuez-que-supuestamente-cobro-millonarias-pensiones-de-profesores\/#breadcrumb\"},\"inLanguage\":\"es-CO\",\"potentialAction\":[{\"@type\":\"ReadAction\",\"target\":[\"https:\/\/www.fiscalia.gov.co\/colombia\/lucha-contra-corrupcion\/fiscalia-inicio-audiencias-preparatorias-contra-exjuez-que-supuestamente-cobro-millonarias-pensiones-de-profesores\/\"]}]},{\"@type\":\"BreadcrumbList\",\"@id\":\"https:\/\/www.fiscalia.gov.co\/colombia\/lucha-contra-corrupcion\/fiscalia-inicio-audiencias-preparatorias-contra-exjuez-que-supuestamente-cobro-millonarias-pensiones-de-profesores\/#breadcrumb\",\"itemListElement\":[{\"@type\":\"ListItem\",\"position\":1,\"name\":\"Home\",\"item\":\"https:\/\/www.fiscalia.gov.co\/colombia\/\"},{\"@type\":\"ListItem\",\"position\":2,\"name\":\"Fiscal\u00eda inici\u00f3 audiencias preparatorias contra exjuez que supuestamente cobr\u00f3 millonarias pensiones de profesores\"}]},{\"@type\":\"WebSite\",\"@id\":\"https:\/\/www.fiscalia.gov.co\/colombia\/#website\",\"url\":\"https:\/\/www.fiscalia.gov.co\/colombia\/\",\"name\":\"Fiscal\u00eda General de la Naci\u00f3n\",\"description\":\"P\u00e1gina oficial de la Fiscal\u00eda General de la Naci\u00f3n \u2013 Colombia. Garantizamos el acceso efectivo a la justicia, la verdad y la reparaci\u00f3n de las v\u00edctimas de los delitos.\",\"publisher\":{\"@id\":\"https:\/\/www.fiscalia.gov.co\/colombia\/#organization\"},\"potentialAction\":[{\"@type\":\"SearchAction\",\"target\":{\"@type\":\"EntryPoint\",\"urlTemplate\":\"https:\/\/www.fiscalia.gov.co\/colombia\/?s={search_term_string}\"},\"query-input\":{\"@type\":\"PropertyValueSpecification\",\"valueRequired\":true,\"valueName\":\"search_term_string\"}}],\"inLanguage\":\"es-CO\"},{\"@type\":\"Organization\",\"@id\":\"https:\/\/www.fiscalia.gov.co\/colombia\/#organization\",\"name\":\"Fiscal\u00eda General de la Naci\u00f3n\",\"url\":\"https:\/\/www.fiscalia.gov.co\/colombia\/\",\"logo\":{\"@type\":\"ImageObject\",\"inLanguage\":\"es-CO\",\"@id\":\"https:\/\/www.fiscalia.gov.co\/colombia\/#\/schema\/logo\/image\/\",\"url\":\"https:\/\/www.fiscalia.gov.co\/colombia\/wp-content\/uploads\/LogoHorizontal_1.jpg\",\"contentUrl\":\"https:\/\/www.fiscalia.gov.co\/colombia\/wp-content\/uploads\/LogoHorizontal_1.jpg\",\"width\":300,\"height\":90,\"caption\":\"Fiscal\u00eda General de la Naci\u00f3n\"},\"image\":{\"@id\":\"https:\/\/www.fiscalia.gov.co\/colombia\/#\/schema\/logo\/image\/\"},\"sameAs\":[\"https:\/\/www.facebook.com\/FiscaliaCol\",\"https:\/\/x.com\/FiscaliaCol\",\"https:\/\/www.instagram.com\/fiscaliacol\",\"https:\/\/www.linkedin.com\/company\/fiscalia-general-de-la-naci-n\/\",\"https:\/\/youtube.com\/@fiscaliageneraldelanacion-4668?si=6nN79nyQICPU5iTh\"]},{\"@type\":\"Person\",\"@id\":\"https:\/\/www.fiscalia.gov.co\/colombia\/#\/schema\/person\/3903856a3ce2d54b094c69eb29247895\",\"name\":\"dfgordillo\",\"image\":{\"@type\":\"ImageObject\",\"inLanguage\":\"es-CO\",\"@id\":\"https:\/\/www.fiscalia.gov.co\/colombia\/#\/schema\/person\/image\/\",\"url\":\"https:\/\/secure.gravatar.com\/avatar\/b6356e21c5657c60757fe6fb9493e947?s=96&d=mm&r=g\",\"contentUrl\":\"https:\/\/secure.gravatar.com\/avatar\/b6356e21c5657c60757fe6fb9493e947?s=96&d=mm&r=g\",\"caption\":\"dfgordillo\"},\"sameAs\":[\"dfgordillo\"],\"url\":\"https:\/\/www.fiscalia.gov.co\/colombia\/author\/dfgordillo\/\"}]}<\/script>\n<!-- \/ Yoast SEO plugin. -->","yoast_head_json":{"title":"Fiscal\u00eda General de la Naci\u00f3n","description":"P\u00e1gina oficial de la Fiscal\u00eda General de la Naci\u00f3n \u2013 Colombia. Garantizamos el acceso efectivo a la justicia, la verdad y la reparaci\u00f3n de las v\u00edctimas de los delitos.","robots":{"index":"noindex","follow":"follow"},"og_locale":"es_ES","og_type":"article","og_title":"Fiscal\u00eda General de la Naci\u00f3n","og_description":"P\u00e1gina oficial de la Fiscal\u00eda General de la Naci\u00f3n \u2013 Colombia. Garantizamos el acceso efectivo a la justicia, la verdad y la reparaci\u00f3n de las v\u00edctimas de los delitos.","og_url":"https:\/\/www.fiscalia.gov.co\/colombia\/lucha-contra-corrupcion\/fiscalia-inicio-audiencias-preparatorias-contra-exjuez-que-supuestamente-cobro-millonarias-pensiones-de-profesores\/","og_site_name":"Fiscal\u00eda General de la Naci\u00f3n","article_publisher":"https:\/\/www.facebook.com\/FiscaliaCol","article_published_time":"2017-09-08T14:01:54+00:00","article_modified_time":"2017-09-08T14:33:01+00:00","author":"dfgordillo","twitter_card":"summary_large_image","twitter_creator":"@FiscaliaCol","twitter_site":"@FiscaliaCol","twitter_misc":{"Escrito por":"dfgordillo","Tiempo de lectura":"2 minutos"},"schema":{"@context":"https:\/\/schema.org","@graph":[{"@type":"Article","@id":"https:\/\/www.fiscalia.gov.co\/colombia\/lucha-contra-corrupcion\/fiscalia-inicio-audiencias-preparatorias-contra-exjuez-que-supuestamente-cobro-millonarias-pensiones-de-profesores\/#article","isPartOf":{"@id":"https:\/\/www.fiscalia.gov.co\/colombia\/lucha-contra-corrupcion\/fiscalia-inicio-audiencias-preparatorias-contra-exjuez-que-supuestamente-cobro-millonarias-pensiones-de-profesores\/"},"author":{"name":"dfgordillo","@id":"https:\/\/www.fiscalia.gov.co\/colombia\/#\/schema\/person\/3903856a3ce2d54b094c69eb29247895"},"headline":"Fiscal\u00eda inici\u00f3 audiencias preparatorias contra exjuez que supuestamente cobr\u00f3 millonarias pensiones de profesores","datePublished":"2017-09-08T14:01:54+00:00","dateModified":"2017-09-08T14:33:01+00:00","mainEntityOfPage":{"@id":"https:\/\/www.fiscalia.gov.co\/colombia\/lucha-contra-corrupcion\/fiscalia-inicio-audiencias-preparatorias-contra-exjuez-que-supuestamente-cobro-millonarias-pensiones-de-profesores\/"},"wordCount":452,"publisher":{"@id":"https:\/\/www.fiscalia.gov.co\/colombia\/#organization"},"articleSection":["Corrupci\u00f3n"],"inLanguage":"es-CO"},{"@type":"WebPage","@id":"https:\/\/www.fiscalia.gov.co\/colombia\/lucha-contra-corrupcion\/fiscalia-inicio-audiencias-preparatorias-contra-exjuez-que-supuestamente-cobro-millonarias-pensiones-de-profesores\/","url":"https:\/\/www.fiscalia.gov.co\/colombia\/lucha-contra-corrupcion\/fiscalia-inicio-audiencias-preparatorias-contra-exjuez-que-supuestamente-cobro-millonarias-pensiones-de-profesores\/","name":"Fiscal\u00eda General de la Naci\u00f3n","isPartOf":{"@id":"https:\/\/www.fiscalia.gov.co\/colombia\/#website"},"datePublished":"2017-09-08T14:01:54+00:00","dateModified":"2017-09-08T14:33:01+00:00","description":"P\u00e1gina oficial de la Fiscal\u00eda General de la Naci\u00f3n \u2013 Colombia. Garantizamos el acceso efectivo a la justicia, la verdad y la reparaci\u00f3n de las v\u00edctimas de los delitos.","breadcrumb":{"@id":"https:\/\/www.fiscalia.gov.co\/colombia\/lucha-contra-corrupcion\/fiscalia-inicio-audiencias-preparatorias-contra-exjuez-que-supuestamente-cobro-millonarias-pensiones-de-profesores\/#breadcrumb"},"inLanguage":"es-CO","potentialAction":[{"@type":"ReadAction","target":["https:\/\/www.fiscalia.gov.co\/colombia\/lucha-contra-corrupcion\/fiscalia-inicio-audiencias-preparatorias-contra-exjuez-que-supuestamente-cobro-millonarias-pensiones-de-profesores\/"]}]},{"@type":"BreadcrumbList","@id":"https:\/\/www.fiscalia.gov.co\/colombia\/lucha-contra-corrupcion\/fiscalia-inicio-audiencias-preparatorias-contra-exjuez-que-supuestamente-cobro-millonarias-pensiones-de-profesores\/#breadcrumb","itemListElement":[{"@type":"ListItem","position":1,"name":"Home","item":"https:\/\/www.fiscalia.gov.co\/colombia\/"},{"@type":"ListItem","position":2,"name":"Fiscal\u00eda inici\u00f3 audiencias preparatorias contra exjuez que supuestamente cobr\u00f3 millonarias pensiones de profesores"}]},{"@type":"WebSite","@id":"https:\/\/www.fiscalia.gov.co\/colombia\/#website","url":"https:\/\/www.fiscalia.gov.co\/colombia\/","name":"Fiscal\u00eda General de la Naci\u00f3n","description":"P\u00e1gina oficial de la Fiscal\u00eda General de la Naci\u00f3n \u2013 Colombia. Garantizamos el acceso efectivo a la justicia, la verdad y la reparaci\u00f3n de las v\u00edctimas de los delitos.","publisher":{"@id":"https:\/\/www.fiscalia.gov.co\/colombia\/#organization"},"potentialAction":[{"@type":"SearchAction","target":{"@type":"EntryPoint","urlTemplate":"https:\/\/www.fiscalia.gov.co\/colombia\/?s={search_term_string}"},"query-input":{"@type":"PropertyValueSpecification","valueRequired":true,"valueName":"search_term_string"}}],"inLanguage":"es-CO"},{"@type":"Organization","@id":"https:\/\/www.fiscalia.gov.co\/colombia\/#organization","name":"Fiscal\u00eda General de la Naci\u00f3n","url":"https:\/\/www.fiscalia.gov.co\/colombia\/","logo":{"@type":"ImageObject","inLanguage":"es-CO","@id":"https:\/\/www.fiscalia.gov.co\/colombia\/#\/schema\/logo\/image\/","url":"https:\/\/www.fiscalia.gov.co\/colombia\/wp-content\/uploads\/LogoHorizontal_1.jpg","contentUrl":"https:\/\/www.fiscalia.gov.co\/colombia\/wp-content\/uploads\/LogoHorizontal_1.jpg","width":300,"height":90,"caption":"Fiscal\u00eda General de la Naci\u00f3n"},"image":{"@id":"https:\/\/www.fiscalia.gov.co\/colombia\/#\/schema\/logo\/image\/"},"sameAs":["https:\/\/www.facebook.com\/FiscaliaCol","https:\/\/x.com\/FiscaliaCol","https:\/\/www.instagram.com\/fiscaliacol","https:\/\/www.linkedin.com\/company\/fiscalia-general-de-la-naci-n\/","https:\/\/youtube.com\/@fiscaliageneraldelanacion-4668?si=6nN79nyQICPU5iTh"]},{"@type":"Person","@id":"https:\/\/www.fiscalia.gov.co\/colombia\/#\/schema\/person\/3903856a3ce2d54b094c69eb29247895","name":"dfgordillo","image":{"@type":"ImageObject","inLanguage":"es-CO","@id":"https:\/\/www.fiscalia.gov.co\/colombia\/#\/schema\/person\/image\/","url":"https:\/\/secure.gravatar.com\/avatar\/b6356e21c5657c60757fe6fb9493e947?s=96&d=mm&r=g","contentUrl":"https:\/\/secure.gravatar.com\/avatar\/b6356e21c5657c60757fe6fb9493e947?s=96&d=mm&r=g","caption":"dfgordillo"},"sameAs":["dfgordillo"],"url":"https:\/\/www.fiscalia.gov.co\/colombia\/author\/dfgordillo\/"}]}},"_links":{"self":[{"href":"https:\/\/www.fiscalia.gov.co\/colombia\/wp-json\/wp\/v2\/posts\/109374","targetHints":{"allow":["GET"]}}],"collection":[{"href":"https:\/\/www.fiscalia.gov.co\/colombia\/wp-json\/wp\/v2\/posts"}],"about":[{"href":"https:\/\/www.fiscalia.gov.co\/colombia\/wp-json\/wp\/v2\/types\/post"}],"author":[{"embeddable":true,"href":"https:\/\/www.fiscalia.gov.co\/colombia\/wp-json\/wp\/v2\/users\/143"}],"replies":[{"embeddable":true,"href":"https:\/\/www.fiscalia.gov.co\/colombia\/wp-json\/wp\/v2\/comments?post=109374"}],"version-history":[{"count":1,"href":"https:\/\/www.fiscalia.gov.co\/colombia\/wp-json\/wp\/v2\/posts\/109374\/revisions"}],"predecessor-version":[{"id":109375,"href":"https:\/\/www.fiscalia.gov.co\/colombia\/wp-json\/wp\/v2\/posts\/109374\/revisions\/109375"}],"wp:attachment":[{"href":"https:\/\/www.fiscalia.gov.co\/colombia\/wp-json\/wp\/v2\/media?parent=109374"}],"wp:term":[{"taxonomy":"category","embeddable":true,"href":"https:\/\/www.fiscalia.gov.co\/colombia\/wp-json\/wp\/v2\/categories?post=109374"},{"taxonomy":"post_tag","embeddable":true,"href":"https:\/\/www.fiscalia.gov.co\/colombia\/wp-json\/wp\/v2\/tags?post=109374"}],"curies":[{"name":"wp","href":"https:\/\/api.w.org\/{rel}","templated":true}]}}