{"id":109296,"date":"2017-09-05T16:44:53","date_gmt":"2017-09-05T21:44:53","guid":{"rendered":"http:\/\/www.fiscalia.gov.co\/colombia\/?p=109296"},"modified":"2017-09-06T07:38:36","modified_gmt":"2017-09-06T12:38:36","slug":"carcel-para-exalcalde-de-el-carmen-de-bolivar-exsecretario-de-planeacion-y-un-contratista","status":"publish","type":"post","link":"https:\/\/www.fiscalia.gov.co\/colombia\/lucha-contra-corrupcion\/carcel-para-exalcalde-de-el-carmen-de-bolivar-exsecretario-de-planeacion-y-un-contratista\/","title":{"rendered":"C\u00e1rcel para exalcalde de El Carmen de Bol\u00edvar,  exsecretario de Planeaci\u00f3n y un contratista"},"content":{"rendered":"<p>Con medida de aseguramiento en centro carcelario cobij\u00f3 un juez de Cartagena (Bol\u00edvar) a Francisco Jos\u00e9 Vega Arrauth, exalcalde de El Carmen de Bol\u00edvar;\u00a0 Mario Jos\u00e9 Melo Villa, exsecretario de Planeaci\u00f3n de ese municipio; y Poldino Posteraro Ariza, contratista.<\/p>\n<p>A los detenidos, la Fiscal\u00eda les imput\u00f3 los delitos de violaci\u00f3n al r\u00e9gimen legal o constitucional, inhabilidades e incompatibilidades; contrato sin cumplimiento de los requisitos legales vigentes y falsedad ideol\u00f3gica en documento p\u00fablico.<\/p>\n<p>Seg\u00fan las investigaciones de la Fiscal\u00eda, en diciembre del 2014, Asoaguas de la Guajira cedi\u00f3 a Poldino Posteraro Ariza un contrato para la construcci\u00f3n del acueducto de Caracol\u00ed, corregimiento de El Carmen de Bol\u00edvar. Para esta obra, la Alcald\u00eda entreg\u00f3 inicialmente 1.640 millones de pesos, pero Posterano Ariza habr\u00eda subcontratado a terceras personas para la culminaci\u00f3n del proyecto.<\/p>\n<p>Los elementos recopilados en las indagaciones evidenciaron que en noviembre de 2015, pese a que las obras solo iban adelantadas en un 20%, Posterano Ariza recibi\u00f3 de la administraci\u00f3n municipal 600\u00a0 millones de pesos adicionales, a trav\u00e9s de un otros\u00ed.<\/p>\n<p>En total, el contratista se hizo de 2.240 millones de pesos, pero la obra no se realiz\u00f3 en su totalidad. Adicionalmente, los terrenos donde se levantaron los trabajos no ten\u00edan escritura p\u00fablica ni licencia de construcci\u00f3n.<\/p>\n<p>Por este caso de presunta corrupci\u00f3n priorizado en el plan Bolsillos de Cristal de la Fiscal\u00eda General de la Naci\u00f3n, fueron emitidas ocho \u00f3rdenes de captura. Inicialmente fueron detenidos Uriel Antonio Vilora Arias, tesorero de la Alcald\u00eda de El Carmen de Bol\u00edvar (2012 \u2013 2015), y Silvio Esnobis Cuesta Solano, contratista, quienes son procesados por los delitos de violaci\u00f3n al r\u00e9gimen legal o constitucional, inhabilidades e incompatibilidades; contrato sin cumplimiento de los requisitos legales vigentes y falsedad ideol\u00f3gica en documento p\u00fablico. Otro capturado es Winston Hern\u00e1ndez Anaya, interventor privado,\u00a0quien fue imputado por peculado por apropiaci\u00f3n.<\/p>\n<p>A Cuesta Solano y Hern\u00e1ndez Anaya, un juez los cobij\u00f3 con detenci\u00f3n domiciliaria, mientras que Vilora Arias qued\u00f3 en libertad con algunas restricciones y vinculado al proceso.<\/p>\n<p>Al momento, siguen pr\u00f3fugos de la justicia los contratistas Orlando Vega Guzm\u00e1n y C\u00e9sar Andr\u00e9s Beltr\u00e1n Castillo, a quien Posterano Ariza subcontrat\u00f3 para la construcci\u00f3n del acueducto.<\/p>\n<p>JLH\/JARG<\/p>\n<p>&nbsp;<\/p>\n\n<div class=\"twitter-share\"><a href=\"https:\/\/twitter.com\/intent\/tweet?via=fiscaliacol\" class=\"twitter-share-button\">Tweet<\/a><\/div>\n","protected":false},"excerpt":{"rendered":"<p>Con medida de aseguramiento en centro carcelario cobij\u00f3 un juez de Cartagena (Bol\u00edvar) a Francisco Jos\u00e9 Vega Arrauth, exalcalde de El Carmen de Bol\u00edvar;\u00a0 Mario Jos\u00e9 Melo Villa, exsecretario de [&hellip;]<\/p>\n","protected":false},"author":143,"featured_media":0,"comment_status":"closed","ping_status":"open","sticky":false,"template":"","format":"standard","meta":{"tdm_status":"","tdm_grid_status":"","footnotes":""},"categories":[24107],"tags":[],"class_list":["post-109296","post","type-post","status-publish","format-standard","category-lucha-contra-corrupcion"],"yoast_head":"<!-- This site is optimized with the Yoast SEO plugin v24.3 - https:\/\/yoast.com\/wordpress\/plugins\/seo\/ -->\n<title>Fiscal\u00eda General de la Naci\u00f3n<\/title>\n<meta name=\"description\" content=\"P\u00e1gina oficial de la Fiscal\u00eda General de la Naci\u00f3n \u2013 Colombia. Garantizamos el acceso efectivo a la justicia, la verdad y la reparaci\u00f3n de las v\u00edctimas de los delitos.\" \/>\n<meta name=\"robots\" content=\"noindex, follow\" \/>\n<meta property=\"og:locale\" content=\"es_ES\" \/>\n<meta property=\"og:type\" content=\"article\" \/>\n<meta property=\"og:title\" content=\"Fiscal\u00eda General de la Naci\u00f3n\" \/>\n<meta property=\"og:description\" content=\"P\u00e1gina oficial de la Fiscal\u00eda General de la Naci\u00f3n \u2013 Colombia. Garantizamos el acceso efectivo a la justicia, la verdad y la reparaci\u00f3n de las v\u00edctimas de los delitos.\" \/>\n<meta property=\"og:url\" content=\"https:\/\/www.fiscalia.gov.co\/colombia\/lucha-contra-corrupcion\/carcel-para-exalcalde-de-el-carmen-de-bolivar-exsecretario-de-planeacion-y-un-contratista\/\" \/>\n<meta property=\"og:site_name\" content=\"Fiscal\u00eda General de la Naci\u00f3n\" \/>\n<meta property=\"article:publisher\" content=\"https:\/\/www.facebook.com\/FiscaliaCol\" \/>\n<meta property=\"article:published_time\" content=\"2017-09-05T21:44:53+00:00\" \/>\n<meta property=\"article:modified_time\" content=\"2017-09-06T12:38:36+00:00\" \/>\n<meta name=\"author\" content=\"dfgordillo\" \/>\n<meta name=\"twitter:card\" content=\"summary_large_image\" \/>\n<meta name=\"twitter:creator\" content=\"@FiscaliaCol\" \/>\n<meta name=\"twitter:site\" content=\"@FiscaliaCol\" \/>\n<meta name=\"twitter:label1\" content=\"Escrito por\" \/>\n\t<meta name=\"twitter:data1\" content=\"dfgordillo\" \/>\n\t<meta name=\"twitter:label2\" content=\"Tiempo de lectura\" \/>\n\t<meta name=\"twitter:data2\" content=\"2 minutos\" \/>\n<script type=\"application\/ld+json\" class=\"yoast-schema-graph\">{\"@context\":\"https:\/\/schema.org\",\"@graph\":[{\"@type\":\"Article\",\"@id\":\"https:\/\/www.fiscalia.gov.co\/colombia\/lucha-contra-corrupcion\/carcel-para-exalcalde-de-el-carmen-de-bolivar-exsecretario-de-planeacion-y-un-contratista\/#article\",\"isPartOf\":{\"@id\":\"https:\/\/www.fiscalia.gov.co\/colombia\/lucha-contra-corrupcion\/carcel-para-exalcalde-de-el-carmen-de-bolivar-exsecretario-de-planeacion-y-un-contratista\/\"},\"author\":{\"name\":\"dfgordillo\",\"@id\":\"https:\/\/www.fiscalia.gov.co\/colombia\/#\/schema\/person\/3903856a3ce2d54b094c69eb29247895\"},\"headline\":\"C\u00e1rcel para exalcalde de El Carmen de Bol\u00edvar, exsecretario de Planeaci\u00f3n y un contratista\",\"datePublished\":\"2017-09-05T21:44:53+00:00\",\"dateModified\":\"2017-09-06T12:38:36+00:00\",\"mainEntityOfPage\":{\"@id\":\"https:\/\/www.fiscalia.gov.co\/colombia\/lucha-contra-corrupcion\/carcel-para-exalcalde-de-el-carmen-de-bolivar-exsecretario-de-planeacion-y-un-contratista\/\"},\"wordCount\":406,\"publisher\":{\"@id\":\"https:\/\/www.fiscalia.gov.co\/colombia\/#organization\"},\"articleSection\":[\"Corrupci\u00f3n\"],\"inLanguage\":\"es-CO\"},{\"@type\":\"WebPage\",\"@id\":\"https:\/\/www.fiscalia.gov.co\/colombia\/lucha-contra-corrupcion\/carcel-para-exalcalde-de-el-carmen-de-bolivar-exsecretario-de-planeacion-y-un-contratista\/\",\"url\":\"https:\/\/www.fiscalia.gov.co\/colombia\/lucha-contra-corrupcion\/carcel-para-exalcalde-de-el-carmen-de-bolivar-exsecretario-de-planeacion-y-un-contratista\/\",\"name\":\"Fiscal\u00eda General de la Naci\u00f3n\",\"isPartOf\":{\"@id\":\"https:\/\/www.fiscalia.gov.co\/colombia\/#website\"},\"datePublished\":\"2017-09-05T21:44:53+00:00\",\"dateModified\":\"2017-09-06T12:38:36+00:00\",\"description\":\"P\u00e1gina oficial de la Fiscal\u00eda General de la Naci\u00f3n \u2013 Colombia. Garantizamos el acceso efectivo a la justicia, la verdad y la reparaci\u00f3n de las v\u00edctimas de los delitos.\",\"breadcrumb\":{\"@id\":\"https:\/\/www.fiscalia.gov.co\/colombia\/lucha-contra-corrupcion\/carcel-para-exalcalde-de-el-carmen-de-bolivar-exsecretario-de-planeacion-y-un-contratista\/#breadcrumb\"},\"inLanguage\":\"es-CO\",\"potentialAction\":[{\"@type\":\"ReadAction\",\"target\":[\"https:\/\/www.fiscalia.gov.co\/colombia\/lucha-contra-corrupcion\/carcel-para-exalcalde-de-el-carmen-de-bolivar-exsecretario-de-planeacion-y-un-contratista\/\"]}]},{\"@type\":\"BreadcrumbList\",\"@id\":\"https:\/\/www.fiscalia.gov.co\/colombia\/lucha-contra-corrupcion\/carcel-para-exalcalde-de-el-carmen-de-bolivar-exsecretario-de-planeacion-y-un-contratista\/#breadcrumb\",\"itemListElement\":[{\"@type\":\"ListItem\",\"position\":1,\"name\":\"Home\",\"item\":\"https:\/\/www.fiscalia.gov.co\/colombia\/\"},{\"@type\":\"ListItem\",\"position\":2,\"name\":\"C\u00e1rcel para exalcalde de El Carmen de Bol\u00edvar, exsecretario de Planeaci\u00f3n y un contratista\"}]},{\"@type\":\"WebSite\",\"@id\":\"https:\/\/www.fiscalia.gov.co\/colombia\/#website\",\"url\":\"https:\/\/www.fiscalia.gov.co\/colombia\/\",\"name\":\"Fiscal\u00eda General de la Naci\u00f3n\",\"description\":\"P\u00e1gina oficial de la Fiscal\u00eda General de la Naci\u00f3n \u2013 Colombia. Garantizamos el acceso efectivo a la justicia, la verdad y la reparaci\u00f3n de las v\u00edctimas de los delitos.\",\"publisher\":{\"@id\":\"https:\/\/www.fiscalia.gov.co\/colombia\/#organization\"},\"potentialAction\":[{\"@type\":\"SearchAction\",\"target\":{\"@type\":\"EntryPoint\",\"urlTemplate\":\"https:\/\/www.fiscalia.gov.co\/colombia\/?s={search_term_string}\"},\"query-input\":{\"@type\":\"PropertyValueSpecification\",\"valueRequired\":true,\"valueName\":\"search_term_string\"}}],\"inLanguage\":\"es-CO\"},{\"@type\":\"Organization\",\"@id\":\"https:\/\/www.fiscalia.gov.co\/colombia\/#organization\",\"name\":\"Fiscal\u00eda General de la Naci\u00f3n\",\"url\":\"https:\/\/www.fiscalia.gov.co\/colombia\/\",\"logo\":{\"@type\":\"ImageObject\",\"inLanguage\":\"es-CO\",\"@id\":\"https:\/\/www.fiscalia.gov.co\/colombia\/#\/schema\/logo\/image\/\",\"url\":\"https:\/\/www.fiscalia.gov.co\/colombia\/wp-content\/uploads\/LogoHorizontal_1.jpg\",\"contentUrl\":\"https:\/\/www.fiscalia.gov.co\/colombia\/wp-content\/uploads\/LogoHorizontal_1.jpg\",\"width\":300,\"height\":90,\"caption\":\"Fiscal\u00eda General de la Naci\u00f3n\"},\"image\":{\"@id\":\"https:\/\/www.fiscalia.gov.co\/colombia\/#\/schema\/logo\/image\/\"},\"sameAs\":[\"https:\/\/www.facebook.com\/FiscaliaCol\",\"https:\/\/x.com\/FiscaliaCol\",\"https:\/\/www.instagram.com\/fiscaliacol\",\"https:\/\/www.linkedin.com\/company\/fiscalia-general-de-la-naci-n\/\",\"https:\/\/youtube.com\/@fiscaliageneraldelanacion-4668?si=6nN79nyQICPU5iTh\"]},{\"@type\":\"Person\",\"@id\":\"https:\/\/www.fiscalia.gov.co\/colombia\/#\/schema\/person\/3903856a3ce2d54b094c69eb29247895\",\"name\":\"dfgordillo\",\"image\":{\"@type\":\"ImageObject\",\"inLanguage\":\"es-CO\",\"@id\":\"https:\/\/www.fiscalia.gov.co\/colombia\/#\/schema\/person\/image\/\",\"url\":\"https:\/\/secure.gravatar.com\/avatar\/b6356e21c5657c60757fe6fb9493e947?s=96&d=mm&r=g\",\"contentUrl\":\"https:\/\/secure.gravatar.com\/avatar\/b6356e21c5657c60757fe6fb9493e947?s=96&d=mm&r=g\",\"caption\":\"dfgordillo\"},\"sameAs\":[\"dfgordillo\"],\"url\":\"https:\/\/www.fiscalia.gov.co\/colombia\/author\/dfgordillo\/\"}]}<\/script>\n<!-- \/ Yoast SEO plugin. -->","yoast_head_json":{"title":"Fiscal\u00eda General de la Naci\u00f3n","description":"P\u00e1gina oficial de la Fiscal\u00eda General de la Naci\u00f3n \u2013 Colombia. Garantizamos el acceso efectivo a la justicia, la verdad y la reparaci\u00f3n de las v\u00edctimas de los delitos.","robots":{"index":"noindex","follow":"follow"},"og_locale":"es_ES","og_type":"article","og_title":"Fiscal\u00eda General de la Naci\u00f3n","og_description":"P\u00e1gina oficial de la Fiscal\u00eda General de la Naci\u00f3n \u2013 Colombia. Garantizamos el acceso efectivo a la justicia, la verdad y la reparaci\u00f3n de las v\u00edctimas de los delitos.","og_url":"https:\/\/www.fiscalia.gov.co\/colombia\/lucha-contra-corrupcion\/carcel-para-exalcalde-de-el-carmen-de-bolivar-exsecretario-de-planeacion-y-un-contratista\/","og_site_name":"Fiscal\u00eda General de la Naci\u00f3n","article_publisher":"https:\/\/www.facebook.com\/FiscaliaCol","article_published_time":"2017-09-05T21:44:53+00:00","article_modified_time":"2017-09-06T12:38:36+00:00","author":"dfgordillo","twitter_card":"summary_large_image","twitter_creator":"@FiscaliaCol","twitter_site":"@FiscaliaCol","twitter_misc":{"Escrito por":"dfgordillo","Tiempo de lectura":"2 minutos"},"schema":{"@context":"https:\/\/schema.org","@graph":[{"@type":"Article","@id":"https:\/\/www.fiscalia.gov.co\/colombia\/lucha-contra-corrupcion\/carcel-para-exalcalde-de-el-carmen-de-bolivar-exsecretario-de-planeacion-y-un-contratista\/#article","isPartOf":{"@id":"https:\/\/www.fiscalia.gov.co\/colombia\/lucha-contra-corrupcion\/carcel-para-exalcalde-de-el-carmen-de-bolivar-exsecretario-de-planeacion-y-un-contratista\/"},"author":{"name":"dfgordillo","@id":"https:\/\/www.fiscalia.gov.co\/colombia\/#\/schema\/person\/3903856a3ce2d54b094c69eb29247895"},"headline":"C\u00e1rcel para exalcalde de El Carmen de Bol\u00edvar, exsecretario de Planeaci\u00f3n y un contratista","datePublished":"2017-09-05T21:44:53+00:00","dateModified":"2017-09-06T12:38:36+00:00","mainEntityOfPage":{"@id":"https:\/\/www.fiscalia.gov.co\/colombia\/lucha-contra-corrupcion\/carcel-para-exalcalde-de-el-carmen-de-bolivar-exsecretario-de-planeacion-y-un-contratista\/"},"wordCount":406,"publisher":{"@id":"https:\/\/www.fiscalia.gov.co\/colombia\/#organization"},"articleSection":["Corrupci\u00f3n"],"inLanguage":"es-CO"},{"@type":"WebPage","@id":"https:\/\/www.fiscalia.gov.co\/colombia\/lucha-contra-corrupcion\/carcel-para-exalcalde-de-el-carmen-de-bolivar-exsecretario-de-planeacion-y-un-contratista\/","url":"https:\/\/www.fiscalia.gov.co\/colombia\/lucha-contra-corrupcion\/carcel-para-exalcalde-de-el-carmen-de-bolivar-exsecretario-de-planeacion-y-un-contratista\/","name":"Fiscal\u00eda General de la Naci\u00f3n","isPartOf":{"@id":"https:\/\/www.fiscalia.gov.co\/colombia\/#website"},"datePublished":"2017-09-05T21:44:53+00:00","dateModified":"2017-09-06T12:38:36+00:00","description":"P\u00e1gina oficial de la Fiscal\u00eda General de la Naci\u00f3n \u2013 Colombia. Garantizamos el acceso efectivo a la justicia, la verdad y la reparaci\u00f3n de las v\u00edctimas de los delitos.","breadcrumb":{"@id":"https:\/\/www.fiscalia.gov.co\/colombia\/lucha-contra-corrupcion\/carcel-para-exalcalde-de-el-carmen-de-bolivar-exsecretario-de-planeacion-y-un-contratista\/#breadcrumb"},"inLanguage":"es-CO","potentialAction":[{"@type":"ReadAction","target":["https:\/\/www.fiscalia.gov.co\/colombia\/lucha-contra-corrupcion\/carcel-para-exalcalde-de-el-carmen-de-bolivar-exsecretario-de-planeacion-y-un-contratista\/"]}]},{"@type":"BreadcrumbList","@id":"https:\/\/www.fiscalia.gov.co\/colombia\/lucha-contra-corrupcion\/carcel-para-exalcalde-de-el-carmen-de-bolivar-exsecretario-de-planeacion-y-un-contratista\/#breadcrumb","itemListElement":[{"@type":"ListItem","position":1,"name":"Home","item":"https:\/\/www.fiscalia.gov.co\/colombia\/"},{"@type":"ListItem","position":2,"name":"C\u00e1rcel para exalcalde de El Carmen de Bol\u00edvar, exsecretario de Planeaci\u00f3n y un contratista"}]},{"@type":"WebSite","@id":"https:\/\/www.fiscalia.gov.co\/colombia\/#website","url":"https:\/\/www.fiscalia.gov.co\/colombia\/","name":"Fiscal\u00eda General de la Naci\u00f3n","description":"P\u00e1gina oficial de la Fiscal\u00eda General de la Naci\u00f3n \u2013 Colombia. Garantizamos el acceso efectivo a la justicia, la verdad y la reparaci\u00f3n de las v\u00edctimas de los delitos.","publisher":{"@id":"https:\/\/www.fiscalia.gov.co\/colombia\/#organization"},"potentialAction":[{"@type":"SearchAction","target":{"@type":"EntryPoint","urlTemplate":"https:\/\/www.fiscalia.gov.co\/colombia\/?s={search_term_string}"},"query-input":{"@type":"PropertyValueSpecification","valueRequired":true,"valueName":"search_term_string"}}],"inLanguage":"es-CO"},{"@type":"Organization","@id":"https:\/\/www.fiscalia.gov.co\/colombia\/#organization","name":"Fiscal\u00eda General de la Naci\u00f3n","url":"https:\/\/www.fiscalia.gov.co\/colombia\/","logo":{"@type":"ImageObject","inLanguage":"es-CO","@id":"https:\/\/www.fiscalia.gov.co\/colombia\/#\/schema\/logo\/image\/","url":"https:\/\/www.fiscalia.gov.co\/colombia\/wp-content\/uploads\/LogoHorizontal_1.jpg","contentUrl":"https:\/\/www.fiscalia.gov.co\/colombia\/wp-content\/uploads\/LogoHorizontal_1.jpg","width":300,"height":90,"caption":"Fiscal\u00eda General de la Naci\u00f3n"},"image":{"@id":"https:\/\/www.fiscalia.gov.co\/colombia\/#\/schema\/logo\/image\/"},"sameAs":["https:\/\/www.facebook.com\/FiscaliaCol","https:\/\/x.com\/FiscaliaCol","https:\/\/www.instagram.com\/fiscaliacol","https:\/\/www.linkedin.com\/company\/fiscalia-general-de-la-naci-n\/","https:\/\/youtube.com\/@fiscaliageneraldelanacion-4668?si=6nN79nyQICPU5iTh"]},{"@type":"Person","@id":"https:\/\/www.fiscalia.gov.co\/colombia\/#\/schema\/person\/3903856a3ce2d54b094c69eb29247895","name":"dfgordillo","image":{"@type":"ImageObject","inLanguage":"es-CO","@id":"https:\/\/www.fiscalia.gov.co\/colombia\/#\/schema\/person\/image\/","url":"https:\/\/secure.gravatar.com\/avatar\/b6356e21c5657c60757fe6fb9493e947?s=96&d=mm&r=g","contentUrl":"https:\/\/secure.gravatar.com\/avatar\/b6356e21c5657c60757fe6fb9493e947?s=96&d=mm&r=g","caption":"dfgordillo"},"sameAs":["dfgordillo"],"url":"https:\/\/www.fiscalia.gov.co\/colombia\/author\/dfgordillo\/"}]}},"_links":{"self":[{"href":"https:\/\/www.fiscalia.gov.co\/colombia\/wp-json\/wp\/v2\/posts\/109296","targetHints":{"allow":["GET"]}}],"collection":[{"href":"https:\/\/www.fiscalia.gov.co\/colombia\/wp-json\/wp\/v2\/posts"}],"about":[{"href":"https:\/\/www.fiscalia.gov.co\/colombia\/wp-json\/wp\/v2\/types\/post"}],"author":[{"embeddable":true,"href":"https:\/\/www.fiscalia.gov.co\/colombia\/wp-json\/wp\/v2\/users\/143"}],"replies":[{"embeddable":true,"href":"https:\/\/www.fiscalia.gov.co\/colombia\/wp-json\/wp\/v2\/comments?post=109296"}],"version-history":[{"count":1,"href":"https:\/\/www.fiscalia.gov.co\/colombia\/wp-json\/wp\/v2\/posts\/109296\/revisions"}],"predecessor-version":[{"id":109297,"href":"https:\/\/www.fiscalia.gov.co\/colombia\/wp-json\/wp\/v2\/posts\/109296\/revisions\/109297"}],"wp:attachment":[{"href":"https:\/\/www.fiscalia.gov.co\/colombia\/wp-json\/wp\/v2\/media?parent=109296"}],"wp:term":[{"taxonomy":"category","embeddable":true,"href":"https:\/\/www.fiscalia.gov.co\/colombia\/wp-json\/wp\/v2\/categories?post=109296"},{"taxonomy":"post_tag","embeddable":true,"href":"https:\/\/www.fiscalia.gov.co\/colombia\/wp-json\/wp\/v2\/tags?post=109296"}],"curies":[{"name":"wp","href":"https:\/\/api.w.org\/{rel}","templated":true}]}}