{"id":109089,"date":"2017-09-04T09:47:53","date_gmt":"2017-09-04T14:47:53","guid":{"rendered":"http:\/\/www.fiscalia.gov.co\/colombia\/?p=109089"},"modified":"2017-09-04T11:35:42","modified_gmt":"2017-09-04T16:35:42","slug":"asegurados-alcalde-de-jamundi-y-su-secretario-de-infraestructura-por-presuntas-irregularidades-en-contratacion","status":"publish","type":"post","link":"https:\/\/www.fiscalia.gov.co\/colombia\/lucha-contra-corrupcion\/asegurados-alcalde-de-jamundi-y-su-secretario-de-infraestructura-por-presuntas-irregularidades-en-contratacion\/","title":{"rendered":"Asegurados alcalde de Jamund\u00ed y su secretario de infraestructura por presuntas irregularidades en contrataci\u00f3n"},"content":{"rendered":"<p><span style=\"text-decoration: underline;\"><em>Seg\u00fan las investigaciones de la Fiscal\u00eda, la alcald\u00eda del municipio habr\u00eda suscrito cuatro contratos de manera directa por $800 millones.<\/em><\/span><\/p>\n<p>El juez cuarto penal municipal de control de garant\u00edas de Cali (Valle del Cauca) impuso medida de aseguramiento contra el alcalde de Jamund\u00ed, Manuel Santos Carrillo; y el secretario de infraestructura de ese municipio, Diego Alberto Galarza Cer\u00f3n, consistente en detenci\u00f3n domiciliaria.<\/p>\n<p>Durante las audiencias, el juez legaliz\u00f3 las capturas y aval\u00f3 la imputaci\u00f3n de cargos hecha por la Fiscal\u00eda, que se\u00f1ala a los procesados como presuntos coautores del delito de contratos sin cumplimiento de requisitos legales en concurso homog\u00e9neo y sucesivo.<\/p>\n<p>El alcalde Santos Carrillo se entreg\u00f3 a la Fiscal\u00eda el pasado viernes 1 de septiembre de 2017, en las instalaciones del Cuerpo T\u00e9cnico de Investigaciones (CTI); mientras que el secretario Diego Galarza fue capturado en la sede de la alcald\u00eda de Jamund\u00ed.<\/p>\n<p>Las capturas de ambos funcionarios hacen parte del plan \u2018Bolsillos de Cristal\u2019, de cero tolerancia con la corrupci\u00f3n, que desarrolla la Fiscal\u00eda General en todo el pa\u00eds.<\/p>\n<p>La investigaci\u00f3n de la Fiscal\u00eda se inici\u00f3 luego de un informe de la Contralor\u00eda Departamental de Valle, que detall\u00f3 varios hallazgos de presuntas irregularidades en cuatro contratos relacionados con el Decreto 0164 del 18 de marzo de 2016, por el cual se declar\u00f3 la situaci\u00f3n de calamidad p\u00fablica en Jamund\u00ed, debido a la temporada de lluvias en 2016.<\/p>\n<p>En virtud de la declaratoria de calamidad p\u00fablica, la alcald\u00eda de Manuel Santos Carrillo celebr\u00f3 cuatro contratos por 800 millones de pesos, los cuales ten\u00edan los siguientes objetos:<\/p>\n<p>1-\u00a0Contrato 31-14-03-261 del 31 de marzo de 2016, suscrito con Construcciones G\u00f3mez Salazar S.A., cuyo objeto era la \u201campliaci\u00f3n de redes de acueducto del sector del corregimiento de Villa Paz \u2013 Guachinte, para abastecer a la comunidad en condiciones de vulnerabilidad.\u201d<\/p>\n<p>2. Contrato 34-14-03-359 del 19 de mayo de 2016, firmado con Construcciones Dise\u00f1os e Interventor\u00edas S.A.S., cuyo objeto era la \u201cadecuaci\u00f3n de la planta de tratamiento de aguas residuales, PTAR, del corregimiento de Robles, dentro del proyecto de la ampliaci\u00f3n redes servicios p\u00fablicos para mejorar cobertura y calidad en el municipio de Jamund\u00ed\u201d.<\/p>\n<p>3. Contrato 34-14-23-360 del 19 de mayo de 2016, contratista Servicentro Esso Bol\u00edvar, cuyo objeto era el \u201cSuministro de combustible (gasolina corriente, di\u00e9sel) con destino a los veh\u00edculos y maquinaria pesada utilizada para la reparaci\u00f3n de la infraestructura vial afectada por los fen\u00f3menos hidroclim\u00e1ticos en el municipio de Jamund\u00ed\u201d.<\/p>\n<p>4. Contrato 34-14-14-364 del 19 de mayo de 2016, contratista Fernando Javier Paredes Torrente, cuyo objeto era la \u201cInterventor\u00eda t\u00e9cnica, administrativa y financiera para la adecuaci\u00f3n de la planta de tratamiento de aguas residuales, PTAR del corregimiento de Robles en Jamund\u00ed\u201d.<\/p>\n<p>&nbsp;<\/p>\n<p>JGP\/JARG<\/p>\n<p>&nbsp;<\/p>\n\n<div class=\"twitter-share\"><a href=\"https:\/\/twitter.com\/intent\/tweet?via=fiscaliacol\" class=\"twitter-share-button\">Tweet<\/a><\/div>\n","protected":false},"excerpt":{"rendered":"<p>Seg\u00fan las investigaciones de la Fiscal\u00eda, la alcald\u00eda del municipio habr\u00eda suscrito cuatro contratos de manera directa por $800 millones. El juez cuarto penal municipal de control de garant\u00edas de [&hellip;]<\/p>\n","protected":false},"author":143,"featured_media":0,"comment_status":"closed","ping_status":"open","sticky":false,"template":"","format":"standard","meta":{"tdm_status":"","tdm_grid_status":"","footnotes":""},"categories":[24107],"tags":[],"class_list":["post-109089","post","type-post","status-publish","format-standard","category-lucha-contra-corrupcion"],"yoast_head":"<!-- This site is optimized with the Yoast SEO plugin v24.3 - https:\/\/yoast.com\/wordpress\/plugins\/seo\/ -->\n<title>Fiscal\u00eda General de la Naci\u00f3n<\/title>\n<meta name=\"description\" content=\"P\u00e1gina oficial de la Fiscal\u00eda General de la Naci\u00f3n \u2013 Colombia. Garantizamos el acceso efectivo a la justicia, la verdad y la reparaci\u00f3n de las v\u00edctimas de los delitos.\" \/>\n<meta name=\"robots\" content=\"noindex, follow\" \/>\n<meta property=\"og:locale\" content=\"es_ES\" \/>\n<meta property=\"og:type\" content=\"article\" \/>\n<meta property=\"og:title\" content=\"Fiscal\u00eda General de la Naci\u00f3n\" \/>\n<meta property=\"og:description\" content=\"P\u00e1gina oficial de la Fiscal\u00eda General de la Naci\u00f3n \u2013 Colombia. Garantizamos el acceso efectivo a la justicia, la verdad y la reparaci\u00f3n de las v\u00edctimas de los delitos.\" \/>\n<meta property=\"og:url\" content=\"https:\/\/www.fiscalia.gov.co\/colombia\/lucha-contra-corrupcion\/asegurados-alcalde-de-jamundi-y-su-secretario-de-infraestructura-por-presuntas-irregularidades-en-contratacion\/\" \/>\n<meta property=\"og:site_name\" content=\"Fiscal\u00eda General de la Naci\u00f3n\" \/>\n<meta property=\"article:publisher\" content=\"https:\/\/www.facebook.com\/FiscaliaCol\" \/>\n<meta property=\"article:published_time\" content=\"2017-09-04T14:47:53+00:00\" \/>\n<meta property=\"article:modified_time\" content=\"2017-09-04T16:35:42+00:00\" \/>\n<meta name=\"author\" content=\"dfgordillo\" \/>\n<meta name=\"twitter:card\" content=\"summary_large_image\" \/>\n<meta name=\"twitter:creator\" content=\"@FiscaliaCol\" \/>\n<meta name=\"twitter:site\" content=\"@FiscaliaCol\" \/>\n<meta name=\"twitter:label1\" content=\"Escrito por\" \/>\n\t<meta name=\"twitter:data1\" content=\"dfgordillo\" \/>\n\t<meta name=\"twitter:label2\" content=\"Tiempo de lectura\" \/>\n\t<meta name=\"twitter:data2\" content=\"2 minutos\" \/>\n<script type=\"application\/ld+json\" class=\"yoast-schema-graph\">{\"@context\":\"https:\/\/schema.org\",\"@graph\":[{\"@type\":\"Article\",\"@id\":\"https:\/\/www.fiscalia.gov.co\/colombia\/lucha-contra-corrupcion\/asegurados-alcalde-de-jamundi-y-su-secretario-de-infraestructura-por-presuntas-irregularidades-en-contratacion\/#article\",\"isPartOf\":{\"@id\":\"https:\/\/www.fiscalia.gov.co\/colombia\/lucha-contra-corrupcion\/asegurados-alcalde-de-jamundi-y-su-secretario-de-infraestructura-por-presuntas-irregularidades-en-contratacion\/\"},\"author\":{\"name\":\"dfgordillo\",\"@id\":\"https:\/\/www.fiscalia.gov.co\/colombia\/#\/schema\/person\/3903856a3ce2d54b094c69eb29247895\"},\"headline\":\"Asegurados alcalde de Jamund\u00ed y su secretario de infraestructura por presuntas irregularidades en contrataci\u00f3n\",\"datePublished\":\"2017-09-04T14:47:53+00:00\",\"dateModified\":\"2017-09-04T16:35:42+00:00\",\"mainEntityOfPage\":{\"@id\":\"https:\/\/www.fiscalia.gov.co\/colombia\/lucha-contra-corrupcion\/asegurados-alcalde-de-jamundi-y-su-secretario-de-infraestructura-por-presuntas-irregularidades-en-contratacion\/\"},\"wordCount\":493,\"publisher\":{\"@id\":\"https:\/\/www.fiscalia.gov.co\/colombia\/#organization\"},\"articleSection\":[\"Corrupci\u00f3n\"],\"inLanguage\":\"es-CO\"},{\"@type\":\"WebPage\",\"@id\":\"https:\/\/www.fiscalia.gov.co\/colombia\/lucha-contra-corrupcion\/asegurados-alcalde-de-jamundi-y-su-secretario-de-infraestructura-por-presuntas-irregularidades-en-contratacion\/\",\"url\":\"https:\/\/www.fiscalia.gov.co\/colombia\/lucha-contra-corrupcion\/asegurados-alcalde-de-jamundi-y-su-secretario-de-infraestructura-por-presuntas-irregularidades-en-contratacion\/\",\"name\":\"Fiscal\u00eda General de la Naci\u00f3n\",\"isPartOf\":{\"@id\":\"https:\/\/www.fiscalia.gov.co\/colombia\/#website\"},\"datePublished\":\"2017-09-04T14:47:53+00:00\",\"dateModified\":\"2017-09-04T16:35:42+00:00\",\"description\":\"P\u00e1gina oficial de la Fiscal\u00eda General de la Naci\u00f3n \u2013 Colombia. Garantizamos el acceso efectivo a la justicia, la verdad y la reparaci\u00f3n de las v\u00edctimas de los delitos.\",\"breadcrumb\":{\"@id\":\"https:\/\/www.fiscalia.gov.co\/colombia\/lucha-contra-corrupcion\/asegurados-alcalde-de-jamundi-y-su-secretario-de-infraestructura-por-presuntas-irregularidades-en-contratacion\/#breadcrumb\"},\"inLanguage\":\"es-CO\",\"potentialAction\":[{\"@type\":\"ReadAction\",\"target\":[\"https:\/\/www.fiscalia.gov.co\/colombia\/lucha-contra-corrupcion\/asegurados-alcalde-de-jamundi-y-su-secretario-de-infraestructura-por-presuntas-irregularidades-en-contratacion\/\"]}]},{\"@type\":\"BreadcrumbList\",\"@id\":\"https:\/\/www.fiscalia.gov.co\/colombia\/lucha-contra-corrupcion\/asegurados-alcalde-de-jamundi-y-su-secretario-de-infraestructura-por-presuntas-irregularidades-en-contratacion\/#breadcrumb\",\"itemListElement\":[{\"@type\":\"ListItem\",\"position\":1,\"name\":\"Home\",\"item\":\"https:\/\/www.fiscalia.gov.co\/colombia\/\"},{\"@type\":\"ListItem\",\"position\":2,\"name\":\"Asegurados alcalde de Jamund\u00ed y su secretario de infraestructura por presuntas irregularidades en contrataci\u00f3n\"}]},{\"@type\":\"WebSite\",\"@id\":\"https:\/\/www.fiscalia.gov.co\/colombia\/#website\",\"url\":\"https:\/\/www.fiscalia.gov.co\/colombia\/\",\"name\":\"Fiscal\u00eda General de la Naci\u00f3n\",\"description\":\"P\u00e1gina oficial de la Fiscal\u00eda General de la Naci\u00f3n \u2013 Colombia. Garantizamos el acceso efectivo a la justicia, la verdad y la reparaci\u00f3n de las v\u00edctimas de los delitos.\",\"publisher\":{\"@id\":\"https:\/\/www.fiscalia.gov.co\/colombia\/#organization\"},\"potentialAction\":[{\"@type\":\"SearchAction\",\"target\":{\"@type\":\"EntryPoint\",\"urlTemplate\":\"https:\/\/www.fiscalia.gov.co\/colombia\/?s={search_term_string}\"},\"query-input\":{\"@type\":\"PropertyValueSpecification\",\"valueRequired\":true,\"valueName\":\"search_term_string\"}}],\"inLanguage\":\"es-CO\"},{\"@type\":\"Organization\",\"@id\":\"https:\/\/www.fiscalia.gov.co\/colombia\/#organization\",\"name\":\"Fiscal\u00eda General de la Naci\u00f3n\",\"url\":\"https:\/\/www.fiscalia.gov.co\/colombia\/\",\"logo\":{\"@type\":\"ImageObject\",\"inLanguage\":\"es-CO\",\"@id\":\"https:\/\/www.fiscalia.gov.co\/colombia\/#\/schema\/logo\/image\/\",\"url\":\"https:\/\/www.fiscalia.gov.co\/colombia\/wp-content\/uploads\/LogoHorizontal_1.jpg\",\"contentUrl\":\"https:\/\/www.fiscalia.gov.co\/colombia\/wp-content\/uploads\/LogoHorizontal_1.jpg\",\"width\":300,\"height\":90,\"caption\":\"Fiscal\u00eda General de la Naci\u00f3n\"},\"image\":{\"@id\":\"https:\/\/www.fiscalia.gov.co\/colombia\/#\/schema\/logo\/image\/\"},\"sameAs\":[\"https:\/\/www.facebook.com\/FiscaliaCol\",\"https:\/\/x.com\/FiscaliaCol\",\"https:\/\/www.instagram.com\/fiscaliacol\",\"https:\/\/www.linkedin.com\/company\/fiscalia-general-de-la-naci-n\/\",\"https:\/\/youtube.com\/@fiscaliageneraldelanacion-4668?si=6nN79nyQICPU5iTh\"]},{\"@type\":\"Person\",\"@id\":\"https:\/\/www.fiscalia.gov.co\/colombia\/#\/schema\/person\/3903856a3ce2d54b094c69eb29247895\",\"name\":\"dfgordillo\",\"image\":{\"@type\":\"ImageObject\",\"inLanguage\":\"es-CO\",\"@id\":\"https:\/\/www.fiscalia.gov.co\/colombia\/#\/schema\/person\/image\/\",\"url\":\"https:\/\/secure.gravatar.com\/avatar\/b6356e21c5657c60757fe6fb9493e947?s=96&d=mm&r=g\",\"contentUrl\":\"https:\/\/secure.gravatar.com\/avatar\/b6356e21c5657c60757fe6fb9493e947?s=96&d=mm&r=g\",\"caption\":\"dfgordillo\"},\"sameAs\":[\"dfgordillo\"],\"url\":\"https:\/\/www.fiscalia.gov.co\/colombia\/author\/dfgordillo\/\"}]}<\/script>\n<!-- \/ Yoast SEO plugin. -->","yoast_head_json":{"title":"Fiscal\u00eda General de la Naci\u00f3n","description":"P\u00e1gina oficial de la Fiscal\u00eda General de la Naci\u00f3n \u2013 Colombia. Garantizamos el acceso efectivo a la justicia, la verdad y la reparaci\u00f3n de las v\u00edctimas de los delitos.","robots":{"index":"noindex","follow":"follow"},"og_locale":"es_ES","og_type":"article","og_title":"Fiscal\u00eda General de la Naci\u00f3n","og_description":"P\u00e1gina oficial de la Fiscal\u00eda General de la Naci\u00f3n \u2013 Colombia. Garantizamos el acceso efectivo a la justicia, la verdad y la reparaci\u00f3n de las v\u00edctimas de los delitos.","og_url":"https:\/\/www.fiscalia.gov.co\/colombia\/lucha-contra-corrupcion\/asegurados-alcalde-de-jamundi-y-su-secretario-de-infraestructura-por-presuntas-irregularidades-en-contratacion\/","og_site_name":"Fiscal\u00eda General de la Naci\u00f3n","article_publisher":"https:\/\/www.facebook.com\/FiscaliaCol","article_published_time":"2017-09-04T14:47:53+00:00","article_modified_time":"2017-09-04T16:35:42+00:00","author":"dfgordillo","twitter_card":"summary_large_image","twitter_creator":"@FiscaliaCol","twitter_site":"@FiscaliaCol","twitter_misc":{"Escrito por":"dfgordillo","Tiempo de lectura":"2 minutos"},"schema":{"@context":"https:\/\/schema.org","@graph":[{"@type":"Article","@id":"https:\/\/www.fiscalia.gov.co\/colombia\/lucha-contra-corrupcion\/asegurados-alcalde-de-jamundi-y-su-secretario-de-infraestructura-por-presuntas-irregularidades-en-contratacion\/#article","isPartOf":{"@id":"https:\/\/www.fiscalia.gov.co\/colombia\/lucha-contra-corrupcion\/asegurados-alcalde-de-jamundi-y-su-secretario-de-infraestructura-por-presuntas-irregularidades-en-contratacion\/"},"author":{"name":"dfgordillo","@id":"https:\/\/www.fiscalia.gov.co\/colombia\/#\/schema\/person\/3903856a3ce2d54b094c69eb29247895"},"headline":"Asegurados alcalde de Jamund\u00ed y su secretario de infraestructura por presuntas irregularidades en contrataci\u00f3n","datePublished":"2017-09-04T14:47:53+00:00","dateModified":"2017-09-04T16:35:42+00:00","mainEntityOfPage":{"@id":"https:\/\/www.fiscalia.gov.co\/colombia\/lucha-contra-corrupcion\/asegurados-alcalde-de-jamundi-y-su-secretario-de-infraestructura-por-presuntas-irregularidades-en-contratacion\/"},"wordCount":493,"publisher":{"@id":"https:\/\/www.fiscalia.gov.co\/colombia\/#organization"},"articleSection":["Corrupci\u00f3n"],"inLanguage":"es-CO"},{"@type":"WebPage","@id":"https:\/\/www.fiscalia.gov.co\/colombia\/lucha-contra-corrupcion\/asegurados-alcalde-de-jamundi-y-su-secretario-de-infraestructura-por-presuntas-irregularidades-en-contratacion\/","url":"https:\/\/www.fiscalia.gov.co\/colombia\/lucha-contra-corrupcion\/asegurados-alcalde-de-jamundi-y-su-secretario-de-infraestructura-por-presuntas-irregularidades-en-contratacion\/","name":"Fiscal\u00eda General de la Naci\u00f3n","isPartOf":{"@id":"https:\/\/www.fiscalia.gov.co\/colombia\/#website"},"datePublished":"2017-09-04T14:47:53+00:00","dateModified":"2017-09-04T16:35:42+00:00","description":"P\u00e1gina oficial de la Fiscal\u00eda General de la Naci\u00f3n \u2013 Colombia. Garantizamos el acceso efectivo a la justicia, la verdad y la reparaci\u00f3n de las v\u00edctimas de los delitos.","breadcrumb":{"@id":"https:\/\/www.fiscalia.gov.co\/colombia\/lucha-contra-corrupcion\/asegurados-alcalde-de-jamundi-y-su-secretario-de-infraestructura-por-presuntas-irregularidades-en-contratacion\/#breadcrumb"},"inLanguage":"es-CO","potentialAction":[{"@type":"ReadAction","target":["https:\/\/www.fiscalia.gov.co\/colombia\/lucha-contra-corrupcion\/asegurados-alcalde-de-jamundi-y-su-secretario-de-infraestructura-por-presuntas-irregularidades-en-contratacion\/"]}]},{"@type":"BreadcrumbList","@id":"https:\/\/www.fiscalia.gov.co\/colombia\/lucha-contra-corrupcion\/asegurados-alcalde-de-jamundi-y-su-secretario-de-infraestructura-por-presuntas-irregularidades-en-contratacion\/#breadcrumb","itemListElement":[{"@type":"ListItem","position":1,"name":"Home","item":"https:\/\/www.fiscalia.gov.co\/colombia\/"},{"@type":"ListItem","position":2,"name":"Asegurados alcalde de Jamund\u00ed y su secretario de infraestructura por presuntas irregularidades en contrataci\u00f3n"}]},{"@type":"WebSite","@id":"https:\/\/www.fiscalia.gov.co\/colombia\/#website","url":"https:\/\/www.fiscalia.gov.co\/colombia\/","name":"Fiscal\u00eda General de la Naci\u00f3n","description":"P\u00e1gina oficial de la Fiscal\u00eda General de la Naci\u00f3n \u2013 Colombia. Garantizamos el acceso efectivo a la justicia, la verdad y la reparaci\u00f3n de las v\u00edctimas de los delitos.","publisher":{"@id":"https:\/\/www.fiscalia.gov.co\/colombia\/#organization"},"potentialAction":[{"@type":"SearchAction","target":{"@type":"EntryPoint","urlTemplate":"https:\/\/www.fiscalia.gov.co\/colombia\/?s={search_term_string}"},"query-input":{"@type":"PropertyValueSpecification","valueRequired":true,"valueName":"search_term_string"}}],"inLanguage":"es-CO"},{"@type":"Organization","@id":"https:\/\/www.fiscalia.gov.co\/colombia\/#organization","name":"Fiscal\u00eda General de la Naci\u00f3n","url":"https:\/\/www.fiscalia.gov.co\/colombia\/","logo":{"@type":"ImageObject","inLanguage":"es-CO","@id":"https:\/\/www.fiscalia.gov.co\/colombia\/#\/schema\/logo\/image\/","url":"https:\/\/www.fiscalia.gov.co\/colombia\/wp-content\/uploads\/LogoHorizontal_1.jpg","contentUrl":"https:\/\/www.fiscalia.gov.co\/colombia\/wp-content\/uploads\/LogoHorizontal_1.jpg","width":300,"height":90,"caption":"Fiscal\u00eda General de la Naci\u00f3n"},"image":{"@id":"https:\/\/www.fiscalia.gov.co\/colombia\/#\/schema\/logo\/image\/"},"sameAs":["https:\/\/www.facebook.com\/FiscaliaCol","https:\/\/x.com\/FiscaliaCol","https:\/\/www.instagram.com\/fiscaliacol","https:\/\/www.linkedin.com\/company\/fiscalia-general-de-la-naci-n\/","https:\/\/youtube.com\/@fiscaliageneraldelanacion-4668?si=6nN79nyQICPU5iTh"]},{"@type":"Person","@id":"https:\/\/www.fiscalia.gov.co\/colombia\/#\/schema\/person\/3903856a3ce2d54b094c69eb29247895","name":"dfgordillo","image":{"@type":"ImageObject","inLanguage":"es-CO","@id":"https:\/\/www.fiscalia.gov.co\/colombia\/#\/schema\/person\/image\/","url":"https:\/\/secure.gravatar.com\/avatar\/b6356e21c5657c60757fe6fb9493e947?s=96&d=mm&r=g","contentUrl":"https:\/\/secure.gravatar.com\/avatar\/b6356e21c5657c60757fe6fb9493e947?s=96&d=mm&r=g","caption":"dfgordillo"},"sameAs":["dfgordillo"],"url":"https:\/\/www.fiscalia.gov.co\/colombia\/author\/dfgordillo\/"}]}},"_links":{"self":[{"href":"https:\/\/www.fiscalia.gov.co\/colombia\/wp-json\/wp\/v2\/posts\/109089","targetHints":{"allow":["GET"]}}],"collection":[{"href":"https:\/\/www.fiscalia.gov.co\/colombia\/wp-json\/wp\/v2\/posts"}],"about":[{"href":"https:\/\/www.fiscalia.gov.co\/colombia\/wp-json\/wp\/v2\/types\/post"}],"author":[{"embeddable":true,"href":"https:\/\/www.fiscalia.gov.co\/colombia\/wp-json\/wp\/v2\/users\/143"}],"replies":[{"embeddable":true,"href":"https:\/\/www.fiscalia.gov.co\/colombia\/wp-json\/wp\/v2\/comments?post=109089"}],"version-history":[{"count":1,"href":"https:\/\/www.fiscalia.gov.co\/colombia\/wp-json\/wp\/v2\/posts\/109089\/revisions"}],"predecessor-version":[{"id":109090,"href":"https:\/\/www.fiscalia.gov.co\/colombia\/wp-json\/wp\/v2\/posts\/109089\/revisions\/109090"}],"wp:attachment":[{"href":"https:\/\/www.fiscalia.gov.co\/colombia\/wp-json\/wp\/v2\/media?parent=109089"}],"wp:term":[{"taxonomy":"category","embeddable":true,"href":"https:\/\/www.fiscalia.gov.co\/colombia\/wp-json\/wp\/v2\/categories?post=109089"},{"taxonomy":"post_tag","embeddable":true,"href":"https:\/\/www.fiscalia.gov.co\/colombia\/wp-json\/wp\/v2\/tags?post=109089"}],"curies":[{"name":"wp","href":"https:\/\/api.w.org\/{rel}","templated":true}]}}