{"id":108919,"date":"2017-08-31T18:02:19","date_gmt":"2017-08-31T23:02:19","guid":{"rendered":"http:\/\/www.fiscalia.gov.co\/colombia\/?p=108919"},"modified":"2017-09-01T10:01:03","modified_gmt":"2017-09-01T15:01:03","slug":"seguiran-investigaciones-contra-funcionarios-publicos-por-corrupcion-en-el-valle-del-cauca-fiscal-general-de-la-nacion","status":"publish","type":"post","link":"https:\/\/www.fiscalia.gov.co\/colombia\/lucha-contra-corrupcion\/seguiran-investigaciones-contra-funcionarios-publicos-por-corrupcion-en-el-valle-del-cauca-fiscal-general-de-la-nacion\/","title":{"rendered":"\u201cSeguir\u00e1n investigaciones contra funcionarios p\u00fablicos por corrupci\u00f3n en el Valle del Cauca\u201d: fiscal general de la Naci\u00f3n"},"content":{"rendered":"<p>\u201cHemos venido priorizando una cantidad de investigaciones que estaban pendientes aqu\u00ed en el Valle del Cauca que tienen que ver con unos delitos contra la administraci\u00f3n p\u00fablica, en donde empiezan a verse los resultados. El tema de Jamund\u00ed corresponde a una decisi\u00f3n de nuestros fiscales, en virtud de la cual se han librado \u00f3rdenes de captura contra el actual alcalde, con el prop\u00f3sito de formularle imputaciones, relacionados con delitos a \u00e9l y al secretario de \u00a0infraestructura, a partir de la ola invernal de marzo de 2016\u201d.<\/p>\n<p>As\u00ed se refiri\u00f3 el fiscal general de la Naci\u00f3n, N\u00e9stor Humberto Mart\u00ednez, en el marco de la Sexta Jornada Anticorrupci\u00f3n celebrada en el Valle del Cauca \u201cBolsillos de Cristal\u201d, sobre el operativo de captura de Diego Alberto Galarza Cer\u00f3n, secretario de Infraestructura del municipio de Jamund\u00ed por el delito de contrato sin cumplimiento de requisitos legales en concurso homog\u00e9neo y sucesivo.<\/p>\n<p>Las decisiones judiciales est\u00e1n relacionadas con las posibles irregularidades registradas en el proceso contractual generado a partir de la promulgaci\u00f3n del Decreto 0164 del 18 de marzo de 2016, por el cual se declar\u00f3 la calamidad p\u00fablica en ese municipio y se reconoci\u00f3 la afectaci\u00f3n de varios sectores de esta localidad del sur del Valle.<\/p>\n<p>\u201cSe decretaron unas urgencias manifiestas para permitir unas contrataciones, y de acuerdo con los fiscales de conocimiento, estas contrataciones, en algunos casos, no ten\u00edan nada que ver con la ola invernal (\u2026) permitieron hacer las contrataciones directas, y se trata de unas imputaciones relacionadas con contratos por $800 millones de pesos\u201d, dijo el jefe del ente investigador.<\/p>\n<p>La Fiscal\u00eda tambi\u00e9n lleg\u00f3 a la sede de la alcald\u00eda de ese municipio para capturar al mandatario local, Manuel Santos Carrillo, pero este hab\u00eda salido a una cita m\u00e9dica. El ente investigador espera que el alcalde Santos Carrillo se entregue a la justicia.<\/p>\n<p>El fiscal Mart\u00ednez asegur\u00f3 que espera que el alcalde de Jamund\u00ed se presente ante estrados judiciales \u201cporque todo funcionario debe hacer presencia ante el llamado de la justicia\u201d.<\/p>\n<p><strong>Casos priorizados<\/strong><\/p>\n<p>El fiscal general anunci\u00f3 que el pr\u00f3ximo lunes 4 de septiembre de 2017, en la p\u00e1gina web del ente investigador ser\u00e1n publicados los casos priorizados de las 48 intervenciones realizadas por ciudadanos de diferentes municipios del Valle, quienes presentaron sus denuncias, as\u00ed como los soportes documentales, durante la audiencia p\u00fablica anticorrupci\u00f3n realizada en la capital vallecaucana.<\/p>\n<p>En la audiencia p\u00fablica se anotaron 98 personas y solo 48 decidieron hacer p\u00fablicas sus denuncias ante los equipos de investigaci\u00f3n de la Direcci\u00f3n Especializada contra la Corrupci\u00f3n.<\/p>\n<p>\u201cVamos a mirar las denuncias particulares que se formularon porque me parece que deben tener un an\u00e1lisis espec\u00edfico, desde el punto de vista de la forma como debemos atender las denuncias que se est\u00e1n formulando, particularmente en el caso de Palmira, Yumbo, y Jamund\u00ed\u201d, asegur\u00f3 Mart\u00ednez Neira.<\/p>\n<p>Asegur\u00f3 que en diciembre el 100 por ciento de estos casos priorizados deben estar resueltos desde el punto de vista de las investigaciones y las decisiones judiciales que las deben acompa\u00f1ar.<\/p>\n<p><strong>Caso M\u00cdO<\/strong><\/p>\n<p>El jefe del ente acusador anunci\u00f3 que en el caso del Sistema de Transporte Masivo (M\u00cdO), el pr\u00f3ximo lunes se tomar\u00e1 la decisi\u00f3n de priorizar las tres investigaciones que acompa\u00f1an unas decisiones proferidas con relaci\u00f3n a unos dineros perdidos por la construcci\u00f3n una terminal en el norte de la ciudad que nunca culmin\u00f3, la participaci\u00f3n de un presunto narcotraficante en el Sistema, y la adquisici\u00f3n de unos terrenos para construir la terminal Valle del Lili en el sur de la ciudad.<\/p>\n<p>\u201cEs un tema que realmente requiere de una particular intervenci\u00f3n por parte de la Fiscal\u00eda General de la Naci\u00f3n, y ser\u00e1 objeto de priorizaci\u00f3n en el programa que vamos a presentar el pr\u00f3ximo lunes para el conocimiento de toda la ciudadan\u00eda, y lo que vamos a decidir de aqu\u00ed al lunes es si esas investigaciones las hacemos desde la Direcci\u00f3n Especializada contra la Corrupci\u00f3n o si las mismas van a seguirse llevando a cabo a trav\u00e9s de las seccionales. Esa es una decisi\u00f3n que vamos a tomar el d\u00eda de ma\u00f1ana\u201d, dijo el fiscal general.<\/p>\n<p>&nbsp;<\/p>\n<p>&nbsp;<\/p>\n<p>JGPV\/DLBM<\/p>\n<p>&nbsp;<\/p>\n\n<div class=\"twitter-share\"><a href=\"https:\/\/twitter.com\/intent\/tweet?via=fiscaliacol\" class=\"twitter-share-button\">Tweet<\/a><\/div>\n","protected":false},"excerpt":{"rendered":"<p>\u201cHemos venido priorizando una cantidad de investigaciones que estaban pendientes aqu\u00ed en el Valle del Cauca que tienen que ver con unos delitos contra la administraci\u00f3n p\u00fablica, en donde empiezan [&hellip;]<\/p>\n","protected":false},"author":143,"featured_media":0,"comment_status":"closed","ping_status":"open","sticky":false,"template":"","format":"standard","meta":{"tdm_status":"","tdm_grid_status":"","footnotes":""},"categories":[24107],"tags":[],"class_list":["post-108919","post","type-post","status-publish","format-standard","category-lucha-contra-corrupcion"],"yoast_head":"<!-- This site is optimized with the Yoast SEO plugin v24.3 - https:\/\/yoast.com\/wordpress\/plugins\/seo\/ -->\n<title>Fiscal\u00eda General de la Naci\u00f3n<\/title>\n<meta name=\"description\" content=\"P\u00e1gina oficial de la Fiscal\u00eda General de la Naci\u00f3n \u2013 Colombia. Garantizamos el acceso efectivo a la justicia, la verdad y la reparaci\u00f3n de las v\u00edctimas de los delitos.\" \/>\n<meta name=\"robots\" content=\"noindex, follow\" \/>\n<meta property=\"og:locale\" content=\"es_ES\" \/>\n<meta property=\"og:type\" content=\"article\" \/>\n<meta property=\"og:title\" content=\"Fiscal\u00eda General de la Naci\u00f3n\" \/>\n<meta property=\"og:description\" content=\"P\u00e1gina oficial de la Fiscal\u00eda General de la Naci\u00f3n \u2013 Colombia. Garantizamos el acceso efectivo a la justicia, la verdad y la reparaci\u00f3n de las v\u00edctimas de los delitos.\" \/>\n<meta property=\"og:url\" content=\"https:\/\/www.fiscalia.gov.co\/colombia\/lucha-contra-corrupcion\/seguiran-investigaciones-contra-funcionarios-publicos-por-corrupcion-en-el-valle-del-cauca-fiscal-general-de-la-nacion\/\" \/>\n<meta property=\"og:site_name\" content=\"Fiscal\u00eda General de la Naci\u00f3n\" \/>\n<meta property=\"article:publisher\" content=\"https:\/\/www.facebook.com\/FiscaliaCol\" \/>\n<meta property=\"article:published_time\" content=\"2017-08-31T23:02:19+00:00\" \/>\n<meta property=\"article:modified_time\" content=\"2017-09-01T15:01:03+00:00\" \/>\n<meta name=\"author\" content=\"dfgordillo\" \/>\n<meta name=\"twitter:card\" content=\"summary_large_image\" \/>\n<meta name=\"twitter:creator\" content=\"@FiscaliaCol\" \/>\n<meta name=\"twitter:site\" content=\"@FiscaliaCol\" \/>\n<meta name=\"twitter:label1\" content=\"Escrito por\" \/>\n\t<meta name=\"twitter:data1\" content=\"dfgordillo\" \/>\n\t<meta name=\"twitter:label2\" content=\"Tiempo de lectura\" \/>\n\t<meta name=\"twitter:data2\" content=\"4 minutos\" \/>\n<script type=\"application\/ld+json\" class=\"yoast-schema-graph\">{\"@context\":\"https:\/\/schema.org\",\"@graph\":[{\"@type\":\"Article\",\"@id\":\"https:\/\/www.fiscalia.gov.co\/colombia\/lucha-contra-corrupcion\/seguiran-investigaciones-contra-funcionarios-publicos-por-corrupcion-en-el-valle-del-cauca-fiscal-general-de-la-nacion\/#article\",\"isPartOf\":{\"@id\":\"https:\/\/www.fiscalia.gov.co\/colombia\/lucha-contra-corrupcion\/seguiran-investigaciones-contra-funcionarios-publicos-por-corrupcion-en-el-valle-del-cauca-fiscal-general-de-la-nacion\/\"},\"author\":{\"name\":\"dfgordillo\",\"@id\":\"https:\/\/www.fiscalia.gov.co\/colombia\/#\/schema\/person\/3903856a3ce2d54b094c69eb29247895\"},\"headline\":\"\u201cSeguir\u00e1n investigaciones contra funcionarios p\u00fablicos por corrupci\u00f3n en el Valle del Cauca\u201d: fiscal general de la Naci\u00f3n\",\"datePublished\":\"2017-08-31T23:02:19+00:00\",\"dateModified\":\"2017-09-01T15:01:03+00:00\",\"mainEntityOfPage\":{\"@id\":\"https:\/\/www.fiscalia.gov.co\/colombia\/lucha-contra-corrupcion\/seguiran-investigaciones-contra-funcionarios-publicos-por-corrupcion-en-el-valle-del-cauca-fiscal-general-de-la-nacion\/\"},\"wordCount\":743,\"publisher\":{\"@id\":\"https:\/\/www.fiscalia.gov.co\/colombia\/#organization\"},\"articleSection\":[\"Corrupci\u00f3n\"],\"inLanguage\":\"es-CO\"},{\"@type\":\"WebPage\",\"@id\":\"https:\/\/www.fiscalia.gov.co\/colombia\/lucha-contra-corrupcion\/seguiran-investigaciones-contra-funcionarios-publicos-por-corrupcion-en-el-valle-del-cauca-fiscal-general-de-la-nacion\/\",\"url\":\"https:\/\/www.fiscalia.gov.co\/colombia\/lucha-contra-corrupcion\/seguiran-investigaciones-contra-funcionarios-publicos-por-corrupcion-en-el-valle-del-cauca-fiscal-general-de-la-nacion\/\",\"name\":\"Fiscal\u00eda General de la Naci\u00f3n\",\"isPartOf\":{\"@id\":\"https:\/\/www.fiscalia.gov.co\/colombia\/#website\"},\"datePublished\":\"2017-08-31T23:02:19+00:00\",\"dateModified\":\"2017-09-01T15:01:03+00:00\",\"description\":\"P\u00e1gina oficial de la Fiscal\u00eda General de la Naci\u00f3n \u2013 Colombia. Garantizamos el acceso efectivo a la justicia, la verdad y la reparaci\u00f3n de las v\u00edctimas de los delitos.\",\"breadcrumb\":{\"@id\":\"https:\/\/www.fiscalia.gov.co\/colombia\/lucha-contra-corrupcion\/seguiran-investigaciones-contra-funcionarios-publicos-por-corrupcion-en-el-valle-del-cauca-fiscal-general-de-la-nacion\/#breadcrumb\"},\"inLanguage\":\"es-CO\",\"potentialAction\":[{\"@type\":\"ReadAction\",\"target\":[\"https:\/\/www.fiscalia.gov.co\/colombia\/lucha-contra-corrupcion\/seguiran-investigaciones-contra-funcionarios-publicos-por-corrupcion-en-el-valle-del-cauca-fiscal-general-de-la-nacion\/\"]}]},{\"@type\":\"BreadcrumbList\",\"@id\":\"https:\/\/www.fiscalia.gov.co\/colombia\/lucha-contra-corrupcion\/seguiran-investigaciones-contra-funcionarios-publicos-por-corrupcion-en-el-valle-del-cauca-fiscal-general-de-la-nacion\/#breadcrumb\",\"itemListElement\":[{\"@type\":\"ListItem\",\"position\":1,\"name\":\"Home\",\"item\":\"https:\/\/www.fiscalia.gov.co\/colombia\/\"},{\"@type\":\"ListItem\",\"position\":2,\"name\":\"\u201cSeguir\u00e1n investigaciones contra funcionarios p\u00fablicos por corrupci\u00f3n en el Valle del Cauca\u201d: fiscal general de la Naci\u00f3n\"}]},{\"@type\":\"WebSite\",\"@id\":\"https:\/\/www.fiscalia.gov.co\/colombia\/#website\",\"url\":\"https:\/\/www.fiscalia.gov.co\/colombia\/\",\"name\":\"Fiscal\u00eda General de la Naci\u00f3n\",\"description\":\"P\u00e1gina oficial de la Fiscal\u00eda General de la Naci\u00f3n \u2013 Colombia. Garantizamos el acceso efectivo a la justicia, la verdad y la reparaci\u00f3n de las v\u00edctimas de los delitos.\",\"publisher\":{\"@id\":\"https:\/\/www.fiscalia.gov.co\/colombia\/#organization\"},\"potentialAction\":[{\"@type\":\"SearchAction\",\"target\":{\"@type\":\"EntryPoint\",\"urlTemplate\":\"https:\/\/www.fiscalia.gov.co\/colombia\/?s={search_term_string}\"},\"query-input\":{\"@type\":\"PropertyValueSpecification\",\"valueRequired\":true,\"valueName\":\"search_term_string\"}}],\"inLanguage\":\"es-CO\"},{\"@type\":\"Organization\",\"@id\":\"https:\/\/www.fiscalia.gov.co\/colombia\/#organization\",\"name\":\"Fiscal\u00eda General de la Naci\u00f3n\",\"url\":\"https:\/\/www.fiscalia.gov.co\/colombia\/\",\"logo\":{\"@type\":\"ImageObject\",\"inLanguage\":\"es-CO\",\"@id\":\"https:\/\/www.fiscalia.gov.co\/colombia\/#\/schema\/logo\/image\/\",\"url\":\"https:\/\/www.fiscalia.gov.co\/colombia\/wp-content\/uploads\/LogoHorizontal_1.jpg\",\"contentUrl\":\"https:\/\/www.fiscalia.gov.co\/colombia\/wp-content\/uploads\/LogoHorizontal_1.jpg\",\"width\":300,\"height\":90,\"caption\":\"Fiscal\u00eda General de la Naci\u00f3n\"},\"image\":{\"@id\":\"https:\/\/www.fiscalia.gov.co\/colombia\/#\/schema\/logo\/image\/\"},\"sameAs\":[\"https:\/\/www.facebook.com\/FiscaliaCol\",\"https:\/\/x.com\/FiscaliaCol\",\"https:\/\/www.instagram.com\/fiscaliacol\",\"https:\/\/www.linkedin.com\/company\/fiscalia-general-de-la-naci-n\/\",\"https:\/\/youtube.com\/@fiscaliageneraldelanacion-4668?si=6nN79nyQICPU5iTh\"]},{\"@type\":\"Person\",\"@id\":\"https:\/\/www.fiscalia.gov.co\/colombia\/#\/schema\/person\/3903856a3ce2d54b094c69eb29247895\",\"name\":\"dfgordillo\",\"image\":{\"@type\":\"ImageObject\",\"inLanguage\":\"es-CO\",\"@id\":\"https:\/\/www.fiscalia.gov.co\/colombia\/#\/schema\/person\/image\/\",\"url\":\"https:\/\/secure.gravatar.com\/avatar\/b6356e21c5657c60757fe6fb9493e947?s=96&d=mm&r=g\",\"contentUrl\":\"https:\/\/secure.gravatar.com\/avatar\/b6356e21c5657c60757fe6fb9493e947?s=96&d=mm&r=g\",\"caption\":\"dfgordillo\"},\"sameAs\":[\"dfgordillo\"],\"url\":\"https:\/\/www.fiscalia.gov.co\/colombia\/author\/dfgordillo\/\"}]}<\/script>\n<!-- \/ Yoast SEO plugin. -->","yoast_head_json":{"title":"Fiscal\u00eda General de la Naci\u00f3n","description":"P\u00e1gina oficial de la Fiscal\u00eda General de la Naci\u00f3n \u2013 Colombia. Garantizamos el acceso efectivo a la justicia, la verdad y la reparaci\u00f3n de las v\u00edctimas de los delitos.","robots":{"index":"noindex","follow":"follow"},"og_locale":"es_ES","og_type":"article","og_title":"Fiscal\u00eda General de la Naci\u00f3n","og_description":"P\u00e1gina oficial de la Fiscal\u00eda General de la Naci\u00f3n \u2013 Colombia. Garantizamos el acceso efectivo a la justicia, la verdad y la reparaci\u00f3n de las v\u00edctimas de los delitos.","og_url":"https:\/\/www.fiscalia.gov.co\/colombia\/lucha-contra-corrupcion\/seguiran-investigaciones-contra-funcionarios-publicos-por-corrupcion-en-el-valle-del-cauca-fiscal-general-de-la-nacion\/","og_site_name":"Fiscal\u00eda General de la Naci\u00f3n","article_publisher":"https:\/\/www.facebook.com\/FiscaliaCol","article_published_time":"2017-08-31T23:02:19+00:00","article_modified_time":"2017-09-01T15:01:03+00:00","author":"dfgordillo","twitter_card":"summary_large_image","twitter_creator":"@FiscaliaCol","twitter_site":"@FiscaliaCol","twitter_misc":{"Escrito por":"dfgordillo","Tiempo de lectura":"4 minutos"},"schema":{"@context":"https:\/\/schema.org","@graph":[{"@type":"Article","@id":"https:\/\/www.fiscalia.gov.co\/colombia\/lucha-contra-corrupcion\/seguiran-investigaciones-contra-funcionarios-publicos-por-corrupcion-en-el-valle-del-cauca-fiscal-general-de-la-nacion\/#article","isPartOf":{"@id":"https:\/\/www.fiscalia.gov.co\/colombia\/lucha-contra-corrupcion\/seguiran-investigaciones-contra-funcionarios-publicos-por-corrupcion-en-el-valle-del-cauca-fiscal-general-de-la-nacion\/"},"author":{"name":"dfgordillo","@id":"https:\/\/www.fiscalia.gov.co\/colombia\/#\/schema\/person\/3903856a3ce2d54b094c69eb29247895"},"headline":"\u201cSeguir\u00e1n investigaciones contra funcionarios p\u00fablicos por corrupci\u00f3n en el Valle del Cauca\u201d: fiscal general de la Naci\u00f3n","datePublished":"2017-08-31T23:02:19+00:00","dateModified":"2017-09-01T15:01:03+00:00","mainEntityOfPage":{"@id":"https:\/\/www.fiscalia.gov.co\/colombia\/lucha-contra-corrupcion\/seguiran-investigaciones-contra-funcionarios-publicos-por-corrupcion-en-el-valle-del-cauca-fiscal-general-de-la-nacion\/"},"wordCount":743,"publisher":{"@id":"https:\/\/www.fiscalia.gov.co\/colombia\/#organization"},"articleSection":["Corrupci\u00f3n"],"inLanguage":"es-CO"},{"@type":"WebPage","@id":"https:\/\/www.fiscalia.gov.co\/colombia\/lucha-contra-corrupcion\/seguiran-investigaciones-contra-funcionarios-publicos-por-corrupcion-en-el-valle-del-cauca-fiscal-general-de-la-nacion\/","url":"https:\/\/www.fiscalia.gov.co\/colombia\/lucha-contra-corrupcion\/seguiran-investigaciones-contra-funcionarios-publicos-por-corrupcion-en-el-valle-del-cauca-fiscal-general-de-la-nacion\/","name":"Fiscal\u00eda General de la Naci\u00f3n","isPartOf":{"@id":"https:\/\/www.fiscalia.gov.co\/colombia\/#website"},"datePublished":"2017-08-31T23:02:19+00:00","dateModified":"2017-09-01T15:01:03+00:00","description":"P\u00e1gina oficial de la Fiscal\u00eda General de la Naci\u00f3n \u2013 Colombia. Garantizamos el acceso efectivo a la justicia, la verdad y la reparaci\u00f3n de las v\u00edctimas de los delitos.","breadcrumb":{"@id":"https:\/\/www.fiscalia.gov.co\/colombia\/lucha-contra-corrupcion\/seguiran-investigaciones-contra-funcionarios-publicos-por-corrupcion-en-el-valle-del-cauca-fiscal-general-de-la-nacion\/#breadcrumb"},"inLanguage":"es-CO","potentialAction":[{"@type":"ReadAction","target":["https:\/\/www.fiscalia.gov.co\/colombia\/lucha-contra-corrupcion\/seguiran-investigaciones-contra-funcionarios-publicos-por-corrupcion-en-el-valle-del-cauca-fiscal-general-de-la-nacion\/"]}]},{"@type":"BreadcrumbList","@id":"https:\/\/www.fiscalia.gov.co\/colombia\/lucha-contra-corrupcion\/seguiran-investigaciones-contra-funcionarios-publicos-por-corrupcion-en-el-valle-del-cauca-fiscal-general-de-la-nacion\/#breadcrumb","itemListElement":[{"@type":"ListItem","position":1,"name":"Home","item":"https:\/\/www.fiscalia.gov.co\/colombia\/"},{"@type":"ListItem","position":2,"name":"\u201cSeguir\u00e1n investigaciones contra funcionarios p\u00fablicos por corrupci\u00f3n en el Valle del Cauca\u201d: fiscal general de la Naci\u00f3n"}]},{"@type":"WebSite","@id":"https:\/\/www.fiscalia.gov.co\/colombia\/#website","url":"https:\/\/www.fiscalia.gov.co\/colombia\/","name":"Fiscal\u00eda General de la Naci\u00f3n","description":"P\u00e1gina oficial de la Fiscal\u00eda General de la Naci\u00f3n \u2013 Colombia. Garantizamos el acceso efectivo a la justicia, la verdad y la reparaci\u00f3n de las v\u00edctimas de los delitos.","publisher":{"@id":"https:\/\/www.fiscalia.gov.co\/colombia\/#organization"},"potentialAction":[{"@type":"SearchAction","target":{"@type":"EntryPoint","urlTemplate":"https:\/\/www.fiscalia.gov.co\/colombia\/?s={search_term_string}"},"query-input":{"@type":"PropertyValueSpecification","valueRequired":true,"valueName":"search_term_string"}}],"inLanguage":"es-CO"},{"@type":"Organization","@id":"https:\/\/www.fiscalia.gov.co\/colombia\/#organization","name":"Fiscal\u00eda General de la Naci\u00f3n","url":"https:\/\/www.fiscalia.gov.co\/colombia\/","logo":{"@type":"ImageObject","inLanguage":"es-CO","@id":"https:\/\/www.fiscalia.gov.co\/colombia\/#\/schema\/logo\/image\/","url":"https:\/\/www.fiscalia.gov.co\/colombia\/wp-content\/uploads\/LogoHorizontal_1.jpg","contentUrl":"https:\/\/www.fiscalia.gov.co\/colombia\/wp-content\/uploads\/LogoHorizontal_1.jpg","width":300,"height":90,"caption":"Fiscal\u00eda General de la Naci\u00f3n"},"image":{"@id":"https:\/\/www.fiscalia.gov.co\/colombia\/#\/schema\/logo\/image\/"},"sameAs":["https:\/\/www.facebook.com\/FiscaliaCol","https:\/\/x.com\/FiscaliaCol","https:\/\/www.instagram.com\/fiscaliacol","https:\/\/www.linkedin.com\/company\/fiscalia-general-de-la-naci-n\/","https:\/\/youtube.com\/@fiscaliageneraldelanacion-4668?si=6nN79nyQICPU5iTh"]},{"@type":"Person","@id":"https:\/\/www.fiscalia.gov.co\/colombia\/#\/schema\/person\/3903856a3ce2d54b094c69eb29247895","name":"dfgordillo","image":{"@type":"ImageObject","inLanguage":"es-CO","@id":"https:\/\/www.fiscalia.gov.co\/colombia\/#\/schema\/person\/image\/","url":"https:\/\/secure.gravatar.com\/avatar\/b6356e21c5657c60757fe6fb9493e947?s=96&d=mm&r=g","contentUrl":"https:\/\/secure.gravatar.com\/avatar\/b6356e21c5657c60757fe6fb9493e947?s=96&d=mm&r=g","caption":"dfgordillo"},"sameAs":["dfgordillo"],"url":"https:\/\/www.fiscalia.gov.co\/colombia\/author\/dfgordillo\/"}]}},"_links":{"self":[{"href":"https:\/\/www.fiscalia.gov.co\/colombia\/wp-json\/wp\/v2\/posts\/108919","targetHints":{"allow":["GET"]}}],"collection":[{"href":"https:\/\/www.fiscalia.gov.co\/colombia\/wp-json\/wp\/v2\/posts"}],"about":[{"href":"https:\/\/www.fiscalia.gov.co\/colombia\/wp-json\/wp\/v2\/types\/post"}],"author":[{"embeddable":true,"href":"https:\/\/www.fiscalia.gov.co\/colombia\/wp-json\/wp\/v2\/users\/143"}],"replies":[{"embeddable":true,"href":"https:\/\/www.fiscalia.gov.co\/colombia\/wp-json\/wp\/v2\/comments?post=108919"}],"version-history":[{"count":1,"href":"https:\/\/www.fiscalia.gov.co\/colombia\/wp-json\/wp\/v2\/posts\/108919\/revisions"}],"predecessor-version":[{"id":108920,"href":"https:\/\/www.fiscalia.gov.co\/colombia\/wp-json\/wp\/v2\/posts\/108919\/revisions\/108920"}],"wp:attachment":[{"href":"https:\/\/www.fiscalia.gov.co\/colombia\/wp-json\/wp\/v2\/media?parent=108919"}],"wp:term":[{"taxonomy":"category","embeddable":true,"href":"https:\/\/www.fiscalia.gov.co\/colombia\/wp-json\/wp\/v2\/categories?post=108919"},{"taxonomy":"post_tag","embeddable":true,"href":"https:\/\/www.fiscalia.gov.co\/colombia\/wp-json\/wp\/v2\/tags?post=108919"}],"curies":[{"name":"wp","href":"https:\/\/api.w.org\/{rel}","templated":true}]}}