{"id":108865,"date":"2017-08-30T15:32:47","date_gmt":"2017-08-30T20:32:47","guid":{"rendered":"http:\/\/www.fiscalia.gov.co\/colombia\/?p=108865"},"modified":"2017-08-31T10:34:27","modified_gmt":"2017-08-31T15:34:27","slug":"a-juicio-comerciantes-de-vehiculos-por-estafa-agravada-a-mas-de-50-compradores","status":"publish","type":"post","link":"https:\/\/www.fiscalia.gov.co\/colombia\/seguridad-territorial\/a-juicio-comerciantes-de-vehiculos-por-estafa-agravada-a-mas-de-50-compradores\/","title":{"rendered":"A juicio comerciantes de veh\u00edculos por estafa agravada a m\u00e1s de 50 compradores"},"content":{"rendered":"<p>La Direcci\u00f3n Seccional de Fiscal\u00edas de Bogot\u00e1 acus\u00f3 a tres directivos de la empresa comercializadora de carros Distriveh\u00edculos, por los delitos de estafa agravada en modalidad masa en concurso con concierto para delinquir agravado.<\/p>\n<p>Los hechos materia de investigaci\u00f3n se relacionan con el enga\u00f1o que los directivos y empleados de la citada empresa supuestamente le hac\u00edan a los compradores, ofreci\u00e9ndoles adquirir sus veh\u00edculos por encima del precio del mercado. Adem\u00e1s, a los interesados en comprar camionetas, les ofrec\u00edan contratos de transporte con empresas petroleras.<\/p>\n<p>El fiscal adscrito a la Unidad de Automotores indic\u00f3 al Juez 42 Penal del Circuito,\u00a0 que los procesados se alternaban las funciones dentro de la empresa tales como la gerencia, administraci\u00f3n, asesor\u00edas ventas y postventas de veh\u00edculos.<\/p>\n<p>Los presuntos estafadores responden a los nombres de David Santiago Salgado Garc\u00eda, Carlos Andr\u00e9s Colmenares y Milton Eduardo Cantor Usaqu\u00e9n, quienes preparan un preacuerdo con la Fiscal\u00eda.<\/p>\n<p>\u201cVend\u00edan un veh\u00edculo hasta 3 veces a diferentes personas y a otras nunca les entregaban los taxis que hab\u00edan pagado hasta sumas entre 30 y 50 millones de inicial; al hacerles el reclamo buscaban conciliar pero nunca cumplieron con lo prometido\u201d, sostuvo una de las v\u00edctimas.<\/p>\n<p>Los procesados permanecen cobijados con media de aseguramiento en centro carcelario.<\/p>\n<p>&nbsp;<\/p>\n<p>&nbsp;<\/p>\n<p>CMRM\/DLBM<\/p>\n\n<div class=\"twitter-share\"><a href=\"https:\/\/twitter.com\/intent\/tweet?via=fiscaliacol\" class=\"twitter-share-button\">Tweet<\/a><\/div>\n","protected":false},"excerpt":{"rendered":"<p>La Direcci\u00f3n Seccional de Fiscal\u00edas de Bogot\u00e1 acus\u00f3 a tres directivos de la empresa comercializadora de carros Distriveh\u00edculos, por los delitos de estafa agravada en modalidad masa en concurso con concierto para delinquir agravado. Los hechos materia de investigaci\u00f3n se relacionan con el enga\u00f1o que los directivos y empleados de la citada empresa supuestamente le [&hellip;]<\/p>\n","protected":false},"author":143,"featured_media":0,"comment_status":"closed","ping_status":"open","sticky":false,"template":"","format":"standard","meta":{"tdm_status":"","tdm_grid_status":"","footnotes":""},"categories":[24099],"tags":[],"class_list":{"0":"post-108865","1":"post","2":"type-post","3":"status-publish","4":"format-standard","6":"category-seguridad-territorial"},"yoast_head":"<!-- This site is optimized with the Yoast SEO plugin v24.3 - https:\/\/yoast.com\/wordpress\/plugins\/seo\/ -->\n<title>Fiscal\u00eda General de la Naci\u00f3n<\/title>\n<meta name=\"description\" content=\"P\u00e1gina oficial de la Fiscal\u00eda General de la Naci\u00f3n \u2013 Colombia. Garantizamos el acceso efectivo a la justicia, la verdad y la reparaci\u00f3n de las v\u00edctimas de los delitos.\" \/>\n<meta name=\"robots\" content=\"noindex, follow\" \/>\n<meta property=\"og:locale\" content=\"es_ES\" \/>\n<meta property=\"og:type\" content=\"article\" \/>\n<meta property=\"og:title\" content=\"Fiscal\u00eda General de la Naci\u00f3n\" \/>\n<meta property=\"og:description\" content=\"P\u00e1gina oficial de la Fiscal\u00eda General de la Naci\u00f3n \u2013 Colombia. Garantizamos el acceso efectivo a la justicia, la verdad y la reparaci\u00f3n de las v\u00edctimas de los delitos.\" \/>\n<meta property=\"og:url\" content=\"https:\/\/www.fiscalia.gov.co\/colombia\/seguridad-territorial\/a-juicio-comerciantes-de-vehiculos-por-estafa-agravada-a-mas-de-50-compradores\/\" \/>\n<meta property=\"og:site_name\" content=\"Fiscal\u00eda General de la Naci\u00f3n\" \/>\n<meta property=\"article:publisher\" content=\"https:\/\/www.facebook.com\/FiscaliaCol\" \/>\n<meta property=\"article:published_time\" content=\"2017-08-30T20:32:47+00:00\" \/>\n<meta property=\"article:modified_time\" content=\"2017-08-31T15:34:27+00:00\" \/>\n<meta name=\"author\" content=\"dfgordillo\" \/>\n<meta name=\"twitter:card\" content=\"summary_large_image\" \/>\n<meta name=\"twitter:creator\" content=\"@FiscaliaCol\" \/>\n<meta name=\"twitter:site\" content=\"@FiscaliaCol\" \/>\n<meta name=\"twitter:label1\" content=\"Escrito por\" \/>\n\t<meta name=\"twitter:data1\" content=\"dfgordillo\" \/>\n\t<meta name=\"twitter:label2\" content=\"Tiempo de lectura\" \/>\n\t<meta name=\"twitter:data2\" content=\"1 minuto\" \/>\n<script type=\"application\/ld+json\" class=\"yoast-schema-graph\">{\"@context\":\"https:\/\/schema.org\",\"@graph\":[{\"@type\":\"Article\",\"@id\":\"https:\/\/www.fiscalia.gov.co\/colombia\/seguridad-territorial\/a-juicio-comerciantes-de-vehiculos-por-estafa-agravada-a-mas-de-50-compradores\/#article\",\"isPartOf\":{\"@id\":\"https:\/\/www.fiscalia.gov.co\/colombia\/seguridad-territorial\/a-juicio-comerciantes-de-vehiculos-por-estafa-agravada-a-mas-de-50-compradores\/\"},\"author\":{\"name\":\"dfgordillo\",\"@id\":\"https:\/\/www.fiscalia.gov.co\/colombia\/#\/schema\/person\/3903856a3ce2d54b094c69eb29247895\"},\"headline\":\"A juicio comerciantes de veh\u00edculos por estafa agravada a m\u00e1s de 50 compradores\",\"datePublished\":\"2017-08-30T20:32:47+00:00\",\"dateModified\":\"2017-08-31T15:34:27+00:00\",\"mainEntityOfPage\":{\"@id\":\"https:\/\/www.fiscalia.gov.co\/colombia\/seguridad-territorial\/a-juicio-comerciantes-de-vehiculos-por-estafa-agravada-a-mas-de-50-compradores\/\"},\"wordCount\":240,\"publisher\":{\"@id\":\"https:\/\/www.fiscalia.gov.co\/colombia\/#organization\"},\"articleSection\":[\"Seguridad territorial\"],\"inLanguage\":\"es-CO\"},{\"@type\":\"WebPage\",\"@id\":\"https:\/\/www.fiscalia.gov.co\/colombia\/seguridad-territorial\/a-juicio-comerciantes-de-vehiculos-por-estafa-agravada-a-mas-de-50-compradores\/\",\"url\":\"https:\/\/www.fiscalia.gov.co\/colombia\/seguridad-territorial\/a-juicio-comerciantes-de-vehiculos-por-estafa-agravada-a-mas-de-50-compradores\/\",\"name\":\"Fiscal\u00eda General de la Naci\u00f3n\",\"isPartOf\":{\"@id\":\"https:\/\/www.fiscalia.gov.co\/colombia\/#website\"},\"datePublished\":\"2017-08-30T20:32:47+00:00\",\"dateModified\":\"2017-08-31T15:34:27+00:00\",\"description\":\"P\u00e1gina oficial de la Fiscal\u00eda General de la Naci\u00f3n \u2013 Colombia. Garantizamos el acceso efectivo a la justicia, la verdad y la reparaci\u00f3n de las v\u00edctimas de los delitos.\",\"breadcrumb\":{\"@id\":\"https:\/\/www.fiscalia.gov.co\/colombia\/seguridad-territorial\/a-juicio-comerciantes-de-vehiculos-por-estafa-agravada-a-mas-de-50-compradores\/#breadcrumb\"},\"inLanguage\":\"es-CO\",\"potentialAction\":[{\"@type\":\"ReadAction\",\"target\":[\"https:\/\/www.fiscalia.gov.co\/colombia\/seguridad-territorial\/a-juicio-comerciantes-de-vehiculos-por-estafa-agravada-a-mas-de-50-compradores\/\"]}]},{\"@type\":\"BreadcrumbList\",\"@id\":\"https:\/\/www.fiscalia.gov.co\/colombia\/seguridad-territorial\/a-juicio-comerciantes-de-vehiculos-por-estafa-agravada-a-mas-de-50-compradores\/#breadcrumb\",\"itemListElement\":[{\"@type\":\"ListItem\",\"position\":1,\"name\":\"Home\",\"item\":\"https:\/\/www.fiscalia.gov.co\/colombia\/\"},{\"@type\":\"ListItem\",\"position\":2,\"name\":\"A juicio comerciantes de veh\u00edculos por estafa agravada a m\u00e1s de 50 compradores\"}]},{\"@type\":\"WebSite\",\"@id\":\"https:\/\/www.fiscalia.gov.co\/colombia\/#website\",\"url\":\"https:\/\/www.fiscalia.gov.co\/colombia\/\",\"name\":\"Fiscal\u00eda General de la Naci\u00f3n\",\"description\":\"P\u00e1gina oficial de la Fiscal\u00eda General de la Naci\u00f3n \u2013 Colombia. Garantizamos el acceso efectivo a la justicia, la verdad y la reparaci\u00f3n de las v\u00edctimas de los delitos.\",\"publisher\":{\"@id\":\"https:\/\/www.fiscalia.gov.co\/colombia\/#organization\"},\"potentialAction\":[{\"@type\":\"SearchAction\",\"target\":{\"@type\":\"EntryPoint\",\"urlTemplate\":\"https:\/\/www.fiscalia.gov.co\/colombia\/?s={search_term_string}\"},\"query-input\":{\"@type\":\"PropertyValueSpecification\",\"valueRequired\":true,\"valueName\":\"search_term_string\"}}],\"inLanguage\":\"es-CO\"},{\"@type\":\"Organization\",\"@id\":\"https:\/\/www.fiscalia.gov.co\/colombia\/#organization\",\"name\":\"Fiscal\u00eda General de la Naci\u00f3n\",\"url\":\"https:\/\/www.fiscalia.gov.co\/colombia\/\",\"logo\":{\"@type\":\"ImageObject\",\"inLanguage\":\"es-CO\",\"@id\":\"https:\/\/www.fiscalia.gov.co\/colombia\/#\/schema\/logo\/image\/\",\"url\":\"https:\/\/www.fiscalia.gov.co\/colombia\/wp-content\/uploads\/LogoHorizontal_1.jpg\",\"contentUrl\":\"https:\/\/www.fiscalia.gov.co\/colombia\/wp-content\/uploads\/LogoHorizontal_1.jpg\",\"width\":300,\"height\":90,\"caption\":\"Fiscal\u00eda General de la Naci\u00f3n\"},\"image\":{\"@id\":\"https:\/\/www.fiscalia.gov.co\/colombia\/#\/schema\/logo\/image\/\"},\"sameAs\":[\"https:\/\/www.facebook.com\/FiscaliaCol\",\"https:\/\/x.com\/FiscaliaCol\",\"https:\/\/www.instagram.com\/fiscaliacol\",\"https:\/\/www.linkedin.com\/company\/fiscalia-general-de-la-naci-n\/\",\"https:\/\/youtube.com\/@fiscaliageneraldelanacion-4668?si=6nN79nyQICPU5iTh\"]},{\"@type\":\"Person\",\"@id\":\"https:\/\/www.fiscalia.gov.co\/colombia\/#\/schema\/person\/3903856a3ce2d54b094c69eb29247895\",\"name\":\"dfgordillo\",\"image\":{\"@type\":\"ImageObject\",\"inLanguage\":\"es-CO\",\"@id\":\"https:\/\/www.fiscalia.gov.co\/colombia\/#\/schema\/person\/image\/\",\"url\":\"https:\/\/secure.gravatar.com\/avatar\/b6356e21c5657c60757fe6fb9493e947?s=96&d=mm&r=g\",\"contentUrl\":\"https:\/\/secure.gravatar.com\/avatar\/b6356e21c5657c60757fe6fb9493e947?s=96&d=mm&r=g\",\"caption\":\"dfgordillo\"},\"sameAs\":[\"dfgordillo\"],\"url\":\"https:\/\/www.fiscalia.gov.co\/colombia\/author\/dfgordillo\/\"}]}<\/script>\n<!-- \/ Yoast SEO plugin. -->","yoast_head_json":{"title":"Fiscal\u00eda General de la Naci\u00f3n","description":"P\u00e1gina oficial de la Fiscal\u00eda General de la Naci\u00f3n \u2013 Colombia. Garantizamos el acceso efectivo a la justicia, la verdad y la reparaci\u00f3n de las v\u00edctimas de los delitos.","robots":{"index":"noindex","follow":"follow"},"og_locale":"es_ES","og_type":"article","og_title":"Fiscal\u00eda General de la Naci\u00f3n","og_description":"P\u00e1gina oficial de la Fiscal\u00eda General de la Naci\u00f3n \u2013 Colombia. Garantizamos el acceso efectivo a la justicia, la verdad y la reparaci\u00f3n de las v\u00edctimas de los delitos.","og_url":"https:\/\/www.fiscalia.gov.co\/colombia\/seguridad-territorial\/a-juicio-comerciantes-de-vehiculos-por-estafa-agravada-a-mas-de-50-compradores\/","og_site_name":"Fiscal\u00eda General de la Naci\u00f3n","article_publisher":"https:\/\/www.facebook.com\/FiscaliaCol","article_published_time":"2017-08-30T20:32:47+00:00","article_modified_time":"2017-08-31T15:34:27+00:00","author":"dfgordillo","twitter_card":"summary_large_image","twitter_creator":"@FiscaliaCol","twitter_site":"@FiscaliaCol","twitter_misc":{"Escrito por":"dfgordillo","Tiempo de lectura":"1 minuto"},"schema":{"@context":"https:\/\/schema.org","@graph":[{"@type":"Article","@id":"https:\/\/www.fiscalia.gov.co\/colombia\/seguridad-territorial\/a-juicio-comerciantes-de-vehiculos-por-estafa-agravada-a-mas-de-50-compradores\/#article","isPartOf":{"@id":"https:\/\/www.fiscalia.gov.co\/colombia\/seguridad-territorial\/a-juicio-comerciantes-de-vehiculos-por-estafa-agravada-a-mas-de-50-compradores\/"},"author":{"name":"dfgordillo","@id":"https:\/\/www.fiscalia.gov.co\/colombia\/#\/schema\/person\/3903856a3ce2d54b094c69eb29247895"},"headline":"A juicio comerciantes de veh\u00edculos por estafa agravada a m\u00e1s de 50 compradores","datePublished":"2017-08-30T20:32:47+00:00","dateModified":"2017-08-31T15:34:27+00:00","mainEntityOfPage":{"@id":"https:\/\/www.fiscalia.gov.co\/colombia\/seguridad-territorial\/a-juicio-comerciantes-de-vehiculos-por-estafa-agravada-a-mas-de-50-compradores\/"},"wordCount":240,"publisher":{"@id":"https:\/\/www.fiscalia.gov.co\/colombia\/#organization"},"articleSection":["Seguridad territorial"],"inLanguage":"es-CO"},{"@type":"WebPage","@id":"https:\/\/www.fiscalia.gov.co\/colombia\/seguridad-territorial\/a-juicio-comerciantes-de-vehiculos-por-estafa-agravada-a-mas-de-50-compradores\/","url":"https:\/\/www.fiscalia.gov.co\/colombia\/seguridad-territorial\/a-juicio-comerciantes-de-vehiculos-por-estafa-agravada-a-mas-de-50-compradores\/","name":"Fiscal\u00eda General de la Naci\u00f3n","isPartOf":{"@id":"https:\/\/www.fiscalia.gov.co\/colombia\/#website"},"datePublished":"2017-08-30T20:32:47+00:00","dateModified":"2017-08-31T15:34:27+00:00","description":"P\u00e1gina oficial de la Fiscal\u00eda General de la Naci\u00f3n \u2013 Colombia. Garantizamos el acceso efectivo a la justicia, la verdad y la reparaci\u00f3n de las v\u00edctimas de los delitos.","breadcrumb":{"@id":"https:\/\/www.fiscalia.gov.co\/colombia\/seguridad-territorial\/a-juicio-comerciantes-de-vehiculos-por-estafa-agravada-a-mas-de-50-compradores\/#breadcrumb"},"inLanguage":"es-CO","potentialAction":[{"@type":"ReadAction","target":["https:\/\/www.fiscalia.gov.co\/colombia\/seguridad-territorial\/a-juicio-comerciantes-de-vehiculos-por-estafa-agravada-a-mas-de-50-compradores\/"]}]},{"@type":"BreadcrumbList","@id":"https:\/\/www.fiscalia.gov.co\/colombia\/seguridad-territorial\/a-juicio-comerciantes-de-vehiculos-por-estafa-agravada-a-mas-de-50-compradores\/#breadcrumb","itemListElement":[{"@type":"ListItem","position":1,"name":"Home","item":"https:\/\/www.fiscalia.gov.co\/colombia\/"},{"@type":"ListItem","position":2,"name":"A juicio comerciantes de veh\u00edculos por estafa agravada a m\u00e1s de 50 compradores"}]},{"@type":"WebSite","@id":"https:\/\/www.fiscalia.gov.co\/colombia\/#website","url":"https:\/\/www.fiscalia.gov.co\/colombia\/","name":"Fiscal\u00eda General de la Naci\u00f3n","description":"P\u00e1gina oficial de la Fiscal\u00eda General de la Naci\u00f3n \u2013 Colombia. Garantizamos el acceso efectivo a la justicia, la verdad y la reparaci\u00f3n de las v\u00edctimas de los delitos.","publisher":{"@id":"https:\/\/www.fiscalia.gov.co\/colombia\/#organization"},"potentialAction":[{"@type":"SearchAction","target":{"@type":"EntryPoint","urlTemplate":"https:\/\/www.fiscalia.gov.co\/colombia\/?s={search_term_string}"},"query-input":{"@type":"PropertyValueSpecification","valueRequired":true,"valueName":"search_term_string"}}],"inLanguage":"es-CO"},{"@type":"Organization","@id":"https:\/\/www.fiscalia.gov.co\/colombia\/#organization","name":"Fiscal\u00eda General de la Naci\u00f3n","url":"https:\/\/www.fiscalia.gov.co\/colombia\/","logo":{"@type":"ImageObject","inLanguage":"es-CO","@id":"https:\/\/www.fiscalia.gov.co\/colombia\/#\/schema\/logo\/image\/","url":"https:\/\/www.fiscalia.gov.co\/colombia\/wp-content\/uploads\/LogoHorizontal_1.jpg","contentUrl":"https:\/\/www.fiscalia.gov.co\/colombia\/wp-content\/uploads\/LogoHorizontal_1.jpg","width":300,"height":90,"caption":"Fiscal\u00eda General de la Naci\u00f3n"},"image":{"@id":"https:\/\/www.fiscalia.gov.co\/colombia\/#\/schema\/logo\/image\/"},"sameAs":["https:\/\/www.facebook.com\/FiscaliaCol","https:\/\/x.com\/FiscaliaCol","https:\/\/www.instagram.com\/fiscaliacol","https:\/\/www.linkedin.com\/company\/fiscalia-general-de-la-naci-n\/","https:\/\/youtube.com\/@fiscaliageneraldelanacion-4668?si=6nN79nyQICPU5iTh"]},{"@type":"Person","@id":"https:\/\/www.fiscalia.gov.co\/colombia\/#\/schema\/person\/3903856a3ce2d54b094c69eb29247895","name":"dfgordillo","image":{"@type":"ImageObject","inLanguage":"es-CO","@id":"https:\/\/www.fiscalia.gov.co\/colombia\/#\/schema\/person\/image\/","url":"https:\/\/secure.gravatar.com\/avatar\/b6356e21c5657c60757fe6fb9493e947?s=96&d=mm&r=g","contentUrl":"https:\/\/secure.gravatar.com\/avatar\/b6356e21c5657c60757fe6fb9493e947?s=96&d=mm&r=g","caption":"dfgordillo"},"sameAs":["dfgordillo"],"url":"https:\/\/www.fiscalia.gov.co\/colombia\/author\/dfgordillo\/"}]}},"_links":{"self":[{"href":"https:\/\/www.fiscalia.gov.co\/colombia\/wp-json\/wp\/v2\/posts\/108865","targetHints":{"allow":["GET"]}}],"collection":[{"href":"https:\/\/www.fiscalia.gov.co\/colombia\/wp-json\/wp\/v2\/posts"}],"about":[{"href":"https:\/\/www.fiscalia.gov.co\/colombia\/wp-json\/wp\/v2\/types\/post"}],"author":[{"embeddable":true,"href":"https:\/\/www.fiscalia.gov.co\/colombia\/wp-json\/wp\/v2\/users\/143"}],"replies":[{"embeddable":true,"href":"https:\/\/www.fiscalia.gov.co\/colombia\/wp-json\/wp\/v2\/comments?post=108865"}],"version-history":[{"count":1,"href":"https:\/\/www.fiscalia.gov.co\/colombia\/wp-json\/wp\/v2\/posts\/108865\/revisions"}],"predecessor-version":[{"id":108866,"href":"https:\/\/www.fiscalia.gov.co\/colombia\/wp-json\/wp\/v2\/posts\/108865\/revisions\/108866"}],"wp:attachment":[{"href":"https:\/\/www.fiscalia.gov.co\/colombia\/wp-json\/wp\/v2\/media?parent=108865"}],"wp:term":[{"taxonomy":"category","embeddable":true,"href":"https:\/\/www.fiscalia.gov.co\/colombia\/wp-json\/wp\/v2\/categories?post=108865"},{"taxonomy":"post_tag","embeddable":true,"href":"https:\/\/www.fiscalia.gov.co\/colombia\/wp-json\/wp\/v2\/tags?post=108865"}],"curies":[{"name":"wp","href":"https:\/\/api.w.org\/{rel}","templated":true}]}}