{"id":108717,"date":"2017-08-29T11:27:31","date_gmt":"2017-08-29T16:27:31","guid":{"rendered":"http:\/\/www.fiscalia.gov.co\/colombia\/?p=108717"},"modified":"2017-08-30T11:16:16","modified_gmt":"2017-08-30T16:16:16","slug":"a-juicio-banda-delincuencial-por-asaltos-a-carros-de-valores-y-cajeros-automaticos-por-mas-1000-millones","status":"publish","type":"post","link":"https:\/\/www.fiscalia.gov.co\/colombia\/seguridad-territorial\/a-juicio-banda-delincuencial-por-asaltos-a-carros-de-valores-y-cajeros-automaticos-por-mas-1000-millones\/","title":{"rendered":"A juicio banda delincuencial por asaltos a carros de valores y cajeros autom\u00e1ticos por m\u00e1s $1000 millones"},"content":{"rendered":"<p><em><span style=\"text-decoration: underline;\">Los presuntos delincuentes intentaron hurtar una avioneta que al parecer llevaba d\u00f3lares en el Aeropuerto de Guaymaral.<\/span><\/em><\/p>\n<p>La Fiscal\u00eda General de la Naci\u00f3n llev\u00f3 a juicio a los presuntos integrantes de la organizaci\u00f3n delictiva Los Fant\u00e1sticos, acusados de protagonizar una serie de hurtos a los carros de valores y cajeros autom\u00e1ticos por una cifra superior a los mil millones de pesos.<\/p>\n<p>Los procesados responden a los nombres de John Javier Pamplona Palacios, alias Comadre, de 39 a\u00f1os de edad; Fabio Esteban Orrego Garc\u00eda, alias el Mono, de 28 a\u00f1os; Edwin Reyes L\u00f3pez de 32; John William Pulido Betancurt de 38, apodado Bristol por su precisi\u00f3n con las cajas fuertes; Jos\u00e9 Germ\u00e1n Estrada Arteaga de 27; Pedro Antonio Rojas Ram\u00edrez de 39, alias Pedrovsky; y Robinson Saavedra, alias Robin.<\/p>\n<p>La investigaci\u00f3n adelantada por servidores del CTI revela que los procesados se transportaban en taxis, motocicletas de alto cilindraje y camionetas 4&#215;4 de plat\u00f3n para facilitar los delitos.<\/p>\n<p>\u201cUnos se dedicaban a interceptar a los guardias de seguridad de los carros de valores, otros a dar v\u00eda libre y obstruir las patrullas de Polic\u00eda cuando emprend\u00edan la persecuci\u00f3n\u201d, sostuvo el fiscal al hacer la acusaci\u00f3n.<\/p>\n<p>Agreg\u00f3 que en cuanto al hurto a los cajeros autom\u00e1ticos, algunos miembros de la organizaci\u00f3n al margen de la ley se vest\u00edan de obreros de construcci\u00f3n y otros con atuendos de m\u00fasicos. \u201cAl momento de atacar a los carros de valores abr\u00edan los\u00a0 estuches donde supuestamente ten\u00edan guitarras pero en realidad llevaban armas de largo alcance\u201d, indic\u00f3 la Fiscal\u00eda.<\/p>\n<p>Asimismo, por ser algunos exempleados de las empresas de transporte de valores conoc\u00edan la manera de operar de los guardas de seguridad y sab\u00edan la manera de desbloquear las claves secretas y otros sab\u00edan el punto vulnerable de los cajeros para desprender sus partes con cables hal\u00e1ndolos con el uso de camionetas 4&#215;4.<\/p>\n<p>Se\u00f1al\u00f3 tambi\u00e9n el delegado acusador que usaban lenguaje cifrado en las llamadas telef\u00f3nicas como por ejemplo los \u201cverdes\u201d, al referirse a los cajeros que reciben todas las tarjetas d\u00e9bito en v\u00edas principales; \u201cSixto\u201d para identificar a uno de los integrantes de la banda dedicado hacer la log\u00edstica y captar el personal para cada trabajo; China al referirse a uno de los exfuncionarios de una empresa de transporte de valores.<\/p>\n<p>&nbsp;<\/p>\n<p><strong><span style=\"text-decoration: underline;\">Hechos materia de investigaci\u00f3n<\/span><\/strong><\/p>\n<p>El primer hecho reportado por el ente acusador se remonta al 17 de abril de 2016, cuando un carro de valores recog\u00eda el producido de una entidad financiera chilena en un centro comercial del norte de Bogot\u00e1.<\/p>\n<p>All\u00ed, al salir el jefe de la tripulaci\u00f3n del veh\u00edculo de valores con varias tulas llenas de dinero fue atacado con disparos desde una camioneta doble cabina. Seg\u00fan los testigos varios hombres con aspecto de m\u00fasicos destaparon sus estuches de guitarra y comenzaron a disparar.<\/p>\n<p>Seg\u00fan el fiscal, en el enfrentamiento falleci\u00f3 uno de los delincuentes que llevaba consigo un brazalete electr\u00f3nico, lo cual fue cuestionado por el delegado de la Fiscal\u00eda por tratarse de un individuo calificado como peligroso para la sociedad.<\/p>\n<p>El segundo hecho fue reportado el 22 de agosto de 2015 en la avenida calle 68 en donde funciona un hipermercado de art\u00edculos para construcci\u00f3n, decoraci\u00f3n y ferreter\u00eda. En ese lugar dispararon con fusiles de largo alcance y bajo amenazas les quitaron de manera amigable a los guardas de seguridad, chalecos antibalas, armamento y municiones. El hurto super\u00f3 los 220 millones de pesos, sostiene el ente investigador.<\/p>\n<p>El tercer suceso imputado por la Fiscal\u00eda fue el que se registr\u00f3 el 12 de noviembre de 2015 en la carrera 77 con 8 del barrio Castilla, en el sector noroccidental de la capital, donde fueron atacados con armas de largo alcance los guardas de seguridad por unos hombres vestidos de obreros con overoles y cascos de construcci\u00f3n. En esta ocasi\u00f3n fueron hurtados 692 millones de pesos.<\/p>\n<p>Por otra parte, el cuarto suceso se present\u00f3 en la calle 170 cerca de la Autopista Norte, donde varios hombres llegaron vestidos con el uniforme de una empresa de transporte de valores e ingresaron con llaves autom\u00e1ticas y claves de seguridad.<\/p>\n<p>Dentro de la b\u00f3veda abrieron las cajas de seguridad con el uso de taladros para extraer 285 millones de pesos.<\/p>\n<p>En otros eventos relacionados en el juicio los hurtos ascienden a los 200 millones de pesos en cajeros autom\u00e1ticos de la localidad de Fontib\u00f3n, as\u00ed como en el barrio Chic\u00f3, en el norte de la capital, y el intento de hurto a una avioneta de una compa\u00f1\u00eda de valores en el aeropuerto de Guaymaral que fue frustrado por uniformados de la Polic\u00eda Nacional.<\/p>\n<p>Los procesados, que permanecen privados de la libertad en la C\u00e1rcel Nacional\u00a0 Modelo de Bogot\u00e1, deber\u00e1n responder en el juicio por los delitos de hurto agravado y consumado, concierto para delinquir agravado y porte de armas de fuego y municiones, entre otros.<\/p>\n<p>&nbsp;<\/p>\n<p>&nbsp;<\/p>\n<p>&nbsp;<\/p>\n<p>CMRM\/DLBM<\/p>\n<p>&nbsp;<\/p>\n\n<div class=\"twitter-share\"><a href=\"https:\/\/twitter.com\/intent\/tweet?via=fiscaliacol\" class=\"twitter-share-button\">Tweet<\/a><\/div>\n","protected":false},"excerpt":{"rendered":"<p>Los presuntos delincuentes intentaron hurtar una avioneta que al parecer llevaba d\u00f3lares en el Aeropuerto de Guaymaral. La Fiscal\u00eda General de la Naci\u00f3n llev\u00f3 a juicio a los presuntos integrantes de la organizaci\u00f3n delictiva Los Fant\u00e1sticos, acusados de protagonizar una serie de hurtos a los carros de valores y cajeros autom\u00e1ticos por una cifra superior [&hellip;]<\/p>\n","protected":false},"author":143,"featured_media":0,"comment_status":"closed","ping_status":"open","sticky":false,"template":"","format":"standard","meta":{"tdm_status":"","tdm_grid_status":"","footnotes":""},"categories":[24099],"tags":[],"class_list":{"0":"post-108717","1":"post","2":"type-post","3":"status-publish","4":"format-standard","6":"category-seguridad-territorial"},"yoast_head":"<!-- This site is optimized with the Yoast SEO plugin v24.3 - https:\/\/yoast.com\/wordpress\/plugins\/seo\/ -->\n<title>Fiscal\u00eda General de la Naci\u00f3n<\/title>\n<meta name=\"description\" content=\"P\u00e1gina oficial de la Fiscal\u00eda General de la Naci\u00f3n \u2013 Colombia. Garantizamos el acceso efectivo a la justicia, la verdad y la reparaci\u00f3n de las v\u00edctimas de los delitos.\" \/>\n<meta name=\"robots\" content=\"noindex, follow\" \/>\n<meta property=\"og:locale\" content=\"es_ES\" \/>\n<meta property=\"og:type\" content=\"article\" \/>\n<meta property=\"og:title\" content=\"Fiscal\u00eda General de la Naci\u00f3n\" \/>\n<meta property=\"og:description\" content=\"P\u00e1gina oficial de la Fiscal\u00eda General de la Naci\u00f3n \u2013 Colombia. Garantizamos el acceso efectivo a la justicia, la verdad y la reparaci\u00f3n de las v\u00edctimas de los delitos.\" \/>\n<meta property=\"og:url\" content=\"https:\/\/www.fiscalia.gov.co\/colombia\/seguridad-territorial\/a-juicio-banda-delincuencial-por-asaltos-a-carros-de-valores-y-cajeros-automaticos-por-mas-1000-millones\/\" \/>\n<meta property=\"og:site_name\" content=\"Fiscal\u00eda General de la Naci\u00f3n\" \/>\n<meta property=\"article:publisher\" content=\"https:\/\/www.facebook.com\/FiscaliaCol\" \/>\n<meta property=\"article:published_time\" content=\"2017-08-29T16:27:31+00:00\" \/>\n<meta property=\"article:modified_time\" content=\"2017-08-30T16:16:16+00:00\" \/>\n<meta name=\"author\" content=\"dfgordillo\" \/>\n<meta name=\"twitter:card\" content=\"summary_large_image\" \/>\n<meta name=\"twitter:creator\" content=\"@FiscaliaCol\" \/>\n<meta name=\"twitter:site\" content=\"@FiscaliaCol\" \/>\n<meta name=\"twitter:label1\" content=\"Escrito por\" \/>\n\t<meta name=\"twitter:data1\" content=\"dfgordillo\" \/>\n\t<meta name=\"twitter:label2\" content=\"Tiempo de lectura\" \/>\n\t<meta name=\"twitter:data2\" content=\"4 minutos\" \/>\n<script type=\"application\/ld+json\" class=\"yoast-schema-graph\">{\"@context\":\"https:\/\/schema.org\",\"@graph\":[{\"@type\":\"Article\",\"@id\":\"https:\/\/www.fiscalia.gov.co\/colombia\/seguridad-territorial\/a-juicio-banda-delincuencial-por-asaltos-a-carros-de-valores-y-cajeros-automaticos-por-mas-1000-millones\/#article\",\"isPartOf\":{\"@id\":\"https:\/\/www.fiscalia.gov.co\/colombia\/seguridad-territorial\/a-juicio-banda-delincuencial-por-asaltos-a-carros-de-valores-y-cajeros-automaticos-por-mas-1000-millones\/\"},\"author\":{\"name\":\"dfgordillo\",\"@id\":\"https:\/\/www.fiscalia.gov.co\/colombia\/#\/schema\/person\/3903856a3ce2d54b094c69eb29247895\"},\"headline\":\"A juicio banda delincuencial por asaltos a carros de valores y cajeros autom\u00e1ticos por m\u00e1s $1000 millones\",\"datePublished\":\"2017-08-29T16:27:31+00:00\",\"dateModified\":\"2017-08-30T16:16:16+00:00\",\"mainEntityOfPage\":{\"@id\":\"https:\/\/www.fiscalia.gov.co\/colombia\/seguridad-territorial\/a-juicio-banda-delincuencial-por-asaltos-a-carros-de-valores-y-cajeros-automaticos-por-mas-1000-millones\/\"},\"wordCount\":865,\"publisher\":{\"@id\":\"https:\/\/www.fiscalia.gov.co\/colombia\/#organization\"},\"articleSection\":[\"Seguridad territorial\"],\"inLanguage\":\"es-CO\"},{\"@type\":\"WebPage\",\"@id\":\"https:\/\/www.fiscalia.gov.co\/colombia\/seguridad-territorial\/a-juicio-banda-delincuencial-por-asaltos-a-carros-de-valores-y-cajeros-automaticos-por-mas-1000-millones\/\",\"url\":\"https:\/\/www.fiscalia.gov.co\/colombia\/seguridad-territorial\/a-juicio-banda-delincuencial-por-asaltos-a-carros-de-valores-y-cajeros-automaticos-por-mas-1000-millones\/\",\"name\":\"Fiscal\u00eda General de la Naci\u00f3n\",\"isPartOf\":{\"@id\":\"https:\/\/www.fiscalia.gov.co\/colombia\/#website\"},\"datePublished\":\"2017-08-29T16:27:31+00:00\",\"dateModified\":\"2017-08-30T16:16:16+00:00\",\"description\":\"P\u00e1gina oficial de la Fiscal\u00eda General de la Naci\u00f3n \u2013 Colombia. Garantizamos el acceso efectivo a la justicia, la verdad y la reparaci\u00f3n de las v\u00edctimas de los delitos.\",\"breadcrumb\":{\"@id\":\"https:\/\/www.fiscalia.gov.co\/colombia\/seguridad-territorial\/a-juicio-banda-delincuencial-por-asaltos-a-carros-de-valores-y-cajeros-automaticos-por-mas-1000-millones\/#breadcrumb\"},\"inLanguage\":\"es-CO\",\"potentialAction\":[{\"@type\":\"ReadAction\",\"target\":[\"https:\/\/www.fiscalia.gov.co\/colombia\/seguridad-territorial\/a-juicio-banda-delincuencial-por-asaltos-a-carros-de-valores-y-cajeros-automaticos-por-mas-1000-millones\/\"]}]},{\"@type\":\"BreadcrumbList\",\"@id\":\"https:\/\/www.fiscalia.gov.co\/colombia\/seguridad-territorial\/a-juicio-banda-delincuencial-por-asaltos-a-carros-de-valores-y-cajeros-automaticos-por-mas-1000-millones\/#breadcrumb\",\"itemListElement\":[{\"@type\":\"ListItem\",\"position\":1,\"name\":\"Home\",\"item\":\"https:\/\/www.fiscalia.gov.co\/colombia\/\"},{\"@type\":\"ListItem\",\"position\":2,\"name\":\"A juicio banda delincuencial por asaltos a carros de valores y cajeros autom\u00e1ticos por m\u00e1s $1000 millones\"}]},{\"@type\":\"WebSite\",\"@id\":\"https:\/\/www.fiscalia.gov.co\/colombia\/#website\",\"url\":\"https:\/\/www.fiscalia.gov.co\/colombia\/\",\"name\":\"Fiscal\u00eda General de la Naci\u00f3n\",\"description\":\"P\u00e1gina oficial de la Fiscal\u00eda General de la Naci\u00f3n \u2013 Colombia. Garantizamos el acceso efectivo a la justicia, la verdad y la reparaci\u00f3n de las v\u00edctimas de los delitos.\",\"publisher\":{\"@id\":\"https:\/\/www.fiscalia.gov.co\/colombia\/#organization\"},\"potentialAction\":[{\"@type\":\"SearchAction\",\"target\":{\"@type\":\"EntryPoint\",\"urlTemplate\":\"https:\/\/www.fiscalia.gov.co\/colombia\/?s={search_term_string}\"},\"query-input\":{\"@type\":\"PropertyValueSpecification\",\"valueRequired\":true,\"valueName\":\"search_term_string\"}}],\"inLanguage\":\"es-CO\"},{\"@type\":\"Organization\",\"@id\":\"https:\/\/www.fiscalia.gov.co\/colombia\/#organization\",\"name\":\"Fiscal\u00eda General de la Naci\u00f3n\",\"url\":\"https:\/\/www.fiscalia.gov.co\/colombia\/\",\"logo\":{\"@type\":\"ImageObject\",\"inLanguage\":\"es-CO\",\"@id\":\"https:\/\/www.fiscalia.gov.co\/colombia\/#\/schema\/logo\/image\/\",\"url\":\"https:\/\/www.fiscalia.gov.co\/colombia\/wp-content\/uploads\/LogoHorizontal_1.jpg\",\"contentUrl\":\"https:\/\/www.fiscalia.gov.co\/colombia\/wp-content\/uploads\/LogoHorizontal_1.jpg\",\"width\":300,\"height\":90,\"caption\":\"Fiscal\u00eda General de la Naci\u00f3n\"},\"image\":{\"@id\":\"https:\/\/www.fiscalia.gov.co\/colombia\/#\/schema\/logo\/image\/\"},\"sameAs\":[\"https:\/\/www.facebook.com\/FiscaliaCol\",\"https:\/\/x.com\/FiscaliaCol\",\"https:\/\/www.instagram.com\/fiscaliacol\",\"https:\/\/www.linkedin.com\/company\/fiscalia-general-de-la-naci-n\/\",\"https:\/\/youtube.com\/@fiscaliageneraldelanacion-4668?si=6nN79nyQICPU5iTh\"]},{\"@type\":\"Person\",\"@id\":\"https:\/\/www.fiscalia.gov.co\/colombia\/#\/schema\/person\/3903856a3ce2d54b094c69eb29247895\",\"name\":\"dfgordillo\",\"image\":{\"@type\":\"ImageObject\",\"inLanguage\":\"es-CO\",\"@id\":\"https:\/\/www.fiscalia.gov.co\/colombia\/#\/schema\/person\/image\/\",\"url\":\"https:\/\/secure.gravatar.com\/avatar\/b6356e21c5657c60757fe6fb9493e947?s=96&d=mm&r=g\",\"contentUrl\":\"https:\/\/secure.gravatar.com\/avatar\/b6356e21c5657c60757fe6fb9493e947?s=96&d=mm&r=g\",\"caption\":\"dfgordillo\"},\"sameAs\":[\"dfgordillo\"],\"url\":\"https:\/\/www.fiscalia.gov.co\/colombia\/author\/dfgordillo\/\"}]}<\/script>\n<!-- \/ Yoast SEO plugin. -->","yoast_head_json":{"title":"Fiscal\u00eda General de la Naci\u00f3n","description":"P\u00e1gina oficial de la Fiscal\u00eda General de la Naci\u00f3n \u2013 Colombia. Garantizamos el acceso efectivo a la justicia, la verdad y la reparaci\u00f3n de las v\u00edctimas de los delitos.","robots":{"index":"noindex","follow":"follow"},"og_locale":"es_ES","og_type":"article","og_title":"Fiscal\u00eda General de la Naci\u00f3n","og_description":"P\u00e1gina oficial de la Fiscal\u00eda General de la Naci\u00f3n \u2013 Colombia. Garantizamos el acceso efectivo a la justicia, la verdad y la reparaci\u00f3n de las v\u00edctimas de los delitos.","og_url":"https:\/\/www.fiscalia.gov.co\/colombia\/seguridad-territorial\/a-juicio-banda-delincuencial-por-asaltos-a-carros-de-valores-y-cajeros-automaticos-por-mas-1000-millones\/","og_site_name":"Fiscal\u00eda General de la Naci\u00f3n","article_publisher":"https:\/\/www.facebook.com\/FiscaliaCol","article_published_time":"2017-08-29T16:27:31+00:00","article_modified_time":"2017-08-30T16:16:16+00:00","author":"dfgordillo","twitter_card":"summary_large_image","twitter_creator":"@FiscaliaCol","twitter_site":"@FiscaliaCol","twitter_misc":{"Escrito por":"dfgordillo","Tiempo de lectura":"4 minutos"},"schema":{"@context":"https:\/\/schema.org","@graph":[{"@type":"Article","@id":"https:\/\/www.fiscalia.gov.co\/colombia\/seguridad-territorial\/a-juicio-banda-delincuencial-por-asaltos-a-carros-de-valores-y-cajeros-automaticos-por-mas-1000-millones\/#article","isPartOf":{"@id":"https:\/\/www.fiscalia.gov.co\/colombia\/seguridad-territorial\/a-juicio-banda-delincuencial-por-asaltos-a-carros-de-valores-y-cajeros-automaticos-por-mas-1000-millones\/"},"author":{"name":"dfgordillo","@id":"https:\/\/www.fiscalia.gov.co\/colombia\/#\/schema\/person\/3903856a3ce2d54b094c69eb29247895"},"headline":"A juicio banda delincuencial por asaltos a carros de valores y cajeros autom\u00e1ticos por m\u00e1s $1000 millones","datePublished":"2017-08-29T16:27:31+00:00","dateModified":"2017-08-30T16:16:16+00:00","mainEntityOfPage":{"@id":"https:\/\/www.fiscalia.gov.co\/colombia\/seguridad-territorial\/a-juicio-banda-delincuencial-por-asaltos-a-carros-de-valores-y-cajeros-automaticos-por-mas-1000-millones\/"},"wordCount":865,"publisher":{"@id":"https:\/\/www.fiscalia.gov.co\/colombia\/#organization"},"articleSection":["Seguridad territorial"],"inLanguage":"es-CO"},{"@type":"WebPage","@id":"https:\/\/www.fiscalia.gov.co\/colombia\/seguridad-territorial\/a-juicio-banda-delincuencial-por-asaltos-a-carros-de-valores-y-cajeros-automaticos-por-mas-1000-millones\/","url":"https:\/\/www.fiscalia.gov.co\/colombia\/seguridad-territorial\/a-juicio-banda-delincuencial-por-asaltos-a-carros-de-valores-y-cajeros-automaticos-por-mas-1000-millones\/","name":"Fiscal\u00eda General de la Naci\u00f3n","isPartOf":{"@id":"https:\/\/www.fiscalia.gov.co\/colombia\/#website"},"datePublished":"2017-08-29T16:27:31+00:00","dateModified":"2017-08-30T16:16:16+00:00","description":"P\u00e1gina oficial de la Fiscal\u00eda General de la Naci\u00f3n \u2013 Colombia. Garantizamos el acceso efectivo a la justicia, la verdad y la reparaci\u00f3n de las v\u00edctimas de los delitos.","breadcrumb":{"@id":"https:\/\/www.fiscalia.gov.co\/colombia\/seguridad-territorial\/a-juicio-banda-delincuencial-por-asaltos-a-carros-de-valores-y-cajeros-automaticos-por-mas-1000-millones\/#breadcrumb"},"inLanguage":"es-CO","potentialAction":[{"@type":"ReadAction","target":["https:\/\/www.fiscalia.gov.co\/colombia\/seguridad-territorial\/a-juicio-banda-delincuencial-por-asaltos-a-carros-de-valores-y-cajeros-automaticos-por-mas-1000-millones\/"]}]},{"@type":"BreadcrumbList","@id":"https:\/\/www.fiscalia.gov.co\/colombia\/seguridad-territorial\/a-juicio-banda-delincuencial-por-asaltos-a-carros-de-valores-y-cajeros-automaticos-por-mas-1000-millones\/#breadcrumb","itemListElement":[{"@type":"ListItem","position":1,"name":"Home","item":"https:\/\/www.fiscalia.gov.co\/colombia\/"},{"@type":"ListItem","position":2,"name":"A juicio banda delincuencial por asaltos a carros de valores y cajeros autom\u00e1ticos por m\u00e1s $1000 millones"}]},{"@type":"WebSite","@id":"https:\/\/www.fiscalia.gov.co\/colombia\/#website","url":"https:\/\/www.fiscalia.gov.co\/colombia\/","name":"Fiscal\u00eda General de la Naci\u00f3n","description":"P\u00e1gina oficial de la Fiscal\u00eda General de la Naci\u00f3n \u2013 Colombia. Garantizamos el acceso efectivo a la justicia, la verdad y la reparaci\u00f3n de las v\u00edctimas de los delitos.","publisher":{"@id":"https:\/\/www.fiscalia.gov.co\/colombia\/#organization"},"potentialAction":[{"@type":"SearchAction","target":{"@type":"EntryPoint","urlTemplate":"https:\/\/www.fiscalia.gov.co\/colombia\/?s={search_term_string}"},"query-input":{"@type":"PropertyValueSpecification","valueRequired":true,"valueName":"search_term_string"}}],"inLanguage":"es-CO"},{"@type":"Organization","@id":"https:\/\/www.fiscalia.gov.co\/colombia\/#organization","name":"Fiscal\u00eda General de la Naci\u00f3n","url":"https:\/\/www.fiscalia.gov.co\/colombia\/","logo":{"@type":"ImageObject","inLanguage":"es-CO","@id":"https:\/\/www.fiscalia.gov.co\/colombia\/#\/schema\/logo\/image\/","url":"https:\/\/www.fiscalia.gov.co\/colombia\/wp-content\/uploads\/LogoHorizontal_1.jpg","contentUrl":"https:\/\/www.fiscalia.gov.co\/colombia\/wp-content\/uploads\/LogoHorizontal_1.jpg","width":300,"height":90,"caption":"Fiscal\u00eda General de la Naci\u00f3n"},"image":{"@id":"https:\/\/www.fiscalia.gov.co\/colombia\/#\/schema\/logo\/image\/"},"sameAs":["https:\/\/www.facebook.com\/FiscaliaCol","https:\/\/x.com\/FiscaliaCol","https:\/\/www.instagram.com\/fiscaliacol","https:\/\/www.linkedin.com\/company\/fiscalia-general-de-la-naci-n\/","https:\/\/youtube.com\/@fiscaliageneraldelanacion-4668?si=6nN79nyQICPU5iTh"]},{"@type":"Person","@id":"https:\/\/www.fiscalia.gov.co\/colombia\/#\/schema\/person\/3903856a3ce2d54b094c69eb29247895","name":"dfgordillo","image":{"@type":"ImageObject","inLanguage":"es-CO","@id":"https:\/\/www.fiscalia.gov.co\/colombia\/#\/schema\/person\/image\/","url":"https:\/\/secure.gravatar.com\/avatar\/b6356e21c5657c60757fe6fb9493e947?s=96&d=mm&r=g","contentUrl":"https:\/\/secure.gravatar.com\/avatar\/b6356e21c5657c60757fe6fb9493e947?s=96&d=mm&r=g","caption":"dfgordillo"},"sameAs":["dfgordillo"],"url":"https:\/\/www.fiscalia.gov.co\/colombia\/author\/dfgordillo\/"}]}},"_links":{"self":[{"href":"https:\/\/www.fiscalia.gov.co\/colombia\/wp-json\/wp\/v2\/posts\/108717","targetHints":{"allow":["GET"]}}],"collection":[{"href":"https:\/\/www.fiscalia.gov.co\/colombia\/wp-json\/wp\/v2\/posts"}],"about":[{"href":"https:\/\/www.fiscalia.gov.co\/colombia\/wp-json\/wp\/v2\/types\/post"}],"author":[{"embeddable":true,"href":"https:\/\/www.fiscalia.gov.co\/colombia\/wp-json\/wp\/v2\/users\/143"}],"replies":[{"embeddable":true,"href":"https:\/\/www.fiscalia.gov.co\/colombia\/wp-json\/wp\/v2\/comments?post=108717"}],"version-history":[{"count":1,"href":"https:\/\/www.fiscalia.gov.co\/colombia\/wp-json\/wp\/v2\/posts\/108717\/revisions"}],"predecessor-version":[{"id":108718,"href":"https:\/\/www.fiscalia.gov.co\/colombia\/wp-json\/wp\/v2\/posts\/108717\/revisions\/108718"}],"wp:attachment":[{"href":"https:\/\/www.fiscalia.gov.co\/colombia\/wp-json\/wp\/v2\/media?parent=108717"}],"wp:term":[{"taxonomy":"category","embeddable":true,"href":"https:\/\/www.fiscalia.gov.co\/colombia\/wp-json\/wp\/v2\/categories?post=108717"},{"taxonomy":"post_tag","embeddable":true,"href":"https:\/\/www.fiscalia.gov.co\/colombia\/wp-json\/wp\/v2\/tags?post=108717"}],"curies":[{"name":"wp","href":"https:\/\/api.w.org\/{rel}","templated":true}]}}