{"id":108369,"date":"2017-08-18T14:15:21","date_gmt":"2017-08-18T19:15:21","guid":{"rendered":"http:\/\/www.fiscalia.gov.co\/colombia\/?p=108369"},"modified":"2017-08-25T15:24:22","modified_gmt":"2017-08-25T20:24:22","slug":"en-45-dias-fueron-capturados-515-extorsionistas-y-41-secuestradores","status":"publish","type":"post","link":"https:\/\/www.fiscalia.gov.co\/colombia\/seguridad-territorial\/en-45-dias-fueron-capturados-515-extorsionistas-y-41-secuestradores\/","title":{"rendered":"En 45 d\u00edas fueron capturados 515 extorsionistas y 41 secuestradores"},"content":{"rendered":"<p><em><span style=\"text-decoration: underline;\">En su mayor\u00eda extorsionaban a nombre de diferentes organizaciones a las que no pertenec\u00edan\u00a0<\/span><\/em><\/p>\n<p>La Fiscal\u00eda General de la Naci\u00f3n, en el marco de la lucha contra el secuestro y la extorsi\u00f3n, captur\u00f3 con el apoyo del Gaula Ej\u00e9rcito, Polic\u00eda y CTI, a 556 personas en un lapso de 45 d\u00edas en diferentes operaciones realizadas en todo el pa\u00eds, 515 extorsionistas y 41 secuestradores.<\/p>\n<p>Los extorsionistas, de acuerdo con las investigaciones, se hac\u00edan pasar por miembros del Bloque Sur de las Autodefensas de Putumayo, del ELN, de las Farc, de Los Urabe\u00f1os y hasta de la Polic\u00eda Nacional; y al t\u00e9rmino de las mismas se evidenci\u00f3 que se trataba de presuntos delincuentes comunes.<\/p>\n<p>Seg\u00fan la organizaci\u00f3n a la que dijeron pertenecer, fueron capturados por extorsi\u00f3n: 1 del Bloque Sur de las Autodefensas de Putumayo, 38 del ELN, 67 de las Farc, 7 de Los \u00dasuga, 45 Urabe\u00f1os y 14 de la Polic\u00eda Nacional, para un total de 172.<\/p>\n<p>Los dem\u00e1s fueron: 259 delincuentes comunes, 12 pertenecientes a la Od\u00edn La Terraza, 72 del Clan del Golfo, para un total de 343 capturados.<\/p>\n<p>De los 515 extorsionistas capturados, 104 fueron en flagrancia y 411 con orden judicial.<\/p>\n<p>En t\u00e9rminos generales, la modalidad m\u00e1s utilizada era la de llamadas telef\u00f3nicas para exigir dinero a nombre de organizaciones a las que no pertenec\u00edan, a cambio de no atentar contra la vida de sus v\u00edctimas y familiares, como estos dos casos ocurridos en el Valle del Cauca donde los extorsionistas se identificaron como miembros del Clan del Golfo y resultaron ser delincuentes comunes.<\/p>\n<p>En una de las conversaciones se escucha a una de las v\u00edctimas aterrorizadas clamando para que no le hicieran da\u00f1o, porque no ten\u00eda dinero para pagar la extorsi\u00f3n, en Buga (Valle del Cauca):<\/p>\n<p><strong><em><br \/>\n\u201cV\u00edctima:<\/em><\/strong><em> Al\u00f3<\/em><\/p>\n<p><strong><em>Extorsionista:<\/em><\/strong><em> Al\u00f3\u2026 <\/em><\/p>\n<p><strong><em>V\u00edctima:<\/em><\/strong><em> Si?<\/em><\/p>\n<p><strong><em>Extorsionista:<\/em><\/strong><em> Si, Paola, hoy ya se cumpli\u00f3 el plazo, el placito, y entonces ya tiene lo m\u00edo o qu\u00e9?<\/em><\/p>\n<p><strong><em>V\u00edctima:<\/em><\/strong><em> Nada, no, no se\u00f1or.<\/em><\/p>\n<p><strong><em>Extorsionista:<\/em><\/strong><em> No tiene lo m\u00edo? y entonces?&#8230; me vas a colaborar o no me vas a colaborar\u2026<\/em><\/p>\n<p><strong><em>V\u00edctima:<\/em><\/strong><em> Ay! se\u00f1or, nadie me presta, nadie me presta, no tengo plata, yo qu\u00e9 puedo hacer\u2026 ya fui al banco y me dijeron que no me prestan y me prestaron nada m\u00e1s tres millones de pesos para poder montar el negocio y ahorita me est\u00e1 pidiendo y no los tengo, no los tengo\u2026<\/em><\/p>\n<p><strong><em>Extorsionista:<\/em><\/strong><em> Bueno y entonces c\u00f3mo vas a hacer, c\u00f3mo me vas a colaborar entonces\u2026 h\u00e1blame pues que te escucho, dec\u00edme c\u00f3mo me vas a colaborar a ver si te puedo colaborar.<\/em><\/p>\n<p><strong><em>V\u00edctima: <\/em><\/strong><em>C\u00f3mo te puedo colaborar, dec\u00edme como te puedo colaborar, dec\u00edme c\u00f3mo si no tengo plata, no tengo, yo no tengo plata\u2026<\/em><\/p>\n<p><strong><em>Extorsionista:<\/em><\/strong><em> Yo s\u00e9 que vos ten\u00e9s plata, como no vas a tener plata si es que yo hace dos meses te vengo haciendo seguimiento a vos, mir\u00e1 que no es mentira lo que te digo, all\u00e1 te acab\u00e9 de mandar una gente a tu negocio, vos pens\u00e1s que es mentira?\u2026<\/em><\/p>\n<p><strong><em>V\u00edctima:<\/em><\/strong><em> No, yo s\u00e9 que no, mir\u00e1, yo acabo de ir al banco, tengo sobregirada, fui, a m\u00ed el banco me presto tres millones de pesos para montar el negocio, le debo una vela a todo el mundo, es que&#8230; yo no tengo amigos en ning\u00fan lado, yo lo que tengo, no tengo plata, yo no tengo plata, te lo juro por mi Dios, yo no tengo plata\u201d.<\/em><\/p>\n<p>En otra conversaci\u00f3n, los extorsionistas dejaron el mensaje en el correo de voz, con insultos.<\/p>\n<p>Frente al secuestro, de las 41 personas capturadas solo una era miembro de las Farc, mientras que el resto, aunque se identificaron como miembros del Clan del Golfo, del Cartel de Sinaloa y de las Farc, se presume que todos hac\u00edan partes de grupos de delincuencia com\u00fan.<\/p>\n<p>De estas capturas, cinco fueron en flagrancia \u2014dos corresponden a personas que se identificaron como miembros del cartel de Sinaloa y las otras tres a delincuentes comunes\u2014 y los restantes 36 fueron con orden judicial.<\/p>\n<p>La Fiscal\u00eda hace un llamado a la ciudadan\u00eda a denunciar cuando reciba llamadas de este tipo, a no creer que las autoridades est\u00e1n exigiendo dinero para dejar libres a sus familiares o a invertir su capital en la falsa recuperaci\u00f3n de automotores cargados con dinero.<\/p>\n<p>&nbsp;<\/p>\n<p>&nbsp;<\/p>\n<p>AMC\/DLBM<\/p>\n\n<div class=\"twitter-share\"><a href=\"https:\/\/twitter.com\/intent\/tweet?via=fiscaliacol\" class=\"twitter-share-button\">Tweet<\/a><\/div>\n","protected":false},"excerpt":{"rendered":"<p>En su mayor\u00eda extorsionaban a nombre de diferentes organizaciones a las que no pertenec\u00edan\u00a0 La Fiscal\u00eda General de la Naci\u00f3n, en el marco de la lucha contra el secuestro y [&hellip;]<\/p>\n","protected":false},"author":143,"featured_media":0,"comment_status":"closed","ping_status":"open","sticky":false,"template":"","format":"standard","meta":{"tdm_status":"","tdm_grid_status":"","footnotes":""},"categories":[24099],"tags":[],"class_list":["post-108369","post","type-post","status-publish","format-standard","category-seguridad-territorial"],"yoast_head":"<!-- This site is optimized with the Yoast SEO plugin v24.3 - https:\/\/yoast.com\/wordpress\/plugins\/seo\/ -->\n<title>Fiscal\u00eda General de la Naci\u00f3n<\/title>\n<meta name=\"description\" content=\"P\u00e1gina oficial de la Fiscal\u00eda General de la Naci\u00f3n \u2013 Colombia. Garantizamos el acceso efectivo a la justicia, la verdad y la reparaci\u00f3n de las v\u00edctimas de los delitos.\" \/>\n<meta name=\"robots\" content=\"noindex, follow\" \/>\n<meta property=\"og:locale\" content=\"es_ES\" \/>\n<meta property=\"og:type\" content=\"article\" \/>\n<meta property=\"og:title\" content=\"Fiscal\u00eda General de la Naci\u00f3n\" \/>\n<meta property=\"og:description\" content=\"P\u00e1gina oficial de la Fiscal\u00eda General de la Naci\u00f3n \u2013 Colombia. Garantizamos el acceso efectivo a la justicia, la verdad y la reparaci\u00f3n de las v\u00edctimas de los delitos.\" \/>\n<meta property=\"og:url\" content=\"https:\/\/www.fiscalia.gov.co\/colombia\/seguridad-territorial\/en-45-dias-fueron-capturados-515-extorsionistas-y-41-secuestradores\/\" \/>\n<meta property=\"og:site_name\" content=\"Fiscal\u00eda General de la Naci\u00f3n\" \/>\n<meta property=\"article:publisher\" content=\"https:\/\/www.facebook.com\/FiscaliaCol\" \/>\n<meta property=\"article:published_time\" content=\"2017-08-18T19:15:21+00:00\" \/>\n<meta property=\"article:modified_time\" content=\"2017-08-25T20:24:22+00:00\" \/>\n<meta name=\"author\" content=\"dfgordillo\" \/>\n<meta name=\"twitter:card\" content=\"summary_large_image\" \/>\n<meta name=\"twitter:creator\" content=\"@FiscaliaCol\" \/>\n<meta name=\"twitter:site\" content=\"@FiscaliaCol\" \/>\n<meta name=\"twitter:label1\" content=\"Escrito por\" \/>\n\t<meta name=\"twitter:data1\" content=\"dfgordillo\" \/>\n\t<meta name=\"twitter:label2\" content=\"Tiempo de lectura\" \/>\n\t<meta name=\"twitter:data2\" content=\"4 minutos\" \/>\n<script type=\"application\/ld+json\" class=\"yoast-schema-graph\">{\"@context\":\"https:\/\/schema.org\",\"@graph\":[{\"@type\":\"Article\",\"@id\":\"https:\/\/www.fiscalia.gov.co\/colombia\/seguridad-territorial\/en-45-dias-fueron-capturados-515-extorsionistas-y-41-secuestradores\/#article\",\"isPartOf\":{\"@id\":\"https:\/\/www.fiscalia.gov.co\/colombia\/seguridad-territorial\/en-45-dias-fueron-capturados-515-extorsionistas-y-41-secuestradores\/\"},\"author\":{\"name\":\"dfgordillo\",\"@id\":\"https:\/\/www.fiscalia.gov.co\/colombia\/#\/schema\/person\/3903856a3ce2d54b094c69eb29247895\"},\"headline\":\"En 45 d\u00edas fueron capturados 515 extorsionistas y 41 secuestradores\",\"datePublished\":\"2017-08-18T19:15:21+00:00\",\"dateModified\":\"2017-08-25T20:24:22+00:00\",\"mainEntityOfPage\":{\"@id\":\"https:\/\/www.fiscalia.gov.co\/colombia\/seguridad-territorial\/en-45-dias-fueron-capturados-515-extorsionistas-y-41-secuestradores\/\"},\"wordCount\":756,\"publisher\":{\"@id\":\"https:\/\/www.fiscalia.gov.co\/colombia\/#organization\"},\"articleSection\":[\"Seguridad territorial\"],\"inLanguage\":\"es-CO\"},{\"@type\":\"WebPage\",\"@id\":\"https:\/\/www.fiscalia.gov.co\/colombia\/seguridad-territorial\/en-45-dias-fueron-capturados-515-extorsionistas-y-41-secuestradores\/\",\"url\":\"https:\/\/www.fiscalia.gov.co\/colombia\/seguridad-territorial\/en-45-dias-fueron-capturados-515-extorsionistas-y-41-secuestradores\/\",\"name\":\"Fiscal\u00eda General de la Naci\u00f3n\",\"isPartOf\":{\"@id\":\"https:\/\/www.fiscalia.gov.co\/colombia\/#website\"},\"datePublished\":\"2017-08-18T19:15:21+00:00\",\"dateModified\":\"2017-08-25T20:24:22+00:00\",\"description\":\"P\u00e1gina oficial de la Fiscal\u00eda General de la Naci\u00f3n \u2013 Colombia. Garantizamos el acceso efectivo a la justicia, la verdad y la reparaci\u00f3n de las v\u00edctimas de los delitos.\",\"breadcrumb\":{\"@id\":\"https:\/\/www.fiscalia.gov.co\/colombia\/seguridad-territorial\/en-45-dias-fueron-capturados-515-extorsionistas-y-41-secuestradores\/#breadcrumb\"},\"inLanguage\":\"es-CO\",\"potentialAction\":[{\"@type\":\"ReadAction\",\"target\":[\"https:\/\/www.fiscalia.gov.co\/colombia\/seguridad-territorial\/en-45-dias-fueron-capturados-515-extorsionistas-y-41-secuestradores\/\"]}]},{\"@type\":\"BreadcrumbList\",\"@id\":\"https:\/\/www.fiscalia.gov.co\/colombia\/seguridad-territorial\/en-45-dias-fueron-capturados-515-extorsionistas-y-41-secuestradores\/#breadcrumb\",\"itemListElement\":[{\"@type\":\"ListItem\",\"position\":1,\"name\":\"Home\",\"item\":\"https:\/\/www.fiscalia.gov.co\/colombia\/\"},{\"@type\":\"ListItem\",\"position\":2,\"name\":\"En 45 d\u00edas fueron capturados 515 extorsionistas y 41 secuestradores\"}]},{\"@type\":\"WebSite\",\"@id\":\"https:\/\/www.fiscalia.gov.co\/colombia\/#website\",\"url\":\"https:\/\/www.fiscalia.gov.co\/colombia\/\",\"name\":\"Fiscal\u00eda General de la Naci\u00f3n\",\"description\":\"P\u00e1gina oficial de la Fiscal\u00eda General de la Naci\u00f3n \u2013 Colombia. Garantizamos el acceso efectivo a la justicia, la verdad y la reparaci\u00f3n de las v\u00edctimas de los delitos.\",\"publisher\":{\"@id\":\"https:\/\/www.fiscalia.gov.co\/colombia\/#organization\"},\"potentialAction\":[{\"@type\":\"SearchAction\",\"target\":{\"@type\":\"EntryPoint\",\"urlTemplate\":\"https:\/\/www.fiscalia.gov.co\/colombia\/?s={search_term_string}\"},\"query-input\":{\"@type\":\"PropertyValueSpecification\",\"valueRequired\":true,\"valueName\":\"search_term_string\"}}],\"inLanguage\":\"es-CO\"},{\"@type\":\"Organization\",\"@id\":\"https:\/\/www.fiscalia.gov.co\/colombia\/#organization\",\"name\":\"Fiscal\u00eda General de la Naci\u00f3n\",\"url\":\"https:\/\/www.fiscalia.gov.co\/colombia\/\",\"logo\":{\"@type\":\"ImageObject\",\"inLanguage\":\"es-CO\",\"@id\":\"https:\/\/www.fiscalia.gov.co\/colombia\/#\/schema\/logo\/image\/\",\"url\":\"https:\/\/www.fiscalia.gov.co\/colombia\/wp-content\/uploads\/LogoHorizontal_1.jpg\",\"contentUrl\":\"https:\/\/www.fiscalia.gov.co\/colombia\/wp-content\/uploads\/LogoHorizontal_1.jpg\",\"width\":300,\"height\":90,\"caption\":\"Fiscal\u00eda General de la Naci\u00f3n\"},\"image\":{\"@id\":\"https:\/\/www.fiscalia.gov.co\/colombia\/#\/schema\/logo\/image\/\"},\"sameAs\":[\"https:\/\/www.facebook.com\/FiscaliaCol\",\"https:\/\/x.com\/FiscaliaCol\",\"https:\/\/www.instagram.com\/fiscaliacol\",\"https:\/\/www.linkedin.com\/company\/fiscalia-general-de-la-naci-n\/\",\"https:\/\/youtube.com\/@fiscaliageneraldelanacion-4668?si=6nN79nyQICPU5iTh\"]},{\"@type\":\"Person\",\"@id\":\"https:\/\/www.fiscalia.gov.co\/colombia\/#\/schema\/person\/3903856a3ce2d54b094c69eb29247895\",\"name\":\"dfgordillo\",\"image\":{\"@type\":\"ImageObject\",\"inLanguage\":\"es-CO\",\"@id\":\"https:\/\/www.fiscalia.gov.co\/colombia\/#\/schema\/person\/image\/\",\"url\":\"https:\/\/secure.gravatar.com\/avatar\/b6356e21c5657c60757fe6fb9493e947?s=96&d=mm&r=g\",\"contentUrl\":\"https:\/\/secure.gravatar.com\/avatar\/b6356e21c5657c60757fe6fb9493e947?s=96&d=mm&r=g\",\"caption\":\"dfgordillo\"},\"sameAs\":[\"dfgordillo\"],\"url\":\"https:\/\/www.fiscalia.gov.co\/colombia\/author\/dfgordillo\/\"}]}<\/script>\n<!-- \/ Yoast SEO plugin. -->","yoast_head_json":{"title":"Fiscal\u00eda General de la Naci\u00f3n","description":"P\u00e1gina oficial de la Fiscal\u00eda General de la Naci\u00f3n \u2013 Colombia. Garantizamos el acceso efectivo a la justicia, la verdad y la reparaci\u00f3n de las v\u00edctimas de los delitos.","robots":{"index":"noindex","follow":"follow"},"og_locale":"es_ES","og_type":"article","og_title":"Fiscal\u00eda General de la Naci\u00f3n","og_description":"P\u00e1gina oficial de la Fiscal\u00eda General de la Naci\u00f3n \u2013 Colombia. Garantizamos el acceso efectivo a la justicia, la verdad y la reparaci\u00f3n de las v\u00edctimas de los delitos.","og_url":"https:\/\/www.fiscalia.gov.co\/colombia\/seguridad-territorial\/en-45-dias-fueron-capturados-515-extorsionistas-y-41-secuestradores\/","og_site_name":"Fiscal\u00eda General de la Naci\u00f3n","article_publisher":"https:\/\/www.facebook.com\/FiscaliaCol","article_published_time":"2017-08-18T19:15:21+00:00","article_modified_time":"2017-08-25T20:24:22+00:00","author":"dfgordillo","twitter_card":"summary_large_image","twitter_creator":"@FiscaliaCol","twitter_site":"@FiscaliaCol","twitter_misc":{"Escrito por":"dfgordillo","Tiempo de lectura":"4 minutos"},"schema":{"@context":"https:\/\/schema.org","@graph":[{"@type":"Article","@id":"https:\/\/www.fiscalia.gov.co\/colombia\/seguridad-territorial\/en-45-dias-fueron-capturados-515-extorsionistas-y-41-secuestradores\/#article","isPartOf":{"@id":"https:\/\/www.fiscalia.gov.co\/colombia\/seguridad-territorial\/en-45-dias-fueron-capturados-515-extorsionistas-y-41-secuestradores\/"},"author":{"name":"dfgordillo","@id":"https:\/\/www.fiscalia.gov.co\/colombia\/#\/schema\/person\/3903856a3ce2d54b094c69eb29247895"},"headline":"En 45 d\u00edas fueron capturados 515 extorsionistas y 41 secuestradores","datePublished":"2017-08-18T19:15:21+00:00","dateModified":"2017-08-25T20:24:22+00:00","mainEntityOfPage":{"@id":"https:\/\/www.fiscalia.gov.co\/colombia\/seguridad-territorial\/en-45-dias-fueron-capturados-515-extorsionistas-y-41-secuestradores\/"},"wordCount":756,"publisher":{"@id":"https:\/\/www.fiscalia.gov.co\/colombia\/#organization"},"articleSection":["Seguridad territorial"],"inLanguage":"es-CO"},{"@type":"WebPage","@id":"https:\/\/www.fiscalia.gov.co\/colombia\/seguridad-territorial\/en-45-dias-fueron-capturados-515-extorsionistas-y-41-secuestradores\/","url":"https:\/\/www.fiscalia.gov.co\/colombia\/seguridad-territorial\/en-45-dias-fueron-capturados-515-extorsionistas-y-41-secuestradores\/","name":"Fiscal\u00eda General de la Naci\u00f3n","isPartOf":{"@id":"https:\/\/www.fiscalia.gov.co\/colombia\/#website"},"datePublished":"2017-08-18T19:15:21+00:00","dateModified":"2017-08-25T20:24:22+00:00","description":"P\u00e1gina oficial de la Fiscal\u00eda General de la Naci\u00f3n \u2013 Colombia. Garantizamos el acceso efectivo a la justicia, la verdad y la reparaci\u00f3n de las v\u00edctimas de los delitos.","breadcrumb":{"@id":"https:\/\/www.fiscalia.gov.co\/colombia\/seguridad-territorial\/en-45-dias-fueron-capturados-515-extorsionistas-y-41-secuestradores\/#breadcrumb"},"inLanguage":"es-CO","potentialAction":[{"@type":"ReadAction","target":["https:\/\/www.fiscalia.gov.co\/colombia\/seguridad-territorial\/en-45-dias-fueron-capturados-515-extorsionistas-y-41-secuestradores\/"]}]},{"@type":"BreadcrumbList","@id":"https:\/\/www.fiscalia.gov.co\/colombia\/seguridad-territorial\/en-45-dias-fueron-capturados-515-extorsionistas-y-41-secuestradores\/#breadcrumb","itemListElement":[{"@type":"ListItem","position":1,"name":"Home","item":"https:\/\/www.fiscalia.gov.co\/colombia\/"},{"@type":"ListItem","position":2,"name":"En 45 d\u00edas fueron capturados 515 extorsionistas y 41 secuestradores"}]},{"@type":"WebSite","@id":"https:\/\/www.fiscalia.gov.co\/colombia\/#website","url":"https:\/\/www.fiscalia.gov.co\/colombia\/","name":"Fiscal\u00eda General de la Naci\u00f3n","description":"P\u00e1gina oficial de la Fiscal\u00eda General de la Naci\u00f3n \u2013 Colombia. Garantizamos el acceso efectivo a la justicia, la verdad y la reparaci\u00f3n de las v\u00edctimas de los delitos.","publisher":{"@id":"https:\/\/www.fiscalia.gov.co\/colombia\/#organization"},"potentialAction":[{"@type":"SearchAction","target":{"@type":"EntryPoint","urlTemplate":"https:\/\/www.fiscalia.gov.co\/colombia\/?s={search_term_string}"},"query-input":{"@type":"PropertyValueSpecification","valueRequired":true,"valueName":"search_term_string"}}],"inLanguage":"es-CO"},{"@type":"Organization","@id":"https:\/\/www.fiscalia.gov.co\/colombia\/#organization","name":"Fiscal\u00eda General de la Naci\u00f3n","url":"https:\/\/www.fiscalia.gov.co\/colombia\/","logo":{"@type":"ImageObject","inLanguage":"es-CO","@id":"https:\/\/www.fiscalia.gov.co\/colombia\/#\/schema\/logo\/image\/","url":"https:\/\/www.fiscalia.gov.co\/colombia\/wp-content\/uploads\/LogoHorizontal_1.jpg","contentUrl":"https:\/\/www.fiscalia.gov.co\/colombia\/wp-content\/uploads\/LogoHorizontal_1.jpg","width":300,"height":90,"caption":"Fiscal\u00eda General de la Naci\u00f3n"},"image":{"@id":"https:\/\/www.fiscalia.gov.co\/colombia\/#\/schema\/logo\/image\/"},"sameAs":["https:\/\/www.facebook.com\/FiscaliaCol","https:\/\/x.com\/FiscaliaCol","https:\/\/www.instagram.com\/fiscaliacol","https:\/\/www.linkedin.com\/company\/fiscalia-general-de-la-naci-n\/","https:\/\/youtube.com\/@fiscaliageneraldelanacion-4668?si=6nN79nyQICPU5iTh"]},{"@type":"Person","@id":"https:\/\/www.fiscalia.gov.co\/colombia\/#\/schema\/person\/3903856a3ce2d54b094c69eb29247895","name":"dfgordillo","image":{"@type":"ImageObject","inLanguage":"es-CO","@id":"https:\/\/www.fiscalia.gov.co\/colombia\/#\/schema\/person\/image\/","url":"https:\/\/secure.gravatar.com\/avatar\/b6356e21c5657c60757fe6fb9493e947?s=96&d=mm&r=g","contentUrl":"https:\/\/secure.gravatar.com\/avatar\/b6356e21c5657c60757fe6fb9493e947?s=96&d=mm&r=g","caption":"dfgordillo"},"sameAs":["dfgordillo"],"url":"https:\/\/www.fiscalia.gov.co\/colombia\/author\/dfgordillo\/"}]}},"_links":{"self":[{"href":"https:\/\/www.fiscalia.gov.co\/colombia\/wp-json\/wp\/v2\/posts\/108369","targetHints":{"allow":["GET"]}}],"collection":[{"href":"https:\/\/www.fiscalia.gov.co\/colombia\/wp-json\/wp\/v2\/posts"}],"about":[{"href":"https:\/\/www.fiscalia.gov.co\/colombia\/wp-json\/wp\/v2\/types\/post"}],"author":[{"embeddable":true,"href":"https:\/\/www.fiscalia.gov.co\/colombia\/wp-json\/wp\/v2\/users\/143"}],"replies":[{"embeddable":true,"href":"https:\/\/www.fiscalia.gov.co\/colombia\/wp-json\/wp\/v2\/comments?post=108369"}],"version-history":[{"count":1,"href":"https:\/\/www.fiscalia.gov.co\/colombia\/wp-json\/wp\/v2\/posts\/108369\/revisions"}],"predecessor-version":[{"id":108370,"href":"https:\/\/www.fiscalia.gov.co\/colombia\/wp-json\/wp\/v2\/posts\/108369\/revisions\/108370"}],"wp:attachment":[{"href":"https:\/\/www.fiscalia.gov.co\/colombia\/wp-json\/wp\/v2\/media?parent=108369"}],"wp:term":[{"taxonomy":"category","embeddable":true,"href":"https:\/\/www.fiscalia.gov.co\/colombia\/wp-json\/wp\/v2\/categories?post=108369"},{"taxonomy":"post_tag","embeddable":true,"href":"https:\/\/www.fiscalia.gov.co\/colombia\/wp-json\/wp\/v2\/tags?post=108369"}],"curies":[{"name":"wp","href":"https:\/\/api.w.org\/{rel}","templated":true}]}}