{"id":108288,"date":"2017-08-22T11:56:50","date_gmt":"2017-08-22T16:56:50","guid":{"rendered":"http:\/\/www.fiscalia.gov.co\/colombia\/?p=108288"},"modified":"2017-08-25T15:01:26","modified_gmt":"2017-08-25T20:01:26","slug":"cae-red-senalada-de-enganar-a-jovenes-que-aspiraban-estudiar-en-el-fuerte-militar-de-tolemaida","status":"publish","type":"post","link":"https:\/\/www.fiscalia.gov.co\/colombia\/seguridad-territorial\/cae-red-senalada-de-enganar-a-jovenes-que-aspiraban-estudiar-en-el-fuerte-militar-de-tolemaida\/","title":{"rendered":"Cae red se\u00f1alada de enga\u00f1ar a j\u00f3venes que aspiraban estudiar en el Fuerte Militar de Tolemaida"},"content":{"rendered":"<p><em><span style=\"text-decoration: underline;\">Fiscal\u00eda General de la Naci\u00f3n y Ej\u00e9rcito Nacional capturan a nueve personas sindicadas de ofrecer supuestos cupos acad\u00e9micos para suboficial. El cabecilla de la estructura fue notificado en La Picota de Bogot\u00e1, donde cumple condena por delitos sexuales. Hay v\u00edctimas en 14 departamentos.<\/span><\/em><em><\/em><\/p>\n<p>\u2018Los Yara\u2019, como se autodenominaba una red de estafadores, estaba dedicada a destruir los sue\u00f1os de j\u00f3venes que pretend\u00edan ingresar al Ej\u00e9rcito Nacional. En seis meses, la Fiscal\u00eda, a trav\u00e9s de su polic\u00eda Judicial CTI seccional Cundinamarca, y la D\u00e9cima Tercera Brigada del Ej\u00e9rcito, pusieron al descubierto el andamiaje criminal de la estructura delincuencial que ofrec\u00eda cupos falsos en el Fuerte Militar de Tolemaida.<\/p>\n<p>Nueve presuntos integrantes de \u2018Los Yara\u2019 fueron capturados en diligencias realizadas simult\u00e1neamente en los municipios de Corinto (Cauca), Aguachica (Cesar), Girardot y Anapoima (Cundinamarca), y en las ciudades de Cali, Neiva, Quibd\u00f3, Medell\u00edn y Bogot\u00e1. El cabecilla, identificado como \u00c1nderson Oviedo Sabogal, fue notificado del proceso en su contra en la c\u00e1rcel La Picota de Bogot\u00e1, donde cumple una condena de 12 a\u00f1os de prisi\u00f3n por el delito de acceso carnal abusivo con menor de 14 a\u00f1os.<\/p>\n<p>Las investigaciones indican que esta red, mediante algunos colaboradores en Tolemaida, obtuvo nombres y datos personales de los aspirantes que no pasaban el proceso de incorporaci\u00f3n. Los j\u00f3venes eran contactados telef\u00f3nicamente por integrantes de la organizaci\u00f3n que se hac\u00edan pasar como oficiales o suboficiales y se ofrec\u00edan a solucionar cualquier dificultad o restricci\u00f3n para ingresar a la escuela.<\/p>\n<p>Muchas de las v\u00edctimas fueron obligadas a viajar y hospedarse en Bogot\u00e1. Eran citadas cerca a instalaciones militares y \u2018Los Yara\u2019 les exig\u00edan pagos de $600.000 a $6.000.000 para supuestamente entregarles certificados m\u00e9dicos, f\u00edsicos y de selecci\u00f3n, que les garantizar\u00edan un cupo en Tolemaida. La cifra variaba seg\u00fan el tr\u00e1mite ofrecido.<\/p>\n<p>Otras personas afectadas realizaron giros o transacciones bancarias desde distintas ciudades con la esperanza de acceder a la academia pero, en todos los casos, las promesas fueron incumplidas. A quienes viajaron a Bogot\u00e1 los confundieron con diversas diligencias, les arrebataron el dinero y los dejaron con documentos falsos; y a los que consignaron, nunca les volvieron a contestar el tel\u00e9fono.<\/p>\n<p>Durante las indagaciones se estableci\u00f3 que la red de estafadores habr\u00eda manipulado la p\u00e1gina de internet de la Escuela Militar de Suboficiales, accedieron ilegalmente al sistema y cambiaron el n\u00famero telef\u00f3nico de contacto del oficial de incorporaci\u00f3n, y pusieron el de una de las sindicadas integrantes de la estructura. De esta manera, parte de las llamadas de los aspirantes llegaban a la organizaci\u00f3n delincuencial.<\/p>\n<p>Hasta la fecha, la Fiscal\u00eda General ha recibido 12 denuncias formales contra \u2018Los Yara\u2019, por estafas que sumar\u00edan 200 millones de pesos; pero los investigadores tienen detectadas m\u00e1s de 200 v\u00edctimas en los departamentos de Caquet\u00e1, Cundinamarca, Tolima, Santander, Valle del Cauca, Risaralda, Quind\u00edo, Choc\u00f3, Putumayo, Antioquia, Boyac\u00e1, Bol\u00edvar, Meta y Atl\u00e1ntico, por lo que el monto del enga\u00f1o masivo ser\u00eda muy superior.<\/p>\n<p>Adicionalmente, durante las diligencias de allanamiento se incaut\u00f3 de importante documentaci\u00f3n que relaciona aspirantes no aptos entre los a\u00f1os 2015 y 2017, que aparentemente tambi\u00e9n fueron estafados, y datos de otras personas que, al parecer, colaboraron con la actividad ilegal.<\/p>\n<p>Los capturados fueron judicializados por el delito de estafa en masa, concierto para delinquir, falsedad personal y suplantaci\u00f3n de sitios web para capturar datos. Ante la Fiscal\u00eda, parte de la red se comprometi\u00f3 a colaborar y develar otras piezas del negocio criminal. El juez de garant\u00edas otorg\u00f3 medida de aseguramiento consistente en detenci\u00f3n domiciliaria contra ocho procesados y una mujer qued\u00f3 provisionalmente en libertad. Todos continuar\u00e1n vinculados a la investigaci\u00f3n.<strong><\/strong><\/p>\n<p><strong>Los roles de \u2018Los Yara\u2019<\/strong><\/p>\n<p>\u00c1nderson Oviedo Sabogal, se\u00f1alado cabecilla de la red, ser\u00eda el responsable de hacer las llamadas a los aspirantes, suplantar grados, nombres y apellidos del personal del Ej\u00e9rcito, y fijar las condiciones de pago para los tr\u00e1mites que ofrec\u00eda. Varios controles t\u00e9cnicos avalados judicialmente permitieron conocer sus comunicaciones con las v\u00edctimas y algunas personas que suministraron datos reservados de la oficina de incorporaci\u00f3n del Fuerte Militar de Tolemaida. Muchos de los mensajes salieron de la c\u00e1rcel donde permanece recluido.<\/p>\n<p>Floria Mercedes Gait\u00e1n Gonz\u00e1lez, fue capturada en el barrio Las Granjas en Neiva (Huila) y, de acuerdo a las evidencias recopiladas, ser\u00eda la encargada de recibir las llamadas de las personas afectadas y supuestamente pon\u00eda en marcha la estafa. Uno de sus n\u00fameros telef\u00f3nicos fue puesto en la p\u00e1gina web de la Escuela Militar de Suboficiales a cambio del contacto del oficial de incorporaciones.<\/p>\n<p>Otro rol detectado por los investigadores, lo cumpl\u00edan algunos militares que suministraron los datos de los j\u00f3venes no admitidos en la escuela o facilitaban las maniobras de enga\u00f1o. Aqu\u00ed aparecen \u00d3scar Oviedo Sabogal, hermano del cabecilla e integrante activo del Ej\u00e9rcito, quien fue capturado en Corinto (Cauca), y dos ex soldados bachilleres que trabajaron en la oficina de incorporaciones.<\/p>\n<p>Finalmente, estaban los encargados de reclamar los giros o prestar cuentas bancarias para recibir los dineros de las v\u00edctimas. Sobresale Orlando Yara, un tip\u00f3grafo sindicado de retirar la mayor cantidad de giros en oficinas de Girardot (Cundinamarca) y quien tiene dos procesos activos por otras estafas. Esta funci\u00f3n delincuencial, al parecer, tambi\u00e9n fue desempe\u00f1ada por un hombre conocido como \u2018Hanson\u2019, la ex compa\u00f1era sentimental del cabecilla y otras dos mujeres, una capturada en Quibd\u00f3 (Choc\u00f3) y otra detenida en Anapoima (Cundinamarca).<strong><\/strong><\/p>\n\n<div class=\"twitter-share\"><a href=\"https:\/\/twitter.com\/intent\/tweet?via=fiscaliacol\" class=\"twitter-share-button\">Tweet<\/a><\/div>\n","protected":false},"excerpt":{"rendered":"<p>Fiscal\u00eda General de la Naci\u00f3n y Ej\u00e9rcito Nacional capturan a nueve personas sindicadas de ofrecer supuestos cupos acad\u00e9micos para suboficial. El cabecilla de la estructura fue notificado en La Picota [&hellip;]<\/p>\n","protected":false},"author":143,"featured_media":0,"comment_status":"closed","ping_status":"open","sticky":false,"template":"","format":"standard","meta":{"tdm_status":"","tdm_grid_status":"","footnotes":""},"categories":[24099],"tags":[],"class_list":["post-108288","post","type-post","status-publish","format-standard","category-seguridad-territorial"],"yoast_head":"<!-- This site is optimized with the Yoast SEO plugin v24.3 - https:\/\/yoast.com\/wordpress\/plugins\/seo\/ -->\n<title>Fiscal\u00eda General de la Naci\u00f3n<\/title>\n<meta name=\"description\" content=\"P\u00e1gina oficial de la Fiscal\u00eda General de la Naci\u00f3n \u2013 Colombia. Garantizamos el acceso efectivo a la justicia, la verdad y la reparaci\u00f3n de las v\u00edctimas de los delitos.\" \/>\n<meta name=\"robots\" content=\"noindex, follow\" \/>\n<meta property=\"og:locale\" content=\"es_ES\" \/>\n<meta property=\"og:type\" content=\"article\" \/>\n<meta property=\"og:title\" content=\"Fiscal\u00eda General de la Naci\u00f3n\" \/>\n<meta property=\"og:description\" content=\"P\u00e1gina oficial de la Fiscal\u00eda General de la Naci\u00f3n \u2013 Colombia. Garantizamos el acceso efectivo a la justicia, la verdad y la reparaci\u00f3n de las v\u00edctimas de los delitos.\" \/>\n<meta property=\"og:url\" content=\"https:\/\/www.fiscalia.gov.co\/colombia\/seguridad-territorial\/cae-red-senalada-de-enganar-a-jovenes-que-aspiraban-estudiar-en-el-fuerte-militar-de-tolemaida\/\" \/>\n<meta property=\"og:site_name\" content=\"Fiscal\u00eda General de la Naci\u00f3n\" \/>\n<meta property=\"article:publisher\" content=\"https:\/\/www.facebook.com\/FiscaliaCol\" \/>\n<meta property=\"article:published_time\" content=\"2017-08-22T16:56:50+00:00\" \/>\n<meta property=\"article:modified_time\" content=\"2017-08-25T20:01:26+00:00\" \/>\n<meta name=\"author\" content=\"dfgordillo\" \/>\n<meta name=\"twitter:card\" content=\"summary_large_image\" \/>\n<meta name=\"twitter:creator\" content=\"@FiscaliaCol\" \/>\n<meta name=\"twitter:site\" content=\"@FiscaliaCol\" \/>\n<meta name=\"twitter:label1\" content=\"Escrito por\" \/>\n\t<meta name=\"twitter:data1\" content=\"dfgordillo\" \/>\n\t<meta name=\"twitter:label2\" content=\"Tiempo de lectura\" \/>\n\t<meta name=\"twitter:data2\" content=\"5 minutos\" \/>\n<script type=\"application\/ld+json\" class=\"yoast-schema-graph\">{\"@context\":\"https:\/\/schema.org\",\"@graph\":[{\"@type\":\"Article\",\"@id\":\"https:\/\/www.fiscalia.gov.co\/colombia\/seguridad-territorial\/cae-red-senalada-de-enganar-a-jovenes-que-aspiraban-estudiar-en-el-fuerte-militar-de-tolemaida\/#article\",\"isPartOf\":{\"@id\":\"https:\/\/www.fiscalia.gov.co\/colombia\/seguridad-territorial\/cae-red-senalada-de-enganar-a-jovenes-que-aspiraban-estudiar-en-el-fuerte-militar-de-tolemaida\/\"},\"author\":{\"name\":\"dfgordillo\",\"@id\":\"https:\/\/www.fiscalia.gov.co\/colombia\/#\/schema\/person\/3903856a3ce2d54b094c69eb29247895\"},\"headline\":\"Cae red se\u00f1alada de enga\u00f1ar a j\u00f3venes que aspiraban estudiar en el Fuerte Militar de Tolemaida\",\"datePublished\":\"2017-08-22T16:56:50+00:00\",\"dateModified\":\"2017-08-25T20:01:26+00:00\",\"mainEntityOfPage\":{\"@id\":\"https:\/\/www.fiscalia.gov.co\/colombia\/seguridad-territorial\/cae-red-senalada-de-enganar-a-jovenes-que-aspiraban-estudiar-en-el-fuerte-militar-de-tolemaida\/\"},\"wordCount\":973,\"publisher\":{\"@id\":\"https:\/\/www.fiscalia.gov.co\/colombia\/#organization\"},\"articleSection\":[\"Seguridad territorial\"],\"inLanguage\":\"es-CO\"},{\"@type\":\"WebPage\",\"@id\":\"https:\/\/www.fiscalia.gov.co\/colombia\/seguridad-territorial\/cae-red-senalada-de-enganar-a-jovenes-que-aspiraban-estudiar-en-el-fuerte-militar-de-tolemaida\/\",\"url\":\"https:\/\/www.fiscalia.gov.co\/colombia\/seguridad-territorial\/cae-red-senalada-de-enganar-a-jovenes-que-aspiraban-estudiar-en-el-fuerte-militar-de-tolemaida\/\",\"name\":\"Fiscal\u00eda General de la Naci\u00f3n\",\"isPartOf\":{\"@id\":\"https:\/\/www.fiscalia.gov.co\/colombia\/#website\"},\"datePublished\":\"2017-08-22T16:56:50+00:00\",\"dateModified\":\"2017-08-25T20:01:26+00:00\",\"description\":\"P\u00e1gina oficial de la Fiscal\u00eda General de la Naci\u00f3n \u2013 Colombia. Garantizamos el acceso efectivo a la justicia, la verdad y la reparaci\u00f3n de las v\u00edctimas de los delitos.\",\"breadcrumb\":{\"@id\":\"https:\/\/www.fiscalia.gov.co\/colombia\/seguridad-territorial\/cae-red-senalada-de-enganar-a-jovenes-que-aspiraban-estudiar-en-el-fuerte-militar-de-tolemaida\/#breadcrumb\"},\"inLanguage\":\"es-CO\",\"potentialAction\":[{\"@type\":\"ReadAction\",\"target\":[\"https:\/\/www.fiscalia.gov.co\/colombia\/seguridad-territorial\/cae-red-senalada-de-enganar-a-jovenes-que-aspiraban-estudiar-en-el-fuerte-militar-de-tolemaida\/\"]}]},{\"@type\":\"BreadcrumbList\",\"@id\":\"https:\/\/www.fiscalia.gov.co\/colombia\/seguridad-territorial\/cae-red-senalada-de-enganar-a-jovenes-que-aspiraban-estudiar-en-el-fuerte-militar-de-tolemaida\/#breadcrumb\",\"itemListElement\":[{\"@type\":\"ListItem\",\"position\":1,\"name\":\"Home\",\"item\":\"https:\/\/www.fiscalia.gov.co\/colombia\/\"},{\"@type\":\"ListItem\",\"position\":2,\"name\":\"Cae red se\u00f1alada de enga\u00f1ar a j\u00f3venes que aspiraban estudiar en el Fuerte Militar de Tolemaida\"}]},{\"@type\":\"WebSite\",\"@id\":\"https:\/\/www.fiscalia.gov.co\/colombia\/#website\",\"url\":\"https:\/\/www.fiscalia.gov.co\/colombia\/\",\"name\":\"Fiscal\u00eda General de la Naci\u00f3n\",\"description\":\"P\u00e1gina oficial de la Fiscal\u00eda General de la Naci\u00f3n \u2013 Colombia. Garantizamos el acceso efectivo a la justicia, la verdad y la reparaci\u00f3n de las v\u00edctimas de los delitos.\",\"publisher\":{\"@id\":\"https:\/\/www.fiscalia.gov.co\/colombia\/#organization\"},\"potentialAction\":[{\"@type\":\"SearchAction\",\"target\":{\"@type\":\"EntryPoint\",\"urlTemplate\":\"https:\/\/www.fiscalia.gov.co\/colombia\/?s={search_term_string}\"},\"query-input\":{\"@type\":\"PropertyValueSpecification\",\"valueRequired\":true,\"valueName\":\"search_term_string\"}}],\"inLanguage\":\"es-CO\"},{\"@type\":\"Organization\",\"@id\":\"https:\/\/www.fiscalia.gov.co\/colombia\/#organization\",\"name\":\"Fiscal\u00eda General de la Naci\u00f3n\",\"url\":\"https:\/\/www.fiscalia.gov.co\/colombia\/\",\"logo\":{\"@type\":\"ImageObject\",\"inLanguage\":\"es-CO\",\"@id\":\"https:\/\/www.fiscalia.gov.co\/colombia\/#\/schema\/logo\/image\/\",\"url\":\"https:\/\/www.fiscalia.gov.co\/colombia\/wp-content\/uploads\/LogoHorizontal_1.jpg\",\"contentUrl\":\"https:\/\/www.fiscalia.gov.co\/colombia\/wp-content\/uploads\/LogoHorizontal_1.jpg\",\"width\":300,\"height\":90,\"caption\":\"Fiscal\u00eda General de la Naci\u00f3n\"},\"image\":{\"@id\":\"https:\/\/www.fiscalia.gov.co\/colombia\/#\/schema\/logo\/image\/\"},\"sameAs\":[\"https:\/\/www.facebook.com\/FiscaliaCol\",\"https:\/\/x.com\/FiscaliaCol\",\"https:\/\/www.instagram.com\/fiscaliacol\",\"https:\/\/www.linkedin.com\/company\/fiscalia-general-de-la-naci-n\/\",\"https:\/\/youtube.com\/@fiscaliageneraldelanacion-4668?si=6nN79nyQICPU5iTh\"]},{\"@type\":\"Person\",\"@id\":\"https:\/\/www.fiscalia.gov.co\/colombia\/#\/schema\/person\/3903856a3ce2d54b094c69eb29247895\",\"name\":\"dfgordillo\",\"image\":{\"@type\":\"ImageObject\",\"inLanguage\":\"es-CO\",\"@id\":\"https:\/\/www.fiscalia.gov.co\/colombia\/#\/schema\/person\/image\/\",\"url\":\"https:\/\/secure.gravatar.com\/avatar\/b6356e21c5657c60757fe6fb9493e947?s=96&d=mm&r=g\",\"contentUrl\":\"https:\/\/secure.gravatar.com\/avatar\/b6356e21c5657c60757fe6fb9493e947?s=96&d=mm&r=g\",\"caption\":\"dfgordillo\"},\"sameAs\":[\"dfgordillo\"],\"url\":\"https:\/\/www.fiscalia.gov.co\/colombia\/author\/dfgordillo\/\"}]}<\/script>\n<!-- \/ Yoast SEO plugin. -->","yoast_head_json":{"title":"Fiscal\u00eda General de la Naci\u00f3n","description":"P\u00e1gina oficial de la Fiscal\u00eda General de la Naci\u00f3n \u2013 Colombia. Garantizamos el acceso efectivo a la justicia, la verdad y la reparaci\u00f3n de las v\u00edctimas de los delitos.","robots":{"index":"noindex","follow":"follow"},"og_locale":"es_ES","og_type":"article","og_title":"Fiscal\u00eda General de la Naci\u00f3n","og_description":"P\u00e1gina oficial de la Fiscal\u00eda General de la Naci\u00f3n \u2013 Colombia. Garantizamos el acceso efectivo a la justicia, la verdad y la reparaci\u00f3n de las v\u00edctimas de los delitos.","og_url":"https:\/\/www.fiscalia.gov.co\/colombia\/seguridad-territorial\/cae-red-senalada-de-enganar-a-jovenes-que-aspiraban-estudiar-en-el-fuerte-militar-de-tolemaida\/","og_site_name":"Fiscal\u00eda General de la Naci\u00f3n","article_publisher":"https:\/\/www.facebook.com\/FiscaliaCol","article_published_time":"2017-08-22T16:56:50+00:00","article_modified_time":"2017-08-25T20:01:26+00:00","author":"dfgordillo","twitter_card":"summary_large_image","twitter_creator":"@FiscaliaCol","twitter_site":"@FiscaliaCol","twitter_misc":{"Escrito por":"dfgordillo","Tiempo de lectura":"5 minutos"},"schema":{"@context":"https:\/\/schema.org","@graph":[{"@type":"Article","@id":"https:\/\/www.fiscalia.gov.co\/colombia\/seguridad-territorial\/cae-red-senalada-de-enganar-a-jovenes-que-aspiraban-estudiar-en-el-fuerte-militar-de-tolemaida\/#article","isPartOf":{"@id":"https:\/\/www.fiscalia.gov.co\/colombia\/seguridad-territorial\/cae-red-senalada-de-enganar-a-jovenes-que-aspiraban-estudiar-en-el-fuerte-militar-de-tolemaida\/"},"author":{"name":"dfgordillo","@id":"https:\/\/www.fiscalia.gov.co\/colombia\/#\/schema\/person\/3903856a3ce2d54b094c69eb29247895"},"headline":"Cae red se\u00f1alada de enga\u00f1ar a j\u00f3venes que aspiraban estudiar en el Fuerte Militar de Tolemaida","datePublished":"2017-08-22T16:56:50+00:00","dateModified":"2017-08-25T20:01:26+00:00","mainEntityOfPage":{"@id":"https:\/\/www.fiscalia.gov.co\/colombia\/seguridad-territorial\/cae-red-senalada-de-enganar-a-jovenes-que-aspiraban-estudiar-en-el-fuerte-militar-de-tolemaida\/"},"wordCount":973,"publisher":{"@id":"https:\/\/www.fiscalia.gov.co\/colombia\/#organization"},"articleSection":["Seguridad territorial"],"inLanguage":"es-CO"},{"@type":"WebPage","@id":"https:\/\/www.fiscalia.gov.co\/colombia\/seguridad-territorial\/cae-red-senalada-de-enganar-a-jovenes-que-aspiraban-estudiar-en-el-fuerte-militar-de-tolemaida\/","url":"https:\/\/www.fiscalia.gov.co\/colombia\/seguridad-territorial\/cae-red-senalada-de-enganar-a-jovenes-que-aspiraban-estudiar-en-el-fuerte-militar-de-tolemaida\/","name":"Fiscal\u00eda General de la Naci\u00f3n","isPartOf":{"@id":"https:\/\/www.fiscalia.gov.co\/colombia\/#website"},"datePublished":"2017-08-22T16:56:50+00:00","dateModified":"2017-08-25T20:01:26+00:00","description":"P\u00e1gina oficial de la Fiscal\u00eda General de la Naci\u00f3n \u2013 Colombia. Garantizamos el acceso efectivo a la justicia, la verdad y la reparaci\u00f3n de las v\u00edctimas de los delitos.","breadcrumb":{"@id":"https:\/\/www.fiscalia.gov.co\/colombia\/seguridad-territorial\/cae-red-senalada-de-enganar-a-jovenes-que-aspiraban-estudiar-en-el-fuerte-militar-de-tolemaida\/#breadcrumb"},"inLanguage":"es-CO","potentialAction":[{"@type":"ReadAction","target":["https:\/\/www.fiscalia.gov.co\/colombia\/seguridad-territorial\/cae-red-senalada-de-enganar-a-jovenes-que-aspiraban-estudiar-en-el-fuerte-militar-de-tolemaida\/"]}]},{"@type":"BreadcrumbList","@id":"https:\/\/www.fiscalia.gov.co\/colombia\/seguridad-territorial\/cae-red-senalada-de-enganar-a-jovenes-que-aspiraban-estudiar-en-el-fuerte-militar-de-tolemaida\/#breadcrumb","itemListElement":[{"@type":"ListItem","position":1,"name":"Home","item":"https:\/\/www.fiscalia.gov.co\/colombia\/"},{"@type":"ListItem","position":2,"name":"Cae red se\u00f1alada de enga\u00f1ar a j\u00f3venes que aspiraban estudiar en el Fuerte Militar de Tolemaida"}]},{"@type":"WebSite","@id":"https:\/\/www.fiscalia.gov.co\/colombia\/#website","url":"https:\/\/www.fiscalia.gov.co\/colombia\/","name":"Fiscal\u00eda General de la Naci\u00f3n","description":"P\u00e1gina oficial de la Fiscal\u00eda General de la Naci\u00f3n \u2013 Colombia. Garantizamos el acceso efectivo a la justicia, la verdad y la reparaci\u00f3n de las v\u00edctimas de los delitos.","publisher":{"@id":"https:\/\/www.fiscalia.gov.co\/colombia\/#organization"},"potentialAction":[{"@type":"SearchAction","target":{"@type":"EntryPoint","urlTemplate":"https:\/\/www.fiscalia.gov.co\/colombia\/?s={search_term_string}"},"query-input":{"@type":"PropertyValueSpecification","valueRequired":true,"valueName":"search_term_string"}}],"inLanguage":"es-CO"},{"@type":"Organization","@id":"https:\/\/www.fiscalia.gov.co\/colombia\/#organization","name":"Fiscal\u00eda General de la Naci\u00f3n","url":"https:\/\/www.fiscalia.gov.co\/colombia\/","logo":{"@type":"ImageObject","inLanguage":"es-CO","@id":"https:\/\/www.fiscalia.gov.co\/colombia\/#\/schema\/logo\/image\/","url":"https:\/\/www.fiscalia.gov.co\/colombia\/wp-content\/uploads\/LogoHorizontal_1.jpg","contentUrl":"https:\/\/www.fiscalia.gov.co\/colombia\/wp-content\/uploads\/LogoHorizontal_1.jpg","width":300,"height":90,"caption":"Fiscal\u00eda General de la Naci\u00f3n"},"image":{"@id":"https:\/\/www.fiscalia.gov.co\/colombia\/#\/schema\/logo\/image\/"},"sameAs":["https:\/\/www.facebook.com\/FiscaliaCol","https:\/\/x.com\/FiscaliaCol","https:\/\/www.instagram.com\/fiscaliacol","https:\/\/www.linkedin.com\/company\/fiscalia-general-de-la-naci-n\/","https:\/\/youtube.com\/@fiscaliageneraldelanacion-4668?si=6nN79nyQICPU5iTh"]},{"@type":"Person","@id":"https:\/\/www.fiscalia.gov.co\/colombia\/#\/schema\/person\/3903856a3ce2d54b094c69eb29247895","name":"dfgordillo","image":{"@type":"ImageObject","inLanguage":"es-CO","@id":"https:\/\/www.fiscalia.gov.co\/colombia\/#\/schema\/person\/image\/","url":"https:\/\/secure.gravatar.com\/avatar\/b6356e21c5657c60757fe6fb9493e947?s=96&d=mm&r=g","contentUrl":"https:\/\/secure.gravatar.com\/avatar\/b6356e21c5657c60757fe6fb9493e947?s=96&d=mm&r=g","caption":"dfgordillo"},"sameAs":["dfgordillo"],"url":"https:\/\/www.fiscalia.gov.co\/colombia\/author\/dfgordillo\/"}]}},"_links":{"self":[{"href":"https:\/\/www.fiscalia.gov.co\/colombia\/wp-json\/wp\/v2\/posts\/108288","targetHints":{"allow":["GET"]}}],"collection":[{"href":"https:\/\/www.fiscalia.gov.co\/colombia\/wp-json\/wp\/v2\/posts"}],"about":[{"href":"https:\/\/www.fiscalia.gov.co\/colombia\/wp-json\/wp\/v2\/types\/post"}],"author":[{"embeddable":true,"href":"https:\/\/www.fiscalia.gov.co\/colombia\/wp-json\/wp\/v2\/users\/143"}],"replies":[{"embeddable":true,"href":"https:\/\/www.fiscalia.gov.co\/colombia\/wp-json\/wp\/v2\/comments?post=108288"}],"version-history":[{"count":1,"href":"https:\/\/www.fiscalia.gov.co\/colombia\/wp-json\/wp\/v2\/posts\/108288\/revisions"}],"predecessor-version":[{"id":108289,"href":"https:\/\/www.fiscalia.gov.co\/colombia\/wp-json\/wp\/v2\/posts\/108288\/revisions\/108289"}],"wp:attachment":[{"href":"https:\/\/www.fiscalia.gov.co\/colombia\/wp-json\/wp\/v2\/media?parent=108288"}],"wp:term":[{"taxonomy":"category","embeddable":true,"href":"https:\/\/www.fiscalia.gov.co\/colombia\/wp-json\/wp\/v2\/categories?post=108288"},{"taxonomy":"post_tag","embeddable":true,"href":"https:\/\/www.fiscalia.gov.co\/colombia\/wp-json\/wp\/v2\/tags?post=108288"}],"curies":[{"name":"wp","href":"https:\/\/api.w.org\/{rel}","templated":true}]}}