{"id":108286,"date":"2017-08-22T11:57:51","date_gmt":"2017-08-22T16:57:51","guid":{"rendered":"http:\/\/www.fiscalia.gov.co\/colombia\/?p=108286"},"modified":"2017-08-25T15:01:11","modified_gmt":"2017-08-25T20:01:11","slug":"en-caso-de-menor-asesinada-en-armero-guayabal-tolima-fiscalia-imputo-cargos-contra-excomisaria","status":"publish","type":"post","link":"https:\/\/www.fiscalia.gov.co\/colombia\/seguridad-territorial\/en-caso-de-menor-asesinada-en-armero-guayabal-tolima-fiscalia-imputo-cargos-contra-excomisaria\/","title":{"rendered":"En caso de menor asesinada en Armero\u2013Guayabal (Tolima), Fiscal\u00eda imput\u00f3 cargos contra excomisaria"},"content":{"rendered":"<p><em><span style=\"text-decoration: underline;\">La exfuncionaria es investigada por los hechos ocurridos en la vereda La Joya de esa poblaci\u00f3n tolimense el 21 de abril \u00faltimo, cuando que<\/span><\/em><em><span style=\"text-decoration: underline;\"> se conoci\u00f3 la muerte de una menor. <\/span><\/em><\/p>\n<p>Ante el Juzgado 2\u00ba Penal Municipal, con funciones de control de garant\u00edas de Ibagu\u00e9 (Tolima), la Fiscal\u00eda imput\u00f3 a Katherine de los \u00c1ngeles Garc\u00eda Rodr\u00edguez, quien fung\u00eda como \u00fanica comisaria de familia desde el a\u00f1o 2013 en Armero-Guayabal (Tolima), como presunta responsable de los delitos de prevaricato por acci\u00f3n en concurso homog\u00e9neo y sucesivo y prevaricato por omisi\u00f3n.<\/p>\n<p>El ente acusador solicit\u00f3 la orden de captura contra la exfuncionaria, por las supuestas irregularidades que se cometieron en el proceso de garantizar, estabilizar, proteger y reparar los derechos de la menor S.A.S., ya que al parecer conoci\u00f3 el caso de maltrato de la menor el 1 de marzo de 2016 y su actuar no correspondi\u00f3 al lineamiento dado por el Instituto Colombiano de Bienestar Familiar (Icbf).<\/p>\n<p>Por el contrario, la entonces comisaria cit\u00f3 a las partes a conciliaci\u00f3n, donde la progenitora de la ni\u00f1a le puso en evidencia que no ten\u00eda las posibilidades m\u00ednimas econ\u00f3micas para su manutenci\u00f3n y cuidado, y por tal raz\u00f3n entregar\u00eda la custodia a su madrina de bautizo. Es as\u00ed como Garc\u00eda Rodr\u00edguez suscribi\u00f3 un acta de custodia solidaria entre la madre y los padrinos.<\/p>\n<p>Sin embargo, la investigaci\u00f3n determin\u00f3 que esta acta no garantizaba los derechos de la ni\u00f1a, no era un asunto conciliable y debi\u00f3 apoyarse en otras entidades o figuras solidarias como los comedores, buscar familia extensa o un hogar sustituto y asegurar as\u00ed su protecci\u00f3n.<\/p>\n<p>En junio de 2016 la comisaria de familia al parecer conoci\u00f3 la epicrisis del Hospital Municipal de Armero-Guayabal cuando la menor entr\u00f3 con evidentes signos de maltrato infantil, desnutrici\u00f3n y descalcificaci\u00f3n.<\/p>\n<p>Finalmente, para el 21 de abril de 2017 se supo de la muerte de la menor. El Instituto Nacional de Medicina Legal determin\u00f3 \u2014a trav\u00e9s de la necropsia\u2014 que la causa de la muerte fue un trauma encef\u00e1lico severo secundario a trauma contundente y biodin\u00e1mico (zarandeo), que hace parte del s\u00edndrome de maltrato infantil agudo y cr\u00f3nico.<\/p>\n<p>La juez con funci\u00f3n de control de garant\u00edas impuso medida de aseguramiento intramuros en contra de Garc\u00eda Rodr\u00edguez. La procesada no acept\u00f3 los cargos imputados.<\/p>\n<p><strong>La custodia <\/strong><\/p>\n<p>Johana Guerra Urue\u00f1a y Edilberto Rojas Torres, padrinos de la v\u00edctima, quedaron a cargo y cuidado de la menor de tres a\u00f1os, bajo la figura de custodia solidaria para el primer trimestre de 2016, sin embargo se evidenci\u00f3 \u2014en desarrollo de la investigaci\u00f3n\u2014 que se habr\u00edan ejercido actos de violencia f\u00edsica y sexual de manera reiterada contra la menor.<\/p>\n<p>Por estos hechos, el 5 de mayo \u00faltimo la Fiscal\u00eda imput\u00f3 a Guerra Urue\u00f1a los delitos de homicidio agravado, tortura agravada en calidad de coautora material por acci\u00f3n, y acceso carnal violento agravado como posible autora (bajo la figura de posici\u00f3n de garante).<\/p>\n<p>Entretanto, al padrino le endilg\u00f3 cargos por tortura agravada a t\u00edtulo de coautor pasivo (bajo la figura de posici\u00f3n de garante).<\/p>\n<p>&nbsp;<\/p>\n<p>CRV\/DLBM<\/p>\n\n<div class=\"twitter-share\"><a href=\"https:\/\/twitter.com\/intent\/tweet?via=fiscaliacol\" class=\"twitter-share-button\">Tweet<\/a><\/div>\n","protected":false},"excerpt":{"rendered":"<p>La exfuncionaria es investigada por los hechos ocurridos en la vereda La Joya de esa poblaci\u00f3n tolimense el 21 de abril \u00faltimo, cuando que se conoci\u00f3 la muerte de una [&hellip;]<\/p>\n","protected":false},"author":143,"featured_media":0,"comment_status":"closed","ping_status":"open","sticky":false,"template":"","format":"standard","meta":{"tdm_status":"","tdm_grid_status":"","footnotes":""},"categories":[24099],"tags":[],"class_list":["post-108286","post","type-post","status-publish","format-standard","category-seguridad-territorial"],"yoast_head":"<!-- This site is optimized with the Yoast SEO plugin v24.3 - https:\/\/yoast.com\/wordpress\/plugins\/seo\/ -->\n<title>Fiscal\u00eda General de la Naci\u00f3n<\/title>\n<meta name=\"description\" content=\"P\u00e1gina oficial de la Fiscal\u00eda General de la Naci\u00f3n \u2013 Colombia. Garantizamos el acceso efectivo a la justicia, la verdad y la reparaci\u00f3n de las v\u00edctimas de los delitos.\" \/>\n<meta name=\"robots\" content=\"noindex, follow\" \/>\n<meta property=\"og:locale\" content=\"es_ES\" \/>\n<meta property=\"og:type\" content=\"article\" \/>\n<meta property=\"og:title\" content=\"Fiscal\u00eda General de la Naci\u00f3n\" \/>\n<meta property=\"og:description\" content=\"P\u00e1gina oficial de la Fiscal\u00eda General de la Naci\u00f3n \u2013 Colombia. Garantizamos el acceso efectivo a la justicia, la verdad y la reparaci\u00f3n de las v\u00edctimas de los delitos.\" \/>\n<meta property=\"og:url\" content=\"https:\/\/www.fiscalia.gov.co\/colombia\/seguridad-territorial\/en-caso-de-menor-asesinada-en-armero-guayabal-tolima-fiscalia-imputo-cargos-contra-excomisaria\/\" \/>\n<meta property=\"og:site_name\" content=\"Fiscal\u00eda General de la Naci\u00f3n\" \/>\n<meta property=\"article:publisher\" content=\"https:\/\/www.facebook.com\/FiscaliaCol\" \/>\n<meta property=\"article:published_time\" content=\"2017-08-22T16:57:51+00:00\" \/>\n<meta property=\"article:modified_time\" content=\"2017-08-25T20:01:11+00:00\" \/>\n<meta name=\"author\" content=\"dfgordillo\" \/>\n<meta name=\"twitter:card\" content=\"summary_large_image\" \/>\n<meta name=\"twitter:creator\" content=\"@FiscaliaCol\" \/>\n<meta name=\"twitter:site\" content=\"@FiscaliaCol\" \/>\n<meta name=\"twitter:label1\" content=\"Escrito por\" \/>\n\t<meta name=\"twitter:data1\" content=\"dfgordillo\" \/>\n\t<meta name=\"twitter:label2\" content=\"Tiempo de lectura\" \/>\n\t<meta name=\"twitter:data2\" content=\"3 minutos\" \/>\n<script type=\"application\/ld+json\" class=\"yoast-schema-graph\">{\"@context\":\"https:\/\/schema.org\",\"@graph\":[{\"@type\":\"Article\",\"@id\":\"https:\/\/www.fiscalia.gov.co\/colombia\/seguridad-territorial\/en-caso-de-menor-asesinada-en-armero-guayabal-tolima-fiscalia-imputo-cargos-contra-excomisaria\/#article\",\"isPartOf\":{\"@id\":\"https:\/\/www.fiscalia.gov.co\/colombia\/seguridad-territorial\/en-caso-de-menor-asesinada-en-armero-guayabal-tolima-fiscalia-imputo-cargos-contra-excomisaria\/\"},\"author\":{\"name\":\"dfgordillo\",\"@id\":\"https:\/\/www.fiscalia.gov.co\/colombia\/#\/schema\/person\/3903856a3ce2d54b094c69eb29247895\"},\"headline\":\"En caso de menor asesinada en Armero\u2013Guayabal (Tolima), Fiscal\u00eda imput\u00f3 cargos contra excomisaria\",\"datePublished\":\"2017-08-22T16:57:51+00:00\",\"dateModified\":\"2017-08-25T20:01:11+00:00\",\"mainEntityOfPage\":{\"@id\":\"https:\/\/www.fiscalia.gov.co\/colombia\/seguridad-territorial\/en-caso-de-menor-asesinada-en-armero-guayabal-tolima-fiscalia-imputo-cargos-contra-excomisaria\/\"},\"wordCount\":557,\"publisher\":{\"@id\":\"https:\/\/www.fiscalia.gov.co\/colombia\/#organization\"},\"articleSection\":[\"Seguridad territorial\"],\"inLanguage\":\"es-CO\"},{\"@type\":\"WebPage\",\"@id\":\"https:\/\/www.fiscalia.gov.co\/colombia\/seguridad-territorial\/en-caso-de-menor-asesinada-en-armero-guayabal-tolima-fiscalia-imputo-cargos-contra-excomisaria\/\",\"url\":\"https:\/\/www.fiscalia.gov.co\/colombia\/seguridad-territorial\/en-caso-de-menor-asesinada-en-armero-guayabal-tolima-fiscalia-imputo-cargos-contra-excomisaria\/\",\"name\":\"Fiscal\u00eda General de la Naci\u00f3n\",\"isPartOf\":{\"@id\":\"https:\/\/www.fiscalia.gov.co\/colombia\/#website\"},\"datePublished\":\"2017-08-22T16:57:51+00:00\",\"dateModified\":\"2017-08-25T20:01:11+00:00\",\"description\":\"P\u00e1gina oficial de la Fiscal\u00eda General de la Naci\u00f3n \u2013 Colombia. Garantizamos el acceso efectivo a la justicia, la verdad y la reparaci\u00f3n de las v\u00edctimas de los delitos.\",\"breadcrumb\":{\"@id\":\"https:\/\/www.fiscalia.gov.co\/colombia\/seguridad-territorial\/en-caso-de-menor-asesinada-en-armero-guayabal-tolima-fiscalia-imputo-cargos-contra-excomisaria\/#breadcrumb\"},\"inLanguage\":\"es-CO\",\"potentialAction\":[{\"@type\":\"ReadAction\",\"target\":[\"https:\/\/www.fiscalia.gov.co\/colombia\/seguridad-territorial\/en-caso-de-menor-asesinada-en-armero-guayabal-tolima-fiscalia-imputo-cargos-contra-excomisaria\/\"]}]},{\"@type\":\"BreadcrumbList\",\"@id\":\"https:\/\/www.fiscalia.gov.co\/colombia\/seguridad-territorial\/en-caso-de-menor-asesinada-en-armero-guayabal-tolima-fiscalia-imputo-cargos-contra-excomisaria\/#breadcrumb\",\"itemListElement\":[{\"@type\":\"ListItem\",\"position\":1,\"name\":\"Home\",\"item\":\"https:\/\/www.fiscalia.gov.co\/colombia\/\"},{\"@type\":\"ListItem\",\"position\":2,\"name\":\"En caso de menor asesinada en Armero\u2013Guayabal (Tolima), Fiscal\u00eda imput\u00f3 cargos contra excomisaria\"}]},{\"@type\":\"WebSite\",\"@id\":\"https:\/\/www.fiscalia.gov.co\/colombia\/#website\",\"url\":\"https:\/\/www.fiscalia.gov.co\/colombia\/\",\"name\":\"Fiscal\u00eda General de la Naci\u00f3n\",\"description\":\"P\u00e1gina oficial de la Fiscal\u00eda General de la Naci\u00f3n \u2013 Colombia. Garantizamos el acceso efectivo a la justicia, la verdad y la reparaci\u00f3n de las v\u00edctimas de los delitos.\",\"publisher\":{\"@id\":\"https:\/\/www.fiscalia.gov.co\/colombia\/#organization\"},\"potentialAction\":[{\"@type\":\"SearchAction\",\"target\":{\"@type\":\"EntryPoint\",\"urlTemplate\":\"https:\/\/www.fiscalia.gov.co\/colombia\/?s={search_term_string}\"},\"query-input\":{\"@type\":\"PropertyValueSpecification\",\"valueRequired\":true,\"valueName\":\"search_term_string\"}}],\"inLanguage\":\"es-CO\"},{\"@type\":\"Organization\",\"@id\":\"https:\/\/www.fiscalia.gov.co\/colombia\/#organization\",\"name\":\"Fiscal\u00eda General de la Naci\u00f3n\",\"url\":\"https:\/\/www.fiscalia.gov.co\/colombia\/\",\"logo\":{\"@type\":\"ImageObject\",\"inLanguage\":\"es-CO\",\"@id\":\"https:\/\/www.fiscalia.gov.co\/colombia\/#\/schema\/logo\/image\/\",\"url\":\"https:\/\/www.fiscalia.gov.co\/colombia\/wp-content\/uploads\/LogoHorizontal_1.jpg\",\"contentUrl\":\"https:\/\/www.fiscalia.gov.co\/colombia\/wp-content\/uploads\/LogoHorizontal_1.jpg\",\"width\":300,\"height\":90,\"caption\":\"Fiscal\u00eda General de la Naci\u00f3n\"},\"image\":{\"@id\":\"https:\/\/www.fiscalia.gov.co\/colombia\/#\/schema\/logo\/image\/\"},\"sameAs\":[\"https:\/\/www.facebook.com\/FiscaliaCol\",\"https:\/\/x.com\/FiscaliaCol\",\"https:\/\/www.instagram.com\/fiscaliacol\",\"https:\/\/www.linkedin.com\/company\/fiscalia-general-de-la-naci-n\/\",\"https:\/\/youtube.com\/@fiscaliageneraldelanacion-4668?si=6nN79nyQICPU5iTh\"]},{\"@type\":\"Person\",\"@id\":\"https:\/\/www.fiscalia.gov.co\/colombia\/#\/schema\/person\/3903856a3ce2d54b094c69eb29247895\",\"name\":\"dfgordillo\",\"image\":{\"@type\":\"ImageObject\",\"inLanguage\":\"es-CO\",\"@id\":\"https:\/\/www.fiscalia.gov.co\/colombia\/#\/schema\/person\/image\/\",\"url\":\"https:\/\/secure.gravatar.com\/avatar\/b6356e21c5657c60757fe6fb9493e947?s=96&d=mm&r=g\",\"contentUrl\":\"https:\/\/secure.gravatar.com\/avatar\/b6356e21c5657c60757fe6fb9493e947?s=96&d=mm&r=g\",\"caption\":\"dfgordillo\"},\"sameAs\":[\"dfgordillo\"],\"url\":\"https:\/\/www.fiscalia.gov.co\/colombia\/author\/dfgordillo\/\"}]}<\/script>\n<!-- \/ Yoast SEO plugin. -->","yoast_head_json":{"title":"Fiscal\u00eda General de la Naci\u00f3n","description":"P\u00e1gina oficial de la Fiscal\u00eda General de la Naci\u00f3n \u2013 Colombia. Garantizamos el acceso efectivo a la justicia, la verdad y la reparaci\u00f3n de las v\u00edctimas de los delitos.","robots":{"index":"noindex","follow":"follow"},"og_locale":"es_ES","og_type":"article","og_title":"Fiscal\u00eda General de la Naci\u00f3n","og_description":"P\u00e1gina oficial de la Fiscal\u00eda General de la Naci\u00f3n \u2013 Colombia. Garantizamos el acceso efectivo a la justicia, la verdad y la reparaci\u00f3n de las v\u00edctimas de los delitos.","og_url":"https:\/\/www.fiscalia.gov.co\/colombia\/seguridad-territorial\/en-caso-de-menor-asesinada-en-armero-guayabal-tolima-fiscalia-imputo-cargos-contra-excomisaria\/","og_site_name":"Fiscal\u00eda General de la Naci\u00f3n","article_publisher":"https:\/\/www.facebook.com\/FiscaliaCol","article_published_time":"2017-08-22T16:57:51+00:00","article_modified_time":"2017-08-25T20:01:11+00:00","author":"dfgordillo","twitter_card":"summary_large_image","twitter_creator":"@FiscaliaCol","twitter_site":"@FiscaliaCol","twitter_misc":{"Escrito por":"dfgordillo","Tiempo de lectura":"3 minutos"},"schema":{"@context":"https:\/\/schema.org","@graph":[{"@type":"Article","@id":"https:\/\/www.fiscalia.gov.co\/colombia\/seguridad-territorial\/en-caso-de-menor-asesinada-en-armero-guayabal-tolima-fiscalia-imputo-cargos-contra-excomisaria\/#article","isPartOf":{"@id":"https:\/\/www.fiscalia.gov.co\/colombia\/seguridad-territorial\/en-caso-de-menor-asesinada-en-armero-guayabal-tolima-fiscalia-imputo-cargos-contra-excomisaria\/"},"author":{"name":"dfgordillo","@id":"https:\/\/www.fiscalia.gov.co\/colombia\/#\/schema\/person\/3903856a3ce2d54b094c69eb29247895"},"headline":"En caso de menor asesinada en Armero\u2013Guayabal (Tolima), Fiscal\u00eda imput\u00f3 cargos contra excomisaria","datePublished":"2017-08-22T16:57:51+00:00","dateModified":"2017-08-25T20:01:11+00:00","mainEntityOfPage":{"@id":"https:\/\/www.fiscalia.gov.co\/colombia\/seguridad-territorial\/en-caso-de-menor-asesinada-en-armero-guayabal-tolima-fiscalia-imputo-cargos-contra-excomisaria\/"},"wordCount":557,"publisher":{"@id":"https:\/\/www.fiscalia.gov.co\/colombia\/#organization"},"articleSection":["Seguridad territorial"],"inLanguage":"es-CO"},{"@type":"WebPage","@id":"https:\/\/www.fiscalia.gov.co\/colombia\/seguridad-territorial\/en-caso-de-menor-asesinada-en-armero-guayabal-tolima-fiscalia-imputo-cargos-contra-excomisaria\/","url":"https:\/\/www.fiscalia.gov.co\/colombia\/seguridad-territorial\/en-caso-de-menor-asesinada-en-armero-guayabal-tolima-fiscalia-imputo-cargos-contra-excomisaria\/","name":"Fiscal\u00eda General de la Naci\u00f3n","isPartOf":{"@id":"https:\/\/www.fiscalia.gov.co\/colombia\/#website"},"datePublished":"2017-08-22T16:57:51+00:00","dateModified":"2017-08-25T20:01:11+00:00","description":"P\u00e1gina oficial de la Fiscal\u00eda General de la Naci\u00f3n \u2013 Colombia. Garantizamos el acceso efectivo a la justicia, la verdad y la reparaci\u00f3n de las v\u00edctimas de los delitos.","breadcrumb":{"@id":"https:\/\/www.fiscalia.gov.co\/colombia\/seguridad-territorial\/en-caso-de-menor-asesinada-en-armero-guayabal-tolima-fiscalia-imputo-cargos-contra-excomisaria\/#breadcrumb"},"inLanguage":"es-CO","potentialAction":[{"@type":"ReadAction","target":["https:\/\/www.fiscalia.gov.co\/colombia\/seguridad-territorial\/en-caso-de-menor-asesinada-en-armero-guayabal-tolima-fiscalia-imputo-cargos-contra-excomisaria\/"]}]},{"@type":"BreadcrumbList","@id":"https:\/\/www.fiscalia.gov.co\/colombia\/seguridad-territorial\/en-caso-de-menor-asesinada-en-armero-guayabal-tolima-fiscalia-imputo-cargos-contra-excomisaria\/#breadcrumb","itemListElement":[{"@type":"ListItem","position":1,"name":"Home","item":"https:\/\/www.fiscalia.gov.co\/colombia\/"},{"@type":"ListItem","position":2,"name":"En caso de menor asesinada en Armero\u2013Guayabal (Tolima), Fiscal\u00eda imput\u00f3 cargos contra excomisaria"}]},{"@type":"WebSite","@id":"https:\/\/www.fiscalia.gov.co\/colombia\/#website","url":"https:\/\/www.fiscalia.gov.co\/colombia\/","name":"Fiscal\u00eda General de la Naci\u00f3n","description":"P\u00e1gina oficial de la Fiscal\u00eda General de la Naci\u00f3n \u2013 Colombia. Garantizamos el acceso efectivo a la justicia, la verdad y la reparaci\u00f3n de las v\u00edctimas de los delitos.","publisher":{"@id":"https:\/\/www.fiscalia.gov.co\/colombia\/#organization"},"potentialAction":[{"@type":"SearchAction","target":{"@type":"EntryPoint","urlTemplate":"https:\/\/www.fiscalia.gov.co\/colombia\/?s={search_term_string}"},"query-input":{"@type":"PropertyValueSpecification","valueRequired":true,"valueName":"search_term_string"}}],"inLanguage":"es-CO"},{"@type":"Organization","@id":"https:\/\/www.fiscalia.gov.co\/colombia\/#organization","name":"Fiscal\u00eda General de la Naci\u00f3n","url":"https:\/\/www.fiscalia.gov.co\/colombia\/","logo":{"@type":"ImageObject","inLanguage":"es-CO","@id":"https:\/\/www.fiscalia.gov.co\/colombia\/#\/schema\/logo\/image\/","url":"https:\/\/www.fiscalia.gov.co\/colombia\/wp-content\/uploads\/LogoHorizontal_1.jpg","contentUrl":"https:\/\/www.fiscalia.gov.co\/colombia\/wp-content\/uploads\/LogoHorizontal_1.jpg","width":300,"height":90,"caption":"Fiscal\u00eda General de la Naci\u00f3n"},"image":{"@id":"https:\/\/www.fiscalia.gov.co\/colombia\/#\/schema\/logo\/image\/"},"sameAs":["https:\/\/www.facebook.com\/FiscaliaCol","https:\/\/x.com\/FiscaliaCol","https:\/\/www.instagram.com\/fiscaliacol","https:\/\/www.linkedin.com\/company\/fiscalia-general-de-la-naci-n\/","https:\/\/youtube.com\/@fiscaliageneraldelanacion-4668?si=6nN79nyQICPU5iTh"]},{"@type":"Person","@id":"https:\/\/www.fiscalia.gov.co\/colombia\/#\/schema\/person\/3903856a3ce2d54b094c69eb29247895","name":"dfgordillo","image":{"@type":"ImageObject","inLanguage":"es-CO","@id":"https:\/\/www.fiscalia.gov.co\/colombia\/#\/schema\/person\/image\/","url":"https:\/\/secure.gravatar.com\/avatar\/b6356e21c5657c60757fe6fb9493e947?s=96&d=mm&r=g","contentUrl":"https:\/\/secure.gravatar.com\/avatar\/b6356e21c5657c60757fe6fb9493e947?s=96&d=mm&r=g","caption":"dfgordillo"},"sameAs":["dfgordillo"],"url":"https:\/\/www.fiscalia.gov.co\/colombia\/author\/dfgordillo\/"}]}},"_links":{"self":[{"href":"https:\/\/www.fiscalia.gov.co\/colombia\/wp-json\/wp\/v2\/posts\/108286","targetHints":{"allow":["GET"]}}],"collection":[{"href":"https:\/\/www.fiscalia.gov.co\/colombia\/wp-json\/wp\/v2\/posts"}],"about":[{"href":"https:\/\/www.fiscalia.gov.co\/colombia\/wp-json\/wp\/v2\/types\/post"}],"author":[{"embeddable":true,"href":"https:\/\/www.fiscalia.gov.co\/colombia\/wp-json\/wp\/v2\/users\/143"}],"replies":[{"embeddable":true,"href":"https:\/\/www.fiscalia.gov.co\/colombia\/wp-json\/wp\/v2\/comments?post=108286"}],"version-history":[{"count":1,"href":"https:\/\/www.fiscalia.gov.co\/colombia\/wp-json\/wp\/v2\/posts\/108286\/revisions"}],"predecessor-version":[{"id":108287,"href":"https:\/\/www.fiscalia.gov.co\/colombia\/wp-json\/wp\/v2\/posts\/108286\/revisions\/108287"}],"wp:attachment":[{"href":"https:\/\/www.fiscalia.gov.co\/colombia\/wp-json\/wp\/v2\/media?parent=108286"}],"wp:term":[{"taxonomy":"category","embeddable":true,"href":"https:\/\/www.fiscalia.gov.co\/colombia\/wp-json\/wp\/v2\/categories?post=108286"},{"taxonomy":"post_tag","embeddable":true,"href":"https:\/\/www.fiscalia.gov.co\/colombia\/wp-json\/wp\/v2\/tags?post=108286"}],"curies":[{"name":"wp","href":"https:\/\/api.w.org\/{rel}","templated":true}]}}