{"id":107805,"date":"2017-07-26T18:13:03","date_gmt":"2017-07-26T23:13:03","guid":{"rendered":"http:\/\/www.fiscalia.gov.co\/colombia\/?p=107805"},"modified":"2017-07-28T14:59:53","modified_gmt":"2017-07-28T19:59:53","slug":"imputados-empresarios-extranjeros-y-colombianos-por-corrupcion-en-la-construccion-de-reficar","status":"publish","type":"post","link":"https:\/\/www.fiscalia.gov.co\/colombia\/lucha-contra-corrupcion\/imputados-empresarios-extranjeros-y-colombianos-por-corrupcion-en-la-construccion-de-reficar\/","title":{"rendered":"Imputados empresarios extranjeros y colombianos por corrupci\u00f3n en la construcci\u00f3n de Reficar"},"content":{"rendered":"<p>Ante el Juzgado 16 Penal Municipal de Bogot\u00e1, con funci\u00f3n de garant\u00edas, la Fiscal\u00eda General de la Naci\u00f3n, le imput\u00f3 cargos relacionados con actos de corrupci\u00f3n a empresarios de la firma (CB&amp;I) y de la Refiner\u00eda de Cartagena (Reficar), por las irregularidades que se habr\u00edan presentado en la modernizaci\u00f3n de\u00a0 la infraestructura de Reficar y que ocasionaron sobrecostos por un valor superior a los $610.140 millones.<\/p>\n<p>En consecuencia, deber\u00e1n responder penalmente los se\u00f1ores Philip Kent Asherman, representante legal CB&amp;I, por el delito de inter\u00e9s indebido en la celebraci\u00f3n de contratos en calidad de interviniente, como beneficiario de la contrataci\u00f3n en el a\u00f1o 2010.<\/p>\n<p>A su turno, Massoud Deudehban, director de Proyectos y representante legal CB&amp;I 2009, fue imputado por peculado por apropiaci\u00f3n y enriquecimiento il\u00edcito a favor de particulares.<\/p>\n<p>De otro lado, fueron imputados el expresidente de Reficar S.A. Orlando Jos\u00e9 Cabrales y el miembro de la junta directiva Pedro Alfonso Rosales Navarro,\u00a0 por el delito de inter\u00e9s indebido en la celebraci\u00f3n de contratos.<\/p>\n<p>La Fiscal\u00eda Anticorrupci\u00f3n le imput\u00f3 al presidente de Reficar 2012- 2016, Reinoso Y\u00e1\u00f1ez, los delitos de peculado por apropiaci\u00f3n a favor de terceros y varios concursos de falsedades ideol\u00f3gicas en documento p\u00fablico, por los estados financieros entregados y formados en los a\u00f1os 2013 al 2015.<\/p>\n<p>De la misma manera, el vicepresidente jur\u00eddico, Felipe Arturo Laverde Concha, responder\u00e1 penalmente por los delitos de inter\u00e9s indebido en la celebraci\u00f3n de contratos, peculado por apropiaci\u00f3n en favor de terceros e enriquecimiento il\u00edcito a favor de terceros<\/p>\n<p>Tambi\u00e9n, fue judicializado el revisor fiscal entre 2013 y 2015, Carlos Alberto Lloreda, por incurrir presuntamente en un concurso de falsedades ideol\u00f3gicas en documento p\u00fablico y complicidad en peculado por apropiaci\u00f3n a favor de terceros.<\/p>\n<p>Los empresarios est\u00e1n vinculados a la investigaci\u00f3n por la suscripci\u00f3n de dos contratos, acuerdos y enmiendas con la firma CB&amp;I, supuestamente, sin el cumplimiento de los requisitos legales de contrataci\u00f3n administrativa y estatal, en hechos ocurridos desde el 20 de enero de 2009 hasta diciembre de 2010.<\/p>\n<p>\u201cExisti\u00f3 el direccionamiento de la contrataci\u00f3n para beneficiar a CB&amp;I, violando el r\u00e9gimen de contrataci\u00f3n aplicable para la \u00e9poca, no obstante de entidad p\u00fablica con recursos de los colombianos\u201d, agreg\u00f3 el delegado de la Fiscal\u00eda General.<\/p>\n<p>Resalt\u00f3 que para la fecha de estas nuevas contrataciones, es decir julio de 2010, Reficar ya contaba con capital 100 % p\u00fablico con la salida de Glencore en el 2009.<\/p>\n<p>\u201cTodas estas personas beneficiaron a la firma CB&amp;I liber\u00e1ndola de las obligaciones contra\u00eddas en un contrato suscrito en noviembre de 2007, es decir, en representaci\u00f3n ilegal de los intereses de los empresarios Deudehban y Ashermanse\u201d, sostuvo fiscal del caso.<\/p>\n<p>Es decir, los se\u00f1ores Cabrales, Laverde Concha y Rosales Navarro, no verificaron el cumplimiento de las obligaciones pactadas en el contrato EPC de 2007, toda vez\u00a0 que\u00a0 no lo liquidaron como debi\u00f3 ser de acuerdo con la ley de contrataci\u00f3n estatal, seg\u00fan evidencia la investigaci\u00f3n.<\/p>\n<p>Advirti\u00f3 el delegado de la Fiscal\u00eda que el objeto era el de dise\u00f1ar, proveer la ingenier\u00eda, fabricar, entregar un sitio, una planta, erigir los trabajos, lograr la terminaci\u00f3n mec\u00e1nica para adelantar las pruebas de cumplimiento y suministrar toda la mano de obra y la supervisi\u00f3n de la misma, entre otras actividades.<\/p>\n<p>\u201cEstas personas deb\u00edan velar por la seguridad de la inversi\u00f3n y el capital p\u00fablico porque el desfalco super\u00f3 los $610.000 millones en sobrecostos\u201d, agreg\u00f3.<\/p>\n<p>&nbsp;<\/p>\n<p><strong><span style=\"text-decoration: underline;\">La necesidad de la modernizaci\u00f3n de Reficar<\/span><\/strong><\/p>\n<p>El inter\u00e9s del gobierno nacional de incentivar las inversiones extranjeras para atraer el capital privado y la necesidad inaplazable de la modernizaci\u00f3n de la refiner\u00eda tras las nuevas exigencias del mercado de comercializaci\u00f3n de productos refinados, fueron los soportes fundamentales para desarrollar el proyecto.<\/p>\n<p>Igualmente, la existencia de problemas de confiabilidad en el mercado y las exigencias acordes con los est\u00e1ndares internacionales de las instalaciones con el fin de aumentar la capacidad de refinaci\u00f3n de los crudos, y la integraci\u00f3n de la cadena petroqu\u00edmica.<\/p>\n<p>De acuerdo con el fiscal del caso, con este prop\u00f3sito, se determin\u00f3 el car\u00e1cter estrat\u00e9gico con el objetivo de modernizar la refiner\u00eda mediante la inclusi\u00f3n en el plan de desarrollo 2003 &#8211; 2006 y la necesidad de contribuir a la balanza comercial del pa\u00eds.<\/p>\n<p>En consecuencia se dispuso del soporte normativo implementado en la Ley 812 de 2003, que determinaba la mayor participaci\u00f3n de capital privado posible y la financiaci\u00f3n parcial proveniente de la enajenaci\u00f3n de inversiones no estrategias de Ecopetrol.<\/p>\n<p>Entretanto, se desarroll\u00f3 la resoluci\u00f3n 3312 de 2004 del Consejo Nacional de Pol\u00edtica Econ\u00f3mica y Social (Conpes), la cual determin\u00f3 la importancia estrat\u00e9gica de la alianza con un socio\u00a0 para el desarrollo de la modalidad contractual \u201cllave en mano\u201d, que pretend\u00eda evitar los sobrecostos.<\/p>\n<p>Del mismo modo, la resoluci\u00f3n Conpes 3336 de 2005 con el fin de gobernar la actuaci\u00f3n de los funcionarios y empresarios involucrados en este proyecto.<\/p>\n<p>Seg\u00fan la imputaci\u00f3n de cargos, en el a\u00f1o 2006 despu\u00e9s de un proceso de selecci\u00f3n,\u00a0 la sociedad Glencore adquiri\u00f3 el 51 % de las acciones de Refiner\u00eda de Cartagena (Reficar), mientras que la empresa colombiana Ecopetrol qued\u00f3 con el\u00a0 49 %.<\/p>\n<p>Agreg\u00f3 el fiscal que esta transacci\u00f3n tuvo un valor de 630.7 millones de d\u00f3lares.<\/p>\n<p>En las pr\u00f3ximas horas, la Fiscal\u00eda pedir\u00e1 al juez la medida de aseguramiento en un centro carcelario para los procesados, por la gravedad de los delitos y la afectaci\u00f3n a la econom\u00eda colombiana.<\/p>\n<p>Por su parte, los empresarios decidir\u00e1n mediante sus apoderados, en audiencia p\u00fablica desde Washington (Estados Unidos), si aceptan o no los cargos imputados por la Fiscal\u00eda General de la Naci\u00f3n.<\/p>\n<p>&nbsp;<\/p>\n<p>&nbsp;<\/p>\n<p>CMRM\/DLBM<\/p>\n<p>&nbsp;<\/p>\n\n<div class=\"twitter-share\"><a href=\"https:\/\/twitter.com\/intent\/tweet?via=fiscaliacol\" class=\"twitter-share-button\">Tweet<\/a><\/div>\n","protected":false},"excerpt":{"rendered":"<p>Ante el Juzgado 16 Penal Municipal de Bogot\u00e1, con funci\u00f3n de garant\u00edas, la Fiscal\u00eda General de la Naci\u00f3n, le imput\u00f3 cargos relacionados con actos de corrupci\u00f3n a empresarios de la firma (CB&amp;I) y de la Refiner\u00eda de Cartagena (Reficar), por las irregularidades que se habr\u00edan presentado en la modernizaci\u00f3n de\u00a0 la infraestructura de Reficar y [&hellip;]<\/p>\n","protected":false},"author":143,"featured_media":0,"comment_status":"closed","ping_status":"open","sticky":false,"template":"","format":"standard","meta":{"tdm_status":"","tdm_grid_status":"","footnotes":""},"categories":[24107],"tags":[],"class_list":{"0":"post-107805","1":"post","2":"type-post","3":"status-publish","4":"format-standard","6":"category-lucha-contra-corrupcion"},"yoast_head":"<!-- This site is optimized with the Yoast SEO plugin v24.3 - https:\/\/yoast.com\/wordpress\/plugins\/seo\/ -->\n<title>Fiscal\u00eda General de la Naci\u00f3n<\/title>\n<meta name=\"description\" content=\"P\u00e1gina oficial de la Fiscal\u00eda General de la Naci\u00f3n \u2013 Colombia. Garantizamos el acceso efectivo a la justicia, la verdad y la reparaci\u00f3n de las v\u00edctimas de los delitos.\" \/>\n<meta name=\"robots\" content=\"noindex, follow\" \/>\n<meta property=\"og:locale\" content=\"es_ES\" \/>\n<meta property=\"og:type\" content=\"article\" \/>\n<meta property=\"og:title\" content=\"Fiscal\u00eda General de la Naci\u00f3n\" \/>\n<meta property=\"og:description\" content=\"P\u00e1gina oficial de la Fiscal\u00eda General de la Naci\u00f3n \u2013 Colombia. Garantizamos el acceso efectivo a la justicia, la verdad y la reparaci\u00f3n de las v\u00edctimas de los delitos.\" \/>\n<meta property=\"og:url\" content=\"https:\/\/www.fiscalia.gov.co\/colombia\/lucha-contra-corrupcion\/imputados-empresarios-extranjeros-y-colombianos-por-corrupcion-en-la-construccion-de-reficar\/\" \/>\n<meta property=\"og:site_name\" content=\"Fiscal\u00eda General de la Naci\u00f3n\" \/>\n<meta property=\"article:publisher\" content=\"https:\/\/www.facebook.com\/FiscaliaCol\" \/>\n<meta property=\"article:published_time\" content=\"2017-07-26T23:13:03+00:00\" \/>\n<meta property=\"article:modified_time\" content=\"2017-07-28T19:59:53+00:00\" \/>\n<meta name=\"author\" content=\"dfgordillo\" \/>\n<meta name=\"twitter:card\" content=\"summary_large_image\" \/>\n<meta name=\"twitter:creator\" content=\"@FiscaliaCol\" \/>\n<meta name=\"twitter:site\" content=\"@FiscaliaCol\" \/>\n<meta name=\"twitter:label1\" content=\"Escrito por\" \/>\n\t<meta name=\"twitter:data1\" content=\"dfgordillo\" \/>\n\t<meta name=\"twitter:label2\" content=\"Tiempo de lectura\" \/>\n\t<meta name=\"twitter:data2\" content=\"5 minutos\" \/>\n<script type=\"application\/ld+json\" class=\"yoast-schema-graph\">{\"@context\":\"https:\/\/schema.org\",\"@graph\":[{\"@type\":\"Article\",\"@id\":\"https:\/\/www.fiscalia.gov.co\/colombia\/lucha-contra-corrupcion\/imputados-empresarios-extranjeros-y-colombianos-por-corrupcion-en-la-construccion-de-reficar\/#article\",\"isPartOf\":{\"@id\":\"https:\/\/www.fiscalia.gov.co\/colombia\/lucha-contra-corrupcion\/imputados-empresarios-extranjeros-y-colombianos-por-corrupcion-en-la-construccion-de-reficar\/\"},\"author\":{\"name\":\"dfgordillo\",\"@id\":\"https:\/\/www.fiscalia.gov.co\/colombia\/#\/schema\/person\/3903856a3ce2d54b094c69eb29247895\"},\"headline\":\"Imputados empresarios extranjeros y colombianos por corrupci\u00f3n en la construcci\u00f3n de Reficar\",\"datePublished\":\"2017-07-26T23:13:03+00:00\",\"dateModified\":\"2017-07-28T19:59:53+00:00\",\"mainEntityOfPage\":{\"@id\":\"https:\/\/www.fiscalia.gov.co\/colombia\/lucha-contra-corrupcion\/imputados-empresarios-extranjeros-y-colombianos-por-corrupcion-en-la-construccion-de-reficar\/\"},\"wordCount\":1014,\"publisher\":{\"@id\":\"https:\/\/www.fiscalia.gov.co\/colombia\/#organization\"},\"articleSection\":[\"Corrupci\u00f3n\"],\"inLanguage\":\"es-CO\"},{\"@type\":\"WebPage\",\"@id\":\"https:\/\/www.fiscalia.gov.co\/colombia\/lucha-contra-corrupcion\/imputados-empresarios-extranjeros-y-colombianos-por-corrupcion-en-la-construccion-de-reficar\/\",\"url\":\"https:\/\/www.fiscalia.gov.co\/colombia\/lucha-contra-corrupcion\/imputados-empresarios-extranjeros-y-colombianos-por-corrupcion-en-la-construccion-de-reficar\/\",\"name\":\"Fiscal\u00eda General de la Naci\u00f3n\",\"isPartOf\":{\"@id\":\"https:\/\/www.fiscalia.gov.co\/colombia\/#website\"},\"datePublished\":\"2017-07-26T23:13:03+00:00\",\"dateModified\":\"2017-07-28T19:59:53+00:00\",\"description\":\"P\u00e1gina oficial de la Fiscal\u00eda General de la Naci\u00f3n \u2013 Colombia. Garantizamos el acceso efectivo a la justicia, la verdad y la reparaci\u00f3n de las v\u00edctimas de los delitos.\",\"breadcrumb\":{\"@id\":\"https:\/\/www.fiscalia.gov.co\/colombia\/lucha-contra-corrupcion\/imputados-empresarios-extranjeros-y-colombianos-por-corrupcion-en-la-construccion-de-reficar\/#breadcrumb\"},\"inLanguage\":\"es-CO\",\"potentialAction\":[{\"@type\":\"ReadAction\",\"target\":[\"https:\/\/www.fiscalia.gov.co\/colombia\/lucha-contra-corrupcion\/imputados-empresarios-extranjeros-y-colombianos-por-corrupcion-en-la-construccion-de-reficar\/\"]}]},{\"@type\":\"BreadcrumbList\",\"@id\":\"https:\/\/www.fiscalia.gov.co\/colombia\/lucha-contra-corrupcion\/imputados-empresarios-extranjeros-y-colombianos-por-corrupcion-en-la-construccion-de-reficar\/#breadcrumb\",\"itemListElement\":[{\"@type\":\"ListItem\",\"position\":1,\"name\":\"Home\",\"item\":\"https:\/\/www.fiscalia.gov.co\/colombia\/\"},{\"@type\":\"ListItem\",\"position\":2,\"name\":\"Imputados empresarios extranjeros y colombianos por corrupci\u00f3n en la construcci\u00f3n de Reficar\"}]},{\"@type\":\"WebSite\",\"@id\":\"https:\/\/www.fiscalia.gov.co\/colombia\/#website\",\"url\":\"https:\/\/www.fiscalia.gov.co\/colombia\/\",\"name\":\"Fiscal\u00eda General de la Naci\u00f3n\",\"description\":\"P\u00e1gina oficial de la Fiscal\u00eda General de la Naci\u00f3n \u2013 Colombia. Garantizamos el acceso efectivo a la justicia, la verdad y la reparaci\u00f3n de las v\u00edctimas de los delitos.\",\"publisher\":{\"@id\":\"https:\/\/www.fiscalia.gov.co\/colombia\/#organization\"},\"potentialAction\":[{\"@type\":\"SearchAction\",\"target\":{\"@type\":\"EntryPoint\",\"urlTemplate\":\"https:\/\/www.fiscalia.gov.co\/colombia\/?s={search_term_string}\"},\"query-input\":{\"@type\":\"PropertyValueSpecification\",\"valueRequired\":true,\"valueName\":\"search_term_string\"}}],\"inLanguage\":\"es-CO\"},{\"@type\":\"Organization\",\"@id\":\"https:\/\/www.fiscalia.gov.co\/colombia\/#organization\",\"name\":\"Fiscal\u00eda General de la Naci\u00f3n\",\"url\":\"https:\/\/www.fiscalia.gov.co\/colombia\/\",\"logo\":{\"@type\":\"ImageObject\",\"inLanguage\":\"es-CO\",\"@id\":\"https:\/\/www.fiscalia.gov.co\/colombia\/#\/schema\/logo\/image\/\",\"url\":\"https:\/\/www.fiscalia.gov.co\/colombia\/wp-content\/uploads\/LogoHorizontal_1.jpg\",\"contentUrl\":\"https:\/\/www.fiscalia.gov.co\/colombia\/wp-content\/uploads\/LogoHorizontal_1.jpg\",\"width\":300,\"height\":90,\"caption\":\"Fiscal\u00eda General de la Naci\u00f3n\"},\"image\":{\"@id\":\"https:\/\/www.fiscalia.gov.co\/colombia\/#\/schema\/logo\/image\/\"},\"sameAs\":[\"https:\/\/www.facebook.com\/FiscaliaCol\",\"https:\/\/x.com\/FiscaliaCol\",\"https:\/\/www.instagram.com\/fiscaliacol\",\"https:\/\/www.linkedin.com\/company\/fiscalia-general-de-la-naci-n\/\",\"https:\/\/youtube.com\/@fiscaliageneraldelanacion-4668?si=6nN79nyQICPU5iTh\"]},{\"@type\":\"Person\",\"@id\":\"https:\/\/www.fiscalia.gov.co\/colombia\/#\/schema\/person\/3903856a3ce2d54b094c69eb29247895\",\"name\":\"dfgordillo\",\"image\":{\"@type\":\"ImageObject\",\"inLanguage\":\"es-CO\",\"@id\":\"https:\/\/www.fiscalia.gov.co\/colombia\/#\/schema\/person\/image\/\",\"url\":\"https:\/\/secure.gravatar.com\/avatar\/b6356e21c5657c60757fe6fb9493e947?s=96&d=mm&r=g\",\"contentUrl\":\"https:\/\/secure.gravatar.com\/avatar\/b6356e21c5657c60757fe6fb9493e947?s=96&d=mm&r=g\",\"caption\":\"dfgordillo\"},\"sameAs\":[\"dfgordillo\"],\"url\":\"https:\/\/www.fiscalia.gov.co\/colombia\/author\/dfgordillo\/\"}]}<\/script>\n<!-- \/ Yoast SEO plugin. -->","yoast_head_json":{"title":"Fiscal\u00eda General de la Naci\u00f3n","description":"P\u00e1gina oficial de la Fiscal\u00eda General de la Naci\u00f3n \u2013 Colombia. Garantizamos el acceso efectivo a la justicia, la verdad y la reparaci\u00f3n de las v\u00edctimas de los delitos.","robots":{"index":"noindex","follow":"follow"},"og_locale":"es_ES","og_type":"article","og_title":"Fiscal\u00eda General de la Naci\u00f3n","og_description":"P\u00e1gina oficial de la Fiscal\u00eda General de la Naci\u00f3n \u2013 Colombia. Garantizamos el acceso efectivo a la justicia, la verdad y la reparaci\u00f3n de las v\u00edctimas de los delitos.","og_url":"https:\/\/www.fiscalia.gov.co\/colombia\/lucha-contra-corrupcion\/imputados-empresarios-extranjeros-y-colombianos-por-corrupcion-en-la-construccion-de-reficar\/","og_site_name":"Fiscal\u00eda General de la Naci\u00f3n","article_publisher":"https:\/\/www.facebook.com\/FiscaliaCol","article_published_time":"2017-07-26T23:13:03+00:00","article_modified_time":"2017-07-28T19:59:53+00:00","author":"dfgordillo","twitter_card":"summary_large_image","twitter_creator":"@FiscaliaCol","twitter_site":"@FiscaliaCol","twitter_misc":{"Escrito por":"dfgordillo","Tiempo de lectura":"5 minutos"},"schema":{"@context":"https:\/\/schema.org","@graph":[{"@type":"Article","@id":"https:\/\/www.fiscalia.gov.co\/colombia\/lucha-contra-corrupcion\/imputados-empresarios-extranjeros-y-colombianos-por-corrupcion-en-la-construccion-de-reficar\/#article","isPartOf":{"@id":"https:\/\/www.fiscalia.gov.co\/colombia\/lucha-contra-corrupcion\/imputados-empresarios-extranjeros-y-colombianos-por-corrupcion-en-la-construccion-de-reficar\/"},"author":{"name":"dfgordillo","@id":"https:\/\/www.fiscalia.gov.co\/colombia\/#\/schema\/person\/3903856a3ce2d54b094c69eb29247895"},"headline":"Imputados empresarios extranjeros y colombianos por corrupci\u00f3n en la construcci\u00f3n de Reficar","datePublished":"2017-07-26T23:13:03+00:00","dateModified":"2017-07-28T19:59:53+00:00","mainEntityOfPage":{"@id":"https:\/\/www.fiscalia.gov.co\/colombia\/lucha-contra-corrupcion\/imputados-empresarios-extranjeros-y-colombianos-por-corrupcion-en-la-construccion-de-reficar\/"},"wordCount":1014,"publisher":{"@id":"https:\/\/www.fiscalia.gov.co\/colombia\/#organization"},"articleSection":["Corrupci\u00f3n"],"inLanguage":"es-CO"},{"@type":"WebPage","@id":"https:\/\/www.fiscalia.gov.co\/colombia\/lucha-contra-corrupcion\/imputados-empresarios-extranjeros-y-colombianos-por-corrupcion-en-la-construccion-de-reficar\/","url":"https:\/\/www.fiscalia.gov.co\/colombia\/lucha-contra-corrupcion\/imputados-empresarios-extranjeros-y-colombianos-por-corrupcion-en-la-construccion-de-reficar\/","name":"Fiscal\u00eda General de la Naci\u00f3n","isPartOf":{"@id":"https:\/\/www.fiscalia.gov.co\/colombia\/#website"},"datePublished":"2017-07-26T23:13:03+00:00","dateModified":"2017-07-28T19:59:53+00:00","description":"P\u00e1gina oficial de la Fiscal\u00eda General de la Naci\u00f3n \u2013 Colombia. Garantizamos el acceso efectivo a la justicia, la verdad y la reparaci\u00f3n de las v\u00edctimas de los delitos.","breadcrumb":{"@id":"https:\/\/www.fiscalia.gov.co\/colombia\/lucha-contra-corrupcion\/imputados-empresarios-extranjeros-y-colombianos-por-corrupcion-en-la-construccion-de-reficar\/#breadcrumb"},"inLanguage":"es-CO","potentialAction":[{"@type":"ReadAction","target":["https:\/\/www.fiscalia.gov.co\/colombia\/lucha-contra-corrupcion\/imputados-empresarios-extranjeros-y-colombianos-por-corrupcion-en-la-construccion-de-reficar\/"]}]},{"@type":"BreadcrumbList","@id":"https:\/\/www.fiscalia.gov.co\/colombia\/lucha-contra-corrupcion\/imputados-empresarios-extranjeros-y-colombianos-por-corrupcion-en-la-construccion-de-reficar\/#breadcrumb","itemListElement":[{"@type":"ListItem","position":1,"name":"Home","item":"https:\/\/www.fiscalia.gov.co\/colombia\/"},{"@type":"ListItem","position":2,"name":"Imputados empresarios extranjeros y colombianos por corrupci\u00f3n en la construcci\u00f3n de Reficar"}]},{"@type":"WebSite","@id":"https:\/\/www.fiscalia.gov.co\/colombia\/#website","url":"https:\/\/www.fiscalia.gov.co\/colombia\/","name":"Fiscal\u00eda General de la Naci\u00f3n","description":"P\u00e1gina oficial de la Fiscal\u00eda General de la Naci\u00f3n \u2013 Colombia. Garantizamos el acceso efectivo a la justicia, la verdad y la reparaci\u00f3n de las v\u00edctimas de los delitos.","publisher":{"@id":"https:\/\/www.fiscalia.gov.co\/colombia\/#organization"},"potentialAction":[{"@type":"SearchAction","target":{"@type":"EntryPoint","urlTemplate":"https:\/\/www.fiscalia.gov.co\/colombia\/?s={search_term_string}"},"query-input":{"@type":"PropertyValueSpecification","valueRequired":true,"valueName":"search_term_string"}}],"inLanguage":"es-CO"},{"@type":"Organization","@id":"https:\/\/www.fiscalia.gov.co\/colombia\/#organization","name":"Fiscal\u00eda General de la Naci\u00f3n","url":"https:\/\/www.fiscalia.gov.co\/colombia\/","logo":{"@type":"ImageObject","inLanguage":"es-CO","@id":"https:\/\/www.fiscalia.gov.co\/colombia\/#\/schema\/logo\/image\/","url":"https:\/\/www.fiscalia.gov.co\/colombia\/wp-content\/uploads\/LogoHorizontal_1.jpg","contentUrl":"https:\/\/www.fiscalia.gov.co\/colombia\/wp-content\/uploads\/LogoHorizontal_1.jpg","width":300,"height":90,"caption":"Fiscal\u00eda General de la Naci\u00f3n"},"image":{"@id":"https:\/\/www.fiscalia.gov.co\/colombia\/#\/schema\/logo\/image\/"},"sameAs":["https:\/\/www.facebook.com\/FiscaliaCol","https:\/\/x.com\/FiscaliaCol","https:\/\/www.instagram.com\/fiscaliacol","https:\/\/www.linkedin.com\/company\/fiscalia-general-de-la-naci-n\/","https:\/\/youtube.com\/@fiscaliageneraldelanacion-4668?si=6nN79nyQICPU5iTh"]},{"@type":"Person","@id":"https:\/\/www.fiscalia.gov.co\/colombia\/#\/schema\/person\/3903856a3ce2d54b094c69eb29247895","name":"dfgordillo","image":{"@type":"ImageObject","inLanguage":"es-CO","@id":"https:\/\/www.fiscalia.gov.co\/colombia\/#\/schema\/person\/image\/","url":"https:\/\/secure.gravatar.com\/avatar\/b6356e21c5657c60757fe6fb9493e947?s=96&d=mm&r=g","contentUrl":"https:\/\/secure.gravatar.com\/avatar\/b6356e21c5657c60757fe6fb9493e947?s=96&d=mm&r=g","caption":"dfgordillo"},"sameAs":["dfgordillo"],"url":"https:\/\/www.fiscalia.gov.co\/colombia\/author\/dfgordillo\/"}]}},"_links":{"self":[{"href":"https:\/\/www.fiscalia.gov.co\/colombia\/wp-json\/wp\/v2\/posts\/107805","targetHints":{"allow":["GET"]}}],"collection":[{"href":"https:\/\/www.fiscalia.gov.co\/colombia\/wp-json\/wp\/v2\/posts"}],"about":[{"href":"https:\/\/www.fiscalia.gov.co\/colombia\/wp-json\/wp\/v2\/types\/post"}],"author":[{"embeddable":true,"href":"https:\/\/www.fiscalia.gov.co\/colombia\/wp-json\/wp\/v2\/users\/143"}],"replies":[{"embeddable":true,"href":"https:\/\/www.fiscalia.gov.co\/colombia\/wp-json\/wp\/v2\/comments?post=107805"}],"version-history":[{"count":1,"href":"https:\/\/www.fiscalia.gov.co\/colombia\/wp-json\/wp\/v2\/posts\/107805\/revisions"}],"predecessor-version":[{"id":107806,"href":"https:\/\/www.fiscalia.gov.co\/colombia\/wp-json\/wp\/v2\/posts\/107805\/revisions\/107806"}],"wp:attachment":[{"href":"https:\/\/www.fiscalia.gov.co\/colombia\/wp-json\/wp\/v2\/media?parent=107805"}],"wp:term":[{"taxonomy":"category","embeddable":true,"href":"https:\/\/www.fiscalia.gov.co\/colombia\/wp-json\/wp\/v2\/categories?post=107805"},{"taxonomy":"post_tag","embeddable":true,"href":"https:\/\/www.fiscalia.gov.co\/colombia\/wp-json\/wp\/v2\/tags?post=107805"}],"curies":[{"name":"wp","href":"https:\/\/api.w.org\/{rel}","templated":true}]}}