{"id":106307,"date":"2017-06-22T18:48:36","date_gmt":"2017-06-22T23:48:36","guid":{"rendered":"http:\/\/www.fiscalia.gov.co\/colombia\/?p=106307"},"modified":"2017-06-27T09:26:27","modified_gmt":"2017-06-27T14:26:27","slug":"imputado-mayor-del-ejercito-por-8-homicidios-presentados-como-bajas-en-combate","status":"publish","type":"post","link":"https:\/\/www.fiscalia.gov.co\/colombia\/noticias\/imputado-mayor-del-ejercito-por-8-homicidios-presentados-como-bajas-en-combate\/","title":{"rendered":"Imputado mayor del Ej\u00e9rcito por 8 homicidios presentados como bajas en combate"},"content":{"rendered":"<p>Ante el Juzgado Segundo Penal Municipal de Bogot\u00e1, con funci\u00f3n de control de garant\u00edas, la Fiscal\u00eda General de la Naci\u00f3n imput\u00f3 los delitos de homicidio en persona protegida en concurso heterog\u00e9neo con\u00a0 concierto para delinquir en contra del mayor \u00c1lvaro Alfredo Gamba Quiroga.<\/p>\n<p>En la audiencia, la fiscal del caso adscrita a la Direcci\u00f3n Nacional de Derechos Humanos y DIH sostuvo que el mayor Gamba Quiroga supuestamente intervino y plane\u00f3 en varios eventos, la muerte de ciudadanos para hacerlos pasar como combates exitosos en contra grupos armados ilegales.<\/p>\n<p>La Fiscal\u00eda tiene en su poder pruebas en las que aparece involucrado el uniformado en la muerte a dos personas el 10 de marzo de 2008 en el municipio de Heliconia (Antioquia), en donde una de las v\u00edctimas result\u00f3 ser un militar retirado de la Armada Nacional.<\/p>\n<p>Entretanto, uno de los testigos indic\u00f3 que el alto oficial se inventaba registros y controles militares en el sitio llamado El Chuscal, cerca de Medell\u00edn (Antioquia), porque al parecer ten\u00edan laboratorios y por eso se iba hacer un operativo. Luego vieron a un soldado con dos cuerpos sin vida de supuestos muertos en combate.<\/p>\n<p>\u201cYa hab\u00edamos tenido varios problemas con \u00e9l porque no quer\u00edamos dar m\u00e1s bajas pero nos oblig\u00f3 porque era una orden\u201d, recalc\u00f3 el testigo, un soldado retirado.<\/p>\n<p>Asimismo el 21 enero 2007 en Yarumal (Antioquia) \u201cdijimos que ese se\u00f1or estaba relacionado con laboratorios de coca pero eso no era cierto, la muerte se la dejamos a un soldado Harvey Lugo porque \u00e9l dec\u00eda que no quer\u00eda matar gente de esa manera\u201d, se\u00f1al\u00f3 de nuevo el testigo.<\/p>\n<p>En otro de los eventos mencionados por el fiscal, ocurrido el 27 de abril de 2007,\u00a0 se denunci\u00f3 la muerte de dos personas en la vereda Manga Arriba en la poblaci\u00f3n de Girardota (Antioquia).<\/p>\n<p>\u201cEl testigo dijo que los llevaron a una misi\u00f3n para evitar un secuestro de un se\u00f1or. Que all\u00ed vieron a unas personas armadas y que escucharon un intercambio de disparos, luego le dijeron a los soldados que dispararan al aire, luego vimos varias personas muertas como si nosotros las hubi\u00e9ramos matado\u201d, agreg\u00f3 el fiscal al relatar los hechos.<\/p>\n<p>Por otra parte, el 9 abril 2007, en San Pedro de los Milagros (Antioquia) fueron asesinadas dos personas, entre ellas un ganadero muy conocido en la regi\u00f3n.<\/p>\n<p>\u201cLlegamos a una escuelita y vimos a varias personas armadas vestidas como civiles, otras que se bajaron de un taxi y se fueron caminando a verificar una informaci\u00f3n, luego volvieron todos menos dos de ellos, lo que nos dio la impresi\u00f3n que fueron dadas de baja\u201d, relat\u00f3 el fiscal al revelar la declaraci\u00f3n bajo juramento del testigo de cargo.<\/p>\n<p>Agreg\u00f3 que el declarante manifest\u00f3 \u201cpor este caso, ante la justicia penal militar declaramos mentiras porque todo fue acomodado por el soldado Ospina, pero aqu\u00ed estamos diciendo lo que pas\u00f3 de verdad, eso no fue ning\u00fan combate\u201d.<\/p>\n<p>De acuerdo con el fiscal, entre las v\u00edctimas mortales se encuentran Jeison Alfonso Acosta Guti\u00e9rrez, Juli\u00e1n Dar\u00edo Villa Rua, Deiner Alberto Cadavid Rua, Juan Andr\u00e9s Quesada Palomeque, Hag\u00fci Parra Renter\u00eda, V\u00edctor Le\u00f3n Betancourt Pe\u00f1a, Jeison Andr\u00e9s Torres Bland\u00f3n, Luis Armando Ospina Dur\u00e1n, Salvador Londo\u00f1o Cano, Josu\u00e9 Quinto Brand y Henry Gallego Serna.<\/p>\n<p>El alto oficial, de ser hallado culpable, se expone a una pena de entre 30 y 40 a\u00f1os de prisi\u00f3n y al pago de una multa cercana a los 2 mil salarios m\u00ednimos legales mensuales vigentes (smlmv).<\/p>\n<p>&nbsp;<\/p>\n<p>&nbsp;<\/p>\n<p>CMRM\/DLBM<\/p>\n\n<div class=\"twitter-share\"><a href=\"https:\/\/twitter.com\/intent\/tweet?via=fiscaliacol\" class=\"twitter-share-button\">Tweet<\/a><\/div>\n","protected":false},"excerpt":{"rendered":"<p>Ante el Juzgado Segundo Penal Municipal de Bogot\u00e1, con funci\u00f3n de control de garant\u00edas, la Fiscal\u00eda General de la Naci\u00f3n imput\u00f3 los delitos de homicidio en persona protegida en concurso heterog\u00e9neo con\u00a0 concierto para delinquir en contra del mayor \u00c1lvaro Alfredo Gamba Quiroga. En la audiencia, la fiscal del caso adscrita a la Direcci\u00f3n Nacional [&hellip;]<\/p>\n","protected":false},"author":143,"featured_media":0,"comment_status":"closed","ping_status":"open","sticky":false,"template":"","format":"standard","meta":{"_price":"","_stock":"","_tribe_ticket_header":"","_tribe_default_ticket_provider":"","_tribe_ticket_capacity":"0","_ticket_start_date":"","_ticket_end_date":"","_tribe_ticket_show_description":"","_tribe_ticket_show_not_going":false,"_tribe_ticket_use_global_stock":"","_tribe_ticket_global_stock_level":"","_global_stock_mode":"","_global_stock_cap":"","_tribe_rsvp_for_event":"","_tribe_ticket_going_count":"","_tribe_ticket_not_going_count":"","_tribe_tickets_list":"[]","_tribe_ticket_has_attendee_info_fields":false,"tdm_status":"","tdm_grid_status":"","footnotes":""},"categories":[24102,1],"tags":[],"class_list":{"0":"post-106307","1":"post","2":"type-post","3":"status-publish","4":"format-standard","6":"category-derechos-humanos","7":"category-noticias"},"yoast_head":"<!-- This site is optimized with the Yoast SEO plugin v24.3 - https:\/\/yoast.com\/wordpress\/plugins\/seo\/ -->\n<title>Fiscal\u00eda General de la Naci\u00f3n<\/title>\n<meta name=\"description\" content=\"P\u00e1gina oficial de la Fiscal\u00eda General de la Naci\u00f3n \u2013 Colombia. Garantizamos el acceso efectivo a la justicia, la verdad y la reparaci\u00f3n de las v\u00edctimas de los delitos.\" \/>\n<meta name=\"robots\" content=\"noindex, follow\" \/>\n<meta property=\"og:locale\" content=\"es_ES\" \/>\n<meta property=\"og:type\" content=\"article\" \/>\n<meta property=\"og:title\" content=\"Fiscal\u00eda General de la Naci\u00f3n\" \/>\n<meta property=\"og:description\" content=\"P\u00e1gina oficial de la Fiscal\u00eda General de la Naci\u00f3n \u2013 Colombia. Garantizamos el acceso efectivo a la justicia, la verdad y la reparaci\u00f3n de las v\u00edctimas de los delitos.\" \/>\n<meta property=\"og:url\" content=\"https:\/\/www.fiscalia.gov.co\/colombia\/noticias\/imputado-mayor-del-ejercito-por-8-homicidios-presentados-como-bajas-en-combate\/\" \/>\n<meta property=\"og:site_name\" content=\"Fiscal\u00eda General de la Naci\u00f3n\" \/>\n<meta property=\"article:publisher\" content=\"https:\/\/www.facebook.com\/FiscaliaCol\" \/>\n<meta property=\"article:published_time\" content=\"2017-06-22T23:48:36+00:00\" \/>\n<meta property=\"article:modified_time\" content=\"2017-06-27T14:26:27+00:00\" \/>\n<meta name=\"author\" content=\"dfgordillo\" \/>\n<meta name=\"twitter:card\" content=\"summary_large_image\" \/>\n<meta name=\"twitter:creator\" content=\"@FiscaliaCol\" \/>\n<meta name=\"twitter:site\" content=\"@FiscaliaCol\" \/>\n<meta name=\"twitter:label1\" content=\"Escrito por\" \/>\n\t<meta name=\"twitter:data1\" content=\"dfgordillo\" \/>\n\t<meta name=\"twitter:label2\" content=\"Tiempo de lectura\" \/>\n\t<meta name=\"twitter:data2\" content=\"3 minutos\" \/>\n<script type=\"application\/ld+json\" class=\"yoast-schema-graph\">{\"@context\":\"https:\/\/schema.org\",\"@graph\":[{\"@type\":\"Article\",\"@id\":\"https:\/\/www.fiscalia.gov.co\/colombia\/noticias\/imputado-mayor-del-ejercito-por-8-homicidios-presentados-como-bajas-en-combate\/#article\",\"isPartOf\":{\"@id\":\"https:\/\/www.fiscalia.gov.co\/colombia\/noticias\/imputado-mayor-del-ejercito-por-8-homicidios-presentados-como-bajas-en-combate\/\"},\"author\":{\"name\":\"dfgordillo\",\"@id\":\"https:\/\/www.fiscalia.gov.co\/colombia\/#\/schema\/person\/3903856a3ce2d54b094c69eb29247895\"},\"headline\":\"Imputado mayor del Ej\u00e9rcito por 8 homicidios presentados como bajas en combate\",\"datePublished\":\"2017-06-22T23:48:36+00:00\",\"dateModified\":\"2017-06-27T14:26:27+00:00\",\"mainEntityOfPage\":{\"@id\":\"https:\/\/www.fiscalia.gov.co\/colombia\/noticias\/imputado-mayor-del-ejercito-por-8-homicidios-presentados-como-bajas-en-combate\/\"},\"wordCount\":616,\"publisher\":{\"@id\":\"https:\/\/www.fiscalia.gov.co\/colombia\/#organization\"},\"articleSection\":[\"Derechos Humanos\",\"Noticias\"],\"inLanguage\":\"es-CO\"},{\"@type\":\"WebPage\",\"@id\":\"https:\/\/www.fiscalia.gov.co\/colombia\/noticias\/imputado-mayor-del-ejercito-por-8-homicidios-presentados-como-bajas-en-combate\/\",\"url\":\"https:\/\/www.fiscalia.gov.co\/colombia\/noticias\/imputado-mayor-del-ejercito-por-8-homicidios-presentados-como-bajas-en-combate\/\",\"name\":\"Fiscal\u00eda General de la Naci\u00f3n\",\"isPartOf\":{\"@id\":\"https:\/\/www.fiscalia.gov.co\/colombia\/#website\"},\"datePublished\":\"2017-06-22T23:48:36+00:00\",\"dateModified\":\"2017-06-27T14:26:27+00:00\",\"description\":\"P\u00e1gina oficial de la Fiscal\u00eda General de la Naci\u00f3n \u2013 Colombia. Garantizamos el acceso efectivo a la justicia, la verdad y la reparaci\u00f3n de las v\u00edctimas de los delitos.\",\"breadcrumb\":{\"@id\":\"https:\/\/www.fiscalia.gov.co\/colombia\/noticias\/imputado-mayor-del-ejercito-por-8-homicidios-presentados-como-bajas-en-combate\/#breadcrumb\"},\"inLanguage\":\"es-CO\",\"potentialAction\":[{\"@type\":\"ReadAction\",\"target\":[\"https:\/\/www.fiscalia.gov.co\/colombia\/noticias\/imputado-mayor-del-ejercito-por-8-homicidios-presentados-como-bajas-en-combate\/\"]}]},{\"@type\":\"BreadcrumbList\",\"@id\":\"https:\/\/www.fiscalia.gov.co\/colombia\/noticias\/imputado-mayor-del-ejercito-por-8-homicidios-presentados-como-bajas-en-combate\/#breadcrumb\",\"itemListElement\":[{\"@type\":\"ListItem\",\"position\":1,\"name\":\"Home\",\"item\":\"https:\/\/www.fiscalia.gov.co\/colombia\/\"},{\"@type\":\"ListItem\",\"position\":2,\"name\":\"Imputado mayor del Ej\u00e9rcito por 8 homicidios presentados como bajas en combate\"}]},{\"@type\":\"WebSite\",\"@id\":\"https:\/\/www.fiscalia.gov.co\/colombia\/#website\",\"url\":\"https:\/\/www.fiscalia.gov.co\/colombia\/\",\"name\":\"Fiscal\u00eda General de la Naci\u00f3n\",\"description\":\"P\u00e1gina oficial de la Fiscal\u00eda General de la Naci\u00f3n \u2013 Colombia. Garantizamos el acceso efectivo a la justicia, la verdad y la reparaci\u00f3n de las v\u00edctimas de los delitos.\",\"publisher\":{\"@id\":\"https:\/\/www.fiscalia.gov.co\/colombia\/#organization\"},\"potentialAction\":[{\"@type\":\"SearchAction\",\"target\":{\"@type\":\"EntryPoint\",\"urlTemplate\":\"https:\/\/www.fiscalia.gov.co\/colombia\/?s={search_term_string}\"},\"query-input\":{\"@type\":\"PropertyValueSpecification\",\"valueRequired\":true,\"valueName\":\"search_term_string\"}}],\"inLanguage\":\"es-CO\"},{\"@type\":\"Organization\",\"@id\":\"https:\/\/www.fiscalia.gov.co\/colombia\/#organization\",\"name\":\"Fiscal\u00eda General de la Naci\u00f3n\",\"url\":\"https:\/\/www.fiscalia.gov.co\/colombia\/\",\"logo\":{\"@type\":\"ImageObject\",\"inLanguage\":\"es-CO\",\"@id\":\"https:\/\/www.fiscalia.gov.co\/colombia\/#\/schema\/logo\/image\/\",\"url\":\"https:\/\/www.fiscalia.gov.co\/colombia\/wp-content\/uploads\/LogoHorizontal_1.jpg\",\"contentUrl\":\"https:\/\/www.fiscalia.gov.co\/colombia\/wp-content\/uploads\/LogoHorizontal_1.jpg\",\"width\":300,\"height\":90,\"caption\":\"Fiscal\u00eda General de la Naci\u00f3n\"},\"image\":{\"@id\":\"https:\/\/www.fiscalia.gov.co\/colombia\/#\/schema\/logo\/image\/\"},\"sameAs\":[\"https:\/\/www.facebook.com\/FiscaliaCol\",\"https:\/\/x.com\/FiscaliaCol\",\"https:\/\/www.instagram.com\/fiscaliacol\",\"https:\/\/www.linkedin.com\/company\/fiscalia-general-de-la-naci-n\/\",\"https:\/\/youtube.com\/@fiscaliageneraldelanacion-4668?si=6nN79nyQICPU5iTh\"]},{\"@type\":\"Person\",\"@id\":\"https:\/\/www.fiscalia.gov.co\/colombia\/#\/schema\/person\/3903856a3ce2d54b094c69eb29247895\",\"name\":\"dfgordillo\",\"image\":{\"@type\":\"ImageObject\",\"inLanguage\":\"es-CO\",\"@id\":\"https:\/\/www.fiscalia.gov.co\/colombia\/#\/schema\/person\/image\/\",\"url\":\"https:\/\/secure.gravatar.com\/avatar\/b6356e21c5657c60757fe6fb9493e947?s=96&d=mm&r=g\",\"contentUrl\":\"https:\/\/secure.gravatar.com\/avatar\/b6356e21c5657c60757fe6fb9493e947?s=96&d=mm&r=g\",\"caption\":\"dfgordillo\"},\"sameAs\":[\"dfgordillo\"],\"url\":\"https:\/\/www.fiscalia.gov.co\/colombia\/author\/dfgordillo\/\"}]}<\/script>\n<!-- \/ Yoast SEO plugin. -->","yoast_head_json":{"title":"Fiscal\u00eda General de la Naci\u00f3n","description":"P\u00e1gina oficial de la Fiscal\u00eda General de la Naci\u00f3n \u2013 Colombia. Garantizamos el acceso efectivo a la justicia, la verdad y la reparaci\u00f3n de las v\u00edctimas de los delitos.","robots":{"index":"noindex","follow":"follow"},"og_locale":"es_ES","og_type":"article","og_title":"Fiscal\u00eda General de la Naci\u00f3n","og_description":"P\u00e1gina oficial de la Fiscal\u00eda General de la Naci\u00f3n \u2013 Colombia. Garantizamos el acceso efectivo a la justicia, la verdad y la reparaci\u00f3n de las v\u00edctimas de los delitos.","og_url":"https:\/\/www.fiscalia.gov.co\/colombia\/noticias\/imputado-mayor-del-ejercito-por-8-homicidios-presentados-como-bajas-en-combate\/","og_site_name":"Fiscal\u00eda General de la Naci\u00f3n","article_publisher":"https:\/\/www.facebook.com\/FiscaliaCol","article_published_time":"2017-06-22T23:48:36+00:00","article_modified_time":"2017-06-27T14:26:27+00:00","author":"dfgordillo","twitter_card":"summary_large_image","twitter_creator":"@FiscaliaCol","twitter_site":"@FiscaliaCol","twitter_misc":{"Escrito por":"dfgordillo","Tiempo de lectura":"3 minutos"},"schema":{"@context":"https:\/\/schema.org","@graph":[{"@type":"Article","@id":"https:\/\/www.fiscalia.gov.co\/colombia\/noticias\/imputado-mayor-del-ejercito-por-8-homicidios-presentados-como-bajas-en-combate\/#article","isPartOf":{"@id":"https:\/\/www.fiscalia.gov.co\/colombia\/noticias\/imputado-mayor-del-ejercito-por-8-homicidios-presentados-como-bajas-en-combate\/"},"author":{"name":"dfgordillo","@id":"https:\/\/www.fiscalia.gov.co\/colombia\/#\/schema\/person\/3903856a3ce2d54b094c69eb29247895"},"headline":"Imputado mayor del Ej\u00e9rcito por 8 homicidios presentados como bajas en combate","datePublished":"2017-06-22T23:48:36+00:00","dateModified":"2017-06-27T14:26:27+00:00","mainEntityOfPage":{"@id":"https:\/\/www.fiscalia.gov.co\/colombia\/noticias\/imputado-mayor-del-ejercito-por-8-homicidios-presentados-como-bajas-en-combate\/"},"wordCount":616,"publisher":{"@id":"https:\/\/www.fiscalia.gov.co\/colombia\/#organization"},"articleSection":["Derechos Humanos","Noticias"],"inLanguage":"es-CO"},{"@type":"WebPage","@id":"https:\/\/www.fiscalia.gov.co\/colombia\/noticias\/imputado-mayor-del-ejercito-por-8-homicidios-presentados-como-bajas-en-combate\/","url":"https:\/\/www.fiscalia.gov.co\/colombia\/noticias\/imputado-mayor-del-ejercito-por-8-homicidios-presentados-como-bajas-en-combate\/","name":"Fiscal\u00eda General de la Naci\u00f3n","isPartOf":{"@id":"https:\/\/www.fiscalia.gov.co\/colombia\/#website"},"datePublished":"2017-06-22T23:48:36+00:00","dateModified":"2017-06-27T14:26:27+00:00","description":"P\u00e1gina oficial de la Fiscal\u00eda General de la Naci\u00f3n \u2013 Colombia. Garantizamos el acceso efectivo a la justicia, la verdad y la reparaci\u00f3n de las v\u00edctimas de los delitos.","breadcrumb":{"@id":"https:\/\/www.fiscalia.gov.co\/colombia\/noticias\/imputado-mayor-del-ejercito-por-8-homicidios-presentados-como-bajas-en-combate\/#breadcrumb"},"inLanguage":"es-CO","potentialAction":[{"@type":"ReadAction","target":["https:\/\/www.fiscalia.gov.co\/colombia\/noticias\/imputado-mayor-del-ejercito-por-8-homicidios-presentados-como-bajas-en-combate\/"]}]},{"@type":"BreadcrumbList","@id":"https:\/\/www.fiscalia.gov.co\/colombia\/noticias\/imputado-mayor-del-ejercito-por-8-homicidios-presentados-como-bajas-en-combate\/#breadcrumb","itemListElement":[{"@type":"ListItem","position":1,"name":"Home","item":"https:\/\/www.fiscalia.gov.co\/colombia\/"},{"@type":"ListItem","position":2,"name":"Imputado mayor del Ej\u00e9rcito por 8 homicidios presentados como bajas en combate"}]},{"@type":"WebSite","@id":"https:\/\/www.fiscalia.gov.co\/colombia\/#website","url":"https:\/\/www.fiscalia.gov.co\/colombia\/","name":"Fiscal\u00eda General de la Naci\u00f3n","description":"P\u00e1gina oficial de la Fiscal\u00eda General de la Naci\u00f3n \u2013 Colombia. Garantizamos el acceso efectivo a la justicia, la verdad y la reparaci\u00f3n de las v\u00edctimas de los delitos.","publisher":{"@id":"https:\/\/www.fiscalia.gov.co\/colombia\/#organization"},"potentialAction":[{"@type":"SearchAction","target":{"@type":"EntryPoint","urlTemplate":"https:\/\/www.fiscalia.gov.co\/colombia\/?s={search_term_string}"},"query-input":{"@type":"PropertyValueSpecification","valueRequired":true,"valueName":"search_term_string"}}],"inLanguage":"es-CO"},{"@type":"Organization","@id":"https:\/\/www.fiscalia.gov.co\/colombia\/#organization","name":"Fiscal\u00eda General de la Naci\u00f3n","url":"https:\/\/www.fiscalia.gov.co\/colombia\/","logo":{"@type":"ImageObject","inLanguage":"es-CO","@id":"https:\/\/www.fiscalia.gov.co\/colombia\/#\/schema\/logo\/image\/","url":"https:\/\/www.fiscalia.gov.co\/colombia\/wp-content\/uploads\/LogoHorizontal_1.jpg","contentUrl":"https:\/\/www.fiscalia.gov.co\/colombia\/wp-content\/uploads\/LogoHorizontal_1.jpg","width":300,"height":90,"caption":"Fiscal\u00eda General de la Naci\u00f3n"},"image":{"@id":"https:\/\/www.fiscalia.gov.co\/colombia\/#\/schema\/logo\/image\/"},"sameAs":["https:\/\/www.facebook.com\/FiscaliaCol","https:\/\/x.com\/FiscaliaCol","https:\/\/www.instagram.com\/fiscaliacol","https:\/\/www.linkedin.com\/company\/fiscalia-general-de-la-naci-n\/","https:\/\/youtube.com\/@fiscaliageneraldelanacion-4668?si=6nN79nyQICPU5iTh"]},{"@type":"Person","@id":"https:\/\/www.fiscalia.gov.co\/colombia\/#\/schema\/person\/3903856a3ce2d54b094c69eb29247895","name":"dfgordillo","image":{"@type":"ImageObject","inLanguage":"es-CO","@id":"https:\/\/www.fiscalia.gov.co\/colombia\/#\/schema\/person\/image\/","url":"https:\/\/secure.gravatar.com\/avatar\/b6356e21c5657c60757fe6fb9493e947?s=96&d=mm&r=g","contentUrl":"https:\/\/secure.gravatar.com\/avatar\/b6356e21c5657c60757fe6fb9493e947?s=96&d=mm&r=g","caption":"dfgordillo"},"sameAs":["dfgordillo"],"url":"https:\/\/www.fiscalia.gov.co\/colombia\/author\/dfgordillo\/"}]}},"_links":{"self":[{"href":"https:\/\/www.fiscalia.gov.co\/colombia\/wp-json\/wp\/v2\/posts\/106307","targetHints":{"allow":["GET"]}}],"collection":[{"href":"https:\/\/www.fiscalia.gov.co\/colombia\/wp-json\/wp\/v2\/posts"}],"about":[{"href":"https:\/\/www.fiscalia.gov.co\/colombia\/wp-json\/wp\/v2\/types\/post"}],"author":[{"embeddable":true,"href":"https:\/\/www.fiscalia.gov.co\/colombia\/wp-json\/wp\/v2\/users\/143"}],"replies":[{"embeddable":true,"href":"https:\/\/www.fiscalia.gov.co\/colombia\/wp-json\/wp\/v2\/comments?post=106307"}],"version-history":[{"count":1,"href":"https:\/\/www.fiscalia.gov.co\/colombia\/wp-json\/wp\/v2\/posts\/106307\/revisions"}],"predecessor-version":[{"id":106308,"href":"https:\/\/www.fiscalia.gov.co\/colombia\/wp-json\/wp\/v2\/posts\/106307\/revisions\/106308"}],"wp:attachment":[{"href":"https:\/\/www.fiscalia.gov.co\/colombia\/wp-json\/wp\/v2\/media?parent=106307"}],"wp:term":[{"taxonomy":"category","embeddable":true,"href":"https:\/\/www.fiscalia.gov.co\/colombia\/wp-json\/wp\/v2\/categories?post=106307"},{"taxonomy":"post_tag","embeddable":true,"href":"https:\/\/www.fiscalia.gov.co\/colombia\/wp-json\/wp\/v2\/tags?post=106307"}],"curies":[{"name":"wp","href":"https:\/\/api.w.org\/{rel}","templated":true}]}}