{"id":105949,"date":"2017-06-13T18:17:29","date_gmt":"2017-06-13T23:17:29","guid":{"rendered":"http:\/\/www.fiscalia.gov.co\/colombia\/?p=105949"},"modified":"2017-06-28T18:30:15","modified_gmt":"2017-06-28T23:30:15","slug":"fiscalia-solicitara-medida-de-aseguramiento-por-presuntas-irregularidades-en-contrato-de-construccion-de-galeria-de-comerciantes-en-ipiales-narino","status":"publish","type":"post","link":"https:\/\/www.fiscalia.gov.co\/colombia\/noticias\/fiscalia-solicitara-medida-de-aseguramiento-por-presuntas-irregularidades-en-contrato-de-construccion-de-galeria-de-comerciantes-en-ipiales-narino\/","title":{"rendered":"Fiscal\u00eda solicitar\u00e1 medida de aseguramiento por presuntas irregularidades en contrato de construcci\u00f3n de galer\u00eda de comerciantes en Ipiales (Nari\u00f1o)"},"content":{"rendered":"<p><em><span style=\"text-decoration: underline;\">Dentro del proceso es investigado el exalcalde de Ipiales, pero el expediente fue enviado a la Corte Suprema de Justicia.<\/span><\/em><\/p>\n<p>La construcci\u00f3n del Centro Comercial Popular de Ipiales (Nari\u00f1o), donde ser\u00edan reubicados los vendedores informales del municipio, habr\u00eda estado rodeada de irregularidades en el proceso de contrataci\u00f3n que son materia de investigaci\u00f3n por parte de la Fiscal\u00eda General de la Naci\u00f3n y por las que ya hay decisiones.<\/p>\n<p>Ma\u00f1ana 14 de junio, la Fiscal\u00eda imputar\u00e1 cargos y solicitar\u00e1 medida de aseguramiento en contra de Javier Eduardo L\u00f3pez Castro, gerente del Fondo Rotatorio de Valorizaci\u00f3n de Ipiales (2008 \u2013 2011), por los delitos de falsedad en documento p\u00fablico; y Javier Fernando de la Carrera Bravo, secretario de Planeaci\u00f3n de Ipiales (2008 \u2013 2011), como presunto responsable de celebraci\u00f3n de contratos sin cumplimiento de requisitos legales y peculado por apropiaci\u00f3n en favor de terceros.<\/p>\n<p>En diciembre de 2010, la alcald\u00eda de Ipiales adjudic\u00f3 la obra al consorcio CPP Ipiales por $2.392.748.935 y, tres meses despu\u00e9s, habr\u00eda girado un anticipo al contratista del 50% del valor del acuerdo, sin que existiera una interventor\u00eda, requisito que exige la ley.<\/p>\n<p>En abril de 2011 fue firmado el convenio de interventor\u00eda del contrato, y la administraci\u00f3n municipal entreg\u00f3 un segundo anticipo al consorcio constructor. Seg\u00fan las evidencias de la Fiscal\u00eda, los dineros de los dos adelantos nunca fueron destinados al dise\u00f1o o ejecuci\u00f3n de la obra y al parecer pasaron a uso personal del contratista. La interventor\u00eda en su momento alert\u00f3 que los anticipos fueron soportados con facturas y hechos ajenos a la realidad.<\/p>\n<p>Finalmente, la Fiscal\u00eda constat\u00f3 que vencidos los plazos de ejecuci\u00f3n de la obra, los exfuncionarios que ser\u00e1n imputados y el contratista suscribieron un acta para&nbsp; levantar el Centro de Comercio Popular sin que existiera licencia de construcci\u00f3n. Adem\u00e1s, el lote del proyecto estaba invadido por comerciantes informales que se negaban a desalojar el lugar.<\/p>\n<p>Por estos hechos, Gustavo Hern\u00e1n Estupi\u00f1\u00e1n Calvache, alcalde de Ipiales (Nari\u00f1o) (2008-2011), era investigado por la Fiscal\u00eda General de la Naci\u00f3n, pero el 8 de noviembre de 2016 tom\u00f3 posesi\u00f3n como Representante a la C\u00e1mara y el expediente fue enviado a la Sala Penal de la Corte Suprema de Justicia para que avance en el proceso, ante la nueva condici\u00f3n del servidor.<\/p>\n<p>De esta forma, la audiencia de formulaci\u00f3n de imputaci\u00f3n y de solicitud de medida de aseguramiento se realizar\u00e1 ma\u00f1ana 14 de junio, en el Complejo Judicial de Paloquemao de Bogot\u00e1, y afectar\u00e1 exclusivamente a Javier Eduardo L\u00f3pez Castro, exgerente del Fondo Rotatorio de Valorizaci\u00f3n de Ipiales y Javier Fernando de la Carrera Bravo, ex secretario de Planeaci\u00f3n de Ipiales.<\/p>\n<p>&nbsp;<\/p>\n<p>&nbsp;<\/p>\n<p>JARG\/DLBM<\/p>\n\n<div class=\"twitter-share\"><a href=\"https:\/\/twitter.com\/intent\/tweet?via=fiscaliacol\" class=\"twitter-share-button\">Tweet<\/a><\/div>\n","protected":false},"excerpt":{"rendered":"<p>Dentro del proceso es investigado el exalcalde de Ipiales, pero el expediente fue enviado a la Corte Suprema de Justicia. La construcci\u00f3n del Centro Comercial Popular de Ipiales (Nari\u00f1o), donde [&hellip;]<\/p>\n","protected":false},"author":143,"featured_media":0,"comment_status":"closed","ping_status":"open","sticky":false,"template":"","format":"standard","meta":{"tdm_status":"","tdm_grid_status":"","footnotes":""},"categories":[24107,1],"tags":[],"class_list":["post-105949","post","type-post","status-publish","format-standard","category-lucha-contra-corrupcion","category-noticias"],"yoast_head":"<!-- This site is optimized with the Yoast SEO plugin v24.3 - https:\/\/yoast.com\/wordpress\/plugins\/seo\/ -->\n<title>Fiscal\u00eda General de la Naci\u00f3n<\/title>\n<meta name=\"description\" content=\"P\u00e1gina oficial de la Fiscal\u00eda General de la Naci\u00f3n \u2013 Colombia. Garantizamos el acceso efectivo a la justicia, la verdad y la reparaci\u00f3n de las v\u00edctimas de los delitos.\" \/>\n<meta name=\"robots\" content=\"noindex, follow\" \/>\n<meta property=\"og:locale\" content=\"es_ES\" \/>\n<meta property=\"og:type\" content=\"article\" \/>\n<meta property=\"og:title\" content=\"Fiscal\u00eda General de la Naci\u00f3n\" \/>\n<meta property=\"og:description\" content=\"P\u00e1gina oficial de la Fiscal\u00eda General de la Naci\u00f3n \u2013 Colombia. Garantizamos el acceso efectivo a la justicia, la verdad y la reparaci\u00f3n de las v\u00edctimas de los delitos.\" \/>\n<meta property=\"og:url\" content=\"https:\/\/www.fiscalia.gov.co\/colombia\/noticias\/fiscalia-solicitara-medida-de-aseguramiento-por-presuntas-irregularidades-en-contrato-de-construccion-de-galeria-de-comerciantes-en-ipiales-narino\/\" \/>\n<meta property=\"og:site_name\" content=\"Fiscal\u00eda General de la Naci\u00f3n\" \/>\n<meta property=\"article:publisher\" content=\"https:\/\/www.facebook.com\/FiscaliaCol\" \/>\n<meta property=\"article:published_time\" content=\"2017-06-13T23:17:29+00:00\" \/>\n<meta property=\"article:modified_time\" content=\"2017-06-28T23:30:15+00:00\" \/>\n<meta name=\"author\" content=\"dfgordillo\" \/>\n<meta name=\"twitter:card\" content=\"summary_large_image\" \/>\n<meta name=\"twitter:creator\" content=\"@FiscaliaCol\" \/>\n<meta name=\"twitter:site\" content=\"@FiscaliaCol\" \/>\n<meta name=\"twitter:label1\" content=\"Escrito por\" \/>\n\t<meta name=\"twitter:data1\" content=\"dfgordillo\" \/>\n\t<meta name=\"twitter:label2\" content=\"Tiempo de lectura\" \/>\n\t<meta name=\"twitter:data2\" content=\"2 minutos\" \/>\n<script type=\"application\/ld+json\" class=\"yoast-schema-graph\">{\"@context\":\"https:\/\/schema.org\",\"@graph\":[{\"@type\":\"Article\",\"@id\":\"https:\/\/www.fiscalia.gov.co\/colombia\/noticias\/fiscalia-solicitara-medida-de-aseguramiento-por-presuntas-irregularidades-en-contrato-de-construccion-de-galeria-de-comerciantes-en-ipiales-narino\/#article\",\"isPartOf\":{\"@id\":\"https:\/\/www.fiscalia.gov.co\/colombia\/noticias\/fiscalia-solicitara-medida-de-aseguramiento-por-presuntas-irregularidades-en-contrato-de-construccion-de-galeria-de-comerciantes-en-ipiales-narino\/\"},\"author\":{\"name\":\"dfgordillo\",\"@id\":\"https:\/\/www.fiscalia.gov.co\/colombia\/#\/schema\/person\/3903856a3ce2d54b094c69eb29247895\"},\"headline\":\"Fiscal\u00eda solicitar\u00e1 medida de aseguramiento por presuntas irregularidades en contrato de construcci\u00f3n de galer\u00eda de comerciantes en Ipiales (Nari\u00f1o)\",\"datePublished\":\"2017-06-13T23:17:29+00:00\",\"dateModified\":\"2017-06-28T23:30:15+00:00\",\"mainEntityOfPage\":{\"@id\":\"https:\/\/www.fiscalia.gov.co\/colombia\/noticias\/fiscalia-solicitara-medida-de-aseguramiento-por-presuntas-irregularidades-en-contrato-de-construccion-de-galeria-de-comerciantes-en-ipiales-narino\/\"},\"wordCount\":493,\"publisher\":{\"@id\":\"https:\/\/www.fiscalia.gov.co\/colombia\/#organization\"},\"articleSection\":[\"Corrupci\u00f3n\",\"Noticias\"],\"inLanguage\":\"es-CO\"},{\"@type\":\"WebPage\",\"@id\":\"https:\/\/www.fiscalia.gov.co\/colombia\/noticias\/fiscalia-solicitara-medida-de-aseguramiento-por-presuntas-irregularidades-en-contrato-de-construccion-de-galeria-de-comerciantes-en-ipiales-narino\/\",\"url\":\"https:\/\/www.fiscalia.gov.co\/colombia\/noticias\/fiscalia-solicitara-medida-de-aseguramiento-por-presuntas-irregularidades-en-contrato-de-construccion-de-galeria-de-comerciantes-en-ipiales-narino\/\",\"name\":\"Fiscal\u00eda General de la Naci\u00f3n\",\"isPartOf\":{\"@id\":\"https:\/\/www.fiscalia.gov.co\/colombia\/#website\"},\"datePublished\":\"2017-06-13T23:17:29+00:00\",\"dateModified\":\"2017-06-28T23:30:15+00:00\",\"description\":\"P\u00e1gina oficial de la Fiscal\u00eda General de la Naci\u00f3n \u2013 Colombia. Garantizamos el acceso efectivo a la justicia, la verdad y la reparaci\u00f3n de las v\u00edctimas de los delitos.\",\"breadcrumb\":{\"@id\":\"https:\/\/www.fiscalia.gov.co\/colombia\/noticias\/fiscalia-solicitara-medida-de-aseguramiento-por-presuntas-irregularidades-en-contrato-de-construccion-de-galeria-de-comerciantes-en-ipiales-narino\/#breadcrumb\"},\"inLanguage\":\"es-CO\",\"potentialAction\":[{\"@type\":\"ReadAction\",\"target\":[\"https:\/\/www.fiscalia.gov.co\/colombia\/noticias\/fiscalia-solicitara-medida-de-aseguramiento-por-presuntas-irregularidades-en-contrato-de-construccion-de-galeria-de-comerciantes-en-ipiales-narino\/\"]}]},{\"@type\":\"BreadcrumbList\",\"@id\":\"https:\/\/www.fiscalia.gov.co\/colombia\/noticias\/fiscalia-solicitara-medida-de-aseguramiento-por-presuntas-irregularidades-en-contrato-de-construccion-de-galeria-de-comerciantes-en-ipiales-narino\/#breadcrumb\",\"itemListElement\":[{\"@type\":\"ListItem\",\"position\":1,\"name\":\"Home\",\"item\":\"https:\/\/www.fiscalia.gov.co\/colombia\/\"},{\"@type\":\"ListItem\",\"position\":2,\"name\":\"Fiscal\u00eda solicitar\u00e1 medida de aseguramiento por presuntas irregularidades en contrato de construcci\u00f3n de galer\u00eda de comerciantes en Ipiales (Nari\u00f1o)\"}]},{\"@type\":\"WebSite\",\"@id\":\"https:\/\/www.fiscalia.gov.co\/colombia\/#website\",\"url\":\"https:\/\/www.fiscalia.gov.co\/colombia\/\",\"name\":\"Fiscal\u00eda General de la Naci\u00f3n\",\"description\":\"P\u00e1gina oficial de la Fiscal\u00eda General de la Naci\u00f3n \u2013 Colombia. Garantizamos el acceso efectivo a la justicia, la verdad y la reparaci\u00f3n de las v\u00edctimas de los delitos.\",\"publisher\":{\"@id\":\"https:\/\/www.fiscalia.gov.co\/colombia\/#organization\"},\"potentialAction\":[{\"@type\":\"SearchAction\",\"target\":{\"@type\":\"EntryPoint\",\"urlTemplate\":\"https:\/\/www.fiscalia.gov.co\/colombia\/?s={search_term_string}\"},\"query-input\":{\"@type\":\"PropertyValueSpecification\",\"valueRequired\":true,\"valueName\":\"search_term_string\"}}],\"inLanguage\":\"es-CO\"},{\"@type\":\"Organization\",\"@id\":\"https:\/\/www.fiscalia.gov.co\/colombia\/#organization\",\"name\":\"Fiscal\u00eda General de la Naci\u00f3n\",\"url\":\"https:\/\/www.fiscalia.gov.co\/colombia\/\",\"logo\":{\"@type\":\"ImageObject\",\"inLanguage\":\"es-CO\",\"@id\":\"https:\/\/www.fiscalia.gov.co\/colombia\/#\/schema\/logo\/image\/\",\"url\":\"https:\/\/www.fiscalia.gov.co\/colombia\/wp-content\/uploads\/LogoHorizontal_1.jpg\",\"contentUrl\":\"https:\/\/www.fiscalia.gov.co\/colombia\/wp-content\/uploads\/LogoHorizontal_1.jpg\",\"width\":300,\"height\":90,\"caption\":\"Fiscal\u00eda General de la Naci\u00f3n\"},\"image\":{\"@id\":\"https:\/\/www.fiscalia.gov.co\/colombia\/#\/schema\/logo\/image\/\"},\"sameAs\":[\"https:\/\/www.facebook.com\/FiscaliaCol\",\"https:\/\/x.com\/FiscaliaCol\",\"https:\/\/www.instagram.com\/fiscaliacol\",\"https:\/\/www.linkedin.com\/company\/fiscalia-general-de-la-naci-n\/\",\"https:\/\/youtube.com\/@fiscaliageneraldelanacion-4668?si=6nN79nyQICPU5iTh\"]},{\"@type\":\"Person\",\"@id\":\"https:\/\/www.fiscalia.gov.co\/colombia\/#\/schema\/person\/3903856a3ce2d54b094c69eb29247895\",\"name\":\"dfgordillo\",\"image\":{\"@type\":\"ImageObject\",\"inLanguage\":\"es-CO\",\"@id\":\"https:\/\/www.fiscalia.gov.co\/colombia\/#\/schema\/person\/image\/\",\"url\":\"https:\/\/secure.gravatar.com\/avatar\/b6356e21c5657c60757fe6fb9493e947?s=96&d=mm&r=g\",\"contentUrl\":\"https:\/\/secure.gravatar.com\/avatar\/b6356e21c5657c60757fe6fb9493e947?s=96&d=mm&r=g\",\"caption\":\"dfgordillo\"},\"sameAs\":[\"dfgordillo\"],\"url\":\"https:\/\/www.fiscalia.gov.co\/colombia\/author\/dfgordillo\/\"}]}<\/script>\n<!-- \/ Yoast SEO plugin. -->","yoast_head_json":{"title":"Fiscal\u00eda General de la Naci\u00f3n","description":"P\u00e1gina oficial de la Fiscal\u00eda General de la Naci\u00f3n \u2013 Colombia. Garantizamos el acceso efectivo a la justicia, la verdad y la reparaci\u00f3n de las v\u00edctimas de los delitos.","robots":{"index":"noindex","follow":"follow"},"og_locale":"es_ES","og_type":"article","og_title":"Fiscal\u00eda General de la Naci\u00f3n","og_description":"P\u00e1gina oficial de la Fiscal\u00eda General de la Naci\u00f3n \u2013 Colombia. Garantizamos el acceso efectivo a la justicia, la verdad y la reparaci\u00f3n de las v\u00edctimas de los delitos.","og_url":"https:\/\/www.fiscalia.gov.co\/colombia\/noticias\/fiscalia-solicitara-medida-de-aseguramiento-por-presuntas-irregularidades-en-contrato-de-construccion-de-galeria-de-comerciantes-en-ipiales-narino\/","og_site_name":"Fiscal\u00eda General de la Naci\u00f3n","article_publisher":"https:\/\/www.facebook.com\/FiscaliaCol","article_published_time":"2017-06-13T23:17:29+00:00","article_modified_time":"2017-06-28T23:30:15+00:00","author":"dfgordillo","twitter_card":"summary_large_image","twitter_creator":"@FiscaliaCol","twitter_site":"@FiscaliaCol","twitter_misc":{"Escrito por":"dfgordillo","Tiempo de lectura":"2 minutos"},"schema":{"@context":"https:\/\/schema.org","@graph":[{"@type":"Article","@id":"https:\/\/www.fiscalia.gov.co\/colombia\/noticias\/fiscalia-solicitara-medida-de-aseguramiento-por-presuntas-irregularidades-en-contrato-de-construccion-de-galeria-de-comerciantes-en-ipiales-narino\/#article","isPartOf":{"@id":"https:\/\/www.fiscalia.gov.co\/colombia\/noticias\/fiscalia-solicitara-medida-de-aseguramiento-por-presuntas-irregularidades-en-contrato-de-construccion-de-galeria-de-comerciantes-en-ipiales-narino\/"},"author":{"name":"dfgordillo","@id":"https:\/\/www.fiscalia.gov.co\/colombia\/#\/schema\/person\/3903856a3ce2d54b094c69eb29247895"},"headline":"Fiscal\u00eda solicitar\u00e1 medida de aseguramiento por presuntas irregularidades en contrato de construcci\u00f3n de galer\u00eda de comerciantes en Ipiales (Nari\u00f1o)","datePublished":"2017-06-13T23:17:29+00:00","dateModified":"2017-06-28T23:30:15+00:00","mainEntityOfPage":{"@id":"https:\/\/www.fiscalia.gov.co\/colombia\/noticias\/fiscalia-solicitara-medida-de-aseguramiento-por-presuntas-irregularidades-en-contrato-de-construccion-de-galeria-de-comerciantes-en-ipiales-narino\/"},"wordCount":493,"publisher":{"@id":"https:\/\/www.fiscalia.gov.co\/colombia\/#organization"},"articleSection":["Corrupci\u00f3n","Noticias"],"inLanguage":"es-CO"},{"@type":"WebPage","@id":"https:\/\/www.fiscalia.gov.co\/colombia\/noticias\/fiscalia-solicitara-medida-de-aseguramiento-por-presuntas-irregularidades-en-contrato-de-construccion-de-galeria-de-comerciantes-en-ipiales-narino\/","url":"https:\/\/www.fiscalia.gov.co\/colombia\/noticias\/fiscalia-solicitara-medida-de-aseguramiento-por-presuntas-irregularidades-en-contrato-de-construccion-de-galeria-de-comerciantes-en-ipiales-narino\/","name":"Fiscal\u00eda General de la Naci\u00f3n","isPartOf":{"@id":"https:\/\/www.fiscalia.gov.co\/colombia\/#website"},"datePublished":"2017-06-13T23:17:29+00:00","dateModified":"2017-06-28T23:30:15+00:00","description":"P\u00e1gina oficial de la Fiscal\u00eda General de la Naci\u00f3n \u2013 Colombia. Garantizamos el acceso efectivo a la justicia, la verdad y la reparaci\u00f3n de las v\u00edctimas de los delitos.","breadcrumb":{"@id":"https:\/\/www.fiscalia.gov.co\/colombia\/noticias\/fiscalia-solicitara-medida-de-aseguramiento-por-presuntas-irregularidades-en-contrato-de-construccion-de-galeria-de-comerciantes-en-ipiales-narino\/#breadcrumb"},"inLanguage":"es-CO","potentialAction":[{"@type":"ReadAction","target":["https:\/\/www.fiscalia.gov.co\/colombia\/noticias\/fiscalia-solicitara-medida-de-aseguramiento-por-presuntas-irregularidades-en-contrato-de-construccion-de-galeria-de-comerciantes-en-ipiales-narino\/"]}]},{"@type":"BreadcrumbList","@id":"https:\/\/www.fiscalia.gov.co\/colombia\/noticias\/fiscalia-solicitara-medida-de-aseguramiento-por-presuntas-irregularidades-en-contrato-de-construccion-de-galeria-de-comerciantes-en-ipiales-narino\/#breadcrumb","itemListElement":[{"@type":"ListItem","position":1,"name":"Home","item":"https:\/\/www.fiscalia.gov.co\/colombia\/"},{"@type":"ListItem","position":2,"name":"Fiscal\u00eda solicitar\u00e1 medida de aseguramiento por presuntas irregularidades en contrato de construcci\u00f3n de galer\u00eda de comerciantes en Ipiales (Nari\u00f1o)"}]},{"@type":"WebSite","@id":"https:\/\/www.fiscalia.gov.co\/colombia\/#website","url":"https:\/\/www.fiscalia.gov.co\/colombia\/","name":"Fiscal\u00eda General de la Naci\u00f3n","description":"P\u00e1gina oficial de la Fiscal\u00eda General de la Naci\u00f3n \u2013 Colombia. Garantizamos el acceso efectivo a la justicia, la verdad y la reparaci\u00f3n de las v\u00edctimas de los delitos.","publisher":{"@id":"https:\/\/www.fiscalia.gov.co\/colombia\/#organization"},"potentialAction":[{"@type":"SearchAction","target":{"@type":"EntryPoint","urlTemplate":"https:\/\/www.fiscalia.gov.co\/colombia\/?s={search_term_string}"},"query-input":{"@type":"PropertyValueSpecification","valueRequired":true,"valueName":"search_term_string"}}],"inLanguage":"es-CO"},{"@type":"Organization","@id":"https:\/\/www.fiscalia.gov.co\/colombia\/#organization","name":"Fiscal\u00eda General de la Naci\u00f3n","url":"https:\/\/www.fiscalia.gov.co\/colombia\/","logo":{"@type":"ImageObject","inLanguage":"es-CO","@id":"https:\/\/www.fiscalia.gov.co\/colombia\/#\/schema\/logo\/image\/","url":"https:\/\/www.fiscalia.gov.co\/colombia\/wp-content\/uploads\/LogoHorizontal_1.jpg","contentUrl":"https:\/\/www.fiscalia.gov.co\/colombia\/wp-content\/uploads\/LogoHorizontal_1.jpg","width":300,"height":90,"caption":"Fiscal\u00eda General de la Naci\u00f3n"},"image":{"@id":"https:\/\/www.fiscalia.gov.co\/colombia\/#\/schema\/logo\/image\/"},"sameAs":["https:\/\/www.facebook.com\/FiscaliaCol","https:\/\/x.com\/FiscaliaCol","https:\/\/www.instagram.com\/fiscaliacol","https:\/\/www.linkedin.com\/company\/fiscalia-general-de-la-naci-n\/","https:\/\/youtube.com\/@fiscaliageneraldelanacion-4668?si=6nN79nyQICPU5iTh"]},{"@type":"Person","@id":"https:\/\/www.fiscalia.gov.co\/colombia\/#\/schema\/person\/3903856a3ce2d54b094c69eb29247895","name":"dfgordillo","image":{"@type":"ImageObject","inLanguage":"es-CO","@id":"https:\/\/www.fiscalia.gov.co\/colombia\/#\/schema\/person\/image\/","url":"https:\/\/secure.gravatar.com\/avatar\/b6356e21c5657c60757fe6fb9493e947?s=96&d=mm&r=g","contentUrl":"https:\/\/secure.gravatar.com\/avatar\/b6356e21c5657c60757fe6fb9493e947?s=96&d=mm&r=g","caption":"dfgordillo"},"sameAs":["dfgordillo"],"url":"https:\/\/www.fiscalia.gov.co\/colombia\/author\/dfgordillo\/"}]}},"_links":{"self":[{"href":"https:\/\/www.fiscalia.gov.co\/colombia\/wp-json\/wp\/v2\/posts\/105949","targetHints":{"allow":["GET"]}}],"collection":[{"href":"https:\/\/www.fiscalia.gov.co\/colombia\/wp-json\/wp\/v2\/posts"}],"about":[{"href":"https:\/\/www.fiscalia.gov.co\/colombia\/wp-json\/wp\/v2\/types\/post"}],"author":[{"embeddable":true,"href":"https:\/\/www.fiscalia.gov.co\/colombia\/wp-json\/wp\/v2\/users\/143"}],"replies":[{"embeddable":true,"href":"https:\/\/www.fiscalia.gov.co\/colombia\/wp-json\/wp\/v2\/comments?post=105949"}],"version-history":[{"count":3,"href":"https:\/\/www.fiscalia.gov.co\/colombia\/wp-json\/wp\/v2\/posts\/105949\/revisions"}],"predecessor-version":[{"id":106553,"href":"https:\/\/www.fiscalia.gov.co\/colombia\/wp-json\/wp\/v2\/posts\/105949\/revisions\/106553"}],"wp:attachment":[{"href":"https:\/\/www.fiscalia.gov.co\/colombia\/wp-json\/wp\/v2\/media?parent=105949"}],"wp:term":[{"taxonomy":"category","embeddable":true,"href":"https:\/\/www.fiscalia.gov.co\/colombia\/wp-json\/wp\/v2\/categories?post=105949"},{"taxonomy":"post_tag","embeddable":true,"href":"https:\/\/www.fiscalia.gov.co\/colombia\/wp-json\/wp\/v2\/tags?post=105949"}],"curies":[{"name":"wp","href":"https:\/\/api.w.org\/{rel}","templated":true}]}}