{"id":103494,"date":"2017-03-29T10:37:48","date_gmt":"2017-03-29T15:37:48","guid":{"rendered":"http:\/\/www.fiscalia.gov.co\/colombia\/?p=103494"},"modified":"2017-03-29T10:37:48","modified_gmt":"2017-03-29T15:37:48","slug":"la-fiscalia-se-muestra-inconforme-con-el-juez-que-se-abstuvo-de-hacer-audiencia-contra-cinco-militares-por-falsos-positivos","status":"publish","type":"post","link":"https:\/\/www.fiscalia.gov.co\/colombia\/seccionales\/la-fiscalia-se-muestra-inconforme-con-el-juez-que-se-abstuvo-de-hacer-audiencia-contra-cinco-militares-por-falsos-positivos\/","title":{"rendered":"La Fiscal\u00eda se muestra inconforme con el juez que se abstuvo de hacer audiencia contra cinco militares por falsos positivos"},"content":{"rendered":"<p>La Fiscal\u00eda General de la Naci\u00f3n solicit\u00f3 al Juzgado Noveno Penal de Garant\u00edas de Bogot\u00e1, la audiencia de imputaci\u00f3n de cargos y medida de aseguramiento en contra de cinco militares como presuntos responsables de la ejecuci\u00f3n extrajudicial de tres habitantes de Soacha (Cundinamarca), entre ellos un menor de edad,\u00a0 a quienes hicieron pasar como guerrilleros muertos en combate en el a\u00f1o 2008 en el municipio de Oca\u00f1a (Norte de Santander).<\/p>\n<p>Sin embargo,\u00a0 el juez se neg\u00f3 adelantar la audiencia al manifestar falta de competencia, toda vez que entendi\u00f3 que se trata de delitos relacionados con el conflicto armado colombiano.<\/p>\n<p>\u201cEstos hechos no hacen parte del conflicto, fueron muertos en circunstancias de indefensi\u00f3n, ciudadanos que viv\u00edan el municipio de Soacha y que fueron llevados con promesas de trabajo y all\u00ed fueron asesinados\u201d, sostuvo la fiscal del caso al t\u00e9rmino de la audiencia.<\/p>\n<p>Entre los uniformados, presuntamente implicados, se encuentran: Richard Armando Jojoa Mart\u00ednez, Jos\u00e9 Adolfo Fern\u00e1ndez Ram\u00edrez, Ricardo Gonz\u00e1lez G\u00f3mez, Heider Andr\u00e9s Guerrero Andrade, y el considerado exjefe de operaciones de la pol\u00e9mica Brigada 15 en Norte de Santander, coronel Gabriel de Jes\u00fas Rinc\u00f3n Amado, quien ya fue condenado por hechos similares a 35 a\u00f1os de prisi\u00f3n por el asesinato de un mototaxista.<\/p>\n<p>\u201cPor cada v\u00edctima pagaban un mill\u00f3n de pesos, y en ning\u00fan momento era parte del conflicto eran personas ajenas a la problem\u00e1tica armada que se viv\u00eda en su momento en el pa\u00eds\u201d, agreg\u00f3 la delegada del ente acusador.<\/p>\n<p>Para la fiscal no existe otra soluci\u00f3n jur\u00eddica para darle y mucho menos por tratarse de delitos de lesa humanidad. Hay una convenci\u00f3n interamericana sobre desaparici\u00f3n forzada incluida en la Ley 1820 de diciembre de 2016, la cual aunque est\u00e9 vigente, no ha sido reglamentada con la firma presidencial.<\/p>\n<p>\u201cLa Convenci\u00f3n Interamericana sobre desaparici\u00f3n forzada qued\u00f3 derogada por la Ley 1820 de 2016, pero la Constituci\u00f3n Pol\u00edtica no puede ser derogada por una ley como la 1820, que no tiene rango constitucional\u201d,\u00a0 enfatiz\u00f3 la fiscal al argumentar la imprecisi\u00f3n del operador judicial.<\/p>\n<p>Concluy\u00f3 que as\u00ed las cosas, la justicia se encontrar\u00eda en un limbo jur\u00eddico si no se sanciona prontamente la Ley 1820 de 2016.<\/p>\n<p>&nbsp;<\/p>\n<p>CMRM\/DLBM<\/p>\n<p>&nbsp;<\/p>\n\n<div class=\"twitter-share\"><a href=\"https:\/\/twitter.com\/intent\/tweet?via=fiscaliacol\" class=\"twitter-share-button\">Tweet<\/a><\/div>\n","protected":false},"excerpt":{"rendered":"<p>La Fiscal\u00eda General de la Naci\u00f3n solicit\u00f3 al Juzgado Noveno Penal de Garant\u00edas de Bogot\u00e1, la audiencia de imputaci\u00f3n de cargos y medida de aseguramiento en contra de cinco militares como presuntos responsables de la ejecuci\u00f3n extrajudicial de tres habitantes de Soacha (Cundinamarca), entre ellos un menor de edad,\u00a0 a quienes hicieron pasar como guerrilleros [&hellip;]<\/p>\n","protected":false},"author":143,"featured_media":0,"comment_status":"closed","ping_status":"open","sticky":false,"template":"","format":"standard","meta":{"tdm_status":"","tdm_grid_status":"","footnotes":""},"categories":[321,303],"tags":[11101],"class_list":{"0":"post-103494","1":"post","2":"type-post","3":"status-publish","4":"format-standard","6":"category-seccional-bogota","7":"category-seccionales","8":"tag-seguridad-ciudadana"},"yoast_head":"<!-- This site is optimized with the Yoast SEO plugin v24.3 - https:\/\/yoast.com\/wordpress\/plugins\/seo\/ -->\n<title>Fiscal\u00eda General de la Naci\u00f3n<\/title>\n<meta name=\"description\" content=\"P\u00e1gina oficial de la Fiscal\u00eda General de la Naci\u00f3n \u2013 Colombia. Garantizamos el acceso efectivo a la justicia, la verdad y la reparaci\u00f3n de las v\u00edctimas de los delitos.\" \/>\n<meta name=\"robots\" content=\"noindex, follow\" \/>\n<meta property=\"og:locale\" content=\"es_ES\" \/>\n<meta property=\"og:type\" content=\"article\" \/>\n<meta property=\"og:title\" content=\"Fiscal\u00eda General de la Naci\u00f3n\" \/>\n<meta property=\"og:description\" content=\"P\u00e1gina oficial de la Fiscal\u00eda General de la Naci\u00f3n \u2013 Colombia. Garantizamos el acceso efectivo a la justicia, la verdad y la reparaci\u00f3n de las v\u00edctimas de los delitos.\" \/>\n<meta property=\"og:url\" content=\"https:\/\/www.fiscalia.gov.co\/colombia\/seccionales\/la-fiscalia-se-muestra-inconforme-con-el-juez-que-se-abstuvo-de-hacer-audiencia-contra-cinco-militares-por-falsos-positivos\/\" \/>\n<meta property=\"og:site_name\" content=\"Fiscal\u00eda General de la Naci\u00f3n\" \/>\n<meta property=\"article:publisher\" content=\"https:\/\/www.facebook.com\/FiscaliaCol\" \/>\n<meta property=\"article:published_time\" content=\"2017-03-29T15:37:48+00:00\" \/>\n<meta name=\"author\" content=\"dfgordillo\" \/>\n<meta name=\"twitter:card\" content=\"summary_large_image\" \/>\n<meta name=\"twitter:creator\" content=\"@FiscaliaCol\" \/>\n<meta name=\"twitter:site\" content=\"@FiscaliaCol\" \/>\n<meta name=\"twitter:label1\" content=\"Escrito por\" \/>\n\t<meta name=\"twitter:data1\" content=\"dfgordillo\" \/>\n\t<meta name=\"twitter:label2\" content=\"Tiempo de lectura\" \/>\n\t<meta name=\"twitter:data2\" content=\"2 minutos\" \/>\n<script type=\"application\/ld+json\" class=\"yoast-schema-graph\">{\"@context\":\"https:\/\/schema.org\",\"@graph\":[{\"@type\":\"Article\",\"@id\":\"https:\/\/www.fiscalia.gov.co\/colombia\/seccionales\/la-fiscalia-se-muestra-inconforme-con-el-juez-que-se-abstuvo-de-hacer-audiencia-contra-cinco-militares-por-falsos-positivos\/#article\",\"isPartOf\":{\"@id\":\"https:\/\/www.fiscalia.gov.co\/colombia\/seccionales\/la-fiscalia-se-muestra-inconforme-con-el-juez-que-se-abstuvo-de-hacer-audiencia-contra-cinco-militares-por-falsos-positivos\/\"},\"author\":{\"name\":\"dfgordillo\",\"@id\":\"https:\/\/www.fiscalia.gov.co\/colombia\/#\/schema\/person\/3903856a3ce2d54b094c69eb29247895\"},\"headline\":\"La Fiscal\u00eda se muestra inconforme con el juez que se abstuvo de hacer audiencia contra cinco militares por falsos positivos\",\"datePublished\":\"2017-03-29T15:37:48+00:00\",\"dateModified\":\"2017-03-29T15:37:48+00:00\",\"mainEntityOfPage\":{\"@id\":\"https:\/\/www.fiscalia.gov.co\/colombia\/seccionales\/la-fiscalia-se-muestra-inconforme-con-el-juez-que-se-abstuvo-de-hacer-audiencia-contra-cinco-militares-por-falsos-positivos\/\"},\"wordCount\":408,\"publisher\":{\"@id\":\"https:\/\/www.fiscalia.gov.co\/colombia\/#organization\"},\"keywords\":[\"Seguridad ciudadana\"],\"articleSection\":[\"Seccional Bogot\u00e1\",\"Seccionales\"],\"inLanguage\":\"es-CO\"},{\"@type\":\"WebPage\",\"@id\":\"https:\/\/www.fiscalia.gov.co\/colombia\/seccionales\/la-fiscalia-se-muestra-inconforme-con-el-juez-que-se-abstuvo-de-hacer-audiencia-contra-cinco-militares-por-falsos-positivos\/\",\"url\":\"https:\/\/www.fiscalia.gov.co\/colombia\/seccionales\/la-fiscalia-se-muestra-inconforme-con-el-juez-que-se-abstuvo-de-hacer-audiencia-contra-cinco-militares-por-falsos-positivos\/\",\"name\":\"Fiscal\u00eda General de la Naci\u00f3n\",\"isPartOf\":{\"@id\":\"https:\/\/www.fiscalia.gov.co\/colombia\/#website\"},\"datePublished\":\"2017-03-29T15:37:48+00:00\",\"dateModified\":\"2017-03-29T15:37:48+00:00\",\"description\":\"P\u00e1gina oficial de la Fiscal\u00eda General de la Naci\u00f3n \u2013 Colombia. Garantizamos el acceso efectivo a la justicia, la verdad y la reparaci\u00f3n de las v\u00edctimas de los delitos.\",\"breadcrumb\":{\"@id\":\"https:\/\/www.fiscalia.gov.co\/colombia\/seccionales\/la-fiscalia-se-muestra-inconforme-con-el-juez-que-se-abstuvo-de-hacer-audiencia-contra-cinco-militares-por-falsos-positivos\/#breadcrumb\"},\"inLanguage\":\"es-CO\",\"potentialAction\":[{\"@type\":\"ReadAction\",\"target\":[\"https:\/\/www.fiscalia.gov.co\/colombia\/seccionales\/la-fiscalia-se-muestra-inconforme-con-el-juez-que-se-abstuvo-de-hacer-audiencia-contra-cinco-militares-por-falsos-positivos\/\"]}]},{\"@type\":\"BreadcrumbList\",\"@id\":\"https:\/\/www.fiscalia.gov.co\/colombia\/seccionales\/la-fiscalia-se-muestra-inconforme-con-el-juez-que-se-abstuvo-de-hacer-audiencia-contra-cinco-militares-por-falsos-positivos\/#breadcrumb\",\"itemListElement\":[{\"@type\":\"ListItem\",\"position\":1,\"name\":\"Home\",\"item\":\"https:\/\/www.fiscalia.gov.co\/colombia\/\"},{\"@type\":\"ListItem\",\"position\":2,\"name\":\"La Fiscal\u00eda se muestra inconforme con el juez que se abstuvo de hacer audiencia contra cinco militares por falsos positivos\"}]},{\"@type\":\"WebSite\",\"@id\":\"https:\/\/www.fiscalia.gov.co\/colombia\/#website\",\"url\":\"https:\/\/www.fiscalia.gov.co\/colombia\/\",\"name\":\"Fiscal\u00eda General de la Naci\u00f3n\",\"description\":\"P\u00e1gina oficial de la Fiscal\u00eda General de la Naci\u00f3n \u2013 Colombia. Garantizamos el acceso efectivo a la justicia, la verdad y la reparaci\u00f3n de las v\u00edctimas de los delitos.\",\"publisher\":{\"@id\":\"https:\/\/www.fiscalia.gov.co\/colombia\/#organization\"},\"potentialAction\":[{\"@type\":\"SearchAction\",\"target\":{\"@type\":\"EntryPoint\",\"urlTemplate\":\"https:\/\/www.fiscalia.gov.co\/colombia\/?s={search_term_string}\"},\"query-input\":{\"@type\":\"PropertyValueSpecification\",\"valueRequired\":true,\"valueName\":\"search_term_string\"}}],\"inLanguage\":\"es-CO\"},{\"@type\":\"Organization\",\"@id\":\"https:\/\/www.fiscalia.gov.co\/colombia\/#organization\",\"name\":\"Fiscal\u00eda General de la Naci\u00f3n\",\"url\":\"https:\/\/www.fiscalia.gov.co\/colombia\/\",\"logo\":{\"@type\":\"ImageObject\",\"inLanguage\":\"es-CO\",\"@id\":\"https:\/\/www.fiscalia.gov.co\/colombia\/#\/schema\/logo\/image\/\",\"url\":\"https:\/\/www.fiscalia.gov.co\/colombia\/wp-content\/uploads\/LogoHorizontal_1.jpg\",\"contentUrl\":\"https:\/\/www.fiscalia.gov.co\/colombia\/wp-content\/uploads\/LogoHorizontal_1.jpg\",\"width\":300,\"height\":90,\"caption\":\"Fiscal\u00eda General de la Naci\u00f3n\"},\"image\":{\"@id\":\"https:\/\/www.fiscalia.gov.co\/colombia\/#\/schema\/logo\/image\/\"},\"sameAs\":[\"https:\/\/www.facebook.com\/FiscaliaCol\",\"https:\/\/x.com\/FiscaliaCol\",\"https:\/\/www.instagram.com\/fiscaliacol\",\"https:\/\/www.linkedin.com\/company\/fiscalia-general-de-la-naci-n\/\",\"https:\/\/youtube.com\/@fiscaliageneraldelanacion-4668?si=6nN79nyQICPU5iTh\"]},{\"@type\":\"Person\",\"@id\":\"https:\/\/www.fiscalia.gov.co\/colombia\/#\/schema\/person\/3903856a3ce2d54b094c69eb29247895\",\"name\":\"dfgordillo\",\"image\":{\"@type\":\"ImageObject\",\"inLanguage\":\"es-CO\",\"@id\":\"https:\/\/www.fiscalia.gov.co\/colombia\/#\/schema\/person\/image\/\",\"url\":\"https:\/\/secure.gravatar.com\/avatar\/b6356e21c5657c60757fe6fb9493e947?s=96&d=mm&r=g\",\"contentUrl\":\"https:\/\/secure.gravatar.com\/avatar\/b6356e21c5657c60757fe6fb9493e947?s=96&d=mm&r=g\",\"caption\":\"dfgordillo\"},\"sameAs\":[\"dfgordillo\"],\"url\":\"https:\/\/www.fiscalia.gov.co\/colombia\/author\/dfgordillo\/\"}]}<\/script>\n<!-- \/ Yoast SEO plugin. -->","yoast_head_json":{"title":"Fiscal\u00eda General de la Naci\u00f3n","description":"P\u00e1gina oficial de la Fiscal\u00eda General de la Naci\u00f3n \u2013 Colombia. Garantizamos el acceso efectivo a la justicia, la verdad y la reparaci\u00f3n de las v\u00edctimas de los delitos.","robots":{"index":"noindex","follow":"follow"},"og_locale":"es_ES","og_type":"article","og_title":"Fiscal\u00eda General de la Naci\u00f3n","og_description":"P\u00e1gina oficial de la Fiscal\u00eda General de la Naci\u00f3n \u2013 Colombia. Garantizamos el acceso efectivo a la justicia, la verdad y la reparaci\u00f3n de las v\u00edctimas de los delitos.","og_url":"https:\/\/www.fiscalia.gov.co\/colombia\/seccionales\/la-fiscalia-se-muestra-inconforme-con-el-juez-que-se-abstuvo-de-hacer-audiencia-contra-cinco-militares-por-falsos-positivos\/","og_site_name":"Fiscal\u00eda General de la Naci\u00f3n","article_publisher":"https:\/\/www.facebook.com\/FiscaliaCol","article_published_time":"2017-03-29T15:37:48+00:00","author":"dfgordillo","twitter_card":"summary_large_image","twitter_creator":"@FiscaliaCol","twitter_site":"@FiscaliaCol","twitter_misc":{"Escrito por":"dfgordillo","Tiempo de lectura":"2 minutos"},"schema":{"@context":"https:\/\/schema.org","@graph":[{"@type":"Article","@id":"https:\/\/www.fiscalia.gov.co\/colombia\/seccionales\/la-fiscalia-se-muestra-inconforme-con-el-juez-que-se-abstuvo-de-hacer-audiencia-contra-cinco-militares-por-falsos-positivos\/#article","isPartOf":{"@id":"https:\/\/www.fiscalia.gov.co\/colombia\/seccionales\/la-fiscalia-se-muestra-inconforme-con-el-juez-que-se-abstuvo-de-hacer-audiencia-contra-cinco-militares-por-falsos-positivos\/"},"author":{"name":"dfgordillo","@id":"https:\/\/www.fiscalia.gov.co\/colombia\/#\/schema\/person\/3903856a3ce2d54b094c69eb29247895"},"headline":"La Fiscal\u00eda se muestra inconforme con el juez que se abstuvo de hacer audiencia contra cinco militares por falsos positivos","datePublished":"2017-03-29T15:37:48+00:00","dateModified":"2017-03-29T15:37:48+00:00","mainEntityOfPage":{"@id":"https:\/\/www.fiscalia.gov.co\/colombia\/seccionales\/la-fiscalia-se-muestra-inconforme-con-el-juez-que-se-abstuvo-de-hacer-audiencia-contra-cinco-militares-por-falsos-positivos\/"},"wordCount":408,"publisher":{"@id":"https:\/\/www.fiscalia.gov.co\/colombia\/#organization"},"keywords":["Seguridad ciudadana"],"articleSection":["Seccional Bogot\u00e1","Seccionales"],"inLanguage":"es-CO"},{"@type":"WebPage","@id":"https:\/\/www.fiscalia.gov.co\/colombia\/seccionales\/la-fiscalia-se-muestra-inconforme-con-el-juez-que-se-abstuvo-de-hacer-audiencia-contra-cinco-militares-por-falsos-positivos\/","url":"https:\/\/www.fiscalia.gov.co\/colombia\/seccionales\/la-fiscalia-se-muestra-inconforme-con-el-juez-que-se-abstuvo-de-hacer-audiencia-contra-cinco-militares-por-falsos-positivos\/","name":"Fiscal\u00eda General de la Naci\u00f3n","isPartOf":{"@id":"https:\/\/www.fiscalia.gov.co\/colombia\/#website"},"datePublished":"2017-03-29T15:37:48+00:00","dateModified":"2017-03-29T15:37:48+00:00","description":"P\u00e1gina oficial de la Fiscal\u00eda General de la Naci\u00f3n \u2013 Colombia. Garantizamos el acceso efectivo a la justicia, la verdad y la reparaci\u00f3n de las v\u00edctimas de los delitos.","breadcrumb":{"@id":"https:\/\/www.fiscalia.gov.co\/colombia\/seccionales\/la-fiscalia-se-muestra-inconforme-con-el-juez-que-se-abstuvo-de-hacer-audiencia-contra-cinco-militares-por-falsos-positivos\/#breadcrumb"},"inLanguage":"es-CO","potentialAction":[{"@type":"ReadAction","target":["https:\/\/www.fiscalia.gov.co\/colombia\/seccionales\/la-fiscalia-se-muestra-inconforme-con-el-juez-que-se-abstuvo-de-hacer-audiencia-contra-cinco-militares-por-falsos-positivos\/"]}]},{"@type":"BreadcrumbList","@id":"https:\/\/www.fiscalia.gov.co\/colombia\/seccionales\/la-fiscalia-se-muestra-inconforme-con-el-juez-que-se-abstuvo-de-hacer-audiencia-contra-cinco-militares-por-falsos-positivos\/#breadcrumb","itemListElement":[{"@type":"ListItem","position":1,"name":"Home","item":"https:\/\/www.fiscalia.gov.co\/colombia\/"},{"@type":"ListItem","position":2,"name":"La Fiscal\u00eda se muestra inconforme con el juez que se abstuvo de hacer audiencia contra cinco militares por falsos positivos"}]},{"@type":"WebSite","@id":"https:\/\/www.fiscalia.gov.co\/colombia\/#website","url":"https:\/\/www.fiscalia.gov.co\/colombia\/","name":"Fiscal\u00eda General de la Naci\u00f3n","description":"P\u00e1gina oficial de la Fiscal\u00eda General de la Naci\u00f3n \u2013 Colombia. Garantizamos el acceso efectivo a la justicia, la verdad y la reparaci\u00f3n de las v\u00edctimas de los delitos.","publisher":{"@id":"https:\/\/www.fiscalia.gov.co\/colombia\/#organization"},"potentialAction":[{"@type":"SearchAction","target":{"@type":"EntryPoint","urlTemplate":"https:\/\/www.fiscalia.gov.co\/colombia\/?s={search_term_string}"},"query-input":{"@type":"PropertyValueSpecification","valueRequired":true,"valueName":"search_term_string"}}],"inLanguage":"es-CO"},{"@type":"Organization","@id":"https:\/\/www.fiscalia.gov.co\/colombia\/#organization","name":"Fiscal\u00eda General de la Naci\u00f3n","url":"https:\/\/www.fiscalia.gov.co\/colombia\/","logo":{"@type":"ImageObject","inLanguage":"es-CO","@id":"https:\/\/www.fiscalia.gov.co\/colombia\/#\/schema\/logo\/image\/","url":"https:\/\/www.fiscalia.gov.co\/colombia\/wp-content\/uploads\/LogoHorizontal_1.jpg","contentUrl":"https:\/\/www.fiscalia.gov.co\/colombia\/wp-content\/uploads\/LogoHorizontal_1.jpg","width":300,"height":90,"caption":"Fiscal\u00eda General de la Naci\u00f3n"},"image":{"@id":"https:\/\/www.fiscalia.gov.co\/colombia\/#\/schema\/logo\/image\/"},"sameAs":["https:\/\/www.facebook.com\/FiscaliaCol","https:\/\/x.com\/FiscaliaCol","https:\/\/www.instagram.com\/fiscaliacol","https:\/\/www.linkedin.com\/company\/fiscalia-general-de-la-naci-n\/","https:\/\/youtube.com\/@fiscaliageneraldelanacion-4668?si=6nN79nyQICPU5iTh"]},{"@type":"Person","@id":"https:\/\/www.fiscalia.gov.co\/colombia\/#\/schema\/person\/3903856a3ce2d54b094c69eb29247895","name":"dfgordillo","image":{"@type":"ImageObject","inLanguage":"es-CO","@id":"https:\/\/www.fiscalia.gov.co\/colombia\/#\/schema\/person\/image\/","url":"https:\/\/secure.gravatar.com\/avatar\/b6356e21c5657c60757fe6fb9493e947?s=96&d=mm&r=g","contentUrl":"https:\/\/secure.gravatar.com\/avatar\/b6356e21c5657c60757fe6fb9493e947?s=96&d=mm&r=g","caption":"dfgordillo"},"sameAs":["dfgordillo"],"url":"https:\/\/www.fiscalia.gov.co\/colombia\/author\/dfgordillo\/"}]}},"_links":{"self":[{"href":"https:\/\/www.fiscalia.gov.co\/colombia\/wp-json\/wp\/v2\/posts\/103494","targetHints":{"allow":["GET"]}}],"collection":[{"href":"https:\/\/www.fiscalia.gov.co\/colombia\/wp-json\/wp\/v2\/posts"}],"about":[{"href":"https:\/\/www.fiscalia.gov.co\/colombia\/wp-json\/wp\/v2\/types\/post"}],"author":[{"embeddable":true,"href":"https:\/\/www.fiscalia.gov.co\/colombia\/wp-json\/wp\/v2\/users\/143"}],"replies":[{"embeddable":true,"href":"https:\/\/www.fiscalia.gov.co\/colombia\/wp-json\/wp\/v2\/comments?post=103494"}],"version-history":[{"count":1,"href":"https:\/\/www.fiscalia.gov.co\/colombia\/wp-json\/wp\/v2\/posts\/103494\/revisions"}],"predecessor-version":[{"id":103495,"href":"https:\/\/www.fiscalia.gov.co\/colombia\/wp-json\/wp\/v2\/posts\/103494\/revisions\/103495"}],"wp:attachment":[{"href":"https:\/\/www.fiscalia.gov.co\/colombia\/wp-json\/wp\/v2\/media?parent=103494"}],"wp:term":[{"taxonomy":"category","embeddable":true,"href":"https:\/\/www.fiscalia.gov.co\/colombia\/wp-json\/wp\/v2\/categories?post=103494"},{"taxonomy":"post_tag","embeddable":true,"href":"https:\/\/www.fiscalia.gov.co\/colombia\/wp-json\/wp\/v2\/tags?post=103494"}],"curies":[{"name":"wp","href":"https:\/\/api.w.org\/{rel}","templated":true}]}}