{"id":103163,"date":"2017-03-24T14:44:16","date_gmt":"2017-03-24T19:44:16","guid":{"rendered":"http:\/\/www.fiscalia.gov.co\/colombia\/?p=103163"},"modified":"2017-03-24T14:44:16","modified_gmt":"2017-03-24T19:44:16","slug":"71-capturas-en-la-ultima-semana-deja-ofensiva-contra-el-hurto-en-todas-sus-modalidades","status":"publish","type":"post","link":"https:\/\/www.fiscalia.gov.co\/colombia\/noticias\/71-capturas-en-la-ultima-semana-deja-ofensiva-contra-el-hurto-en-todas-sus-modalidades\/","title":{"rendered":"71 capturas en la \u00faltima semana deja ofensiva contra el hurto en todas sus modalidades"},"content":{"rendered":"<p><em><span style=\"text-decoration: underline;\">Impactadas 10 bandas delincuenciales dedicadas al hurto.<\/span><\/em><\/p>\n<p>71 capturas y 10 organizaciones desmanteladas dejaron los operativos realizados en la \u00faltima semana, en 12 departamentos del pa\u00eds, contra el hurto en todas sus modalidades.<\/p>\n<p>Atl\u00e1ntico es el departamento donde se alcanz\u00f3 la mayor cantidad de capturas por hurto, con un total de 16 detenidos, seguido de Boyac\u00e1 con 13 y Meta con 10. Tambi\u00e9n se lograron resultados en Cundinamarca, Huila, Santander, Tolima, C\u00f3rdoba, Choc\u00f3, Cauca, Magdalena y Caquet\u00e1.<\/p>\n<p>Las capturas se desarrollaron en su mayor\u00eda por hechos relacionados con hurto de motocicletas y a personas, consistentes en robo de celulares y bolsos, entre otros.<\/p>\n<p>Entre los resultados que arroj\u00f3 esta ofensiva contra el hurto en el pa\u00eds, est\u00e1 la desarticulaci\u00f3n de 10 organizaciones criminales: dos en el departamento de Atl\u00e1ntico, otras dos en Meta, dos en Boyac\u00e1, una en Magdalena, otra en Huila, una en Santander y la \u00faltima en Cauca.<\/p>\n<p>Las organizaciones delincuenciales denominadas El Cid, Los Juncos, Los del Panorama, Los Gatos, Los Mijos, Los Luneros, Los Lisos, Los Carniceros, Los Chuquis II y Los Sabaneros, fueron impactadas as\u00ed:<br \/>\n<strong>1.\u00a0\u00a0\u00a0 <\/strong><strong>Los Carniceros &#8211; Magdalena<\/strong><\/p>\n<p>Se logr\u00f3 la desarticulaci\u00f3n de la banda delincuencial los Carniceros, con la captura de tres de sus presuntos integrantes, dedicados al hurto de ganado y posterior comercializaci\u00f3n de la carne, en los municipios de El Ret\u00e9n, Fundaci\u00f3n y Algarrobo (Magdalena).<\/p>\n<p>De acuerdo con la investigaci\u00f3n, los detenidos habr\u00edan hurtado 15 reces, v\u00edveres, uniformes de dotaci\u00f3n y dos celulares en la finca El Danubio, ubicada en el municipio de Aracataca (Magdalena), en agosto de 2016.<\/p>\n<p>&nbsp;<\/p>\n<p><strong>2.\u00a0\u00a0\u00a0 <\/strong><strong>Los Chuquis II &#8211; Atl\u00e1ntico<\/strong><\/p>\n<p>En el municipio de Sabanagrande (Atl\u00e1ntico), se logr\u00f3 la desarticulaci\u00f3n de la organizaci\u00f3n delincuencial autodenominada Los Chuquis II, dedicada al hurto a personas en sus diferentes modalidades, principalmente al atraco a mano armada, al hurto a residencias en la modalidad de ventosa, as\u00ed como al hurto a hospitales, colegios y entidades comerciales.<\/p>\n<p>Fueron capturados nueve de los presuntos integrantes de la banda mencionada, quienes se encontraban requeridos por el Juzgado Segundo Promiscuo Municipal con funciones de control de garant\u00edas de Malambo, por los delitos de concierto para delinquir con fines de hurto calificado y agravado.<\/p>\n<p>De acuerdo con la investigaci\u00f3n, Los Chuquis II era liderada por alias Happy y alias Robocop, quienes se dedicaban a distribuir funciones, dirigir y organizar las actividades delictivas, de igual manera de ubicar los centros de acopio para almacenar los elementos hurtados y a su vez repartirlos entre los integrantes de la organizaci\u00f3n, generando terror en los municipios de Soledad, Malambo, Sabanagrande, Santo Tom\u00e1s y Palmar de Varela (Atl\u00e1ntico).<\/p>\n<p>&nbsp;<\/p>\n<p><strong>3.\u00a0\u00a0\u00a0 <\/strong><strong>Los Sabaneros &#8211; Atl\u00e1ntico<\/strong><\/p>\n<p>Se logr\u00f3 la captura de Osnaider Emanuel Charris Castellanos y Jos\u00e9 Mar\u00eda Ar\u00e9valo Castillo, supuestos cabecillas de la banda Los Sabaneros, quienes ten\u00edan azotados los municipios del Atl\u00e1ntico, mediante el delito de hurto en la modalidad de pirater\u00eda terrestre.<\/p>\n<p>En las respectivas audiencias se legalizaron las capturas y se les imput\u00f3 el delito de hurto calificado agravado. Los imputados se allanaron a los cargos y el juez dict\u00f3 medida privativa de la libertad.<\/p>\n<p>&nbsp;<\/p>\n<p><strong>4.\u00a0\u00a0\u00a0 <\/strong><strong>El Cid &#8211; Boyac\u00e1<\/strong><\/p>\n<p>Diez presuntos integrantes de la organizaci\u00f3n criminal El Cid fueron capturados, por los delitos de homicidio agravado; fabricaci\u00f3n, tr\u00e1fico o porte de armas de fuego; hurto calificado y agravado y secuestro simple.<\/p>\n<p>Lo anterior por los hechos presentados el 4 de febrero del presente a\u00f1o, cuando en la madrugada investigadores del CTI Seccional Boyac\u00e1 y personal de Criminal\u00edstica CTI Tunja, atendieron un acto urgente en un hotel de esa ciudad, donde encontraron sin vida a su propietario, quien fue v\u00edctima de un asalto por parte de delincuentes que entraron y amordazaron a los empleados.<\/p>\n<p>&nbsp;<\/p>\n<p><strong>5.\u00a0\u00a0\u00a0 <\/strong><strong>Los del Panorama &#8211; Huila<\/strong><\/p>\n<p>En el barrio Panorama de Neiva (Huila), capturaron a tres personas, quienes ser\u00edan presuntamente integrantes de la banda Los del Panorama, estructura delincuencial conformada por aproximadamente cinco personas, que operan en el barrio mencionado, donde residen y guardan sus armas.<\/p>\n<p>Con las pistolas, rev\u00f3lveres y granadas de mano, realizaban extorsiones, hurtos y homicidios en diferentes sectores de la ciudad y del municipio de Rivera (Huila).<\/p>\n<p>Los indiciados fueron capturados por los delitos de fabricaci\u00f3n, tr\u00e1fico y porte de armas de fuego o municiones, y tr\u00e1fico, fabricaci\u00f3n o porte de estupefacientes.<\/p>\n<p>Durante el operativo adem\u00e1s se incaut\u00f3 un rev\u00f3lver calibre 32, seis cartuchos calibre 32 y 50 cartuchos calibre 38.<\/p>\n<p>&nbsp;<\/p>\n<p><strong>6.\u00a0\u00a0\u00a0 <\/strong><strong>Los Juncos &#8211; Boyac\u00e1<\/strong><\/p>\n<p>Con la materializaci\u00f3n de tres capturas por orden judicial, se impact\u00f3 la banda delincuencial Los Juncos, quienes ven\u00edan delinquiendo en el municipio de Sogamoso (Boyac\u00e1).<\/p>\n<p>De acuerdo con la investigaci\u00f3n, los capturados habr\u00edan participado en los hechos del 18 de marzo de 2013, donde de manera violenta unas personas entraron a un establecimiento comercial, en horas de la noche y hurtaron elementos valorados en cuatro millones quinientos mil pesos.<\/p>\n<p>&nbsp;<\/p>\n<p><strong>7.\u00a0\u00a0\u00a0 <\/strong><strong>Los Mijos \u2013 Cauca<\/strong><\/p>\n<p>Fue impactada la organizaci\u00f3n Los Mijos que delinque<strong> <\/strong>en los barrios Retiro Alto y Villa Garc\u00eda de la ciudad de Popay\u00e1n (Cauca), con la captura de dos de sus presuntos integrantes.<\/p>\n<p>Los detenidos por los delitos de hurto calificado y agravado, tr\u00e1fico fabricaci\u00f3n y porte de armas de fuego y tentativa de homicidio, se dedicaban al hurto a personas, celulares y bolsos. Asimismo presentan anotaciones por delitos de lesiones culposas, violencia contra servidor p\u00fablico y uso de documento falso.<\/p>\n<p>&nbsp;<\/p>\n<p><strong>8.\u00a0\u00a0\u00a0 <\/strong><strong>Los Luneros &#8211; Meta<\/strong><\/p>\n<p>Con el fin de materializar seis capturas correspondientes a presuntos integrantes de la banda Los Luneros, dedicados al halado, hurto de motos y acciones ilegales para negociar el rescate de motos con las v\u00edctimas la Fiscal\u00eda realiz\u00f3 varias diligencias de allanamiento en la capital de Meta.<\/p>\n<p>En los barrios Porvenir, Recreo, Salitre, Danubio y el Centro Comercial Unicentro de Villavicencio (Meta) se efectuaron las seis capturas, con el apoyo de la Polic\u00eda Metropolitana.<\/p>\n<p>&nbsp;<\/p>\n<p>&nbsp;<\/p>\n<p><strong>9.\u00a0\u00a0\u00a0 <\/strong><strong>Los Lisos \u2013 Meta<\/strong><\/p>\n<p>Se logr\u00f3 desarticular la banda Los Lisos, dedicada al hurto calificado, agravado en la modalidad de halado de motos en la capital de Meta. En el operativo se materializaron tres capturas.<\/p>\n<p>&nbsp;<\/p>\n<p><strong>10. <\/strong><strong>Los Gatos &#8211; Santander\u00a0\u00a0\u00a0\u00a0\u00a0\u00a0\u00a0 <\/strong><\/p>\n<p>En los barrios Villarosa y Las Granjas de Barrancabermeja (Santander), as\u00ed como en el municipio de San Pablo Sur de Bol\u00edvar, fue impactada la banda delincuencial Los Gatos,<strong> <\/strong>dedicada al hurto, con la captura de cuatro de sus posibles integrantes.<\/p>\n<p>Dentro de las diligencias adelantadas se logr\u00f3 la recuperaci\u00f3n de una motocicleta y un veh\u00edculo tipo camioneta, que hab\u00edan sido hurtadas bajo la modalidad de enga\u00f1o.<\/p>\n<p>Las otras 26 capturas se efectuaron por hechos aislados, referentes a hurto de autos y motocicletas en Huila, Atl\u00e1ntico, Choc\u00f3, C\u00f3rdoba y Caquet\u00e1; tambi\u00e9n una relacionada con el hurto a un establecimiento comercial en Bogot\u00e1 (Cundinamarca), otro a una residencia en Tolima, y a personas en Santander, Magdalena, Tolima, Choc\u00f3 y Meta.<\/p>\n<p>&nbsp;<\/p>\n<p>&nbsp;<\/p>\n<p>LMH\/DLBM<\/p>\n<p>&nbsp;<\/p>\n\n<div class=\"twitter-share\"><a href=\"https:\/\/twitter.com\/intent\/tweet?via=fiscaliacol\" class=\"twitter-share-button\">Tweet<\/a><\/div>\n","protected":false},"excerpt":{"rendered":"<p>Impactadas 10 bandas delincuenciales dedicadas al hurto. 71 capturas y 10 organizaciones desmanteladas dejaron los operativos realizados en la \u00faltima semana, en 12 departamentos del pa\u00eds, contra el hurto en todas sus modalidades. Atl\u00e1ntico es el departamento donde se alcanz\u00f3 la mayor cantidad de capturas por hurto, con un total de 16 detenidos, seguido de [&hellip;]<\/p>\n","protected":false},"author":143,"featured_media":0,"comment_status":"closed","ping_status":"open","sticky":false,"template":"","format":"standard","meta":{"_price":"","_stock":"","_tribe_ticket_header":"","_tribe_default_ticket_provider":"","_tribe_ticket_capacity":"0","_ticket_start_date":"","_ticket_end_date":"","_tribe_ticket_show_description":"","_tribe_ticket_show_not_going":false,"_tribe_ticket_use_global_stock":"","_tribe_ticket_global_stock_level":"","_global_stock_mode":"","_global_stock_cap":"","_tribe_rsvp_for_event":"","_tribe_ticket_going_count":"","_tribe_ticket_not_going_count":"","_tribe_tickets_list":"[]","_tribe_ticket_has_attendee_info_fields":false,"tdm_status":"","tdm_grid_status":"","footnotes":""},"categories":[1],"tags":[11101],"class_list":{"0":"post-103163","1":"post","2":"type-post","3":"status-publish","4":"format-standard","6":"category-noticias","7":"tag-seguridad-ciudadana"},"yoast_head":"<!-- This site is optimized with the Yoast SEO plugin v24.3 - https:\/\/yoast.com\/wordpress\/plugins\/seo\/ -->\n<title>Fiscal\u00eda General de la Naci\u00f3n<\/title>\n<meta name=\"description\" content=\"P\u00e1gina oficial de la Fiscal\u00eda General de la Naci\u00f3n \u2013 Colombia. Garantizamos el acceso efectivo a la justicia, la verdad y la reparaci\u00f3n de las v\u00edctimas de los delitos.\" \/>\n<meta name=\"robots\" content=\"noindex, follow\" \/>\n<meta property=\"og:locale\" content=\"es_ES\" \/>\n<meta property=\"og:type\" content=\"article\" \/>\n<meta property=\"og:title\" content=\"Fiscal\u00eda General de la Naci\u00f3n\" \/>\n<meta property=\"og:description\" content=\"P\u00e1gina oficial de la Fiscal\u00eda General de la Naci\u00f3n \u2013 Colombia. Garantizamos el acceso efectivo a la justicia, la verdad y la reparaci\u00f3n de las v\u00edctimas de los delitos.\" \/>\n<meta property=\"og:url\" content=\"https:\/\/www.fiscalia.gov.co\/colombia\/noticias\/71-capturas-en-la-ultima-semana-deja-ofensiva-contra-el-hurto-en-todas-sus-modalidades\/\" \/>\n<meta property=\"og:site_name\" content=\"Fiscal\u00eda General de la Naci\u00f3n\" \/>\n<meta property=\"article:publisher\" content=\"https:\/\/www.facebook.com\/FiscaliaCol\" \/>\n<meta property=\"article:published_time\" content=\"2017-03-24T19:44:16+00:00\" \/>\n<meta name=\"author\" content=\"dfgordillo\" \/>\n<meta name=\"twitter:card\" content=\"summary_large_image\" \/>\n<meta name=\"twitter:creator\" content=\"@FiscaliaCol\" \/>\n<meta name=\"twitter:site\" content=\"@FiscaliaCol\" \/>\n<meta name=\"twitter:label1\" content=\"Escrito por\" \/>\n\t<meta name=\"twitter:data1\" content=\"dfgordillo\" \/>\n\t<meta name=\"twitter:label2\" content=\"Tiempo de lectura\" \/>\n\t<meta name=\"twitter:data2\" content=\"6 minutos\" \/>\n<script type=\"application\/ld+json\" class=\"yoast-schema-graph\">{\"@context\":\"https:\/\/schema.org\",\"@graph\":[{\"@type\":\"Article\",\"@id\":\"https:\/\/www.fiscalia.gov.co\/colombia\/noticias\/71-capturas-en-la-ultima-semana-deja-ofensiva-contra-el-hurto-en-todas-sus-modalidades\/#article\",\"isPartOf\":{\"@id\":\"https:\/\/www.fiscalia.gov.co\/colombia\/noticias\/71-capturas-en-la-ultima-semana-deja-ofensiva-contra-el-hurto-en-todas-sus-modalidades\/\"},\"author\":{\"name\":\"dfgordillo\",\"@id\":\"https:\/\/www.fiscalia.gov.co\/colombia\/#\/schema\/person\/3903856a3ce2d54b094c69eb29247895\"},\"headline\":\"71 capturas en la \u00faltima semana deja ofensiva contra el hurto en todas sus modalidades\",\"datePublished\":\"2017-03-24T19:44:16+00:00\",\"dateModified\":\"2017-03-24T19:44:16+00:00\",\"mainEntityOfPage\":{\"@id\":\"https:\/\/www.fiscalia.gov.co\/colombia\/noticias\/71-capturas-en-la-ultima-semana-deja-ofensiva-contra-el-hurto-en-todas-sus-modalidades\/\"},\"wordCount\":1181,\"publisher\":{\"@id\":\"https:\/\/www.fiscalia.gov.co\/colombia\/#organization\"},\"keywords\":[\"Seguridad ciudadana\"],\"articleSection\":[\"Noticias\"],\"inLanguage\":\"es-CO\"},{\"@type\":\"WebPage\",\"@id\":\"https:\/\/www.fiscalia.gov.co\/colombia\/noticias\/71-capturas-en-la-ultima-semana-deja-ofensiva-contra-el-hurto-en-todas-sus-modalidades\/\",\"url\":\"https:\/\/www.fiscalia.gov.co\/colombia\/noticias\/71-capturas-en-la-ultima-semana-deja-ofensiva-contra-el-hurto-en-todas-sus-modalidades\/\",\"name\":\"Fiscal\u00eda General de la Naci\u00f3n\",\"isPartOf\":{\"@id\":\"https:\/\/www.fiscalia.gov.co\/colombia\/#website\"},\"datePublished\":\"2017-03-24T19:44:16+00:00\",\"dateModified\":\"2017-03-24T19:44:16+00:00\",\"description\":\"P\u00e1gina oficial de la Fiscal\u00eda General de la Naci\u00f3n \u2013 Colombia. Garantizamos el acceso efectivo a la justicia, la verdad y la reparaci\u00f3n de las v\u00edctimas de los delitos.\",\"breadcrumb\":{\"@id\":\"https:\/\/www.fiscalia.gov.co\/colombia\/noticias\/71-capturas-en-la-ultima-semana-deja-ofensiva-contra-el-hurto-en-todas-sus-modalidades\/#breadcrumb\"},\"inLanguage\":\"es-CO\",\"potentialAction\":[{\"@type\":\"ReadAction\",\"target\":[\"https:\/\/www.fiscalia.gov.co\/colombia\/noticias\/71-capturas-en-la-ultima-semana-deja-ofensiva-contra-el-hurto-en-todas-sus-modalidades\/\"]}]},{\"@type\":\"BreadcrumbList\",\"@id\":\"https:\/\/www.fiscalia.gov.co\/colombia\/noticias\/71-capturas-en-la-ultima-semana-deja-ofensiva-contra-el-hurto-en-todas-sus-modalidades\/#breadcrumb\",\"itemListElement\":[{\"@type\":\"ListItem\",\"position\":1,\"name\":\"Home\",\"item\":\"https:\/\/www.fiscalia.gov.co\/colombia\/\"},{\"@type\":\"ListItem\",\"position\":2,\"name\":\"71 capturas en la \u00faltima semana deja ofensiva contra el hurto en todas sus modalidades\"}]},{\"@type\":\"WebSite\",\"@id\":\"https:\/\/www.fiscalia.gov.co\/colombia\/#website\",\"url\":\"https:\/\/www.fiscalia.gov.co\/colombia\/\",\"name\":\"Fiscal\u00eda General de la Naci\u00f3n\",\"description\":\"P\u00e1gina oficial de la Fiscal\u00eda General de la Naci\u00f3n \u2013 Colombia. Garantizamos el acceso efectivo a la justicia, la verdad y la reparaci\u00f3n de las v\u00edctimas de los delitos.\",\"publisher\":{\"@id\":\"https:\/\/www.fiscalia.gov.co\/colombia\/#organization\"},\"potentialAction\":[{\"@type\":\"SearchAction\",\"target\":{\"@type\":\"EntryPoint\",\"urlTemplate\":\"https:\/\/www.fiscalia.gov.co\/colombia\/?s={search_term_string}\"},\"query-input\":{\"@type\":\"PropertyValueSpecification\",\"valueRequired\":true,\"valueName\":\"search_term_string\"}}],\"inLanguage\":\"es-CO\"},{\"@type\":\"Organization\",\"@id\":\"https:\/\/www.fiscalia.gov.co\/colombia\/#organization\",\"name\":\"Fiscal\u00eda General de la Naci\u00f3n\",\"url\":\"https:\/\/www.fiscalia.gov.co\/colombia\/\",\"logo\":{\"@type\":\"ImageObject\",\"inLanguage\":\"es-CO\",\"@id\":\"https:\/\/www.fiscalia.gov.co\/colombia\/#\/schema\/logo\/image\/\",\"url\":\"https:\/\/www.fiscalia.gov.co\/colombia\/wp-content\/uploads\/LogoHorizontal_1.jpg\",\"contentUrl\":\"https:\/\/www.fiscalia.gov.co\/colombia\/wp-content\/uploads\/LogoHorizontal_1.jpg\",\"width\":300,\"height\":90,\"caption\":\"Fiscal\u00eda General de la Naci\u00f3n\"},\"image\":{\"@id\":\"https:\/\/www.fiscalia.gov.co\/colombia\/#\/schema\/logo\/image\/\"},\"sameAs\":[\"https:\/\/www.facebook.com\/FiscaliaCol\",\"https:\/\/x.com\/FiscaliaCol\",\"https:\/\/www.instagram.com\/fiscaliacol\",\"https:\/\/www.linkedin.com\/company\/fiscalia-general-de-la-naci-n\/\",\"https:\/\/youtube.com\/@fiscaliageneraldelanacion-4668?si=6nN79nyQICPU5iTh\"]},{\"@type\":\"Person\",\"@id\":\"https:\/\/www.fiscalia.gov.co\/colombia\/#\/schema\/person\/3903856a3ce2d54b094c69eb29247895\",\"name\":\"dfgordillo\",\"image\":{\"@type\":\"ImageObject\",\"inLanguage\":\"es-CO\",\"@id\":\"https:\/\/www.fiscalia.gov.co\/colombia\/#\/schema\/person\/image\/\",\"url\":\"https:\/\/secure.gravatar.com\/avatar\/b6356e21c5657c60757fe6fb9493e947?s=96&d=mm&r=g\",\"contentUrl\":\"https:\/\/secure.gravatar.com\/avatar\/b6356e21c5657c60757fe6fb9493e947?s=96&d=mm&r=g\",\"caption\":\"dfgordillo\"},\"sameAs\":[\"dfgordillo\"],\"url\":\"https:\/\/www.fiscalia.gov.co\/colombia\/author\/dfgordillo\/\"}]}<\/script>\n<!-- \/ Yoast SEO plugin. -->","yoast_head_json":{"title":"Fiscal\u00eda General de la Naci\u00f3n","description":"P\u00e1gina oficial de la Fiscal\u00eda General de la Naci\u00f3n \u2013 Colombia. Garantizamos el acceso efectivo a la justicia, la verdad y la reparaci\u00f3n de las v\u00edctimas de los delitos.","robots":{"index":"noindex","follow":"follow"},"og_locale":"es_ES","og_type":"article","og_title":"Fiscal\u00eda General de la Naci\u00f3n","og_description":"P\u00e1gina oficial de la Fiscal\u00eda General de la Naci\u00f3n \u2013 Colombia. Garantizamos el acceso efectivo a la justicia, la verdad y la reparaci\u00f3n de las v\u00edctimas de los delitos.","og_url":"https:\/\/www.fiscalia.gov.co\/colombia\/noticias\/71-capturas-en-la-ultima-semana-deja-ofensiva-contra-el-hurto-en-todas-sus-modalidades\/","og_site_name":"Fiscal\u00eda General de la Naci\u00f3n","article_publisher":"https:\/\/www.facebook.com\/FiscaliaCol","article_published_time":"2017-03-24T19:44:16+00:00","author":"dfgordillo","twitter_card":"summary_large_image","twitter_creator":"@FiscaliaCol","twitter_site":"@FiscaliaCol","twitter_misc":{"Escrito por":"dfgordillo","Tiempo de lectura":"6 minutos"},"schema":{"@context":"https:\/\/schema.org","@graph":[{"@type":"Article","@id":"https:\/\/www.fiscalia.gov.co\/colombia\/noticias\/71-capturas-en-la-ultima-semana-deja-ofensiva-contra-el-hurto-en-todas-sus-modalidades\/#article","isPartOf":{"@id":"https:\/\/www.fiscalia.gov.co\/colombia\/noticias\/71-capturas-en-la-ultima-semana-deja-ofensiva-contra-el-hurto-en-todas-sus-modalidades\/"},"author":{"name":"dfgordillo","@id":"https:\/\/www.fiscalia.gov.co\/colombia\/#\/schema\/person\/3903856a3ce2d54b094c69eb29247895"},"headline":"71 capturas en la \u00faltima semana deja ofensiva contra el hurto en todas sus modalidades","datePublished":"2017-03-24T19:44:16+00:00","dateModified":"2017-03-24T19:44:16+00:00","mainEntityOfPage":{"@id":"https:\/\/www.fiscalia.gov.co\/colombia\/noticias\/71-capturas-en-la-ultima-semana-deja-ofensiva-contra-el-hurto-en-todas-sus-modalidades\/"},"wordCount":1181,"publisher":{"@id":"https:\/\/www.fiscalia.gov.co\/colombia\/#organization"},"keywords":["Seguridad ciudadana"],"articleSection":["Noticias"],"inLanguage":"es-CO"},{"@type":"WebPage","@id":"https:\/\/www.fiscalia.gov.co\/colombia\/noticias\/71-capturas-en-la-ultima-semana-deja-ofensiva-contra-el-hurto-en-todas-sus-modalidades\/","url":"https:\/\/www.fiscalia.gov.co\/colombia\/noticias\/71-capturas-en-la-ultima-semana-deja-ofensiva-contra-el-hurto-en-todas-sus-modalidades\/","name":"Fiscal\u00eda General de la Naci\u00f3n","isPartOf":{"@id":"https:\/\/www.fiscalia.gov.co\/colombia\/#website"},"datePublished":"2017-03-24T19:44:16+00:00","dateModified":"2017-03-24T19:44:16+00:00","description":"P\u00e1gina oficial de la Fiscal\u00eda General de la Naci\u00f3n \u2013 Colombia. Garantizamos el acceso efectivo a la justicia, la verdad y la reparaci\u00f3n de las v\u00edctimas de los delitos.","breadcrumb":{"@id":"https:\/\/www.fiscalia.gov.co\/colombia\/noticias\/71-capturas-en-la-ultima-semana-deja-ofensiva-contra-el-hurto-en-todas-sus-modalidades\/#breadcrumb"},"inLanguage":"es-CO","potentialAction":[{"@type":"ReadAction","target":["https:\/\/www.fiscalia.gov.co\/colombia\/noticias\/71-capturas-en-la-ultima-semana-deja-ofensiva-contra-el-hurto-en-todas-sus-modalidades\/"]}]},{"@type":"BreadcrumbList","@id":"https:\/\/www.fiscalia.gov.co\/colombia\/noticias\/71-capturas-en-la-ultima-semana-deja-ofensiva-contra-el-hurto-en-todas-sus-modalidades\/#breadcrumb","itemListElement":[{"@type":"ListItem","position":1,"name":"Home","item":"https:\/\/www.fiscalia.gov.co\/colombia\/"},{"@type":"ListItem","position":2,"name":"71 capturas en la \u00faltima semana deja ofensiva contra el hurto en todas sus modalidades"}]},{"@type":"WebSite","@id":"https:\/\/www.fiscalia.gov.co\/colombia\/#website","url":"https:\/\/www.fiscalia.gov.co\/colombia\/","name":"Fiscal\u00eda General de la Naci\u00f3n","description":"P\u00e1gina oficial de la Fiscal\u00eda General de la Naci\u00f3n \u2013 Colombia. Garantizamos el acceso efectivo a la justicia, la verdad y la reparaci\u00f3n de las v\u00edctimas de los delitos.","publisher":{"@id":"https:\/\/www.fiscalia.gov.co\/colombia\/#organization"},"potentialAction":[{"@type":"SearchAction","target":{"@type":"EntryPoint","urlTemplate":"https:\/\/www.fiscalia.gov.co\/colombia\/?s={search_term_string}"},"query-input":{"@type":"PropertyValueSpecification","valueRequired":true,"valueName":"search_term_string"}}],"inLanguage":"es-CO"},{"@type":"Organization","@id":"https:\/\/www.fiscalia.gov.co\/colombia\/#organization","name":"Fiscal\u00eda General de la Naci\u00f3n","url":"https:\/\/www.fiscalia.gov.co\/colombia\/","logo":{"@type":"ImageObject","inLanguage":"es-CO","@id":"https:\/\/www.fiscalia.gov.co\/colombia\/#\/schema\/logo\/image\/","url":"https:\/\/www.fiscalia.gov.co\/colombia\/wp-content\/uploads\/LogoHorizontal_1.jpg","contentUrl":"https:\/\/www.fiscalia.gov.co\/colombia\/wp-content\/uploads\/LogoHorizontal_1.jpg","width":300,"height":90,"caption":"Fiscal\u00eda General de la Naci\u00f3n"},"image":{"@id":"https:\/\/www.fiscalia.gov.co\/colombia\/#\/schema\/logo\/image\/"},"sameAs":["https:\/\/www.facebook.com\/FiscaliaCol","https:\/\/x.com\/FiscaliaCol","https:\/\/www.instagram.com\/fiscaliacol","https:\/\/www.linkedin.com\/company\/fiscalia-general-de-la-naci-n\/","https:\/\/youtube.com\/@fiscaliageneraldelanacion-4668?si=6nN79nyQICPU5iTh"]},{"@type":"Person","@id":"https:\/\/www.fiscalia.gov.co\/colombia\/#\/schema\/person\/3903856a3ce2d54b094c69eb29247895","name":"dfgordillo","image":{"@type":"ImageObject","inLanguage":"es-CO","@id":"https:\/\/www.fiscalia.gov.co\/colombia\/#\/schema\/person\/image\/","url":"https:\/\/secure.gravatar.com\/avatar\/b6356e21c5657c60757fe6fb9493e947?s=96&d=mm&r=g","contentUrl":"https:\/\/secure.gravatar.com\/avatar\/b6356e21c5657c60757fe6fb9493e947?s=96&d=mm&r=g","caption":"dfgordillo"},"sameAs":["dfgordillo"],"url":"https:\/\/www.fiscalia.gov.co\/colombia\/author\/dfgordillo\/"}]}},"_links":{"self":[{"href":"https:\/\/www.fiscalia.gov.co\/colombia\/wp-json\/wp\/v2\/posts\/103163","targetHints":{"allow":["GET"]}}],"collection":[{"href":"https:\/\/www.fiscalia.gov.co\/colombia\/wp-json\/wp\/v2\/posts"}],"about":[{"href":"https:\/\/www.fiscalia.gov.co\/colombia\/wp-json\/wp\/v2\/types\/post"}],"author":[{"embeddable":true,"href":"https:\/\/www.fiscalia.gov.co\/colombia\/wp-json\/wp\/v2\/users\/143"}],"replies":[{"embeddable":true,"href":"https:\/\/www.fiscalia.gov.co\/colombia\/wp-json\/wp\/v2\/comments?post=103163"}],"version-history":[{"count":2,"href":"https:\/\/www.fiscalia.gov.co\/colombia\/wp-json\/wp\/v2\/posts\/103163\/revisions"}],"predecessor-version":[{"id":103166,"href":"https:\/\/www.fiscalia.gov.co\/colombia\/wp-json\/wp\/v2\/posts\/103163\/revisions\/103166"}],"wp:attachment":[{"href":"https:\/\/www.fiscalia.gov.co\/colombia\/wp-json\/wp\/v2\/media?parent=103163"}],"wp:term":[{"taxonomy":"category","embeddable":true,"href":"https:\/\/www.fiscalia.gov.co\/colombia\/wp-json\/wp\/v2\/categories?post=103163"},{"taxonomy":"post_tag","embeddable":true,"href":"https:\/\/www.fiscalia.gov.co\/colombia\/wp-json\/wp\/v2\/tags?post=103163"}],"curies":[{"name":"wp","href":"https:\/\/api.w.org\/{rel}","templated":true}]}}