{"id":101692,"date":"2017-03-08T18:04:15","date_gmt":"2017-03-08T23:04:15","guid":{"rendered":"http:\/\/www.fiscalia.gov.co\/colombia\/?p=101692"},"modified":"2017-03-22T09:59:52","modified_gmt":"2017-03-22T14:59:52","slug":"fgn-mocoa-inv-002-2017","status":"publish","type":"post","link":"https:\/\/www.fiscalia.gov.co\/colombia\/aviso\/fgn-mocoa-inv-002-2017\/","title":{"rendered":"FGN-MOCOA- INV.002-2017 &#8220;MANTENIMIENTO PREVENTIVO Y CORRECTIVO DE AIRES ACONDICIONADOS&#8221;"},"content":{"rendered":"[spiderpowa-pdf src=&#8221;http:\/\/www.fiscalia.gov.co\/colombia\/wp-content\/uploads\/informe-de-evaluacion-invitacion-No.002-2017.pdf&#8221;]<a href=\"http:\/\/www.fiscalia.gov.co\/colombia\/aviso\/fgn-mocoa-inv-002-2017\/attachment\/informe-de-evaluacion-invitacion-no-002-2017\/\" rel=\"attachment wp-att-102888\">informe de evaluacion invitacion No.002-2017<\/a>[spiderpowa-pdf src=&#8221;http:\/\/www.fiscalia.gov.co\/colombia\/wp-content\/uploads\/INFORME-DE-EVALUACION-NO.03-DEL-22-03-2017.pdf&#8221;]<a href=\"http:\/\/www.fiscalia.gov.co\/colombia\/aviso\/fgn-mocoa-inv-002-2017\/attachment\/informe-de-evaluacion-no-03-del-22-03-2017\/\" rel=\"attachment wp-att-102889\">INFORME DE EVALUACION NO.03 DEL -22-03-2017<\/a>[spiderpowa-pdf src=&#8221;http:\/\/www.fiscalia.gov.co\/colombia\/wp-content\/uploads\/ESTUDIO-PREVIO-AIRES-ACONDICIONADOS-2017.pdf&#8221;]<a href=\"http:\/\/www.fiscalia.gov.co\/colombia\/aviso\/fgn-mocoa-inv-002-2017\/attachment\/estudio-previo-aires-acondicionados-2017\/\" rel=\"attachment wp-att-101693\">ESTUDIO PREVIO AIRES ACONDICIONADOS 2017<\/a>[spiderpowa-pdf src=&#8221;http:\/\/www.fiscalia.gov.co\/colombia\/wp-content\/uploads\/ESTUDIO-DEL-SECTOR-AIRES-ACONDICIONADOS.pdf&#8221;]<a href=\"http:\/\/www.fiscalia.gov.co\/colombia\/aviso\/fgn-mocoa-inv-002-2017\/attachment\/estudio-del-sector-aires-acondicionados\/\" rel=\"attachment wp-att-101694\">ESTUDIO DEL SECTOR AIRES ACONDICIONADOS<\/a>[spiderpowa-pdf src=&#8221;http:\/\/www.fiscalia.gov.co\/colombia\/wp-content\/uploads\/INVITACION-PUBLICA-N.-002-2017.pdf&#8221;]<a href=\"http:\/\/www.fiscalia.gov.co\/colombia\/aviso\/fgn-mocoa-inv-002-2017\/attachment\/invitacion-publica-n-002-2017\/\" rel=\"attachment wp-att-101695\">INVITACION PUBLICA N. 002 &#8211; 2017<\/a>[spiderpowa-pdf src=&#8221;http:\/\/www.fiscalia.gov.co\/colombia\/wp-content\/uploads\/ANEXO-1-CARTA-DE-PRESENTACION1.pdf&#8221;]<a href=\"http:\/\/www.fiscalia.gov.co\/colombia\/aviso\/fgn-mocoa-inv-002-2017\/attachment\/anexo-1-carta-de-presentacion-2\/\" rel=\"attachment wp-att-101696\">ANEXO 1 CARTA DE PRESENTACION<\/a>[spiderpowa-pdf src=&#8221;http:\/\/www.fiscalia.gov.co\/colombia\/wp-content\/uploads\/ANEXO-2-OFERTA-TECNICA.pdf&#8221;]<a href=\"http:\/\/www.fiscalia.gov.co\/colombia\/aviso\/fgn-mocoa-inv-002-2017\/attachment\/anexo-2-oferta-tecnica\/\" rel=\"attachment wp-att-101697\">ANEXO 2 OFERTA TECNICA<\/a>[spiderpowa-pdf src=&#8221;http:\/\/www.fiscalia.gov.co\/colombia\/wp-content\/uploads\/ANEXO-3-OFERTA-ECONOMICA.pdf&#8221;]<a href=\"http:\/\/www.fiscalia.gov.co\/colombia\/aviso\/fgn-mocoa-inv-002-2017\/attachment\/anexo-3-oferta-economica\/\" rel=\"attachment wp-att-101698\">ANEXO -3 OFERTA ECONOMICA<\/a><a href=\"http:\/\/www.fiscalia.gov.co\/colombia\/aviso\/fgn-mocoa-inv-002-2017\/attachment\/anexo-4-portafolio-de-servicios\/\" rel=\"attachment wp-att-101699\">ANEXO 4 PORTAFOLIO DE SERVICIOS<\/a><a href=\"http:\/\/www.fiscalia.gov.co\/colombia\/aviso\/fgn-mocoa-inv-002-2017\/attachment\/anexo-5-matriz-de-riesgos\/\" rel=\"attachment wp-att-101700\">ANEXO 5 MATRIZ DE RIESGOS<\/a><a href=\"http:\/\/www.fiscalia.gov.co\/colombia\/aviso\/fgn-mocoa-inv-002-2017\/attachment\/anexo-6-estudio-de-mercado\/\" rel=\"attachment wp-att-101701\">ANEXO 6 ESTUDIO DE MERCADO<\/a>[spiderpowa-pdf src=&#8221;http:\/\/www.fiscalia.gov.co\/colombia\/wp-content\/uploads\/ANEXO-7-COMPROMISO-ANTICORRUPCION.pdf&#8221;]<a href=\"http:\/\/www.fiscalia.gov.co\/colombia\/aviso\/fgn-mocoa-inv-002-2017\/attachment\/anexo-7-compromiso-anticorrupcion\/\" rel=\"attachment wp-att-101702\">ANEXO 7 COMPROMISO ANTICORRUPCION<\/a><\/p>\n<p>&nbsp;<\/p>\n\n<div class=\"twitter-share\"><a href=\"https:\/\/twitter.com\/intent\/tweet?via=fiscaliacol\" class=\"twitter-share-button\">Tweet<\/a><\/div>\n","protected":false},"excerpt":{"rendered":"<p>[spiderpowa-pdf src=&#8221;http:\/\/www.fiscalia.gov.co\/colombia\/wp-content\/uploads\/informe-de-evaluacion-invitacion-No.002-2017.pdf&#8221;]informe de evaluacion invitacion No.002-2017[spiderpowa-pdf src=&#8221;http:\/\/www.fiscalia.gov.co\/colombia\/wp-content\/uploads\/INFORME-DE-EVALUACION-NO.03-DEL-22-03-2017.pdf&#8221;]INFORME DE EVALUACION NO.03 DEL -22-03-2017[spiderpowa-pdf src=&#8221;http:\/\/www.fiscalia.gov.co\/colombia\/wp-content\/uploads\/ESTUDIO-PREVIO-AIRES-ACONDICIONADOS-2017.pdf&#8221;]ESTUDIO PREVIO AIRES ACONDICIONADOS 2017[spiderpowa-pdf src=&#8221;http:\/\/www.fiscalia.gov.co\/colombia\/wp-content\/uploads\/ESTUDIO-DEL-SECTOR-AIRES-ACONDICIONADOS.pdf&#8221;]ESTUDIO DEL SECTOR AIRES ACONDICIONADOS[spiderpowa-pdf src=&#8221;http:\/\/www.fiscalia.gov.co\/colombia\/wp-content\/uploads\/INVITACION-PUBLICA-N.-002-2017.pdf&#8221;]INVITACION PUBLICA N. 002 &#8211; 2017[spiderpowa-pdf src=&#8221;http:\/\/www.fiscalia.gov.co\/colombia\/wp-content\/uploads\/ANEXO-1-CARTA-DE-PRESENTACION1.pdf&#8221;]ANEXO 1 CARTA DE PRESENTACION[spiderpowa-pdf src=&#8221;http:\/\/www.fiscalia.gov.co\/colombia\/wp-content\/uploads\/ANEXO-2-OFERTA-TECNICA.pdf&#8221;]ANEXO 2 OFERTA TECNICA[spiderpowa-pdf src=&#8221;http:\/\/www.fiscalia.gov.co\/colombia\/wp-content\/uploads\/ANEXO-3-OFERTA-ECONOMICA.pdf&#8221;]ANEXO -3 OFERTA ECONOMICAANEXO 4 PORTAFOLIO DE SERVICIOSANEXO 5 MATRIZ DE RIESGOSANEXO 6 ESTUDIO DE MERCADO[spiderpowa-pdf src=&#8221;http:\/\/www.fiscalia.gov.co\/colombia\/wp-content\/uploads\/ANEXO-7-COMPROMISO-ANTICORRUPCION.pdf&#8221;]ANEXO 7 [&hellip;]<\/p>\n","protected":false},"author":143,"featured_media":0,"comment_status":"closed","ping_status":"open","sticky":false,"template":"","format":"standard","meta":{"_price":"","_stock":"","_tribe_ticket_header":"","_tribe_default_ticket_provider":"","_tribe_ticket_capacity":"0","_ticket_start_date":"","_ticket_end_date":"","_tribe_ticket_show_description":"","_tribe_ticket_show_not_going":false,"_tribe_ticket_use_global_stock":"","_tribe_ticket_global_stock_level":"","_global_stock_mode":"","_global_stock_cap":"","_tribe_rsvp_for_event":"","_tribe_ticket_going_count":"","_tribe_ticket_not_going_count":"","_tribe_tickets_list":"[]","_tribe_ticket_has_attendee_info_fields":false,"tdm_status":"","tdm_grid_status":"","footnotes":""},"categories":[820,835],"tags":[],"class_list":{"0":"post-101692","1":"post","2":"type-post","3":"status-publish","4":"format-standard","6":"category-aviso","7":"category-contratos-mocoa"},"yoast_head":"<!-- This site is optimized with the Yoast SEO plugin v24.3 - https:\/\/yoast.com\/wordpress\/plugins\/seo\/ -->\n<title>Fiscal\u00eda General de la Naci\u00f3n<\/title>\n<meta name=\"description\" content=\"P\u00e1gina oficial de la Fiscal\u00eda General de la Naci\u00f3n \u2013 Colombia. Garantizamos el acceso efectivo a la justicia, la verdad y la reparaci\u00f3n de las v\u00edctimas de los delitos.\" \/>\n<meta name=\"robots\" content=\"noindex, follow\" \/>\n<meta property=\"og:locale\" content=\"es_ES\" \/>\n<meta property=\"og:type\" content=\"article\" \/>\n<meta property=\"og:title\" content=\"Fiscal\u00eda General de la Naci\u00f3n\" \/>\n<meta property=\"og:description\" content=\"P\u00e1gina oficial de la Fiscal\u00eda General de la Naci\u00f3n \u2013 Colombia. Garantizamos el acceso efectivo a la justicia, la verdad y la reparaci\u00f3n de las v\u00edctimas de los delitos.\" \/>\n<meta property=\"og:url\" content=\"https:\/\/www.fiscalia.gov.co\/colombia\/aviso\/fgn-mocoa-inv-002-2017\/\" \/>\n<meta property=\"og:site_name\" content=\"Fiscal\u00eda General de la Naci\u00f3n\" \/>\n<meta property=\"article:publisher\" content=\"https:\/\/www.facebook.com\/FiscaliaCol\" \/>\n<meta property=\"article:published_time\" content=\"2017-03-08T23:04:15+00:00\" \/>\n<meta property=\"article:modified_time\" content=\"2017-03-22T14:59:52+00:00\" \/>\n<meta name=\"author\" content=\"dfgordillo\" \/>\n<meta name=\"twitter:card\" content=\"summary_large_image\" \/>\n<meta name=\"twitter:creator\" content=\"@FiscaliaCol\" \/>\n<meta name=\"twitter:site\" content=\"@FiscaliaCol\" \/>\n<meta name=\"twitter:label1\" content=\"Escrito por\" \/>\n\t<meta name=\"twitter:data1\" content=\"dfgordillo\" \/>\n\t<meta name=\"twitter:label2\" content=\"Tiempo de lectura\" \/>\n\t<meta name=\"twitter:data2\" content=\"1 minuto\" \/>\n<script type=\"application\/ld+json\" class=\"yoast-schema-graph\">{\"@context\":\"https:\/\/schema.org\",\"@graph\":[{\"@type\":\"Article\",\"@id\":\"https:\/\/www.fiscalia.gov.co\/colombia\/aviso\/fgn-mocoa-inv-002-2017\/#article\",\"isPartOf\":{\"@id\":\"https:\/\/www.fiscalia.gov.co\/colombia\/aviso\/fgn-mocoa-inv-002-2017\/\"},\"author\":{\"name\":\"dfgordillo\",\"@id\":\"https:\/\/www.fiscalia.gov.co\/colombia\/#\/schema\/person\/3903856a3ce2d54b094c69eb29247895\"},\"headline\":\"FGN-MOCOA- INV.002-2017 &#8220;MANTENIMIENTO PREVENTIVO Y CORRECTIVO DE AIRES ACONDICIONADOS&#8221;\",\"datePublished\":\"2017-03-08T23:04:15+00:00\",\"dateModified\":\"2017-03-22T14:59:52+00:00\",\"mainEntityOfPage\":{\"@id\":\"https:\/\/www.fiscalia.gov.co\/colombia\/aviso\/fgn-mocoa-inv-002-2017\/\"},\"wordCount\":182,\"publisher\":{\"@id\":\"https:\/\/www.fiscalia.gov.co\/colombia\/#organization\"},\"articleSection\":[\"Procesos\",\"Procesos Mocoa\"],\"inLanguage\":\"es-CO\"},{\"@type\":\"WebPage\",\"@id\":\"https:\/\/www.fiscalia.gov.co\/colombia\/aviso\/fgn-mocoa-inv-002-2017\/\",\"url\":\"https:\/\/www.fiscalia.gov.co\/colombia\/aviso\/fgn-mocoa-inv-002-2017\/\",\"name\":\"Fiscal\u00eda General de la Naci\u00f3n\",\"isPartOf\":{\"@id\":\"https:\/\/www.fiscalia.gov.co\/colombia\/#website\"},\"datePublished\":\"2017-03-08T23:04:15+00:00\",\"dateModified\":\"2017-03-22T14:59:52+00:00\",\"description\":\"P\u00e1gina oficial de la Fiscal\u00eda General de la Naci\u00f3n \u2013 Colombia. Garantizamos el acceso efectivo a la justicia, la verdad y la reparaci\u00f3n de las v\u00edctimas de los delitos.\",\"breadcrumb\":{\"@id\":\"https:\/\/www.fiscalia.gov.co\/colombia\/aviso\/fgn-mocoa-inv-002-2017\/#breadcrumb\"},\"inLanguage\":\"es-CO\",\"potentialAction\":[{\"@type\":\"ReadAction\",\"target\":[\"https:\/\/www.fiscalia.gov.co\/colombia\/aviso\/fgn-mocoa-inv-002-2017\/\"]}]},{\"@type\":\"BreadcrumbList\",\"@id\":\"https:\/\/www.fiscalia.gov.co\/colombia\/aviso\/fgn-mocoa-inv-002-2017\/#breadcrumb\",\"itemListElement\":[{\"@type\":\"ListItem\",\"position\":1,\"name\":\"Home\",\"item\":\"https:\/\/www.fiscalia.gov.co\/colombia\/\"},{\"@type\":\"ListItem\",\"position\":2,\"name\":\"FGN-MOCOA- INV.002-2017 &#8220;MANTENIMIENTO PREVENTIVO Y CORRECTIVO DE AIRES ACONDICIONADOS&#8221;\"}]},{\"@type\":\"WebSite\",\"@id\":\"https:\/\/www.fiscalia.gov.co\/colombia\/#website\",\"url\":\"https:\/\/www.fiscalia.gov.co\/colombia\/\",\"name\":\"Fiscal\u00eda General de la Naci\u00f3n\",\"description\":\"P\u00e1gina oficial de la Fiscal\u00eda General de la Naci\u00f3n \u2013 Colombia. Garantizamos el acceso efectivo a la justicia, la verdad y la reparaci\u00f3n de las v\u00edctimas de los delitos.\",\"publisher\":{\"@id\":\"https:\/\/www.fiscalia.gov.co\/colombia\/#organization\"},\"potentialAction\":[{\"@type\":\"SearchAction\",\"target\":{\"@type\":\"EntryPoint\",\"urlTemplate\":\"https:\/\/www.fiscalia.gov.co\/colombia\/?s={search_term_string}\"},\"query-input\":{\"@type\":\"PropertyValueSpecification\",\"valueRequired\":true,\"valueName\":\"search_term_string\"}}],\"inLanguage\":\"es-CO\"},{\"@type\":\"Organization\",\"@id\":\"https:\/\/www.fiscalia.gov.co\/colombia\/#organization\",\"name\":\"Fiscal\u00eda General de la Naci\u00f3n\",\"url\":\"https:\/\/www.fiscalia.gov.co\/colombia\/\",\"logo\":{\"@type\":\"ImageObject\",\"inLanguage\":\"es-CO\",\"@id\":\"https:\/\/www.fiscalia.gov.co\/colombia\/#\/schema\/logo\/image\/\",\"url\":\"https:\/\/www.fiscalia.gov.co\/colombia\/wp-content\/uploads\/LogoHorizontal_1.jpg\",\"contentUrl\":\"https:\/\/www.fiscalia.gov.co\/colombia\/wp-content\/uploads\/LogoHorizontal_1.jpg\",\"width\":300,\"height\":90,\"caption\":\"Fiscal\u00eda General de la Naci\u00f3n\"},\"image\":{\"@id\":\"https:\/\/www.fiscalia.gov.co\/colombia\/#\/schema\/logo\/image\/\"},\"sameAs\":[\"https:\/\/www.facebook.com\/FiscaliaCol\",\"https:\/\/x.com\/FiscaliaCol\",\"https:\/\/www.instagram.com\/fiscaliacol\",\"https:\/\/www.linkedin.com\/company\/fiscalia-general-de-la-naci-n\/\",\"https:\/\/youtube.com\/@fiscaliageneraldelanacion-4668?si=6nN79nyQICPU5iTh\"]},{\"@type\":\"Person\",\"@id\":\"https:\/\/www.fiscalia.gov.co\/colombia\/#\/schema\/person\/3903856a3ce2d54b094c69eb29247895\",\"name\":\"dfgordillo\",\"image\":{\"@type\":\"ImageObject\",\"inLanguage\":\"es-CO\",\"@id\":\"https:\/\/www.fiscalia.gov.co\/colombia\/#\/schema\/person\/image\/\",\"url\":\"https:\/\/secure.gravatar.com\/avatar\/b6356e21c5657c60757fe6fb9493e947?s=96&d=mm&r=g\",\"contentUrl\":\"https:\/\/secure.gravatar.com\/avatar\/b6356e21c5657c60757fe6fb9493e947?s=96&d=mm&r=g\",\"caption\":\"dfgordillo\"},\"sameAs\":[\"dfgordillo\"],\"url\":\"https:\/\/www.fiscalia.gov.co\/colombia\/author\/dfgordillo\/\"}]}<\/script>\n<!-- \/ Yoast SEO plugin. -->","yoast_head_json":{"title":"Fiscal\u00eda General de la Naci\u00f3n","description":"P\u00e1gina oficial de la Fiscal\u00eda General de la Naci\u00f3n \u2013 Colombia. Garantizamos el acceso efectivo a la justicia, la verdad y la reparaci\u00f3n de las v\u00edctimas de los delitos.","robots":{"index":"noindex","follow":"follow"},"og_locale":"es_ES","og_type":"article","og_title":"Fiscal\u00eda General de la Naci\u00f3n","og_description":"P\u00e1gina oficial de la Fiscal\u00eda General de la Naci\u00f3n \u2013 Colombia. Garantizamos el acceso efectivo a la justicia, la verdad y la reparaci\u00f3n de las v\u00edctimas de los delitos.","og_url":"https:\/\/www.fiscalia.gov.co\/colombia\/aviso\/fgn-mocoa-inv-002-2017\/","og_site_name":"Fiscal\u00eda General de la Naci\u00f3n","article_publisher":"https:\/\/www.facebook.com\/FiscaliaCol","article_published_time":"2017-03-08T23:04:15+00:00","article_modified_time":"2017-03-22T14:59:52+00:00","author":"dfgordillo","twitter_card":"summary_large_image","twitter_creator":"@FiscaliaCol","twitter_site":"@FiscaliaCol","twitter_misc":{"Escrito por":"dfgordillo","Tiempo de lectura":"1 minuto"},"schema":{"@context":"https:\/\/schema.org","@graph":[{"@type":"Article","@id":"https:\/\/www.fiscalia.gov.co\/colombia\/aviso\/fgn-mocoa-inv-002-2017\/#article","isPartOf":{"@id":"https:\/\/www.fiscalia.gov.co\/colombia\/aviso\/fgn-mocoa-inv-002-2017\/"},"author":{"name":"dfgordillo","@id":"https:\/\/www.fiscalia.gov.co\/colombia\/#\/schema\/person\/3903856a3ce2d54b094c69eb29247895"},"headline":"FGN-MOCOA- INV.002-2017 &#8220;MANTENIMIENTO PREVENTIVO Y CORRECTIVO DE AIRES ACONDICIONADOS&#8221;","datePublished":"2017-03-08T23:04:15+00:00","dateModified":"2017-03-22T14:59:52+00:00","mainEntityOfPage":{"@id":"https:\/\/www.fiscalia.gov.co\/colombia\/aviso\/fgn-mocoa-inv-002-2017\/"},"wordCount":182,"publisher":{"@id":"https:\/\/www.fiscalia.gov.co\/colombia\/#organization"},"articleSection":["Procesos","Procesos Mocoa"],"inLanguage":"es-CO"},{"@type":"WebPage","@id":"https:\/\/www.fiscalia.gov.co\/colombia\/aviso\/fgn-mocoa-inv-002-2017\/","url":"https:\/\/www.fiscalia.gov.co\/colombia\/aviso\/fgn-mocoa-inv-002-2017\/","name":"Fiscal\u00eda General de la Naci\u00f3n","isPartOf":{"@id":"https:\/\/www.fiscalia.gov.co\/colombia\/#website"},"datePublished":"2017-03-08T23:04:15+00:00","dateModified":"2017-03-22T14:59:52+00:00","description":"P\u00e1gina oficial de la Fiscal\u00eda General de la Naci\u00f3n \u2013 Colombia. Garantizamos el acceso efectivo a la justicia, la verdad y la reparaci\u00f3n de las v\u00edctimas de los delitos.","breadcrumb":{"@id":"https:\/\/www.fiscalia.gov.co\/colombia\/aviso\/fgn-mocoa-inv-002-2017\/#breadcrumb"},"inLanguage":"es-CO","potentialAction":[{"@type":"ReadAction","target":["https:\/\/www.fiscalia.gov.co\/colombia\/aviso\/fgn-mocoa-inv-002-2017\/"]}]},{"@type":"BreadcrumbList","@id":"https:\/\/www.fiscalia.gov.co\/colombia\/aviso\/fgn-mocoa-inv-002-2017\/#breadcrumb","itemListElement":[{"@type":"ListItem","position":1,"name":"Home","item":"https:\/\/www.fiscalia.gov.co\/colombia\/"},{"@type":"ListItem","position":2,"name":"FGN-MOCOA- INV.002-2017 &#8220;MANTENIMIENTO PREVENTIVO Y CORRECTIVO DE AIRES ACONDICIONADOS&#8221;"}]},{"@type":"WebSite","@id":"https:\/\/www.fiscalia.gov.co\/colombia\/#website","url":"https:\/\/www.fiscalia.gov.co\/colombia\/","name":"Fiscal\u00eda General de la Naci\u00f3n","description":"P\u00e1gina oficial de la Fiscal\u00eda General de la Naci\u00f3n \u2013 Colombia. Garantizamos el acceso efectivo a la justicia, la verdad y la reparaci\u00f3n de las v\u00edctimas de los delitos.","publisher":{"@id":"https:\/\/www.fiscalia.gov.co\/colombia\/#organization"},"potentialAction":[{"@type":"SearchAction","target":{"@type":"EntryPoint","urlTemplate":"https:\/\/www.fiscalia.gov.co\/colombia\/?s={search_term_string}"},"query-input":{"@type":"PropertyValueSpecification","valueRequired":true,"valueName":"search_term_string"}}],"inLanguage":"es-CO"},{"@type":"Organization","@id":"https:\/\/www.fiscalia.gov.co\/colombia\/#organization","name":"Fiscal\u00eda General de la Naci\u00f3n","url":"https:\/\/www.fiscalia.gov.co\/colombia\/","logo":{"@type":"ImageObject","inLanguage":"es-CO","@id":"https:\/\/www.fiscalia.gov.co\/colombia\/#\/schema\/logo\/image\/","url":"https:\/\/www.fiscalia.gov.co\/colombia\/wp-content\/uploads\/LogoHorizontal_1.jpg","contentUrl":"https:\/\/www.fiscalia.gov.co\/colombia\/wp-content\/uploads\/LogoHorizontal_1.jpg","width":300,"height":90,"caption":"Fiscal\u00eda General de la Naci\u00f3n"},"image":{"@id":"https:\/\/www.fiscalia.gov.co\/colombia\/#\/schema\/logo\/image\/"},"sameAs":["https:\/\/www.facebook.com\/FiscaliaCol","https:\/\/x.com\/FiscaliaCol","https:\/\/www.instagram.com\/fiscaliacol","https:\/\/www.linkedin.com\/company\/fiscalia-general-de-la-naci-n\/","https:\/\/youtube.com\/@fiscaliageneraldelanacion-4668?si=6nN79nyQICPU5iTh"]},{"@type":"Person","@id":"https:\/\/www.fiscalia.gov.co\/colombia\/#\/schema\/person\/3903856a3ce2d54b094c69eb29247895","name":"dfgordillo","image":{"@type":"ImageObject","inLanguage":"es-CO","@id":"https:\/\/www.fiscalia.gov.co\/colombia\/#\/schema\/person\/image\/","url":"https:\/\/secure.gravatar.com\/avatar\/b6356e21c5657c60757fe6fb9493e947?s=96&d=mm&r=g","contentUrl":"https:\/\/secure.gravatar.com\/avatar\/b6356e21c5657c60757fe6fb9493e947?s=96&d=mm&r=g","caption":"dfgordillo"},"sameAs":["dfgordillo"],"url":"https:\/\/www.fiscalia.gov.co\/colombia\/author\/dfgordillo\/"}]}},"_links":{"self":[{"href":"https:\/\/www.fiscalia.gov.co\/colombia\/wp-json\/wp\/v2\/posts\/101692","targetHints":{"allow":["GET"]}}],"collection":[{"href":"https:\/\/www.fiscalia.gov.co\/colombia\/wp-json\/wp\/v2\/posts"}],"about":[{"href":"https:\/\/www.fiscalia.gov.co\/colombia\/wp-json\/wp\/v2\/types\/post"}],"author":[{"embeddable":true,"href":"https:\/\/www.fiscalia.gov.co\/colombia\/wp-json\/wp\/v2\/users\/143"}],"replies":[{"embeddable":true,"href":"https:\/\/www.fiscalia.gov.co\/colombia\/wp-json\/wp\/v2\/comments?post=101692"}],"version-history":[{"count":6,"href":"https:\/\/www.fiscalia.gov.co\/colombia\/wp-json\/wp\/v2\/posts\/101692\/revisions"}],"predecessor-version":[{"id":102891,"href":"https:\/\/www.fiscalia.gov.co\/colombia\/wp-json\/wp\/v2\/posts\/101692\/revisions\/102891"}],"wp:attachment":[{"href":"https:\/\/www.fiscalia.gov.co\/colombia\/wp-json\/wp\/v2\/media?parent=101692"}],"wp:term":[{"taxonomy":"category","embeddable":true,"href":"https:\/\/www.fiscalia.gov.co\/colombia\/wp-json\/wp\/v2\/categories?post=101692"},{"taxonomy":"post_tag","embeddable":true,"href":"https:\/\/www.fiscalia.gov.co\/colombia\/wp-json\/wp\/v2\/tags?post=101692"}],"curies":[{"name":"wp","href":"https:\/\/api.w.org\/{rel}","templated":true}]}}