{"id":101239,"date":"2017-03-03T17:18:17","date_gmt":"2017-03-03T22:18:17","guid":{"rendered":"http:\/\/www.fiscalia.gov.co\/colombia\/?p=101239"},"modified":"2017-03-03T17:18:17","modified_gmt":"2017-03-03T22:18:17","slug":"120-capturados-y-11-organizaciones-criminales-desmanteladas-por-trafico-de-estupefacientes-en-la-ultima-semana","status":"publish","type":"post","link":"https:\/\/www.fiscalia.gov.co\/colombia\/seccionales\/120-capturados-y-11-organizaciones-criminales-desmanteladas-por-trafico-de-estupefacientes-en-la-ultima-semana\/","title":{"rendered":"120 capturados y 11 organizaciones criminales desmanteladas por tr\u00e1fico de estupefacientes en la \u00faltima semana"},"content":{"rendered":"<p><em><span style=\"text-decoration: underline;\">Fiscal\u00eda adelant\u00f3 operativos en 18 departamentos del pa\u00eds<\/span><\/em><\/p>\n<p>Durante la \u00faltima semana la Fiscal\u00eda general de la Naci\u00f3n logr\u00f3 la captura de 120 presuntos delincuentes dedicados al tr\u00e1fico de estupefacientes en el pa\u00eds.<\/p>\n<p>Entre los capturados se encuentran posibles integrantes de 11 bandas delincuenciales con presencia en varias zonas del territorio colombiano.<\/p>\n<p>Antioquia con 44 detenidos, fue el departamento que registro la mayor cantidad de capturados por actos delincuenciales relacionados con el tr\u00e1fico de estupefacientes en la \u00faltima semana, seguido de Santander con 15, Tolima y Magdalena con 14 respectivamente.<\/p>\n<p>Los operativos se llevaron a cabo en 18 departamentos del pa\u00eds as\u00ed:<\/p>\n<p><strong><span style=\"text-decoration: underline;\">Bogot\u00e1<\/span><\/strong><\/p>\n<p>Un duro golpe propin\u00f3 la Fiscal\u00eda con apoyo del Ej\u00e9rcito Nacional, con la captura en flagrancia de alias el Diablo, presunto integrante de la banda delincuencial Los Sayayines, por el delito de tr\u00e1fico, fabricaci\u00f3n y porte de estupefacientes.<\/p>\n<p>Asimismo se incautaron 270 papeletas de coca\u00edna, 92 bolsas pl\u00e1sticas transparentes tambi\u00e9n con coca\u00edna, 25 cigarrillos artesanales de marihuana y dinero en efectivo.<\/p>\n<p>Durante otro operativo adelantado por el CTI, se realiz\u00f3 la diligencia de allanamiento en tres inmuebles ubicados en el barrio Los Tres Reyes, de la localidad de Ciudad Bol\u00edvar, donde capturaron a 3 personas, por el mismo delito<\/p>\n<p>En la diligencia se incautaron dos tel\u00e9fonos celulares, varias c\u00e1psulas con coca\u00edna, y 8 bolsas de marihuana.<\/p>\n<p>&nbsp;<\/p>\n<p><strong><span style=\"text-decoration: underline;\">Antioquia<\/span><\/strong><\/p>\n<p>En uno de los operativos m\u00e1s significativos de la semana, la Fiscal\u00eda logr\u00f3 la captura de 40 presuntos integrantes de la banda delincuencial Las Vegas, entre ellos dos menores de edad.<\/p>\n<p>Esta organizaci\u00f3n estar\u00eda al servicio del Clan del Golfo, responsable del microtr\u00e1fico y vinculada en cerca de 17 homicidios ocurridos, en el municipio de Cisneros (Antioquia).<\/p>\n<p>Entre las capturas realizadas, se destaca la de alias el Mocho, presunto cabecilla de dicha estructura, as\u00ed como la de alias F\u00e9lix, al parecer jefe de sicarios.<\/p>\n<p>De acuerdo con la investigaci\u00f3n esta organizaci\u00f3n generaba ingresos anuales del orden de 2.160 millones de pesos producto de la venta de estupefacientes, y de 1.320 millones de pesos, producto de la extorsi\u00f3n.<\/p>\n<p>En el mismo procedimiento, se ocuparon 5 inmuebles de propiedad de integrantes de la banda con fines de extinci\u00f3n del derecho de dominio. Los procesados deber\u00e1n responder por los delitos de concierto para delinquir agravado en concurso con homicidio agravado y tr\u00e1fico, fabricaci\u00f3n o porte de estupefacientes.<\/p>\n<p>En otro operativo contra el microtr\u00e1fico liderado por el CTI de la Fiscal\u00eda con\u00a0 apoyo del Ej\u00e9rcito, se realizaron diligencias de allanamiento y registro donde encontraron una gran cantidad de estupefacientes y material para su procesamiento y envoltura.<\/p>\n<p>Dentro de lo incautado se lograron obtener 70 bolsas pl\u00e1sticas con marihuana, 1.736 cigarrillos de marihuana, 326 blunts, 368 bolsas con coca\u00edna, 5 tarros de Popper y los libros de contabilidad.<\/p>\n<p>Adem\u00e1s fueron halladas 3 caletas ubicadas en la v\u00eda p\u00fablica. Al parecer, el material incautado es de propiedad del combo delincuencial La 24, con injerencia en la Comuna 16 de Medell\u00edn.<\/p>\n<p>De otro lado en el barrio Castilla capturaron a dos personas por tr\u00e1fico de estupefacientes. En desarrollo del procedimiento les fueron incautadas sustancias estupefacientes como marihuana, perico y bazuco; dinero en efectivo, una m\u00e1quina para la fabricaci\u00f3n de cigarrillos, manuscritos y bolsas pl\u00e1sticas peque\u00f1as transparentes.<\/p>\n<p>Finalmente en este departamento se logr\u00f3 la destrucci\u00f3n de un laboratorio y se capturaron personas en flagrancia por tr\u00e1fico de sustancias sicoactivas, en Segovia (Antioquia).<\/p>\n<p>A los capturados se les incautaron dos canecas de guarapo de 55 galones, once canecas de gasolina de 55 galones, una caneca con amoniaco de aproximadamente 20 galones, tres paquetes o envolturas con 3.500 gramos de permanganato, cinco bultos de cal, dos bultos de amoniaco de aproximadamente 60 kilos, un bulto de soda caustica y dos galones de \u00e1cido sulf\u00farico.<\/p>\n<p><strong><span style=\"text-decoration: underline;\">Huila<\/span><\/strong><\/p>\n<p>Tres personas fueron capturadas en flagrancia por el delito de tr\u00e1fico, fabricaci\u00f3n y porte de estupefacientes, al ser<strong> <\/strong>se\u00f1aladas como presuntas responsables de la comercializaci\u00f3n de sustancias sicoactivas en el municipio de Garz\u00f3n (Huila), utilizando las viviendas para la distribuci\u00f3n en peque\u00f1as cantidades, tambi\u00e9n entregadas a domicilio en colegios y casas.<\/p>\n<p>En el procedimiento fueron incautados 268.5 gramos de bazuco, 825.09 gramos de marihuana, 2 grameras y 500 mil pesos en billetes de diferentes denominaciones.<\/p>\n<p>En otro caso, capturaron a un hombre, al que le hallaron 20 cigarrillos, en forma cil\u00edndrica de color blanco, que en su interior conten\u00edan una sustancia vegetal de color versada, que por su olor y caracter\u00edsticas se asemejan a la marihuana y dinero en efectivo por $250.000.<\/p>\n<p>Durante otra diligencia, la Fiscal\u00eda logr\u00f3 desarticular la<strong> <\/strong>organizaci\u00f3n delincuencial El Bogot\u00e1, al capturar a dos hombres y un menor de edad presuntos integrantes de la misma.<\/p>\n<p>Dentro del operativo<strong> <\/strong>se incautaron ocho dosis de marihuana, y 168 mil pesos en efectivo.<\/p>\n<p>Asimismo se logr\u00f3 desmantelar a otra organizaci\u00f3n delincuencial dedicada al tr\u00e1fico de estupefacientes. En este caso se trata de Los Huevo.<\/p>\n<p>En esta diligencia fueron capturados un adulto y dos menores de edad, a quienes se les incautaron 22 gramos de marihuana y 10 gramos de base de coca, y una bolsa con bazuco.<\/p>\n<p>Otra de las organizaciones desarticuladas en este departamento fue Los Nacho. En el operativo contra esta estructura se captur\u00f3 a tres personas en diligencias de registro y allanamiento realizadas a viviendas ubicadas en inmediaciones de los barrios Gal\u00e1n, Villa Patricia y Ventilador comuna 6, 7 y 8 de Neiva.<\/p>\n<p><strong><span style=\"text-decoration: underline;\">Santander<\/span><\/strong><\/p>\n<p>Fue capturado alias Jhon Rabonero, presunto delincuente del norte de Bucaramanga, quien al parecer lidera varios expendios de microtr\u00e1fico, en el sector de Bavaria II, asentamiento humano Puente Nari\u00f1o, Caf\u00e9 Madrid y el municipio de Gir\u00f3n.<\/p>\n<p>De acuerdo con la investigaci\u00f3n Jhon Rabonero, tiene detenci\u00f3n domiciliaria por el delito de tr\u00e1fico, fabricaci\u00f3n o porte de estupefacientes. Pese a la sanci\u00f3n impuesta, este segu\u00eda delinquiendo en el negocio il\u00edcito del microtr\u00e1fico, enfrent\u00e1ndose a otros grupos delincuenciales por el control territorial, lo que ha gener\u00f3 en la ciudad varios homicidios.<\/p>\n<p><strong><span style=\"text-decoration: underline;\">Tolima<\/span><\/strong><\/p>\n<p>La Fiscal\u00eda desarticul\u00f3 la organizaci\u00f3n delincuencial El Patr\u00f3n, dedicada al narcotr\u00e1fico,<strong> <\/strong>al lograr la captura de alias Tito G\u00f3mez, presunto cabecilla y quien tendr\u00eda su actuar delincuencial en el municipio de El Espinal, en v\u00eda p\u00fablica en el sector del Pueblito Espinaluno.<\/p>\n<p>En otra diligencia se impact\u00f3 el<strong> <\/strong>grupo delincuencial Los Trompas por narcotr\u00e1fico. Durante actividades de allanamiento y registro se hallaron 13 bolsas con cierre herm\u00e9tico que conten\u00edan 72.5 gramos de cannabis y sus derivados. Tambi\u00e9n se incaut\u00f3 sustancia pulverulenta, color beige, que arroj\u00f3\u00a0 9.4 gramos, positivo para coca\u00edna y sus derivados. Asimismo se capturaron tres personas.<\/p>\n<p>En este departamento tambi\u00e9n fue impactada la organizaci\u00f3n delincuencial El Amparo, luego de un trabajo investigativo de m\u00e1s de dos a\u00f1os, donde se realizaron interceptaciones de comunicaciones telef\u00f3nicas, labores de verificaci\u00f3n, vigilancia y seguimiento de personas, inspecciones judiciales a procesos, an\u00e1lisis link telef\u00f3nico, b\u00fasquedas selectivas en base de datos y otros sucesos investigativos.<\/p>\n<p>En las diligencias se logr\u00f3 la captura de 8 presuntos integrantes de la banda mencionada. Asimismo se incaut\u00f3 dinero en efectivo y material de suministro de estupefaciente.<\/p>\n<p>Durante otras diligencias en este departamento fueron capturados dos hombres m\u00e1s por el delito de tr\u00e1fico fabricaci\u00f3n o porte de estupefacientes, por encontr\u00e1rseles en su poder diferentes estupefacientes.<\/p>\n<p><strong><span style=\"text-decoration: underline;\">Magdalena<\/span><\/strong><\/p>\n<p>Fue desarticulada la banda delincuencial Los Galanes, dedicada a la venta de estupefacientes en los barrios comunales de El Silencio, Las Mercedes,\u00a0Villa Rosa y Villa Mar\u00eda en el municipio de Plato.<\/p>\n<p>En operativo fueron capturados 14 personas a quienes se les incautaron 2 motos,\u00a021 cartuchos 7-65, un proveedor para el mismo, 2 cartuchos 9 mm, 4 celulares, sustancias alucin\u00f3genas correspondientes a\u00a0200 gramos de coca\u00edna, 250 gramos de base, y 180 gramos bazuco.<\/p>\n<p>De otro lado se destruy\u00f3 un laboratorio<strong> <\/strong>artesanal para el procesamiento de coca\u00edna y<strong> <\/strong>una hect\u00e1rea de cultivos de coca, pertenecientes al grupo delincuencial Los Pachenca. Los investigadores, hallaron 20 galones de gasolina mesclada con hoja de coca, 189 bultos de urea, 3 bultos de cal de 40 kg, 1 fumigadora, 1 gramera, 2 calderos, una caneca pl\u00e1stica de 55 galones vac\u00eda, 3 canecas pl\u00e1sticas de 55 galones vac\u00eda, que eran utilizados para el procesamiento de pasta base de coca.<\/p>\n<p><strong><span style=\"text-decoration: underline;\">Valle del Cauca<\/span><\/strong><\/p>\n<p>El CTI de Cali hizo efectiva las \u00f3rdenes de captura emanadas por el Juzgado 21 Penal Municipal con funciones de control de garant\u00edas de Cali contra Fabio Valencia Rodr\u00edguez, por los delitos de concierto para delinquir con fines de narcotr\u00e1fico, tr\u00e1fico, fabricaci\u00f3n o porte de estupefacientes.<\/p>\n<p>En las audiencias preliminares se legaliz\u00f3 la captura, y la Fiscal\u00eda imput\u00f3 los cargos antes mencionados, los cuales no fueron aceptados por el capturado. El togado impuso medida de aseguramiento preventiva en su lugar de residencia.<\/p>\n<p>De acuerdo con las investigaciones, el detenido era transportador al servicio de la organizaci\u00f3n criminal El Budas, la cual fue desmantelada el 14 de febrero del a\u00f1o en curso, con la captura de 26 de sus supuestos integrantes, quienes se encuentran con medida de aseguramiento.<\/p>\n<p><strong><span style=\"text-decoration: underline;\">Risaralda<\/span><\/strong><\/p>\n<p>Fue capturado un hombre condenado por tr\u00e1fico fabricaci\u00f3n o porte de estupefacientes.<strong> <\/strong>El procesado purgar\u00e1 la pena por hechos ocurridos en mayo de 2010 en la Avenida del R\u00edo de la ciudad de Pereira, cuando fue capturado en una diligencia de allanamiento y registro a un inmueble que era destinado al almacenamiento de sustancias estupefacientes.<\/p>\n<p>&nbsp;<\/p>\n<p>En otras diligencias se efectu\u00f3 la captura en flagrancia de una mujer. Asimismo se incautaron m\u00e1s de 100 cigarrillos de estupefaciente.<\/p>\n<p>Mediante el operativo se allan\u00f3 adem\u00e1s, un puesto de dulces callejero que atend\u00eda la mujer capturada, en el que se encontraron 18 cigarrillos listos para la distribuci\u00f3n y venta.<\/p>\n<p><strong><span style=\"text-decoration: underline;\">Nari\u00f1o<\/span><\/strong><\/p>\n<p>Servidores del CTI capturaron a un se\u00f1or para que cumpliera sentencia condenatoria correspondiente a 141 meses de prisi\u00f3n, sin que le sea concedido ning\u00fan tipo de beneficio, por los hechos ocurridos el d\u00eda 24 de abril de 2010, cuando registraron su veh\u00edculo tipo cami\u00f3n y encontraron camuflados en las paredes varios paquetes de estupefacientes envueltos.<\/p>\n<p><strong><span style=\"text-decoration: underline;\">Quind\u00edo<\/span><\/strong><\/p>\n<p>Solicitado por el juzgado primero de ejecuci\u00f3n de penas y medidas de seguridad de Armenia, por el delito de tr\u00e1fico, fabricaci\u00f3n y\/o porte de estupefacientes, fue capturado un hombre en la capital quindiana.<\/p>\n<p>Asimismo otro fue capturado en el municipio de Calarc\u00e1, al ser solicitado por el juzgado \u00fanico penal del circuito de esa ciudad, por los mismos delitos.<\/p>\n<p>En otras diligencias, realizadas en este departamento, se efectu\u00f3 la captura de alias el Mueco, implicado en tr\u00e1fico de estupefacientes. De acuerdo con las investigaciones, al parecer ser\u00eda integrante de la estructura criminal Los Shaggy.<\/p>\n<p><strong><span style=\"text-decoration: underline;\">San Andr\u00e9s Islas<\/span><\/strong><\/p>\n<p>La Fiscal\u00eda realiz\u00f3 la incautaci\u00f3n de alcaloide en el Muelle Sociedad Portuaria de San Andr\u00e9s Islas. En la diligencia se obtuvieron 15 paquetes en forma rectangular que arrojaron positivo para coca\u00edna y sus derivados, seg\u00fan prueba preliminar de PIPH practicada por los investigadores del CTI.<\/p>\n<p>El estupefaciente fue descubierto en una caja dentro de uno de los contenedores de la embarcaci\u00f3n Darya I, la cual se hallaba atracada en las instalaciones del muelle. El peso neto del material incautado es de 14.136 gramos.<\/p>\n<p><strong><span style=\"text-decoration: underline;\">Bol\u00edvar<\/span><\/strong><\/p>\n<p>Se efectu\u00f3 la captura por el delito de tr\u00e1fico, fabricaci\u00f3n y porte de estupefacientes, contra una se\u00f1ora quien se encontraba requerida por el juez quinto penal del circuito, para cumplimiento de condena<\/p>\n<p><strong><span style=\"text-decoration: underline;\">Arauca<\/span><\/strong><\/p>\n<p>&nbsp;<\/p>\n<p>Dos hombres (ciudadano venezolano y uno colombiano) y un menor de edad fueron detenidos, se\u00f1alados de tr\u00e1fico de estupefacientes.<strong> <\/strong>La diligencia se llev\u00f3 a cabo en el municipio de Arauca.<\/p>\n<p><strong><span style=\"text-decoration: underline;\">Choc\u00f3<\/span><\/strong><\/p>\n<p>Un capturado por el delito de tr\u00e1fico, fabricaci\u00f3n y porte de estupefacientes fue el resultado de un operativo efectuado por servidores de la Subdirecci\u00f3n Seccional CTI, en el municipio de Quibd\u00f3 (Choc\u00f3).<\/p>\n<p><strong><span style=\"text-decoration: underline;\">Guaviare<\/span><\/strong><\/p>\n<p>&nbsp;<\/p>\n<p>Se llev\u00f3 a cabo la destrucci\u00f3n de dos laboratorios de estupefacientes y la incautaci\u00f3n de 104 kg de coca\u00edna, en zona rural del municipio El Retorno (Guaviare).<\/p>\n<p>De acuerdo con las investigaciones uno de los laboratorios estar\u00eda conformado por 9 estructuras, dormitorios, cocina, pista principal con gusano de 12 huecos, marciano, compresor, ba\u00f1o, zona de secado con 37 hornos microondas, una temoladira, prensa hidr\u00e1ulica, 11 marquillas, 1622 galones de acetona, 75 galones de \u00e1cido clorh\u00eddrico, 5 de sulf\u00farico, 5 de amoniaco, 325 kl de cloruro de calcio, 100 kilos de bisulfito, 1 tonelada de v\u00edveres y 240 galones de acpm.<\/p>\n<p>El segundo laboratorio contar\u00eda con 9 estructuras, dormitorios, cocina, ba\u00f1os, caldera, pista principal, \u00e1rea de secado de herramientas y planta el\u00e9ctrica industrial, 8100 litros de solventes, 37 litros de \u00e1cido clorh\u00eddrico, 50 kilos de soda c\u00e1ustica, 100 kilos de carb\u00f3n activado, 75 de permanganato de potasio, 50 kilos de metabisulfito s\u00f3dico, 81 kilos de clorhidrato de coca\u00edna s\u00f3lida, 23 kilos de clorhidrato de coca\u00edna en proceso de soluci\u00f3n, para un total de 104 kilos, prensa hidr\u00e1ulica, 1 temoladira, 7 hornos microondas, 2 filtradoras, gusano de 14 orificios, 1 compresor.<\/p>\n<p><strong><span style=\"text-decoration: underline;\">Boyac\u00e1<\/span><\/strong><\/p>\n<p>En<strong> <\/strong>Villa de Leyva efectuaron la captura en flagrancia un hombre, por el delito de tr\u00e1fico, fabricaci\u00f3n o porte de estupefacientes, al encontrarle 28.6 gramos de coca\u00edna, 100 bolsas pl\u00e1sticas con cierre herm\u00e9tico y una gramera color azul con gris.<\/p>\n<p><strong><span style=\"text-decoration: underline;\">Caquet\u00e1<\/span><\/strong><\/p>\n<p>Se logr\u00f3 la captura por el delito de extorsi\u00f3n tr\u00e1fico, fabricaci\u00f3n o porte de estupefacientes contra una se\u00f1ora en el barrio la Vega del municipio de Florencia (Caquet\u00e1).<\/p>\n<p><strong><span style=\"text-decoration: underline;\">Norte de Santander<\/span><\/strong><\/p>\n<p>Unidades del CTI de Oca\u00f1a materializaron la captura de un hombre, por el delito de tr\u00e1fico, fabricaci\u00f3n o porte de estupefacientes, luego de recibir la orden judicial emanada por el Juzgado Tercero de Ejecuci\u00f3n de Penas y Medidas de Seguridad, con el prop\u00f3sito de cumplir condena.<\/p>\n<p>&nbsp;<\/p>\n<p>LMH\/DLBM<\/p>\n\n<div class=\"twitter-share\"><a href=\"https:\/\/twitter.com\/intent\/tweet?via=fiscaliacol\" class=\"twitter-share-button\">Tweet<\/a><\/div>\n","protected":false},"excerpt":{"rendered":"<p>Fiscal\u00eda adelant\u00f3 operativos en 18 departamentos del pa\u00eds Durante la \u00faltima semana la Fiscal\u00eda general de la Naci\u00f3n logr\u00f3 la captura de 120 presuntos delincuentes dedicados al tr\u00e1fico de estupefacientes en el pa\u00eds. Entre los capturados se encuentran posibles integrantes de 11 bandas delincuenciales con presencia en varias zonas del territorio colombiano. Antioquia con 44 [&hellip;]<\/p>\n","protected":false},"author":143,"featured_media":0,"comment_status":"closed","ping_status":"open","sticky":false,"template":"","format":"standard","meta":{"_price":"","_stock":"","_tribe_ticket_header":"","_tribe_default_ticket_provider":"","_tribe_ticket_capacity":"0","_ticket_start_date":"","_ticket_end_date":"","_tribe_ticket_show_description":"","_tribe_ticket_show_not_going":false,"_tribe_ticket_use_global_stock":"","_tribe_ticket_global_stock_level":"","_global_stock_mode":"","_global_stock_cap":"","_tribe_rsvp_for_event":"","_tribe_ticket_going_count":"","_tribe_ticket_not_going_count":"","_tribe_tickets_list":"[]","_tribe_ticket_has_attendee_info_fields":false,"tdm_status":"","tdm_grid_status":"","footnotes":""},"categories":[321,303],"tags":[11101],"class_list":{"0":"post-101239","1":"post","2":"type-post","3":"status-publish","4":"format-standard","6":"category-seccional-bogota","7":"category-seccionales","8":"tag-seguridad-ciudadana"},"yoast_head":"<!-- This site is optimized with the Yoast SEO plugin v24.3 - https:\/\/yoast.com\/wordpress\/plugins\/seo\/ -->\n<title>Fiscal\u00eda General de la Naci\u00f3n<\/title>\n<meta name=\"description\" content=\"P\u00e1gina oficial de la Fiscal\u00eda General de la Naci\u00f3n \u2013 Colombia. Garantizamos el acceso efectivo a la justicia, la verdad y la reparaci\u00f3n de las v\u00edctimas de los delitos.\" \/>\n<meta name=\"robots\" content=\"noindex, follow\" \/>\n<meta property=\"og:locale\" content=\"es_ES\" \/>\n<meta property=\"og:type\" content=\"article\" \/>\n<meta property=\"og:title\" content=\"Fiscal\u00eda General de la Naci\u00f3n\" \/>\n<meta property=\"og:description\" content=\"P\u00e1gina oficial de la Fiscal\u00eda General de la Naci\u00f3n \u2013 Colombia. Garantizamos el acceso efectivo a la justicia, la verdad y la reparaci\u00f3n de las v\u00edctimas de los delitos.\" \/>\n<meta property=\"og:url\" content=\"https:\/\/www.fiscalia.gov.co\/colombia\/seccionales\/120-capturados-y-11-organizaciones-criminales-desmanteladas-por-trafico-de-estupefacientes-en-la-ultima-semana\/\" \/>\n<meta property=\"og:site_name\" content=\"Fiscal\u00eda General de la Naci\u00f3n\" \/>\n<meta property=\"article:publisher\" content=\"https:\/\/www.facebook.com\/FiscaliaCol\" \/>\n<meta property=\"article:published_time\" content=\"2017-03-03T22:18:17+00:00\" \/>\n<meta name=\"author\" content=\"dfgordillo\" \/>\n<meta name=\"twitter:card\" content=\"summary_large_image\" \/>\n<meta name=\"twitter:creator\" content=\"@FiscaliaCol\" \/>\n<meta name=\"twitter:site\" content=\"@FiscaliaCol\" \/>\n<meta name=\"twitter:label1\" content=\"Escrito por\" \/>\n\t<meta name=\"twitter:data1\" content=\"dfgordillo\" \/>\n\t<meta name=\"twitter:label2\" content=\"Tiempo de lectura\" \/>\n\t<meta name=\"twitter:data2\" content=\"12 minutos\" \/>\n<script type=\"application\/ld+json\" class=\"yoast-schema-graph\">{\"@context\":\"https:\/\/schema.org\",\"@graph\":[{\"@type\":\"Article\",\"@id\":\"https:\/\/www.fiscalia.gov.co\/colombia\/seccionales\/120-capturados-y-11-organizaciones-criminales-desmanteladas-por-trafico-de-estupefacientes-en-la-ultima-semana\/#article\",\"isPartOf\":{\"@id\":\"https:\/\/www.fiscalia.gov.co\/colombia\/seccionales\/120-capturados-y-11-organizaciones-criminales-desmanteladas-por-trafico-de-estupefacientes-en-la-ultima-semana\/\"},\"author\":{\"name\":\"dfgordillo\",\"@id\":\"https:\/\/www.fiscalia.gov.co\/colombia\/#\/schema\/person\/3903856a3ce2d54b094c69eb29247895\"},\"headline\":\"120 capturados y 11 organizaciones criminales desmanteladas por tr\u00e1fico de estupefacientes en la \u00faltima semana\",\"datePublished\":\"2017-03-03T22:18:17+00:00\",\"dateModified\":\"2017-03-03T22:18:17+00:00\",\"mainEntityOfPage\":{\"@id\":\"https:\/\/www.fiscalia.gov.co\/colombia\/seccionales\/120-capturados-y-11-organizaciones-criminales-desmanteladas-por-trafico-de-estupefacientes-en-la-ultima-semana\/\"},\"wordCount\":2321,\"publisher\":{\"@id\":\"https:\/\/www.fiscalia.gov.co\/colombia\/#organization\"},\"keywords\":[\"Seguridad ciudadana\"],\"articleSection\":[\"Seccional Bogot\u00e1\",\"Seccionales\"],\"inLanguage\":\"es-CO\"},{\"@type\":\"WebPage\",\"@id\":\"https:\/\/www.fiscalia.gov.co\/colombia\/seccionales\/120-capturados-y-11-organizaciones-criminales-desmanteladas-por-trafico-de-estupefacientes-en-la-ultima-semana\/\",\"url\":\"https:\/\/www.fiscalia.gov.co\/colombia\/seccionales\/120-capturados-y-11-organizaciones-criminales-desmanteladas-por-trafico-de-estupefacientes-en-la-ultima-semana\/\",\"name\":\"Fiscal\u00eda General de la Naci\u00f3n\",\"isPartOf\":{\"@id\":\"https:\/\/www.fiscalia.gov.co\/colombia\/#website\"},\"datePublished\":\"2017-03-03T22:18:17+00:00\",\"dateModified\":\"2017-03-03T22:18:17+00:00\",\"description\":\"P\u00e1gina oficial de la Fiscal\u00eda General de la Naci\u00f3n \u2013 Colombia. Garantizamos el acceso efectivo a la justicia, la verdad y la reparaci\u00f3n de las v\u00edctimas de los delitos.\",\"breadcrumb\":{\"@id\":\"https:\/\/www.fiscalia.gov.co\/colombia\/seccionales\/120-capturados-y-11-organizaciones-criminales-desmanteladas-por-trafico-de-estupefacientes-en-la-ultima-semana\/#breadcrumb\"},\"inLanguage\":\"es-CO\",\"potentialAction\":[{\"@type\":\"ReadAction\",\"target\":[\"https:\/\/www.fiscalia.gov.co\/colombia\/seccionales\/120-capturados-y-11-organizaciones-criminales-desmanteladas-por-trafico-de-estupefacientes-en-la-ultima-semana\/\"]}]},{\"@type\":\"BreadcrumbList\",\"@id\":\"https:\/\/www.fiscalia.gov.co\/colombia\/seccionales\/120-capturados-y-11-organizaciones-criminales-desmanteladas-por-trafico-de-estupefacientes-en-la-ultima-semana\/#breadcrumb\",\"itemListElement\":[{\"@type\":\"ListItem\",\"position\":1,\"name\":\"Home\",\"item\":\"https:\/\/www.fiscalia.gov.co\/colombia\/\"},{\"@type\":\"ListItem\",\"position\":2,\"name\":\"120 capturados y 11 organizaciones criminales desmanteladas por tr\u00e1fico de estupefacientes en la \u00faltima semana\"}]},{\"@type\":\"WebSite\",\"@id\":\"https:\/\/www.fiscalia.gov.co\/colombia\/#website\",\"url\":\"https:\/\/www.fiscalia.gov.co\/colombia\/\",\"name\":\"Fiscal\u00eda General de la Naci\u00f3n\",\"description\":\"P\u00e1gina oficial de la Fiscal\u00eda General de la Naci\u00f3n \u2013 Colombia. Garantizamos el acceso efectivo a la justicia, la verdad y la reparaci\u00f3n de las v\u00edctimas de los delitos.\",\"publisher\":{\"@id\":\"https:\/\/www.fiscalia.gov.co\/colombia\/#organization\"},\"potentialAction\":[{\"@type\":\"SearchAction\",\"target\":{\"@type\":\"EntryPoint\",\"urlTemplate\":\"https:\/\/www.fiscalia.gov.co\/colombia\/?s={search_term_string}\"},\"query-input\":{\"@type\":\"PropertyValueSpecification\",\"valueRequired\":true,\"valueName\":\"search_term_string\"}}],\"inLanguage\":\"es-CO\"},{\"@type\":\"Organization\",\"@id\":\"https:\/\/www.fiscalia.gov.co\/colombia\/#organization\",\"name\":\"Fiscal\u00eda General de la Naci\u00f3n\",\"url\":\"https:\/\/www.fiscalia.gov.co\/colombia\/\",\"logo\":{\"@type\":\"ImageObject\",\"inLanguage\":\"es-CO\",\"@id\":\"https:\/\/www.fiscalia.gov.co\/colombia\/#\/schema\/logo\/image\/\",\"url\":\"https:\/\/www.fiscalia.gov.co\/colombia\/wp-content\/uploads\/LogoHorizontal_1.jpg\",\"contentUrl\":\"https:\/\/www.fiscalia.gov.co\/colombia\/wp-content\/uploads\/LogoHorizontal_1.jpg\",\"width\":300,\"height\":90,\"caption\":\"Fiscal\u00eda General de la Naci\u00f3n\"},\"image\":{\"@id\":\"https:\/\/www.fiscalia.gov.co\/colombia\/#\/schema\/logo\/image\/\"},\"sameAs\":[\"https:\/\/www.facebook.com\/FiscaliaCol\",\"https:\/\/x.com\/FiscaliaCol\",\"https:\/\/www.instagram.com\/fiscaliacol\",\"https:\/\/www.linkedin.com\/company\/fiscalia-general-de-la-naci-n\/\",\"https:\/\/youtube.com\/@fiscaliageneraldelanacion-4668?si=6nN79nyQICPU5iTh\"]},{\"@type\":\"Person\",\"@id\":\"https:\/\/www.fiscalia.gov.co\/colombia\/#\/schema\/person\/3903856a3ce2d54b094c69eb29247895\",\"name\":\"dfgordillo\",\"image\":{\"@type\":\"ImageObject\",\"inLanguage\":\"es-CO\",\"@id\":\"https:\/\/www.fiscalia.gov.co\/colombia\/#\/schema\/person\/image\/\",\"url\":\"https:\/\/secure.gravatar.com\/avatar\/b6356e21c5657c60757fe6fb9493e947?s=96&d=mm&r=g\",\"contentUrl\":\"https:\/\/secure.gravatar.com\/avatar\/b6356e21c5657c60757fe6fb9493e947?s=96&d=mm&r=g\",\"caption\":\"dfgordillo\"},\"sameAs\":[\"dfgordillo\"],\"url\":\"https:\/\/www.fiscalia.gov.co\/colombia\/author\/dfgordillo\/\"}]}<\/script>\n<!-- \/ Yoast SEO plugin. -->","yoast_head_json":{"title":"Fiscal\u00eda General de la Naci\u00f3n","description":"P\u00e1gina oficial de la Fiscal\u00eda General de la Naci\u00f3n \u2013 Colombia. Garantizamos el acceso efectivo a la justicia, la verdad y la reparaci\u00f3n de las v\u00edctimas de los delitos.","robots":{"index":"noindex","follow":"follow"},"og_locale":"es_ES","og_type":"article","og_title":"Fiscal\u00eda General de la Naci\u00f3n","og_description":"P\u00e1gina oficial de la Fiscal\u00eda General de la Naci\u00f3n \u2013 Colombia. Garantizamos el acceso efectivo a la justicia, la verdad y la reparaci\u00f3n de las v\u00edctimas de los delitos.","og_url":"https:\/\/www.fiscalia.gov.co\/colombia\/seccionales\/120-capturados-y-11-organizaciones-criminales-desmanteladas-por-trafico-de-estupefacientes-en-la-ultima-semana\/","og_site_name":"Fiscal\u00eda General de la Naci\u00f3n","article_publisher":"https:\/\/www.facebook.com\/FiscaliaCol","article_published_time":"2017-03-03T22:18:17+00:00","author":"dfgordillo","twitter_card":"summary_large_image","twitter_creator":"@FiscaliaCol","twitter_site":"@FiscaliaCol","twitter_misc":{"Escrito por":"dfgordillo","Tiempo de lectura":"12 minutos"},"schema":{"@context":"https:\/\/schema.org","@graph":[{"@type":"Article","@id":"https:\/\/www.fiscalia.gov.co\/colombia\/seccionales\/120-capturados-y-11-organizaciones-criminales-desmanteladas-por-trafico-de-estupefacientes-en-la-ultima-semana\/#article","isPartOf":{"@id":"https:\/\/www.fiscalia.gov.co\/colombia\/seccionales\/120-capturados-y-11-organizaciones-criminales-desmanteladas-por-trafico-de-estupefacientes-en-la-ultima-semana\/"},"author":{"name":"dfgordillo","@id":"https:\/\/www.fiscalia.gov.co\/colombia\/#\/schema\/person\/3903856a3ce2d54b094c69eb29247895"},"headline":"120 capturados y 11 organizaciones criminales desmanteladas por tr\u00e1fico de estupefacientes en la \u00faltima semana","datePublished":"2017-03-03T22:18:17+00:00","dateModified":"2017-03-03T22:18:17+00:00","mainEntityOfPage":{"@id":"https:\/\/www.fiscalia.gov.co\/colombia\/seccionales\/120-capturados-y-11-organizaciones-criminales-desmanteladas-por-trafico-de-estupefacientes-en-la-ultima-semana\/"},"wordCount":2321,"publisher":{"@id":"https:\/\/www.fiscalia.gov.co\/colombia\/#organization"},"keywords":["Seguridad ciudadana"],"articleSection":["Seccional Bogot\u00e1","Seccionales"],"inLanguage":"es-CO"},{"@type":"WebPage","@id":"https:\/\/www.fiscalia.gov.co\/colombia\/seccionales\/120-capturados-y-11-organizaciones-criminales-desmanteladas-por-trafico-de-estupefacientes-en-la-ultima-semana\/","url":"https:\/\/www.fiscalia.gov.co\/colombia\/seccionales\/120-capturados-y-11-organizaciones-criminales-desmanteladas-por-trafico-de-estupefacientes-en-la-ultima-semana\/","name":"Fiscal\u00eda General de la Naci\u00f3n","isPartOf":{"@id":"https:\/\/www.fiscalia.gov.co\/colombia\/#website"},"datePublished":"2017-03-03T22:18:17+00:00","dateModified":"2017-03-03T22:18:17+00:00","description":"P\u00e1gina oficial de la Fiscal\u00eda General de la Naci\u00f3n \u2013 Colombia. Garantizamos el acceso efectivo a la justicia, la verdad y la reparaci\u00f3n de las v\u00edctimas de los delitos.","breadcrumb":{"@id":"https:\/\/www.fiscalia.gov.co\/colombia\/seccionales\/120-capturados-y-11-organizaciones-criminales-desmanteladas-por-trafico-de-estupefacientes-en-la-ultima-semana\/#breadcrumb"},"inLanguage":"es-CO","potentialAction":[{"@type":"ReadAction","target":["https:\/\/www.fiscalia.gov.co\/colombia\/seccionales\/120-capturados-y-11-organizaciones-criminales-desmanteladas-por-trafico-de-estupefacientes-en-la-ultima-semana\/"]}]},{"@type":"BreadcrumbList","@id":"https:\/\/www.fiscalia.gov.co\/colombia\/seccionales\/120-capturados-y-11-organizaciones-criminales-desmanteladas-por-trafico-de-estupefacientes-en-la-ultima-semana\/#breadcrumb","itemListElement":[{"@type":"ListItem","position":1,"name":"Home","item":"https:\/\/www.fiscalia.gov.co\/colombia\/"},{"@type":"ListItem","position":2,"name":"120 capturados y 11 organizaciones criminales desmanteladas por tr\u00e1fico de estupefacientes en la \u00faltima semana"}]},{"@type":"WebSite","@id":"https:\/\/www.fiscalia.gov.co\/colombia\/#website","url":"https:\/\/www.fiscalia.gov.co\/colombia\/","name":"Fiscal\u00eda General de la Naci\u00f3n","description":"P\u00e1gina oficial de la Fiscal\u00eda General de la Naci\u00f3n \u2013 Colombia. Garantizamos el acceso efectivo a la justicia, la verdad y la reparaci\u00f3n de las v\u00edctimas de los delitos.","publisher":{"@id":"https:\/\/www.fiscalia.gov.co\/colombia\/#organization"},"potentialAction":[{"@type":"SearchAction","target":{"@type":"EntryPoint","urlTemplate":"https:\/\/www.fiscalia.gov.co\/colombia\/?s={search_term_string}"},"query-input":{"@type":"PropertyValueSpecification","valueRequired":true,"valueName":"search_term_string"}}],"inLanguage":"es-CO"},{"@type":"Organization","@id":"https:\/\/www.fiscalia.gov.co\/colombia\/#organization","name":"Fiscal\u00eda General de la Naci\u00f3n","url":"https:\/\/www.fiscalia.gov.co\/colombia\/","logo":{"@type":"ImageObject","inLanguage":"es-CO","@id":"https:\/\/www.fiscalia.gov.co\/colombia\/#\/schema\/logo\/image\/","url":"https:\/\/www.fiscalia.gov.co\/colombia\/wp-content\/uploads\/LogoHorizontal_1.jpg","contentUrl":"https:\/\/www.fiscalia.gov.co\/colombia\/wp-content\/uploads\/LogoHorizontal_1.jpg","width":300,"height":90,"caption":"Fiscal\u00eda General de la Naci\u00f3n"},"image":{"@id":"https:\/\/www.fiscalia.gov.co\/colombia\/#\/schema\/logo\/image\/"},"sameAs":["https:\/\/www.facebook.com\/FiscaliaCol","https:\/\/x.com\/FiscaliaCol","https:\/\/www.instagram.com\/fiscaliacol","https:\/\/www.linkedin.com\/company\/fiscalia-general-de-la-naci-n\/","https:\/\/youtube.com\/@fiscaliageneraldelanacion-4668?si=6nN79nyQICPU5iTh"]},{"@type":"Person","@id":"https:\/\/www.fiscalia.gov.co\/colombia\/#\/schema\/person\/3903856a3ce2d54b094c69eb29247895","name":"dfgordillo","image":{"@type":"ImageObject","inLanguage":"es-CO","@id":"https:\/\/www.fiscalia.gov.co\/colombia\/#\/schema\/person\/image\/","url":"https:\/\/secure.gravatar.com\/avatar\/b6356e21c5657c60757fe6fb9493e947?s=96&d=mm&r=g","contentUrl":"https:\/\/secure.gravatar.com\/avatar\/b6356e21c5657c60757fe6fb9493e947?s=96&d=mm&r=g","caption":"dfgordillo"},"sameAs":["dfgordillo"],"url":"https:\/\/www.fiscalia.gov.co\/colombia\/author\/dfgordillo\/"}]}},"_links":{"self":[{"href":"https:\/\/www.fiscalia.gov.co\/colombia\/wp-json\/wp\/v2\/posts\/101239","targetHints":{"allow":["GET"]}}],"collection":[{"href":"https:\/\/www.fiscalia.gov.co\/colombia\/wp-json\/wp\/v2\/posts"}],"about":[{"href":"https:\/\/www.fiscalia.gov.co\/colombia\/wp-json\/wp\/v2\/types\/post"}],"author":[{"embeddable":true,"href":"https:\/\/www.fiscalia.gov.co\/colombia\/wp-json\/wp\/v2\/users\/143"}],"replies":[{"embeddable":true,"href":"https:\/\/www.fiscalia.gov.co\/colombia\/wp-json\/wp\/v2\/comments?post=101239"}],"version-history":[{"count":2,"href":"https:\/\/www.fiscalia.gov.co\/colombia\/wp-json\/wp\/v2\/posts\/101239\/revisions"}],"predecessor-version":[{"id":101242,"href":"https:\/\/www.fiscalia.gov.co\/colombia\/wp-json\/wp\/v2\/posts\/101239\/revisions\/101242"}],"wp:attachment":[{"href":"https:\/\/www.fiscalia.gov.co\/colombia\/wp-json\/wp\/v2\/media?parent=101239"}],"wp:term":[{"taxonomy":"category","embeddable":true,"href":"https:\/\/www.fiscalia.gov.co\/colombia\/wp-json\/wp\/v2\/categories?post=101239"},{"taxonomy":"post_tag","embeddable":true,"href":"https:\/\/www.fiscalia.gov.co\/colombia\/wp-json\/wp\/v2\/tags?post=101239"}],"curies":[{"name":"wp","href":"https:\/\/api.w.org\/{rel}","templated":true}]}}